{"id":218399,"date":"2024-12-17T13:53:00","date_gmt":"2024-12-17T13:53:00","guid":{"rendered":"https:\/\/www.webdo.tn\/fr\/blog\/2024\/12\/17\/14-ans-apres-la-mere-de-bouazizi-souhaite-revenir-en-tunisie\/"},"modified":"2025-05-20T22:21:05","modified_gmt":"2025-05-20T22:21:05","slug":"14-ans-apres-la-mere-de-bouazizi-souhaite-revenir-en-tunisie","status":"publish","type":"post","link":"https:\/\/www.webdo.tn\/fr\/actualite\/national\/14-ans-apres-la-mere-de-bouazizi-souhaite-revenir-en-tunisie\/218399\/","title":{"rendered":"14 ans apr\u00e8s, la m\u00e8re de Bouazizi souhaite revenir en Tunisie"},"content":{"rendered":"<p>Salem Bouazizi, fr\u00e8re de Mohamed Bouazizi, le jeune homme qui s&rsquo;est immol\u00e9 par le feu le 17 d\u00e9cembre 2010 dans le gouvernorat de Sidi Bouzid, a accord\u00e9 un entretien \u00e0 Al-Araby al-Jadid publi\u00e9 ce 17 d\u00e9cembre.<\/p>\n<p>Il a affirm\u00e9 que \u00ab sa m\u00e8re, actuellement r\u00e9sidant au Canada avec sa s\u0153ur, esp\u00e8re retourner en Tunisie apr\u00e8s 14 ans d&rsquo;absence \u00bb. Il a ajout\u00e9 qu&rsquo;elle \u00ab suit de pr\u00e8s la situation en Tunisie et esp\u00e8re visiter la tombe de son fils, d\u00e9c\u00e9d\u00e9 des suites de ses graves br\u00fblures le 4 janvier 2011, en signe de protestation contre l&rsquo;injustice et la marginalisation \u00bb.<\/p>\n<p>Bouazizi a \u00e9galement indiqu\u00e9 qu&rsquo;il \u00ab est en contact permanent avec sa m\u00e8re et que, contrairement aux rumeurs, ses conditions de vie au Canada sont modestes. Elle souhaite visiter la Tunisie, mais malheureusement, de nombreuses rumeurs malveillantes ont nui \u00e0 la famille \u00bb.\u00a0<\/p>\n<p>Il a pr\u00e9cis\u00e9 que \u00ab 14 ans apr\u00e8s, plus personne ne se souvient de Bouazizi. Malgr\u00e9 toutes ces ann\u00e9es, la famille conserve de nombreux souvenirs, dont sa charrette, qui se trouve toujours dans son village natal, dans la maison de son grand-p\u00e8re, dans la r\u00e9gion de Lassouda, dans le gouvernorat de Sidi Bouzid \u00bb.\u00a0<\/p>\n<p>Bouazizi a soulign\u00e9 que \u00ab le 17 d\u00e9cembre 2010, apr\u00e8s que Mohamed Bouazizi s&rsquo;est immol\u00e9 par le feu, son \u00e9pouse a \u00e9t\u00e9 surprise par l&rsquo;accouchement, alors que ce n&rsquo;\u00e9tait pas encore le terme. Peut-\u00eatre en raison du choc, elle a donn\u00e9 naissance \u00e0 un enfant qu\u2019il a nomm\u00e9 Omar, et cela, le m\u00eame jour o\u00f9 son fr\u00e8re a \u00e9t\u00e9 transport\u00e9 \u00e0 l\u2019h\u00f4pital \u00bb. Il a confirm\u00e9 que \u00ab son fils a maintenant 14 ans et qu&rsquo;il est n\u00e9 le jour m\u00eame de la r\u00e9volution \u00bb.<\/p>\n<p>Il a expliqu\u00e9 que \u00ab la situation \u00e0 Sidi Bouzid n\u2019a pas chang\u00e9 : aucun d\u00e9veloppement n&rsquo;a \u00e9t\u00e9 r\u00e9alis\u00e9 et le ch\u00f4mage persiste \u00bb. Il a soulign\u00e9 que \u00ab la Tunisie est entr\u00e9e dans des tiraillements politiques et qu\u2019on n\u2019a pas pris en consid\u00e9ration les causes ayant conduit \u00e0 la r\u00e9volution \u00bb.\u00a0<\/p>\n<p>Et d&rsquo;ajouter\u00a0que \u00ab les pr\u00e9occupations des jeunes n&rsquo;ont trouv\u00e9 aucune oreille attentive, et les promesses s\u00e9rieuses et sinc\u00e8res font d\u00e9faut, ce qui pousse beaucoup \u00e0 ressentir du d\u00e9sarroi, en particulier les bless\u00e9s de la r\u00e9volution. Ils sont les hommes libres de ce pays, ceux qui ont pay\u00e9 un lourd tribut pour la Tunisie, mais leur situation n\u2019a pas chang\u00e9 et beaucoup d\u2019entre eux souffrent \u00bb.<\/p>\n","protected":false},"excerpt":{"rendered":"<p>Il a affirm\u00e9 que \u00ab sa m\u00e8re, actuellement r\u00e9sidant au Canada avec sa s\u0153ur, esp\u00e8re retourner en Tunisie apr\u00e8s 14 ans d&rsquo;absence \u00bb. Il a ajout\u00e9 qu&rsquo;elle \u00ab suit de pr&#8230;<\/p>\n","protected":false},"author":3163,"featured_media":243386,"comment_status":"open","ping_status":"open","sticky":false,"template":"","format":"standard","meta":{"footnotes":""},"categories":[44],"tags":[4598,4696,4697,2608],"class_list":["post-218399","post","type-post","status-publish","format-standard","has-post-thumbnail","hentry","category-national","tag-canada","tag-mere","tag-mohamed-bouazizi","tag-tunisie"],"yoast_head":"<!-- This site is optimized with the Yoast SEO Premium plugin v27.5 (Yoast SEO v27.5) - https:\/\/yoast.com\/product\/yoast-seo-premium-wordpress\/ -->\n<title>14 ans apr\u00e8s, la m\u00e8re de Bouazizi souhaite revenir en Tunisie<\/title>\n<meta name=\"description\" content=\"Il a affirm\u00e9 que \u00ab sa m\u00e8re, actuellement r\u00e9sidant au Canada avec sa s\u0153ur, esp\u00e8re retourner en Tunisie apr\u00e8s 14 ans d&#039;absence \u00bb. Il a ajout\u00e9 qu&#039;elle \u00ab suit de pr...\" \/>\n<link rel=\"canonical\" href=\"https:\/\/www.webdo.tn\/fr\/actualite\/national\/14-ans-apres-la-mere-de-bouazizi-souhaite-revenir-en-tunisie\/218399\/\" \/>\n<meta property=\"og:locale\" content=\"fr_FR\" \/>\n<meta property=\"og:type\" content=\"article\" \/>\n<meta property=\"og:title\" content=\"14 ans apr\u00e8s, la m\u00e8re de Bouazizi souhaite revenir en Tunisie\" \/>\n<meta property=\"og:description\" content=\"Il a affirm\u00e9 que \u00ab sa m\u00e8re, actuellement r\u00e9sidant au Canada avec sa s\u0153ur, esp\u00e8re retourner en Tunisie apr\u00e8s 14 ans d&#039;absence \u00bb. Il a ajout\u00e9 qu&#039;elle \u00ab suit de pr...\" \/>\n<meta property=\"og:url\" content=\"https:\/\/www.webdo.tn\/fr\/actualite\/national\/14-ans-apres-la-mere-de-bouazizi-souhaite-revenir-en-tunisie\/218399\/\" \/>\n<meta property=\"og:site_name\" content=\"webdo\" \/>\n<meta property=\"article:publisher\" content=\"https:\/\/www.facebook.com\/webdotn\" \/>\n<meta property=\"article:published_time\" content=\"2024-12-17T13:53:00+00:00\" \/>\n<meta property=\"article:modified_time\" content=\"2025-05-20T22:21:05+00:00\" \/>\n<meta property=\"og:image\" content=\"https:\/\/www.webdo.tn\/fr\/wp-content\/uploads\/2025\/05\/e4aa4c1c96aa022c0fab93c9d32f1edf-2.webp\" \/>\n\t<meta property=\"og:image:width\" content=\"700\" \/>\n\t<meta property=\"og:image:height\" content=\"373\" \/>\n\t<meta property=\"og:image:type\" content=\"image\/webp\" \/>\n<meta name=\"author\" content=\"KJ\" \/>\n<meta name=\"twitter:card\" content=\"summary_large_image\" \/>\n<meta name=\"twitter:creator\" content=\"@webdo_tn\" \/>\n<meta name=\"twitter:site\" content=\"@webdo_tn\" \/>\n<meta name=\"twitter:label1\" content=\"\u00c9crit par\" \/>\n\t<meta name=\"twitter:data1\" content=\"KJ\" \/>\n\t<meta name=\"twitter:label2\" content=\"Dur\u00e9e de lecture estim\u00e9e\" \/>\n\t<meta name=\"twitter:data2\" content=\"2 minutes\" \/>\n<script type=\"application\/ld+json\" class=\"yoast-schema-graph\">{\"@context\":\"https:\\\/\\\/schema.org\",\"@graph\":[{\"@type\":\"NewsArticle\",\"@id\":\"https:\\\/\\\/www.webdo.tn\\\/fr\\\/actualite\\\/national\\\/14-ans-apres-la-mere-de-bouazizi-souhaite-revenir-en-tunisie\\\/218399\\\/#article\",\"isPartOf\":{\"@id\":\"https:\\\/\\\/www.webdo.tn\\\/fr\\\/actualite\\\/national\\\/14-ans-apres-la-mere-de-bouazizi-souhaite-revenir-en-tunisie\\\/218399\\\/\"},\"author\":{\"name\":\"KJ\",\"@id\":\"https:\\\/\\\/www.webdo.tn\\\/fr\\\/#\\\/schema\\\/person\\\/82ca085b22037d285e1a3c4b65ba5f71\"},\"headline\":\"14 ans apr\u00e8s, la m\u00e8re de Bouazizi souhaite revenir en Tunisie\",\"datePublished\":\"2024-12-17T13:53:00+00:00\",\"dateModified\":\"2025-05-20T22:21:05+00:00\",\"mainEntityOfPage\":{\"@id\":\"https:\\\/\\\/www.webdo.tn\\\/fr\\\/actualite\\\/national\\\/14-ans-apres-la-mere-de-bouazizi-souhaite-revenir-en-tunisie\\\/218399\\\/\"},\"wordCount\":435,\"commentCount\":0,\"publisher\":{\"@id\":\"https:\\\/\\\/www.webdo.tn\\\/fr\\\/#organization\"},\"image\":{\"@id\":\"https:\\\/\\\/www.webdo.tn\\\/fr\\\/actualite\\\/national\\\/14-ans-apres-la-mere-de-bouazizi-souhaite-revenir-en-tunisie\\\/218399\\\/#primaryimage\"},\"thumbnailUrl\":\"https:\\\/\\\/www.webdo.tn\\\/fr\\\/wp-content\\\/uploads\\\/2025\\\/05\\\/e4aa4c1c96aa022c0fab93c9d32f1edf-2.webp\",\"keywords\":[\"canada\",\"Mere\",\"Mohamed Bouazizi\",\"Tunisie\"],\"articleSection\":[\"National\"],\"inLanguage\":\"fr-FR\"},{\"@type\":\"WebPage\",\"@id\":\"https:\\\/\\\/www.webdo.tn\\\/fr\\\/actualite\\\/national\\\/14-ans-apres-la-mere-de-bouazizi-souhaite-revenir-en-tunisie\\\/218399\\\/\",\"url\":\"https:\\\/\\\/www.webdo.tn\\\/fr\\\/actualite\\\/national\\\/14-ans-apres-la-mere-de-bouazizi-souhaite-revenir-en-tunisie\\\/218399\\\/\",\"name\":\"14 ans apr\u00e8s, la m\u00e8re de Bouazizi souhaite revenir en Tunisie\",\"isPartOf\":{\"@id\":\"https:\\\/\\\/www.webdo.tn\\\/fr\\\/#website\"},\"primaryImageOfPage\":{\"@id\":\"https:\\\/\\\/www.webdo.tn\\\/fr\\\/actualite\\\/national\\\/14-ans-apres-la-mere-de-bouazizi-souhaite-revenir-en-tunisie\\\/218399\\\/#primaryimage\"},\"image\":{\"@id\":\"https:\\\/\\\/www.webdo.tn\\\/fr\\\/actualite\\\/national\\\/14-ans-apres-la-mere-de-bouazizi-souhaite-revenir-en-tunisie\\\/218399\\\/#primaryimage\"},\"thumbnailUrl\":\"https:\\\/\\\/www.webdo.tn\\\/fr\\\/wp-content\\\/uploads\\\/2025\\\/05\\\/e4aa4c1c96aa022c0fab93c9d32f1edf-2.webp\",\"datePublished\":\"2024-12-17T13:53:00+00:00\",\"dateModified\":\"2025-05-20T22:21:05+00:00\",\"description\":\"Il a affirm\u00e9 que \u00ab sa m\u00e8re, actuellement r\u00e9sidant au Canada avec sa s\u0153ur, esp\u00e8re retourner en Tunisie apr\u00e8s 14 ans d'absence \u00bb. Il a ajout\u00e9 qu'elle \u00ab suit de pr...\",\"breadcrumb\":{\"@id\":\"https:\\\/\\\/www.webdo.tn\\\/fr\\\/actualite\\\/national\\\/14-ans-apres-la-mere-de-bouazizi-souhaite-revenir-en-tunisie\\\/218399\\\/#breadcrumb\"},\"inLanguage\":\"fr-FR\",\"potentialAction\":[{\"@type\":\"ReadAction\",\"target\":[\"https:\\\/\\\/www.webdo.tn\\\/fr\\\/actualite\\\/national\\\/14-ans-apres-la-mere-de-bouazizi-souhaite-revenir-en-tunisie\\\/218399\\\/\"]}]},{\"@type\":\"ImageObject\",\"inLanguage\":\"fr-FR\",\"@id\":\"https:\\\/\\\/www.webdo.tn\\\/fr\\\/actualite\\\/national\\\/14-ans-apres-la-mere-de-bouazizi-souhaite-revenir-en-tunisie\\\/218399\\\/#primaryimage\",\"url\":\"https:\\\/\\\/www.webdo.tn\\\/fr\\\/wp-content\\\/uploads\\\/2025\\\/05\\\/e4aa4c1c96aa022c0fab93c9d32f1edf-2.webp\",\"contentUrl\":\"https:\\\/\\\/www.webdo.tn\\\/fr\\\/wp-content\\\/uploads\\\/2025\\\/05\\\/e4aa4c1c96aa022c0fab93c9d32f1edf-2.webp\",\"width\":700,\"height\":373},{\"@type\":\"BreadcrumbList\",\"@id\":\"https:\\\/\\\/www.webdo.tn\\\/fr\\\/actualite\\\/national\\\/14-ans-apres-la-mere-de-bouazizi-souhaite-revenir-en-tunisie\\\/218399\\\/#breadcrumb\",\"itemListElement\":[{\"@type\":\"ListItem\",\"position\":1,\"name\":\"Accueil\",\"item\":\"https:\\\/\\\/www.webdo.tn\\\/fr\\\/\"},{\"@type\":\"ListItem\",\"position\":2,\"name\":\"14 ans apr\u00e8s, la m\u00e8re de Bouazizi souhaite revenir en Tunisie\"}]},{\"@type\":\"WebSite\",\"@id\":\"https:\\\/\\\/www.webdo.tn\\\/fr\\\/#website\",\"url\":\"https:\\\/\\\/www.webdo.tn\\\/fr\\\/\",\"name\":\"webdo\",\"description\":\"Tunisie - News en Tunisie et \u00e0 l&#039;international sur Webdo.tn\",\"publisher\":{\"@id\":\"https:\\\/\\\/www.webdo.tn\\\/fr\\\/#organization\"},\"potentialAction\":[{\"@type\":\"SearchAction\",\"target\":{\"@type\":\"EntryPoint\",\"urlTemplate\":\"https:\\\/\\\/www.webdo.tn\\\/fr\\\/?s={search_term_string}\"},\"query-input\":{\"@type\":\"PropertyValueSpecification\",\"valueRequired\":true,\"valueName\":\"search_term_string\"}}],\"inLanguage\":\"fr-FR\"},{\"@type\":\"Organization\",\"@id\":\"https:\\\/\\\/www.webdo.tn\\\/fr\\\/#organization\",\"name\":\"Webdo\",\"alternateName\":\"Webdo.tn\",\"url\":\"https:\\\/\\\/www.webdo.tn\\\/fr\\\/\",\"logo\":{\"@type\":\"ImageObject\",\"inLanguage\":\"fr-FR\",\"@id\":\"https:\\\/\\\/www.webdo.tn\\\/fr\\\/#\\\/schema\\\/logo\\\/image\\\/\",\"url\":\"https:\\\/\\\/www.webdo.tn\\\/fr\\\/wp-content\\\/uploads\\\/2025\\\/06\\\/Webdo-Tunisie_168377.jpg\",\"contentUrl\":\"https:\\\/\\\/www.webdo.tn\\\/fr\\\/wp-content\\\/uploads\\\/2025\\\/06\\\/Webdo-Tunisie_168377.jpg\",\"width\":301,\"height\":301,\"caption\":\"Webdo\"},\"image\":{\"@id\":\"https:\\\/\\\/www.webdo.tn\\\/fr\\\/#\\\/schema\\\/logo\\\/image\\\/\"},\"sameAs\":[\"https:\\\/\\\/www.facebook.com\\\/webdotn\",\"https:\\\/\\\/x.com\\\/webdo_tn\"],\"description\":\"Webdo est un m\u00e9dia num\u00e9rique tunisien fond\u00e9 en 2010, sp\u00e9cialis\u00e9 dans l\u2019actualit\u00e9 nationale et internationale, l\u2019\u00e9conomie, la soci\u00e9t\u00e9 et les analyses politiques. Le site s\u2019adresse \u00e0 un large public francophone et couvre l\u2019information tunisienne en temps r\u00e9el.\",\"email\":\"redac@webdo.tn\",\"legalName\":\"YNJ SARL\",\"foundingDate\":\"2010-09-06\",\"numberOfEmployees\":{\"@type\":\"QuantitativeValue\",\"minValue\":\"11\",\"maxValue\":\"50\"}},{\"@type\":\"Person\",\"@id\":\"https:\\\/\\\/www.webdo.tn\\\/fr\\\/#\\\/schema\\\/person\\\/82ca085b22037d285e1a3c4b65ba5f71\",\"name\":\"KJ\",\"image\":{\"@type\":\"ImageObject\",\"inLanguage\":\"fr-FR\",\"@id\":\"https:\\\/\\\/secure.gravatar.com\\\/avatar\\\/1a1320de1c1971c893f00068f760b4113d69504aa21273da17ee95650c5944fd?s=96&d=mm&r=g\",\"url\":\"https:\\\/\\\/secure.gravatar.com\\\/avatar\\\/1a1320de1c1971c893f00068f760b4113d69504aa21273da17ee95650c5944fd?s=96&d=mm&r=g\",\"contentUrl\":\"https:\\\/\\\/secure.gravatar.com\\\/avatar\\\/1a1320de1c1971c893f00068f760b4113d69504aa21273da17ee95650c5944fd?s=96&d=mm&r=g\",\"caption\":\"KJ\"},\"url\":\"https:\\\/\\\/www.webdo.tn\\\/fr\\\/actualite\\\/author\\\/kj\\\/\"}]}<\/script>\n<!-- \/ Yoast SEO Premium plugin. -->","yoast_head_json":{"title":"14 ans apr\u00e8s, la m\u00e8re de Bouazizi souhaite revenir en Tunisie","description":"Il a affirm\u00e9 que \u00ab sa m\u00e8re, actuellement r\u00e9sidant au Canada avec sa s\u0153ur, esp\u00e8re retourner en Tunisie apr\u00e8s 14 ans d'absence \u00bb. Il a ajout\u00e9 qu'elle \u00ab suit de pr...","canonical":"https:\/\/www.webdo.tn\/fr\/actualite\/national\/14-ans-apres-la-mere-de-bouazizi-souhaite-revenir-en-tunisie\/218399\/","og_locale":"fr_FR","og_type":"article","og_title":"14 ans apr\u00e8s, la m\u00e8re de Bouazizi souhaite revenir en Tunisie","og_description":"Il a affirm\u00e9 que \u00ab sa m\u00e8re, actuellement r\u00e9sidant au Canada avec sa s\u0153ur, esp\u00e8re retourner en Tunisie apr\u00e8s 14 ans d'absence \u00bb. Il a ajout\u00e9 qu'elle \u00ab suit de pr...","og_url":"https:\/\/www.webdo.tn\/fr\/actualite\/national\/14-ans-apres-la-mere-de-bouazizi-souhaite-revenir-en-tunisie\/218399\/","og_site_name":"webdo","article_publisher":"https:\/\/www.facebook.com\/webdotn","article_published_time":"2024-12-17T13:53:00+00:00","article_modified_time":"2025-05-20T22:21:05+00:00","og_image":[{"width":700,"height":373,"url":"https:\/\/www.webdo.tn\/fr\/wp-content\/uploads\/2025\/05\/e4aa4c1c96aa022c0fab93c9d32f1edf-2.webp","type":"image\/webp"}],"author":"KJ","twitter_card":"summary_large_image","twitter_creator":"@webdo_tn","twitter_site":"@webdo_tn","twitter_misc":{"\u00c9crit par":"KJ","Dur\u00e9e de lecture estim\u00e9e":"2 minutes"},"schema":{"@context":"https:\/\/schema.org","@graph":[{"@type":"NewsArticle","@id":"https:\/\/www.webdo.tn\/fr\/actualite\/national\/14-ans-apres-la-mere-de-bouazizi-souhaite-revenir-en-tunisie\/218399\/#article","isPartOf":{"@id":"https:\/\/www.webdo.tn\/fr\/actualite\/national\/14-ans-apres-la-mere-de-bouazizi-souhaite-revenir-en-tunisie\/218399\/"},"author":{"name":"KJ","@id":"https:\/\/www.webdo.tn\/fr\/#\/schema\/person\/82ca085b22037d285e1a3c4b65ba5f71"},"headline":"14 ans apr\u00e8s, la m\u00e8re de Bouazizi souhaite revenir en Tunisie","datePublished":"2024-12-17T13:53:00+00:00","dateModified":"2025-05-20T22:21:05+00:00","mainEntityOfPage":{"@id":"https:\/\/www.webdo.tn\/fr\/actualite\/national\/14-ans-apres-la-mere-de-bouazizi-souhaite-revenir-en-tunisie\/218399\/"},"wordCount":435,"commentCount":0,"publisher":{"@id":"https:\/\/www.webdo.tn\/fr\/#organization"},"image":{"@id":"https:\/\/www.webdo.tn\/fr\/actualite\/national\/14-ans-apres-la-mere-de-bouazizi-souhaite-revenir-en-tunisie\/218399\/#primaryimage"},"thumbnailUrl":"https:\/\/www.webdo.tn\/fr\/wp-content\/uploads\/2025\/05\/e4aa4c1c96aa022c0fab93c9d32f1edf-2.webp","keywords":["canada","Mere","Mohamed Bouazizi","Tunisie"],"articleSection":["National"],"inLanguage":"fr-FR"},{"@type":"WebPage","@id":"https:\/\/www.webdo.tn\/fr\/actualite\/national\/14-ans-apres-la-mere-de-bouazizi-souhaite-revenir-en-tunisie\/218399\/","url":"https:\/\/www.webdo.tn\/fr\/actualite\/national\/14-ans-apres-la-mere-de-bouazizi-souhaite-revenir-en-tunisie\/218399\/","name":"14 ans apr\u00e8s, la m\u00e8re de Bouazizi souhaite revenir en Tunisie","isPartOf":{"@id":"https:\/\/www.webdo.tn\/fr\/#website"},"primaryImageOfPage":{"@id":"https:\/\/www.webdo.tn\/fr\/actualite\/national\/14-ans-apres-la-mere-de-bouazizi-souhaite-revenir-en-tunisie\/218399\/#primaryimage"},"image":{"@id":"https:\/\/www.webdo.tn\/fr\/actualite\/national\/14-ans-apres-la-mere-de-bouazizi-souhaite-revenir-en-tunisie\/218399\/#primaryimage"},"thumbnailUrl":"https:\/\/www.webdo.tn\/fr\/wp-content\/uploads\/2025\/05\/e4aa4c1c96aa022c0fab93c9d32f1edf-2.webp","datePublished":"2024-12-17T13:53:00+00:00","dateModified":"2025-05-20T22:21:05+00:00","description":"Il a affirm\u00e9 que \u00ab sa m\u00e8re, actuellement r\u00e9sidant au Canada avec sa s\u0153ur, esp\u00e8re retourner en Tunisie apr\u00e8s 14 ans d'absence \u00bb. Il a ajout\u00e9 qu'elle \u00ab suit de pr...","breadcrumb":{"@id":"https:\/\/www.webdo.tn\/fr\/actualite\/national\/14-ans-apres-la-mere-de-bouazizi-souhaite-revenir-en-tunisie\/218399\/#breadcrumb"},"inLanguage":"fr-FR","potentialAction":[{"@type":"ReadAction","target":["https:\/\/www.webdo.tn\/fr\/actualite\/national\/14-ans-apres-la-mere-de-bouazizi-souhaite-revenir-en-tunisie\/218399\/"]}]},{"@type":"ImageObject","inLanguage":"fr-FR","@id":"https:\/\/www.webdo.tn\/fr\/actualite\/national\/14-ans-apres-la-mere-de-bouazizi-souhaite-revenir-en-tunisie\/218399\/#primaryimage","url":"https:\/\/www.webdo.tn\/fr\/wp-content\/uploads\/2025\/05\/e4aa4c1c96aa022c0fab93c9d32f1edf-2.webp","contentUrl":"https:\/\/www.webdo.tn\/fr\/wp-content\/uploads\/2025\/05\/e4aa4c1c96aa022c0fab93c9d32f1edf-2.webp","width":700,"height":373},{"@type":"BreadcrumbList","@id":"https:\/\/www.webdo.tn\/fr\/actualite\/national\/14-ans-apres-la-mere-de-bouazizi-souhaite-revenir-en-tunisie\/218399\/#breadcrumb","itemListElement":[{"@type":"ListItem","position":1,"name":"Accueil","item":"https:\/\/www.webdo.tn\/fr\/"},{"@type":"ListItem","position":2,"name":"14 ans apr\u00e8s, la m\u00e8re de Bouazizi souhaite revenir en Tunisie"}]},{"@type":"WebSite","@id":"https:\/\/www.webdo.tn\/fr\/#website","url":"https:\/\/www.webdo.tn\/fr\/","name":"webdo","description":"Tunisie - News en Tunisie et \u00e0 l&#039;international sur Webdo.tn","publisher":{"@id":"https:\/\/www.webdo.tn\/fr\/#organization"},"potentialAction":[{"@type":"SearchAction","target":{"@type":"EntryPoint","urlTemplate":"https:\/\/www.webdo.tn\/fr\/?s={search_term_string}"},"query-input":{"@type":"PropertyValueSpecification","valueRequired":true,"valueName":"search_term_string"}}],"inLanguage":"fr-FR"},{"@type":"Organization","@id":"https:\/\/www.webdo.tn\/fr\/#organization","name":"Webdo","alternateName":"Webdo.tn","url":"https:\/\/www.webdo.tn\/fr\/","logo":{"@type":"ImageObject","inLanguage":"fr-FR","@id":"https:\/\/www.webdo.tn\/fr\/#\/schema\/logo\/image\/","url":"https:\/\/www.webdo.tn\/fr\/wp-content\/uploads\/2025\/06\/Webdo-Tunisie_168377.jpg","contentUrl":"https:\/\/www.webdo.tn\/fr\/wp-content\/uploads\/2025\/06\/Webdo-Tunisie_168377.jpg","width":301,"height":301,"caption":"Webdo"},"image":{"@id":"https:\/\/www.webdo.tn\/fr\/#\/schema\/logo\/image\/"},"sameAs":["https:\/\/www.facebook.com\/webdotn","https:\/\/x.com\/webdo_tn"],"description":"Webdo est un m\u00e9dia num\u00e9rique tunisien fond\u00e9 en 2010, sp\u00e9cialis\u00e9 dans l\u2019actualit\u00e9 nationale et internationale, l\u2019\u00e9conomie, la soci\u00e9t\u00e9 et les analyses politiques. Le site s\u2019adresse \u00e0 un large public francophone et couvre l\u2019information tunisienne en temps r\u00e9el.","email":"redac@webdo.tn","legalName":"YNJ SARL","foundingDate":"2010-09-06","numberOfEmployees":{"@type":"QuantitativeValue","minValue":"11","maxValue":"50"}},{"@type":"Person","@id":"https:\/\/www.webdo.tn\/fr\/#\/schema\/person\/82ca085b22037d285e1a3c4b65ba5f71","name":"KJ","image":{"@type":"ImageObject","inLanguage":"fr-FR","@id":"https:\/\/secure.gravatar.com\/avatar\/1a1320de1c1971c893f00068f760b4113d69504aa21273da17ee95650c5944fd?s=96&d=mm&r=g","url":"https:\/\/secure.gravatar.com\/avatar\/1a1320de1c1971c893f00068f760b4113d69504aa21273da17ee95650c5944fd?s=96&d=mm&r=g","contentUrl":"https:\/\/secure.gravatar.com\/avatar\/1a1320de1c1971c893f00068f760b4113d69504aa21273da17ee95650c5944fd?s=96&d=mm&r=g","caption":"KJ"},"url":"https:\/\/www.webdo.tn\/fr\/actualite\/author\/kj\/"}]}},"_links":{"self":[{"href":"https:\/\/www.webdo.tn\/fr\/wp-json\/wp\/v2\/posts\/218399","targetHints":{"allow":["GET"]}}],"collection":[{"href":"https:\/\/www.webdo.tn\/fr\/wp-json\/wp\/v2\/posts"}],"about":[{"href":"https:\/\/www.webdo.tn\/fr\/wp-json\/wp\/v2\/types\/post"}],"author":[{"embeddable":true,"href":"https:\/\/www.webdo.tn\/fr\/wp-json\/wp\/v2\/users\/3163"}],"replies":[{"embeddable":true,"href":"https:\/\/www.webdo.tn\/fr\/wp-json\/wp\/v2\/comments?post=218399"}],"version-history":[{"count":0,"href":"https:\/\/www.webdo.tn\/fr\/wp-json\/wp\/v2\/posts\/218399\/revisions"}],"wp:featuredmedia":[{"embeddable":true,"href":"https:\/\/www.webdo.tn\/fr\/wp-json\/wp\/v2\/media\/243386"}],"wp:attachment":[{"href":"https:\/\/www.webdo.tn\/fr\/wp-json\/wp\/v2\/media?parent=218399"}],"wp:term":[{"taxonomy":"category","embeddable":true,"href":"https:\/\/www.webdo.tn\/fr\/wp-json\/wp\/v2\/categories?post=218399"},{"taxonomy":"post_tag","embeddable":true,"href":"https:\/\/www.webdo.tn\/fr\/wp-json\/wp\/v2\/tags?post=218399"}],"curies":[{"name":"wp","href":"https:\/\/api.w.org\/{rel}","templated":true}]}}