{"id":218394,"date":"2024-12-11T08:00:00","date_gmt":"2024-12-11T08:00:00","guid":{"rendered":"https:\/\/www.webdo.tn\/fr\/blog\/2024\/12\/11\/rsiff-2024-une-conversation-sincere-avec-benedict-cumberbatch\/"},"modified":"2025-05-21T08:55:12","modified_gmt":"2025-05-21T08:55:12","slug":"rsiff-2024-une-conversation-sincere-avec-benedict-cumberbatch","status":"publish","type":"post","link":"https:\/\/www.webdo.tn\/fr\/actualite\/culture\/rsiff-2024-une-conversation-sincere-avec-benedict-cumberbatch\/218394\/","title":{"rendered":"RSIFF 2024 \u2013 Une conversation sinc\u00e8re avec Benedict Cumberbatch"},"content":{"rendered":"<div class=\"single-body entry-content typography-copy\" itemprop=\"articleBody\">\n<p style=\"font-weight: bold; text-align: justify\">\n\t\t\t\t\t\t\t\t\tBenedict Cumberbatch, acteur britannique de renomm\u00e9e mondiale, a \u00e9t\u00e9 l&rsquo;un des invit\u00e9s d&rsquo;honneur de la 4\u1d49 \u00e9dition du Festival International du Film de la Mer Rouge (RSIFF 2024). Lors de cet \u00e9v\u00e9nement, l&rsquo;acteur a pris part \u00e0 une conversation avec le public, o\u00f9 il a parl\u00e9 de sa carri\u00e8re, de ses inspirations personnelles, de ses r\u00f4les les plus marquants, et de ses exp\u00e9riences de vie. Cet \u00e9change a \u00e9t\u00e9 l\u2019un des moments forts du festival, attirant une foule d\u2019une ampleur impressionnante. L\u2019Auditorium \u00e9tait comble, et l\u2019enthousiasme du public ne faisait aucun doute.\n\t\t\t\t\t\t\t\t<\/p>\n<div class=\"coprs\" style=\"text-align: center\"><\/div>\n<div class=\"coprs\" style=\"text-align: justify\">\n<h4><span><span><strong><span>Un public enthousiaste <\/span><\/strong><\/span><\/span><\/h4>\n<p><span>Avant son arriv\u00e9e sur sc\u00e8ne, une vid\u00e9o de pr\u00e9sentation a \u00e9t\u00e9 projet\u00e9e, montrant des extraits de ses films les plus embl\u00e9matiques, retra\u00e7ant ainsi l&rsquo;\u00e9tendue de son impressionnante carri\u00e8re. Le public attendait avec impatience de pouvoir enfin entendre l\u2019acteur, et lorsqu&rsquo;il est apparu sur sc\u00e8ne, il a \u00e9t\u00e9 accueilli par un tonnerre d&rsquo;applaudissements.<\/span><\/p>\n<h4><span><span><strong><span>Un salut en arabe et une atmosph\u00e8re chaleureuse<\/span><\/strong><\/span><\/span><\/h4>\n<p><span>D\u00e8s son entr\u00e9e, Benedict Cumberbatch a surpris et charm\u00e9 le public en saluant en arabe. Un geste simple, mais qui a imm\u00e9diatement instaur\u00e9 une connexion chaleureuse avec l\u2019audience locale. Cela a renforc\u00e9 l\u2019id\u00e9e que cet \u00e9change allait \u00eatre bien plus qu&rsquo;une simple interview : il s\u2019agissait d\u2019un moment d\u2019\u00e9change authentique, o\u00f9 l\u2019acteur \u00e9tait pr\u00eat \u00e0 partager des aspects plus personnels de sa vie et de sa carri\u00e8re.<\/span><\/p>\n<p>\u00a0<\/p>\n<p><img decoding=\"async\" alt=\"\" height=\"1200\" src=\"\/assets\/uploads\/images\/\/Neila\/RSIFF%202024%20Conversation%20Benedict%20Cumberbatch%205.jpg\" width=\"854\"><\/p>\n<p>\u00a0<\/p>\n<h4><span><span><strong><span>Les d\u00e9buts dans une famille d&rsquo;artistes et un r\u00eave d&rsquo;avocat<\/span><\/strong><\/span><\/span><\/h4>\n<p><span>L&rsquo;un des premiers sujets abord\u00e9s par Benedict Cumberbatch a \u00e9t\u00e9 son enfance. \u00c9lev\u00e9 dans une famille d&rsquo;artistes \u2014 ses deux parents \u00e9taient acteurs \u2014 il a r\u00e9v\u00e9l\u00e9 que, contre toute attente, ses parents ne l&rsquo;ont pas encourag\u00e9 \u00e0 suivre leurs traces. \u00ab\u00a0<em>Non, bien au contraire<\/em>,\u00a0\u00bb a-t-il affirm\u00e9. \u00ab\u00a0<em>C\u2019\u00e9tait difficile, pas de vacances, une vie pas structur\u00e9e. Ils voulaient pour moi une vie plus stable. Ils voulaient le meilleur pour mo<\/em>i.\u00a0\u00bb <\/span><\/p>\n<p><span>Il a toutefois pr\u00e9cis\u00e9 que, m\u00eame sans leur soutien direct pour une carri\u00e8re d&rsquo;acteur, il a grandi dans une maison \u00ab\u00a0<em>pleine d\u2019amour<\/em>\u00ab\u00a0, o\u00f9 l\u2019art, la musique, et la culture \u00e9taient omnipr\u00e9sents. \u00ab\u00a0<em>Nous \u00e9tions une famille de classe moyenne, mais nous \u00e9tions entour\u00e9s d&rsquo;art, de musiciens et de culture<\/em>\u00ab\u00a0, a-t-il expliqu\u00e9. \u00c0 un \u00e2ge pr\u00e9coce, Benedict r\u00eavait de devenir avocat, plus pr\u00e9cis\u00e9ment un p\u00e9naliste, fascin\u00e9 par le monde des crimes.<\/span><\/p>\n<p><span>Ce n&rsquo;est qu&rsquo;apr\u00e8s avoir m\u00fbri et pris du recul qu&rsquo;il a d\u00e9cid\u00e9 de se tourner vers le m\u00e9tier d\u2019acteur. \u00ab\u00a0<em>Je suis heureux aujourd\u2019hui de savoir qu\u2019ils sont fiers de moi. Sans eux, je n\u2019aurais pas pu commencer,\u00a0\u00bb<\/em> a-t-il soulign\u00e9 avec \u00e9motion.<\/span><\/p>\n<p>\u00a0<\/p>\n<p><img decoding=\"async\" alt=\"\" height=\"1080\" src=\"\/assets\/uploads\/images\/\/Neila\/RSIFF%202024%20Conversation%20Benedict%20Cumberbatch.jpg\" width=\"1080\"><\/p>\n<p>\u00a0<\/p>\n<h4><span><span><strong>Un adolescent effray\u00e9 sur les planches du th\u00e9\u00e2tre<\/strong><\/span><\/span><\/h4>\n<p><span>Benedict a \u00e9voqu\u00e9 ses premiers pas dans le th\u00e9\u00e2tre \u00e0 l&rsquo;\u00e2ge de 12 ans. \u00ab\u00a0<em>J\u2019\u00e9tais effray\u00e9,\u00a0\u00bb<\/em> a-t-il avou\u00e9 en parlant de sa premi\u00e8re exp\u00e9rience sc\u00e9nique. \u00ab\u00a0<em>C\u2019\u00e9tait \u00e0 l\u2019\u00e9cole. Nous r\u00e9p\u00e9tions pendant trois \u00e0 quatre mois, puis il y avait trois jours de repr\u00e9sentations<\/em>.\u00a0\u00bb L\u2019acteur a expliqu\u00e9 qu\u2019au d\u00e9but, la directrice de la pi\u00e8ce lui faisait de nombreuses remarques. \u00ab\u00a0<em>Elle nous poussait \u00e0 \u00eatre tr\u00e8s concentr\u00e9s, ce qui m\u2019a un peu effray\u00e9 au d\u00e9but. Mais les deuxi\u00e8me et troisi\u00e8me repr\u00e9sentations se sont mieux pass\u00e9es.<\/em>\u00ab\u00a0<\/span><\/p>\n<p><span>Il a mentionn\u00e9 qu\u2019il jouait \u00ab\u00a0<em>tous les r\u00f4les, tous les \u00e2ges<\/em>\u00a0\u00bb et m\u00eame \u00ab\u00a0<em>des r\u00f4les de sexes oppos\u00e9s<\/em>\u00ab\u00a0. \u00ab\u00a0<em>Imaginez un adolescent de 13 ans qui devait lire un texte ancien avec un accent contemporain, ou au contraire, un texte contemporain avec un accent d\u2019\u00e9poque<\/em>,\u00a0\u00bb a-t-il d\u00e9taill\u00e9. L\u2019\u00e9cole a jou\u00e9 un r\u00f4le d\u00e9terminant dans sa formation, l\u2019aidant \u00e0 d\u00e9velopper sa diction et son aisance sur sc\u00e8ne. Malgr\u00e9 cette initiation th\u00e9\u00e2trale pr\u00e9coce, il n&rsquo;a v\u00e9ritablement commenc\u00e9 sa carri\u00e8re professionnelle qu\u2019\u00e0 l\u2019\u00e2ge de 26 ans.<\/span><\/p>\n<p>\u00a0<\/p>\n<p><img decoding=\"async\" alt=\"\" height=\"1200\" src=\"\/assets\/uploads\/images\/\/Neila\/IMG_1409.jpeg\" width=\"1600\"><\/p>\n<p>\u00a0<\/p>\n<h4><span><span><strong><span>Un voyage en Inde, un tournant spirituel<\/span><\/strong><\/span><\/span><\/h4>\n<p><span>Avant de se lancer pleinement dans le m\u00e9tier d\u2019acteur, Benedict a pass\u00e9 six mois \u00e0 Darjeeling, en Inde, o\u00f9 il enseignait dans une maison tenue par un pr\u00eatre tib\u00e9tain. Il a donn\u00e9 des cours d\u2019anglais et d\u2019environnement \u00e0 des \u00e9l\u00e8ves de tous \u00e2ges, dans des classes souvent h\u00e9t\u00e9rog\u00e8nes. \u00ab <em>C\u2019\u00e9tait fascinant de voir des \u00e9l\u00e8ves de 12 ans apprendre aux c\u00f4t\u00e9s d\u2019adultes. Ils ont appris de moi, mais moi aussi, j\u2019ai \u00e9norm\u00e9ment appris d\u2019eux<\/em>. \u00bb Pour lui, ce n\u2019\u00e9tait pas seulement un enseignement classique, mais aussi une v\u00e9ritable immersion dans une culture diff\u00e9rente. \u00ab\u00a0<em>J\u2019ai appris leurs traditions, leurs croyances. J\u2019ai d\u00e9couvert un monde tr\u00e8s diff\u00e9rent<\/em>.\u00a0\u00bb<\/span><\/p>\n<p><span>Mais ce n\u2019est pas seulement l\u2019enseignement qui a marqu\u00e9 cette p\u00e9riode. Benedict a profond\u00e9ment \u00e9t\u00e9 transform\u00e9 par son immersion dans la culture locale et par sa rencontre avec le bouddhisme. \u00ab <em>J\u2019\u00e9tais en altitude, contemplant le monde d\u2019en haut. C\u2019\u00e9tait une exp\u00e9rience spirituelle intense, comme un message int\u00e9rieur qui m\u2019avait guid\u00e9 l\u00e0-bas<\/em>. \u00bb<\/span><\/p>\n<p><span>Le bouddhisme, d\u00e9couvert \u00e0 travers des \u00e9changes avec des pr\u00eatres tib\u00e9tains, a profond\u00e9ment influenc\u00e9 sa vision de la vie. Il raconte avec \u00e9motion une semaine de m\u00e9ditation pass\u00e9e en leur compagnie : \u00ab <em>Nous \u00e9tions un petit groupe, comprenant un Allemand et moi. Pendant une semaine, nous avons pri\u00e9, mang\u00e9 tr\u00e8s peu et plong\u00e9 dans un silence introspectif. J\u2019ai appris que Dieu n\u2019est pas quelque chose d\u2019ext\u00e9rieur mais qu\u2019il r\u00e9side en nous. Cette id\u00e9e que nous sommes tous connect\u00e9s par des ondes, ces vibrations invisibles qui unissent les \u00eatres humains, a \u00e9t\u00e9 une r\u00e9v\u00e9lation<\/em>. \u00bb<\/span><\/p>\n<p><span>Cette exp\u00e9rience spirituelle lui a \u00e9galement appris \u00e0 accepter le karma et \u00e0 appr\u00e9cier la s\u00e9r\u00e9nit\u00e9. \u00ab <em>Le bouddhisme m\u2019a appris \u00e0 rester calme face aux al\u00e9as de la vie. Cela m\u2019a donn\u00e9 des outils pour g\u00e9rer les pressions et les d\u00e9fis, tant personnels que professionnels. <\/em>\u00bb<\/span><\/p>\n<p><span>Apr\u00e8s cette retraite, il a approfondi sa pratique de la m\u00e9ditation, un rituel qu\u2019il continue de suivre. \u00ab <em>Cela m\u2019aide \u00e0 recentrer mon esprit, surtout apr\u00e8s des r\u00f4les intenses. J\u2019ai appris \u00e0 appr\u00e9cier le moment pr\u00e9sent, \u00e0 \u00eatre en paix avec moi-m\u00eame et avec les autres<\/em>. \u00bb<\/span><\/p>\n<p>\u00a0<\/p>\n<p><img decoding=\"async\" alt=\"\" height=\"1174\" src=\"\/assets\/uploads\/images\/\/Neila\/RSIFF%202024%20Conversation%20Benedict%20Cumberbatch%202.jpg\" width=\"940\"><\/p>\n<p>\u00a0<\/p>\n<h4><span><span><strong><span>Le th\u00e9\u00e2tre : une passion intacte apr\u00e8s 10 ans de cin\u00e9ma<\/span><\/strong><\/span><\/span><\/h4>\n<p><span>Benedict a partag\u00e9 son amour in\u00e9branlable pour le th\u00e9\u00e2tre, en particulier sa pratique de \u00ab\u00a0<em>passer du cin\u00e9ma au th\u00e9\u00e2tre<\/em>\u00ab\u00a0. \u00ab\u00a0<em>J\u2019adore le th\u00e9\u00e2tre. Cela fait 10 ans que je fais cette transition<\/em>,\u00a0\u00bb a-t-il soulign\u00e9. Mais il a aussi admis que ce n&rsquo;\u00e9tait pas toujours facile : \u00ab\u00a0<em>C\u2019est difficile, surtout quand on doit incarner des r\u00f4les comme <\/em><em>Hamlet<\/em><em> plus de 96 fois.<\/em>\u00a0\u00bb Il a expliqu\u00e9 qu\u2019il avait \u00e9volu\u00e9 au fil de ces r\u00e9p\u00e9titions et performances.<\/span><\/p>\n<p><span>L\u2019un des aspects fascinants qu\u2019il a abord\u00e9s est la mani\u00e8re dont les acteurs contr\u00f4lent leurs \u00e9motions sur sc\u00e8ne. \u00ab\u00a0<em>Vous savez qu\u2019on peut arriver \u00e0 contr\u00f4ler nos battements de c\u0153ur sur sc\u00e8ne ?<\/em>\u00a0\u00bb a-t-il demand\u00e9 au public, visiblement passionn\u00e9 par cet aspect technique et \u00e9motionnel du m\u00e9tier.<\/span><\/p>\n<h4><span><span><strong><span>Des r\u00f4les \u00e9motionnellement intenses : Stephen Hawking, Alan Turing et bien d\u2019autres<\/span><\/strong><\/span><\/span><\/h4>\n<p><span>Benedict a discut\u00e9 de certains de ses r\u00f4les les plus \u00e9motionnellement complexes, notamment celui de Stephen Hawking dans <em>Hawking: La T\u00eate dans les \u00c9toiles <\/em>(2004) et d&rsquo;Alan Turing dans <em>Imitation Game<\/em> (2014). Il a expliqu\u00e9 que jouer des personnages r\u00e9els est souvent \u00e9prouvant, car il doit non seulement comprendre ces individus, mais aussi transmettre leur souffrance et leurs luttes personnelles. \u00ab\u00a0<em>Lorsque j\u2019ai jou\u00e9 Stephen Hawking, j\u2019ai eu la chance de le rencontrer en personne et de discuter avec lui du r\u00f4le, qui \u00e9tait tr\u00e8s difficile. Ensuite lorsqu\u2019il a fallu jouer sa maladie, je me demandais comment le voir alors qu\u2019il \u00e9tait malade, et qu\u2019il n\u2019avait que 30 mn pour r\u00e9pondre \u00e0 mes questions<\/em>\u00a0\u00bb a-t-il pr\u00e9cis\u00e9.<\/span><\/p>\n<p><span>\u00ab <em>Jouer Alan Turing dans The Imitation Game a \u00e9t\u00e9 bouleversant. D\u00e9couvrir sa vie, ses souffrances, et sa fin tragique m\u2019a profond\u00e9ment touch\u00e9. C\u2019\u00e9tait un h\u00e9ros, quelqu\u2019un qui a chang\u00e9 le cours de l\u2019Histoire, mais qui a \u00e9t\u00e9 pers\u00e9cut\u00e9 \u00e0 cause de son homosexualit\u00e9. Cela m\u2019a marqu\u00e9 \u00e9motionnellement.<\/em> \u00bb<\/span><\/p>\n<p><span>Il a \u00e9galement partag\u00e9 son exp\u00e9rience avec <em>The Power of the Dog<\/em>, un r\u00f4le qui lui a valu une nomination aux Oscars : \u00ab <em>Ce film, inspir\u00e9 d\u2019un roman, a \u00e9t\u00e9 tourn\u00e9 apr\u00e8s la p\u00e9riode de Covid. Retrouver une \u00e9quipe apr\u00e8s l\u2019isolement a \u00e9t\u00e9 tr\u00e8s \u00e9mouvant. Le personnage que j\u2019ai jou\u00e9 m\u2019a permis d\u2019explorer des zones sombres et complexes de la psychologie humaine<\/em>. \u00bb<\/span><\/p>\n<p>\u00a0<\/p>\n<p><img decoding=\"async\" alt=\"\" height=\"1200\" src=\"\/assets\/uploads\/images\/\/Neila\/RSIFF%202024%20Conversation%20Benedict%20Cumberbatch%203.jpg\" width=\"962\"><\/p>\n<p>\u00a0<\/p>\n<h4><span><span><strong>Le d\u00e9fi du Docteur Strange<\/strong><\/span><\/span><\/h4>\n<p><span>Parlant de son r\u00f4le embl\u00e9matique dans l\u2019univers Marvel, Benedict a admis avoir ressenti une certaine appr\u00e9hension : \u00ab <em>Docteur Strange est un personnage complexe, mais ce n\u2019est pas un Dieu. C\u2019est un acad\u00e9micien qui veut contr\u00f4ler les \u00e9v\u00e9nements \u00e0 tout prix. J\u2019ai aim\u00e9 explorer cette dualit\u00e9. <\/em>\u00bb Il a \u00e9galement mentionn\u00e9 Martin Freeman, son partenaire dans <em>Sherlock<\/em>, qu\u2019il consid\u00e8re comme un talentueux acteur et musicien.<\/span><\/p>\n<h4><span><strong>La gestion des \u00e9motions : entre th\u00e9rapie et r\u00e9silience<\/strong><\/span><\/h4>\n<p><span>Lorsqu\u2019on lui a demand\u00e9 comment il g\u00e9rait les impacts psychologiques de ses r\u00f4les, Benedict a r\u00e9pondu avec sinc\u00e9rit\u00e9 : \u00ab <em>Il faut beaucoup de th\u00e9rapie et une grande discipline. Jouer des personnages tourment\u00e9s peut \u00eatre \u00e9puisant. Mais cela me donne aussi des exp\u00e9riences de vie incroyables. <\/em>\u00bb<\/span><\/p>\n<p><span>Il a expliqu\u00e9 que la m\u00e9ditation, combin\u00e9e \u00e0 son amour pour sa famille, l\u2019aidait \u00e0 trouver un \u00e9quilibre. \u00ab <em>Je reste ancr\u00e9 gr\u00e2ce \u00e0 ma femme et mes enfants. \u00c0 la maison, je suis avant tout un p\u00e8re. C\u2019est l\u00e0 que je retrouve une stabilit\u00e9, loin des tumultes des plateaux<\/em>. \u00bb<\/span><\/p>\n<p>\u00a0<\/p>\n<p><img decoding=\"async\" alt=\"\" height=\"1200\" src=\"\/assets\/uploads\/images\/\/Neila\/RSIFF%202024%20Conversation%20Benedict%20Cumberbatch%204.jpg\" width=\"1037\"><\/p>\n<p>\u00a0<\/p>\n<h4><span><span><strong><span>Collaborations avec des r\u00e9alisateurs de renom<\/span><\/strong><\/span><\/span><\/h4>\n<p><span>Benedict a ensuite partag\u00e9 ses exp\u00e9riences de tournage avec des r\u00e9alisateurs embl\u00e9matiques, soulignant \u00e0 quel point ces collaborations ont enrichi sa carri\u00e8re. Il a parl\u00e9 de sa relation professionnelle avec <strong>Wes Anderson<\/strong>, connu pour son obsession du d\u00e9tail : \u00ab <em>J\u2019ai travaill\u00e9 avec lui \u00e0 46 ans. Il m\u2019a fait r\u00e9p\u00e9ter une sc\u00e8ne 48 fois ! Mais c\u2019est ce perfectionnisme qui rend son travail unique. Avec Wes, on apprend \u00e9norm\u00e9ment<\/em>. \u00bb<\/span><\/p>\n<p><span>Il a \u00e9galement \u00e9voqu\u00e9 <strong>Steve McQueen<\/strong>, r\u00e9alisateur de <em>12 Years a Slave<\/em>, qui l\u2019a profond\u00e9ment marqu\u00e9 : \u00ab <em>Avant m\u00eame de recevoir un Oscar, Steve m\u2019a beaucoup soutenu. Il est \u00e0 l\u2019\u00e9coute, encourage les id\u00e9es, et voit les choses avec un immense courage. Travailler avec lui a \u00e9t\u00e9 une grande le\u00e7on<\/em>. \u00bb<\/span><\/p>\n<p><span>Enfin, il a mentionn\u00e9 son exp\u00e9rience avec Steven Spielberg, soulignant l\u2019intelligence et la ma\u00eetrise de ce dernier. \u00ab <em>Spielberg est un visionnaire, quelqu\u2019un qui sait exactement ce qu\u2019il veut tout en laissant les acteurs exprimer leur cr\u00e9ativit\u00e9.<\/em> \u00bb<\/span><\/p>\n<h4><span><span><strong><span>La voix, un outil essentiel dans son m\u00e9tier<\/span><\/strong><\/span><\/span><\/h4>\n<p><span>Lors de la conversation, Benedict a \u00e9galement parl\u00e9 de l\u2019importance de la voix dans son m\u00e9tier. \u00ab\u00a0<em>Je sais imiter des voix, c\u2019est quelque chose que j\u2019ai appris avec le temps. La voix est un outil essentiel pour un acteur. Il existe des techniques pour l\u2019utiliser efficacement<\/em>,\u00a0\u00bb a-t-il expliqu\u00e9. Sa ma\u00eetrise de la voix lui permet de jouer des r\u00f4les divers, avec une grande pr\u00e9cision et une capacit\u00e9 \u00e0 captiver son audience.<\/span><\/p>\n<p>\u00a0<\/p>\n<p><img decoding=\"async\" alt=\"\" height=\"1200\" src=\"\/assets\/uploads\/images\/\/Neila\/RSIFF%202024%20Conversation%20Benedict%20Cumberbatch%201.jpeg\" width=\"800\"><\/p>\n<p>\u00a0<\/p>\n<h4><span><span><strong><span>La passion pour le football<\/span><\/strong><\/span><\/span><\/h4>\n<p><span>Benedict Cumberbatch a aussi partag\u00e9 une facette plus personnelle de sa vie, en parlant de sa passion pour le football. \u00ab\u00a0<em>Je suis fan de foot. Je vis \u00e0 Londres, mais mon club pr\u00e9f\u00e9r\u00e9 n\u2019a rien \u00e0 voir avec l\u2019endroit o\u00f9 j\u2019habite,\u00a0\u00bb<\/em> a-t-il expliqu\u00e9, soulignant l&rsquo;ironie de cette situation. Mais ce n\u2019\u00e9tait pas tout. Il a pr\u00e9cis\u00e9 qu&rsquo;il avait trois enfants, et que la passion pour le football \u00e9tait \u00e9galement partag\u00e9e avec eux. \u00ab\u00a0<em>Ils aiment aussi le foot, et nous jouons ensemble au foot<\/em>,\u00a0\u00bb a-t-il ajout\u00e9 avec un sourire. <\/span><\/p>\n<p><span>Il a aussi mentionn\u00e9 qu&rsquo;il soutenait souvent l\u2019\u00e9quipe nationale britannique. \u00ab\u00a0<em>Je suis souvent l\u2019\u00e9quipe nationale britannique, et j\u2019ai \u00e9t\u00e9 aux finales de l\u2019Europe. Et au premier but, la joie des Italiens a uni tout le public. Le foot unis les gens<\/em>\u00a0\u00bb a-t-il exprim\u00e9, montrant l&rsquo;impact du sport sur la coh\u00e9sion sociale et son propre enthousiasme lors des grands \u00e9v\u00e9nements sportifs. Le football, pour lui, va au-del\u00e0 de l\u2019aspect comp\u00e9titif, il voit le sport comme un vecteur de rassemblement et de solidarit\u00e9 entre les gens.<\/span><\/p>\n<h4><span><strong>Une personnalit\u00e9 complexe et spirituelle<\/strong><\/span><\/h4>\n<p><span>Au-del\u00e0 de son talent ind\u00e9niable, Benedict Cumberbatch a laiss\u00e9 l\u2019impression d\u2019un homme profond\u00e9ment spirituel, en qu\u00eate de connexions humaines et de v\u00e9rit\u00e9. Ses choix de r\u00f4les refl\u00e8tent cette profondeur, m\u00ealant d\u00e9fis intellectuels et \u00e9motionnels. \u00c0 travers son \u00e9change avec le public du RSIFF 2024, il a offert un aper\u00e7u rare non seulement de son m\u00e9tier, mais aussi de sa philosophie de vie.<\/span><\/p>\n<p><span>Son amour pour l\u2019art, son respect des traditions spirituelles, et son humilit\u00e9 face \u00e0 la vie font de lui non seulement un acteur brillant, mais aussi une personnalit\u00e9 qui inspire.<\/span><\/p>\n<p><span><strong>Ne\u00efla Driss<\/strong><\/span><\/p>\n<\/p><\/div>\n<div class=\"coprs\" style=\"text-align: center\"><\/div><\/div>\n","protected":false},"excerpt":{"rendered":"<p>Benedict Cumberbatch, acteur britannique de renomm\u00e9e mondiale, a \u00e9t\u00e9 l&rsquo;un des invit\u00e9s d&rsquo;honneur de la 4\u1d49 \u00e9dition du Festival International du Film de la Mer Rou&#8230;<\/p>\n","protected":false},"author":3164,"featured_media":243508,"comment_status":"open","ping_status":"open","sticky":false,"template":"","format":"standard","meta":{"footnotes":""},"categories":[2594],"tags":[4409,4756,2626,2628,4709,3985,3986,4708],"class_list":["post-218394","post","type-post","status-publish","format-standard","has-post-thumbnail","hentry","category-culture","tag-acteur","tag-benedict-cumberbatch","tag-cinema","tag-festival","tag-festival-international-du-film-de-la-mer-rouge","tag-red-sea-international-film-festival","tag-rsiff","tag-rsiff-2024"],"yoast_head":"<!-- This site is optimized with the Yoast SEO Premium plugin v27.5 (Yoast SEO v27.5) - https:\/\/yoast.com\/product\/yoast-seo-premium-wordpress\/ -->\n<title>RSIFF 2024 \u2013 Une conversation sinc\u00e8re avec Benedict Cumberbatch<\/title>\n<meta name=\"description\" content=\"Benedict Cumberbatch, acteur britannique de renomm\u00e9e mondiale, a \u00e9t\u00e9 l&#039;un des invit\u00e9s d&#039;honneur de la 4\u1d49 \u00e9dition du Festival International du Film de la Mer Rou...\" \/>\n<link rel=\"canonical\" href=\"https:\/\/www.webdo.tn\/fr\/actualite\/culture\/rsiff-2024-une-conversation-sincere-avec-benedict-cumberbatch\/218394\/\" \/>\n<meta property=\"og:locale\" content=\"fr_FR\" \/>\n<meta property=\"og:type\" content=\"article\" \/>\n<meta property=\"og:title\" content=\"RSIFF 2024 \u2013 Une conversation sinc\u00e8re avec Benedict Cumberbatch\" \/>\n<meta property=\"og:description\" content=\"Benedict Cumberbatch, acteur britannique de renomm\u00e9e mondiale, a \u00e9t\u00e9 l&#039;un des invit\u00e9s d&#039;honneur de la 4\u1d49 \u00e9dition du Festival International du Film de la Mer Rou...\" \/>\n<meta property=\"og:url\" content=\"https:\/\/www.webdo.tn\/fr\/actualite\/culture\/rsiff-2024-une-conversation-sincere-avec-benedict-cumberbatch\/218394\/\" \/>\n<meta property=\"og:site_name\" content=\"webdo\" \/>\n<meta property=\"article:publisher\" content=\"https:\/\/www.facebook.com\/webdotn\" \/>\n<meta property=\"article:author\" content=\"https:\/\/www.facebook.com\/massir.destiniii\/\" \/>\n<meta property=\"article:published_time\" content=\"2024-12-11T08:00:00+00:00\" \/>\n<meta property=\"article:modified_time\" content=\"2025-05-21T08:55:12+00:00\" \/>\n<meta property=\"og:image\" content=\"https:\/\/www.webdo.tn\/fr\/wp-content\/uploads\/2025\/05\/fb6d1e2ccbe6c8ae460f0bbfae04105b-2.webp\" \/>\n\t<meta property=\"og:image:width\" content=\"700\" \/>\n\t<meta property=\"og:image:height\" content=\"373\" \/>\n\t<meta property=\"og:image:type\" content=\"image\/webp\" \/>\n<meta name=\"author\" content=\"Ne\u00efla DRISS\" \/>\n<meta name=\"twitter:card\" content=\"summary_large_image\" \/>\n<meta name=\"twitter:creator\" content=\"@https:\/\/x.com\/MassirDestin\" \/>\n<meta name=\"twitter:site\" content=\"@webdo_tn\" \/>\n<meta name=\"twitter:label1\" content=\"\u00c9crit par\" \/>\n\t<meta name=\"twitter:data1\" content=\"Ne\u00efla DRISS\" \/>\n\t<meta name=\"twitter:label2\" content=\"Dur\u00e9e de lecture estim\u00e9e\" \/>\n\t<meta name=\"twitter:data2\" content=\"11 minutes\" \/>\n<script type=\"application\/ld+json\" class=\"yoast-schema-graph\">{\"@context\":\"https:\\\/\\\/schema.org\",\"@graph\":[{\"@type\":\"NewsArticle\",\"@id\":\"https:\\\/\\\/www.webdo.tn\\\/fr\\\/actualite\\\/culture\\\/rsiff-2024-une-conversation-sincere-avec-benedict-cumberbatch\\\/218394\\\/#article\",\"isPartOf\":{\"@id\":\"https:\\\/\\\/www.webdo.tn\\\/fr\\\/actualite\\\/culture\\\/rsiff-2024-une-conversation-sincere-avec-benedict-cumberbatch\\\/218394\\\/\"},\"author\":{\"name\":\"Ne\u00efla DRISS\",\"@id\":\"https:\\\/\\\/www.webdo.tn\\\/fr\\\/#\\\/schema\\\/person\\\/60d5ba619ed3f58783b0dc82b7dada80\"},\"headline\":\"RSIFF 2024 \u2013 Une conversation sinc\u00e8re avec Benedict Cumberbatch\",\"datePublished\":\"2024-12-11T08:00:00+00:00\",\"dateModified\":\"2025-05-21T08:55:12+00:00\",\"mainEntityOfPage\":{\"@id\":\"https:\\\/\\\/www.webdo.tn\\\/fr\\\/actualite\\\/culture\\\/rsiff-2024-une-conversation-sincere-avec-benedict-cumberbatch\\\/218394\\\/\"},\"wordCount\":2279,\"commentCount\":0,\"publisher\":{\"@id\":\"https:\\\/\\\/www.webdo.tn\\\/fr\\\/#organization\"},\"image\":{\"@id\":\"https:\\\/\\\/www.webdo.tn\\\/fr\\\/actualite\\\/culture\\\/rsiff-2024-une-conversation-sincere-avec-benedict-cumberbatch\\\/218394\\\/#primaryimage\"},\"thumbnailUrl\":\"https:\\\/\\\/www.webdo.tn\\\/fr\\\/wp-content\\\/uploads\\\/2025\\\/05\\\/fb6d1e2ccbe6c8ae460f0bbfae04105b-2.webp\",\"keywords\":[\"Acteur\",\"Benedict Cumberbatch\",\"Cin\u00e9ma\",\"Festival\",\"Festival International du Film de la Mer Rouge\",\"Red Sea International Film Festival\",\"RSIFF\",\"RSIFF 2024\"],\"articleSection\":[\"Culture\"],\"inLanguage\":\"fr-FR\"},{\"@type\":\"WebPage\",\"@id\":\"https:\\\/\\\/www.webdo.tn\\\/fr\\\/actualite\\\/culture\\\/rsiff-2024-une-conversation-sincere-avec-benedict-cumberbatch\\\/218394\\\/\",\"url\":\"https:\\\/\\\/www.webdo.tn\\\/fr\\\/actualite\\\/culture\\\/rsiff-2024-une-conversation-sincere-avec-benedict-cumberbatch\\\/218394\\\/\",\"name\":\"RSIFF 2024 \u2013 Une conversation sinc\u00e8re avec Benedict Cumberbatch\",\"isPartOf\":{\"@id\":\"https:\\\/\\\/www.webdo.tn\\\/fr\\\/#website\"},\"primaryImageOfPage\":{\"@id\":\"https:\\\/\\\/www.webdo.tn\\\/fr\\\/actualite\\\/culture\\\/rsiff-2024-une-conversation-sincere-avec-benedict-cumberbatch\\\/218394\\\/#primaryimage\"},\"image\":{\"@id\":\"https:\\\/\\\/www.webdo.tn\\\/fr\\\/actualite\\\/culture\\\/rsiff-2024-une-conversation-sincere-avec-benedict-cumberbatch\\\/218394\\\/#primaryimage\"},\"thumbnailUrl\":\"https:\\\/\\\/www.webdo.tn\\\/fr\\\/wp-content\\\/uploads\\\/2025\\\/05\\\/fb6d1e2ccbe6c8ae460f0bbfae04105b-2.webp\",\"datePublished\":\"2024-12-11T08:00:00+00:00\",\"dateModified\":\"2025-05-21T08:55:12+00:00\",\"description\":\"Benedict Cumberbatch, acteur britannique de renomm\u00e9e mondiale, a \u00e9t\u00e9 l'un des invit\u00e9s d'honneur de la 4\u1d49 \u00e9dition du Festival International du Film de la Mer Rou...\",\"breadcrumb\":{\"@id\":\"https:\\\/\\\/www.webdo.tn\\\/fr\\\/actualite\\\/culture\\\/rsiff-2024-une-conversation-sincere-avec-benedict-cumberbatch\\\/218394\\\/#breadcrumb\"},\"inLanguage\":\"fr-FR\",\"potentialAction\":[{\"@type\":\"ReadAction\",\"target\":[\"https:\\\/\\\/www.webdo.tn\\\/fr\\\/actualite\\\/culture\\\/rsiff-2024-une-conversation-sincere-avec-benedict-cumberbatch\\\/218394\\\/\"]}]},{\"@type\":\"ImageObject\",\"inLanguage\":\"fr-FR\",\"@id\":\"https:\\\/\\\/www.webdo.tn\\\/fr\\\/actualite\\\/culture\\\/rsiff-2024-une-conversation-sincere-avec-benedict-cumberbatch\\\/218394\\\/#primaryimage\",\"url\":\"https:\\\/\\\/www.webdo.tn\\\/fr\\\/wp-content\\\/uploads\\\/2025\\\/05\\\/fb6d1e2ccbe6c8ae460f0bbfae04105b-2.webp\",\"contentUrl\":\"https:\\\/\\\/www.webdo.tn\\\/fr\\\/wp-content\\\/uploads\\\/2025\\\/05\\\/fb6d1e2ccbe6c8ae460f0bbfae04105b-2.webp\",\"width\":700,\"height\":373},{\"@type\":\"BreadcrumbList\",\"@id\":\"https:\\\/\\\/www.webdo.tn\\\/fr\\\/actualite\\\/culture\\\/rsiff-2024-une-conversation-sincere-avec-benedict-cumberbatch\\\/218394\\\/#breadcrumb\",\"itemListElement\":[{\"@type\":\"ListItem\",\"position\":1,\"name\":\"Accueil\",\"item\":\"https:\\\/\\\/www.webdo.tn\\\/fr\\\/\"},{\"@type\":\"ListItem\",\"position\":2,\"name\":\"RSIFF 2024 \u2013 Une conversation sinc\u00e8re avec Benedict Cumberbatch\"}]},{\"@type\":\"WebSite\",\"@id\":\"https:\\\/\\\/www.webdo.tn\\\/fr\\\/#website\",\"url\":\"https:\\\/\\\/www.webdo.tn\\\/fr\\\/\",\"name\":\"webdo\",\"description\":\"Tunisie - News en Tunisie et \u00e0 l&#039;international sur Webdo.tn\",\"publisher\":{\"@id\":\"https:\\\/\\\/www.webdo.tn\\\/fr\\\/#organization\"},\"potentialAction\":[{\"@type\":\"SearchAction\",\"target\":{\"@type\":\"EntryPoint\",\"urlTemplate\":\"https:\\\/\\\/www.webdo.tn\\\/fr\\\/?s={search_term_string}\"},\"query-input\":{\"@type\":\"PropertyValueSpecification\",\"valueRequired\":true,\"valueName\":\"search_term_string\"}}],\"inLanguage\":\"fr-FR\"},{\"@type\":\"Organization\",\"@id\":\"https:\\\/\\\/www.webdo.tn\\\/fr\\\/#organization\",\"name\":\"Webdo\",\"alternateName\":\"Webdo.tn\",\"url\":\"https:\\\/\\\/www.webdo.tn\\\/fr\\\/\",\"logo\":{\"@type\":\"ImageObject\",\"inLanguage\":\"fr-FR\",\"@id\":\"https:\\\/\\\/www.webdo.tn\\\/fr\\\/#\\\/schema\\\/logo\\\/image\\\/\",\"url\":\"https:\\\/\\\/www.webdo.tn\\\/fr\\\/wp-content\\\/uploads\\\/2025\\\/06\\\/Webdo-Tunisie_168377.jpg\",\"contentUrl\":\"https:\\\/\\\/www.webdo.tn\\\/fr\\\/wp-content\\\/uploads\\\/2025\\\/06\\\/Webdo-Tunisie_168377.jpg\",\"width\":301,\"height\":301,\"caption\":\"Webdo\"},\"image\":{\"@id\":\"https:\\\/\\\/www.webdo.tn\\\/fr\\\/#\\\/schema\\\/logo\\\/image\\\/\"},\"sameAs\":[\"https:\\\/\\\/www.facebook.com\\\/webdotn\",\"https:\\\/\\\/x.com\\\/webdo_tn\"],\"description\":\"Webdo est un m\u00e9dia num\u00e9rique tunisien fond\u00e9 en 2010, sp\u00e9cialis\u00e9 dans l\u2019actualit\u00e9 nationale et internationale, l\u2019\u00e9conomie, la soci\u00e9t\u00e9 et les analyses politiques. Le site s\u2019adresse \u00e0 un large public francophone et couvre l\u2019information tunisienne en temps r\u00e9el.\",\"email\":\"redac@webdo.tn\",\"legalName\":\"YNJ SARL\",\"foundingDate\":\"2010-09-06\",\"numberOfEmployees\":{\"@type\":\"QuantitativeValue\",\"minValue\":\"11\",\"maxValue\":\"50\"}},{\"@type\":\"Person\",\"@id\":\"https:\\\/\\\/www.webdo.tn\\\/fr\\\/#\\\/schema\\\/person\\\/60d5ba619ed3f58783b0dc82b7dada80\",\"name\":\"Ne\u00efla DRISS\",\"image\":{\"@type\":\"ImageObject\",\"inLanguage\":\"fr-FR\",\"@id\":\"https:\\\/\\\/www.webdo.tn\\\/fr\\\/wp-content\\\/uploads\\\/2026\\\/04\\\/neila-driss_avatar-96x96.jpg\",\"url\":\"https:\\\/\\\/www.webdo.tn\\\/fr\\\/wp-content\\\/uploads\\\/2026\\\/04\\\/neila-driss_avatar-96x96.jpg\",\"contentUrl\":\"https:\\\/\\\/www.webdo.tn\\\/fr\\\/wp-content\\\/uploads\\\/2026\\\/04\\\/neila-driss_avatar-96x96.jpg\",\"caption\":\"Ne\u00efla DRISS\"},\"description\":\"Ne\u00efla Driss est juriste, journaliste culturelle et critique de cin\u00e9ma tunisienne. Titulaire d\u2019un DEA en droit priv\u00e9 de l\u2019Universit\u00e9 Paris II et d\u2019un DESS de l\u2019IHEC Carthage, elle d\u00e9bute sa carri\u00e8re comme juriste sp\u00e9cialis\u00e9e en gestion de patrimoine immobilier. Elle s\u2019oriente ensuite vers l\u2019\u00e9criture en ligne, o\u00f9 elle se distingue d\u00e8s 2006 aux Tunisia Blog Awards, avant de se consacrer au journalisme culturel, avec une sp\u00e9cialisation dans la critique cin\u00e9matographique. Elle couvre r\u00e9guli\u00e8rement les grands festivals internationaux, notamment le Festival de Cannes, les Journ\u00e9es Cin\u00e9matographiques de Carthage et le Festival du film du Caire. Membre de l\u2019ATPCC et de la FIPRESCI, elle participe \u00e0 des jurys et initiatives internationales de critique. Depuis 2024, elle est \u00e9lectrice internationale aux Golden Globes. Facebook : https:\\\/\\\/www.facebook.com\\\/massir.destiniii\\\/ X : https:\\\/\\\/x.com\\\/MassirDestin\",\"sameAs\":[\"https:\\\/\\\/www.facebook.com\\\/massir.destiniii\\\/\",\"https:\\\/\\\/www.instagram.com\\\/neila.driss\\\/?hl=fr\",\"https:\\\/\\\/www.linkedin.com\\\/in\\\/neila-driss-22606a80\\\/\",\"https:\\\/\\\/x.com\\\/https:\\\/\\\/x.com\\\/MassirDestin\"],\"knowsAbout\":[\"Cin\u00e9ma international\",\"critique cin\u00e9matographique\",\"festivals de cin\u00e9ma\",\"journalisme culturel\"],\"knowsLanguage\":[\"Fran\u00e7ais\",\"Arabe\",\"Anglais\"],\"jobTitle\":\"Journaliste culturelle et critique de cin\u00e9ma\",\"worksFor\":\"Webdo\",\"url\":\"https:\\\/\\\/www.webdo.tn\\\/fr\\\/actualite\\\/author\\\/neila-driss\\\/\"}]}<\/script>\n<!-- \/ Yoast SEO Premium plugin. -->","yoast_head_json":{"title":"RSIFF 2024 \u2013 Une conversation sinc\u00e8re avec Benedict Cumberbatch","description":"Benedict Cumberbatch, acteur britannique de renomm\u00e9e mondiale, a \u00e9t\u00e9 l'un des invit\u00e9s d'honneur de la 4\u1d49 \u00e9dition du Festival International du Film de la Mer Rou...","canonical":"https:\/\/www.webdo.tn\/fr\/actualite\/culture\/rsiff-2024-une-conversation-sincere-avec-benedict-cumberbatch\/218394\/","og_locale":"fr_FR","og_type":"article","og_title":"RSIFF 2024 \u2013 Une conversation sinc\u00e8re avec Benedict Cumberbatch","og_description":"Benedict Cumberbatch, acteur britannique de renomm\u00e9e mondiale, a \u00e9t\u00e9 l'un des invit\u00e9s d'honneur de la 4\u1d49 \u00e9dition du Festival International du Film de la Mer Rou...","og_url":"https:\/\/www.webdo.tn\/fr\/actualite\/culture\/rsiff-2024-une-conversation-sincere-avec-benedict-cumberbatch\/218394\/","og_site_name":"webdo","article_publisher":"https:\/\/www.facebook.com\/webdotn","article_author":"https:\/\/www.facebook.com\/massir.destiniii\/","article_published_time":"2024-12-11T08:00:00+00:00","article_modified_time":"2025-05-21T08:55:12+00:00","og_image":[{"width":700,"height":373,"url":"https:\/\/www.webdo.tn\/fr\/wp-content\/uploads\/2025\/05\/fb6d1e2ccbe6c8ae460f0bbfae04105b-2.webp","type":"image\/webp"}],"author":"Ne\u00efla DRISS","twitter_card":"summary_large_image","twitter_creator":"@https:\/\/x.com\/MassirDestin","twitter_site":"@webdo_tn","twitter_misc":{"\u00c9crit par":"Ne\u00efla DRISS","Dur\u00e9e de lecture estim\u00e9e":"11 minutes"},"schema":{"@context":"https:\/\/schema.org","@graph":[{"@type":"NewsArticle","@id":"https:\/\/www.webdo.tn\/fr\/actualite\/culture\/rsiff-2024-une-conversation-sincere-avec-benedict-cumberbatch\/218394\/#article","isPartOf":{"@id":"https:\/\/www.webdo.tn\/fr\/actualite\/culture\/rsiff-2024-une-conversation-sincere-avec-benedict-cumberbatch\/218394\/"},"author":{"name":"Ne\u00efla DRISS","@id":"https:\/\/www.webdo.tn\/fr\/#\/schema\/person\/60d5ba619ed3f58783b0dc82b7dada80"},"headline":"RSIFF 2024 \u2013 Une conversation sinc\u00e8re avec Benedict Cumberbatch","datePublished":"2024-12-11T08:00:00+00:00","dateModified":"2025-05-21T08:55:12+00:00","mainEntityOfPage":{"@id":"https:\/\/www.webdo.tn\/fr\/actualite\/culture\/rsiff-2024-une-conversation-sincere-avec-benedict-cumberbatch\/218394\/"},"wordCount":2279,"commentCount":0,"publisher":{"@id":"https:\/\/www.webdo.tn\/fr\/#organization"},"image":{"@id":"https:\/\/www.webdo.tn\/fr\/actualite\/culture\/rsiff-2024-une-conversation-sincere-avec-benedict-cumberbatch\/218394\/#primaryimage"},"thumbnailUrl":"https:\/\/www.webdo.tn\/fr\/wp-content\/uploads\/2025\/05\/fb6d1e2ccbe6c8ae460f0bbfae04105b-2.webp","keywords":["Acteur","Benedict Cumberbatch","Cin\u00e9ma","Festival","Festival International du Film de la Mer Rouge","Red Sea International Film Festival","RSIFF","RSIFF 2024"],"articleSection":["Culture"],"inLanguage":"fr-FR"},{"@type":"WebPage","@id":"https:\/\/www.webdo.tn\/fr\/actualite\/culture\/rsiff-2024-une-conversation-sincere-avec-benedict-cumberbatch\/218394\/","url":"https:\/\/www.webdo.tn\/fr\/actualite\/culture\/rsiff-2024-une-conversation-sincere-avec-benedict-cumberbatch\/218394\/","name":"RSIFF 2024 \u2013 Une conversation sinc\u00e8re avec Benedict Cumberbatch","isPartOf":{"@id":"https:\/\/www.webdo.tn\/fr\/#website"},"primaryImageOfPage":{"@id":"https:\/\/www.webdo.tn\/fr\/actualite\/culture\/rsiff-2024-une-conversation-sincere-avec-benedict-cumberbatch\/218394\/#primaryimage"},"image":{"@id":"https:\/\/www.webdo.tn\/fr\/actualite\/culture\/rsiff-2024-une-conversation-sincere-avec-benedict-cumberbatch\/218394\/#primaryimage"},"thumbnailUrl":"https:\/\/www.webdo.tn\/fr\/wp-content\/uploads\/2025\/05\/fb6d1e2ccbe6c8ae460f0bbfae04105b-2.webp","datePublished":"2024-12-11T08:00:00+00:00","dateModified":"2025-05-21T08:55:12+00:00","description":"Benedict Cumberbatch, acteur britannique de renomm\u00e9e mondiale, a \u00e9t\u00e9 l'un des invit\u00e9s d'honneur de la 4\u1d49 \u00e9dition du Festival International du Film de la Mer Rou...","breadcrumb":{"@id":"https:\/\/www.webdo.tn\/fr\/actualite\/culture\/rsiff-2024-une-conversation-sincere-avec-benedict-cumberbatch\/218394\/#breadcrumb"},"inLanguage":"fr-FR","potentialAction":[{"@type":"ReadAction","target":["https:\/\/www.webdo.tn\/fr\/actualite\/culture\/rsiff-2024-une-conversation-sincere-avec-benedict-cumberbatch\/218394\/"]}]},{"@type":"ImageObject","inLanguage":"fr-FR","@id":"https:\/\/www.webdo.tn\/fr\/actualite\/culture\/rsiff-2024-une-conversation-sincere-avec-benedict-cumberbatch\/218394\/#primaryimage","url":"https:\/\/www.webdo.tn\/fr\/wp-content\/uploads\/2025\/05\/fb6d1e2ccbe6c8ae460f0bbfae04105b-2.webp","contentUrl":"https:\/\/www.webdo.tn\/fr\/wp-content\/uploads\/2025\/05\/fb6d1e2ccbe6c8ae460f0bbfae04105b-2.webp","width":700,"height":373},{"@type":"BreadcrumbList","@id":"https:\/\/www.webdo.tn\/fr\/actualite\/culture\/rsiff-2024-une-conversation-sincere-avec-benedict-cumberbatch\/218394\/#breadcrumb","itemListElement":[{"@type":"ListItem","position":1,"name":"Accueil","item":"https:\/\/www.webdo.tn\/fr\/"},{"@type":"ListItem","position":2,"name":"RSIFF 2024 \u2013 Une conversation sinc\u00e8re avec Benedict Cumberbatch"}]},{"@type":"WebSite","@id":"https:\/\/www.webdo.tn\/fr\/#website","url":"https:\/\/www.webdo.tn\/fr\/","name":"webdo","description":"Tunisie - News en Tunisie et \u00e0 l&#039;international sur Webdo.tn","publisher":{"@id":"https:\/\/www.webdo.tn\/fr\/#organization"},"potentialAction":[{"@type":"SearchAction","target":{"@type":"EntryPoint","urlTemplate":"https:\/\/www.webdo.tn\/fr\/?s={search_term_string}"},"query-input":{"@type":"PropertyValueSpecification","valueRequired":true,"valueName":"search_term_string"}}],"inLanguage":"fr-FR"},{"@type":"Organization","@id":"https:\/\/www.webdo.tn\/fr\/#organization","name":"Webdo","alternateName":"Webdo.tn","url":"https:\/\/www.webdo.tn\/fr\/","logo":{"@type":"ImageObject","inLanguage":"fr-FR","@id":"https:\/\/www.webdo.tn\/fr\/#\/schema\/logo\/image\/","url":"https:\/\/www.webdo.tn\/fr\/wp-content\/uploads\/2025\/06\/Webdo-Tunisie_168377.jpg","contentUrl":"https:\/\/www.webdo.tn\/fr\/wp-content\/uploads\/2025\/06\/Webdo-Tunisie_168377.jpg","width":301,"height":301,"caption":"Webdo"},"image":{"@id":"https:\/\/www.webdo.tn\/fr\/#\/schema\/logo\/image\/"},"sameAs":["https:\/\/www.facebook.com\/webdotn","https:\/\/x.com\/webdo_tn"],"description":"Webdo est un m\u00e9dia num\u00e9rique tunisien fond\u00e9 en 2010, sp\u00e9cialis\u00e9 dans l\u2019actualit\u00e9 nationale et internationale, l\u2019\u00e9conomie, la soci\u00e9t\u00e9 et les analyses politiques. Le site s\u2019adresse \u00e0 un large public francophone et couvre l\u2019information tunisienne en temps r\u00e9el.","email":"redac@webdo.tn","legalName":"YNJ SARL","foundingDate":"2010-09-06","numberOfEmployees":{"@type":"QuantitativeValue","minValue":"11","maxValue":"50"}},{"@type":"Person","@id":"https:\/\/www.webdo.tn\/fr\/#\/schema\/person\/60d5ba619ed3f58783b0dc82b7dada80","name":"Ne\u00efla DRISS","image":{"@type":"ImageObject","inLanguage":"fr-FR","@id":"https:\/\/www.webdo.tn\/fr\/wp-content\/uploads\/2026\/04\/neila-driss_avatar-96x96.jpg","url":"https:\/\/www.webdo.tn\/fr\/wp-content\/uploads\/2026\/04\/neila-driss_avatar-96x96.jpg","contentUrl":"https:\/\/www.webdo.tn\/fr\/wp-content\/uploads\/2026\/04\/neila-driss_avatar-96x96.jpg","caption":"Ne\u00efla DRISS"},"description":"Ne\u00efla Driss est juriste, journaliste culturelle et critique de cin\u00e9ma tunisienne. Titulaire d\u2019un DEA en droit priv\u00e9 de l\u2019Universit\u00e9 Paris II et d\u2019un DESS de l\u2019IHEC Carthage, elle d\u00e9bute sa carri\u00e8re comme juriste sp\u00e9cialis\u00e9e en gestion de patrimoine immobilier. Elle s\u2019oriente ensuite vers l\u2019\u00e9criture en ligne, o\u00f9 elle se distingue d\u00e8s 2006 aux Tunisia Blog Awards, avant de se consacrer au journalisme culturel, avec une sp\u00e9cialisation dans la critique cin\u00e9matographique. Elle couvre r\u00e9guli\u00e8rement les grands festivals internationaux, notamment le Festival de Cannes, les Journ\u00e9es Cin\u00e9matographiques de Carthage et le Festival du film du Caire. Membre de l\u2019ATPCC et de la FIPRESCI, elle participe \u00e0 des jurys et initiatives internationales de critique. Depuis 2024, elle est \u00e9lectrice internationale aux Golden Globes. Facebook : https:\/\/www.facebook.com\/massir.destiniii\/ X : https:\/\/x.com\/MassirDestin","sameAs":["https:\/\/www.facebook.com\/massir.destiniii\/","https:\/\/www.instagram.com\/neila.driss\/?hl=fr","https:\/\/www.linkedin.com\/in\/neila-driss-22606a80\/","https:\/\/x.com\/https:\/\/x.com\/MassirDestin"],"knowsAbout":["Cin\u00e9ma international","critique cin\u00e9matographique","festivals de cin\u00e9ma","journalisme culturel"],"knowsLanguage":["Fran\u00e7ais","Arabe","Anglais"],"jobTitle":"Journaliste culturelle et critique de cin\u00e9ma","worksFor":"Webdo","url":"https:\/\/www.webdo.tn\/fr\/actualite\/author\/neila-driss\/"}]}},"_links":{"self":[{"href":"https:\/\/www.webdo.tn\/fr\/wp-json\/wp\/v2\/posts\/218394","targetHints":{"allow":["GET"]}}],"collection":[{"href":"https:\/\/www.webdo.tn\/fr\/wp-json\/wp\/v2\/posts"}],"about":[{"href":"https:\/\/www.webdo.tn\/fr\/wp-json\/wp\/v2\/types\/post"}],"author":[{"embeddable":true,"href":"https:\/\/www.webdo.tn\/fr\/wp-json\/wp\/v2\/users\/3164"}],"replies":[{"embeddable":true,"href":"https:\/\/www.webdo.tn\/fr\/wp-json\/wp\/v2\/comments?post=218394"}],"version-history":[{"count":0,"href":"https:\/\/www.webdo.tn\/fr\/wp-json\/wp\/v2\/posts\/218394\/revisions"}],"wp:featuredmedia":[{"embeddable":true,"href":"https:\/\/www.webdo.tn\/fr\/wp-json\/wp\/v2\/media\/243508"}],"wp:attachment":[{"href":"https:\/\/www.webdo.tn\/fr\/wp-json\/wp\/v2\/media?parent=218394"}],"wp:term":[{"taxonomy":"category","embeddable":true,"href":"https:\/\/www.webdo.tn\/fr\/wp-json\/wp\/v2\/categories?post=218394"},{"taxonomy":"post_tag","embeddable":true,"href":"https:\/\/www.webdo.tn\/fr\/wp-json\/wp\/v2\/tags?post=218394"}],"curies":[{"name":"wp","href":"https:\/\/api.w.org\/{rel}","templated":true}]}}