{"id":218387,"date":"2024-12-16T20:27:00","date_gmt":"2024-12-16T20:27:00","guid":{"rendered":"https:\/\/www.webdo.tn\/fr\/blog\/tunisie-lancement-du-label-made-in-tunisia-pour-valoriser-les-produits-locaux\/218387\/"},"modified":"2025-05-21T09:08:12","modified_gmt":"2025-05-21T09:08:12","slug":"tunisie-lancement-du-label-made-in-tunisia-pour-valoriser-les-produits-locaux","status":"publish","type":"post","link":"https:\/\/www.webdo.tn\/fr\/actualite\/national\/tunisie-lancement-du-label-made-in-tunisia-pour-valoriser-les-produits-locaux\/218387\/","title":{"rendered":"Tunisie : Lancement du label \u00ab\u00a0Made in Tunisia\u00a0\u00bb pour valoriser les produits locaux"},"content":{"rendered":"<p>Ce lundi 16 d\u00e9cembre 2024, la ministre de l&rsquo;Industrie, Fatma Thabet Chiboub, a pr\u00e9sid\u00e9 une r\u00e9union du Comit\u00e9 de pilotage du projet de cr\u00e9ation du label \u00ab\u00a0Made in Tunisia\u00a0\u00bb au minist\u00e8re.<\/p>\n<p>\t\t\t\t\t\t\t\t\tL&rsquo;\u00e9v\u00e9nement a r\u00e9uni des repr\u00e9sentants de l&rsquo;UTICA, de l&rsquo;APII, du Fonds de d\u00e9p\u00f4ts et de plusieurs minist\u00e8res et structures impliqu\u00e9es dans les secteurs de l&rsquo;industrie, du commerce, de l&rsquo;agriculture et de l&rsquo;environnement.<\/p>\n<p>Mme Chiboub a soulign\u00e9 l&rsquo;importance du projet, qui vise \u00e0 valoriser les produits tunisiens, renforcer leur comp\u00e9titivit\u00e9 et soutenir l&rsquo;\u00e9conomie nationale. Ce label \u00ab\u00a0Made in Tunisia\u00a0\u00bb a pour objectif de promouvoir la qualit\u00e9 des produits, encourager leur consommation et favoriser la cr\u00e9ation d&#8217;emplois.<\/p>\n<p>Lors de cette r\u00e9union, les bases du projet ont \u00e9t\u00e9 pr\u00e9sent\u00e9es, notamment le cahier des charges et le plan d&rsquo;action qui se d\u00e9roulera en trois \u00e9tapes : la cr\u00e9ation d\u2019un r\u00e9f\u00e9rentiel pour le label, le lancement d\u2019un programme d\u2019adh\u00e9sion pour les entreprises et une strat\u00e9gie de promotion du label \u00e0 l\u2019international.<\/p>\n","protected":false},"excerpt":{"rendered":"<p>Le projet  Made in Tunisia  vise \u00e0 valoriser les produits tunisiens, renforcer leur comp\u00e9titivit\u00e9 et soutenir l&rsquo;\u00e9conomie nationale gr\u00e2ce \u00e0 un nouveau label.<\/p>\n","protected":false},"author":3166,"featured_media":291551,"comment_status":"open","ping_status":"closed","sticky":false,"template":"","format":"standard","meta":{"footnotes":""},"categories":[44],"tags":[10773,10774,10419,2608],"class_list":["post-218387","post","type-post","status-publish","format-standard","has-post-thumbnail","hentry","category-national","tag-made-in-tunisia","tag-ministeres-de-lindustrie","tag-label","tag-tunisie"],"yoast_head":"<!-- This site is optimized with the Yoast SEO Premium plugin v27.4 (Yoast SEO v27.5) - https:\/\/yoast.com\/product\/yoast-seo-premium-wordpress\/ -->\n<title>Tunisie : Lancement du label Made in Tunisia pour valoriser les produits locaux<\/title>\n<meta name=\"description\" content=\"Le projet Made in Tunisia vise \u00e0 valoriser les produits tunisiens, renforcer leur comp\u00e9titivit\u00e9 et soutenir l&#039;\u00e9conomie nationale gr\u00e2ce \u00e0 un nouveau label.\" \/>\n<link rel=\"canonical\" href=\"https:\/\/www.webdo.tn\/fr\/actualite\/national\/tunisie-lancement-du-label-made-in-tunisia-pour-valoriser-les-produits-locaux\/218387\/\" \/>\n<meta property=\"og:locale\" content=\"fr_FR\" \/>\n<meta property=\"og:type\" content=\"article\" \/>\n<meta property=\"og:title\" content=\"Tunisie : Lancement du label &quot;Made in Tunisia&quot; pour valoriser les produits locaux\" \/>\n<meta property=\"og:description\" content=\"Le projet Made in Tunisia vise \u00e0 valoriser les produits tunisiens, renforcer leur comp\u00e9titivit\u00e9 et soutenir l&#039;\u00e9conomie nationale gr\u00e2ce \u00e0 un nouveau label.\" \/>\n<meta property=\"og:url\" content=\"https:\/\/www.webdo.tn\/fr\/actualite\/national\/tunisie-lancement-du-label-made-in-tunisia-pour-valoriser-les-produits-locaux\/218387\/\" \/>\n<meta property=\"og:site_name\" content=\"webdo\" \/>\n<meta property=\"article:publisher\" content=\"https:\/\/www.facebook.com\/webdotn\" \/>\n<meta property=\"article:published_time\" content=\"2024-12-16T20:27:00+00:00\" \/>\n<meta property=\"article:modified_time\" content=\"2025-05-21T09:08:12+00:00\" \/>\n<meta property=\"og:image\" content=\"https:\/\/www.webdo.tn\/fr\/wp-content\/uploads\/2024\/12\/3ebda44ec54f9bbb317c912e503a0da8.webp\" \/>\n\t<meta property=\"og:image:width\" content=\"750\" \/>\n\t<meta property=\"og:image:height\" content=\"400\" \/>\n\t<meta property=\"og:image:type\" content=\"image\/webp\" \/>\n<meta name=\"author\" content=\"AZ\" \/>\n<meta name=\"twitter:card\" content=\"summary_large_image\" \/>\n<meta name=\"twitter:creator\" content=\"@webdo_tn\" \/>\n<meta name=\"twitter:site\" content=\"@webdo_tn\" \/>\n<meta name=\"twitter:label1\" content=\"\u00c9crit par\" \/>\n\t<meta name=\"twitter:data1\" content=\"AZ\" \/>\n\t<meta name=\"twitter:label2\" content=\"Dur\u00e9e de lecture estim\u00e9e\" \/>\n\t<meta name=\"twitter:data2\" content=\"1 minute\" \/>\n<script type=\"application\/ld+json\" class=\"yoast-schema-graph\">{\"@context\":\"https:\\\/\\\/schema.org\",\"@graph\":[{\"@type\":\"NewsArticle\",\"@id\":\"https:\\\/\\\/www.webdo.tn\\\/fr\\\/actualite\\\/national\\\/tunisie-lancement-du-label-made-in-tunisia-pour-valoriser-les-produits-locaux\\\/218387\\\/#article\",\"isPartOf\":{\"@id\":\"https:\\\/\\\/www.webdo.tn\\\/fr\\\/actualite\\\/national\\\/tunisie-lancement-du-label-made-in-tunisia-pour-valoriser-les-produits-locaux\\\/218387\\\/\"},\"author\":{\"name\":\"AZ\",\"@id\":\"https:\\\/\\\/www.webdo.tn\\\/fr\\\/#\\\/schema\\\/person\\\/b8a41c04d93287d375510db360906b34\"},\"headline\":\"Tunisie : Lancement du label \u00ab\u00a0Made in Tunisia\u00a0\u00bb pour valoriser les produits locaux\",\"datePublished\":\"2024-12-16T20:27:00+00:00\",\"dateModified\":\"2025-05-21T09:08:12+00:00\",\"mainEntityOfPage\":{\"@id\":\"https:\\\/\\\/www.webdo.tn\\\/fr\\\/actualite\\\/national\\\/tunisie-lancement-du-label-made-in-tunisia-pour-valoriser-les-produits-locaux\\\/218387\\\/\"},\"wordCount\":202,\"commentCount\":0,\"publisher\":{\"@id\":\"https:\\\/\\\/www.webdo.tn\\\/fr\\\/#organization\"},\"image\":{\"@id\":\"https:\\\/\\\/www.webdo.tn\\\/fr\\\/actualite\\\/national\\\/tunisie-lancement-du-label-made-in-tunisia-pour-valoriser-les-produits-locaux\\\/218387\\\/#primaryimage\"},\"thumbnailUrl\":\"https:\\\/\\\/www.webdo.tn\\\/fr\\\/wp-content\\\/uploads\\\/2024\\\/12\\\/3ebda44ec54f9bbb317c912e503a0da8.webp\",\"keywords\":[\"'Made in Tunisia'\",\"\\\"minist\u00e8res de l'industrie\\\"]\",\"['label'\",\"Tunisie\"],\"articleSection\":[\"National\"],\"inLanguage\":\"fr-FR\"},{\"@type\":\"WebPage\",\"@id\":\"https:\\\/\\\/www.webdo.tn\\\/fr\\\/actualite\\\/national\\\/tunisie-lancement-du-label-made-in-tunisia-pour-valoriser-les-produits-locaux\\\/218387\\\/\",\"url\":\"https:\\\/\\\/www.webdo.tn\\\/fr\\\/actualite\\\/national\\\/tunisie-lancement-du-label-made-in-tunisia-pour-valoriser-les-produits-locaux\\\/218387\\\/\",\"name\":\"Tunisie : Lancement du label Made in Tunisia pour valoriser les produits locaux\",\"isPartOf\":{\"@id\":\"https:\\\/\\\/www.webdo.tn\\\/fr\\\/#website\"},\"primaryImageOfPage\":{\"@id\":\"https:\\\/\\\/www.webdo.tn\\\/fr\\\/actualite\\\/national\\\/tunisie-lancement-du-label-made-in-tunisia-pour-valoriser-les-produits-locaux\\\/218387\\\/#primaryimage\"},\"image\":{\"@id\":\"https:\\\/\\\/www.webdo.tn\\\/fr\\\/actualite\\\/national\\\/tunisie-lancement-du-label-made-in-tunisia-pour-valoriser-les-produits-locaux\\\/218387\\\/#primaryimage\"},\"thumbnailUrl\":\"https:\\\/\\\/www.webdo.tn\\\/fr\\\/wp-content\\\/uploads\\\/2024\\\/12\\\/3ebda44ec54f9bbb317c912e503a0da8.webp\",\"datePublished\":\"2024-12-16T20:27:00+00:00\",\"dateModified\":\"2025-05-21T09:08:12+00:00\",\"description\":\"Le projet Made in Tunisia vise \u00e0 valoriser les produits tunisiens, renforcer leur comp\u00e9titivit\u00e9 et soutenir l'\u00e9conomie nationale gr\u00e2ce \u00e0 un nouveau label.\",\"breadcrumb\":{\"@id\":\"https:\\\/\\\/www.webdo.tn\\\/fr\\\/actualite\\\/national\\\/tunisie-lancement-du-label-made-in-tunisia-pour-valoriser-les-produits-locaux\\\/218387\\\/#breadcrumb\"},\"inLanguage\":\"fr-FR\",\"potentialAction\":[{\"@type\":\"ReadAction\",\"target\":[\"https:\\\/\\\/www.webdo.tn\\\/fr\\\/actualite\\\/national\\\/tunisie-lancement-du-label-made-in-tunisia-pour-valoriser-les-produits-locaux\\\/218387\\\/\"]}]},{\"@type\":\"ImageObject\",\"inLanguage\":\"fr-FR\",\"@id\":\"https:\\\/\\\/www.webdo.tn\\\/fr\\\/actualite\\\/national\\\/tunisie-lancement-du-label-made-in-tunisia-pour-valoriser-les-produits-locaux\\\/218387\\\/#primaryimage\",\"url\":\"https:\\\/\\\/www.webdo.tn\\\/fr\\\/wp-content\\\/uploads\\\/2024\\\/12\\\/3ebda44ec54f9bbb317c912e503a0da8.webp\",\"contentUrl\":\"https:\\\/\\\/www.webdo.tn\\\/fr\\\/wp-content\\\/uploads\\\/2024\\\/12\\\/3ebda44ec54f9bbb317c912e503a0da8.webp\",\"width\":750,\"height\":400,\"caption\":\"Tunisie : Lancement du label \\\"Made in Tunisia\\\" pour valoriser les produits locaux\"},{\"@type\":\"BreadcrumbList\",\"@id\":\"https:\\\/\\\/www.webdo.tn\\\/fr\\\/actualite\\\/national\\\/tunisie-lancement-du-label-made-in-tunisia-pour-valoriser-les-produits-locaux\\\/218387\\\/#breadcrumb\",\"itemListElement\":[{\"@type\":\"ListItem\",\"position\":1,\"name\":\"Accueil\",\"item\":\"https:\\\/\\\/www.webdo.tn\\\/fr\\\/\"},{\"@type\":\"ListItem\",\"position\":2,\"name\":\"Tunisie : Lancement du label \u00ab\u00a0Made in Tunisia\u00a0\u00bb pour valoriser les produits locaux\"}]},{\"@type\":\"WebSite\",\"@id\":\"https:\\\/\\\/www.webdo.tn\\\/fr\\\/#website\",\"url\":\"https:\\\/\\\/www.webdo.tn\\\/fr\\\/\",\"name\":\"webdo\",\"description\":\"Tunisie - News en Tunisie et \u00e0 l&#039;international sur Webdo.tn\",\"publisher\":{\"@id\":\"https:\\\/\\\/www.webdo.tn\\\/fr\\\/#organization\"},\"potentialAction\":[{\"@type\":\"SearchAction\",\"target\":{\"@type\":\"EntryPoint\",\"urlTemplate\":\"https:\\\/\\\/www.webdo.tn\\\/fr\\\/?s={search_term_string}\"},\"query-input\":{\"@type\":\"PropertyValueSpecification\",\"valueRequired\":true,\"valueName\":\"search_term_string\"}}],\"inLanguage\":\"fr-FR\"},{\"@type\":\"Organization\",\"@id\":\"https:\\\/\\\/www.webdo.tn\\\/fr\\\/#organization\",\"name\":\"Webdo\",\"alternateName\":\"Webdo.tn\",\"url\":\"https:\\\/\\\/www.webdo.tn\\\/fr\\\/\",\"logo\":{\"@type\":\"ImageObject\",\"inLanguage\":\"fr-FR\",\"@id\":\"https:\\\/\\\/www.webdo.tn\\\/fr\\\/#\\\/schema\\\/logo\\\/image\\\/\",\"url\":\"https:\\\/\\\/www.webdo.tn\\\/fr\\\/wp-content\\\/uploads\\\/2025\\\/06\\\/Webdo-Tunisie_168377.jpg\",\"contentUrl\":\"https:\\\/\\\/www.webdo.tn\\\/fr\\\/wp-content\\\/uploads\\\/2025\\\/06\\\/Webdo-Tunisie_168377.jpg\",\"width\":301,\"height\":301,\"caption\":\"Webdo\"},\"image\":{\"@id\":\"https:\\\/\\\/www.webdo.tn\\\/fr\\\/#\\\/schema\\\/logo\\\/image\\\/\"},\"sameAs\":[\"https:\\\/\\\/www.facebook.com\\\/webdotn\",\"https:\\\/\\\/x.com\\\/webdo_tn\"],\"description\":\"Webdo est un m\u00e9dia num\u00e9rique tunisien fond\u00e9 en 2010, sp\u00e9cialis\u00e9 dans l\u2019actualit\u00e9 nationale et internationale, l\u2019\u00e9conomie, la soci\u00e9t\u00e9 et les analyses politiques. Le site s\u2019adresse \u00e0 un large public francophone et couvre l\u2019information tunisienne en temps r\u00e9el.\",\"email\":\"redac@webdo.tn\",\"legalName\":\"YNJ SARL\",\"foundingDate\":\"2010-09-06\",\"numberOfEmployees\":{\"@type\":\"QuantitativeValue\",\"minValue\":\"11\",\"maxValue\":\"50\"}},{\"@type\":\"Person\",\"@id\":\"https:\\\/\\\/www.webdo.tn\\\/fr\\\/#\\\/schema\\\/person\\\/b8a41c04d93287d375510db360906b34\",\"name\":\"AZ\",\"image\":{\"@type\":\"ImageObject\",\"inLanguage\":\"fr-FR\",\"@id\":\"https:\\\/\\\/secure.gravatar.com\\\/avatar\\\/492b80bada79439de4201dce15cd41eece6c277cfdf1b53382073c79105c1f89?s=96&d=mm&r=g\",\"url\":\"https:\\\/\\\/secure.gravatar.com\\\/avatar\\\/492b80bada79439de4201dce15cd41eece6c277cfdf1b53382073c79105c1f89?s=96&d=mm&r=g\",\"contentUrl\":\"https:\\\/\\\/secure.gravatar.com\\\/avatar\\\/492b80bada79439de4201dce15cd41eece6c277cfdf1b53382073c79105c1f89?s=96&d=mm&r=g\",\"caption\":\"AZ\"},\"url\":\"https:\\\/\\\/www.webdo.tn\\\/fr\\\/actualite\\\/author\\\/az\\\/\"}]}<\/script>\n<!-- \/ Yoast SEO Premium plugin. -->","yoast_head_json":{"title":"Tunisie : Lancement du label Made in Tunisia pour valoriser les produits locaux","description":"Le projet Made in Tunisia vise \u00e0 valoriser les produits tunisiens, renforcer leur comp\u00e9titivit\u00e9 et soutenir l'\u00e9conomie nationale gr\u00e2ce \u00e0 un nouveau label.","canonical":"https:\/\/www.webdo.tn\/fr\/actualite\/national\/tunisie-lancement-du-label-made-in-tunisia-pour-valoriser-les-produits-locaux\/218387\/","og_locale":"fr_FR","og_type":"article","og_title":"Tunisie : Lancement du label \"Made in Tunisia\" pour valoriser les produits locaux","og_description":"Le projet Made in Tunisia vise \u00e0 valoriser les produits tunisiens, renforcer leur comp\u00e9titivit\u00e9 et soutenir l'\u00e9conomie nationale gr\u00e2ce \u00e0 un nouveau label.","og_url":"https:\/\/www.webdo.tn\/fr\/actualite\/national\/tunisie-lancement-du-label-made-in-tunisia-pour-valoriser-les-produits-locaux\/218387\/","og_site_name":"webdo","article_publisher":"https:\/\/www.facebook.com\/webdotn","article_published_time":"2024-12-16T20:27:00+00:00","article_modified_time":"2025-05-21T09:08:12+00:00","og_image":[{"width":750,"height":400,"url":"https:\/\/www.webdo.tn\/fr\/wp-content\/uploads\/2024\/12\/3ebda44ec54f9bbb317c912e503a0da8.webp","type":"image\/webp"}],"author":"AZ","twitter_card":"summary_large_image","twitter_creator":"@webdo_tn","twitter_site":"@webdo_tn","twitter_misc":{"\u00c9crit par":"AZ","Dur\u00e9e de lecture estim\u00e9e":"1 minute"},"schema":{"@context":"https:\/\/schema.org","@graph":[{"@type":"NewsArticle","@id":"https:\/\/www.webdo.tn\/fr\/actualite\/national\/tunisie-lancement-du-label-made-in-tunisia-pour-valoriser-les-produits-locaux\/218387\/#article","isPartOf":{"@id":"https:\/\/www.webdo.tn\/fr\/actualite\/national\/tunisie-lancement-du-label-made-in-tunisia-pour-valoriser-les-produits-locaux\/218387\/"},"author":{"name":"AZ","@id":"https:\/\/www.webdo.tn\/fr\/#\/schema\/person\/b8a41c04d93287d375510db360906b34"},"headline":"Tunisie : Lancement du label \u00ab\u00a0Made in Tunisia\u00a0\u00bb pour valoriser les produits locaux","datePublished":"2024-12-16T20:27:00+00:00","dateModified":"2025-05-21T09:08:12+00:00","mainEntityOfPage":{"@id":"https:\/\/www.webdo.tn\/fr\/actualite\/national\/tunisie-lancement-du-label-made-in-tunisia-pour-valoriser-les-produits-locaux\/218387\/"},"wordCount":202,"commentCount":0,"publisher":{"@id":"https:\/\/www.webdo.tn\/fr\/#organization"},"image":{"@id":"https:\/\/www.webdo.tn\/fr\/actualite\/national\/tunisie-lancement-du-label-made-in-tunisia-pour-valoriser-les-produits-locaux\/218387\/#primaryimage"},"thumbnailUrl":"https:\/\/www.webdo.tn\/fr\/wp-content\/uploads\/2024\/12\/3ebda44ec54f9bbb317c912e503a0da8.webp","keywords":["'Made in Tunisia'","\"minist\u00e8res de l'industrie\"]","['label'","Tunisie"],"articleSection":["National"],"inLanguage":"fr-FR"},{"@type":"WebPage","@id":"https:\/\/www.webdo.tn\/fr\/actualite\/national\/tunisie-lancement-du-label-made-in-tunisia-pour-valoriser-les-produits-locaux\/218387\/","url":"https:\/\/www.webdo.tn\/fr\/actualite\/national\/tunisie-lancement-du-label-made-in-tunisia-pour-valoriser-les-produits-locaux\/218387\/","name":"Tunisie : Lancement du label Made in Tunisia pour valoriser les produits locaux","isPartOf":{"@id":"https:\/\/www.webdo.tn\/fr\/#website"},"primaryImageOfPage":{"@id":"https:\/\/www.webdo.tn\/fr\/actualite\/national\/tunisie-lancement-du-label-made-in-tunisia-pour-valoriser-les-produits-locaux\/218387\/#primaryimage"},"image":{"@id":"https:\/\/www.webdo.tn\/fr\/actualite\/national\/tunisie-lancement-du-label-made-in-tunisia-pour-valoriser-les-produits-locaux\/218387\/#primaryimage"},"thumbnailUrl":"https:\/\/www.webdo.tn\/fr\/wp-content\/uploads\/2024\/12\/3ebda44ec54f9bbb317c912e503a0da8.webp","datePublished":"2024-12-16T20:27:00+00:00","dateModified":"2025-05-21T09:08:12+00:00","description":"Le projet Made in Tunisia vise \u00e0 valoriser les produits tunisiens, renforcer leur comp\u00e9titivit\u00e9 et soutenir l'\u00e9conomie nationale gr\u00e2ce \u00e0 un nouveau label.","breadcrumb":{"@id":"https:\/\/www.webdo.tn\/fr\/actualite\/national\/tunisie-lancement-du-label-made-in-tunisia-pour-valoriser-les-produits-locaux\/218387\/#breadcrumb"},"inLanguage":"fr-FR","potentialAction":[{"@type":"ReadAction","target":["https:\/\/www.webdo.tn\/fr\/actualite\/national\/tunisie-lancement-du-label-made-in-tunisia-pour-valoriser-les-produits-locaux\/218387\/"]}]},{"@type":"ImageObject","inLanguage":"fr-FR","@id":"https:\/\/www.webdo.tn\/fr\/actualite\/national\/tunisie-lancement-du-label-made-in-tunisia-pour-valoriser-les-produits-locaux\/218387\/#primaryimage","url":"https:\/\/www.webdo.tn\/fr\/wp-content\/uploads\/2024\/12\/3ebda44ec54f9bbb317c912e503a0da8.webp","contentUrl":"https:\/\/www.webdo.tn\/fr\/wp-content\/uploads\/2024\/12\/3ebda44ec54f9bbb317c912e503a0da8.webp","width":750,"height":400,"caption":"Tunisie : Lancement du label \"Made in Tunisia\" pour valoriser les produits locaux"},{"@type":"BreadcrumbList","@id":"https:\/\/www.webdo.tn\/fr\/actualite\/national\/tunisie-lancement-du-label-made-in-tunisia-pour-valoriser-les-produits-locaux\/218387\/#breadcrumb","itemListElement":[{"@type":"ListItem","position":1,"name":"Accueil","item":"https:\/\/www.webdo.tn\/fr\/"},{"@type":"ListItem","position":2,"name":"Tunisie : Lancement du label \u00ab\u00a0Made in Tunisia\u00a0\u00bb pour valoriser les produits locaux"}]},{"@type":"WebSite","@id":"https:\/\/www.webdo.tn\/fr\/#website","url":"https:\/\/www.webdo.tn\/fr\/","name":"webdo","description":"Tunisie - News en Tunisie et \u00e0 l&#039;international sur Webdo.tn","publisher":{"@id":"https:\/\/www.webdo.tn\/fr\/#organization"},"potentialAction":[{"@type":"SearchAction","target":{"@type":"EntryPoint","urlTemplate":"https:\/\/www.webdo.tn\/fr\/?s={search_term_string}"},"query-input":{"@type":"PropertyValueSpecification","valueRequired":true,"valueName":"search_term_string"}}],"inLanguage":"fr-FR"},{"@type":"Organization","@id":"https:\/\/www.webdo.tn\/fr\/#organization","name":"Webdo","alternateName":"Webdo.tn","url":"https:\/\/www.webdo.tn\/fr\/","logo":{"@type":"ImageObject","inLanguage":"fr-FR","@id":"https:\/\/www.webdo.tn\/fr\/#\/schema\/logo\/image\/","url":"https:\/\/www.webdo.tn\/fr\/wp-content\/uploads\/2025\/06\/Webdo-Tunisie_168377.jpg","contentUrl":"https:\/\/www.webdo.tn\/fr\/wp-content\/uploads\/2025\/06\/Webdo-Tunisie_168377.jpg","width":301,"height":301,"caption":"Webdo"},"image":{"@id":"https:\/\/www.webdo.tn\/fr\/#\/schema\/logo\/image\/"},"sameAs":["https:\/\/www.facebook.com\/webdotn","https:\/\/x.com\/webdo_tn"],"description":"Webdo est un m\u00e9dia num\u00e9rique tunisien fond\u00e9 en 2010, sp\u00e9cialis\u00e9 dans l\u2019actualit\u00e9 nationale et internationale, l\u2019\u00e9conomie, la soci\u00e9t\u00e9 et les analyses politiques. Le site s\u2019adresse \u00e0 un large public francophone et couvre l\u2019information tunisienne en temps r\u00e9el.","email":"redac@webdo.tn","legalName":"YNJ SARL","foundingDate":"2010-09-06","numberOfEmployees":{"@type":"QuantitativeValue","minValue":"11","maxValue":"50"}},{"@type":"Person","@id":"https:\/\/www.webdo.tn\/fr\/#\/schema\/person\/b8a41c04d93287d375510db360906b34","name":"AZ","image":{"@type":"ImageObject","inLanguage":"fr-FR","@id":"https:\/\/secure.gravatar.com\/avatar\/492b80bada79439de4201dce15cd41eece6c277cfdf1b53382073c79105c1f89?s=96&d=mm&r=g","url":"https:\/\/secure.gravatar.com\/avatar\/492b80bada79439de4201dce15cd41eece6c277cfdf1b53382073c79105c1f89?s=96&d=mm&r=g","contentUrl":"https:\/\/secure.gravatar.com\/avatar\/492b80bada79439de4201dce15cd41eece6c277cfdf1b53382073c79105c1f89?s=96&d=mm&r=g","caption":"AZ"},"url":"https:\/\/www.webdo.tn\/fr\/actualite\/author\/az\/"}]}},"_links":{"self":[{"href":"https:\/\/www.webdo.tn\/fr\/wp-json\/wp\/v2\/posts\/218387","targetHints":{"allow":["GET"]}}],"collection":[{"href":"https:\/\/www.webdo.tn\/fr\/wp-json\/wp\/v2\/posts"}],"about":[{"href":"https:\/\/www.webdo.tn\/fr\/wp-json\/wp\/v2\/types\/post"}],"author":[{"embeddable":true,"href":"https:\/\/www.webdo.tn\/fr\/wp-json\/wp\/v2\/users\/3166"}],"replies":[{"embeddable":true,"href":"https:\/\/www.webdo.tn\/fr\/wp-json\/wp\/v2\/comments?post=218387"}],"version-history":[{"count":0,"href":"https:\/\/www.webdo.tn\/fr\/wp-json\/wp\/v2\/posts\/218387\/revisions"}],"wp:featuredmedia":[{"embeddable":true,"href":"https:\/\/www.webdo.tn\/fr\/wp-json\/wp\/v2\/media\/291551"}],"wp:attachment":[{"href":"https:\/\/www.webdo.tn\/fr\/wp-json\/wp\/v2\/media?parent=218387"}],"wp:term":[{"taxonomy":"category","embeddable":true,"href":"https:\/\/www.webdo.tn\/fr\/wp-json\/wp\/v2\/categories?post=218387"},{"taxonomy":"post_tag","embeddable":true,"href":"https:\/\/www.webdo.tn\/fr\/wp-json\/wp\/v2\/tags?post=218387"}],"curies":[{"name":"wp","href":"https:\/\/api.w.org\/{rel}","templated":true}]}}