{"id":218384,"date":"2024-12-16T19:04:00","date_gmt":"2024-12-16T19:04:00","guid":{"rendered":"https:\/\/www.webdo.tn\/fr\/blog\/2024\/12\/16\/fete-de-la-revolution-1-570-detenus-gracies\/"},"modified":"2025-05-21T09:01:25","modified_gmt":"2025-05-21T09:01:25","slug":"fete-de-la-revolution-1-570-detenus-gracies","status":"publish","type":"post","link":"https:\/\/www.webdo.tn\/fr\/actualite\/national\/fete-de-la-revolution-1-570-detenus-gracies\/218384\/","title":{"rendered":"F\u00eate de la r\u00e9volution : 1 570 d\u00e9tenus graci\u00e9s"},"content":{"rendered":"<p>\u00c0 l\u2019occasion de l\u2019anniversaire de la R\u00e9volution du 17 d\u00e9cembre, le pr\u00e9sident de la R\u00e9publique, Ka\u00efs Sa\u00efed, a d\u00e9cid\u00e9 d\u2019accorder une gr\u00e2ce pr\u00e9sidentielle.<\/p>\n<p>\t\t\t\t\t\t\t\t\tD&rsquo;apr\u00e8s un communiqu\u00e9 de la pr\u00e9sidence de la R\u00e9publique, 1 570 personnes condamn\u00e9es b\u00e9n\u00e9ficieront d&rsquo;un pardon sp\u00e9cial, ce qui entra\u00eenera la lib\u00e9ration de 270 d&rsquo;entre elles.<\/p>\n","protected":false},"excerpt":{"rendered":"<p>Le pr\u00e9sident Ka\u00efs Sa\u00efed accorde une gr\u00e2ce pr\u00e9sidentielle \u00e0 1 570 d\u00e9tenus, lib\u00e9rant ainsi 270 prisonniers, \u00e0 l&rsquo;occasion de l&rsquo;anniversaire de la R\u00e9volution du 17&#8230;<\/p>\n","protected":false},"author":3166,"featured_media":243432,"comment_status":"open","ping_status":"open","sticky":false,"template":"","format":"standard","meta":{"footnotes":""},"categories":[44],"tags":[4726,3583,2608],"class_list":["post-218384","post","type-post","status-publish","format-standard","has-post-thumbnail","hentry","category-national","tag-fete-de-la-revolution","tag-grace-presidentielle","tag-tunisie"],"yoast_head":"<!-- This site is optimized with the Yoast SEO Premium plugin v27.5 (Yoast SEO v27.5) - https:\/\/yoast.com\/product\/yoast-seo-premium-wordpress\/ -->\n<title>F\u00eate de la r\u00e9volution : 1 570 d\u00e9tenus graci\u00e9s<\/title>\n<meta name=\"description\" content=\"Le pr\u00e9sident Ka\u00efs Sa\u00efed accorde une gr\u00e2ce pr\u00e9sidentielle \u00e0 1 570 d\u00e9tenus, lib\u00e9rant ainsi 270 prisonniers, \u00e0 l&#039;occasion de l&#039;anniversaire de la R\u00e9volution du 17...\" \/>\n<link rel=\"canonical\" href=\"https:\/\/www.webdo.tn\/fr\/actualite\/national\/fete-de-la-revolution-1-570-detenus-gracies\/218384\/\" \/>\n<meta property=\"og:locale\" content=\"fr_FR\" \/>\n<meta property=\"og:type\" content=\"article\" \/>\n<meta property=\"og:title\" content=\"F\u00eate de la r\u00e9volution : 1 570 d\u00e9tenus graci\u00e9s\" \/>\n<meta property=\"og:description\" content=\"Le pr\u00e9sident Ka\u00efs Sa\u00efed accorde une gr\u00e2ce pr\u00e9sidentielle \u00e0 1 570 d\u00e9tenus, lib\u00e9rant ainsi 270 prisonniers, \u00e0 l&#039;occasion de l&#039;anniversaire de la R\u00e9volution du 17...\" \/>\n<meta property=\"og:url\" content=\"https:\/\/www.webdo.tn\/fr\/actualite\/national\/fete-de-la-revolution-1-570-detenus-gracies\/218384\/\" \/>\n<meta property=\"og:site_name\" content=\"webdo\" \/>\n<meta property=\"article:publisher\" content=\"https:\/\/www.facebook.com\/webdotn\" \/>\n<meta property=\"article:published_time\" content=\"2024-12-16T19:04:00+00:00\" \/>\n<meta property=\"article:modified_time\" content=\"2025-05-21T09:01:25+00:00\" \/>\n<meta property=\"og:image\" content=\"https:\/\/www.webdo.tn\/fr\/wp-content\/uploads\/2025\/05\/7396fe862f9aac6f06bcc5962a58d715-2.webp\" \/>\n\t<meta property=\"og:image:width\" content=\"750\" \/>\n\t<meta property=\"og:image:height\" content=\"400\" \/>\n\t<meta property=\"og:image:type\" content=\"image\/webp\" \/>\n<meta name=\"author\" content=\"AZ\" \/>\n<meta name=\"twitter:card\" content=\"summary_large_image\" \/>\n<meta name=\"twitter:creator\" content=\"@webdo_tn\" \/>\n<meta name=\"twitter:site\" content=\"@webdo_tn\" \/>\n<meta name=\"twitter:label1\" content=\"\u00c9crit par\" \/>\n\t<meta name=\"twitter:data1\" content=\"AZ\" \/>\n<script type=\"application\/ld+json\" class=\"yoast-schema-graph\">{\"@context\":\"https:\\\/\\\/schema.org\",\"@graph\":[{\"@type\":\"NewsArticle\",\"@id\":\"https:\\\/\\\/www.webdo.tn\\\/fr\\\/actualite\\\/national\\\/fete-de-la-revolution-1-570-detenus-gracies\\\/218384\\\/#article\",\"isPartOf\":{\"@id\":\"https:\\\/\\\/www.webdo.tn\\\/fr\\\/actualite\\\/national\\\/fete-de-la-revolution-1-570-detenus-gracies\\\/218384\\\/\"},\"author\":{\"name\":\"AZ\",\"@id\":\"https:\\\/\\\/www.webdo.tn\\\/fr\\\/#\\\/schema\\\/person\\\/b8a41c04d93287d375510db360906b34\"},\"headline\":\"F\u00eate de la r\u00e9volution : 1 570 d\u00e9tenus graci\u00e9s\",\"datePublished\":\"2024-12-16T19:04:00+00:00\",\"dateModified\":\"2025-05-21T09:01:25+00:00\",\"mainEntityOfPage\":{\"@id\":\"https:\\\/\\\/www.webdo.tn\\\/fr\\\/actualite\\\/national\\\/fete-de-la-revolution-1-570-detenus-gracies\\\/218384\\\/\"},\"wordCount\":78,\"commentCount\":0,\"publisher\":{\"@id\":\"https:\\\/\\\/www.webdo.tn\\\/fr\\\/#organization\"},\"image\":{\"@id\":\"https:\\\/\\\/www.webdo.tn\\\/fr\\\/actualite\\\/national\\\/fete-de-la-revolution-1-570-detenus-gracies\\\/218384\\\/#primaryimage\"},\"thumbnailUrl\":\"https:\\\/\\\/www.webdo.tn\\\/fr\\\/wp-content\\\/uploads\\\/2025\\\/05\\\/7396fe862f9aac6f06bcc5962a58d715-2.webp\",\"keywords\":[\"f\u00eate de la r\u00e9volution\",\"gr\u00e2ce pr\u00e9sidentielle\",\"Tunisie\"],\"articleSection\":[\"National\"],\"inLanguage\":\"fr-FR\"},{\"@type\":\"WebPage\",\"@id\":\"https:\\\/\\\/www.webdo.tn\\\/fr\\\/actualite\\\/national\\\/fete-de-la-revolution-1-570-detenus-gracies\\\/218384\\\/\",\"url\":\"https:\\\/\\\/www.webdo.tn\\\/fr\\\/actualite\\\/national\\\/fete-de-la-revolution-1-570-detenus-gracies\\\/218384\\\/\",\"name\":\"F\u00eate de la r\u00e9volution : 1 570 d\u00e9tenus graci\u00e9s\",\"isPartOf\":{\"@id\":\"https:\\\/\\\/www.webdo.tn\\\/fr\\\/#website\"},\"primaryImageOfPage\":{\"@id\":\"https:\\\/\\\/www.webdo.tn\\\/fr\\\/actualite\\\/national\\\/fete-de-la-revolution-1-570-detenus-gracies\\\/218384\\\/#primaryimage\"},\"image\":{\"@id\":\"https:\\\/\\\/www.webdo.tn\\\/fr\\\/actualite\\\/national\\\/fete-de-la-revolution-1-570-detenus-gracies\\\/218384\\\/#primaryimage\"},\"thumbnailUrl\":\"https:\\\/\\\/www.webdo.tn\\\/fr\\\/wp-content\\\/uploads\\\/2025\\\/05\\\/7396fe862f9aac6f06bcc5962a58d715-2.webp\",\"datePublished\":\"2024-12-16T19:04:00+00:00\",\"dateModified\":\"2025-05-21T09:01:25+00:00\",\"description\":\"Le pr\u00e9sident Ka\u00efs Sa\u00efed accorde une gr\u00e2ce pr\u00e9sidentielle \u00e0 1 570 d\u00e9tenus, lib\u00e9rant ainsi 270 prisonniers, \u00e0 l'occasion de l'anniversaire de la R\u00e9volution du 17...\",\"breadcrumb\":{\"@id\":\"https:\\\/\\\/www.webdo.tn\\\/fr\\\/actualite\\\/national\\\/fete-de-la-revolution-1-570-detenus-gracies\\\/218384\\\/#breadcrumb\"},\"inLanguage\":\"fr-FR\",\"potentialAction\":[{\"@type\":\"ReadAction\",\"target\":[\"https:\\\/\\\/www.webdo.tn\\\/fr\\\/actualite\\\/national\\\/fete-de-la-revolution-1-570-detenus-gracies\\\/218384\\\/\"]}]},{\"@type\":\"ImageObject\",\"inLanguage\":\"fr-FR\",\"@id\":\"https:\\\/\\\/www.webdo.tn\\\/fr\\\/actualite\\\/national\\\/fete-de-la-revolution-1-570-detenus-gracies\\\/218384\\\/#primaryimage\",\"url\":\"https:\\\/\\\/www.webdo.tn\\\/fr\\\/wp-content\\\/uploads\\\/2025\\\/05\\\/7396fe862f9aac6f06bcc5962a58d715-2.webp\",\"contentUrl\":\"https:\\\/\\\/www.webdo.tn\\\/fr\\\/wp-content\\\/uploads\\\/2025\\\/05\\\/7396fe862f9aac6f06bcc5962a58d715-2.webp\",\"width\":750,\"height\":400},{\"@type\":\"BreadcrumbList\",\"@id\":\"https:\\\/\\\/www.webdo.tn\\\/fr\\\/actualite\\\/national\\\/fete-de-la-revolution-1-570-detenus-gracies\\\/218384\\\/#breadcrumb\",\"itemListElement\":[{\"@type\":\"ListItem\",\"position\":1,\"name\":\"Accueil\",\"item\":\"https:\\\/\\\/www.webdo.tn\\\/fr\\\/\"},{\"@type\":\"ListItem\",\"position\":2,\"name\":\"F\u00eate de la r\u00e9volution : 1 570 d\u00e9tenus graci\u00e9s\"}]},{\"@type\":\"WebSite\",\"@id\":\"https:\\\/\\\/www.webdo.tn\\\/fr\\\/#website\",\"url\":\"https:\\\/\\\/www.webdo.tn\\\/fr\\\/\",\"name\":\"webdo\",\"description\":\"Tunisie - News en Tunisie et \u00e0 l&#039;international sur Webdo.tn\",\"publisher\":{\"@id\":\"https:\\\/\\\/www.webdo.tn\\\/fr\\\/#organization\"},\"potentialAction\":[{\"@type\":\"SearchAction\",\"target\":{\"@type\":\"EntryPoint\",\"urlTemplate\":\"https:\\\/\\\/www.webdo.tn\\\/fr\\\/?s={search_term_string}\"},\"query-input\":{\"@type\":\"PropertyValueSpecification\",\"valueRequired\":true,\"valueName\":\"search_term_string\"}}],\"inLanguage\":\"fr-FR\"},{\"@type\":\"Organization\",\"@id\":\"https:\\\/\\\/www.webdo.tn\\\/fr\\\/#organization\",\"name\":\"Webdo\",\"alternateName\":\"Webdo.tn\",\"url\":\"https:\\\/\\\/www.webdo.tn\\\/fr\\\/\",\"logo\":{\"@type\":\"ImageObject\",\"inLanguage\":\"fr-FR\",\"@id\":\"https:\\\/\\\/www.webdo.tn\\\/fr\\\/#\\\/schema\\\/logo\\\/image\\\/\",\"url\":\"https:\\\/\\\/www.webdo.tn\\\/fr\\\/wp-content\\\/uploads\\\/2025\\\/06\\\/Webdo-Tunisie_168377.jpg\",\"contentUrl\":\"https:\\\/\\\/www.webdo.tn\\\/fr\\\/wp-content\\\/uploads\\\/2025\\\/06\\\/Webdo-Tunisie_168377.jpg\",\"width\":301,\"height\":301,\"caption\":\"Webdo\"},\"image\":{\"@id\":\"https:\\\/\\\/www.webdo.tn\\\/fr\\\/#\\\/schema\\\/logo\\\/image\\\/\"},\"sameAs\":[\"https:\\\/\\\/www.facebook.com\\\/webdotn\",\"https:\\\/\\\/x.com\\\/webdo_tn\"],\"description\":\"Webdo est un m\u00e9dia num\u00e9rique tunisien fond\u00e9 en 2010, sp\u00e9cialis\u00e9 dans l\u2019actualit\u00e9 nationale et internationale, l\u2019\u00e9conomie, la soci\u00e9t\u00e9 et les analyses politiques. Le site s\u2019adresse \u00e0 un large public francophone et couvre l\u2019information tunisienne en temps r\u00e9el.\",\"email\":\"redac@webdo.tn\",\"legalName\":\"YNJ SARL\",\"foundingDate\":\"2010-09-06\",\"numberOfEmployees\":{\"@type\":\"QuantitativeValue\",\"minValue\":\"11\",\"maxValue\":\"50\"}},{\"@type\":\"Person\",\"@id\":\"https:\\\/\\\/www.webdo.tn\\\/fr\\\/#\\\/schema\\\/person\\\/b8a41c04d93287d375510db360906b34\",\"name\":\"AZ\",\"image\":{\"@type\":\"ImageObject\",\"inLanguage\":\"fr-FR\",\"@id\":\"https:\\\/\\\/secure.gravatar.com\\\/avatar\\\/492b80bada79439de4201dce15cd41eece6c277cfdf1b53382073c79105c1f89?s=96&d=mm&r=g\",\"url\":\"https:\\\/\\\/secure.gravatar.com\\\/avatar\\\/492b80bada79439de4201dce15cd41eece6c277cfdf1b53382073c79105c1f89?s=96&d=mm&r=g\",\"contentUrl\":\"https:\\\/\\\/secure.gravatar.com\\\/avatar\\\/492b80bada79439de4201dce15cd41eece6c277cfdf1b53382073c79105c1f89?s=96&d=mm&r=g\",\"caption\":\"AZ\"},\"url\":\"https:\\\/\\\/www.webdo.tn\\\/fr\\\/actualite\\\/author\\\/az\\\/\"}]}<\/script>\n<!-- \/ Yoast SEO Premium plugin. -->","yoast_head_json":{"title":"F\u00eate de la r\u00e9volution : 1 570 d\u00e9tenus graci\u00e9s","description":"Le pr\u00e9sident Ka\u00efs Sa\u00efed accorde une gr\u00e2ce pr\u00e9sidentielle \u00e0 1 570 d\u00e9tenus, lib\u00e9rant ainsi 270 prisonniers, \u00e0 l'occasion de l'anniversaire de la R\u00e9volution du 17...","canonical":"https:\/\/www.webdo.tn\/fr\/actualite\/national\/fete-de-la-revolution-1-570-detenus-gracies\/218384\/","og_locale":"fr_FR","og_type":"article","og_title":"F\u00eate de la r\u00e9volution : 1 570 d\u00e9tenus graci\u00e9s","og_description":"Le pr\u00e9sident Ka\u00efs Sa\u00efed accorde une gr\u00e2ce pr\u00e9sidentielle \u00e0 1 570 d\u00e9tenus, lib\u00e9rant ainsi 270 prisonniers, \u00e0 l'occasion de l'anniversaire de la R\u00e9volution du 17...","og_url":"https:\/\/www.webdo.tn\/fr\/actualite\/national\/fete-de-la-revolution-1-570-detenus-gracies\/218384\/","og_site_name":"webdo","article_publisher":"https:\/\/www.facebook.com\/webdotn","article_published_time":"2024-12-16T19:04:00+00:00","article_modified_time":"2025-05-21T09:01:25+00:00","og_image":[{"width":750,"height":400,"url":"https:\/\/www.webdo.tn\/fr\/wp-content\/uploads\/2025\/05\/7396fe862f9aac6f06bcc5962a58d715-2.webp","type":"image\/webp"}],"author":"AZ","twitter_card":"summary_large_image","twitter_creator":"@webdo_tn","twitter_site":"@webdo_tn","twitter_misc":{"\u00c9crit par":"AZ"},"schema":{"@context":"https:\/\/schema.org","@graph":[{"@type":"NewsArticle","@id":"https:\/\/www.webdo.tn\/fr\/actualite\/national\/fete-de-la-revolution-1-570-detenus-gracies\/218384\/#article","isPartOf":{"@id":"https:\/\/www.webdo.tn\/fr\/actualite\/national\/fete-de-la-revolution-1-570-detenus-gracies\/218384\/"},"author":{"name":"AZ","@id":"https:\/\/www.webdo.tn\/fr\/#\/schema\/person\/b8a41c04d93287d375510db360906b34"},"headline":"F\u00eate de la r\u00e9volution : 1 570 d\u00e9tenus graci\u00e9s","datePublished":"2024-12-16T19:04:00+00:00","dateModified":"2025-05-21T09:01:25+00:00","mainEntityOfPage":{"@id":"https:\/\/www.webdo.tn\/fr\/actualite\/national\/fete-de-la-revolution-1-570-detenus-gracies\/218384\/"},"wordCount":78,"commentCount":0,"publisher":{"@id":"https:\/\/www.webdo.tn\/fr\/#organization"},"image":{"@id":"https:\/\/www.webdo.tn\/fr\/actualite\/national\/fete-de-la-revolution-1-570-detenus-gracies\/218384\/#primaryimage"},"thumbnailUrl":"https:\/\/www.webdo.tn\/fr\/wp-content\/uploads\/2025\/05\/7396fe862f9aac6f06bcc5962a58d715-2.webp","keywords":["f\u00eate de la r\u00e9volution","gr\u00e2ce pr\u00e9sidentielle","Tunisie"],"articleSection":["National"],"inLanguage":"fr-FR"},{"@type":"WebPage","@id":"https:\/\/www.webdo.tn\/fr\/actualite\/national\/fete-de-la-revolution-1-570-detenus-gracies\/218384\/","url":"https:\/\/www.webdo.tn\/fr\/actualite\/national\/fete-de-la-revolution-1-570-detenus-gracies\/218384\/","name":"F\u00eate de la r\u00e9volution : 1 570 d\u00e9tenus graci\u00e9s","isPartOf":{"@id":"https:\/\/www.webdo.tn\/fr\/#website"},"primaryImageOfPage":{"@id":"https:\/\/www.webdo.tn\/fr\/actualite\/national\/fete-de-la-revolution-1-570-detenus-gracies\/218384\/#primaryimage"},"image":{"@id":"https:\/\/www.webdo.tn\/fr\/actualite\/national\/fete-de-la-revolution-1-570-detenus-gracies\/218384\/#primaryimage"},"thumbnailUrl":"https:\/\/www.webdo.tn\/fr\/wp-content\/uploads\/2025\/05\/7396fe862f9aac6f06bcc5962a58d715-2.webp","datePublished":"2024-12-16T19:04:00+00:00","dateModified":"2025-05-21T09:01:25+00:00","description":"Le pr\u00e9sident Ka\u00efs Sa\u00efed accorde une gr\u00e2ce pr\u00e9sidentielle \u00e0 1 570 d\u00e9tenus, lib\u00e9rant ainsi 270 prisonniers, \u00e0 l'occasion de l'anniversaire de la R\u00e9volution du 17...","breadcrumb":{"@id":"https:\/\/www.webdo.tn\/fr\/actualite\/national\/fete-de-la-revolution-1-570-detenus-gracies\/218384\/#breadcrumb"},"inLanguage":"fr-FR","potentialAction":[{"@type":"ReadAction","target":["https:\/\/www.webdo.tn\/fr\/actualite\/national\/fete-de-la-revolution-1-570-detenus-gracies\/218384\/"]}]},{"@type":"ImageObject","inLanguage":"fr-FR","@id":"https:\/\/www.webdo.tn\/fr\/actualite\/national\/fete-de-la-revolution-1-570-detenus-gracies\/218384\/#primaryimage","url":"https:\/\/www.webdo.tn\/fr\/wp-content\/uploads\/2025\/05\/7396fe862f9aac6f06bcc5962a58d715-2.webp","contentUrl":"https:\/\/www.webdo.tn\/fr\/wp-content\/uploads\/2025\/05\/7396fe862f9aac6f06bcc5962a58d715-2.webp","width":750,"height":400},{"@type":"BreadcrumbList","@id":"https:\/\/www.webdo.tn\/fr\/actualite\/national\/fete-de-la-revolution-1-570-detenus-gracies\/218384\/#breadcrumb","itemListElement":[{"@type":"ListItem","position":1,"name":"Accueil","item":"https:\/\/www.webdo.tn\/fr\/"},{"@type":"ListItem","position":2,"name":"F\u00eate de la r\u00e9volution : 1 570 d\u00e9tenus graci\u00e9s"}]},{"@type":"WebSite","@id":"https:\/\/www.webdo.tn\/fr\/#website","url":"https:\/\/www.webdo.tn\/fr\/","name":"webdo","description":"Tunisie - News en Tunisie et \u00e0 l&#039;international sur Webdo.tn","publisher":{"@id":"https:\/\/www.webdo.tn\/fr\/#organization"},"potentialAction":[{"@type":"SearchAction","target":{"@type":"EntryPoint","urlTemplate":"https:\/\/www.webdo.tn\/fr\/?s={search_term_string}"},"query-input":{"@type":"PropertyValueSpecification","valueRequired":true,"valueName":"search_term_string"}}],"inLanguage":"fr-FR"},{"@type":"Organization","@id":"https:\/\/www.webdo.tn\/fr\/#organization","name":"Webdo","alternateName":"Webdo.tn","url":"https:\/\/www.webdo.tn\/fr\/","logo":{"@type":"ImageObject","inLanguage":"fr-FR","@id":"https:\/\/www.webdo.tn\/fr\/#\/schema\/logo\/image\/","url":"https:\/\/www.webdo.tn\/fr\/wp-content\/uploads\/2025\/06\/Webdo-Tunisie_168377.jpg","contentUrl":"https:\/\/www.webdo.tn\/fr\/wp-content\/uploads\/2025\/06\/Webdo-Tunisie_168377.jpg","width":301,"height":301,"caption":"Webdo"},"image":{"@id":"https:\/\/www.webdo.tn\/fr\/#\/schema\/logo\/image\/"},"sameAs":["https:\/\/www.facebook.com\/webdotn","https:\/\/x.com\/webdo_tn"],"description":"Webdo est un m\u00e9dia num\u00e9rique tunisien fond\u00e9 en 2010, sp\u00e9cialis\u00e9 dans l\u2019actualit\u00e9 nationale et internationale, l\u2019\u00e9conomie, la soci\u00e9t\u00e9 et les analyses politiques. Le site s\u2019adresse \u00e0 un large public francophone et couvre l\u2019information tunisienne en temps r\u00e9el.","email":"redac@webdo.tn","legalName":"YNJ SARL","foundingDate":"2010-09-06","numberOfEmployees":{"@type":"QuantitativeValue","minValue":"11","maxValue":"50"}},{"@type":"Person","@id":"https:\/\/www.webdo.tn\/fr\/#\/schema\/person\/b8a41c04d93287d375510db360906b34","name":"AZ","image":{"@type":"ImageObject","inLanguage":"fr-FR","@id":"https:\/\/secure.gravatar.com\/avatar\/492b80bada79439de4201dce15cd41eece6c277cfdf1b53382073c79105c1f89?s=96&d=mm&r=g","url":"https:\/\/secure.gravatar.com\/avatar\/492b80bada79439de4201dce15cd41eece6c277cfdf1b53382073c79105c1f89?s=96&d=mm&r=g","contentUrl":"https:\/\/secure.gravatar.com\/avatar\/492b80bada79439de4201dce15cd41eece6c277cfdf1b53382073c79105c1f89?s=96&d=mm&r=g","caption":"AZ"},"url":"https:\/\/www.webdo.tn\/fr\/actualite\/author\/az\/"}]}},"_links":{"self":[{"href":"https:\/\/www.webdo.tn\/fr\/wp-json\/wp\/v2\/posts\/218384","targetHints":{"allow":["GET"]}}],"collection":[{"href":"https:\/\/www.webdo.tn\/fr\/wp-json\/wp\/v2\/posts"}],"about":[{"href":"https:\/\/www.webdo.tn\/fr\/wp-json\/wp\/v2\/types\/post"}],"author":[{"embeddable":true,"href":"https:\/\/www.webdo.tn\/fr\/wp-json\/wp\/v2\/users\/3166"}],"replies":[{"embeddable":true,"href":"https:\/\/www.webdo.tn\/fr\/wp-json\/wp\/v2\/comments?post=218384"}],"version-history":[{"count":0,"href":"https:\/\/www.webdo.tn\/fr\/wp-json\/wp\/v2\/posts\/218384\/revisions"}],"wp:featuredmedia":[{"embeddable":true,"href":"https:\/\/www.webdo.tn\/fr\/wp-json\/wp\/v2\/media\/243432"}],"wp:attachment":[{"href":"https:\/\/www.webdo.tn\/fr\/wp-json\/wp\/v2\/media?parent=218384"}],"wp:term":[{"taxonomy":"category","embeddable":true,"href":"https:\/\/www.webdo.tn\/fr\/wp-json\/wp\/v2\/categories?post=218384"},{"taxonomy":"post_tag","embeddable":true,"href":"https:\/\/www.webdo.tn\/fr\/wp-json\/wp\/v2\/tags?post=218384"}],"curies":[{"name":"wp","href":"https:\/\/api.w.org\/{rel}","templated":true}]}}