{"id":218381,"date":"2024-12-14T10:00:00","date_gmt":"2024-12-14T10:00:00","guid":{"rendered":"https:\/\/www.webdo.tn\/fr\/blog\/2024\/12\/14\/rsiff-2024-en-conversation-avec-sarah-jessica-parker\/"},"modified":"2025-05-21T08:55:09","modified_gmt":"2025-05-21T08:55:09","slug":"rsiff-2024-en-conversation-avec-sarah-jessica-parker","status":"publish","type":"post","link":"https:\/\/www.webdo.tn\/fr\/actualite\/culture\/rsiff-2024-en-conversation-avec-sarah-jessica-parker\/218381\/","title":{"rendered":"RSIFF 2024 &#8211; En\u00a0conversation\u00a0avec Sarah Jessica Parker"},"content":{"rendered":"<div class=\"single-body entry-content typography-copy\" itemprop=\"articleBody\">\n<p style=\"font-weight: bold; text-align: justify\">\n\t\t\t\t\t\t\t\t\tSarah Jessica Parker, une ic\u00f4ne hollywoodienne au Festival International du Film de la Mer Rouge\n\t\t\t\t\t\t\t\t<\/p>\n<div class=\"coprs\" style=\"text-align: center\"><\/div>\n<div class=\"coprs\" style=\"text-align: justify\">\n<p><span><span>Sarah Jessica Parker, actrice, productrice, entrepreneuse et \u00e9ditrice am\u00e9ricaine, est n\u00e9e le 25 mars 1965 \u00e0 Nelsonville, dans l&rsquo;Ohio. Elle est mondialement connue pour son r\u00f4le embl\u00e9matique de Carrie Bradshaw dans la s\u00e9rie culte <strong><em>Sex and the City<\/em><\/strong> (1998-2004), o\u00f9 elle incarne une chroniqueuse new-yorkaise passionn\u00e9e de mode et en qu\u00eate d\u2019amour. Ce personnage iconique, \u00e0 la fois audacieux et vuln\u00e9rable, a marqu\u00e9 une g\u00e9n\u00e9ration et a valu \u00e0 Sarah Jessica Parker un Emmy et plusieurs Golden Globes. La s\u00e9rie, salu\u00e9e pour son exploration moderne des relations, de l\u2019amiti\u00e9 f\u00e9minine et de l\u2019\u00e9mancipation des femmes, a renforc\u00e9 son statut d\u2019ic\u00f4ne de la culture populaire. Outre cette performance, elle a \u00e9galement jou\u00e9 dans des films tels que <em>Hocus Pocus<\/em> (1993), <em>Hocus Pocus 2<\/em> (2022) et <em>The Family Stone\/Esprit de famille <\/em>(2005). Sarah Jessica Parker est \u00e9galement une figure de la mode avec sa marque de chaussures <em>SJP Collection<\/em> et une passionn\u00e9e de litt\u00e9rature, ayant lanc\u00e9 en 2016 <em>SJP for Hogarth<\/em>, une collection d\u00e9di\u00e9e \u00e0 la promotion d\u2019auteurs \u00e9mergents. Mari\u00e9e \u00e0 l\u2019acteur Matthew Broderick et m\u00e8re de trois enfants, elle continue d\u2019influencer le cin\u00e9ma, la mode et la litt\u00e9rature.\u00a0 <\/span><\/span><\/p>\n<p><span><span>Invit\u00e9e d&rsquo;honneur de la 4\u1d49 \u00e9dition du Festival International du Film de la Mer Rouge (RSIFF), qui se d\u00e9roule du 5 au 14 d\u00e9cembre 2024, Sarah Jessica Parker a particip\u00e9 \u00e0 une conversation avec le public, partageant des souvenirs intimes et des r\u00e9flexions profondes sur sa carri\u00e8re exceptionnelle, captivant l&rsquo;audience du d\u00e9but \u00e0 la fin. <\/span><\/span><\/p>\n<p>\u00a0<\/p>\n<p><img decoding=\"async\" alt=\"\" height=\"1200\" src=\"\/assets\/uploads\/images\/\/Neila\/RSIFF%202024%20Conversation%20Sarah%20Jessica%20Parker.jpg\" width=\"1200\"><\/p>\n<p>\u00a0<\/p>\n<p><span><span><strong>Une entr\u00e9e en sc\u00e8ne digne de Carrie Bradshaw<\/strong><\/span><\/span><\/p>\n<p><span><span>D\u00e8s son arriv\u00e9e, Sarah Jessica Parker a illumin\u00e9 la sc\u00e8ne. Elle portait une robe lilas scintillante, accompagn\u00e9e de chaussures en satin assorties, un choix qui \u00e9voquait imm\u00e9diatement son personnage embl\u00e9matique de Carrie Bradshaw dans <em>Sex and the City<\/em>. \u00ab <em>Scintillante et \u00e9l\u00e9gante \u00e0 l\u2019image de Carrie, mais avec une sobri\u00e9t\u00e9 qui lui est propre<\/em> \u00bb, ont comment\u00e9 les spectateurs. <\/span><\/span><\/p>\n<p><span><span><strong>Des d\u00e9buts modestes dans l\u2019Ohio<\/strong><\/span><\/span><\/p>\n<p><span><span>Revenant sur son enfance, Sarah Jessica Parker a partag\u00e9 des d\u00e9tails touchants sur ses origines modestes. Quatri\u00e8me d\u2019une famille recompos\u00e9e de huit enfants, elle a grandi dans l\u2019Ohio apr\u00e8s le divorce de ses parents. \u00ab <em>Ma m\u00e8re \u00e9tait enseignante et mon p\u00e8re r\u00eavait de devenir \u00e9crivain. Nous n\u2019avions pas grand-chose, mais notre imagination \u00e9tait notre richesse<\/em> \u00bb, a-t-elle confi\u00e9.<\/span><\/span><\/p>\n<p><span><span>Son aventure artistique a d\u00e9but\u00e9 \u00e0 l\u2019\u00e2ge de huit ans avec un r\u00f4le dans <em>The Little Match Girl<\/em> (<em>La Petite Fille aux Allumettes<\/em>). \u00ab <em>C\u2019\u00e9tait l\u2019histoire d\u2019une petite fille qui a tr\u00e8s froid et qui se r\u00e9chauffe avec des allumettes. J\u2019ai auditionn\u00e9 \u00e0 Cincinnati avec d\u2019autres petites filles et j\u2019ai \u00e9t\u00e9 choisie. Cette exp\u00e9rience m\u2019a marqu\u00e9e : travailler avec une \u00e9quipe formidable, vivre une autre vie. Ce n\u2019est pas que je n\u2019aime pas ma vie, mais j\u2019ai ador\u00e9 en avoir deux. En plus, cela m\u2019a permis d\u2019aider ma famille financi\u00e8rement<\/em>. \u00bb<\/span><\/span><\/p>\n<p><span><span>Ce fut le d\u00e9but d\u2019un parcours unique qui l\u2019a ensuite conduite sur les planches de Broadway avec <em>The Innocents<\/em>. \u00ab <em>C\u2019est ainsi que tout a commenc\u00e9.<\/em> \u00bb<\/span><\/span><\/p>\n<p>\u00a0<\/p>\n<div>\n<figure class=\"image\"><img decoding=\"async\" alt=\"\" height=\"961\" src=\"\/assets\/uploads\/images\/\/Neila\/RSIFF%202024%20Conversation%20Sarah%20Jessica%20Parker%201.jpg\" width=\"1440\"><figcaption><em>RSIFF 2024 &#8211; En conversation avec Sarah Jessica Parker<\/em><\/figcaption><\/figure>\n<\/div>\n<p>\u00a0<\/p>\n<p><span><span><strong><em>Sex and the City<\/em><\/strong><strong>, un ph\u00e9nom\u00e8ne universel<\/strong><\/span><\/span><\/p>\n<p><span><span>Le tournant majeur de sa carri\u00e8re est arriv\u00e9 avec <em>Sex and the City<\/em> (1998-2004), une s\u00e9rie devenue un v\u00e9ritable ph\u00e9nom\u00e8ne culturel. Sarah Jessica Parker a \u00e9voqu\u00e9 avec \u00e9motion cette \u00e9poque : \u00ab <em>Au d\u00e9but, c\u2019\u00e9tait un petit groupe de sc\u00e9naristes, en majorit\u00e9 des femmes, qui \u00e9crivait la s\u00e9rie. \u00c0 l\u2019\u00e9poque, c\u2019\u00e9tait nouveau \u00e0 la t\u00e9l\u00e9vision : c\u2019\u00e9tait f\u00e9minin, une voix pour les femmes, avec un langage sans tabou. Des femmes qui parlaient de leurs soucis, de leurs travails, de leurs amours, de leurs amiti\u00e9s, de leurs mariages\u2026 C\u2019est la combinaison de tout cela qui a attir\u00e9 l\u2019audience<\/em>. \u00bb<\/span><\/span><\/p>\n<p><span><span>Elle a poursuivi : \u00ab <em>Je pense que cette s\u00e9rie est universelle, et c\u2019est pour cela qu\u2019elle a eu ce succ\u00e8s partout. Elle a fait pleurer, rire, crier un peu partout<\/em>. \u00bb<\/span><\/span><\/p>\n<p><span><span>Avec gratitude, elle a ajout\u00e9 : \u00ab <em>Je suis infiniment reconnaissante \u00e0 tous, mais surtout \u00e0 l\u2019audience f\u00e9minine. Ce sont des millions de femmes qui nous ont encourag\u00e9es. Merci \u00e0 vous toutes.<\/em> \u00bb<\/span><\/span><\/p>\n<p><span><span>Elle a pr\u00e9cis\u00e9 que le succ\u00e8s de la s\u00e9rie reposait sur plus que son apparence glamour : \u00ab <em>Les costumes et la mode \u00e9taient importants, mais ce n\u2019\u00e9tait que la surface. Ce qui a vraiment touch\u00e9 les gens, ce sont les histoires et les personnages<\/em>. \u00bb<\/span><\/span><\/p>\n<p>\u00a0<\/p>\n<p><img decoding=\"async\" alt=\"\" height=\"1200\" src=\"\/assets\/uploads\/images\/\/Neila\/IMG_1417.jpeg\" width=\"1600\"><\/p>\n<p>\u00a0<\/p>\n<p><span><span><strong>La transition vers <em>And Just Like That<\/em><\/strong><\/span><\/span><\/p>\n<p><span><span>Interrog\u00e9e sur <em>And Just Like That<\/em>, la suite de <em>Sex and the City<\/em>, Sarah Jessica Parker a racont\u00e9: \u00ab <em>\u00c0 la fin de <\/em>Sex and the City<em>, je venais d\u2019avoir mon fils et je voulais m\u2019occuper de lui. Ensuite, nous avons fait les films <\/em>Sex and The City 1 et 2<em>. Des ann\u00e9es plus tard, avec des amis, nous avons commenc\u00e9 \u00e0 discuter avec Patrick (Michael Patrick King) ,de la possibilit\u00e9 de continuer l\u2019histoire.<\/em>\u00bb<\/span><\/span><\/p>\n<p><span><span>Elle a expliqu\u00e9 les coulisses de cette d\u00e9cision : \u00ab <em>Les gens pensent que produire, c\u2019est seulement une question d\u2019argent. Oui, l\u2019argent compte, mais il faut aussi une vision claire : savoir d\u2019o\u00f9 l\u2019on vient et o\u00f9 l\u2019on veut aller. Nous avons r\u00e9fl\u00e9chi, et nous nous sommes dit : et si nous continuions ? <\/em>\u00bb<\/span><\/span><\/p>\n<p><span><span>Cette vision a donn\u00e9 naissance \u00e0 <em>And Just Like That&#8230;<\/em> \u00ab <em>Il fallait ouvrir un nouveau chapitre. C\u2019est pour cela que Big a une crise cardiaque d\u00e8s le premier \u00e9pisode. Cela permettait \u00e0 Carrie de commencer une nouvelle \u00e9tape dans sa vie.<\/em> \u00bb<\/span><\/span><\/p>\n<p><span><span>Elle a d\u00e9crit avec \u00e9motion son retour sur les plateaux : \u00ab <em>C\u2019\u00e9tait \u00e9mouvant. Certains amis \u00e9taient de retour, d\u2019autres \u00e9taient partis. Mais c\u2019\u00e9tait une exp\u00e9rience excitante, comme ouvrir un nouveau chapitre. Vous verrez la suite.<\/em> \u00bb<\/span><\/span><\/p>\n<p><span><span><strong>Trouver l&rsquo;\u00e9quilibre entre attentes du public et envies personnelles\u00a0 <\/strong><\/span><\/span><\/p>\n<p><span><span>Interrog\u00e9e sur les r\u00f4les qu\u2019elle aime jouer, Sarah a r\u00e9pondu<em>\u00a0: \u00ab\u00a0Je pense que, comme beaucoup de personnes dans ce domaine, je suis parfois en qu\u00eate de choses que je ne sais m\u00eame pas encore nommer. Je crois qu\u2019il ne faut pas cr\u00e9er un personnage uniquement pour r\u00e9pondre aux attentes du public, mais plut\u00f4t concevoir un r\u00f4le qui soit d\u2019abord int\u00e9ressant pour soi. Si je trouve un personnage captivant et que je m\u2019investis pleinement, le reste suivra naturellement. J\u2019aime explorer des personnages que je ne connais pas encore, tenter de nouvelles exp\u00e9riences. Bien s\u00fbr, j\u2019adore Carrie Bradshaw, un r\u00f4le que j\u2019ai jou\u00e9 si longtemps et qui m\u2019a tant apport\u00e9. Mais en tant qu\u2019actrice, j\u2019ai besoin de sortir de ma zone de confort et d\u2019exp\u00e9rimenter. Ce qui me motive, c\u2019est de jouer des r\u00f4les qui me passionnent et qui m\u2019ouvrent \u00e0 des exp\u00e9riences in\u00e9dites\u00a0\u00bb.<\/em><\/span><\/span><\/p>\n<p>\u00a0<\/p>\n<div>\n<figure class=\"image\"><img decoding=\"async\" alt=\"\" height=\"951\" src=\"\/assets\/uploads\/images\/\/Neila\/RSIFF%202024%20Conversation%20Sarah%20Jessica%20Parker%203.jpeg\" width=\"634\"><figcaption><em>RSIFF 2024 &#8211; Sarah Jessica Parker \u00e0 la c\u00e9r\u00e9monie de cl\u00f4ture<\/em><\/figcaption><\/figure>\n<\/div>\n<p>\u00a0<\/p>\n<p><span><span><strong>Th\u00e9\u00e2tre, t\u00e9l\u00e9vision et cin\u00e9ma<\/strong><\/span><\/span><\/p>\n<p><span><span>Sarah Jessica Parker a exprim\u00e9 son amour pour le th\u00e9\u00e2tre, tout en valorisant les exp\u00e9riences offertes par la t\u00e9l\u00e9vision et le cin\u00e9ma : \u00ab <em>J\u2019aime la t\u00e9l\u00e9vision pour les histoires riches que j\u2019ai pu raconter, mais le th\u00e9\u00e2tre offre une connexion unique avec le public. Voir les r\u00e9actions en direct est \u00e0 la fois intimidant et exaltant.<\/em> \u00bb<\/span><\/span><\/p>\n<p><span><span>Elle a aussi \u00e9voqu\u00e9 sa collaboration avec son mari, Matthew Broderick, dans <em>Plaza Suite<\/em> de Neil Simon : \u00ab <em>Travailler avec mon mari \u00e9tait intimidant mais aussi extr\u00eamement joyeux. Nous avons trouv\u00e9 un producteur, mais la pand\u00e9mie a interrompu le projet pendant deux ans. Finalement, nous avons jou\u00e9 aux \u00c9tats-Unis en 2022, puis \u00e0 Londres en 2023. C\u2019\u00e9tait une exp\u00e9rience que je ch\u00e9rirai toujours<\/em>. \u00bb<\/span><\/span><\/p>\n<p><span><span><strong>Une productrice et une m\u00e8re inspirante<\/strong><\/span><\/span><\/p>\n<p><span><span>Derri\u00e8re la cam\u00e9ra, Sarah Jessica Parker a su s\u2019imposer comme productrice. \u00ab <em>Produire, ce n\u2019est pas seulement g\u00e9rer un budget. C\u2019est \u00eatre attentif aux d\u00e9tails, cr\u00e9er un environnement bienveillant et raconter des histoires riches.<\/em> \u00bb<\/span><\/span><\/p>\n<p><span><span>Elle a ajout\u00e9 : \u00ab <em>Ce r\u00f4le a enrichi ma vie personnelle. Produire m\u2019a appris \u00e0 \u00e9couter, \u00e0 pr\u00eater attention aux d\u00e9tails, et cela m\u2019a rendue meilleure, y compris en tant que m\u00e8re<\/em>. \u00bb<\/span><\/span><\/p>\n<p><span><span><strong>Une vie fa\u00e7onn\u00e9e par les livres<\/strong><\/span><\/span><\/p>\n<p><span><span>Sarah Jessica Parker est aussi une lectrice passionn\u00e9e. Jur\u00e9e pour le Booker Prize 2025, elle a \u00e9voqu\u00e9 l\u2019importance des livres dans sa vie : \u00ab <em>Nous \u00e9tions huit enfants, et ma m\u00e8re nous obligeait \u00e0 lire. Nous n\u2019avions pas le droit de quitter la maison sans un livre, m\u00eame quand nous ne savions pas encore lire. Lorsque nous lui posions une question, elle disait toujours : regarde dans tes livres, tu trouveras la r\u00e9ponse.<\/em> \u00bb<\/span><\/span><\/p>\n<p><span><span>Cette passion s\u2019est poursuivie \u00e0 l\u2019\u00e2ge adulte : <em>\u00ab Une amie proche, grande lectrice, me disait que mes lectures compensaient mes \u00e9tudes limit\u00e9es.<\/em> \u00bb Elle a d\u00e9couvert l\u2019\u00e9dition gr\u00e2ce \u00e0 cette amie et s\u2019est engag\u00e9e avec enthousiasme : \u00ab <em>J\u2019ai visit\u00e9 sa maison d\u2019\u00e9dition. C\u2019\u00e9tait formidable de voir des jeunes \u00e9crivains raconter des histoires du monde entier<\/em>. \u00bb<\/span><\/span><\/p>\n<p><span><span>Sarah Jessica Parker a \u00e9galement lanc\u00e9 sa propre marque litt\u00e9raire, SJP Lit, en partenariat avec un \u00e9diteur ind\u00e9pendant, et elle a r\u00e9cemment lu 170 livres en tant que jur\u00e9e. \u00ab <em>Les livres sont la cl\u00e9 pour comprendre et ressentir de la compassion envers les autres, leurs cultures, leurs religions. \u00bb<\/em><\/span><\/span><\/p>\n<p><span><span><strong>Un message aux g\u00e9n\u00e9rations futures<\/strong><\/span><\/span><\/p>\n<p><span><span>Pour conclure, elle a adress\u00e9 un message aux jeunes : \u00ab <em>Peu importe votre domaine, investissez-vous pleinement. Ce qui compte, c\u2019est la passion et l\u2019\u00e9panouissement. Le travail vous apportera des rencontres extraordinaires et des satisfactions immenses<\/em>. \u00bb<\/span><\/span><\/p>\n<p><span><span>Avec une carri\u00e8re exemplaire, une passion contagieuse et une humanit\u00e9 touchante, Sarah Jessica Parker continue d\u2019inspirer des g\u00e9n\u00e9rations \u00e0 travers son art et son authenticit\u00e9.<\/span><\/span><\/p>\n<p><span><span><strong>Ne\u00efla Driss<\/strong><\/span><\/span><\/p>\n<p>\u00a0<\/p>\n<\/p><\/div>\n<div class=\"coprs\" style=\"text-align: center\"><\/div><\/div>\n","protected":false},"excerpt":{"rendered":"<p>Sarah Jessica Parker, actrice, productrice, entrepreneuse et \u00e9ditrice am\u00e9ricaine, est n\u00e9e le 25 mars 1965 \u00e0 Nelsonville, dans l&rsquo;Ohio. Elle est mondialement conn&#8230;<\/p>\n","protected":false},"author":3164,"featured_media":243450,"comment_status":"open","ping_status":"open","sticky":false,"template":"","format":"standard","meta":{"footnotes":""},"categories":[2594],"tags":[4724,4733,2626,4725,2628,4709,3985,3986,4708],"class_list":["post-218381","post","type-post","status-publish","format-standard","has-post-thumbnail","hentry","category-culture","tag-actrice","tag-actrice-americaine","tag-cinema","tag-conversation","tag-festival","tag-festival-international-du-film-de-la-mer-rouge","tag-red-sea-international-film-festival","tag-rsiff","tag-rsiff-2024"],"yoast_head":"<!-- This site is optimized with the Yoast SEO Premium plugin v27.5 (Yoast SEO v27.5) - https:\/\/yoast.com\/product\/yoast-seo-premium-wordpress\/ -->\n<title>RSIFF 2024 - En\u00a0conversation\u00a0avec Sarah Jessica Parker<\/title>\n<meta name=\"description\" content=\"Sarah Jessica Parker, actrice, productrice, entrepreneuse et \u00e9ditrice am\u00e9ricaine, est n\u00e9e le 25 mars 1965 \u00e0 Nelsonville, dans l&#039;Ohio. Elle est mondialement conn...\" \/>\n<link rel=\"canonical\" href=\"https:\/\/www.webdo.tn\/fr\/actualite\/culture\/rsiff-2024-en-conversation-avec-sarah-jessica-parker\/218381\/\" \/>\n<meta property=\"og:locale\" content=\"fr_FR\" \/>\n<meta property=\"og:type\" content=\"article\" \/>\n<meta property=\"og:title\" content=\"RSIFF 2024 - En\u00a0conversation\u00a0avec Sarah Jessica Parker\" \/>\n<meta property=\"og:description\" content=\"Sarah Jessica Parker, actrice, productrice, entrepreneuse et \u00e9ditrice am\u00e9ricaine, est n\u00e9e le 25 mars 1965 \u00e0 Nelsonville, dans l&#039;Ohio. Elle est mondialement conn...\" \/>\n<meta property=\"og:url\" content=\"https:\/\/www.webdo.tn\/fr\/actualite\/culture\/rsiff-2024-en-conversation-avec-sarah-jessica-parker\/218381\/\" \/>\n<meta property=\"og:site_name\" content=\"webdo\" \/>\n<meta property=\"article:publisher\" content=\"https:\/\/www.facebook.com\/webdotn\" \/>\n<meta property=\"article:author\" content=\"https:\/\/www.facebook.com\/massir.destiniii\/\" \/>\n<meta property=\"article:published_time\" content=\"2024-12-14T10:00:00+00:00\" \/>\n<meta property=\"article:modified_time\" content=\"2025-05-21T08:55:09+00:00\" \/>\n<meta property=\"og:image\" content=\"https:\/\/www.webdo.tn\/fr\/wp-content\/uploads\/2025\/05\/138280a0b925d6ef2b9dd85580ccc182-2.webp\" \/>\n\t<meta property=\"og:image:width\" content=\"750\" \/>\n\t<meta property=\"og:image:height\" content=\"400\" \/>\n\t<meta property=\"og:image:type\" content=\"image\/webp\" \/>\n<meta name=\"author\" content=\"Ne\u00efla DRISS\" \/>\n<meta name=\"twitter:card\" content=\"summary_large_image\" \/>\n<meta name=\"twitter:creator\" content=\"@https:\/\/x.com\/MassirDestin\" \/>\n<meta name=\"twitter:site\" content=\"@webdo_tn\" \/>\n<meta name=\"twitter:label1\" content=\"\u00c9crit par\" \/>\n\t<meta name=\"twitter:data1\" content=\"Ne\u00efla DRISS\" \/>\n\t<meta name=\"twitter:label2\" content=\"Dur\u00e9e de lecture estim\u00e9e\" \/>\n\t<meta name=\"twitter:data2\" content=\"8 minutes\" \/>\n<script type=\"application\/ld+json\" class=\"yoast-schema-graph\">{\"@context\":\"https:\\\/\\\/schema.org\",\"@graph\":[{\"@type\":\"NewsArticle\",\"@id\":\"https:\\\/\\\/www.webdo.tn\\\/fr\\\/actualite\\\/culture\\\/rsiff-2024-en-conversation-avec-sarah-jessica-parker\\\/218381\\\/#article\",\"isPartOf\":{\"@id\":\"https:\\\/\\\/www.webdo.tn\\\/fr\\\/actualite\\\/culture\\\/rsiff-2024-en-conversation-avec-sarah-jessica-parker\\\/218381\\\/\"},\"author\":{\"name\":\"Ne\u00efla DRISS\",\"@id\":\"https:\\\/\\\/www.webdo.tn\\\/fr\\\/#\\\/schema\\\/person\\\/60d5ba619ed3f58783b0dc82b7dada80\"},\"headline\":\"RSIFF 2024 &#8211; En\u00a0conversation\u00a0avec Sarah Jessica Parker\",\"datePublished\":\"2024-12-14T10:00:00+00:00\",\"dateModified\":\"2025-05-21T08:55:09+00:00\",\"mainEntityOfPage\":{\"@id\":\"https:\\\/\\\/www.webdo.tn\\\/fr\\\/actualite\\\/culture\\\/rsiff-2024-en-conversation-avec-sarah-jessica-parker\\\/218381\\\/\"},\"wordCount\":1710,\"commentCount\":0,\"publisher\":{\"@id\":\"https:\\\/\\\/www.webdo.tn\\\/fr\\\/#organization\"},\"image\":{\"@id\":\"https:\\\/\\\/www.webdo.tn\\\/fr\\\/actualite\\\/culture\\\/rsiff-2024-en-conversation-avec-sarah-jessica-parker\\\/218381\\\/#primaryimage\"},\"thumbnailUrl\":\"https:\\\/\\\/www.webdo.tn\\\/fr\\\/wp-content\\\/uploads\\\/2025\\\/05\\\/138280a0b925d6ef2b9dd85580ccc182-2.webp\",\"keywords\":[\"actrice\",\"Actrice Am\u00e9ricaine\",\"Cin\u00e9ma\",\"Conversation\",\"Festival\",\"Festival International du Film de la Mer Rouge\",\"Red Sea International Film Festival\",\"RSIFF\",\"RSIFF 2024\"],\"articleSection\":[\"Culture\"],\"inLanguage\":\"fr-FR\"},{\"@type\":\"WebPage\",\"@id\":\"https:\\\/\\\/www.webdo.tn\\\/fr\\\/actualite\\\/culture\\\/rsiff-2024-en-conversation-avec-sarah-jessica-parker\\\/218381\\\/\",\"url\":\"https:\\\/\\\/www.webdo.tn\\\/fr\\\/actualite\\\/culture\\\/rsiff-2024-en-conversation-avec-sarah-jessica-parker\\\/218381\\\/\",\"name\":\"RSIFF 2024 - En\u00a0conversation\u00a0avec Sarah Jessica Parker\",\"isPartOf\":{\"@id\":\"https:\\\/\\\/www.webdo.tn\\\/fr\\\/#website\"},\"primaryImageOfPage\":{\"@id\":\"https:\\\/\\\/www.webdo.tn\\\/fr\\\/actualite\\\/culture\\\/rsiff-2024-en-conversation-avec-sarah-jessica-parker\\\/218381\\\/#primaryimage\"},\"image\":{\"@id\":\"https:\\\/\\\/www.webdo.tn\\\/fr\\\/actualite\\\/culture\\\/rsiff-2024-en-conversation-avec-sarah-jessica-parker\\\/218381\\\/#primaryimage\"},\"thumbnailUrl\":\"https:\\\/\\\/www.webdo.tn\\\/fr\\\/wp-content\\\/uploads\\\/2025\\\/05\\\/138280a0b925d6ef2b9dd85580ccc182-2.webp\",\"datePublished\":\"2024-12-14T10:00:00+00:00\",\"dateModified\":\"2025-05-21T08:55:09+00:00\",\"description\":\"Sarah Jessica Parker, actrice, productrice, entrepreneuse et \u00e9ditrice am\u00e9ricaine, est n\u00e9e le 25 mars 1965 \u00e0 Nelsonville, dans l'Ohio. Elle est mondialement conn...\",\"breadcrumb\":{\"@id\":\"https:\\\/\\\/www.webdo.tn\\\/fr\\\/actualite\\\/culture\\\/rsiff-2024-en-conversation-avec-sarah-jessica-parker\\\/218381\\\/#breadcrumb\"},\"inLanguage\":\"fr-FR\",\"potentialAction\":[{\"@type\":\"ReadAction\",\"target\":[\"https:\\\/\\\/www.webdo.tn\\\/fr\\\/actualite\\\/culture\\\/rsiff-2024-en-conversation-avec-sarah-jessica-parker\\\/218381\\\/\"]}]},{\"@type\":\"ImageObject\",\"inLanguage\":\"fr-FR\",\"@id\":\"https:\\\/\\\/www.webdo.tn\\\/fr\\\/actualite\\\/culture\\\/rsiff-2024-en-conversation-avec-sarah-jessica-parker\\\/218381\\\/#primaryimage\",\"url\":\"https:\\\/\\\/www.webdo.tn\\\/fr\\\/wp-content\\\/uploads\\\/2025\\\/05\\\/138280a0b925d6ef2b9dd85580ccc182-2.webp\",\"contentUrl\":\"https:\\\/\\\/www.webdo.tn\\\/fr\\\/wp-content\\\/uploads\\\/2025\\\/05\\\/138280a0b925d6ef2b9dd85580ccc182-2.webp\",\"width\":750,\"height\":400},{\"@type\":\"BreadcrumbList\",\"@id\":\"https:\\\/\\\/www.webdo.tn\\\/fr\\\/actualite\\\/culture\\\/rsiff-2024-en-conversation-avec-sarah-jessica-parker\\\/218381\\\/#breadcrumb\",\"itemListElement\":[{\"@type\":\"ListItem\",\"position\":1,\"name\":\"Accueil\",\"item\":\"https:\\\/\\\/www.webdo.tn\\\/fr\\\/\"},{\"@type\":\"ListItem\",\"position\":2,\"name\":\"RSIFF 2024 &#8211; En\u00a0conversation\u00a0avec Sarah Jessica Parker\"}]},{\"@type\":\"WebSite\",\"@id\":\"https:\\\/\\\/www.webdo.tn\\\/fr\\\/#website\",\"url\":\"https:\\\/\\\/www.webdo.tn\\\/fr\\\/\",\"name\":\"webdo\",\"description\":\"Tunisie - News en Tunisie et \u00e0 l&#039;international sur Webdo.tn\",\"publisher\":{\"@id\":\"https:\\\/\\\/www.webdo.tn\\\/fr\\\/#organization\"},\"potentialAction\":[{\"@type\":\"SearchAction\",\"target\":{\"@type\":\"EntryPoint\",\"urlTemplate\":\"https:\\\/\\\/www.webdo.tn\\\/fr\\\/?s={search_term_string}\"},\"query-input\":{\"@type\":\"PropertyValueSpecification\",\"valueRequired\":true,\"valueName\":\"search_term_string\"}}],\"inLanguage\":\"fr-FR\"},{\"@type\":\"Organization\",\"@id\":\"https:\\\/\\\/www.webdo.tn\\\/fr\\\/#organization\",\"name\":\"Webdo\",\"alternateName\":\"Webdo.tn\",\"url\":\"https:\\\/\\\/www.webdo.tn\\\/fr\\\/\",\"logo\":{\"@type\":\"ImageObject\",\"inLanguage\":\"fr-FR\",\"@id\":\"https:\\\/\\\/www.webdo.tn\\\/fr\\\/#\\\/schema\\\/logo\\\/image\\\/\",\"url\":\"https:\\\/\\\/www.webdo.tn\\\/fr\\\/wp-content\\\/uploads\\\/2025\\\/06\\\/Webdo-Tunisie_168377.jpg\",\"contentUrl\":\"https:\\\/\\\/www.webdo.tn\\\/fr\\\/wp-content\\\/uploads\\\/2025\\\/06\\\/Webdo-Tunisie_168377.jpg\",\"width\":301,\"height\":301,\"caption\":\"Webdo\"},\"image\":{\"@id\":\"https:\\\/\\\/www.webdo.tn\\\/fr\\\/#\\\/schema\\\/logo\\\/image\\\/\"},\"sameAs\":[\"https:\\\/\\\/www.facebook.com\\\/webdotn\",\"https:\\\/\\\/x.com\\\/webdo_tn\"],\"description\":\"Webdo est un m\u00e9dia num\u00e9rique tunisien fond\u00e9 en 2010, sp\u00e9cialis\u00e9 dans l\u2019actualit\u00e9 nationale et internationale, l\u2019\u00e9conomie, la soci\u00e9t\u00e9 et les analyses politiques. Le site s\u2019adresse \u00e0 un large public francophone et couvre l\u2019information tunisienne en temps r\u00e9el.\",\"email\":\"redac@webdo.tn\",\"legalName\":\"YNJ SARL\",\"foundingDate\":\"2010-09-06\",\"numberOfEmployees\":{\"@type\":\"QuantitativeValue\",\"minValue\":\"11\",\"maxValue\":\"50\"}},{\"@type\":\"Person\",\"@id\":\"https:\\\/\\\/www.webdo.tn\\\/fr\\\/#\\\/schema\\\/person\\\/60d5ba619ed3f58783b0dc82b7dada80\",\"name\":\"Ne\u00efla DRISS\",\"image\":{\"@type\":\"ImageObject\",\"inLanguage\":\"fr-FR\",\"@id\":\"https:\\\/\\\/www.webdo.tn\\\/fr\\\/wp-content\\\/uploads\\\/2026\\\/04\\\/neila-driss_avatar-96x96.jpg\",\"url\":\"https:\\\/\\\/www.webdo.tn\\\/fr\\\/wp-content\\\/uploads\\\/2026\\\/04\\\/neila-driss_avatar-96x96.jpg\",\"contentUrl\":\"https:\\\/\\\/www.webdo.tn\\\/fr\\\/wp-content\\\/uploads\\\/2026\\\/04\\\/neila-driss_avatar-96x96.jpg\",\"caption\":\"Ne\u00efla DRISS\"},\"description\":\"Ne\u00efla Driss est juriste, journaliste culturelle et critique de cin\u00e9ma tunisienne. Titulaire d\u2019un DEA en droit priv\u00e9 de l\u2019Universit\u00e9 Paris II et d\u2019un DESS de l\u2019IHEC Carthage, elle d\u00e9bute sa carri\u00e8re comme juriste sp\u00e9cialis\u00e9e en gestion de patrimoine immobilier. Elle s\u2019oriente ensuite vers l\u2019\u00e9criture en ligne, o\u00f9 elle se distingue d\u00e8s 2006 aux Tunisia Blog Awards, avant de se consacrer au journalisme culturel, avec une sp\u00e9cialisation dans la critique cin\u00e9matographique. Elle couvre r\u00e9guli\u00e8rement les grands festivals internationaux, notamment le Festival de Cannes, les Journ\u00e9es Cin\u00e9matographiques de Carthage et le Festival du film du Caire. Membre de l\u2019ATPCC et de la FIPRESCI, elle participe \u00e0 des jurys et initiatives internationales de critique. Depuis 2024, elle est \u00e9lectrice internationale aux Golden Globes. Facebook : https:\\\/\\\/www.facebook.com\\\/massir.destiniii\\\/ X : https:\\\/\\\/x.com\\\/MassirDestin\",\"sameAs\":[\"https:\\\/\\\/www.facebook.com\\\/massir.destiniii\\\/\",\"https:\\\/\\\/www.instagram.com\\\/neila.driss\\\/?hl=fr\",\"https:\\\/\\\/www.linkedin.com\\\/in\\\/neila-driss-22606a80\\\/\",\"https:\\\/\\\/x.com\\\/https:\\\/\\\/x.com\\\/MassirDestin\"],\"knowsAbout\":[\"Cin\u00e9ma international\",\"critique cin\u00e9matographique\",\"festivals de cin\u00e9ma\",\"journalisme culturel\"],\"knowsLanguage\":[\"Fran\u00e7ais\",\"Arabe\",\"Anglais\"],\"jobTitle\":\"Journaliste culturelle et critique de cin\u00e9ma\",\"worksFor\":\"Webdo\",\"url\":\"https:\\\/\\\/www.webdo.tn\\\/fr\\\/actualite\\\/author\\\/neila-driss\\\/\"}]}<\/script>\n<!-- \/ Yoast SEO Premium plugin. -->","yoast_head_json":{"title":"RSIFF 2024 - En\u00a0conversation\u00a0avec Sarah Jessica Parker","description":"Sarah Jessica Parker, actrice, productrice, entrepreneuse et \u00e9ditrice am\u00e9ricaine, est n\u00e9e le 25 mars 1965 \u00e0 Nelsonville, dans l'Ohio. Elle est mondialement conn...","canonical":"https:\/\/www.webdo.tn\/fr\/actualite\/culture\/rsiff-2024-en-conversation-avec-sarah-jessica-parker\/218381\/","og_locale":"fr_FR","og_type":"article","og_title":"RSIFF 2024 - En\u00a0conversation\u00a0avec Sarah Jessica Parker","og_description":"Sarah Jessica Parker, actrice, productrice, entrepreneuse et \u00e9ditrice am\u00e9ricaine, est n\u00e9e le 25 mars 1965 \u00e0 Nelsonville, dans l'Ohio. Elle est mondialement conn...","og_url":"https:\/\/www.webdo.tn\/fr\/actualite\/culture\/rsiff-2024-en-conversation-avec-sarah-jessica-parker\/218381\/","og_site_name":"webdo","article_publisher":"https:\/\/www.facebook.com\/webdotn","article_author":"https:\/\/www.facebook.com\/massir.destiniii\/","article_published_time":"2024-12-14T10:00:00+00:00","article_modified_time":"2025-05-21T08:55:09+00:00","og_image":[{"width":750,"height":400,"url":"https:\/\/www.webdo.tn\/fr\/wp-content\/uploads\/2025\/05\/138280a0b925d6ef2b9dd85580ccc182-2.webp","type":"image\/webp"}],"author":"Ne\u00efla DRISS","twitter_card":"summary_large_image","twitter_creator":"@https:\/\/x.com\/MassirDestin","twitter_site":"@webdo_tn","twitter_misc":{"\u00c9crit par":"Ne\u00efla DRISS","Dur\u00e9e de lecture estim\u00e9e":"8 minutes"},"schema":{"@context":"https:\/\/schema.org","@graph":[{"@type":"NewsArticle","@id":"https:\/\/www.webdo.tn\/fr\/actualite\/culture\/rsiff-2024-en-conversation-avec-sarah-jessica-parker\/218381\/#article","isPartOf":{"@id":"https:\/\/www.webdo.tn\/fr\/actualite\/culture\/rsiff-2024-en-conversation-avec-sarah-jessica-parker\/218381\/"},"author":{"name":"Ne\u00efla DRISS","@id":"https:\/\/www.webdo.tn\/fr\/#\/schema\/person\/60d5ba619ed3f58783b0dc82b7dada80"},"headline":"RSIFF 2024 &#8211; En\u00a0conversation\u00a0avec Sarah Jessica Parker","datePublished":"2024-12-14T10:00:00+00:00","dateModified":"2025-05-21T08:55:09+00:00","mainEntityOfPage":{"@id":"https:\/\/www.webdo.tn\/fr\/actualite\/culture\/rsiff-2024-en-conversation-avec-sarah-jessica-parker\/218381\/"},"wordCount":1710,"commentCount":0,"publisher":{"@id":"https:\/\/www.webdo.tn\/fr\/#organization"},"image":{"@id":"https:\/\/www.webdo.tn\/fr\/actualite\/culture\/rsiff-2024-en-conversation-avec-sarah-jessica-parker\/218381\/#primaryimage"},"thumbnailUrl":"https:\/\/www.webdo.tn\/fr\/wp-content\/uploads\/2025\/05\/138280a0b925d6ef2b9dd85580ccc182-2.webp","keywords":["actrice","Actrice Am\u00e9ricaine","Cin\u00e9ma","Conversation","Festival","Festival International du Film de la Mer Rouge","Red Sea International Film Festival","RSIFF","RSIFF 2024"],"articleSection":["Culture"],"inLanguage":"fr-FR"},{"@type":"WebPage","@id":"https:\/\/www.webdo.tn\/fr\/actualite\/culture\/rsiff-2024-en-conversation-avec-sarah-jessica-parker\/218381\/","url":"https:\/\/www.webdo.tn\/fr\/actualite\/culture\/rsiff-2024-en-conversation-avec-sarah-jessica-parker\/218381\/","name":"RSIFF 2024 - En\u00a0conversation\u00a0avec Sarah Jessica Parker","isPartOf":{"@id":"https:\/\/www.webdo.tn\/fr\/#website"},"primaryImageOfPage":{"@id":"https:\/\/www.webdo.tn\/fr\/actualite\/culture\/rsiff-2024-en-conversation-avec-sarah-jessica-parker\/218381\/#primaryimage"},"image":{"@id":"https:\/\/www.webdo.tn\/fr\/actualite\/culture\/rsiff-2024-en-conversation-avec-sarah-jessica-parker\/218381\/#primaryimage"},"thumbnailUrl":"https:\/\/www.webdo.tn\/fr\/wp-content\/uploads\/2025\/05\/138280a0b925d6ef2b9dd85580ccc182-2.webp","datePublished":"2024-12-14T10:00:00+00:00","dateModified":"2025-05-21T08:55:09+00:00","description":"Sarah Jessica Parker, actrice, productrice, entrepreneuse et \u00e9ditrice am\u00e9ricaine, est n\u00e9e le 25 mars 1965 \u00e0 Nelsonville, dans l'Ohio. Elle est mondialement conn...","breadcrumb":{"@id":"https:\/\/www.webdo.tn\/fr\/actualite\/culture\/rsiff-2024-en-conversation-avec-sarah-jessica-parker\/218381\/#breadcrumb"},"inLanguage":"fr-FR","potentialAction":[{"@type":"ReadAction","target":["https:\/\/www.webdo.tn\/fr\/actualite\/culture\/rsiff-2024-en-conversation-avec-sarah-jessica-parker\/218381\/"]}]},{"@type":"ImageObject","inLanguage":"fr-FR","@id":"https:\/\/www.webdo.tn\/fr\/actualite\/culture\/rsiff-2024-en-conversation-avec-sarah-jessica-parker\/218381\/#primaryimage","url":"https:\/\/www.webdo.tn\/fr\/wp-content\/uploads\/2025\/05\/138280a0b925d6ef2b9dd85580ccc182-2.webp","contentUrl":"https:\/\/www.webdo.tn\/fr\/wp-content\/uploads\/2025\/05\/138280a0b925d6ef2b9dd85580ccc182-2.webp","width":750,"height":400},{"@type":"BreadcrumbList","@id":"https:\/\/www.webdo.tn\/fr\/actualite\/culture\/rsiff-2024-en-conversation-avec-sarah-jessica-parker\/218381\/#breadcrumb","itemListElement":[{"@type":"ListItem","position":1,"name":"Accueil","item":"https:\/\/www.webdo.tn\/fr\/"},{"@type":"ListItem","position":2,"name":"RSIFF 2024 &#8211; En\u00a0conversation\u00a0avec Sarah Jessica Parker"}]},{"@type":"WebSite","@id":"https:\/\/www.webdo.tn\/fr\/#website","url":"https:\/\/www.webdo.tn\/fr\/","name":"webdo","description":"Tunisie - News en Tunisie et \u00e0 l&#039;international sur Webdo.tn","publisher":{"@id":"https:\/\/www.webdo.tn\/fr\/#organization"},"potentialAction":[{"@type":"SearchAction","target":{"@type":"EntryPoint","urlTemplate":"https:\/\/www.webdo.tn\/fr\/?s={search_term_string}"},"query-input":{"@type":"PropertyValueSpecification","valueRequired":true,"valueName":"search_term_string"}}],"inLanguage":"fr-FR"},{"@type":"Organization","@id":"https:\/\/www.webdo.tn\/fr\/#organization","name":"Webdo","alternateName":"Webdo.tn","url":"https:\/\/www.webdo.tn\/fr\/","logo":{"@type":"ImageObject","inLanguage":"fr-FR","@id":"https:\/\/www.webdo.tn\/fr\/#\/schema\/logo\/image\/","url":"https:\/\/www.webdo.tn\/fr\/wp-content\/uploads\/2025\/06\/Webdo-Tunisie_168377.jpg","contentUrl":"https:\/\/www.webdo.tn\/fr\/wp-content\/uploads\/2025\/06\/Webdo-Tunisie_168377.jpg","width":301,"height":301,"caption":"Webdo"},"image":{"@id":"https:\/\/www.webdo.tn\/fr\/#\/schema\/logo\/image\/"},"sameAs":["https:\/\/www.facebook.com\/webdotn","https:\/\/x.com\/webdo_tn"],"description":"Webdo est un m\u00e9dia num\u00e9rique tunisien fond\u00e9 en 2010, sp\u00e9cialis\u00e9 dans l\u2019actualit\u00e9 nationale et internationale, l\u2019\u00e9conomie, la soci\u00e9t\u00e9 et les analyses politiques. Le site s\u2019adresse \u00e0 un large public francophone et couvre l\u2019information tunisienne en temps r\u00e9el.","email":"redac@webdo.tn","legalName":"YNJ SARL","foundingDate":"2010-09-06","numberOfEmployees":{"@type":"QuantitativeValue","minValue":"11","maxValue":"50"}},{"@type":"Person","@id":"https:\/\/www.webdo.tn\/fr\/#\/schema\/person\/60d5ba619ed3f58783b0dc82b7dada80","name":"Ne\u00efla DRISS","image":{"@type":"ImageObject","inLanguage":"fr-FR","@id":"https:\/\/www.webdo.tn\/fr\/wp-content\/uploads\/2026\/04\/neila-driss_avatar-96x96.jpg","url":"https:\/\/www.webdo.tn\/fr\/wp-content\/uploads\/2026\/04\/neila-driss_avatar-96x96.jpg","contentUrl":"https:\/\/www.webdo.tn\/fr\/wp-content\/uploads\/2026\/04\/neila-driss_avatar-96x96.jpg","caption":"Ne\u00efla DRISS"},"description":"Ne\u00efla Driss est juriste, journaliste culturelle et critique de cin\u00e9ma tunisienne. Titulaire d\u2019un DEA en droit priv\u00e9 de l\u2019Universit\u00e9 Paris II et d\u2019un DESS de l\u2019IHEC Carthage, elle d\u00e9bute sa carri\u00e8re comme juriste sp\u00e9cialis\u00e9e en gestion de patrimoine immobilier. Elle s\u2019oriente ensuite vers l\u2019\u00e9criture en ligne, o\u00f9 elle se distingue d\u00e8s 2006 aux Tunisia Blog Awards, avant de se consacrer au journalisme culturel, avec une sp\u00e9cialisation dans la critique cin\u00e9matographique. Elle couvre r\u00e9guli\u00e8rement les grands festivals internationaux, notamment le Festival de Cannes, les Journ\u00e9es Cin\u00e9matographiques de Carthage et le Festival du film du Caire. Membre de l\u2019ATPCC et de la FIPRESCI, elle participe \u00e0 des jurys et initiatives internationales de critique. Depuis 2024, elle est \u00e9lectrice internationale aux Golden Globes. Facebook : https:\/\/www.facebook.com\/massir.destiniii\/ X : https:\/\/x.com\/MassirDestin","sameAs":["https:\/\/www.facebook.com\/massir.destiniii\/","https:\/\/www.instagram.com\/neila.driss\/?hl=fr","https:\/\/www.linkedin.com\/in\/neila-driss-22606a80\/","https:\/\/x.com\/https:\/\/x.com\/MassirDestin"],"knowsAbout":["Cin\u00e9ma international","critique cin\u00e9matographique","festivals de cin\u00e9ma","journalisme culturel"],"knowsLanguage":["Fran\u00e7ais","Arabe","Anglais"],"jobTitle":"Journaliste culturelle et critique de cin\u00e9ma","worksFor":"Webdo","url":"https:\/\/www.webdo.tn\/fr\/actualite\/author\/neila-driss\/"}]}},"_links":{"self":[{"href":"https:\/\/www.webdo.tn\/fr\/wp-json\/wp\/v2\/posts\/218381","targetHints":{"allow":["GET"]}}],"collection":[{"href":"https:\/\/www.webdo.tn\/fr\/wp-json\/wp\/v2\/posts"}],"about":[{"href":"https:\/\/www.webdo.tn\/fr\/wp-json\/wp\/v2\/types\/post"}],"author":[{"embeddable":true,"href":"https:\/\/www.webdo.tn\/fr\/wp-json\/wp\/v2\/users\/3164"}],"replies":[{"embeddable":true,"href":"https:\/\/www.webdo.tn\/fr\/wp-json\/wp\/v2\/comments?post=218381"}],"version-history":[{"count":0,"href":"https:\/\/www.webdo.tn\/fr\/wp-json\/wp\/v2\/posts\/218381\/revisions"}],"wp:featuredmedia":[{"embeddable":true,"href":"https:\/\/www.webdo.tn\/fr\/wp-json\/wp\/v2\/media\/243450"}],"wp:attachment":[{"href":"https:\/\/www.webdo.tn\/fr\/wp-json\/wp\/v2\/media?parent=218381"}],"wp:term":[{"taxonomy":"category","embeddable":true,"href":"https:\/\/www.webdo.tn\/fr\/wp-json\/wp\/v2\/categories?post=218381"},{"taxonomy":"post_tag","embeddable":true,"href":"https:\/\/www.webdo.tn\/fr\/wp-json\/wp\/v2\/tags?post=218381"}],"curies":[{"name":"wp","href":"https:\/\/api.w.org\/{rel}","templated":true}]}}