{"id":218375,"date":"2024-12-16T14:25:00","date_gmt":"2024-12-16T14:25:00","guid":{"rendered":"https:\/\/www.webdo.tn\/fr\/blog\/2024\/12\/16\/tunisie-les-stations-de-la-transtu-bientot-equipees-de-cameras-de-surveillance\/"},"modified":"2025-05-20T21:45:23","modified_gmt":"2025-05-20T21:45:23","slug":"tunisie-les-stations-de-la-transtu-bientot-equipees-de-cameras-de-surveillance","status":"publish","type":"post","link":"https:\/\/www.webdo.tn\/fr\/actualite\/national\/tunisie-les-stations-de-la-transtu-bientot-equipees-de-cameras-de-surveillance\/218375\/","title":{"rendered":"Tunisie : Les stations de la TRANSTU bient\u00f4t \u00e9quip\u00e9es de cam\u00e9ras de surveillance"},"content":{"rendered":"<p>D\u00e8s le d\u00e9but de l\u2019ann\u00e9e 2025, toutes les stations de la Soci\u00e9t\u00e9 des Transports de Tunis (TRANSTU) seront dot\u00e9es de cam\u00e9ras de surveillance. Cette initiative a \u00e9t\u00e9 annonc\u00e9e aujourd\u2019hui par le PDG de la soci\u00e9t\u00e9, Abderraouf Saleh, lors d\u2019une d\u00e9claration accord\u00e9e \u00e0 Mosa\u00efque FM.<\/p>\n<p>\t\t\t\t\t\t\t\t\tEn r\u00e9ponse aux plaintes des usagers des bus et des m\u00e9tros rapport\u00e9es dans un reportage de la m\u00eame radio, le responsable a affirm\u00e9 que la TRANSTU travaille activement \u00e0 mettre fin aux agressions visant aussi bien les clients que les agents de la soci\u00e9t\u00e9.<\/p>\n<p>Ces actes violents, souvent recens\u00e9s dans des points sensibles, sont combattus gr\u00e2ce \u00e0 des op\u00e9rations coordonn\u00e9es entre le syst\u00e8me interne de s\u00e9curit\u00e9 et les forces de police. L\u2019objectif est d\u2019assurer une protection optimale pour tous.<\/p>\n<p>Abderraouf Saleh a soulign\u00e9 que les actes de vandalisme et de destruction des moyens de transport aggravent les pertes, aussi bien pour la soci\u00e9t\u00e9 que pour les citoyens.<\/p>\n<p>Chaque incident r\u00e9sulte en l\u2019immobilisation du v\u00e9hicule endommag\u00e9, ce qui r\u00e9duit le nombre de bus et m\u00e9tros en service et allonge les temps d\u2019attente des usagers aux stations.<\/p>\n<p>Il a ajout\u00e9 qu\u2019\u00e0 partir de mai 2025, la TRANSTU renforcera sa flotte de bus et de m\u00e9tros. Ce renforcement permettra de r\u00e9duire les retards aux heures de pointe et d\u2019assurer une meilleure r\u00e9gularit\u00e9 des services.<\/p>\n","protected":false},"excerpt":{"rendered":"<p>D\u00e8s le d\u00e9but de l\u2019ann\u00e9e 2025, toutes les stations de la Soci\u00e9t\u00e9 des Transports de Tunis (TRANSTU) seront dot\u00e9es de cam\u00e9ras de surveillance. Cette initiative a \u00e9&#8230;<\/p>\n","protected":false},"author":3162,"featured_media":243424,"comment_status":"open","ping_status":"open","sticky":false,"template":"","format":"standard","meta":{"footnotes":""},"categories":[44],"tags":[4721,2840,2818,4045,2640,2608],"class_list":["post-218375","post","type-post","status-publish","format-standard","has-post-thumbnail","hentry","category-national","tag-cameras","tag-securite","tag-transport","tag-transtu","tag-tunis","tag-tunisie"],"yoast_head":"<!-- This site is optimized with the Yoast SEO Premium plugin v27.4 (Yoast SEO v27.5) - https:\/\/yoast.com\/product\/yoast-seo-premium-wordpress\/ -->\n<title>Tunisie : Les stations de la TRANSTU bient\u00f4t \u00e9quip\u00e9es de cam\u00e9ras de surveillance<\/title>\n<meta name=\"description\" content=\"D\u00e8s le d\u00e9but de l\u2019ann\u00e9e 2025, toutes les stations de la Soci\u00e9t\u00e9 des Transports de Tunis (TRANSTU) seront dot\u00e9es de cam\u00e9ras de surveillance. Cette initiative a \u00e9...\" \/>\n<link rel=\"canonical\" href=\"https:\/\/www.webdo.tn\/fr\/actualite\/national\/tunisie-les-stations-de-la-transtu-bientot-equipees-de-cameras-de-surveillance\/218375\/\" \/>\n<meta property=\"og:locale\" content=\"fr_FR\" \/>\n<meta property=\"og:type\" content=\"article\" \/>\n<meta property=\"og:title\" content=\"Tunisie : Les stations de la TRANSTU bient\u00f4t \u00e9quip\u00e9es de cam\u00e9ras de surveillance\" \/>\n<meta property=\"og:description\" content=\"D\u00e8s le d\u00e9but de l\u2019ann\u00e9e 2025, toutes les stations de la Soci\u00e9t\u00e9 des Transports de Tunis (TRANSTU) seront dot\u00e9es de cam\u00e9ras de surveillance. Cette initiative a \u00e9...\" \/>\n<meta property=\"og:url\" content=\"https:\/\/www.webdo.tn\/fr\/actualite\/national\/tunisie-les-stations-de-la-transtu-bientot-equipees-de-cameras-de-surveillance\/218375\/\" \/>\n<meta property=\"og:site_name\" content=\"webdo\" \/>\n<meta property=\"article:publisher\" content=\"https:\/\/www.facebook.com\/webdotn\" \/>\n<meta property=\"article:published_time\" content=\"2024-12-16T14:25:00+00:00\" \/>\n<meta property=\"article:modified_time\" content=\"2025-05-20T21:45:23+00:00\" \/>\n<meta property=\"og:image\" content=\"https:\/\/www.webdo.tn\/fr\/wp-content\/uploads\/2025\/05\/d704885f0be93637beae34d5a1276c6d-2.webp\" \/>\n\t<meta property=\"og:image:width\" content=\"750\" \/>\n\t<meta property=\"og:image:height\" content=\"400\" \/>\n\t<meta property=\"og:image:type\" content=\"image\/webp\" \/>\n<meta name=\"author\" content=\"MC\" \/>\n<meta name=\"twitter:card\" content=\"summary_large_image\" \/>\n<meta name=\"twitter:creator\" content=\"@webdo_tn\" \/>\n<meta name=\"twitter:site\" content=\"@webdo_tn\" \/>\n<meta name=\"twitter:label1\" content=\"\u00c9crit par\" \/>\n\t<meta name=\"twitter:data1\" content=\"MC\" \/>\n\t<meta name=\"twitter:label2\" content=\"Dur\u00e9e de lecture estim\u00e9e\" \/>\n\t<meta name=\"twitter:data2\" content=\"1 minute\" \/>\n<script type=\"application\/ld+json\" class=\"yoast-schema-graph\">{\"@context\":\"https:\\\/\\\/schema.org\",\"@graph\":[{\"@type\":\"NewsArticle\",\"@id\":\"https:\\\/\\\/www.webdo.tn\\\/fr\\\/actualite\\\/national\\\/tunisie-les-stations-de-la-transtu-bientot-equipees-de-cameras-de-surveillance\\\/218375\\\/#article\",\"isPartOf\":{\"@id\":\"https:\\\/\\\/www.webdo.tn\\\/fr\\\/actualite\\\/national\\\/tunisie-les-stations-de-la-transtu-bientot-equipees-de-cameras-de-surveillance\\\/218375\\\/\"},\"author\":{\"name\":\"MC\",\"@id\":\"https:\\\/\\\/www.webdo.tn\\\/fr\\\/#\\\/schema\\\/person\\\/2c4929cbf5a809e3bd38617c6ce150f6\"},\"headline\":\"Tunisie : Les stations de la TRANSTU bient\u00f4t \u00e9quip\u00e9es de cam\u00e9ras de surveillance\",\"datePublished\":\"2024-12-16T14:25:00+00:00\",\"dateModified\":\"2025-05-20T21:45:23+00:00\",\"mainEntityOfPage\":{\"@id\":\"https:\\\/\\\/www.webdo.tn\\\/fr\\\/actualite\\\/national\\\/tunisie-les-stations-de-la-transtu-bientot-equipees-de-cameras-de-surveillance\\\/218375\\\/\"},\"wordCount\":263,\"commentCount\":0,\"publisher\":{\"@id\":\"https:\\\/\\\/www.webdo.tn\\\/fr\\\/#organization\"},\"image\":{\"@id\":\"https:\\\/\\\/www.webdo.tn\\\/fr\\\/actualite\\\/national\\\/tunisie-les-stations-de-la-transtu-bientot-equipees-de-cameras-de-surveillance\\\/218375\\\/#primaryimage\"},\"thumbnailUrl\":\"https:\\\/\\\/www.webdo.tn\\\/fr\\\/wp-content\\\/uploads\\\/2025\\\/05\\\/d704885f0be93637beae34d5a1276c6d-2.webp\",\"keywords\":[\"Cam\u00e9ras\",\"s\u00e9curit\u00e9\",\"Transport\",\"TRANSTU\",\"Tunis\",\"Tunisie\"],\"articleSection\":[\"National\"],\"inLanguage\":\"fr-FR\"},{\"@type\":\"WebPage\",\"@id\":\"https:\\\/\\\/www.webdo.tn\\\/fr\\\/actualite\\\/national\\\/tunisie-les-stations-de-la-transtu-bientot-equipees-de-cameras-de-surveillance\\\/218375\\\/\",\"url\":\"https:\\\/\\\/www.webdo.tn\\\/fr\\\/actualite\\\/national\\\/tunisie-les-stations-de-la-transtu-bientot-equipees-de-cameras-de-surveillance\\\/218375\\\/\",\"name\":\"Tunisie : Les stations de la TRANSTU bient\u00f4t \u00e9quip\u00e9es de cam\u00e9ras de surveillance\",\"isPartOf\":{\"@id\":\"https:\\\/\\\/www.webdo.tn\\\/fr\\\/#website\"},\"primaryImageOfPage\":{\"@id\":\"https:\\\/\\\/www.webdo.tn\\\/fr\\\/actualite\\\/national\\\/tunisie-les-stations-de-la-transtu-bientot-equipees-de-cameras-de-surveillance\\\/218375\\\/#primaryimage\"},\"image\":{\"@id\":\"https:\\\/\\\/www.webdo.tn\\\/fr\\\/actualite\\\/national\\\/tunisie-les-stations-de-la-transtu-bientot-equipees-de-cameras-de-surveillance\\\/218375\\\/#primaryimage\"},\"thumbnailUrl\":\"https:\\\/\\\/www.webdo.tn\\\/fr\\\/wp-content\\\/uploads\\\/2025\\\/05\\\/d704885f0be93637beae34d5a1276c6d-2.webp\",\"datePublished\":\"2024-12-16T14:25:00+00:00\",\"dateModified\":\"2025-05-20T21:45:23+00:00\",\"description\":\"D\u00e8s le d\u00e9but de l\u2019ann\u00e9e 2025, toutes les stations de la Soci\u00e9t\u00e9 des Transports de Tunis (TRANSTU) seront dot\u00e9es de cam\u00e9ras de surveillance. Cette initiative a \u00e9...\",\"breadcrumb\":{\"@id\":\"https:\\\/\\\/www.webdo.tn\\\/fr\\\/actualite\\\/national\\\/tunisie-les-stations-de-la-transtu-bientot-equipees-de-cameras-de-surveillance\\\/218375\\\/#breadcrumb\"},\"inLanguage\":\"fr-FR\",\"potentialAction\":[{\"@type\":\"ReadAction\",\"target\":[\"https:\\\/\\\/www.webdo.tn\\\/fr\\\/actualite\\\/national\\\/tunisie-les-stations-de-la-transtu-bientot-equipees-de-cameras-de-surveillance\\\/218375\\\/\"]}]},{\"@type\":\"ImageObject\",\"inLanguage\":\"fr-FR\",\"@id\":\"https:\\\/\\\/www.webdo.tn\\\/fr\\\/actualite\\\/national\\\/tunisie-les-stations-de-la-transtu-bientot-equipees-de-cameras-de-surveillance\\\/218375\\\/#primaryimage\",\"url\":\"https:\\\/\\\/www.webdo.tn\\\/fr\\\/wp-content\\\/uploads\\\/2025\\\/05\\\/d704885f0be93637beae34d5a1276c6d-2.webp\",\"contentUrl\":\"https:\\\/\\\/www.webdo.tn\\\/fr\\\/wp-content\\\/uploads\\\/2025\\\/05\\\/d704885f0be93637beae34d5a1276c6d-2.webp\",\"width\":750,\"height\":400},{\"@type\":\"BreadcrumbList\",\"@id\":\"https:\\\/\\\/www.webdo.tn\\\/fr\\\/actualite\\\/national\\\/tunisie-les-stations-de-la-transtu-bientot-equipees-de-cameras-de-surveillance\\\/218375\\\/#breadcrumb\",\"itemListElement\":[{\"@type\":\"ListItem\",\"position\":1,\"name\":\"Accueil\",\"item\":\"https:\\\/\\\/www.webdo.tn\\\/fr\\\/\"},{\"@type\":\"ListItem\",\"position\":2,\"name\":\"Tunisie : Les stations de la TRANSTU bient\u00f4t \u00e9quip\u00e9es de cam\u00e9ras de surveillance\"}]},{\"@type\":\"WebSite\",\"@id\":\"https:\\\/\\\/www.webdo.tn\\\/fr\\\/#website\",\"url\":\"https:\\\/\\\/www.webdo.tn\\\/fr\\\/\",\"name\":\"webdo\",\"description\":\"Tunisie - News en Tunisie et \u00e0 l&#039;international sur Webdo.tn\",\"publisher\":{\"@id\":\"https:\\\/\\\/www.webdo.tn\\\/fr\\\/#organization\"},\"potentialAction\":[{\"@type\":\"SearchAction\",\"target\":{\"@type\":\"EntryPoint\",\"urlTemplate\":\"https:\\\/\\\/www.webdo.tn\\\/fr\\\/?s={search_term_string}\"},\"query-input\":{\"@type\":\"PropertyValueSpecification\",\"valueRequired\":true,\"valueName\":\"search_term_string\"}}],\"inLanguage\":\"fr-FR\"},{\"@type\":\"Organization\",\"@id\":\"https:\\\/\\\/www.webdo.tn\\\/fr\\\/#organization\",\"name\":\"Webdo\",\"alternateName\":\"Webdo.tn\",\"url\":\"https:\\\/\\\/www.webdo.tn\\\/fr\\\/\",\"logo\":{\"@type\":\"ImageObject\",\"inLanguage\":\"fr-FR\",\"@id\":\"https:\\\/\\\/www.webdo.tn\\\/fr\\\/#\\\/schema\\\/logo\\\/image\\\/\",\"url\":\"https:\\\/\\\/www.webdo.tn\\\/fr\\\/wp-content\\\/uploads\\\/2025\\\/06\\\/Webdo-Tunisie_168377.jpg\",\"contentUrl\":\"https:\\\/\\\/www.webdo.tn\\\/fr\\\/wp-content\\\/uploads\\\/2025\\\/06\\\/Webdo-Tunisie_168377.jpg\",\"width\":301,\"height\":301,\"caption\":\"Webdo\"},\"image\":{\"@id\":\"https:\\\/\\\/www.webdo.tn\\\/fr\\\/#\\\/schema\\\/logo\\\/image\\\/\"},\"sameAs\":[\"https:\\\/\\\/www.facebook.com\\\/webdotn\",\"https:\\\/\\\/x.com\\\/webdo_tn\"],\"description\":\"Webdo est un m\u00e9dia num\u00e9rique tunisien fond\u00e9 en 2010, sp\u00e9cialis\u00e9 dans l\u2019actualit\u00e9 nationale et internationale, l\u2019\u00e9conomie, la soci\u00e9t\u00e9 et les analyses politiques. Le site s\u2019adresse \u00e0 un large public francophone et couvre l\u2019information tunisienne en temps r\u00e9el.\",\"email\":\"redac@webdo.tn\",\"legalName\":\"YNJ SARL\",\"foundingDate\":\"2010-09-06\",\"numberOfEmployees\":{\"@type\":\"QuantitativeValue\",\"minValue\":\"11\",\"maxValue\":\"50\"}},{\"@type\":\"Person\",\"@id\":\"https:\\\/\\\/www.webdo.tn\\\/fr\\\/#\\\/schema\\\/person\\\/2c4929cbf5a809e3bd38617c6ce150f6\",\"name\":\"MC\",\"image\":{\"@type\":\"ImageObject\",\"inLanguage\":\"fr-FR\",\"@id\":\"https:\\\/\\\/secure.gravatar.com\\\/avatar\\\/a545bbb6f84efdd5553dbbc2895e3ca8f1d12c5215e00a041c9670b54aa9b18a?s=96&d=mm&r=g\",\"url\":\"https:\\\/\\\/secure.gravatar.com\\\/avatar\\\/a545bbb6f84efdd5553dbbc2895e3ca8f1d12c5215e00a041c9670b54aa9b18a?s=96&d=mm&r=g\",\"contentUrl\":\"https:\\\/\\\/secure.gravatar.com\\\/avatar\\\/a545bbb6f84efdd5553dbbc2895e3ca8f1d12c5215e00a041c9670b54aa9b18a?s=96&d=mm&r=g\",\"caption\":\"MC\"},\"url\":\"https:\\\/\\\/www.webdo.tn\\\/fr\\\/actualite\\\/author\\\/mc\\\/\"}]}<\/script>\n<!-- \/ Yoast SEO Premium plugin. -->","yoast_head_json":{"title":"Tunisie : Les stations de la TRANSTU bient\u00f4t \u00e9quip\u00e9es de cam\u00e9ras de surveillance","description":"D\u00e8s le d\u00e9but de l\u2019ann\u00e9e 2025, toutes les stations de la Soci\u00e9t\u00e9 des Transports de Tunis (TRANSTU) seront dot\u00e9es de cam\u00e9ras de surveillance. Cette initiative a \u00e9...","canonical":"https:\/\/www.webdo.tn\/fr\/actualite\/national\/tunisie-les-stations-de-la-transtu-bientot-equipees-de-cameras-de-surveillance\/218375\/","og_locale":"fr_FR","og_type":"article","og_title":"Tunisie : Les stations de la TRANSTU bient\u00f4t \u00e9quip\u00e9es de cam\u00e9ras de surveillance","og_description":"D\u00e8s le d\u00e9but de l\u2019ann\u00e9e 2025, toutes les stations de la Soci\u00e9t\u00e9 des Transports de Tunis (TRANSTU) seront dot\u00e9es de cam\u00e9ras de surveillance. Cette initiative a \u00e9...","og_url":"https:\/\/www.webdo.tn\/fr\/actualite\/national\/tunisie-les-stations-de-la-transtu-bientot-equipees-de-cameras-de-surveillance\/218375\/","og_site_name":"webdo","article_publisher":"https:\/\/www.facebook.com\/webdotn","article_published_time":"2024-12-16T14:25:00+00:00","article_modified_time":"2025-05-20T21:45:23+00:00","og_image":[{"width":750,"height":400,"url":"https:\/\/www.webdo.tn\/fr\/wp-content\/uploads\/2025\/05\/d704885f0be93637beae34d5a1276c6d-2.webp","type":"image\/webp"}],"author":"MC","twitter_card":"summary_large_image","twitter_creator":"@webdo_tn","twitter_site":"@webdo_tn","twitter_misc":{"\u00c9crit par":"MC","Dur\u00e9e de lecture estim\u00e9e":"1 minute"},"schema":{"@context":"https:\/\/schema.org","@graph":[{"@type":"NewsArticle","@id":"https:\/\/www.webdo.tn\/fr\/actualite\/national\/tunisie-les-stations-de-la-transtu-bientot-equipees-de-cameras-de-surveillance\/218375\/#article","isPartOf":{"@id":"https:\/\/www.webdo.tn\/fr\/actualite\/national\/tunisie-les-stations-de-la-transtu-bientot-equipees-de-cameras-de-surveillance\/218375\/"},"author":{"name":"MC","@id":"https:\/\/www.webdo.tn\/fr\/#\/schema\/person\/2c4929cbf5a809e3bd38617c6ce150f6"},"headline":"Tunisie : Les stations de la TRANSTU bient\u00f4t \u00e9quip\u00e9es de cam\u00e9ras de surveillance","datePublished":"2024-12-16T14:25:00+00:00","dateModified":"2025-05-20T21:45:23+00:00","mainEntityOfPage":{"@id":"https:\/\/www.webdo.tn\/fr\/actualite\/national\/tunisie-les-stations-de-la-transtu-bientot-equipees-de-cameras-de-surveillance\/218375\/"},"wordCount":263,"commentCount":0,"publisher":{"@id":"https:\/\/www.webdo.tn\/fr\/#organization"},"image":{"@id":"https:\/\/www.webdo.tn\/fr\/actualite\/national\/tunisie-les-stations-de-la-transtu-bientot-equipees-de-cameras-de-surveillance\/218375\/#primaryimage"},"thumbnailUrl":"https:\/\/www.webdo.tn\/fr\/wp-content\/uploads\/2025\/05\/d704885f0be93637beae34d5a1276c6d-2.webp","keywords":["Cam\u00e9ras","s\u00e9curit\u00e9","Transport","TRANSTU","Tunis","Tunisie"],"articleSection":["National"],"inLanguage":"fr-FR"},{"@type":"WebPage","@id":"https:\/\/www.webdo.tn\/fr\/actualite\/national\/tunisie-les-stations-de-la-transtu-bientot-equipees-de-cameras-de-surveillance\/218375\/","url":"https:\/\/www.webdo.tn\/fr\/actualite\/national\/tunisie-les-stations-de-la-transtu-bientot-equipees-de-cameras-de-surveillance\/218375\/","name":"Tunisie : Les stations de la TRANSTU bient\u00f4t \u00e9quip\u00e9es de cam\u00e9ras de surveillance","isPartOf":{"@id":"https:\/\/www.webdo.tn\/fr\/#website"},"primaryImageOfPage":{"@id":"https:\/\/www.webdo.tn\/fr\/actualite\/national\/tunisie-les-stations-de-la-transtu-bientot-equipees-de-cameras-de-surveillance\/218375\/#primaryimage"},"image":{"@id":"https:\/\/www.webdo.tn\/fr\/actualite\/national\/tunisie-les-stations-de-la-transtu-bientot-equipees-de-cameras-de-surveillance\/218375\/#primaryimage"},"thumbnailUrl":"https:\/\/www.webdo.tn\/fr\/wp-content\/uploads\/2025\/05\/d704885f0be93637beae34d5a1276c6d-2.webp","datePublished":"2024-12-16T14:25:00+00:00","dateModified":"2025-05-20T21:45:23+00:00","description":"D\u00e8s le d\u00e9but de l\u2019ann\u00e9e 2025, toutes les stations de la Soci\u00e9t\u00e9 des Transports de Tunis (TRANSTU) seront dot\u00e9es de cam\u00e9ras de surveillance. Cette initiative a \u00e9...","breadcrumb":{"@id":"https:\/\/www.webdo.tn\/fr\/actualite\/national\/tunisie-les-stations-de-la-transtu-bientot-equipees-de-cameras-de-surveillance\/218375\/#breadcrumb"},"inLanguage":"fr-FR","potentialAction":[{"@type":"ReadAction","target":["https:\/\/www.webdo.tn\/fr\/actualite\/national\/tunisie-les-stations-de-la-transtu-bientot-equipees-de-cameras-de-surveillance\/218375\/"]}]},{"@type":"ImageObject","inLanguage":"fr-FR","@id":"https:\/\/www.webdo.tn\/fr\/actualite\/national\/tunisie-les-stations-de-la-transtu-bientot-equipees-de-cameras-de-surveillance\/218375\/#primaryimage","url":"https:\/\/www.webdo.tn\/fr\/wp-content\/uploads\/2025\/05\/d704885f0be93637beae34d5a1276c6d-2.webp","contentUrl":"https:\/\/www.webdo.tn\/fr\/wp-content\/uploads\/2025\/05\/d704885f0be93637beae34d5a1276c6d-2.webp","width":750,"height":400},{"@type":"BreadcrumbList","@id":"https:\/\/www.webdo.tn\/fr\/actualite\/national\/tunisie-les-stations-de-la-transtu-bientot-equipees-de-cameras-de-surveillance\/218375\/#breadcrumb","itemListElement":[{"@type":"ListItem","position":1,"name":"Accueil","item":"https:\/\/www.webdo.tn\/fr\/"},{"@type":"ListItem","position":2,"name":"Tunisie : Les stations de la TRANSTU bient\u00f4t \u00e9quip\u00e9es de cam\u00e9ras de surveillance"}]},{"@type":"WebSite","@id":"https:\/\/www.webdo.tn\/fr\/#website","url":"https:\/\/www.webdo.tn\/fr\/","name":"webdo","description":"Tunisie - News en Tunisie et \u00e0 l&#039;international sur Webdo.tn","publisher":{"@id":"https:\/\/www.webdo.tn\/fr\/#organization"},"potentialAction":[{"@type":"SearchAction","target":{"@type":"EntryPoint","urlTemplate":"https:\/\/www.webdo.tn\/fr\/?s={search_term_string}"},"query-input":{"@type":"PropertyValueSpecification","valueRequired":true,"valueName":"search_term_string"}}],"inLanguage":"fr-FR"},{"@type":"Organization","@id":"https:\/\/www.webdo.tn\/fr\/#organization","name":"Webdo","alternateName":"Webdo.tn","url":"https:\/\/www.webdo.tn\/fr\/","logo":{"@type":"ImageObject","inLanguage":"fr-FR","@id":"https:\/\/www.webdo.tn\/fr\/#\/schema\/logo\/image\/","url":"https:\/\/www.webdo.tn\/fr\/wp-content\/uploads\/2025\/06\/Webdo-Tunisie_168377.jpg","contentUrl":"https:\/\/www.webdo.tn\/fr\/wp-content\/uploads\/2025\/06\/Webdo-Tunisie_168377.jpg","width":301,"height":301,"caption":"Webdo"},"image":{"@id":"https:\/\/www.webdo.tn\/fr\/#\/schema\/logo\/image\/"},"sameAs":["https:\/\/www.facebook.com\/webdotn","https:\/\/x.com\/webdo_tn"],"description":"Webdo est un m\u00e9dia num\u00e9rique tunisien fond\u00e9 en 2010, sp\u00e9cialis\u00e9 dans l\u2019actualit\u00e9 nationale et internationale, l\u2019\u00e9conomie, la soci\u00e9t\u00e9 et les analyses politiques. Le site s\u2019adresse \u00e0 un large public francophone et couvre l\u2019information tunisienne en temps r\u00e9el.","email":"redac@webdo.tn","legalName":"YNJ SARL","foundingDate":"2010-09-06","numberOfEmployees":{"@type":"QuantitativeValue","minValue":"11","maxValue":"50"}},{"@type":"Person","@id":"https:\/\/www.webdo.tn\/fr\/#\/schema\/person\/2c4929cbf5a809e3bd38617c6ce150f6","name":"MC","image":{"@type":"ImageObject","inLanguage":"fr-FR","@id":"https:\/\/secure.gravatar.com\/avatar\/a545bbb6f84efdd5553dbbc2895e3ca8f1d12c5215e00a041c9670b54aa9b18a?s=96&d=mm&r=g","url":"https:\/\/secure.gravatar.com\/avatar\/a545bbb6f84efdd5553dbbc2895e3ca8f1d12c5215e00a041c9670b54aa9b18a?s=96&d=mm&r=g","contentUrl":"https:\/\/secure.gravatar.com\/avatar\/a545bbb6f84efdd5553dbbc2895e3ca8f1d12c5215e00a041c9670b54aa9b18a?s=96&d=mm&r=g","caption":"MC"},"url":"https:\/\/www.webdo.tn\/fr\/actualite\/author\/mc\/"}]}},"_links":{"self":[{"href":"https:\/\/www.webdo.tn\/fr\/wp-json\/wp\/v2\/posts\/218375","targetHints":{"allow":["GET"]}}],"collection":[{"href":"https:\/\/www.webdo.tn\/fr\/wp-json\/wp\/v2\/posts"}],"about":[{"href":"https:\/\/www.webdo.tn\/fr\/wp-json\/wp\/v2\/types\/post"}],"author":[{"embeddable":true,"href":"https:\/\/www.webdo.tn\/fr\/wp-json\/wp\/v2\/users\/3162"}],"replies":[{"embeddable":true,"href":"https:\/\/www.webdo.tn\/fr\/wp-json\/wp\/v2\/comments?post=218375"}],"version-history":[{"count":0,"href":"https:\/\/www.webdo.tn\/fr\/wp-json\/wp\/v2\/posts\/218375\/revisions"}],"wp:featuredmedia":[{"embeddable":true,"href":"https:\/\/www.webdo.tn\/fr\/wp-json\/wp\/v2\/media\/243424"}],"wp:attachment":[{"href":"https:\/\/www.webdo.tn\/fr\/wp-json\/wp\/v2\/media?parent=218375"}],"wp:term":[{"taxonomy":"category","embeddable":true,"href":"https:\/\/www.webdo.tn\/fr\/wp-json\/wp\/v2\/categories?post=218375"},{"taxonomy":"post_tag","embeddable":true,"href":"https:\/\/www.webdo.tn\/fr\/wp-json\/wp\/v2\/tags?post=218375"}],"curies":[{"name":"wp","href":"https:\/\/api.w.org\/{rel}","templated":true}]}}