{"id":218374,"date":"2024-12-16T14:15:00","date_gmt":"2024-12-16T14:15:00","guid":{"rendered":"https:\/\/www.webdo.tn\/fr\/blog\/2024\/12\/16\/tunisie-incendie-criminel-dans-une-ecole-primaire-a-korba\/"},"modified":"2025-05-20T21:45:22","modified_gmt":"2025-05-20T21:45:22","slug":"tunisie-incendie-criminel-dans-une-ecole-primaire-a-korba","status":"publish","type":"post","link":"https:\/\/www.webdo.tn\/fr\/actualite\/regions\/tunisie-incendie-criminel-dans-une-ecole-primaire-a-korba\/218374\/","title":{"rendered":"Tunisie : Incendie criminel dans une \u00e9cole primaire \u00e0 Korba"},"content":{"rendered":"<p>Un incendie criminel a \u00e9clat\u00e9 hier soir \u00e0 l&rsquo;\u00e9cole primaire de la Place du March\u00e9 \u00e0 Korba, causant d&rsquo;importants d\u00e9g\u00e2ts mat\u00e9riels.<\/p>\n<p>\t\t\t\t\t\t\t\t\tSelon Issa Al Rayes, Secr\u00e9taire g\u00e9n\u00e9ral adjoint du syndicat de l\u2019enseignement de base de Nabeul, une salle de classe a \u00e9t\u00e9 endommag\u00e9e, notamment au niveau des \u00e9quipements et des fen\u00eatres.<\/p>\n<p>Cet acte, qualifi\u00e9 de \u00ab criminel \u00bb, a suscit\u00e9 l&rsquo;indignation, d&rsquo;autant plus qu&rsquo;il s&rsquo;agit du quatri\u00e8me incident de ce type dans le m\u00eame \u00e9tablissement.<\/p>\n<p>Le syndicat de l&rsquo;enseignement de base a point\u00e9 du doigt l&rsquo;absence de gardiennage, notamment de gardiens de nuit, pour assurer la s\u00e9curit\u00e9 des \u00e9coles.<\/p>\n<p>Avec pr\u00e8s de 1 000 \u00e9l\u00e8ves inscrits, l&rsquo;\u00e9cole primaire de la Place du March\u00e9 n&rsquo;est pas la seule concern\u00e9e par ce probl\u00e8me, qui touche plusieurs \u00e9tablissements de la r\u00e9gion.<\/p>\n<p>En r\u00e9action, un mouvement de protestation s&rsquo;est tenu \u00e0 l&rsquo;\u00e9cole primaire de la Place du March\u00e9 vers 10 heures ce matin. Les manifestants, compos\u00e9s d&rsquo;\u00e9ducateurs et d&rsquo;administrateurs, ont exprim\u00e9 leur col\u00e8re face \u00e0 la hausse de la violence et au manque de mesures de s\u00e9curit\u00e9 dans les \u00e9tablissements scolaires.<\/p>\n","protected":false},"excerpt":{"rendered":"<p>Un incendie criminel a \u00e9clat\u00e9 hier soir \u00e0 l&rsquo;\u00e9cole primaire de la Place du March\u00e9 \u00e0 Korba, causant d&rsquo;importants d\u00e9g\u00e2ts mat\u00e9riels.<\/p>\n","protected":false},"author":3162,"featured_media":243416,"comment_status":"open","ping_status":"open","sticky":false,"template":"","format":"standard","meta":{"footnotes":""},"categories":[2595],"tags":[3038,3089,4712,2608],"class_list":["post-218374","post","type-post","status-publish","format-standard","has-post-thumbnail","hentry","category-regions","tag-ecole","tag-incendie","tag-korba","tag-tunisie"],"yoast_head":"<!-- This site is optimized with the Yoast SEO Premium plugin v27.4 (Yoast SEO v27.5) - https:\/\/yoast.com\/product\/yoast-seo-premium-wordpress\/ -->\n<title>Tunisie : Incendie criminel dans une \u00e9cole primaire \u00e0 Korba<\/title>\n<meta name=\"description\" content=\"Un incendie criminel a \u00e9clat\u00e9 hier soir \u00e0 l&#039;\u00e9cole primaire de la Place du March\u00e9 \u00e0 Korba, causant d&#039;importants d\u00e9g\u00e2ts mat\u00e9riels.\" \/>\n<link rel=\"canonical\" href=\"https:\/\/www.webdo.tn\/fr\/actualite\/regions\/tunisie-incendie-criminel-dans-une-ecole-primaire-a-korba\/218374\/\" \/>\n<meta property=\"og:locale\" content=\"fr_FR\" \/>\n<meta property=\"og:type\" content=\"article\" \/>\n<meta property=\"og:title\" content=\"Tunisie : Incendie criminel dans une \u00e9cole primaire \u00e0 Korba\" \/>\n<meta property=\"og:description\" content=\"Un incendie criminel a \u00e9clat\u00e9 hier soir \u00e0 l&#039;\u00e9cole primaire de la Place du March\u00e9 \u00e0 Korba, causant d&#039;importants d\u00e9g\u00e2ts mat\u00e9riels.\" \/>\n<meta property=\"og:url\" content=\"https:\/\/www.webdo.tn\/fr\/actualite\/regions\/tunisie-incendie-criminel-dans-une-ecole-primaire-a-korba\/218374\/\" \/>\n<meta property=\"og:site_name\" content=\"webdo\" \/>\n<meta property=\"article:publisher\" content=\"https:\/\/www.facebook.com\/webdotn\" \/>\n<meta property=\"article:published_time\" content=\"2024-12-16T14:15:00+00:00\" \/>\n<meta property=\"article:modified_time\" content=\"2025-05-20T21:45:22+00:00\" \/>\n<meta property=\"og:image\" content=\"https:\/\/www.webdo.tn\/fr\/wp-content\/uploads\/2025\/05\/e5705a130b5b3be53d9cded3c8a15123-2.webp\" \/>\n\t<meta property=\"og:image:width\" content=\"750\" \/>\n\t<meta property=\"og:image:height\" content=\"400\" \/>\n\t<meta property=\"og:image:type\" content=\"image\/webp\" \/>\n<meta name=\"author\" content=\"MC\" \/>\n<meta name=\"twitter:card\" content=\"summary_large_image\" \/>\n<meta name=\"twitter:creator\" content=\"@webdo_tn\" \/>\n<meta name=\"twitter:site\" content=\"@webdo_tn\" \/>\n<meta name=\"twitter:label1\" content=\"\u00c9crit par\" \/>\n\t<meta name=\"twitter:data1\" content=\"MC\" \/>\n\t<meta name=\"twitter:label2\" content=\"Dur\u00e9e de lecture estim\u00e9e\" \/>\n\t<meta name=\"twitter:data2\" content=\"1 minute\" \/>\n<script type=\"application\/ld+json\" class=\"yoast-schema-graph\">{\"@context\":\"https:\\\/\\\/schema.org\",\"@graph\":[{\"@type\":\"NewsArticle\",\"@id\":\"https:\\\/\\\/www.webdo.tn\\\/fr\\\/actualite\\\/regions\\\/tunisie-incendie-criminel-dans-une-ecole-primaire-a-korba\\\/218374\\\/#article\",\"isPartOf\":{\"@id\":\"https:\\\/\\\/www.webdo.tn\\\/fr\\\/actualite\\\/regions\\\/tunisie-incendie-criminel-dans-une-ecole-primaire-a-korba\\\/218374\\\/\"},\"author\":{\"name\":\"MC\",\"@id\":\"https:\\\/\\\/www.webdo.tn\\\/fr\\\/#\\\/schema\\\/person\\\/2c4929cbf5a809e3bd38617c6ce150f6\"},\"headline\":\"Tunisie : Incendie criminel dans une \u00e9cole primaire \u00e0 Korba\",\"datePublished\":\"2024-12-16T14:15:00+00:00\",\"dateModified\":\"2025-05-20T21:45:22+00:00\",\"mainEntityOfPage\":{\"@id\":\"https:\\\/\\\/www.webdo.tn\\\/fr\\\/actualite\\\/regions\\\/tunisie-incendie-criminel-dans-une-ecole-primaire-a-korba\\\/218374\\\/\"},\"wordCount\":211,\"commentCount\":0,\"publisher\":{\"@id\":\"https:\\\/\\\/www.webdo.tn\\\/fr\\\/#organization\"},\"image\":{\"@id\":\"https:\\\/\\\/www.webdo.tn\\\/fr\\\/actualite\\\/regions\\\/tunisie-incendie-criminel-dans-une-ecole-primaire-a-korba\\\/218374\\\/#primaryimage\"},\"thumbnailUrl\":\"https:\\\/\\\/www.webdo.tn\\\/fr\\\/wp-content\\\/uploads\\\/2025\\\/05\\\/e5705a130b5b3be53d9cded3c8a15123-2.webp\",\"keywords\":[\"\u00e9cole\",\"incendie\",\"korba\",\"Tunisie\"],\"articleSection\":[\"regions\"],\"inLanguage\":\"fr-FR\"},{\"@type\":\"WebPage\",\"@id\":\"https:\\\/\\\/www.webdo.tn\\\/fr\\\/actualite\\\/regions\\\/tunisie-incendie-criminel-dans-une-ecole-primaire-a-korba\\\/218374\\\/\",\"url\":\"https:\\\/\\\/www.webdo.tn\\\/fr\\\/actualite\\\/regions\\\/tunisie-incendie-criminel-dans-une-ecole-primaire-a-korba\\\/218374\\\/\",\"name\":\"Tunisie : Incendie criminel dans une \u00e9cole primaire \u00e0 Korba\",\"isPartOf\":{\"@id\":\"https:\\\/\\\/www.webdo.tn\\\/fr\\\/#website\"},\"primaryImageOfPage\":{\"@id\":\"https:\\\/\\\/www.webdo.tn\\\/fr\\\/actualite\\\/regions\\\/tunisie-incendie-criminel-dans-une-ecole-primaire-a-korba\\\/218374\\\/#primaryimage\"},\"image\":{\"@id\":\"https:\\\/\\\/www.webdo.tn\\\/fr\\\/actualite\\\/regions\\\/tunisie-incendie-criminel-dans-une-ecole-primaire-a-korba\\\/218374\\\/#primaryimage\"},\"thumbnailUrl\":\"https:\\\/\\\/www.webdo.tn\\\/fr\\\/wp-content\\\/uploads\\\/2025\\\/05\\\/e5705a130b5b3be53d9cded3c8a15123-2.webp\",\"datePublished\":\"2024-12-16T14:15:00+00:00\",\"dateModified\":\"2025-05-20T21:45:22+00:00\",\"description\":\"Un incendie criminel a \u00e9clat\u00e9 hier soir \u00e0 l'\u00e9cole primaire de la Place du March\u00e9 \u00e0 Korba, causant d'importants d\u00e9g\u00e2ts mat\u00e9riels.\",\"breadcrumb\":{\"@id\":\"https:\\\/\\\/www.webdo.tn\\\/fr\\\/actualite\\\/regions\\\/tunisie-incendie-criminel-dans-une-ecole-primaire-a-korba\\\/218374\\\/#breadcrumb\"},\"inLanguage\":\"fr-FR\",\"potentialAction\":[{\"@type\":\"ReadAction\",\"target\":[\"https:\\\/\\\/www.webdo.tn\\\/fr\\\/actualite\\\/regions\\\/tunisie-incendie-criminel-dans-une-ecole-primaire-a-korba\\\/218374\\\/\"]}]},{\"@type\":\"ImageObject\",\"inLanguage\":\"fr-FR\",\"@id\":\"https:\\\/\\\/www.webdo.tn\\\/fr\\\/actualite\\\/regions\\\/tunisie-incendie-criminel-dans-une-ecole-primaire-a-korba\\\/218374\\\/#primaryimage\",\"url\":\"https:\\\/\\\/www.webdo.tn\\\/fr\\\/wp-content\\\/uploads\\\/2025\\\/05\\\/e5705a130b5b3be53d9cded3c8a15123-2.webp\",\"contentUrl\":\"https:\\\/\\\/www.webdo.tn\\\/fr\\\/wp-content\\\/uploads\\\/2025\\\/05\\\/e5705a130b5b3be53d9cded3c8a15123-2.webp\",\"width\":750,\"height\":400},{\"@type\":\"BreadcrumbList\",\"@id\":\"https:\\\/\\\/www.webdo.tn\\\/fr\\\/actualite\\\/regions\\\/tunisie-incendie-criminel-dans-une-ecole-primaire-a-korba\\\/218374\\\/#breadcrumb\",\"itemListElement\":[{\"@type\":\"ListItem\",\"position\":1,\"name\":\"Accueil\",\"item\":\"https:\\\/\\\/www.webdo.tn\\\/fr\\\/\"},{\"@type\":\"ListItem\",\"position\":2,\"name\":\"Tunisie : Incendie criminel dans une \u00e9cole primaire \u00e0 Korba\"}]},{\"@type\":\"WebSite\",\"@id\":\"https:\\\/\\\/www.webdo.tn\\\/fr\\\/#website\",\"url\":\"https:\\\/\\\/www.webdo.tn\\\/fr\\\/\",\"name\":\"webdo\",\"description\":\"Tunisie - News en Tunisie et \u00e0 l&#039;international sur Webdo.tn\",\"publisher\":{\"@id\":\"https:\\\/\\\/www.webdo.tn\\\/fr\\\/#organization\"},\"potentialAction\":[{\"@type\":\"SearchAction\",\"target\":{\"@type\":\"EntryPoint\",\"urlTemplate\":\"https:\\\/\\\/www.webdo.tn\\\/fr\\\/?s={search_term_string}\"},\"query-input\":{\"@type\":\"PropertyValueSpecification\",\"valueRequired\":true,\"valueName\":\"search_term_string\"}}],\"inLanguage\":\"fr-FR\"},{\"@type\":\"Organization\",\"@id\":\"https:\\\/\\\/www.webdo.tn\\\/fr\\\/#organization\",\"name\":\"Webdo\",\"alternateName\":\"Webdo.tn\",\"url\":\"https:\\\/\\\/www.webdo.tn\\\/fr\\\/\",\"logo\":{\"@type\":\"ImageObject\",\"inLanguage\":\"fr-FR\",\"@id\":\"https:\\\/\\\/www.webdo.tn\\\/fr\\\/#\\\/schema\\\/logo\\\/image\\\/\",\"url\":\"https:\\\/\\\/www.webdo.tn\\\/fr\\\/wp-content\\\/uploads\\\/2025\\\/06\\\/Webdo-Tunisie_168377.jpg\",\"contentUrl\":\"https:\\\/\\\/www.webdo.tn\\\/fr\\\/wp-content\\\/uploads\\\/2025\\\/06\\\/Webdo-Tunisie_168377.jpg\",\"width\":301,\"height\":301,\"caption\":\"Webdo\"},\"image\":{\"@id\":\"https:\\\/\\\/www.webdo.tn\\\/fr\\\/#\\\/schema\\\/logo\\\/image\\\/\"},\"sameAs\":[\"https:\\\/\\\/www.facebook.com\\\/webdotn\",\"https:\\\/\\\/x.com\\\/webdo_tn\"],\"description\":\"Webdo est un m\u00e9dia num\u00e9rique tunisien fond\u00e9 en 2010, sp\u00e9cialis\u00e9 dans l\u2019actualit\u00e9 nationale et internationale, l\u2019\u00e9conomie, la soci\u00e9t\u00e9 et les analyses politiques. Le site s\u2019adresse \u00e0 un large public francophone et couvre l\u2019information tunisienne en temps r\u00e9el.\",\"email\":\"redac@webdo.tn\",\"legalName\":\"YNJ SARL\",\"foundingDate\":\"2010-09-06\",\"numberOfEmployees\":{\"@type\":\"QuantitativeValue\",\"minValue\":\"11\",\"maxValue\":\"50\"}},{\"@type\":\"Person\",\"@id\":\"https:\\\/\\\/www.webdo.tn\\\/fr\\\/#\\\/schema\\\/person\\\/2c4929cbf5a809e3bd38617c6ce150f6\",\"name\":\"MC\",\"image\":{\"@type\":\"ImageObject\",\"inLanguage\":\"fr-FR\",\"@id\":\"https:\\\/\\\/secure.gravatar.com\\\/avatar\\\/a545bbb6f84efdd5553dbbc2895e3ca8f1d12c5215e00a041c9670b54aa9b18a?s=96&d=mm&r=g\",\"url\":\"https:\\\/\\\/secure.gravatar.com\\\/avatar\\\/a545bbb6f84efdd5553dbbc2895e3ca8f1d12c5215e00a041c9670b54aa9b18a?s=96&d=mm&r=g\",\"contentUrl\":\"https:\\\/\\\/secure.gravatar.com\\\/avatar\\\/a545bbb6f84efdd5553dbbc2895e3ca8f1d12c5215e00a041c9670b54aa9b18a?s=96&d=mm&r=g\",\"caption\":\"MC\"},\"url\":\"https:\\\/\\\/www.webdo.tn\\\/fr\\\/actualite\\\/author\\\/mc\\\/\"}]}<\/script>\n<!-- \/ Yoast SEO Premium plugin. -->","yoast_head_json":{"title":"Tunisie : Incendie criminel dans une \u00e9cole primaire \u00e0 Korba","description":"Un incendie criminel a \u00e9clat\u00e9 hier soir \u00e0 l'\u00e9cole primaire de la Place du March\u00e9 \u00e0 Korba, causant d'importants d\u00e9g\u00e2ts mat\u00e9riels.","canonical":"https:\/\/www.webdo.tn\/fr\/actualite\/regions\/tunisie-incendie-criminel-dans-une-ecole-primaire-a-korba\/218374\/","og_locale":"fr_FR","og_type":"article","og_title":"Tunisie : Incendie criminel dans une \u00e9cole primaire \u00e0 Korba","og_description":"Un incendie criminel a \u00e9clat\u00e9 hier soir \u00e0 l'\u00e9cole primaire de la Place du March\u00e9 \u00e0 Korba, causant d'importants d\u00e9g\u00e2ts mat\u00e9riels.","og_url":"https:\/\/www.webdo.tn\/fr\/actualite\/regions\/tunisie-incendie-criminel-dans-une-ecole-primaire-a-korba\/218374\/","og_site_name":"webdo","article_publisher":"https:\/\/www.facebook.com\/webdotn","article_published_time":"2024-12-16T14:15:00+00:00","article_modified_time":"2025-05-20T21:45:22+00:00","og_image":[{"width":750,"height":400,"url":"https:\/\/www.webdo.tn\/fr\/wp-content\/uploads\/2025\/05\/e5705a130b5b3be53d9cded3c8a15123-2.webp","type":"image\/webp"}],"author":"MC","twitter_card":"summary_large_image","twitter_creator":"@webdo_tn","twitter_site":"@webdo_tn","twitter_misc":{"\u00c9crit par":"MC","Dur\u00e9e de lecture estim\u00e9e":"1 minute"},"schema":{"@context":"https:\/\/schema.org","@graph":[{"@type":"NewsArticle","@id":"https:\/\/www.webdo.tn\/fr\/actualite\/regions\/tunisie-incendie-criminel-dans-une-ecole-primaire-a-korba\/218374\/#article","isPartOf":{"@id":"https:\/\/www.webdo.tn\/fr\/actualite\/regions\/tunisie-incendie-criminel-dans-une-ecole-primaire-a-korba\/218374\/"},"author":{"name":"MC","@id":"https:\/\/www.webdo.tn\/fr\/#\/schema\/person\/2c4929cbf5a809e3bd38617c6ce150f6"},"headline":"Tunisie : Incendie criminel dans une \u00e9cole primaire \u00e0 Korba","datePublished":"2024-12-16T14:15:00+00:00","dateModified":"2025-05-20T21:45:22+00:00","mainEntityOfPage":{"@id":"https:\/\/www.webdo.tn\/fr\/actualite\/regions\/tunisie-incendie-criminel-dans-une-ecole-primaire-a-korba\/218374\/"},"wordCount":211,"commentCount":0,"publisher":{"@id":"https:\/\/www.webdo.tn\/fr\/#organization"},"image":{"@id":"https:\/\/www.webdo.tn\/fr\/actualite\/regions\/tunisie-incendie-criminel-dans-une-ecole-primaire-a-korba\/218374\/#primaryimage"},"thumbnailUrl":"https:\/\/www.webdo.tn\/fr\/wp-content\/uploads\/2025\/05\/e5705a130b5b3be53d9cded3c8a15123-2.webp","keywords":["\u00e9cole","incendie","korba","Tunisie"],"articleSection":["regions"],"inLanguage":"fr-FR"},{"@type":"WebPage","@id":"https:\/\/www.webdo.tn\/fr\/actualite\/regions\/tunisie-incendie-criminel-dans-une-ecole-primaire-a-korba\/218374\/","url":"https:\/\/www.webdo.tn\/fr\/actualite\/regions\/tunisie-incendie-criminel-dans-une-ecole-primaire-a-korba\/218374\/","name":"Tunisie : Incendie criminel dans une \u00e9cole primaire \u00e0 Korba","isPartOf":{"@id":"https:\/\/www.webdo.tn\/fr\/#website"},"primaryImageOfPage":{"@id":"https:\/\/www.webdo.tn\/fr\/actualite\/regions\/tunisie-incendie-criminel-dans-une-ecole-primaire-a-korba\/218374\/#primaryimage"},"image":{"@id":"https:\/\/www.webdo.tn\/fr\/actualite\/regions\/tunisie-incendie-criminel-dans-une-ecole-primaire-a-korba\/218374\/#primaryimage"},"thumbnailUrl":"https:\/\/www.webdo.tn\/fr\/wp-content\/uploads\/2025\/05\/e5705a130b5b3be53d9cded3c8a15123-2.webp","datePublished":"2024-12-16T14:15:00+00:00","dateModified":"2025-05-20T21:45:22+00:00","description":"Un incendie criminel a \u00e9clat\u00e9 hier soir \u00e0 l'\u00e9cole primaire de la Place du March\u00e9 \u00e0 Korba, causant d'importants d\u00e9g\u00e2ts mat\u00e9riels.","breadcrumb":{"@id":"https:\/\/www.webdo.tn\/fr\/actualite\/regions\/tunisie-incendie-criminel-dans-une-ecole-primaire-a-korba\/218374\/#breadcrumb"},"inLanguage":"fr-FR","potentialAction":[{"@type":"ReadAction","target":["https:\/\/www.webdo.tn\/fr\/actualite\/regions\/tunisie-incendie-criminel-dans-une-ecole-primaire-a-korba\/218374\/"]}]},{"@type":"ImageObject","inLanguage":"fr-FR","@id":"https:\/\/www.webdo.tn\/fr\/actualite\/regions\/tunisie-incendie-criminel-dans-une-ecole-primaire-a-korba\/218374\/#primaryimage","url":"https:\/\/www.webdo.tn\/fr\/wp-content\/uploads\/2025\/05\/e5705a130b5b3be53d9cded3c8a15123-2.webp","contentUrl":"https:\/\/www.webdo.tn\/fr\/wp-content\/uploads\/2025\/05\/e5705a130b5b3be53d9cded3c8a15123-2.webp","width":750,"height":400},{"@type":"BreadcrumbList","@id":"https:\/\/www.webdo.tn\/fr\/actualite\/regions\/tunisie-incendie-criminel-dans-une-ecole-primaire-a-korba\/218374\/#breadcrumb","itemListElement":[{"@type":"ListItem","position":1,"name":"Accueil","item":"https:\/\/www.webdo.tn\/fr\/"},{"@type":"ListItem","position":2,"name":"Tunisie : Incendie criminel dans une \u00e9cole primaire \u00e0 Korba"}]},{"@type":"WebSite","@id":"https:\/\/www.webdo.tn\/fr\/#website","url":"https:\/\/www.webdo.tn\/fr\/","name":"webdo","description":"Tunisie - News en Tunisie et \u00e0 l&#039;international sur Webdo.tn","publisher":{"@id":"https:\/\/www.webdo.tn\/fr\/#organization"},"potentialAction":[{"@type":"SearchAction","target":{"@type":"EntryPoint","urlTemplate":"https:\/\/www.webdo.tn\/fr\/?s={search_term_string}"},"query-input":{"@type":"PropertyValueSpecification","valueRequired":true,"valueName":"search_term_string"}}],"inLanguage":"fr-FR"},{"@type":"Organization","@id":"https:\/\/www.webdo.tn\/fr\/#organization","name":"Webdo","alternateName":"Webdo.tn","url":"https:\/\/www.webdo.tn\/fr\/","logo":{"@type":"ImageObject","inLanguage":"fr-FR","@id":"https:\/\/www.webdo.tn\/fr\/#\/schema\/logo\/image\/","url":"https:\/\/www.webdo.tn\/fr\/wp-content\/uploads\/2025\/06\/Webdo-Tunisie_168377.jpg","contentUrl":"https:\/\/www.webdo.tn\/fr\/wp-content\/uploads\/2025\/06\/Webdo-Tunisie_168377.jpg","width":301,"height":301,"caption":"Webdo"},"image":{"@id":"https:\/\/www.webdo.tn\/fr\/#\/schema\/logo\/image\/"},"sameAs":["https:\/\/www.facebook.com\/webdotn","https:\/\/x.com\/webdo_tn"],"description":"Webdo est un m\u00e9dia num\u00e9rique tunisien fond\u00e9 en 2010, sp\u00e9cialis\u00e9 dans l\u2019actualit\u00e9 nationale et internationale, l\u2019\u00e9conomie, la soci\u00e9t\u00e9 et les analyses politiques. Le site s\u2019adresse \u00e0 un large public francophone et couvre l\u2019information tunisienne en temps r\u00e9el.","email":"redac@webdo.tn","legalName":"YNJ SARL","foundingDate":"2010-09-06","numberOfEmployees":{"@type":"QuantitativeValue","minValue":"11","maxValue":"50"}},{"@type":"Person","@id":"https:\/\/www.webdo.tn\/fr\/#\/schema\/person\/2c4929cbf5a809e3bd38617c6ce150f6","name":"MC","image":{"@type":"ImageObject","inLanguage":"fr-FR","@id":"https:\/\/secure.gravatar.com\/avatar\/a545bbb6f84efdd5553dbbc2895e3ca8f1d12c5215e00a041c9670b54aa9b18a?s=96&d=mm&r=g","url":"https:\/\/secure.gravatar.com\/avatar\/a545bbb6f84efdd5553dbbc2895e3ca8f1d12c5215e00a041c9670b54aa9b18a?s=96&d=mm&r=g","contentUrl":"https:\/\/secure.gravatar.com\/avatar\/a545bbb6f84efdd5553dbbc2895e3ca8f1d12c5215e00a041c9670b54aa9b18a?s=96&d=mm&r=g","caption":"MC"},"url":"https:\/\/www.webdo.tn\/fr\/actualite\/author\/mc\/"}]}},"_links":{"self":[{"href":"https:\/\/www.webdo.tn\/fr\/wp-json\/wp\/v2\/posts\/218374","targetHints":{"allow":["GET"]}}],"collection":[{"href":"https:\/\/www.webdo.tn\/fr\/wp-json\/wp\/v2\/posts"}],"about":[{"href":"https:\/\/www.webdo.tn\/fr\/wp-json\/wp\/v2\/types\/post"}],"author":[{"embeddable":true,"href":"https:\/\/www.webdo.tn\/fr\/wp-json\/wp\/v2\/users\/3162"}],"replies":[{"embeddable":true,"href":"https:\/\/www.webdo.tn\/fr\/wp-json\/wp\/v2\/comments?post=218374"}],"version-history":[{"count":0,"href":"https:\/\/www.webdo.tn\/fr\/wp-json\/wp\/v2\/posts\/218374\/revisions"}],"wp:featuredmedia":[{"embeddable":true,"href":"https:\/\/www.webdo.tn\/fr\/wp-json\/wp\/v2\/media\/243416"}],"wp:attachment":[{"href":"https:\/\/www.webdo.tn\/fr\/wp-json\/wp\/v2\/media?parent=218374"}],"wp:term":[{"taxonomy":"category","embeddable":true,"href":"https:\/\/www.webdo.tn\/fr\/wp-json\/wp\/v2\/categories?post=218374"},{"taxonomy":"post_tag","embeddable":true,"href":"https:\/\/www.webdo.tn\/fr\/wp-json\/wp\/v2\/tags?post=218374"}],"curies":[{"name":"wp","href":"https:\/\/api.w.org\/{rel}","templated":true}]}}