{"id":218365,"date":"2024-12-16T09:13:00","date_gmt":"2024-12-16T09:13:00","guid":{"rendered":"https:\/\/www.webdo.tn\/fr\/blog\/2024\/12\/16\/ahmed-jaouadi-nouveau-prodige-de-la-natation-tunisienne\/"},"modified":"2025-05-20T21:45:20","modified_gmt":"2025-05-20T21:45:20","slug":"ahmed-jaouadi-nouveau-prodige-de-la-natation-tunisienne","status":"publish","type":"post","link":"https:\/\/www.webdo.tn\/fr\/actualite\/sport\/ahmed-jaouadi-nouveau-prodige-de-la-natation-tunisienne\/218365\/","title":{"rendered":"Ahmed Jaouadi, nouveau prodige de la natation tunisienne"},"content":{"rendered":"<p>Le nageur Ahmed Jaouadi a v\u00e9cu une ann\u00e9e 2024, pleine apr\u00e8s sa cons\u00e9cration aux Championnats du monde de natation en bassin de 25 m\u00e8tres, \u00e0 Budapest.<\/p>\n<p>\t\t\t\t\t\t\t\t\tIl y a \u00e0 peine un an Ahmed Jaouadi n\u2019\u00e9tait encore qu\u2019un espoir parmi tant d\u2019autres. Il a, depuis franchi plusieurs \u00e9tapes qui l\u2019ont men\u00e9 jusqu\u2019au titre de champion du monde en Hongrie.<\/p>\n<p>A 19 ans, Ahmed Jaouadi est l\u2019\u00e9toile montante de la natation tunisienne. Celui qui a domin\u00e9 \u00e0 tous les niveaux les championnats de France junior, a particip\u00e9 aux derniers Jeux Olympiques de Paris 2024. Mais auparavant, il avait fait ses grands d\u00e9buts au niveau mondial lors des Championnats du monde de natation.<\/p>\n<p>Sp\u00e9cialiste et double champion d\u2019Afrique au 400 m\u00e8tres et au 1500 m\u00e8tres nage libre, Ahmed Jaouadi est install\u00e9 \u00e0 Grenoble en France o\u00f9 il est licenci\u00e9 au club Grenoble Alp\u201938.<\/p>\n<p>Le nouveau prodige de la natation tunisienne a d\u00e9croch\u00e9, mardi 10 d\u00e9cembre la m\u00e9daille d&rsquo;or aux Championnats du monde de natation en petit bassin \u00e0 Budapest lors d&rsquo;une finale palpitante du 1500 m\u00e8tres nage libre, dominant ses adversaires. Avec un chrono impressionnant de 14&rsquo;16\u00a0\u00bb40, Jaouadi a pris le dessus sur l\u2019Allemand Florian Wellbrock (14&rsquo;17\u00a0\u00bb27) et le Turc Kuzey Tuncelli (14&rsquo;20\u00a0\u00bb64).<\/p>\n<p>Apr\u00e8s avoir rat\u00e9 sa course au 400 m\u00e8tres nage libre, il a brillamment remport\u00e9 la m\u00e9daille de bronze dans l\u2019\u00e9preuve du 800 m\u00e8tres nage libre avec un temps impressionnant de 7\u201931\u00a0\u00bb93, se classant 3\u00e8me derri\u00e8re le Hongrois Zalan Sarkany (7\u201930\u00a0\u00bb56) et l\u2019Allemand Florian Wellbrock (7\u201931\u00a0\u00bb90).<\/p>\n<p>Ces deux m\u00e9dailles marquent une \u00e9tape importante dans sa carri\u00e8re et Ahmed Jaouadi peut d\u00e9sormais r\u00eaver de titre olympique et rejoindre ses ain\u00e9s Oussema Mellouli et Ahmed Hafnaoui.<\/p>\n","protected":false},"excerpt":{"rendered":"<p>Le nageur Ahmed Jaouadi a v\u00e9cu une ann\u00e9e 2024, pleine apr\u00e8s sa cons\u00e9cration aux Championnats du monde de natation en bassin de 25 m\u00e8tres, \u00e0 Budapest.<\/p>\n","protected":false},"author":3162,"featured_media":243412,"comment_status":"open","ping_status":"open","sticky":false,"template":"","format":"standard","meta":{"footnotes":""},"categories":[2593],"tags":[3253,4710,3252,2608],"class_list":["post-218365","post","type-post","status-publish","format-standard","has-post-thumbnail","hentry","category-sport","tag-ahmed-jaouadi","tag-champion","tag-natation","tag-tunisie"],"yoast_head":"<!-- This site is optimized with the Yoast SEO Premium plugin v27.5 (Yoast SEO v27.5) - https:\/\/yoast.com\/product\/yoast-seo-premium-wordpress\/ -->\n<title>Ahmed Jaouadi, nouveau prodige de la natation tunisienne<\/title>\n<meta name=\"description\" content=\"Le nageur Ahmed Jaouadi a v\u00e9cu une ann\u00e9e 2024, pleine apr\u00e8s sa cons\u00e9cration aux Championnats du monde de natation en bassin de 25 m\u00e8tres, \u00e0 Budapest.\" \/>\n<link rel=\"canonical\" href=\"https:\/\/www.webdo.tn\/fr\/actualite\/sport\/ahmed-jaouadi-nouveau-prodige-de-la-natation-tunisienne\/218365\/\" \/>\n<meta property=\"og:locale\" content=\"fr_FR\" \/>\n<meta property=\"og:type\" content=\"article\" \/>\n<meta property=\"og:title\" content=\"Ahmed Jaouadi, nouveau prodige de la natation tunisienne\" \/>\n<meta property=\"og:description\" content=\"Le nageur Ahmed Jaouadi a v\u00e9cu une ann\u00e9e 2024, pleine apr\u00e8s sa cons\u00e9cration aux Championnats du monde de natation en bassin de 25 m\u00e8tres, \u00e0 Budapest.\" \/>\n<meta property=\"og:url\" content=\"https:\/\/www.webdo.tn\/fr\/actualite\/sport\/ahmed-jaouadi-nouveau-prodige-de-la-natation-tunisienne\/218365\/\" \/>\n<meta property=\"og:site_name\" content=\"webdo\" \/>\n<meta property=\"article:publisher\" content=\"https:\/\/www.facebook.com\/webdotn\" \/>\n<meta property=\"article:published_time\" content=\"2024-12-16T09:13:00+00:00\" \/>\n<meta property=\"article:modified_time\" content=\"2025-05-20T21:45:20+00:00\" \/>\n<meta property=\"og:image\" content=\"https:\/\/www.webdo.tn\/fr\/wp-content\/uploads\/2025\/05\/b372fd753395accce652b58788f3d085-2.webp\" \/>\n\t<meta property=\"og:image:width\" content=\"750\" \/>\n\t<meta property=\"og:image:height\" content=\"400\" \/>\n\t<meta property=\"og:image:type\" content=\"image\/webp\" \/>\n<meta name=\"author\" content=\"MC\" \/>\n<meta name=\"twitter:card\" content=\"summary_large_image\" \/>\n<meta name=\"twitter:creator\" content=\"@webdo_tn\" \/>\n<meta name=\"twitter:site\" content=\"@webdo_tn\" \/>\n<meta name=\"twitter:label1\" content=\"\u00c9crit par\" \/>\n\t<meta name=\"twitter:data1\" content=\"MC\" \/>\n\t<meta name=\"twitter:label2\" content=\"Dur\u00e9e de lecture estim\u00e9e\" \/>\n\t<meta name=\"twitter:data2\" content=\"1 minute\" \/>\n<script type=\"application\/ld+json\" class=\"yoast-schema-graph\">{\"@context\":\"https:\\\/\\\/schema.org\",\"@graph\":[{\"@type\":\"NewsArticle\",\"@id\":\"https:\\\/\\\/www.webdo.tn\\\/fr\\\/actualite\\\/sport\\\/ahmed-jaouadi-nouveau-prodige-de-la-natation-tunisienne\\\/218365\\\/#article\",\"isPartOf\":{\"@id\":\"https:\\\/\\\/www.webdo.tn\\\/fr\\\/actualite\\\/sport\\\/ahmed-jaouadi-nouveau-prodige-de-la-natation-tunisienne\\\/218365\\\/\"},\"author\":{\"name\":\"MC\",\"@id\":\"https:\\\/\\\/www.webdo.tn\\\/fr\\\/#\\\/schema\\\/person\\\/2c4929cbf5a809e3bd38617c6ce150f6\"},\"headline\":\"Ahmed Jaouadi, nouveau prodige de la natation tunisienne\",\"datePublished\":\"2024-12-16T09:13:00+00:00\",\"dateModified\":\"2025-05-20T21:45:20+00:00\",\"mainEntityOfPage\":{\"@id\":\"https:\\\/\\\/www.webdo.tn\\\/fr\\\/actualite\\\/sport\\\/ahmed-jaouadi-nouveau-prodige-de-la-natation-tunisienne\\\/218365\\\/\"},\"wordCount\":296,\"commentCount\":0,\"publisher\":{\"@id\":\"https:\\\/\\\/www.webdo.tn\\\/fr\\\/#organization\"},\"image\":{\"@id\":\"https:\\\/\\\/www.webdo.tn\\\/fr\\\/actualite\\\/sport\\\/ahmed-jaouadi-nouveau-prodige-de-la-natation-tunisienne\\\/218365\\\/#primaryimage\"},\"thumbnailUrl\":\"https:\\\/\\\/www.webdo.tn\\\/fr\\\/wp-content\\\/uploads\\\/2025\\\/05\\\/b372fd753395accce652b58788f3d085-2.webp\",\"keywords\":[\"Ahmed Jaouadi\",\"champion\",\"natation\",\"Tunisie\"],\"articleSection\":[\"Sport\"],\"inLanguage\":\"fr-FR\"},{\"@type\":\"WebPage\",\"@id\":\"https:\\\/\\\/www.webdo.tn\\\/fr\\\/actualite\\\/sport\\\/ahmed-jaouadi-nouveau-prodige-de-la-natation-tunisienne\\\/218365\\\/\",\"url\":\"https:\\\/\\\/www.webdo.tn\\\/fr\\\/actualite\\\/sport\\\/ahmed-jaouadi-nouveau-prodige-de-la-natation-tunisienne\\\/218365\\\/\",\"name\":\"Ahmed Jaouadi, nouveau prodige de la natation tunisienne\",\"isPartOf\":{\"@id\":\"https:\\\/\\\/www.webdo.tn\\\/fr\\\/#website\"},\"primaryImageOfPage\":{\"@id\":\"https:\\\/\\\/www.webdo.tn\\\/fr\\\/actualite\\\/sport\\\/ahmed-jaouadi-nouveau-prodige-de-la-natation-tunisienne\\\/218365\\\/#primaryimage\"},\"image\":{\"@id\":\"https:\\\/\\\/www.webdo.tn\\\/fr\\\/actualite\\\/sport\\\/ahmed-jaouadi-nouveau-prodige-de-la-natation-tunisienne\\\/218365\\\/#primaryimage\"},\"thumbnailUrl\":\"https:\\\/\\\/www.webdo.tn\\\/fr\\\/wp-content\\\/uploads\\\/2025\\\/05\\\/b372fd753395accce652b58788f3d085-2.webp\",\"datePublished\":\"2024-12-16T09:13:00+00:00\",\"dateModified\":\"2025-05-20T21:45:20+00:00\",\"description\":\"Le nageur Ahmed Jaouadi a v\u00e9cu une ann\u00e9e 2024, pleine apr\u00e8s sa cons\u00e9cration aux Championnats du monde de natation en bassin de 25 m\u00e8tres, \u00e0 Budapest.\",\"breadcrumb\":{\"@id\":\"https:\\\/\\\/www.webdo.tn\\\/fr\\\/actualite\\\/sport\\\/ahmed-jaouadi-nouveau-prodige-de-la-natation-tunisienne\\\/218365\\\/#breadcrumb\"},\"inLanguage\":\"fr-FR\",\"potentialAction\":[{\"@type\":\"ReadAction\",\"target\":[\"https:\\\/\\\/www.webdo.tn\\\/fr\\\/actualite\\\/sport\\\/ahmed-jaouadi-nouveau-prodige-de-la-natation-tunisienne\\\/218365\\\/\"]}]},{\"@type\":\"ImageObject\",\"inLanguage\":\"fr-FR\",\"@id\":\"https:\\\/\\\/www.webdo.tn\\\/fr\\\/actualite\\\/sport\\\/ahmed-jaouadi-nouveau-prodige-de-la-natation-tunisienne\\\/218365\\\/#primaryimage\",\"url\":\"https:\\\/\\\/www.webdo.tn\\\/fr\\\/wp-content\\\/uploads\\\/2025\\\/05\\\/b372fd753395accce652b58788f3d085-2.webp\",\"contentUrl\":\"https:\\\/\\\/www.webdo.tn\\\/fr\\\/wp-content\\\/uploads\\\/2025\\\/05\\\/b372fd753395accce652b58788f3d085-2.webp\",\"width\":750,\"height\":400},{\"@type\":\"BreadcrumbList\",\"@id\":\"https:\\\/\\\/www.webdo.tn\\\/fr\\\/actualite\\\/sport\\\/ahmed-jaouadi-nouveau-prodige-de-la-natation-tunisienne\\\/218365\\\/#breadcrumb\",\"itemListElement\":[{\"@type\":\"ListItem\",\"position\":1,\"name\":\"Accueil\",\"item\":\"https:\\\/\\\/www.webdo.tn\\\/fr\\\/\"},{\"@type\":\"ListItem\",\"position\":2,\"name\":\"Ahmed Jaouadi, nouveau prodige de la natation tunisienne\"}]},{\"@type\":\"WebSite\",\"@id\":\"https:\\\/\\\/www.webdo.tn\\\/fr\\\/#website\",\"url\":\"https:\\\/\\\/www.webdo.tn\\\/fr\\\/\",\"name\":\"webdo\",\"description\":\"Tunisie - News en Tunisie et \u00e0 l&#039;international sur Webdo.tn\",\"publisher\":{\"@id\":\"https:\\\/\\\/www.webdo.tn\\\/fr\\\/#organization\"},\"potentialAction\":[{\"@type\":\"SearchAction\",\"target\":{\"@type\":\"EntryPoint\",\"urlTemplate\":\"https:\\\/\\\/www.webdo.tn\\\/fr\\\/?s={search_term_string}\"},\"query-input\":{\"@type\":\"PropertyValueSpecification\",\"valueRequired\":true,\"valueName\":\"search_term_string\"}}],\"inLanguage\":\"fr-FR\"},{\"@type\":\"Organization\",\"@id\":\"https:\\\/\\\/www.webdo.tn\\\/fr\\\/#organization\",\"name\":\"Webdo\",\"alternateName\":\"Webdo.tn\",\"url\":\"https:\\\/\\\/www.webdo.tn\\\/fr\\\/\",\"logo\":{\"@type\":\"ImageObject\",\"inLanguage\":\"fr-FR\",\"@id\":\"https:\\\/\\\/www.webdo.tn\\\/fr\\\/#\\\/schema\\\/logo\\\/image\\\/\",\"url\":\"https:\\\/\\\/www.webdo.tn\\\/fr\\\/wp-content\\\/uploads\\\/2025\\\/06\\\/Webdo-Tunisie_168377.jpg\",\"contentUrl\":\"https:\\\/\\\/www.webdo.tn\\\/fr\\\/wp-content\\\/uploads\\\/2025\\\/06\\\/Webdo-Tunisie_168377.jpg\",\"width\":301,\"height\":301,\"caption\":\"Webdo\"},\"image\":{\"@id\":\"https:\\\/\\\/www.webdo.tn\\\/fr\\\/#\\\/schema\\\/logo\\\/image\\\/\"},\"sameAs\":[\"https:\\\/\\\/www.facebook.com\\\/webdotn\",\"https:\\\/\\\/x.com\\\/webdo_tn\"],\"description\":\"Webdo est un m\u00e9dia num\u00e9rique tunisien fond\u00e9 en 2010, sp\u00e9cialis\u00e9 dans l\u2019actualit\u00e9 nationale et internationale, l\u2019\u00e9conomie, la soci\u00e9t\u00e9 et les analyses politiques. Le site s\u2019adresse \u00e0 un large public francophone et couvre l\u2019information tunisienne en temps r\u00e9el.\",\"email\":\"redac@webdo.tn\",\"legalName\":\"YNJ SARL\",\"foundingDate\":\"2010-09-06\",\"numberOfEmployees\":{\"@type\":\"QuantitativeValue\",\"minValue\":\"11\",\"maxValue\":\"50\"}},{\"@type\":\"Person\",\"@id\":\"https:\\\/\\\/www.webdo.tn\\\/fr\\\/#\\\/schema\\\/person\\\/2c4929cbf5a809e3bd38617c6ce150f6\",\"name\":\"MC\",\"image\":{\"@type\":\"ImageObject\",\"inLanguage\":\"fr-FR\",\"@id\":\"https:\\\/\\\/secure.gravatar.com\\\/avatar\\\/a545bbb6f84efdd5553dbbc2895e3ca8f1d12c5215e00a041c9670b54aa9b18a?s=96&d=mm&r=g\",\"url\":\"https:\\\/\\\/secure.gravatar.com\\\/avatar\\\/a545bbb6f84efdd5553dbbc2895e3ca8f1d12c5215e00a041c9670b54aa9b18a?s=96&d=mm&r=g\",\"contentUrl\":\"https:\\\/\\\/secure.gravatar.com\\\/avatar\\\/a545bbb6f84efdd5553dbbc2895e3ca8f1d12c5215e00a041c9670b54aa9b18a?s=96&d=mm&r=g\",\"caption\":\"MC\"},\"url\":\"https:\\\/\\\/www.webdo.tn\\\/fr\\\/actualite\\\/author\\\/mc\\\/\"}]}<\/script>\n<!-- \/ Yoast SEO Premium plugin. -->","yoast_head_json":{"title":"Ahmed Jaouadi, nouveau prodige de la natation tunisienne","description":"Le nageur Ahmed Jaouadi a v\u00e9cu une ann\u00e9e 2024, pleine apr\u00e8s sa cons\u00e9cration aux Championnats du monde de natation en bassin de 25 m\u00e8tres, \u00e0 Budapest.","canonical":"https:\/\/www.webdo.tn\/fr\/actualite\/sport\/ahmed-jaouadi-nouveau-prodige-de-la-natation-tunisienne\/218365\/","og_locale":"fr_FR","og_type":"article","og_title":"Ahmed Jaouadi, nouveau prodige de la natation tunisienne","og_description":"Le nageur Ahmed Jaouadi a v\u00e9cu une ann\u00e9e 2024, pleine apr\u00e8s sa cons\u00e9cration aux Championnats du monde de natation en bassin de 25 m\u00e8tres, \u00e0 Budapest.","og_url":"https:\/\/www.webdo.tn\/fr\/actualite\/sport\/ahmed-jaouadi-nouveau-prodige-de-la-natation-tunisienne\/218365\/","og_site_name":"webdo","article_publisher":"https:\/\/www.facebook.com\/webdotn","article_published_time":"2024-12-16T09:13:00+00:00","article_modified_time":"2025-05-20T21:45:20+00:00","og_image":[{"width":750,"height":400,"url":"https:\/\/www.webdo.tn\/fr\/wp-content\/uploads\/2025\/05\/b372fd753395accce652b58788f3d085-2.webp","type":"image\/webp"}],"author":"MC","twitter_card":"summary_large_image","twitter_creator":"@webdo_tn","twitter_site":"@webdo_tn","twitter_misc":{"\u00c9crit par":"MC","Dur\u00e9e de lecture estim\u00e9e":"1 minute"},"schema":{"@context":"https:\/\/schema.org","@graph":[{"@type":"NewsArticle","@id":"https:\/\/www.webdo.tn\/fr\/actualite\/sport\/ahmed-jaouadi-nouveau-prodige-de-la-natation-tunisienne\/218365\/#article","isPartOf":{"@id":"https:\/\/www.webdo.tn\/fr\/actualite\/sport\/ahmed-jaouadi-nouveau-prodige-de-la-natation-tunisienne\/218365\/"},"author":{"name":"MC","@id":"https:\/\/www.webdo.tn\/fr\/#\/schema\/person\/2c4929cbf5a809e3bd38617c6ce150f6"},"headline":"Ahmed Jaouadi, nouveau prodige de la natation tunisienne","datePublished":"2024-12-16T09:13:00+00:00","dateModified":"2025-05-20T21:45:20+00:00","mainEntityOfPage":{"@id":"https:\/\/www.webdo.tn\/fr\/actualite\/sport\/ahmed-jaouadi-nouveau-prodige-de-la-natation-tunisienne\/218365\/"},"wordCount":296,"commentCount":0,"publisher":{"@id":"https:\/\/www.webdo.tn\/fr\/#organization"},"image":{"@id":"https:\/\/www.webdo.tn\/fr\/actualite\/sport\/ahmed-jaouadi-nouveau-prodige-de-la-natation-tunisienne\/218365\/#primaryimage"},"thumbnailUrl":"https:\/\/www.webdo.tn\/fr\/wp-content\/uploads\/2025\/05\/b372fd753395accce652b58788f3d085-2.webp","keywords":["Ahmed Jaouadi","champion","natation","Tunisie"],"articleSection":["Sport"],"inLanguage":"fr-FR"},{"@type":"WebPage","@id":"https:\/\/www.webdo.tn\/fr\/actualite\/sport\/ahmed-jaouadi-nouveau-prodige-de-la-natation-tunisienne\/218365\/","url":"https:\/\/www.webdo.tn\/fr\/actualite\/sport\/ahmed-jaouadi-nouveau-prodige-de-la-natation-tunisienne\/218365\/","name":"Ahmed Jaouadi, nouveau prodige de la natation tunisienne","isPartOf":{"@id":"https:\/\/www.webdo.tn\/fr\/#website"},"primaryImageOfPage":{"@id":"https:\/\/www.webdo.tn\/fr\/actualite\/sport\/ahmed-jaouadi-nouveau-prodige-de-la-natation-tunisienne\/218365\/#primaryimage"},"image":{"@id":"https:\/\/www.webdo.tn\/fr\/actualite\/sport\/ahmed-jaouadi-nouveau-prodige-de-la-natation-tunisienne\/218365\/#primaryimage"},"thumbnailUrl":"https:\/\/www.webdo.tn\/fr\/wp-content\/uploads\/2025\/05\/b372fd753395accce652b58788f3d085-2.webp","datePublished":"2024-12-16T09:13:00+00:00","dateModified":"2025-05-20T21:45:20+00:00","description":"Le nageur Ahmed Jaouadi a v\u00e9cu une ann\u00e9e 2024, pleine apr\u00e8s sa cons\u00e9cration aux Championnats du monde de natation en bassin de 25 m\u00e8tres, \u00e0 Budapest.","breadcrumb":{"@id":"https:\/\/www.webdo.tn\/fr\/actualite\/sport\/ahmed-jaouadi-nouveau-prodige-de-la-natation-tunisienne\/218365\/#breadcrumb"},"inLanguage":"fr-FR","potentialAction":[{"@type":"ReadAction","target":["https:\/\/www.webdo.tn\/fr\/actualite\/sport\/ahmed-jaouadi-nouveau-prodige-de-la-natation-tunisienne\/218365\/"]}]},{"@type":"ImageObject","inLanguage":"fr-FR","@id":"https:\/\/www.webdo.tn\/fr\/actualite\/sport\/ahmed-jaouadi-nouveau-prodige-de-la-natation-tunisienne\/218365\/#primaryimage","url":"https:\/\/www.webdo.tn\/fr\/wp-content\/uploads\/2025\/05\/b372fd753395accce652b58788f3d085-2.webp","contentUrl":"https:\/\/www.webdo.tn\/fr\/wp-content\/uploads\/2025\/05\/b372fd753395accce652b58788f3d085-2.webp","width":750,"height":400},{"@type":"BreadcrumbList","@id":"https:\/\/www.webdo.tn\/fr\/actualite\/sport\/ahmed-jaouadi-nouveau-prodige-de-la-natation-tunisienne\/218365\/#breadcrumb","itemListElement":[{"@type":"ListItem","position":1,"name":"Accueil","item":"https:\/\/www.webdo.tn\/fr\/"},{"@type":"ListItem","position":2,"name":"Ahmed Jaouadi, nouveau prodige de la natation tunisienne"}]},{"@type":"WebSite","@id":"https:\/\/www.webdo.tn\/fr\/#website","url":"https:\/\/www.webdo.tn\/fr\/","name":"webdo","description":"Tunisie - News en Tunisie et \u00e0 l&#039;international sur Webdo.tn","publisher":{"@id":"https:\/\/www.webdo.tn\/fr\/#organization"},"potentialAction":[{"@type":"SearchAction","target":{"@type":"EntryPoint","urlTemplate":"https:\/\/www.webdo.tn\/fr\/?s={search_term_string}"},"query-input":{"@type":"PropertyValueSpecification","valueRequired":true,"valueName":"search_term_string"}}],"inLanguage":"fr-FR"},{"@type":"Organization","@id":"https:\/\/www.webdo.tn\/fr\/#organization","name":"Webdo","alternateName":"Webdo.tn","url":"https:\/\/www.webdo.tn\/fr\/","logo":{"@type":"ImageObject","inLanguage":"fr-FR","@id":"https:\/\/www.webdo.tn\/fr\/#\/schema\/logo\/image\/","url":"https:\/\/www.webdo.tn\/fr\/wp-content\/uploads\/2025\/06\/Webdo-Tunisie_168377.jpg","contentUrl":"https:\/\/www.webdo.tn\/fr\/wp-content\/uploads\/2025\/06\/Webdo-Tunisie_168377.jpg","width":301,"height":301,"caption":"Webdo"},"image":{"@id":"https:\/\/www.webdo.tn\/fr\/#\/schema\/logo\/image\/"},"sameAs":["https:\/\/www.facebook.com\/webdotn","https:\/\/x.com\/webdo_tn"],"description":"Webdo est un m\u00e9dia num\u00e9rique tunisien fond\u00e9 en 2010, sp\u00e9cialis\u00e9 dans l\u2019actualit\u00e9 nationale et internationale, l\u2019\u00e9conomie, la soci\u00e9t\u00e9 et les analyses politiques. Le site s\u2019adresse \u00e0 un large public francophone et couvre l\u2019information tunisienne en temps r\u00e9el.","email":"redac@webdo.tn","legalName":"YNJ SARL","foundingDate":"2010-09-06","numberOfEmployees":{"@type":"QuantitativeValue","minValue":"11","maxValue":"50"}},{"@type":"Person","@id":"https:\/\/www.webdo.tn\/fr\/#\/schema\/person\/2c4929cbf5a809e3bd38617c6ce150f6","name":"MC","image":{"@type":"ImageObject","inLanguage":"fr-FR","@id":"https:\/\/secure.gravatar.com\/avatar\/a545bbb6f84efdd5553dbbc2895e3ca8f1d12c5215e00a041c9670b54aa9b18a?s=96&d=mm&r=g","url":"https:\/\/secure.gravatar.com\/avatar\/a545bbb6f84efdd5553dbbc2895e3ca8f1d12c5215e00a041c9670b54aa9b18a?s=96&d=mm&r=g","contentUrl":"https:\/\/secure.gravatar.com\/avatar\/a545bbb6f84efdd5553dbbc2895e3ca8f1d12c5215e00a041c9670b54aa9b18a?s=96&d=mm&r=g","caption":"MC"},"url":"https:\/\/www.webdo.tn\/fr\/actualite\/author\/mc\/"}]}},"_links":{"self":[{"href":"https:\/\/www.webdo.tn\/fr\/wp-json\/wp\/v2\/posts\/218365","targetHints":{"allow":["GET"]}}],"collection":[{"href":"https:\/\/www.webdo.tn\/fr\/wp-json\/wp\/v2\/posts"}],"about":[{"href":"https:\/\/www.webdo.tn\/fr\/wp-json\/wp\/v2\/types\/post"}],"author":[{"embeddable":true,"href":"https:\/\/www.webdo.tn\/fr\/wp-json\/wp\/v2\/users\/3162"}],"replies":[{"embeddable":true,"href":"https:\/\/www.webdo.tn\/fr\/wp-json\/wp\/v2\/comments?post=218365"}],"version-history":[{"count":0,"href":"https:\/\/www.webdo.tn\/fr\/wp-json\/wp\/v2\/posts\/218365\/revisions"}],"wp:featuredmedia":[{"embeddable":true,"href":"https:\/\/www.webdo.tn\/fr\/wp-json\/wp\/v2\/media\/243412"}],"wp:attachment":[{"href":"https:\/\/www.webdo.tn\/fr\/wp-json\/wp\/v2\/media?parent=218365"}],"wp:term":[{"taxonomy":"category","embeddable":true,"href":"https:\/\/www.webdo.tn\/fr\/wp-json\/wp\/v2\/categories?post=218365"},{"taxonomy":"post_tag","embeddable":true,"href":"https:\/\/www.webdo.tn\/fr\/wp-json\/wp\/v2\/tags?post=218365"}],"curies":[{"name":"wp","href":"https:\/\/api.w.org\/{rel}","templated":true}]}}