{"id":218351,"date":"2024-12-14T11:18:00","date_gmt":"2024-12-14T11:18:00","guid":{"rendered":"https:\/\/www.webdo.tn\/fr\/blog\/la-pauvrete-infantile-en-tunisie-atteint-28-4\/218351\/"},"modified":"2025-05-20T22:15:34","modified_gmt":"2025-05-20T22:15:34","slug":"la-pauvrete-infantile-en-tunisie-atteint-28-4","status":"publish","type":"post","link":"https:\/\/www.webdo.tn\/fr\/actualite\/national\/la-pauvrete-infantile-en-tunisie-atteint-28-4\/218351\/","title":{"rendered":"La pauvret\u00e9 infantile en Tunisie atteint 28,4%"},"content":{"rendered":"<p>Un rapport publi\u00e9 r\u00e9cemment par l\u2019UNICEF en partenariat avec le Centre de Recherches et d\u2019\u00c9tudes Sociales (CRES) et le minist\u00e8re des Affaires sociales met en lumi\u00e8re une hausse alarmante de la pauvret\u00e9 des enfants en Tunisie. Selon le document intitul\u00e9 \u00ab\u00a0L\u2019impact de l\u2019inflation sur la pauvret\u00e9 en Tunisie (2021-2023)\u00a0\u00bb, la pauvret\u00e9 infantile est pass\u00e9e de 26% en 2021 \u00e0 28,4% en 2023, tandis que l\u2019extr\u00eame pauvret\u00e9 des enfants a augment\u00e9 de 5,1% \u00e0 5,8% sur la m\u00eame p\u00e9riode.<\/p>\n<p>\t\t\t\t\t\t\t\t\tLes r\u00e9gions du Centre-Ouest et du Nord-Ouest figurent parmi les plus touch\u00e9es, avec une augmentation de pr\u00e8s de 3 points de pourcentage des taux de pauvret\u00e9. Les causes principales de cette aggravation incluent l\u2019inflation persistante et les cons\u00e9quences du changement climatique, notamment cinq ann\u00e9es cons\u00e9cutives de s\u00e9cheresse qui ont affect\u00e9 les revenus des m\u00e9nages agricoles. \u00a0<\/p>\n<p>Sur le plan national, le taux global de pauvret\u00e9 est pass\u00e9 de 16,6% en 2021 \u00e0 18,4% en 2023, et celui de l\u2019extr\u00eame pauvret\u00e9 de 2,9% \u00e0 3,2%, confirmant l\u2019impact grandissant des crises \u00e9conomiques et climatiques sur la population. \u00a0<\/p>\n<p>Quelles solutions<\/p>\n<p>Le rapport propose plusieurs recommandations pour r\u00e9duire la pauvret\u00e9, notamment : \u00a0<\/p>\n<p>\tIndexation des transferts sociaux sur l\u2019inflation, afin de pr\u00e9server le pouvoir d\u2019achat des m\u00e9nages les plus vuln\u00e9rables<br \/>\n\tCr\u00e9ation de budgets de contingence pour r\u00e9pondre rapidement aux chocs \u00e9conomiques ou climatiques<br \/>\n\tRenforcement de la protection sociale, en \u00e9largissant la couverture et en am\u00e9liorant l\u2019efficacit\u00e9 des programmes existants<\/p>\n<p>Programme d\u2019allocations<\/p>\n<p>En parall\u00e8le, un rapport de suivi des allocations pour les enfants \u00e2g\u00e9s de 6 \u00e0 18 ans, r\u00e9alis\u00e9 entre f\u00e9vrier 2023 et mars 2024, r\u00e9v\u00e8le des impacts positifs pour les familles b\u00e9n\u00e9ficiaires. Ces allocations, d\u2019un montant mensuel de 30 DT par enfant et doubl\u00e9es \u00e0 100 DT par enfant pour la rentr\u00e9e scolaire, ont permis : \u00a0<\/p>\n<p>\tUne am\u00e9lioration de la qualit\u00e9 de la nutrition chez 38% des m\u00e9nages b\u00e9n\u00e9ficiaires entre d\u00e9cembre 2022 et mars 2024<br \/>\n\tUn acc\u00e8s accru aux soins de sant\u00e9, atteignant 80 % des enfants en avril 2024<br \/>\n\tLe maintien des taux d\u2019inscription scolaire au-dessus de 95 % pour les 6-15 ans, sans signe de d\u00e9crochage malgr\u00e9 les crises \u00e9conomiques\u00a0<\/p>\n<p>Pour garantir la p\u00e9rennit\u00e9 et l\u2019efficacit\u00e9 du programme, le rapport recommande : \u00a0<\/p>\n<p>\tUn renforcement des capacit\u00e9s des travailleurs sociaux, pour am\u00e9liorer la mise en \u0153uvre et le suivi<br \/>\n\tUne r\u00e9vision de la valeur des allocations mensuelles afin de prendre en compte l\u2019impact de l\u2019inflation<br \/>\n\tLa garantie d\u2019une viabilit\u00e9 financi\u00e8re au-del\u00e0 de 2024, pour assurer une continuit\u00e9 dans le soutien des familles vuln\u00e9rables<\/p>\n<p>D\u00e9fi urgent<\/p>\n<p>La progression de la pauvret\u00e9 infantile et l\u2019aggravation des in\u00e9galit\u00e9s r\u00e9gionales rappellent l\u2019urgence d\u2019une action coordonn\u00e9e entre les autorit\u00e9s tunisiennes et les partenaires internationaux. Si les programmes d\u2019allocations comme celui des enfants 6-18 ans ont d\u00e9montr\u00e9 leur efficacit\u00e9, leur port\u00e9e reste limit\u00e9e face \u00e0 l\u2019ampleur des d\u00e9fis. Les recommandations du rapport pourraient constituer une feuille de route pour att\u00e9nuer les impacts sociaux et \u00e9conomiques de la crise et am\u00e9liorer le bien-\u00eatre des enfants tunisiens. \u00a0<\/p>\n<p>En d\u00e9pit des progr\u00e8s r\u00e9alis\u00e9s, la lutte contre la pauvret\u00e9 infantile en Tunisie n\u00e9cessite des politiques publiques robustes, une volont\u00e9 politique affirm\u00e9e et un engagement accru des parties prenantes pour garantir un avenir meilleur \u00e0 la jeunesse du pays.<\/p>\n","protected":false},"excerpt":{"rendered":"<p>Un rapport met en lumi\u00e8re une hausse alarmante de la pauvret\u00e9 des enfants en Tunisie. Elle est pass\u00e9e de 26% en 2021 \u00e0 28,4% en 2023.<\/p>\n","protected":false},"author":3162,"featured_media":291541,"comment_status":"open","ping_status":"closed","sticky":false,"template":"","format":"standard","meta":{"footnotes":""},"categories":[44],"tags":[10767,2956,2608],"class_list":["post-218351","post","type-post","status-publish","format-standard","has-post-thumbnail","hentry","category-national","tag-pauvrete-infantile","tag-enfants","tag-tunisie"],"yoast_head":"<!-- This site is optimized with the Yoast SEO Premium plugin v27.4 (Yoast SEO v27.5) - https:\/\/yoast.com\/product\/yoast-seo-premium-wordpress\/ -->\n<title>La pauvret\u00e9 infantile en Tunisie atteint 28,4%<\/title>\n<meta name=\"description\" content=\"Un rapport met en lumi\u00e8re une hausse alarmante de la pauvret\u00e9 des enfants en Tunisie. Elle est pass\u00e9e de 26% en 2021 \u00e0 28,4% en 2023.\" \/>\n<link rel=\"canonical\" href=\"https:\/\/www.webdo.tn\/fr\/actualite\/national\/la-pauvrete-infantile-en-tunisie-atteint-28-4\/218351\/\" \/>\n<meta property=\"og:locale\" content=\"fr_FR\" \/>\n<meta property=\"og:type\" content=\"article\" \/>\n<meta property=\"og:title\" content=\"La pauvret\u00e9 infantile en Tunisie atteint 28,4%\" \/>\n<meta property=\"og:description\" content=\"Un rapport met en lumi\u00e8re une hausse alarmante de la pauvret\u00e9 des enfants en Tunisie. Elle est pass\u00e9e de 26% en 2021 \u00e0 28,4% en 2023.\" \/>\n<meta property=\"og:url\" content=\"https:\/\/www.webdo.tn\/fr\/actualite\/national\/la-pauvrete-infantile-en-tunisie-atteint-28-4\/218351\/\" \/>\n<meta property=\"og:site_name\" content=\"webdo\" \/>\n<meta property=\"article:publisher\" content=\"https:\/\/www.facebook.com\/webdotn\" \/>\n<meta property=\"article:published_time\" content=\"2024-12-14T11:18:00+00:00\" \/>\n<meta property=\"article:modified_time\" content=\"2025-05-20T22:15:34+00:00\" \/>\n<meta property=\"og:image\" content=\"https:\/\/www.webdo.tn\/fr\/wp-content\/uploads\/2024\/12\/47cdce25ab58f032e7bcc2e3576b5b49.webp\" \/>\n\t<meta property=\"og:image:width\" content=\"750\" \/>\n\t<meta property=\"og:image:height\" content=\"400\" \/>\n\t<meta property=\"og:image:type\" content=\"image\/webp\" \/>\n<meta name=\"author\" content=\"MC\" \/>\n<meta name=\"twitter:card\" content=\"summary_large_image\" \/>\n<meta name=\"twitter:creator\" content=\"@webdo_tn\" \/>\n<meta name=\"twitter:site\" content=\"@webdo_tn\" \/>\n<meta name=\"twitter:label1\" content=\"\u00c9crit par\" \/>\n\t<meta name=\"twitter:data1\" content=\"MC\" \/>\n\t<meta name=\"twitter:label2\" content=\"Dur\u00e9e de lecture estim\u00e9e\" \/>\n\t<meta name=\"twitter:data2\" content=\"3 minutes\" \/>\n<script type=\"application\/ld+json\" class=\"yoast-schema-graph\">{\"@context\":\"https:\\\/\\\/schema.org\",\"@graph\":[{\"@type\":\"NewsArticle\",\"@id\":\"https:\\\/\\\/www.webdo.tn\\\/fr\\\/actualite\\\/national\\\/la-pauvrete-infantile-en-tunisie-atteint-28-4\\\/218351\\\/#article\",\"isPartOf\":{\"@id\":\"https:\\\/\\\/www.webdo.tn\\\/fr\\\/actualite\\\/national\\\/la-pauvrete-infantile-en-tunisie-atteint-28-4\\\/218351\\\/\"},\"author\":{\"name\":\"MC\",\"@id\":\"https:\\\/\\\/www.webdo.tn\\\/fr\\\/#\\\/schema\\\/person\\\/2c4929cbf5a809e3bd38617c6ce150f6\"},\"headline\":\"La pauvret\u00e9 infantile en Tunisie atteint 28,4%\",\"datePublished\":\"2024-12-14T11:18:00+00:00\",\"dateModified\":\"2025-05-20T22:15:34+00:00\",\"mainEntityOfPage\":{\"@id\":\"https:\\\/\\\/www.webdo.tn\\\/fr\\\/actualite\\\/national\\\/la-pauvrete-infantile-en-tunisie-atteint-28-4\\\/218351\\\/\"},\"wordCount\":577,\"commentCount\":0,\"publisher\":{\"@id\":\"https:\\\/\\\/www.webdo.tn\\\/fr\\\/#organization\"},\"image\":{\"@id\":\"https:\\\/\\\/www.webdo.tn\\\/fr\\\/actualite\\\/national\\\/la-pauvrete-infantile-en-tunisie-atteint-28-4\\\/218351\\\/#primaryimage\"},\"thumbnailUrl\":\"https:\\\/\\\/www.webdo.tn\\\/fr\\\/wp-content\\\/uploads\\\/2024\\\/12\\\/47cdce25ab58f032e7bcc2e3576b5b49.webp\",\"keywords\":[\"'pauvret\u00e9 infantile']\",\"enfants\",\"Tunisie\"],\"articleSection\":[\"National\"],\"inLanguage\":\"fr-FR\"},{\"@type\":\"WebPage\",\"@id\":\"https:\\\/\\\/www.webdo.tn\\\/fr\\\/actualite\\\/national\\\/la-pauvrete-infantile-en-tunisie-atteint-28-4\\\/218351\\\/\",\"url\":\"https:\\\/\\\/www.webdo.tn\\\/fr\\\/actualite\\\/national\\\/la-pauvrete-infantile-en-tunisie-atteint-28-4\\\/218351\\\/\",\"name\":\"La pauvret\u00e9 infantile en Tunisie atteint 28,4%\",\"isPartOf\":{\"@id\":\"https:\\\/\\\/www.webdo.tn\\\/fr\\\/#website\"},\"primaryImageOfPage\":{\"@id\":\"https:\\\/\\\/www.webdo.tn\\\/fr\\\/actualite\\\/national\\\/la-pauvrete-infantile-en-tunisie-atteint-28-4\\\/218351\\\/#primaryimage\"},\"image\":{\"@id\":\"https:\\\/\\\/www.webdo.tn\\\/fr\\\/actualite\\\/national\\\/la-pauvrete-infantile-en-tunisie-atteint-28-4\\\/218351\\\/#primaryimage\"},\"thumbnailUrl\":\"https:\\\/\\\/www.webdo.tn\\\/fr\\\/wp-content\\\/uploads\\\/2024\\\/12\\\/47cdce25ab58f032e7bcc2e3576b5b49.webp\",\"datePublished\":\"2024-12-14T11:18:00+00:00\",\"dateModified\":\"2025-05-20T22:15:34+00:00\",\"description\":\"Un rapport met en lumi\u00e8re une hausse alarmante de la pauvret\u00e9 des enfants en Tunisie. Elle est pass\u00e9e de 26% en 2021 \u00e0 28,4% en 2023.\",\"breadcrumb\":{\"@id\":\"https:\\\/\\\/www.webdo.tn\\\/fr\\\/actualite\\\/national\\\/la-pauvrete-infantile-en-tunisie-atteint-28-4\\\/218351\\\/#breadcrumb\"},\"inLanguage\":\"fr-FR\",\"potentialAction\":[{\"@type\":\"ReadAction\",\"target\":[\"https:\\\/\\\/www.webdo.tn\\\/fr\\\/actualite\\\/national\\\/la-pauvrete-infantile-en-tunisie-atteint-28-4\\\/218351\\\/\"]}]},{\"@type\":\"ImageObject\",\"inLanguage\":\"fr-FR\",\"@id\":\"https:\\\/\\\/www.webdo.tn\\\/fr\\\/actualite\\\/national\\\/la-pauvrete-infantile-en-tunisie-atteint-28-4\\\/218351\\\/#primaryimage\",\"url\":\"https:\\\/\\\/www.webdo.tn\\\/fr\\\/wp-content\\\/uploads\\\/2024\\\/12\\\/47cdce25ab58f032e7bcc2e3576b5b49.webp\",\"contentUrl\":\"https:\\\/\\\/www.webdo.tn\\\/fr\\\/wp-content\\\/uploads\\\/2024\\\/12\\\/47cdce25ab58f032e7bcc2e3576b5b49.webp\",\"width\":750,\"height\":400,\"caption\":\"La pauvret\u00e9 infantile en Tunisie atteint 28,4%\"},{\"@type\":\"BreadcrumbList\",\"@id\":\"https:\\\/\\\/www.webdo.tn\\\/fr\\\/actualite\\\/national\\\/la-pauvrete-infantile-en-tunisie-atteint-28-4\\\/218351\\\/#breadcrumb\",\"itemListElement\":[{\"@type\":\"ListItem\",\"position\":1,\"name\":\"Accueil\",\"item\":\"https:\\\/\\\/www.webdo.tn\\\/fr\\\/\"},{\"@type\":\"ListItem\",\"position\":2,\"name\":\"La pauvret\u00e9 infantile en Tunisie atteint 28,4%\"}]},{\"@type\":\"WebSite\",\"@id\":\"https:\\\/\\\/www.webdo.tn\\\/fr\\\/#website\",\"url\":\"https:\\\/\\\/www.webdo.tn\\\/fr\\\/\",\"name\":\"webdo\",\"description\":\"Tunisie - News en Tunisie et \u00e0 l&#039;international sur Webdo.tn\",\"publisher\":{\"@id\":\"https:\\\/\\\/www.webdo.tn\\\/fr\\\/#organization\"},\"potentialAction\":[{\"@type\":\"SearchAction\",\"target\":{\"@type\":\"EntryPoint\",\"urlTemplate\":\"https:\\\/\\\/www.webdo.tn\\\/fr\\\/?s={search_term_string}\"},\"query-input\":{\"@type\":\"PropertyValueSpecification\",\"valueRequired\":true,\"valueName\":\"search_term_string\"}}],\"inLanguage\":\"fr-FR\"},{\"@type\":\"Organization\",\"@id\":\"https:\\\/\\\/www.webdo.tn\\\/fr\\\/#organization\",\"name\":\"Webdo\",\"alternateName\":\"Webdo.tn\",\"url\":\"https:\\\/\\\/www.webdo.tn\\\/fr\\\/\",\"logo\":{\"@type\":\"ImageObject\",\"inLanguage\":\"fr-FR\",\"@id\":\"https:\\\/\\\/www.webdo.tn\\\/fr\\\/#\\\/schema\\\/logo\\\/image\\\/\",\"url\":\"https:\\\/\\\/www.webdo.tn\\\/fr\\\/wp-content\\\/uploads\\\/2025\\\/06\\\/Webdo-Tunisie_168377.jpg\",\"contentUrl\":\"https:\\\/\\\/www.webdo.tn\\\/fr\\\/wp-content\\\/uploads\\\/2025\\\/06\\\/Webdo-Tunisie_168377.jpg\",\"width\":301,\"height\":301,\"caption\":\"Webdo\"},\"image\":{\"@id\":\"https:\\\/\\\/www.webdo.tn\\\/fr\\\/#\\\/schema\\\/logo\\\/image\\\/\"},\"sameAs\":[\"https:\\\/\\\/www.facebook.com\\\/webdotn\",\"https:\\\/\\\/x.com\\\/webdo_tn\"],\"description\":\"Webdo est un m\u00e9dia num\u00e9rique tunisien fond\u00e9 en 2010, sp\u00e9cialis\u00e9 dans l\u2019actualit\u00e9 nationale et internationale, l\u2019\u00e9conomie, la soci\u00e9t\u00e9 et les analyses politiques. Le site s\u2019adresse \u00e0 un large public francophone et couvre l\u2019information tunisienne en temps r\u00e9el.\",\"email\":\"redac@webdo.tn\",\"legalName\":\"YNJ SARL\",\"foundingDate\":\"2010-09-06\",\"numberOfEmployees\":{\"@type\":\"QuantitativeValue\",\"minValue\":\"11\",\"maxValue\":\"50\"}},{\"@type\":\"Person\",\"@id\":\"https:\\\/\\\/www.webdo.tn\\\/fr\\\/#\\\/schema\\\/person\\\/2c4929cbf5a809e3bd38617c6ce150f6\",\"name\":\"MC\",\"image\":{\"@type\":\"ImageObject\",\"inLanguage\":\"fr-FR\",\"@id\":\"https:\\\/\\\/secure.gravatar.com\\\/avatar\\\/a545bbb6f84efdd5553dbbc2895e3ca8f1d12c5215e00a041c9670b54aa9b18a?s=96&d=mm&r=g\",\"url\":\"https:\\\/\\\/secure.gravatar.com\\\/avatar\\\/a545bbb6f84efdd5553dbbc2895e3ca8f1d12c5215e00a041c9670b54aa9b18a?s=96&d=mm&r=g\",\"contentUrl\":\"https:\\\/\\\/secure.gravatar.com\\\/avatar\\\/a545bbb6f84efdd5553dbbc2895e3ca8f1d12c5215e00a041c9670b54aa9b18a?s=96&d=mm&r=g\",\"caption\":\"MC\"},\"url\":\"https:\\\/\\\/www.webdo.tn\\\/fr\\\/actualite\\\/author\\\/mc\\\/\"}]}<\/script>\n<!-- \/ Yoast SEO Premium plugin. -->","yoast_head_json":{"title":"La pauvret\u00e9 infantile en Tunisie atteint 28,4%","description":"Un rapport met en lumi\u00e8re une hausse alarmante de la pauvret\u00e9 des enfants en Tunisie. Elle est pass\u00e9e de 26% en 2021 \u00e0 28,4% en 2023.","canonical":"https:\/\/www.webdo.tn\/fr\/actualite\/national\/la-pauvrete-infantile-en-tunisie-atteint-28-4\/218351\/","og_locale":"fr_FR","og_type":"article","og_title":"La pauvret\u00e9 infantile en Tunisie atteint 28,4%","og_description":"Un rapport met en lumi\u00e8re une hausse alarmante de la pauvret\u00e9 des enfants en Tunisie. Elle est pass\u00e9e de 26% en 2021 \u00e0 28,4% en 2023.","og_url":"https:\/\/www.webdo.tn\/fr\/actualite\/national\/la-pauvrete-infantile-en-tunisie-atteint-28-4\/218351\/","og_site_name":"webdo","article_publisher":"https:\/\/www.facebook.com\/webdotn","article_published_time":"2024-12-14T11:18:00+00:00","article_modified_time":"2025-05-20T22:15:34+00:00","og_image":[{"width":750,"height":400,"url":"https:\/\/www.webdo.tn\/fr\/wp-content\/uploads\/2024\/12\/47cdce25ab58f032e7bcc2e3576b5b49.webp","type":"image\/webp"}],"author":"MC","twitter_card":"summary_large_image","twitter_creator":"@webdo_tn","twitter_site":"@webdo_tn","twitter_misc":{"\u00c9crit par":"MC","Dur\u00e9e de lecture estim\u00e9e":"3 minutes"},"schema":{"@context":"https:\/\/schema.org","@graph":[{"@type":"NewsArticle","@id":"https:\/\/www.webdo.tn\/fr\/actualite\/national\/la-pauvrete-infantile-en-tunisie-atteint-28-4\/218351\/#article","isPartOf":{"@id":"https:\/\/www.webdo.tn\/fr\/actualite\/national\/la-pauvrete-infantile-en-tunisie-atteint-28-4\/218351\/"},"author":{"name":"MC","@id":"https:\/\/www.webdo.tn\/fr\/#\/schema\/person\/2c4929cbf5a809e3bd38617c6ce150f6"},"headline":"La pauvret\u00e9 infantile en Tunisie atteint 28,4%","datePublished":"2024-12-14T11:18:00+00:00","dateModified":"2025-05-20T22:15:34+00:00","mainEntityOfPage":{"@id":"https:\/\/www.webdo.tn\/fr\/actualite\/national\/la-pauvrete-infantile-en-tunisie-atteint-28-4\/218351\/"},"wordCount":577,"commentCount":0,"publisher":{"@id":"https:\/\/www.webdo.tn\/fr\/#organization"},"image":{"@id":"https:\/\/www.webdo.tn\/fr\/actualite\/national\/la-pauvrete-infantile-en-tunisie-atteint-28-4\/218351\/#primaryimage"},"thumbnailUrl":"https:\/\/www.webdo.tn\/fr\/wp-content\/uploads\/2024\/12\/47cdce25ab58f032e7bcc2e3576b5b49.webp","keywords":["'pauvret\u00e9 infantile']","enfants","Tunisie"],"articleSection":["National"],"inLanguage":"fr-FR"},{"@type":"WebPage","@id":"https:\/\/www.webdo.tn\/fr\/actualite\/national\/la-pauvrete-infantile-en-tunisie-atteint-28-4\/218351\/","url":"https:\/\/www.webdo.tn\/fr\/actualite\/national\/la-pauvrete-infantile-en-tunisie-atteint-28-4\/218351\/","name":"La pauvret\u00e9 infantile en Tunisie atteint 28,4%","isPartOf":{"@id":"https:\/\/www.webdo.tn\/fr\/#website"},"primaryImageOfPage":{"@id":"https:\/\/www.webdo.tn\/fr\/actualite\/national\/la-pauvrete-infantile-en-tunisie-atteint-28-4\/218351\/#primaryimage"},"image":{"@id":"https:\/\/www.webdo.tn\/fr\/actualite\/national\/la-pauvrete-infantile-en-tunisie-atteint-28-4\/218351\/#primaryimage"},"thumbnailUrl":"https:\/\/www.webdo.tn\/fr\/wp-content\/uploads\/2024\/12\/47cdce25ab58f032e7bcc2e3576b5b49.webp","datePublished":"2024-12-14T11:18:00+00:00","dateModified":"2025-05-20T22:15:34+00:00","description":"Un rapport met en lumi\u00e8re une hausse alarmante de la pauvret\u00e9 des enfants en Tunisie. Elle est pass\u00e9e de 26% en 2021 \u00e0 28,4% en 2023.","breadcrumb":{"@id":"https:\/\/www.webdo.tn\/fr\/actualite\/national\/la-pauvrete-infantile-en-tunisie-atteint-28-4\/218351\/#breadcrumb"},"inLanguage":"fr-FR","potentialAction":[{"@type":"ReadAction","target":["https:\/\/www.webdo.tn\/fr\/actualite\/national\/la-pauvrete-infantile-en-tunisie-atteint-28-4\/218351\/"]}]},{"@type":"ImageObject","inLanguage":"fr-FR","@id":"https:\/\/www.webdo.tn\/fr\/actualite\/national\/la-pauvrete-infantile-en-tunisie-atteint-28-4\/218351\/#primaryimage","url":"https:\/\/www.webdo.tn\/fr\/wp-content\/uploads\/2024\/12\/47cdce25ab58f032e7bcc2e3576b5b49.webp","contentUrl":"https:\/\/www.webdo.tn\/fr\/wp-content\/uploads\/2024\/12\/47cdce25ab58f032e7bcc2e3576b5b49.webp","width":750,"height":400,"caption":"La pauvret\u00e9 infantile en Tunisie atteint 28,4%"},{"@type":"BreadcrumbList","@id":"https:\/\/www.webdo.tn\/fr\/actualite\/national\/la-pauvrete-infantile-en-tunisie-atteint-28-4\/218351\/#breadcrumb","itemListElement":[{"@type":"ListItem","position":1,"name":"Accueil","item":"https:\/\/www.webdo.tn\/fr\/"},{"@type":"ListItem","position":2,"name":"La pauvret\u00e9 infantile en Tunisie atteint 28,4%"}]},{"@type":"WebSite","@id":"https:\/\/www.webdo.tn\/fr\/#website","url":"https:\/\/www.webdo.tn\/fr\/","name":"webdo","description":"Tunisie - News en Tunisie et \u00e0 l&#039;international sur Webdo.tn","publisher":{"@id":"https:\/\/www.webdo.tn\/fr\/#organization"},"potentialAction":[{"@type":"SearchAction","target":{"@type":"EntryPoint","urlTemplate":"https:\/\/www.webdo.tn\/fr\/?s={search_term_string}"},"query-input":{"@type":"PropertyValueSpecification","valueRequired":true,"valueName":"search_term_string"}}],"inLanguage":"fr-FR"},{"@type":"Organization","@id":"https:\/\/www.webdo.tn\/fr\/#organization","name":"Webdo","alternateName":"Webdo.tn","url":"https:\/\/www.webdo.tn\/fr\/","logo":{"@type":"ImageObject","inLanguage":"fr-FR","@id":"https:\/\/www.webdo.tn\/fr\/#\/schema\/logo\/image\/","url":"https:\/\/www.webdo.tn\/fr\/wp-content\/uploads\/2025\/06\/Webdo-Tunisie_168377.jpg","contentUrl":"https:\/\/www.webdo.tn\/fr\/wp-content\/uploads\/2025\/06\/Webdo-Tunisie_168377.jpg","width":301,"height":301,"caption":"Webdo"},"image":{"@id":"https:\/\/www.webdo.tn\/fr\/#\/schema\/logo\/image\/"},"sameAs":["https:\/\/www.facebook.com\/webdotn","https:\/\/x.com\/webdo_tn"],"description":"Webdo est un m\u00e9dia num\u00e9rique tunisien fond\u00e9 en 2010, sp\u00e9cialis\u00e9 dans l\u2019actualit\u00e9 nationale et internationale, l\u2019\u00e9conomie, la soci\u00e9t\u00e9 et les analyses politiques. Le site s\u2019adresse \u00e0 un large public francophone et couvre l\u2019information tunisienne en temps r\u00e9el.","email":"redac@webdo.tn","legalName":"YNJ SARL","foundingDate":"2010-09-06","numberOfEmployees":{"@type":"QuantitativeValue","minValue":"11","maxValue":"50"}},{"@type":"Person","@id":"https:\/\/www.webdo.tn\/fr\/#\/schema\/person\/2c4929cbf5a809e3bd38617c6ce150f6","name":"MC","image":{"@type":"ImageObject","inLanguage":"fr-FR","@id":"https:\/\/secure.gravatar.com\/avatar\/a545bbb6f84efdd5553dbbc2895e3ca8f1d12c5215e00a041c9670b54aa9b18a?s=96&d=mm&r=g","url":"https:\/\/secure.gravatar.com\/avatar\/a545bbb6f84efdd5553dbbc2895e3ca8f1d12c5215e00a041c9670b54aa9b18a?s=96&d=mm&r=g","contentUrl":"https:\/\/secure.gravatar.com\/avatar\/a545bbb6f84efdd5553dbbc2895e3ca8f1d12c5215e00a041c9670b54aa9b18a?s=96&d=mm&r=g","caption":"MC"},"url":"https:\/\/www.webdo.tn\/fr\/actualite\/author\/mc\/"}]}},"_links":{"self":[{"href":"https:\/\/www.webdo.tn\/fr\/wp-json\/wp\/v2\/posts\/218351","targetHints":{"allow":["GET"]}}],"collection":[{"href":"https:\/\/www.webdo.tn\/fr\/wp-json\/wp\/v2\/posts"}],"about":[{"href":"https:\/\/www.webdo.tn\/fr\/wp-json\/wp\/v2\/types\/post"}],"author":[{"embeddable":true,"href":"https:\/\/www.webdo.tn\/fr\/wp-json\/wp\/v2\/users\/3162"}],"replies":[{"embeddable":true,"href":"https:\/\/www.webdo.tn\/fr\/wp-json\/wp\/v2\/comments?post=218351"}],"version-history":[{"count":0,"href":"https:\/\/www.webdo.tn\/fr\/wp-json\/wp\/v2\/posts\/218351\/revisions"}],"wp:featuredmedia":[{"embeddable":true,"href":"https:\/\/www.webdo.tn\/fr\/wp-json\/wp\/v2\/media\/291541"}],"wp:attachment":[{"href":"https:\/\/www.webdo.tn\/fr\/wp-json\/wp\/v2\/media?parent=218351"}],"wp:term":[{"taxonomy":"category","embeddable":true,"href":"https:\/\/www.webdo.tn\/fr\/wp-json\/wp\/v2\/categories?post=218351"},{"taxonomy":"post_tag","embeddable":true,"href":"https:\/\/www.webdo.tn\/fr\/wp-json\/wp\/v2\/tags?post=218351"}],"curies":[{"name":"wp","href":"https:\/\/api.w.org\/{rel}","templated":true}]}}