{"id":218346,"date":"2024-12-14T09:05:00","date_gmt":"2024-12-14T09:05:00","guid":{"rendered":"https:\/\/www.webdo.tn\/fr\/blog\/2024\/12\/14\/tunisie-transport-huile-d-olive-et-services-administratifs\/"},"modified":"2025-05-20T21:45:25","modified_gmt":"2025-05-20T21:45:25","slug":"tunisie-transport-huile-d-olive-et-services-administratifs","status":"publish","type":"post","link":"https:\/\/www.webdo.tn\/fr\/actualite\/national\/tunisie-transport-huile-d-olive-et-services-administratifs\/218346\/","title":{"rendered":"Tunisie : Transport, huile d\u2019olive et services administratifs"},"content":{"rendered":"<p>Le Pr\u00e9sident de la R\u00e9publique, Ka\u00efs Sa\u00efed, a examin\u00e9, lors de son entretien hier au Palais de Carthage avec le Chef du gouvernement, Kamel Maddouri, le fonctionnement g\u00e9n\u00e9ral de l\u2019action gouvernementale ainsi que l\u2019ex\u00e9cution des instructions donn\u00e9es dans plusieurs secteurs.<\/p>\n<p>Parmi ces secteurs, il a \u00e0 nouveau \u00e9voqu\u00e9 celui des transports, en insistant sur la n\u00e9cessit\u00e9 de redoubler d\u2019efforts pour acqu\u00e9rir davantage de moyens de transport dans les plus brefs d\u00e9lais.<\/p>\n<p>Le Pr\u00e9sident de la R\u00e9publique a \u00e9galement abord\u00e9 la mesure qu\u2019il a ordonn\u00e9e, consistant \u00e0 r\u00e9server des quantit\u00e9s d\u2019huile d\u2019olive pour le march\u00e9 local \u00e0 des prix abordables, afin que les Tunisiens, qu\u2019ils soient agriculteurs ou consommateurs, puissent en b\u00e9n\u00e9ficier. Par ailleurs, il a soulign\u00e9 l\u2019importance d\u2019ouvrir des perspectives plus larges pour l\u2019exportation.<\/p>\n<p>D\u2019autre part, le Pr\u00e9sident a insist\u00e9 sur l\u2019am\u00e9lioration des services administratifs offerts aux citoyens et sur la n\u00e9cessit\u00e9 pour chaque responsable de se sentir pleinement au service de la population, indique un communiqu\u00e9 de la Pr\u00e9sidence de la R\u00e9publique.<\/p>\n<p>Dans ce contexte\u00a0 la Soci\u00e9t\u00e9 de transport de Tunis (Transtu) devrait r\u00e9ceptionner 300 bus neufs aupr\u00e8s du constructeur chinois King Long. un co\u00fbt estim\u00e9 \u00e0 152 millions de dinars. Une acquisition qui s\u2019inscrit dans le cadre des priorit\u00e9s strat\u00e9giques de l\u2019\u00c9tat pour moderniser le secteur des transports publics.<\/p>\n<p>Concernant l&rsquo;huile d&rsquo;olive, une r\u00e9union de coordination s\u2019est tenue jeudi au si\u00e8ge du minist\u00e8re du Commerce et du D\u00e9veloppement des exportations pour discuter des m\u00e9canismes et des moyens \u00e0 mettre en \u0153uvre, tant au niveau des prix qu\u2019au niveau logistique, pour promouvoir l\u2019huile d\u2019olive dans les grandes surfaces \u00e0 des prix pr\u00e9f\u00e9rentiels tenant compte du pouvoir d\u2019achat des citoyens et qui seront fix\u00e9s ult\u00e9rieurement.<\/p>\n","protected":false},"excerpt":{"rendered":"<p>Le Pr\u00e9sident de la R\u00e9publique, Ka\u00efs Sa\u00efed, a examin\u00e9, lors de son entretien hier au Palais de Carthage avec le Chef du gouvernement, Kamel Maddouri, le fonction&#8230;<\/p>\n","protected":false},"author":3162,"featured_media":243446,"comment_status":"open","ping_status":"open","sticky":false,"template":"","format":"standard","meta":{"footnotes":""},"categories":[44],"tags":[2874,2614,4732,2818,2608],"class_list":["post-218346","post","type-post","status-publish","format-standard","has-post-thumbnail","hentry","category-national","tag-huile-dolive","tag-kais-saied","tag-service-administratif","tag-transport","tag-tunisie"],"yoast_head":"<!-- This site is optimized with the Yoast SEO Premium plugin v27.4 (Yoast SEO v27.5) - https:\/\/yoast.com\/product\/yoast-seo-premium-wordpress\/ -->\n<title>Tunisie : Transport, huile d\u2019olive et services administratifs<\/title>\n<meta name=\"description\" content=\"Le Pr\u00e9sident de la R\u00e9publique, Ka\u00efs Sa\u00efed, a examin\u00e9, lors de son entretien hier au Palais de Carthage avec le Chef du gouvernement, Kamel Maddouri, le fonction...\" \/>\n<link rel=\"canonical\" href=\"https:\/\/www.webdo.tn\/fr\/actualite\/national\/tunisie-transport-huile-d-olive-et-services-administratifs\/218346\/\" \/>\n<meta property=\"og:locale\" content=\"fr_FR\" \/>\n<meta property=\"og:type\" content=\"article\" \/>\n<meta property=\"og:title\" content=\"Tunisie : Transport, huile d\u2019olive et services administratifs\" \/>\n<meta property=\"og:description\" content=\"Le Pr\u00e9sident de la R\u00e9publique, Ka\u00efs Sa\u00efed, a examin\u00e9, lors de son entretien hier au Palais de Carthage avec le Chef du gouvernement, Kamel Maddouri, le fonction...\" \/>\n<meta property=\"og:url\" content=\"https:\/\/www.webdo.tn\/fr\/actualite\/national\/tunisie-transport-huile-d-olive-et-services-administratifs\/218346\/\" \/>\n<meta property=\"og:site_name\" content=\"webdo\" \/>\n<meta property=\"article:publisher\" content=\"https:\/\/www.facebook.com\/webdotn\" \/>\n<meta property=\"article:published_time\" content=\"2024-12-14T09:05:00+00:00\" \/>\n<meta property=\"article:modified_time\" content=\"2025-05-20T21:45:25+00:00\" \/>\n<meta property=\"og:image\" content=\"https:\/\/www.webdo.tn\/fr\/wp-content\/uploads\/2025\/05\/6b483a1c5692e85336a1134eb06a4657-2.webp\" \/>\n\t<meta property=\"og:image:width\" content=\"750\" \/>\n\t<meta property=\"og:image:height\" content=\"400\" \/>\n\t<meta property=\"og:image:type\" content=\"image\/webp\" \/>\n<meta name=\"author\" content=\"MC\" \/>\n<meta name=\"twitter:card\" content=\"summary_large_image\" \/>\n<meta name=\"twitter:creator\" content=\"@webdo_tn\" \/>\n<meta name=\"twitter:site\" content=\"@webdo_tn\" \/>\n<meta name=\"twitter:label1\" content=\"\u00c9crit par\" \/>\n\t<meta name=\"twitter:data1\" content=\"MC\" \/>\n\t<meta name=\"twitter:label2\" content=\"Dur\u00e9e de lecture estim\u00e9e\" \/>\n\t<meta name=\"twitter:data2\" content=\"2 minutes\" \/>\n<script type=\"application\/ld+json\" class=\"yoast-schema-graph\">{\"@context\":\"https:\\\/\\\/schema.org\",\"@graph\":[{\"@type\":\"NewsArticle\",\"@id\":\"https:\\\/\\\/www.webdo.tn\\\/fr\\\/actualite\\\/national\\\/tunisie-transport-huile-d-olive-et-services-administratifs\\\/218346\\\/#article\",\"isPartOf\":{\"@id\":\"https:\\\/\\\/www.webdo.tn\\\/fr\\\/actualite\\\/national\\\/tunisie-transport-huile-d-olive-et-services-administratifs\\\/218346\\\/\"},\"author\":{\"name\":\"MC\",\"@id\":\"https:\\\/\\\/www.webdo.tn\\\/fr\\\/#\\\/schema\\\/person\\\/2c4929cbf5a809e3bd38617c6ce150f6\"},\"headline\":\"Tunisie : Transport, huile d\u2019olive et services administratifs\",\"datePublished\":\"2024-12-14T09:05:00+00:00\",\"dateModified\":\"2025-05-20T21:45:25+00:00\",\"mainEntityOfPage\":{\"@id\":\"https:\\\/\\\/www.webdo.tn\\\/fr\\\/actualite\\\/national\\\/tunisie-transport-huile-d-olive-et-services-administratifs\\\/218346\\\/\"},\"wordCount\":334,\"commentCount\":0,\"publisher\":{\"@id\":\"https:\\\/\\\/www.webdo.tn\\\/fr\\\/#organization\"},\"image\":{\"@id\":\"https:\\\/\\\/www.webdo.tn\\\/fr\\\/actualite\\\/national\\\/tunisie-transport-huile-d-olive-et-services-administratifs\\\/218346\\\/#primaryimage\"},\"thumbnailUrl\":\"https:\\\/\\\/www.webdo.tn\\\/fr\\\/wp-content\\\/uploads\\\/2025\\\/05\\\/6b483a1c5692e85336a1134eb06a4657-2.webp\",\"keywords\":[\"Huile d'olive\",\"Kais Saied\",\"service administratif\",\"Transport\",\"Tunisie\"],\"articleSection\":[\"National\"],\"inLanguage\":\"fr-FR\"},{\"@type\":\"WebPage\",\"@id\":\"https:\\\/\\\/www.webdo.tn\\\/fr\\\/actualite\\\/national\\\/tunisie-transport-huile-d-olive-et-services-administratifs\\\/218346\\\/\",\"url\":\"https:\\\/\\\/www.webdo.tn\\\/fr\\\/actualite\\\/national\\\/tunisie-transport-huile-d-olive-et-services-administratifs\\\/218346\\\/\",\"name\":\"Tunisie : Transport, huile d\u2019olive et services administratifs\",\"isPartOf\":{\"@id\":\"https:\\\/\\\/www.webdo.tn\\\/fr\\\/#website\"},\"primaryImageOfPage\":{\"@id\":\"https:\\\/\\\/www.webdo.tn\\\/fr\\\/actualite\\\/national\\\/tunisie-transport-huile-d-olive-et-services-administratifs\\\/218346\\\/#primaryimage\"},\"image\":{\"@id\":\"https:\\\/\\\/www.webdo.tn\\\/fr\\\/actualite\\\/national\\\/tunisie-transport-huile-d-olive-et-services-administratifs\\\/218346\\\/#primaryimage\"},\"thumbnailUrl\":\"https:\\\/\\\/www.webdo.tn\\\/fr\\\/wp-content\\\/uploads\\\/2025\\\/05\\\/6b483a1c5692e85336a1134eb06a4657-2.webp\",\"datePublished\":\"2024-12-14T09:05:00+00:00\",\"dateModified\":\"2025-05-20T21:45:25+00:00\",\"description\":\"Le Pr\u00e9sident de la R\u00e9publique, Ka\u00efs Sa\u00efed, a examin\u00e9, lors de son entretien hier au Palais de Carthage avec le Chef du gouvernement, Kamel Maddouri, le fonction...\",\"breadcrumb\":{\"@id\":\"https:\\\/\\\/www.webdo.tn\\\/fr\\\/actualite\\\/national\\\/tunisie-transport-huile-d-olive-et-services-administratifs\\\/218346\\\/#breadcrumb\"},\"inLanguage\":\"fr-FR\",\"potentialAction\":[{\"@type\":\"ReadAction\",\"target\":[\"https:\\\/\\\/www.webdo.tn\\\/fr\\\/actualite\\\/national\\\/tunisie-transport-huile-d-olive-et-services-administratifs\\\/218346\\\/\"]}]},{\"@type\":\"ImageObject\",\"inLanguage\":\"fr-FR\",\"@id\":\"https:\\\/\\\/www.webdo.tn\\\/fr\\\/actualite\\\/national\\\/tunisie-transport-huile-d-olive-et-services-administratifs\\\/218346\\\/#primaryimage\",\"url\":\"https:\\\/\\\/www.webdo.tn\\\/fr\\\/wp-content\\\/uploads\\\/2025\\\/05\\\/6b483a1c5692e85336a1134eb06a4657-2.webp\",\"contentUrl\":\"https:\\\/\\\/www.webdo.tn\\\/fr\\\/wp-content\\\/uploads\\\/2025\\\/05\\\/6b483a1c5692e85336a1134eb06a4657-2.webp\",\"width\":750,\"height\":400},{\"@type\":\"BreadcrumbList\",\"@id\":\"https:\\\/\\\/www.webdo.tn\\\/fr\\\/actualite\\\/national\\\/tunisie-transport-huile-d-olive-et-services-administratifs\\\/218346\\\/#breadcrumb\",\"itemListElement\":[{\"@type\":\"ListItem\",\"position\":1,\"name\":\"Accueil\",\"item\":\"https:\\\/\\\/www.webdo.tn\\\/fr\\\/\"},{\"@type\":\"ListItem\",\"position\":2,\"name\":\"Tunisie : Transport, huile d\u2019olive et services administratifs\"}]},{\"@type\":\"WebSite\",\"@id\":\"https:\\\/\\\/www.webdo.tn\\\/fr\\\/#website\",\"url\":\"https:\\\/\\\/www.webdo.tn\\\/fr\\\/\",\"name\":\"webdo\",\"description\":\"Tunisie - News en Tunisie et \u00e0 l&#039;international sur Webdo.tn\",\"publisher\":{\"@id\":\"https:\\\/\\\/www.webdo.tn\\\/fr\\\/#organization\"},\"potentialAction\":[{\"@type\":\"SearchAction\",\"target\":{\"@type\":\"EntryPoint\",\"urlTemplate\":\"https:\\\/\\\/www.webdo.tn\\\/fr\\\/?s={search_term_string}\"},\"query-input\":{\"@type\":\"PropertyValueSpecification\",\"valueRequired\":true,\"valueName\":\"search_term_string\"}}],\"inLanguage\":\"fr-FR\"},{\"@type\":\"Organization\",\"@id\":\"https:\\\/\\\/www.webdo.tn\\\/fr\\\/#organization\",\"name\":\"Webdo\",\"alternateName\":\"Webdo.tn\",\"url\":\"https:\\\/\\\/www.webdo.tn\\\/fr\\\/\",\"logo\":{\"@type\":\"ImageObject\",\"inLanguage\":\"fr-FR\",\"@id\":\"https:\\\/\\\/www.webdo.tn\\\/fr\\\/#\\\/schema\\\/logo\\\/image\\\/\",\"url\":\"https:\\\/\\\/www.webdo.tn\\\/fr\\\/wp-content\\\/uploads\\\/2025\\\/06\\\/Webdo-Tunisie_168377.jpg\",\"contentUrl\":\"https:\\\/\\\/www.webdo.tn\\\/fr\\\/wp-content\\\/uploads\\\/2025\\\/06\\\/Webdo-Tunisie_168377.jpg\",\"width\":301,\"height\":301,\"caption\":\"Webdo\"},\"image\":{\"@id\":\"https:\\\/\\\/www.webdo.tn\\\/fr\\\/#\\\/schema\\\/logo\\\/image\\\/\"},\"sameAs\":[\"https:\\\/\\\/www.facebook.com\\\/webdotn\",\"https:\\\/\\\/x.com\\\/webdo_tn\"],\"description\":\"Webdo est un m\u00e9dia num\u00e9rique tunisien fond\u00e9 en 2010, sp\u00e9cialis\u00e9 dans l\u2019actualit\u00e9 nationale et internationale, l\u2019\u00e9conomie, la soci\u00e9t\u00e9 et les analyses politiques. Le site s\u2019adresse \u00e0 un large public francophone et couvre l\u2019information tunisienne en temps r\u00e9el.\",\"email\":\"redac@webdo.tn\",\"legalName\":\"YNJ SARL\",\"foundingDate\":\"2010-09-06\",\"numberOfEmployees\":{\"@type\":\"QuantitativeValue\",\"minValue\":\"11\",\"maxValue\":\"50\"}},{\"@type\":\"Person\",\"@id\":\"https:\\\/\\\/www.webdo.tn\\\/fr\\\/#\\\/schema\\\/person\\\/2c4929cbf5a809e3bd38617c6ce150f6\",\"name\":\"MC\",\"image\":{\"@type\":\"ImageObject\",\"inLanguage\":\"fr-FR\",\"@id\":\"https:\\\/\\\/secure.gravatar.com\\\/avatar\\\/a545bbb6f84efdd5553dbbc2895e3ca8f1d12c5215e00a041c9670b54aa9b18a?s=96&d=mm&r=g\",\"url\":\"https:\\\/\\\/secure.gravatar.com\\\/avatar\\\/a545bbb6f84efdd5553dbbc2895e3ca8f1d12c5215e00a041c9670b54aa9b18a?s=96&d=mm&r=g\",\"contentUrl\":\"https:\\\/\\\/secure.gravatar.com\\\/avatar\\\/a545bbb6f84efdd5553dbbc2895e3ca8f1d12c5215e00a041c9670b54aa9b18a?s=96&d=mm&r=g\",\"caption\":\"MC\"},\"url\":\"https:\\\/\\\/www.webdo.tn\\\/fr\\\/actualite\\\/author\\\/mc\\\/\"}]}<\/script>\n<!-- \/ Yoast SEO Premium plugin. -->","yoast_head_json":{"title":"Tunisie : Transport, huile d\u2019olive et services administratifs","description":"Le Pr\u00e9sident de la R\u00e9publique, Ka\u00efs Sa\u00efed, a examin\u00e9, lors de son entretien hier au Palais de Carthage avec le Chef du gouvernement, Kamel Maddouri, le fonction...","canonical":"https:\/\/www.webdo.tn\/fr\/actualite\/national\/tunisie-transport-huile-d-olive-et-services-administratifs\/218346\/","og_locale":"fr_FR","og_type":"article","og_title":"Tunisie : Transport, huile d\u2019olive et services administratifs","og_description":"Le Pr\u00e9sident de la R\u00e9publique, Ka\u00efs Sa\u00efed, a examin\u00e9, lors de son entretien hier au Palais de Carthage avec le Chef du gouvernement, Kamel Maddouri, le fonction...","og_url":"https:\/\/www.webdo.tn\/fr\/actualite\/national\/tunisie-transport-huile-d-olive-et-services-administratifs\/218346\/","og_site_name":"webdo","article_publisher":"https:\/\/www.facebook.com\/webdotn","article_published_time":"2024-12-14T09:05:00+00:00","article_modified_time":"2025-05-20T21:45:25+00:00","og_image":[{"width":750,"height":400,"url":"https:\/\/www.webdo.tn\/fr\/wp-content\/uploads\/2025\/05\/6b483a1c5692e85336a1134eb06a4657-2.webp","type":"image\/webp"}],"author":"MC","twitter_card":"summary_large_image","twitter_creator":"@webdo_tn","twitter_site":"@webdo_tn","twitter_misc":{"\u00c9crit par":"MC","Dur\u00e9e de lecture estim\u00e9e":"2 minutes"},"schema":{"@context":"https:\/\/schema.org","@graph":[{"@type":"NewsArticle","@id":"https:\/\/www.webdo.tn\/fr\/actualite\/national\/tunisie-transport-huile-d-olive-et-services-administratifs\/218346\/#article","isPartOf":{"@id":"https:\/\/www.webdo.tn\/fr\/actualite\/national\/tunisie-transport-huile-d-olive-et-services-administratifs\/218346\/"},"author":{"name":"MC","@id":"https:\/\/www.webdo.tn\/fr\/#\/schema\/person\/2c4929cbf5a809e3bd38617c6ce150f6"},"headline":"Tunisie : Transport, huile d\u2019olive et services administratifs","datePublished":"2024-12-14T09:05:00+00:00","dateModified":"2025-05-20T21:45:25+00:00","mainEntityOfPage":{"@id":"https:\/\/www.webdo.tn\/fr\/actualite\/national\/tunisie-transport-huile-d-olive-et-services-administratifs\/218346\/"},"wordCount":334,"commentCount":0,"publisher":{"@id":"https:\/\/www.webdo.tn\/fr\/#organization"},"image":{"@id":"https:\/\/www.webdo.tn\/fr\/actualite\/national\/tunisie-transport-huile-d-olive-et-services-administratifs\/218346\/#primaryimage"},"thumbnailUrl":"https:\/\/www.webdo.tn\/fr\/wp-content\/uploads\/2025\/05\/6b483a1c5692e85336a1134eb06a4657-2.webp","keywords":["Huile d'olive","Kais Saied","service administratif","Transport","Tunisie"],"articleSection":["National"],"inLanguage":"fr-FR"},{"@type":"WebPage","@id":"https:\/\/www.webdo.tn\/fr\/actualite\/national\/tunisie-transport-huile-d-olive-et-services-administratifs\/218346\/","url":"https:\/\/www.webdo.tn\/fr\/actualite\/national\/tunisie-transport-huile-d-olive-et-services-administratifs\/218346\/","name":"Tunisie : Transport, huile d\u2019olive et services administratifs","isPartOf":{"@id":"https:\/\/www.webdo.tn\/fr\/#website"},"primaryImageOfPage":{"@id":"https:\/\/www.webdo.tn\/fr\/actualite\/national\/tunisie-transport-huile-d-olive-et-services-administratifs\/218346\/#primaryimage"},"image":{"@id":"https:\/\/www.webdo.tn\/fr\/actualite\/national\/tunisie-transport-huile-d-olive-et-services-administratifs\/218346\/#primaryimage"},"thumbnailUrl":"https:\/\/www.webdo.tn\/fr\/wp-content\/uploads\/2025\/05\/6b483a1c5692e85336a1134eb06a4657-2.webp","datePublished":"2024-12-14T09:05:00+00:00","dateModified":"2025-05-20T21:45:25+00:00","description":"Le Pr\u00e9sident de la R\u00e9publique, Ka\u00efs Sa\u00efed, a examin\u00e9, lors de son entretien hier au Palais de Carthage avec le Chef du gouvernement, Kamel Maddouri, le fonction...","breadcrumb":{"@id":"https:\/\/www.webdo.tn\/fr\/actualite\/national\/tunisie-transport-huile-d-olive-et-services-administratifs\/218346\/#breadcrumb"},"inLanguage":"fr-FR","potentialAction":[{"@type":"ReadAction","target":["https:\/\/www.webdo.tn\/fr\/actualite\/national\/tunisie-transport-huile-d-olive-et-services-administratifs\/218346\/"]}]},{"@type":"ImageObject","inLanguage":"fr-FR","@id":"https:\/\/www.webdo.tn\/fr\/actualite\/national\/tunisie-transport-huile-d-olive-et-services-administratifs\/218346\/#primaryimage","url":"https:\/\/www.webdo.tn\/fr\/wp-content\/uploads\/2025\/05\/6b483a1c5692e85336a1134eb06a4657-2.webp","contentUrl":"https:\/\/www.webdo.tn\/fr\/wp-content\/uploads\/2025\/05\/6b483a1c5692e85336a1134eb06a4657-2.webp","width":750,"height":400},{"@type":"BreadcrumbList","@id":"https:\/\/www.webdo.tn\/fr\/actualite\/national\/tunisie-transport-huile-d-olive-et-services-administratifs\/218346\/#breadcrumb","itemListElement":[{"@type":"ListItem","position":1,"name":"Accueil","item":"https:\/\/www.webdo.tn\/fr\/"},{"@type":"ListItem","position":2,"name":"Tunisie : Transport, huile d\u2019olive et services administratifs"}]},{"@type":"WebSite","@id":"https:\/\/www.webdo.tn\/fr\/#website","url":"https:\/\/www.webdo.tn\/fr\/","name":"webdo","description":"Tunisie - News en Tunisie et \u00e0 l&#039;international sur Webdo.tn","publisher":{"@id":"https:\/\/www.webdo.tn\/fr\/#organization"},"potentialAction":[{"@type":"SearchAction","target":{"@type":"EntryPoint","urlTemplate":"https:\/\/www.webdo.tn\/fr\/?s={search_term_string}"},"query-input":{"@type":"PropertyValueSpecification","valueRequired":true,"valueName":"search_term_string"}}],"inLanguage":"fr-FR"},{"@type":"Organization","@id":"https:\/\/www.webdo.tn\/fr\/#organization","name":"Webdo","alternateName":"Webdo.tn","url":"https:\/\/www.webdo.tn\/fr\/","logo":{"@type":"ImageObject","inLanguage":"fr-FR","@id":"https:\/\/www.webdo.tn\/fr\/#\/schema\/logo\/image\/","url":"https:\/\/www.webdo.tn\/fr\/wp-content\/uploads\/2025\/06\/Webdo-Tunisie_168377.jpg","contentUrl":"https:\/\/www.webdo.tn\/fr\/wp-content\/uploads\/2025\/06\/Webdo-Tunisie_168377.jpg","width":301,"height":301,"caption":"Webdo"},"image":{"@id":"https:\/\/www.webdo.tn\/fr\/#\/schema\/logo\/image\/"},"sameAs":["https:\/\/www.facebook.com\/webdotn","https:\/\/x.com\/webdo_tn"],"description":"Webdo est un m\u00e9dia num\u00e9rique tunisien fond\u00e9 en 2010, sp\u00e9cialis\u00e9 dans l\u2019actualit\u00e9 nationale et internationale, l\u2019\u00e9conomie, la soci\u00e9t\u00e9 et les analyses politiques. Le site s\u2019adresse \u00e0 un large public francophone et couvre l\u2019information tunisienne en temps r\u00e9el.","email":"redac@webdo.tn","legalName":"YNJ SARL","foundingDate":"2010-09-06","numberOfEmployees":{"@type":"QuantitativeValue","minValue":"11","maxValue":"50"}},{"@type":"Person","@id":"https:\/\/www.webdo.tn\/fr\/#\/schema\/person\/2c4929cbf5a809e3bd38617c6ce150f6","name":"MC","image":{"@type":"ImageObject","inLanguage":"fr-FR","@id":"https:\/\/secure.gravatar.com\/avatar\/a545bbb6f84efdd5553dbbc2895e3ca8f1d12c5215e00a041c9670b54aa9b18a?s=96&d=mm&r=g","url":"https:\/\/secure.gravatar.com\/avatar\/a545bbb6f84efdd5553dbbc2895e3ca8f1d12c5215e00a041c9670b54aa9b18a?s=96&d=mm&r=g","contentUrl":"https:\/\/secure.gravatar.com\/avatar\/a545bbb6f84efdd5553dbbc2895e3ca8f1d12c5215e00a041c9670b54aa9b18a?s=96&d=mm&r=g","caption":"MC"},"url":"https:\/\/www.webdo.tn\/fr\/actualite\/author\/mc\/"}]}},"_links":{"self":[{"href":"https:\/\/www.webdo.tn\/fr\/wp-json\/wp\/v2\/posts\/218346","targetHints":{"allow":["GET"]}}],"collection":[{"href":"https:\/\/www.webdo.tn\/fr\/wp-json\/wp\/v2\/posts"}],"about":[{"href":"https:\/\/www.webdo.tn\/fr\/wp-json\/wp\/v2\/types\/post"}],"author":[{"embeddable":true,"href":"https:\/\/www.webdo.tn\/fr\/wp-json\/wp\/v2\/users\/3162"}],"replies":[{"embeddable":true,"href":"https:\/\/www.webdo.tn\/fr\/wp-json\/wp\/v2\/comments?post=218346"}],"version-history":[{"count":0,"href":"https:\/\/www.webdo.tn\/fr\/wp-json\/wp\/v2\/posts\/218346\/revisions"}],"wp:featuredmedia":[{"embeddable":true,"href":"https:\/\/www.webdo.tn\/fr\/wp-json\/wp\/v2\/media\/243446"}],"wp:attachment":[{"href":"https:\/\/www.webdo.tn\/fr\/wp-json\/wp\/v2\/media?parent=218346"}],"wp:term":[{"taxonomy":"category","embeddable":true,"href":"https:\/\/www.webdo.tn\/fr\/wp-json\/wp\/v2\/categories?post=218346"},{"taxonomy":"post_tag","embeddable":true,"href":"https:\/\/www.webdo.tn\/fr\/wp-json\/wp\/v2\/tags?post=218346"}],"curies":[{"name":"wp","href":"https:\/\/api.w.org\/{rel}","templated":true}]}}