{"id":218329,"date":"2024-12-13T14:30:00","date_gmt":"2024-12-13T14:30:00","guid":{"rendered":"https:\/\/www.webdo.tn\/fr\/blog\/2024\/12\/13\/tunisie-greve-a-la-compagnie-des-phosphates-de-gafsa-les-25-et-26-decembre\/"},"modified":"2025-05-20T21:45:29","modified_gmt":"2025-05-20T21:45:29","slug":"tunisie-greve-a-la-compagnie-des-phosphates-de-gafsa-les-25-et-26-decembre","status":"publish","type":"post","link":"https:\/\/www.webdo.tn\/fr\/actualite\/national\/tunisie-greve-a-la-compagnie-des-phosphates-de-gafsa-les-25-et-26-decembre\/218329\/","title":{"rendered":"Tunisie : Gr\u00e8ve \u00e0 la Compagnie des Phosphates de Gafsa les 25 et 26 d\u00e9cembre"},"content":{"rendered":"<p>Ce vendredi 13 d\u00e9cembre, le Conseil sectoriel des mines de l&rsquo;Union g\u00e9n\u00e9rale tunisienne du travail (UGTT) a publi\u00e9 un pr\u00e9avis de gr\u00e8ve pour tous les sites de production de la Compagnie des Phosphates de Gafsa (CPG).<\/p>\n<p>\t\t\t\t\t\t\t\t\tLa gr\u00e8ve est pr\u00e9vue les 25 et 26 d\u00e9cembre en protestation contre l\u2019\u00e9chec des n\u00e9gociations entre la branche universitaire des mines et les repr\u00e9sentants de la direction g\u00e9n\u00e9rale de la CPG. \u00a0<\/p>\n<p>Les revendications portent notamment sur : \u00a0<\/p>\n<p>\tLe versement de la prime de production de 2023,<br \/>\n\tL\u2019application des proc\u00e8s-verbaux des pr\u00e9c\u00e9dentes r\u00e9unions centrales,<br \/>\n\tL\u2019allocation des quotas pour les pr\u00eats sociaux pour les ann\u00e9es 2023, 2024, et 2025. \u00a0<\/p>\n<p>Il est \u00e0 noter que depuis hier, jeudi 12 d\u00e9cembre, les employ\u00e9s et cadres des r\u00e9gions de M\u00e9tlaoui, Om Laarayes et Mdhilla se sont engag\u00e9s dans une gr\u00e8ve g\u00e9n\u00e9rale surprise.<\/p>\n<p>Ce mouvement a \u00e9t\u00e9 rejoint ce vendredi matin par les employ\u00e9s de la r\u00e9gion de Redeyef, en solidarit\u00e9 avec la branche universitaire des mines \u00e0 Gafsa.<\/p>\n<p>Les gr\u00e9vistes r\u00e9clament l\u2019application des accords pr\u00e9c\u00e9dents et le r\u00e8glement des arri\u00e9r\u00e9s financiers dus par la compagnie, comme stipul\u00e9 dans le pr\u00e9avis de gr\u00e8ve.<\/p>\n","protected":false},"excerpt":{"rendered":"<p>La gr\u00e8ve est pr\u00e9vue les 25 et 26 d\u00e9cembre en protestation contre l\u2019\u00e9chec des n\u00e9gociations entre la branche universitaire des mines et les repr\u00e9sentants de la di&#8230;<\/p>\n","protected":false},"author":3162,"featured_media":243482,"comment_status":"open","ping_status":"open","sticky":false,"template":"","format":"standard","meta":{"footnotes":""},"categories":[44],"tags":[2977,4001,2647,3366,2608],"class_list":["post-218329","post","type-post","status-publish","format-standard","has-post-thumbnail","hentry","category-national","tag-cpg","tag-gafsa","tag-greve","tag-phosphates","tag-tunisie"],"yoast_head":"<!-- This site is optimized with the Yoast SEO Premium plugin v27.5 (Yoast SEO v27.5) - https:\/\/yoast.com\/product\/yoast-seo-premium-wordpress\/ -->\n<title>Tunisie : Gr\u00e8ve \u00e0 la Compagnie des Phosphates de Gafsa les 25 et 26 d\u00e9cembre<\/title>\n<meta name=\"description\" content=\"La gr\u00e8ve est pr\u00e9vue les 25 et 26 d\u00e9cembre en protestation contre l\u2019\u00e9chec des n\u00e9gociations entre la branche universitaire des mines et les repr\u00e9sentants de la di...\" \/>\n<link rel=\"canonical\" href=\"https:\/\/www.webdo.tn\/fr\/actualite\/national\/tunisie-greve-a-la-compagnie-des-phosphates-de-gafsa-les-25-et-26-decembre\/218329\/\" \/>\n<meta property=\"og:locale\" content=\"fr_FR\" \/>\n<meta property=\"og:type\" content=\"article\" \/>\n<meta property=\"og:title\" content=\"Tunisie : Gr\u00e8ve \u00e0 la Compagnie des Phosphates de Gafsa les 25 et 26 d\u00e9cembre\" \/>\n<meta property=\"og:description\" content=\"La gr\u00e8ve est pr\u00e9vue les 25 et 26 d\u00e9cembre en protestation contre l\u2019\u00e9chec des n\u00e9gociations entre la branche universitaire des mines et les repr\u00e9sentants de la di...\" \/>\n<meta property=\"og:url\" content=\"https:\/\/www.webdo.tn\/fr\/actualite\/national\/tunisie-greve-a-la-compagnie-des-phosphates-de-gafsa-les-25-et-26-decembre\/218329\/\" \/>\n<meta property=\"og:site_name\" content=\"webdo\" \/>\n<meta property=\"article:publisher\" content=\"https:\/\/www.facebook.com\/webdotn\" \/>\n<meta property=\"article:published_time\" content=\"2024-12-13T14:30:00+00:00\" \/>\n<meta property=\"article:modified_time\" content=\"2025-05-20T21:45:29+00:00\" \/>\n<meta property=\"og:image\" content=\"https:\/\/www.webdo.tn\/fr\/wp-content\/uploads\/2025\/05\/1767ccdc9ca77c65cb872d0ad0365f12-2.webp\" \/>\n\t<meta property=\"og:image:width\" content=\"648\" \/>\n\t<meta property=\"og:image:height\" content=\"346\" \/>\n\t<meta property=\"og:image:type\" content=\"image\/webp\" \/>\n<meta name=\"author\" content=\"MC\" \/>\n<meta name=\"twitter:card\" content=\"summary_large_image\" \/>\n<meta name=\"twitter:creator\" content=\"@webdo_tn\" \/>\n<meta name=\"twitter:site\" content=\"@webdo_tn\" \/>\n<meta name=\"twitter:label1\" content=\"\u00c9crit par\" \/>\n\t<meta name=\"twitter:data1\" content=\"MC\" \/>\n\t<meta name=\"twitter:label2\" content=\"Dur\u00e9e de lecture estim\u00e9e\" \/>\n\t<meta name=\"twitter:data2\" content=\"1 minute\" \/>\n<script type=\"application\/ld+json\" class=\"yoast-schema-graph\">{\"@context\":\"https:\\\/\\\/schema.org\",\"@graph\":[{\"@type\":\"NewsArticle\",\"@id\":\"https:\\\/\\\/www.webdo.tn\\\/fr\\\/actualite\\\/national\\\/tunisie-greve-a-la-compagnie-des-phosphates-de-gafsa-les-25-et-26-decembre\\\/218329\\\/#article\",\"isPartOf\":{\"@id\":\"https:\\\/\\\/www.webdo.tn\\\/fr\\\/actualite\\\/national\\\/tunisie-greve-a-la-compagnie-des-phosphates-de-gafsa-les-25-et-26-decembre\\\/218329\\\/\"},\"author\":{\"name\":\"MC\",\"@id\":\"https:\\\/\\\/www.webdo.tn\\\/fr\\\/#\\\/schema\\\/person\\\/2c4929cbf5a809e3bd38617c6ce150f6\"},\"headline\":\"Tunisie : Gr\u00e8ve \u00e0 la Compagnie des Phosphates de Gafsa les 25 et 26 d\u00e9cembre\",\"datePublished\":\"2024-12-13T14:30:00+00:00\",\"dateModified\":\"2025-05-20T21:45:29+00:00\",\"mainEntityOfPage\":{\"@id\":\"https:\\\/\\\/www.webdo.tn\\\/fr\\\/actualite\\\/national\\\/tunisie-greve-a-la-compagnie-des-phosphates-de-gafsa-les-25-et-26-decembre\\\/218329\\\/\"},\"wordCount\":227,\"commentCount\":0,\"publisher\":{\"@id\":\"https:\\\/\\\/www.webdo.tn\\\/fr\\\/#organization\"},\"image\":{\"@id\":\"https:\\\/\\\/www.webdo.tn\\\/fr\\\/actualite\\\/national\\\/tunisie-greve-a-la-compagnie-des-phosphates-de-gafsa-les-25-et-26-decembre\\\/218329\\\/#primaryimage\"},\"thumbnailUrl\":\"https:\\\/\\\/www.webdo.tn\\\/fr\\\/wp-content\\\/uploads\\\/2025\\\/05\\\/1767ccdc9ca77c65cb872d0ad0365f12-2.webp\",\"keywords\":[\"CPG\",\"Gafsa\",\"Gr\u00e8ve\",\"Phosphates\",\"Tunisie\"],\"articleSection\":[\"National\"],\"inLanguage\":\"fr-FR\"},{\"@type\":\"WebPage\",\"@id\":\"https:\\\/\\\/www.webdo.tn\\\/fr\\\/actualite\\\/national\\\/tunisie-greve-a-la-compagnie-des-phosphates-de-gafsa-les-25-et-26-decembre\\\/218329\\\/\",\"url\":\"https:\\\/\\\/www.webdo.tn\\\/fr\\\/actualite\\\/national\\\/tunisie-greve-a-la-compagnie-des-phosphates-de-gafsa-les-25-et-26-decembre\\\/218329\\\/\",\"name\":\"Tunisie : Gr\u00e8ve \u00e0 la Compagnie des Phosphates de Gafsa les 25 et 26 d\u00e9cembre\",\"isPartOf\":{\"@id\":\"https:\\\/\\\/www.webdo.tn\\\/fr\\\/#website\"},\"primaryImageOfPage\":{\"@id\":\"https:\\\/\\\/www.webdo.tn\\\/fr\\\/actualite\\\/national\\\/tunisie-greve-a-la-compagnie-des-phosphates-de-gafsa-les-25-et-26-decembre\\\/218329\\\/#primaryimage\"},\"image\":{\"@id\":\"https:\\\/\\\/www.webdo.tn\\\/fr\\\/actualite\\\/national\\\/tunisie-greve-a-la-compagnie-des-phosphates-de-gafsa-les-25-et-26-decembre\\\/218329\\\/#primaryimage\"},\"thumbnailUrl\":\"https:\\\/\\\/www.webdo.tn\\\/fr\\\/wp-content\\\/uploads\\\/2025\\\/05\\\/1767ccdc9ca77c65cb872d0ad0365f12-2.webp\",\"datePublished\":\"2024-12-13T14:30:00+00:00\",\"dateModified\":\"2025-05-20T21:45:29+00:00\",\"description\":\"La gr\u00e8ve est pr\u00e9vue les 25 et 26 d\u00e9cembre en protestation contre l\u2019\u00e9chec des n\u00e9gociations entre la branche universitaire des mines et les repr\u00e9sentants de la di...\",\"breadcrumb\":{\"@id\":\"https:\\\/\\\/www.webdo.tn\\\/fr\\\/actualite\\\/national\\\/tunisie-greve-a-la-compagnie-des-phosphates-de-gafsa-les-25-et-26-decembre\\\/218329\\\/#breadcrumb\"},\"inLanguage\":\"fr-FR\",\"potentialAction\":[{\"@type\":\"ReadAction\",\"target\":[\"https:\\\/\\\/www.webdo.tn\\\/fr\\\/actualite\\\/national\\\/tunisie-greve-a-la-compagnie-des-phosphates-de-gafsa-les-25-et-26-decembre\\\/218329\\\/\"]}]},{\"@type\":\"ImageObject\",\"inLanguage\":\"fr-FR\",\"@id\":\"https:\\\/\\\/www.webdo.tn\\\/fr\\\/actualite\\\/national\\\/tunisie-greve-a-la-compagnie-des-phosphates-de-gafsa-les-25-et-26-decembre\\\/218329\\\/#primaryimage\",\"url\":\"https:\\\/\\\/www.webdo.tn\\\/fr\\\/wp-content\\\/uploads\\\/2025\\\/05\\\/1767ccdc9ca77c65cb872d0ad0365f12-2.webp\",\"contentUrl\":\"https:\\\/\\\/www.webdo.tn\\\/fr\\\/wp-content\\\/uploads\\\/2025\\\/05\\\/1767ccdc9ca77c65cb872d0ad0365f12-2.webp\",\"width\":648,\"height\":346},{\"@type\":\"BreadcrumbList\",\"@id\":\"https:\\\/\\\/www.webdo.tn\\\/fr\\\/actualite\\\/national\\\/tunisie-greve-a-la-compagnie-des-phosphates-de-gafsa-les-25-et-26-decembre\\\/218329\\\/#breadcrumb\",\"itemListElement\":[{\"@type\":\"ListItem\",\"position\":1,\"name\":\"Accueil\",\"item\":\"https:\\\/\\\/www.webdo.tn\\\/fr\\\/\"},{\"@type\":\"ListItem\",\"position\":2,\"name\":\"Tunisie : Gr\u00e8ve \u00e0 la Compagnie des Phosphates de Gafsa les 25 et 26 d\u00e9cembre\"}]},{\"@type\":\"WebSite\",\"@id\":\"https:\\\/\\\/www.webdo.tn\\\/fr\\\/#website\",\"url\":\"https:\\\/\\\/www.webdo.tn\\\/fr\\\/\",\"name\":\"webdo\",\"description\":\"Tunisie - News en Tunisie et \u00e0 l&#039;international sur Webdo.tn\",\"publisher\":{\"@id\":\"https:\\\/\\\/www.webdo.tn\\\/fr\\\/#organization\"},\"potentialAction\":[{\"@type\":\"SearchAction\",\"target\":{\"@type\":\"EntryPoint\",\"urlTemplate\":\"https:\\\/\\\/www.webdo.tn\\\/fr\\\/?s={search_term_string}\"},\"query-input\":{\"@type\":\"PropertyValueSpecification\",\"valueRequired\":true,\"valueName\":\"search_term_string\"}}],\"inLanguage\":\"fr-FR\"},{\"@type\":\"Organization\",\"@id\":\"https:\\\/\\\/www.webdo.tn\\\/fr\\\/#organization\",\"name\":\"Webdo\",\"alternateName\":\"Webdo.tn\",\"url\":\"https:\\\/\\\/www.webdo.tn\\\/fr\\\/\",\"logo\":{\"@type\":\"ImageObject\",\"inLanguage\":\"fr-FR\",\"@id\":\"https:\\\/\\\/www.webdo.tn\\\/fr\\\/#\\\/schema\\\/logo\\\/image\\\/\",\"url\":\"https:\\\/\\\/www.webdo.tn\\\/fr\\\/wp-content\\\/uploads\\\/2025\\\/06\\\/Webdo-Tunisie_168377.jpg\",\"contentUrl\":\"https:\\\/\\\/www.webdo.tn\\\/fr\\\/wp-content\\\/uploads\\\/2025\\\/06\\\/Webdo-Tunisie_168377.jpg\",\"width\":301,\"height\":301,\"caption\":\"Webdo\"},\"image\":{\"@id\":\"https:\\\/\\\/www.webdo.tn\\\/fr\\\/#\\\/schema\\\/logo\\\/image\\\/\"},\"sameAs\":[\"https:\\\/\\\/www.facebook.com\\\/webdotn\",\"https:\\\/\\\/x.com\\\/webdo_tn\"],\"description\":\"Webdo est un m\u00e9dia num\u00e9rique tunisien fond\u00e9 en 2010, sp\u00e9cialis\u00e9 dans l\u2019actualit\u00e9 nationale et internationale, l\u2019\u00e9conomie, la soci\u00e9t\u00e9 et les analyses politiques. Le site s\u2019adresse \u00e0 un large public francophone et couvre l\u2019information tunisienne en temps r\u00e9el.\",\"email\":\"redac@webdo.tn\",\"legalName\":\"YNJ SARL\",\"foundingDate\":\"2010-09-06\",\"numberOfEmployees\":{\"@type\":\"QuantitativeValue\",\"minValue\":\"11\",\"maxValue\":\"50\"}},{\"@type\":\"Person\",\"@id\":\"https:\\\/\\\/www.webdo.tn\\\/fr\\\/#\\\/schema\\\/person\\\/2c4929cbf5a809e3bd38617c6ce150f6\",\"name\":\"MC\",\"image\":{\"@type\":\"ImageObject\",\"inLanguage\":\"fr-FR\",\"@id\":\"https:\\\/\\\/secure.gravatar.com\\\/avatar\\\/a545bbb6f84efdd5553dbbc2895e3ca8f1d12c5215e00a041c9670b54aa9b18a?s=96&d=mm&r=g\",\"url\":\"https:\\\/\\\/secure.gravatar.com\\\/avatar\\\/a545bbb6f84efdd5553dbbc2895e3ca8f1d12c5215e00a041c9670b54aa9b18a?s=96&d=mm&r=g\",\"contentUrl\":\"https:\\\/\\\/secure.gravatar.com\\\/avatar\\\/a545bbb6f84efdd5553dbbc2895e3ca8f1d12c5215e00a041c9670b54aa9b18a?s=96&d=mm&r=g\",\"caption\":\"MC\"},\"url\":\"https:\\\/\\\/www.webdo.tn\\\/fr\\\/actualite\\\/author\\\/mc\\\/\"}]}<\/script>\n<!-- \/ Yoast SEO Premium plugin. -->","yoast_head_json":{"title":"Tunisie : Gr\u00e8ve \u00e0 la Compagnie des Phosphates de Gafsa les 25 et 26 d\u00e9cembre","description":"La gr\u00e8ve est pr\u00e9vue les 25 et 26 d\u00e9cembre en protestation contre l\u2019\u00e9chec des n\u00e9gociations entre la branche universitaire des mines et les repr\u00e9sentants de la di...","canonical":"https:\/\/www.webdo.tn\/fr\/actualite\/national\/tunisie-greve-a-la-compagnie-des-phosphates-de-gafsa-les-25-et-26-decembre\/218329\/","og_locale":"fr_FR","og_type":"article","og_title":"Tunisie : Gr\u00e8ve \u00e0 la Compagnie des Phosphates de Gafsa les 25 et 26 d\u00e9cembre","og_description":"La gr\u00e8ve est pr\u00e9vue les 25 et 26 d\u00e9cembre en protestation contre l\u2019\u00e9chec des n\u00e9gociations entre la branche universitaire des mines et les repr\u00e9sentants de la di...","og_url":"https:\/\/www.webdo.tn\/fr\/actualite\/national\/tunisie-greve-a-la-compagnie-des-phosphates-de-gafsa-les-25-et-26-decembre\/218329\/","og_site_name":"webdo","article_publisher":"https:\/\/www.facebook.com\/webdotn","article_published_time":"2024-12-13T14:30:00+00:00","article_modified_time":"2025-05-20T21:45:29+00:00","og_image":[{"width":648,"height":346,"url":"https:\/\/www.webdo.tn\/fr\/wp-content\/uploads\/2025\/05\/1767ccdc9ca77c65cb872d0ad0365f12-2.webp","type":"image\/webp"}],"author":"MC","twitter_card":"summary_large_image","twitter_creator":"@webdo_tn","twitter_site":"@webdo_tn","twitter_misc":{"\u00c9crit par":"MC","Dur\u00e9e de lecture estim\u00e9e":"1 minute"},"schema":{"@context":"https:\/\/schema.org","@graph":[{"@type":"NewsArticle","@id":"https:\/\/www.webdo.tn\/fr\/actualite\/national\/tunisie-greve-a-la-compagnie-des-phosphates-de-gafsa-les-25-et-26-decembre\/218329\/#article","isPartOf":{"@id":"https:\/\/www.webdo.tn\/fr\/actualite\/national\/tunisie-greve-a-la-compagnie-des-phosphates-de-gafsa-les-25-et-26-decembre\/218329\/"},"author":{"name":"MC","@id":"https:\/\/www.webdo.tn\/fr\/#\/schema\/person\/2c4929cbf5a809e3bd38617c6ce150f6"},"headline":"Tunisie : Gr\u00e8ve \u00e0 la Compagnie des Phosphates de Gafsa les 25 et 26 d\u00e9cembre","datePublished":"2024-12-13T14:30:00+00:00","dateModified":"2025-05-20T21:45:29+00:00","mainEntityOfPage":{"@id":"https:\/\/www.webdo.tn\/fr\/actualite\/national\/tunisie-greve-a-la-compagnie-des-phosphates-de-gafsa-les-25-et-26-decembre\/218329\/"},"wordCount":227,"commentCount":0,"publisher":{"@id":"https:\/\/www.webdo.tn\/fr\/#organization"},"image":{"@id":"https:\/\/www.webdo.tn\/fr\/actualite\/national\/tunisie-greve-a-la-compagnie-des-phosphates-de-gafsa-les-25-et-26-decembre\/218329\/#primaryimage"},"thumbnailUrl":"https:\/\/www.webdo.tn\/fr\/wp-content\/uploads\/2025\/05\/1767ccdc9ca77c65cb872d0ad0365f12-2.webp","keywords":["CPG","Gafsa","Gr\u00e8ve","Phosphates","Tunisie"],"articleSection":["National"],"inLanguage":"fr-FR"},{"@type":"WebPage","@id":"https:\/\/www.webdo.tn\/fr\/actualite\/national\/tunisie-greve-a-la-compagnie-des-phosphates-de-gafsa-les-25-et-26-decembre\/218329\/","url":"https:\/\/www.webdo.tn\/fr\/actualite\/national\/tunisie-greve-a-la-compagnie-des-phosphates-de-gafsa-les-25-et-26-decembre\/218329\/","name":"Tunisie : Gr\u00e8ve \u00e0 la Compagnie des Phosphates de Gafsa les 25 et 26 d\u00e9cembre","isPartOf":{"@id":"https:\/\/www.webdo.tn\/fr\/#website"},"primaryImageOfPage":{"@id":"https:\/\/www.webdo.tn\/fr\/actualite\/national\/tunisie-greve-a-la-compagnie-des-phosphates-de-gafsa-les-25-et-26-decembre\/218329\/#primaryimage"},"image":{"@id":"https:\/\/www.webdo.tn\/fr\/actualite\/national\/tunisie-greve-a-la-compagnie-des-phosphates-de-gafsa-les-25-et-26-decembre\/218329\/#primaryimage"},"thumbnailUrl":"https:\/\/www.webdo.tn\/fr\/wp-content\/uploads\/2025\/05\/1767ccdc9ca77c65cb872d0ad0365f12-2.webp","datePublished":"2024-12-13T14:30:00+00:00","dateModified":"2025-05-20T21:45:29+00:00","description":"La gr\u00e8ve est pr\u00e9vue les 25 et 26 d\u00e9cembre en protestation contre l\u2019\u00e9chec des n\u00e9gociations entre la branche universitaire des mines et les repr\u00e9sentants de la di...","breadcrumb":{"@id":"https:\/\/www.webdo.tn\/fr\/actualite\/national\/tunisie-greve-a-la-compagnie-des-phosphates-de-gafsa-les-25-et-26-decembre\/218329\/#breadcrumb"},"inLanguage":"fr-FR","potentialAction":[{"@type":"ReadAction","target":["https:\/\/www.webdo.tn\/fr\/actualite\/national\/tunisie-greve-a-la-compagnie-des-phosphates-de-gafsa-les-25-et-26-decembre\/218329\/"]}]},{"@type":"ImageObject","inLanguage":"fr-FR","@id":"https:\/\/www.webdo.tn\/fr\/actualite\/national\/tunisie-greve-a-la-compagnie-des-phosphates-de-gafsa-les-25-et-26-decembre\/218329\/#primaryimage","url":"https:\/\/www.webdo.tn\/fr\/wp-content\/uploads\/2025\/05\/1767ccdc9ca77c65cb872d0ad0365f12-2.webp","contentUrl":"https:\/\/www.webdo.tn\/fr\/wp-content\/uploads\/2025\/05\/1767ccdc9ca77c65cb872d0ad0365f12-2.webp","width":648,"height":346},{"@type":"BreadcrumbList","@id":"https:\/\/www.webdo.tn\/fr\/actualite\/national\/tunisie-greve-a-la-compagnie-des-phosphates-de-gafsa-les-25-et-26-decembre\/218329\/#breadcrumb","itemListElement":[{"@type":"ListItem","position":1,"name":"Accueil","item":"https:\/\/www.webdo.tn\/fr\/"},{"@type":"ListItem","position":2,"name":"Tunisie : Gr\u00e8ve \u00e0 la Compagnie des Phosphates de Gafsa les 25 et 26 d\u00e9cembre"}]},{"@type":"WebSite","@id":"https:\/\/www.webdo.tn\/fr\/#website","url":"https:\/\/www.webdo.tn\/fr\/","name":"webdo","description":"Tunisie - News en Tunisie et \u00e0 l&#039;international sur Webdo.tn","publisher":{"@id":"https:\/\/www.webdo.tn\/fr\/#organization"},"potentialAction":[{"@type":"SearchAction","target":{"@type":"EntryPoint","urlTemplate":"https:\/\/www.webdo.tn\/fr\/?s={search_term_string}"},"query-input":{"@type":"PropertyValueSpecification","valueRequired":true,"valueName":"search_term_string"}}],"inLanguage":"fr-FR"},{"@type":"Organization","@id":"https:\/\/www.webdo.tn\/fr\/#organization","name":"Webdo","alternateName":"Webdo.tn","url":"https:\/\/www.webdo.tn\/fr\/","logo":{"@type":"ImageObject","inLanguage":"fr-FR","@id":"https:\/\/www.webdo.tn\/fr\/#\/schema\/logo\/image\/","url":"https:\/\/www.webdo.tn\/fr\/wp-content\/uploads\/2025\/06\/Webdo-Tunisie_168377.jpg","contentUrl":"https:\/\/www.webdo.tn\/fr\/wp-content\/uploads\/2025\/06\/Webdo-Tunisie_168377.jpg","width":301,"height":301,"caption":"Webdo"},"image":{"@id":"https:\/\/www.webdo.tn\/fr\/#\/schema\/logo\/image\/"},"sameAs":["https:\/\/www.facebook.com\/webdotn","https:\/\/x.com\/webdo_tn"],"description":"Webdo est un m\u00e9dia num\u00e9rique tunisien fond\u00e9 en 2010, sp\u00e9cialis\u00e9 dans l\u2019actualit\u00e9 nationale et internationale, l\u2019\u00e9conomie, la soci\u00e9t\u00e9 et les analyses politiques. Le site s\u2019adresse \u00e0 un large public francophone et couvre l\u2019information tunisienne en temps r\u00e9el.","email":"redac@webdo.tn","legalName":"YNJ SARL","foundingDate":"2010-09-06","numberOfEmployees":{"@type":"QuantitativeValue","minValue":"11","maxValue":"50"}},{"@type":"Person","@id":"https:\/\/www.webdo.tn\/fr\/#\/schema\/person\/2c4929cbf5a809e3bd38617c6ce150f6","name":"MC","image":{"@type":"ImageObject","inLanguage":"fr-FR","@id":"https:\/\/secure.gravatar.com\/avatar\/a545bbb6f84efdd5553dbbc2895e3ca8f1d12c5215e00a041c9670b54aa9b18a?s=96&d=mm&r=g","url":"https:\/\/secure.gravatar.com\/avatar\/a545bbb6f84efdd5553dbbc2895e3ca8f1d12c5215e00a041c9670b54aa9b18a?s=96&d=mm&r=g","contentUrl":"https:\/\/secure.gravatar.com\/avatar\/a545bbb6f84efdd5553dbbc2895e3ca8f1d12c5215e00a041c9670b54aa9b18a?s=96&d=mm&r=g","caption":"MC"},"url":"https:\/\/www.webdo.tn\/fr\/actualite\/author\/mc\/"}]}},"_links":{"self":[{"href":"https:\/\/www.webdo.tn\/fr\/wp-json\/wp\/v2\/posts\/218329","targetHints":{"allow":["GET"]}}],"collection":[{"href":"https:\/\/www.webdo.tn\/fr\/wp-json\/wp\/v2\/posts"}],"about":[{"href":"https:\/\/www.webdo.tn\/fr\/wp-json\/wp\/v2\/types\/post"}],"author":[{"embeddable":true,"href":"https:\/\/www.webdo.tn\/fr\/wp-json\/wp\/v2\/users\/3162"}],"replies":[{"embeddable":true,"href":"https:\/\/www.webdo.tn\/fr\/wp-json\/wp\/v2\/comments?post=218329"}],"version-history":[{"count":0,"href":"https:\/\/www.webdo.tn\/fr\/wp-json\/wp\/v2\/posts\/218329\/revisions"}],"wp:featuredmedia":[{"embeddable":true,"href":"https:\/\/www.webdo.tn\/fr\/wp-json\/wp\/v2\/media\/243482"}],"wp:attachment":[{"href":"https:\/\/www.webdo.tn\/fr\/wp-json\/wp\/v2\/media?parent=218329"}],"wp:term":[{"taxonomy":"category","embeddable":true,"href":"https:\/\/www.webdo.tn\/fr\/wp-json\/wp\/v2\/categories?post=218329"},{"taxonomy":"post_tag","embeddable":true,"href":"https:\/\/www.webdo.tn\/fr\/wp-json\/wp\/v2\/tags?post=218329"}],"curies":[{"name":"wp","href":"https:\/\/api.w.org\/{rel}","templated":true}]}}