{"id":218328,"date":"2024-12-13T14:33:00","date_gmt":"2024-12-13T14:33:00","guid":{"rendered":"https:\/\/www.webdo.tn\/fr\/blog\/tunisie-lpf-2025-fonds-de-garantie-des-victimes-des-accidents-de-la-route\/218328\/"},"modified":"2025-05-20T22:22:12","modified_gmt":"2025-05-20T22:22:12","slug":"tunisie-lpf-2025-fonds-de-garantie-des-victimes-des-accidents-de-la-route","status":"publish","type":"post","link":"https:\/\/www.webdo.tn\/fr\/actualite\/national\/tunisie-lpf-2025-fonds-de-garantie-des-victimes-des-accidents-de-la-route\/218328\/","title":{"rendered":"Tunisie \u2013 LF 2025 : Fonds de garantie des victimes des accidents de la route"},"content":{"rendered":"<p>La r\u00e9cente loi de finances 2025, publi\u00e9e au Journal officiel de la R\u00e9publique tunisienne, a introduit, \u00e0 travers l&rsquo;article 18, un compte sp\u00e9cial au Tr\u00e9sor intitul\u00e9 \u00ab Fonds de garantie des victimes des accidents de la route \u00bb.<\/p>\n<p>\t\t\t\t\t\t\t\t\tCet article stipule qu&rsquo;un compte sp\u00e9cial, d\u00e9sign\u00e9 \u00ab Fonds de garantie des victimes des accidents de la route \u00bb, sera ouvert dans les registres du Tr\u00e9sorier g\u00e9n\u00e9ral de Tunisie.\u00a0<\/p>\n<p>Ce compte sera charg\u00e9 de verser les indemnisations dues aux victimes des accidents de la route ayant caus\u00e9 des pr\u00e9judices corporels, ou \u00e0 leurs ayants droit en cas de d\u00e9c\u00e8s, lorsque ces accidents surviennent sur le territoire de la R\u00e9publique tunisienne et impliquent des v\u00e9hicules terrestres \u00e0 moteur ou leurs remorques.<\/p>\n<p>Certaines exceptions sont pr\u00e9vues, notamment pour les v\u00e9hicules appartenant \u00e0 l&rsquo;\u00c9tat et les v\u00e9hicules circulant sur des voies ferr\u00e9es, dans plusieurs situations, telles que l&rsquo;impossibilit\u00e9 d&rsquo;identifier le responsable de l&rsquo;accident, l&rsquo;absence d&rsquo;un contrat d&rsquo;assurance valide (notamment \u00e0 l&rsquo;expiration de la validit\u00e9 d&rsquo;un contrat \u00e0 dur\u00e9e limit\u00e9e ou en cas de non-souscription d&rsquo;une assurance), ou encore la nullit\u00e9 d&rsquo;un contrat d&rsquo;assurance.<\/p>\n<p>Le ministre charg\u00e9 des Domaines de l&rsquo;\u00c9tat est habilit\u00e9 \u00e0 autoriser les d\u00e9penses li\u00e9es \u00e0 ce compte. Ces d\u00e9penses rev\u00eatent un caract\u00e8re estimatif, et les conditions et modalit\u00e9s d&rsquo;intervention du \u00ab Fonds de garantie des victimes des accidents de la route \u00bb seront fix\u00e9es par d\u00e9cret.<\/p>\n","protected":false},"excerpt":{"rendered":"<p>Cet article stipule qu&rsquo;un compte sp\u00e9cial, d\u00e9sign\u00e9 \u00ab Fonds de garantie des victimes des accidents de la route \u00bb, sera ouvert dans les registres du Tr\u00e9sorier g\u00e9n\u00e9&#8230;<\/p>\n","protected":false},"author":3163,"featured_media":291536,"comment_status":"open","ping_status":"closed","sticky":false,"template":"","format":"standard","meta":{"footnotes":""},"categories":[44],"tags":[10765,3889,2773,2608],"class_list":["post-218328","post","type-post","status-publish","format-standard","has-post-thumbnail","hentry","category-national","tag-garantie","tag-accidents","tag-fonds","tag-tunisie"],"yoast_head":"<!-- This site is optimized with the Yoast SEO Premium plugin v27.5 (Yoast SEO v27.5) - https:\/\/yoast.com\/product\/yoast-seo-premium-wordpress\/ -->\n<title>Tunisie \u2013 LF 2025 : Fonds de garantie des victimes des accidents de la route<\/title>\n<meta name=\"description\" content=\"Cet article stipule qu&#039;un compte sp\u00e9cial, d\u00e9sign\u00e9 \u00ab Fonds de garantie des victimes des accidents de la route \u00bb, sera ouvert dans les registres du Tr\u00e9sorier g\u00e9n\u00e9...\" \/>\n<link rel=\"canonical\" href=\"https:\/\/www.webdo.tn\/fr\/actualite\/national\/tunisie-lpf-2025-fonds-de-garantie-des-victimes-des-accidents-de-la-route\/218328\/\" \/>\n<meta property=\"og:locale\" content=\"fr_FR\" \/>\n<meta property=\"og:type\" content=\"article\" \/>\n<meta property=\"og:title\" content=\"Tunisie \u2013 LF 2025 : Fonds de garantie des victimes des accidents de la route\" \/>\n<meta property=\"og:description\" content=\"Cet article stipule qu&#039;un compte sp\u00e9cial, d\u00e9sign\u00e9 \u00ab Fonds de garantie des victimes des accidents de la route \u00bb, sera ouvert dans les registres du Tr\u00e9sorier g\u00e9n\u00e9...\" \/>\n<meta property=\"og:url\" content=\"https:\/\/www.webdo.tn\/fr\/actualite\/national\/tunisie-lpf-2025-fonds-de-garantie-des-victimes-des-accidents-de-la-route\/218328\/\" \/>\n<meta property=\"og:site_name\" content=\"webdo\" \/>\n<meta property=\"article:publisher\" content=\"https:\/\/www.facebook.com\/webdotn\" \/>\n<meta property=\"article:published_time\" content=\"2024-12-13T14:33:00+00:00\" \/>\n<meta property=\"article:modified_time\" content=\"2025-05-20T22:22:12+00:00\" \/>\n<meta property=\"og:image\" content=\"https:\/\/www.webdo.tn\/fr\/wp-content\/uploads\/2024\/12\/a721d39f39521bd8de15e13f334333d0.webp\" \/>\n\t<meta property=\"og:image:width\" content=\"750\" \/>\n\t<meta property=\"og:image:height\" content=\"400\" \/>\n\t<meta property=\"og:image:type\" content=\"image\/webp\" \/>\n<meta name=\"author\" content=\"KJ\" \/>\n<meta name=\"twitter:card\" content=\"summary_large_image\" \/>\n<meta name=\"twitter:creator\" content=\"@webdo_tn\" \/>\n<meta name=\"twitter:site\" content=\"@webdo_tn\" \/>\n<meta name=\"twitter:label1\" content=\"\u00c9crit par\" \/>\n\t<meta name=\"twitter:data1\" content=\"KJ\" \/>\n\t<meta name=\"twitter:label2\" content=\"Dur\u00e9e de lecture estim\u00e9e\" \/>\n\t<meta name=\"twitter:data2\" content=\"1 minute\" \/>\n<script type=\"application\/ld+json\" class=\"yoast-schema-graph\">{\"@context\":\"https:\\\/\\\/schema.org\",\"@graph\":[{\"@type\":\"NewsArticle\",\"@id\":\"https:\\\/\\\/www.webdo.tn\\\/fr\\\/actualite\\\/national\\\/tunisie-lpf-2025-fonds-de-garantie-des-victimes-des-accidents-de-la-route\\\/218328\\\/#article\",\"isPartOf\":{\"@id\":\"https:\\\/\\\/www.webdo.tn\\\/fr\\\/actualite\\\/national\\\/tunisie-lpf-2025-fonds-de-garantie-des-victimes-des-accidents-de-la-route\\\/218328\\\/\"},\"author\":{\"name\":\"KJ\",\"@id\":\"https:\\\/\\\/www.webdo.tn\\\/fr\\\/#\\\/schema\\\/person\\\/82ca085b22037d285e1a3c4b65ba5f71\"},\"headline\":\"Tunisie \u2013 LF 2025 : Fonds de garantie des victimes des accidents de la route\",\"datePublished\":\"2024-12-13T14:33:00+00:00\",\"dateModified\":\"2025-05-20T22:22:12+00:00\",\"mainEntityOfPage\":{\"@id\":\"https:\\\/\\\/www.webdo.tn\\\/fr\\\/actualite\\\/national\\\/tunisie-lpf-2025-fonds-de-garantie-des-victimes-des-accidents-de-la-route\\\/218328\\\/\"},\"wordCount\":265,\"commentCount\":0,\"publisher\":{\"@id\":\"https:\\\/\\\/www.webdo.tn\\\/fr\\\/#organization\"},\"image\":{\"@id\":\"https:\\\/\\\/www.webdo.tn\\\/fr\\\/actualite\\\/national\\\/tunisie-lpf-2025-fonds-de-garantie-des-victimes-des-accidents-de-la-route\\\/218328\\\/#primaryimage\"},\"thumbnailUrl\":\"https:\\\/\\\/www.webdo.tn\\\/fr\\\/wp-content\\\/uploads\\\/2024\\\/12\\\/a721d39f39521bd8de15e13f334333d0.webp\",\"keywords\":[\"'garantie']\",\"accidents\",\"fonds\",\"Tunisie\"],\"articleSection\":[\"National\"],\"inLanguage\":\"fr-FR\"},{\"@type\":\"WebPage\",\"@id\":\"https:\\\/\\\/www.webdo.tn\\\/fr\\\/actualite\\\/national\\\/tunisie-lpf-2025-fonds-de-garantie-des-victimes-des-accidents-de-la-route\\\/218328\\\/\",\"url\":\"https:\\\/\\\/www.webdo.tn\\\/fr\\\/actualite\\\/national\\\/tunisie-lpf-2025-fonds-de-garantie-des-victimes-des-accidents-de-la-route\\\/218328\\\/\",\"name\":\"Tunisie \u2013 LF 2025 : Fonds de garantie des victimes des accidents de la route\",\"isPartOf\":{\"@id\":\"https:\\\/\\\/www.webdo.tn\\\/fr\\\/#website\"},\"primaryImageOfPage\":{\"@id\":\"https:\\\/\\\/www.webdo.tn\\\/fr\\\/actualite\\\/national\\\/tunisie-lpf-2025-fonds-de-garantie-des-victimes-des-accidents-de-la-route\\\/218328\\\/#primaryimage\"},\"image\":{\"@id\":\"https:\\\/\\\/www.webdo.tn\\\/fr\\\/actualite\\\/national\\\/tunisie-lpf-2025-fonds-de-garantie-des-victimes-des-accidents-de-la-route\\\/218328\\\/#primaryimage\"},\"thumbnailUrl\":\"https:\\\/\\\/www.webdo.tn\\\/fr\\\/wp-content\\\/uploads\\\/2024\\\/12\\\/a721d39f39521bd8de15e13f334333d0.webp\",\"datePublished\":\"2024-12-13T14:33:00+00:00\",\"dateModified\":\"2025-05-20T22:22:12+00:00\",\"description\":\"Cet article stipule qu'un compte sp\u00e9cial, d\u00e9sign\u00e9 \u00ab Fonds de garantie des victimes des accidents de la route \u00bb, sera ouvert dans les registres du Tr\u00e9sorier g\u00e9n\u00e9...\",\"breadcrumb\":{\"@id\":\"https:\\\/\\\/www.webdo.tn\\\/fr\\\/actualite\\\/national\\\/tunisie-lpf-2025-fonds-de-garantie-des-victimes-des-accidents-de-la-route\\\/218328\\\/#breadcrumb\"},\"inLanguage\":\"fr-FR\",\"potentialAction\":[{\"@type\":\"ReadAction\",\"target\":[\"https:\\\/\\\/www.webdo.tn\\\/fr\\\/actualite\\\/national\\\/tunisie-lpf-2025-fonds-de-garantie-des-victimes-des-accidents-de-la-route\\\/218328\\\/\"]}]},{\"@type\":\"ImageObject\",\"inLanguage\":\"fr-FR\",\"@id\":\"https:\\\/\\\/www.webdo.tn\\\/fr\\\/actualite\\\/national\\\/tunisie-lpf-2025-fonds-de-garantie-des-victimes-des-accidents-de-la-route\\\/218328\\\/#primaryimage\",\"url\":\"https:\\\/\\\/www.webdo.tn\\\/fr\\\/wp-content\\\/uploads\\\/2024\\\/12\\\/a721d39f39521bd8de15e13f334333d0.webp\",\"contentUrl\":\"https:\\\/\\\/www.webdo.tn\\\/fr\\\/wp-content\\\/uploads\\\/2024\\\/12\\\/a721d39f39521bd8de15e13f334333d0.webp\",\"width\":750,\"height\":400,\"caption\":\"Tunisie \u2013 LF 2025 : Fonds de garantie des victimes des accidents de la route\"},{\"@type\":\"BreadcrumbList\",\"@id\":\"https:\\\/\\\/www.webdo.tn\\\/fr\\\/actualite\\\/national\\\/tunisie-lpf-2025-fonds-de-garantie-des-victimes-des-accidents-de-la-route\\\/218328\\\/#breadcrumb\",\"itemListElement\":[{\"@type\":\"ListItem\",\"position\":1,\"name\":\"Accueil\",\"item\":\"https:\\\/\\\/www.webdo.tn\\\/fr\\\/\"},{\"@type\":\"ListItem\",\"position\":2,\"name\":\"Tunisie \u2013 LF 2025 : Fonds de garantie des victimes des accidents de la route\"}]},{\"@type\":\"WebSite\",\"@id\":\"https:\\\/\\\/www.webdo.tn\\\/fr\\\/#website\",\"url\":\"https:\\\/\\\/www.webdo.tn\\\/fr\\\/\",\"name\":\"webdo\",\"description\":\"Tunisie - News en Tunisie et \u00e0 l&#039;international sur Webdo.tn\",\"publisher\":{\"@id\":\"https:\\\/\\\/www.webdo.tn\\\/fr\\\/#organization\"},\"potentialAction\":[{\"@type\":\"SearchAction\",\"target\":{\"@type\":\"EntryPoint\",\"urlTemplate\":\"https:\\\/\\\/www.webdo.tn\\\/fr\\\/?s={search_term_string}\"},\"query-input\":{\"@type\":\"PropertyValueSpecification\",\"valueRequired\":true,\"valueName\":\"search_term_string\"}}],\"inLanguage\":\"fr-FR\"},{\"@type\":\"Organization\",\"@id\":\"https:\\\/\\\/www.webdo.tn\\\/fr\\\/#organization\",\"name\":\"Webdo\",\"alternateName\":\"Webdo.tn\",\"url\":\"https:\\\/\\\/www.webdo.tn\\\/fr\\\/\",\"logo\":{\"@type\":\"ImageObject\",\"inLanguage\":\"fr-FR\",\"@id\":\"https:\\\/\\\/www.webdo.tn\\\/fr\\\/#\\\/schema\\\/logo\\\/image\\\/\",\"url\":\"https:\\\/\\\/www.webdo.tn\\\/fr\\\/wp-content\\\/uploads\\\/2025\\\/06\\\/Webdo-Tunisie_168377.jpg\",\"contentUrl\":\"https:\\\/\\\/www.webdo.tn\\\/fr\\\/wp-content\\\/uploads\\\/2025\\\/06\\\/Webdo-Tunisie_168377.jpg\",\"width\":301,\"height\":301,\"caption\":\"Webdo\"},\"image\":{\"@id\":\"https:\\\/\\\/www.webdo.tn\\\/fr\\\/#\\\/schema\\\/logo\\\/image\\\/\"},\"sameAs\":[\"https:\\\/\\\/www.facebook.com\\\/webdotn\",\"https:\\\/\\\/x.com\\\/webdo_tn\"],\"description\":\"Webdo est un m\u00e9dia num\u00e9rique tunisien fond\u00e9 en 2010, sp\u00e9cialis\u00e9 dans l\u2019actualit\u00e9 nationale et internationale, l\u2019\u00e9conomie, la soci\u00e9t\u00e9 et les analyses politiques. Le site s\u2019adresse \u00e0 un large public francophone et couvre l\u2019information tunisienne en temps r\u00e9el.\",\"email\":\"redac@webdo.tn\",\"legalName\":\"YNJ SARL\",\"foundingDate\":\"2010-09-06\",\"numberOfEmployees\":{\"@type\":\"QuantitativeValue\",\"minValue\":\"11\",\"maxValue\":\"50\"}},{\"@type\":\"Person\",\"@id\":\"https:\\\/\\\/www.webdo.tn\\\/fr\\\/#\\\/schema\\\/person\\\/82ca085b22037d285e1a3c4b65ba5f71\",\"name\":\"KJ\",\"image\":{\"@type\":\"ImageObject\",\"inLanguage\":\"fr-FR\",\"@id\":\"https:\\\/\\\/secure.gravatar.com\\\/avatar\\\/1a1320de1c1971c893f00068f760b4113d69504aa21273da17ee95650c5944fd?s=96&d=mm&r=g\",\"url\":\"https:\\\/\\\/secure.gravatar.com\\\/avatar\\\/1a1320de1c1971c893f00068f760b4113d69504aa21273da17ee95650c5944fd?s=96&d=mm&r=g\",\"contentUrl\":\"https:\\\/\\\/secure.gravatar.com\\\/avatar\\\/1a1320de1c1971c893f00068f760b4113d69504aa21273da17ee95650c5944fd?s=96&d=mm&r=g\",\"caption\":\"KJ\"},\"url\":\"https:\\\/\\\/www.webdo.tn\\\/fr\\\/actualite\\\/author\\\/kj\\\/\"}]}<\/script>\n<!-- \/ Yoast SEO Premium plugin. -->","yoast_head_json":{"title":"Tunisie \u2013 LF 2025 : Fonds de garantie des victimes des accidents de la route","description":"Cet article stipule qu'un compte sp\u00e9cial, d\u00e9sign\u00e9 \u00ab Fonds de garantie des victimes des accidents de la route \u00bb, sera ouvert dans les registres du Tr\u00e9sorier g\u00e9n\u00e9...","canonical":"https:\/\/www.webdo.tn\/fr\/actualite\/national\/tunisie-lpf-2025-fonds-de-garantie-des-victimes-des-accidents-de-la-route\/218328\/","og_locale":"fr_FR","og_type":"article","og_title":"Tunisie \u2013 LF 2025 : Fonds de garantie des victimes des accidents de la route","og_description":"Cet article stipule qu'un compte sp\u00e9cial, d\u00e9sign\u00e9 \u00ab Fonds de garantie des victimes des accidents de la route \u00bb, sera ouvert dans les registres du Tr\u00e9sorier g\u00e9n\u00e9...","og_url":"https:\/\/www.webdo.tn\/fr\/actualite\/national\/tunisie-lpf-2025-fonds-de-garantie-des-victimes-des-accidents-de-la-route\/218328\/","og_site_name":"webdo","article_publisher":"https:\/\/www.facebook.com\/webdotn","article_published_time":"2024-12-13T14:33:00+00:00","article_modified_time":"2025-05-20T22:22:12+00:00","og_image":[{"width":750,"height":400,"url":"https:\/\/www.webdo.tn\/fr\/wp-content\/uploads\/2024\/12\/a721d39f39521bd8de15e13f334333d0.webp","type":"image\/webp"}],"author":"KJ","twitter_card":"summary_large_image","twitter_creator":"@webdo_tn","twitter_site":"@webdo_tn","twitter_misc":{"\u00c9crit par":"KJ","Dur\u00e9e de lecture estim\u00e9e":"1 minute"},"schema":{"@context":"https:\/\/schema.org","@graph":[{"@type":"NewsArticle","@id":"https:\/\/www.webdo.tn\/fr\/actualite\/national\/tunisie-lpf-2025-fonds-de-garantie-des-victimes-des-accidents-de-la-route\/218328\/#article","isPartOf":{"@id":"https:\/\/www.webdo.tn\/fr\/actualite\/national\/tunisie-lpf-2025-fonds-de-garantie-des-victimes-des-accidents-de-la-route\/218328\/"},"author":{"name":"KJ","@id":"https:\/\/www.webdo.tn\/fr\/#\/schema\/person\/82ca085b22037d285e1a3c4b65ba5f71"},"headline":"Tunisie \u2013 LF 2025 : Fonds de garantie des victimes des accidents de la route","datePublished":"2024-12-13T14:33:00+00:00","dateModified":"2025-05-20T22:22:12+00:00","mainEntityOfPage":{"@id":"https:\/\/www.webdo.tn\/fr\/actualite\/national\/tunisie-lpf-2025-fonds-de-garantie-des-victimes-des-accidents-de-la-route\/218328\/"},"wordCount":265,"commentCount":0,"publisher":{"@id":"https:\/\/www.webdo.tn\/fr\/#organization"},"image":{"@id":"https:\/\/www.webdo.tn\/fr\/actualite\/national\/tunisie-lpf-2025-fonds-de-garantie-des-victimes-des-accidents-de-la-route\/218328\/#primaryimage"},"thumbnailUrl":"https:\/\/www.webdo.tn\/fr\/wp-content\/uploads\/2024\/12\/a721d39f39521bd8de15e13f334333d0.webp","keywords":["'garantie']","accidents","fonds","Tunisie"],"articleSection":["National"],"inLanguage":"fr-FR"},{"@type":"WebPage","@id":"https:\/\/www.webdo.tn\/fr\/actualite\/national\/tunisie-lpf-2025-fonds-de-garantie-des-victimes-des-accidents-de-la-route\/218328\/","url":"https:\/\/www.webdo.tn\/fr\/actualite\/national\/tunisie-lpf-2025-fonds-de-garantie-des-victimes-des-accidents-de-la-route\/218328\/","name":"Tunisie \u2013 LF 2025 : Fonds de garantie des victimes des accidents de la route","isPartOf":{"@id":"https:\/\/www.webdo.tn\/fr\/#website"},"primaryImageOfPage":{"@id":"https:\/\/www.webdo.tn\/fr\/actualite\/national\/tunisie-lpf-2025-fonds-de-garantie-des-victimes-des-accidents-de-la-route\/218328\/#primaryimage"},"image":{"@id":"https:\/\/www.webdo.tn\/fr\/actualite\/national\/tunisie-lpf-2025-fonds-de-garantie-des-victimes-des-accidents-de-la-route\/218328\/#primaryimage"},"thumbnailUrl":"https:\/\/www.webdo.tn\/fr\/wp-content\/uploads\/2024\/12\/a721d39f39521bd8de15e13f334333d0.webp","datePublished":"2024-12-13T14:33:00+00:00","dateModified":"2025-05-20T22:22:12+00:00","description":"Cet article stipule qu'un compte sp\u00e9cial, d\u00e9sign\u00e9 \u00ab Fonds de garantie des victimes des accidents de la route \u00bb, sera ouvert dans les registres du Tr\u00e9sorier g\u00e9n\u00e9...","breadcrumb":{"@id":"https:\/\/www.webdo.tn\/fr\/actualite\/national\/tunisie-lpf-2025-fonds-de-garantie-des-victimes-des-accidents-de-la-route\/218328\/#breadcrumb"},"inLanguage":"fr-FR","potentialAction":[{"@type":"ReadAction","target":["https:\/\/www.webdo.tn\/fr\/actualite\/national\/tunisie-lpf-2025-fonds-de-garantie-des-victimes-des-accidents-de-la-route\/218328\/"]}]},{"@type":"ImageObject","inLanguage":"fr-FR","@id":"https:\/\/www.webdo.tn\/fr\/actualite\/national\/tunisie-lpf-2025-fonds-de-garantie-des-victimes-des-accidents-de-la-route\/218328\/#primaryimage","url":"https:\/\/www.webdo.tn\/fr\/wp-content\/uploads\/2024\/12\/a721d39f39521bd8de15e13f334333d0.webp","contentUrl":"https:\/\/www.webdo.tn\/fr\/wp-content\/uploads\/2024\/12\/a721d39f39521bd8de15e13f334333d0.webp","width":750,"height":400,"caption":"Tunisie \u2013 LF 2025 : Fonds de garantie des victimes des accidents de la route"},{"@type":"BreadcrumbList","@id":"https:\/\/www.webdo.tn\/fr\/actualite\/national\/tunisie-lpf-2025-fonds-de-garantie-des-victimes-des-accidents-de-la-route\/218328\/#breadcrumb","itemListElement":[{"@type":"ListItem","position":1,"name":"Accueil","item":"https:\/\/www.webdo.tn\/fr\/"},{"@type":"ListItem","position":2,"name":"Tunisie \u2013 LF 2025 : Fonds de garantie des victimes des accidents de la route"}]},{"@type":"WebSite","@id":"https:\/\/www.webdo.tn\/fr\/#website","url":"https:\/\/www.webdo.tn\/fr\/","name":"webdo","description":"Tunisie - News en Tunisie et \u00e0 l&#039;international sur Webdo.tn","publisher":{"@id":"https:\/\/www.webdo.tn\/fr\/#organization"},"potentialAction":[{"@type":"SearchAction","target":{"@type":"EntryPoint","urlTemplate":"https:\/\/www.webdo.tn\/fr\/?s={search_term_string}"},"query-input":{"@type":"PropertyValueSpecification","valueRequired":true,"valueName":"search_term_string"}}],"inLanguage":"fr-FR"},{"@type":"Organization","@id":"https:\/\/www.webdo.tn\/fr\/#organization","name":"Webdo","alternateName":"Webdo.tn","url":"https:\/\/www.webdo.tn\/fr\/","logo":{"@type":"ImageObject","inLanguage":"fr-FR","@id":"https:\/\/www.webdo.tn\/fr\/#\/schema\/logo\/image\/","url":"https:\/\/www.webdo.tn\/fr\/wp-content\/uploads\/2025\/06\/Webdo-Tunisie_168377.jpg","contentUrl":"https:\/\/www.webdo.tn\/fr\/wp-content\/uploads\/2025\/06\/Webdo-Tunisie_168377.jpg","width":301,"height":301,"caption":"Webdo"},"image":{"@id":"https:\/\/www.webdo.tn\/fr\/#\/schema\/logo\/image\/"},"sameAs":["https:\/\/www.facebook.com\/webdotn","https:\/\/x.com\/webdo_tn"],"description":"Webdo est un m\u00e9dia num\u00e9rique tunisien fond\u00e9 en 2010, sp\u00e9cialis\u00e9 dans l\u2019actualit\u00e9 nationale et internationale, l\u2019\u00e9conomie, la soci\u00e9t\u00e9 et les analyses politiques. Le site s\u2019adresse \u00e0 un large public francophone et couvre l\u2019information tunisienne en temps r\u00e9el.","email":"redac@webdo.tn","legalName":"YNJ SARL","foundingDate":"2010-09-06","numberOfEmployees":{"@type":"QuantitativeValue","minValue":"11","maxValue":"50"}},{"@type":"Person","@id":"https:\/\/www.webdo.tn\/fr\/#\/schema\/person\/82ca085b22037d285e1a3c4b65ba5f71","name":"KJ","image":{"@type":"ImageObject","inLanguage":"fr-FR","@id":"https:\/\/secure.gravatar.com\/avatar\/1a1320de1c1971c893f00068f760b4113d69504aa21273da17ee95650c5944fd?s=96&d=mm&r=g","url":"https:\/\/secure.gravatar.com\/avatar\/1a1320de1c1971c893f00068f760b4113d69504aa21273da17ee95650c5944fd?s=96&d=mm&r=g","contentUrl":"https:\/\/secure.gravatar.com\/avatar\/1a1320de1c1971c893f00068f760b4113d69504aa21273da17ee95650c5944fd?s=96&d=mm&r=g","caption":"KJ"},"url":"https:\/\/www.webdo.tn\/fr\/actualite\/author\/kj\/"}]}},"_links":{"self":[{"href":"https:\/\/www.webdo.tn\/fr\/wp-json\/wp\/v2\/posts\/218328","targetHints":{"allow":["GET"]}}],"collection":[{"href":"https:\/\/www.webdo.tn\/fr\/wp-json\/wp\/v2\/posts"}],"about":[{"href":"https:\/\/www.webdo.tn\/fr\/wp-json\/wp\/v2\/types\/post"}],"author":[{"embeddable":true,"href":"https:\/\/www.webdo.tn\/fr\/wp-json\/wp\/v2\/users\/3163"}],"replies":[{"embeddable":true,"href":"https:\/\/www.webdo.tn\/fr\/wp-json\/wp\/v2\/comments?post=218328"}],"version-history":[{"count":0,"href":"https:\/\/www.webdo.tn\/fr\/wp-json\/wp\/v2\/posts\/218328\/revisions"}],"wp:featuredmedia":[{"embeddable":true,"href":"https:\/\/www.webdo.tn\/fr\/wp-json\/wp\/v2\/media\/291536"}],"wp:attachment":[{"href":"https:\/\/www.webdo.tn\/fr\/wp-json\/wp\/v2\/media?parent=218328"}],"wp:term":[{"taxonomy":"category","embeddable":true,"href":"https:\/\/www.webdo.tn\/fr\/wp-json\/wp\/v2\/categories?post=218328"},{"taxonomy":"post_tag","embeddable":true,"href":"https:\/\/www.webdo.tn\/fr\/wp-json\/wp\/v2\/tags?post=218328"}],"curies":[{"name":"wp","href":"https:\/\/api.w.org\/{rel}","templated":true}]}}