{"id":218324,"date":"2024-12-13T12:51:00","date_gmt":"2024-12-13T12:51:00","guid":{"rendered":"https:\/\/www.webdo.tn\/fr\/blog\/2024\/12\/13\/france-francois-bayrou-nomme-premier-ministre\/"},"modified":"2025-05-20T22:21:12","modified_gmt":"2025-05-20T22:21:12","slug":"france-francois-bayrou-nomme-premier-ministre","status":"publish","type":"post","link":"https:\/\/www.webdo.tn\/fr\/actualite\/international\/france-francois-bayrou-nomme-premier-ministre\/218324\/","title":{"rendered":"France : Fran\u00e7ois Bayrou nomm\u00e9 Premier ministre"},"content":{"rendered":"<p>Le pr\u00e9sident fran\u00e7ais Emmanuel Macron vient de nommer Fran\u00e7ois Bayrou Premier ministre, annonce l&rsquo;\u00c9lys\u00e9e. Une nomination qui intervient pr\u00e8s de dix jours apr\u00e8s la chute du gouvernement de Michel Barnier.\u00a0<\/p>\n<p>\t\t\t\t\t\t\t\t\tFran\u00e7ois Bayrou est un homme politique fran\u00e7ais n\u00e9 le 25 mai 1951 \u00e0 Bord\u00e8res, dans les Pyr\u00e9n\u00e9es-Atlantiques. Il est une figure centrale de la vie politique fran\u00e7aise, connu pour sa long\u00e9vit\u00e9 et son positionnement centriste.<\/p>\n<p>Bayrou commence sa carri\u00e8re en politique en s\u2019engageant dans le Mouvement R\u00e9formateur, un parti centriste. Il devient membre de l\u2019Union pour la D\u00e9mocratie Fran\u00e7aise (UDF), fond\u00e9e par Val\u00e9ry Giscard d\u2019Estaing, o\u00f9 il joue un r\u00f4le important.<\/p>\n<p>Son ascension politique culmine lorsqu\u2019il devient ministre de l\u2019\u00c9ducation nationale entre 1993 et 1997. Pendant son mandat, il entreprend des r\u00e9formes marquantes, bien que controvers\u00e9es, notamment sur le financement des \u00e9coles priv\u00e9es.<\/p>\n<p>En 2017, Fran\u00e7ois Bayrou joue un r\u00f4le cl\u00e9 dans l\u2019\u00e9lection d\u2019Emmanuel Macron en lui apportant son soutien. Cet appui marque un tournant strat\u00e9gique, scellant une alliance entre le MoDem et La R\u00e9publique En Marche. En 2020, il est nomm\u00e9 Haut-commissaire au Plan, une fonction destin\u00e9e \u00e0 r\u00e9fl\u00e9chir aux orientations strat\u00e9giques de la France sur le long terme.<\/p>\n","protected":false},"excerpt":{"rendered":"<p>Fran\u00e7ois Bayrou est un homme politique fran\u00e7ais n\u00e9 le 25 mai 1951 \u00e0 Bord\u00e8res, dans les Pyr\u00e9n\u00e9es-Atlantiques. Il est une figure centrale de la vie politique fran&#8230;<\/p>\n","protected":false},"author":3163,"featured_media":243472,"comment_status":"open","ping_status":"open","sticky":false,"template":"","format":"standard","meta":{"footnotes":""},"categories":[2598],"tags":[2998,4739,2651],"class_list":["post-218324","post","type-post","status-publish","format-standard","has-post-thumbnail","hentry","category-international","tag-france","tag-francois-bayrou","tag-gouvernement"],"yoast_head":"<!-- This site is optimized with the Yoast SEO Premium plugin v27.5 (Yoast SEO v27.5) - https:\/\/yoast.com\/product\/yoast-seo-premium-wordpress\/ -->\n<title>France : Fran\u00e7ois Bayrou nomm\u00e9 Premier ministre<\/title>\n<meta name=\"description\" content=\"Fran\u00e7ois Bayrou est un homme politique fran\u00e7ais n\u00e9 le 25 mai 1951 \u00e0 Bord\u00e8res, dans les Pyr\u00e9n\u00e9es-Atlantiques. Il est une figure centrale de la vie politique fran...\" \/>\n<link rel=\"canonical\" href=\"https:\/\/www.webdo.tn\/fr\/actualite\/international\/france-francois-bayrou-nomme-premier-ministre\/218324\/\" \/>\n<meta property=\"og:locale\" content=\"fr_FR\" \/>\n<meta property=\"og:type\" content=\"article\" \/>\n<meta property=\"og:title\" content=\"France : Fran\u00e7ois Bayrou nomm\u00e9 Premier ministre\" \/>\n<meta property=\"og:description\" content=\"Fran\u00e7ois Bayrou est un homme politique fran\u00e7ais n\u00e9 le 25 mai 1951 \u00e0 Bord\u00e8res, dans les Pyr\u00e9n\u00e9es-Atlantiques. Il est une figure centrale de la vie politique fran...\" \/>\n<meta property=\"og:url\" content=\"https:\/\/www.webdo.tn\/fr\/actualite\/international\/france-francois-bayrou-nomme-premier-ministre\/218324\/\" \/>\n<meta property=\"og:site_name\" content=\"webdo\" \/>\n<meta property=\"article:publisher\" content=\"https:\/\/www.facebook.com\/webdotn\" \/>\n<meta property=\"article:published_time\" content=\"2024-12-13T12:51:00+00:00\" \/>\n<meta property=\"article:modified_time\" content=\"2025-05-20T22:21:12+00:00\" \/>\n<meta property=\"og:image\" content=\"https:\/\/www.webdo.tn\/fr\/wp-content\/uploads\/2025\/05\/8b9c740fb7ebc1635e82e39d59ab4f58-2.webp\" \/>\n\t<meta property=\"og:image:width\" content=\"750\" \/>\n\t<meta property=\"og:image:height\" content=\"400\" \/>\n\t<meta property=\"og:image:type\" content=\"image\/webp\" \/>\n<meta name=\"author\" content=\"KJ\" \/>\n<meta name=\"twitter:card\" content=\"summary_large_image\" \/>\n<meta name=\"twitter:creator\" content=\"@webdo_tn\" \/>\n<meta name=\"twitter:site\" content=\"@webdo_tn\" \/>\n<meta name=\"twitter:label1\" content=\"\u00c9crit par\" \/>\n\t<meta name=\"twitter:data1\" content=\"KJ\" \/>\n\t<meta name=\"twitter:label2\" content=\"Dur\u00e9e de lecture estim\u00e9e\" \/>\n\t<meta name=\"twitter:data2\" content=\"1 minute\" \/>\n<script type=\"application\/ld+json\" class=\"yoast-schema-graph\">{\"@context\":\"https:\\\/\\\/schema.org\",\"@graph\":[{\"@type\":\"NewsArticle\",\"@id\":\"https:\\\/\\\/www.webdo.tn\\\/fr\\\/actualite\\\/international\\\/france-francois-bayrou-nomme-premier-ministre\\\/218324\\\/#article\",\"isPartOf\":{\"@id\":\"https:\\\/\\\/www.webdo.tn\\\/fr\\\/actualite\\\/international\\\/france-francois-bayrou-nomme-premier-ministre\\\/218324\\\/\"},\"author\":{\"name\":\"KJ\",\"@id\":\"https:\\\/\\\/www.webdo.tn\\\/fr\\\/#\\\/schema\\\/person\\\/82ca085b22037d285e1a3c4b65ba5f71\"},\"headline\":\"France : Fran\u00e7ois Bayrou nomm\u00e9 Premier ministre\",\"datePublished\":\"2024-12-13T12:51:00+00:00\",\"dateModified\":\"2025-05-20T22:21:12+00:00\",\"mainEntityOfPage\":{\"@id\":\"https:\\\/\\\/www.webdo.tn\\\/fr\\\/actualite\\\/international\\\/france-francois-bayrou-nomme-premier-ministre\\\/218324\\\/\"},\"wordCount\":228,\"commentCount\":0,\"publisher\":{\"@id\":\"https:\\\/\\\/www.webdo.tn\\\/fr\\\/#organization\"},\"image\":{\"@id\":\"https:\\\/\\\/www.webdo.tn\\\/fr\\\/actualite\\\/international\\\/france-francois-bayrou-nomme-premier-ministre\\\/218324\\\/#primaryimage\"},\"thumbnailUrl\":\"https:\\\/\\\/www.webdo.tn\\\/fr\\\/wp-content\\\/uploads\\\/2025\\\/05\\\/8b9c740fb7ebc1635e82e39d59ab4f58-2.webp\",\"keywords\":[\"france\",\"Fran\u00e7ois Bayrou\",\"gouvernement\"],\"articleSection\":[\"International\"],\"inLanguage\":\"fr-FR\"},{\"@type\":\"WebPage\",\"@id\":\"https:\\\/\\\/www.webdo.tn\\\/fr\\\/actualite\\\/international\\\/france-francois-bayrou-nomme-premier-ministre\\\/218324\\\/\",\"url\":\"https:\\\/\\\/www.webdo.tn\\\/fr\\\/actualite\\\/international\\\/france-francois-bayrou-nomme-premier-ministre\\\/218324\\\/\",\"name\":\"France : Fran\u00e7ois Bayrou nomm\u00e9 Premier ministre\",\"isPartOf\":{\"@id\":\"https:\\\/\\\/www.webdo.tn\\\/fr\\\/#website\"},\"primaryImageOfPage\":{\"@id\":\"https:\\\/\\\/www.webdo.tn\\\/fr\\\/actualite\\\/international\\\/france-francois-bayrou-nomme-premier-ministre\\\/218324\\\/#primaryimage\"},\"image\":{\"@id\":\"https:\\\/\\\/www.webdo.tn\\\/fr\\\/actualite\\\/international\\\/france-francois-bayrou-nomme-premier-ministre\\\/218324\\\/#primaryimage\"},\"thumbnailUrl\":\"https:\\\/\\\/www.webdo.tn\\\/fr\\\/wp-content\\\/uploads\\\/2025\\\/05\\\/8b9c740fb7ebc1635e82e39d59ab4f58-2.webp\",\"datePublished\":\"2024-12-13T12:51:00+00:00\",\"dateModified\":\"2025-05-20T22:21:12+00:00\",\"description\":\"Fran\u00e7ois Bayrou est un homme politique fran\u00e7ais n\u00e9 le 25 mai 1951 \u00e0 Bord\u00e8res, dans les Pyr\u00e9n\u00e9es-Atlantiques. Il est une figure centrale de la vie politique fran...\",\"breadcrumb\":{\"@id\":\"https:\\\/\\\/www.webdo.tn\\\/fr\\\/actualite\\\/international\\\/france-francois-bayrou-nomme-premier-ministre\\\/218324\\\/#breadcrumb\"},\"inLanguage\":\"fr-FR\",\"potentialAction\":[{\"@type\":\"ReadAction\",\"target\":[\"https:\\\/\\\/www.webdo.tn\\\/fr\\\/actualite\\\/international\\\/france-francois-bayrou-nomme-premier-ministre\\\/218324\\\/\"]}]},{\"@type\":\"ImageObject\",\"inLanguage\":\"fr-FR\",\"@id\":\"https:\\\/\\\/www.webdo.tn\\\/fr\\\/actualite\\\/international\\\/france-francois-bayrou-nomme-premier-ministre\\\/218324\\\/#primaryimage\",\"url\":\"https:\\\/\\\/www.webdo.tn\\\/fr\\\/wp-content\\\/uploads\\\/2025\\\/05\\\/8b9c740fb7ebc1635e82e39d59ab4f58-2.webp\",\"contentUrl\":\"https:\\\/\\\/www.webdo.tn\\\/fr\\\/wp-content\\\/uploads\\\/2025\\\/05\\\/8b9c740fb7ebc1635e82e39d59ab4f58-2.webp\",\"width\":750,\"height\":400},{\"@type\":\"BreadcrumbList\",\"@id\":\"https:\\\/\\\/www.webdo.tn\\\/fr\\\/actualite\\\/international\\\/france-francois-bayrou-nomme-premier-ministre\\\/218324\\\/#breadcrumb\",\"itemListElement\":[{\"@type\":\"ListItem\",\"position\":1,\"name\":\"Accueil\",\"item\":\"https:\\\/\\\/www.webdo.tn\\\/fr\\\/\"},{\"@type\":\"ListItem\",\"position\":2,\"name\":\"France : Fran\u00e7ois Bayrou nomm\u00e9 Premier ministre\"}]},{\"@type\":\"WebSite\",\"@id\":\"https:\\\/\\\/www.webdo.tn\\\/fr\\\/#website\",\"url\":\"https:\\\/\\\/www.webdo.tn\\\/fr\\\/\",\"name\":\"webdo\",\"description\":\"Tunisie - News en Tunisie et \u00e0 l&#039;international sur Webdo.tn\",\"publisher\":{\"@id\":\"https:\\\/\\\/www.webdo.tn\\\/fr\\\/#organization\"},\"potentialAction\":[{\"@type\":\"SearchAction\",\"target\":{\"@type\":\"EntryPoint\",\"urlTemplate\":\"https:\\\/\\\/www.webdo.tn\\\/fr\\\/?s={search_term_string}\"},\"query-input\":{\"@type\":\"PropertyValueSpecification\",\"valueRequired\":true,\"valueName\":\"search_term_string\"}}],\"inLanguage\":\"fr-FR\"},{\"@type\":\"Organization\",\"@id\":\"https:\\\/\\\/www.webdo.tn\\\/fr\\\/#organization\",\"name\":\"Webdo\",\"alternateName\":\"Webdo.tn\",\"url\":\"https:\\\/\\\/www.webdo.tn\\\/fr\\\/\",\"logo\":{\"@type\":\"ImageObject\",\"inLanguage\":\"fr-FR\",\"@id\":\"https:\\\/\\\/www.webdo.tn\\\/fr\\\/#\\\/schema\\\/logo\\\/image\\\/\",\"url\":\"https:\\\/\\\/www.webdo.tn\\\/fr\\\/wp-content\\\/uploads\\\/2025\\\/06\\\/Webdo-Tunisie_168377.jpg\",\"contentUrl\":\"https:\\\/\\\/www.webdo.tn\\\/fr\\\/wp-content\\\/uploads\\\/2025\\\/06\\\/Webdo-Tunisie_168377.jpg\",\"width\":301,\"height\":301,\"caption\":\"Webdo\"},\"image\":{\"@id\":\"https:\\\/\\\/www.webdo.tn\\\/fr\\\/#\\\/schema\\\/logo\\\/image\\\/\"},\"sameAs\":[\"https:\\\/\\\/www.facebook.com\\\/webdotn\",\"https:\\\/\\\/x.com\\\/webdo_tn\"],\"description\":\"Webdo est un m\u00e9dia num\u00e9rique tunisien fond\u00e9 en 2010, sp\u00e9cialis\u00e9 dans l\u2019actualit\u00e9 nationale et internationale, l\u2019\u00e9conomie, la soci\u00e9t\u00e9 et les analyses politiques. Le site s\u2019adresse \u00e0 un large public francophone et couvre l\u2019information tunisienne en temps r\u00e9el.\",\"email\":\"redac@webdo.tn\",\"legalName\":\"YNJ SARL\",\"foundingDate\":\"2010-09-06\",\"numberOfEmployees\":{\"@type\":\"QuantitativeValue\",\"minValue\":\"11\",\"maxValue\":\"50\"}},{\"@type\":\"Person\",\"@id\":\"https:\\\/\\\/www.webdo.tn\\\/fr\\\/#\\\/schema\\\/person\\\/82ca085b22037d285e1a3c4b65ba5f71\",\"name\":\"KJ\",\"image\":{\"@type\":\"ImageObject\",\"inLanguage\":\"fr-FR\",\"@id\":\"https:\\\/\\\/secure.gravatar.com\\\/avatar\\\/1a1320de1c1971c893f00068f760b4113d69504aa21273da17ee95650c5944fd?s=96&d=mm&r=g\",\"url\":\"https:\\\/\\\/secure.gravatar.com\\\/avatar\\\/1a1320de1c1971c893f00068f760b4113d69504aa21273da17ee95650c5944fd?s=96&d=mm&r=g\",\"contentUrl\":\"https:\\\/\\\/secure.gravatar.com\\\/avatar\\\/1a1320de1c1971c893f00068f760b4113d69504aa21273da17ee95650c5944fd?s=96&d=mm&r=g\",\"caption\":\"KJ\"},\"url\":\"https:\\\/\\\/www.webdo.tn\\\/fr\\\/actualite\\\/author\\\/kj\\\/\"}]}<\/script>\n<!-- \/ Yoast SEO Premium plugin. -->","yoast_head_json":{"title":"France : Fran\u00e7ois Bayrou nomm\u00e9 Premier ministre","description":"Fran\u00e7ois Bayrou est un homme politique fran\u00e7ais n\u00e9 le 25 mai 1951 \u00e0 Bord\u00e8res, dans les Pyr\u00e9n\u00e9es-Atlantiques. Il est une figure centrale de la vie politique fran...","canonical":"https:\/\/www.webdo.tn\/fr\/actualite\/international\/france-francois-bayrou-nomme-premier-ministre\/218324\/","og_locale":"fr_FR","og_type":"article","og_title":"France : Fran\u00e7ois Bayrou nomm\u00e9 Premier ministre","og_description":"Fran\u00e7ois Bayrou est un homme politique fran\u00e7ais n\u00e9 le 25 mai 1951 \u00e0 Bord\u00e8res, dans les Pyr\u00e9n\u00e9es-Atlantiques. Il est une figure centrale de la vie politique fran...","og_url":"https:\/\/www.webdo.tn\/fr\/actualite\/international\/france-francois-bayrou-nomme-premier-ministre\/218324\/","og_site_name":"webdo","article_publisher":"https:\/\/www.facebook.com\/webdotn","article_published_time":"2024-12-13T12:51:00+00:00","article_modified_time":"2025-05-20T22:21:12+00:00","og_image":[{"width":750,"height":400,"url":"https:\/\/www.webdo.tn\/fr\/wp-content\/uploads\/2025\/05\/8b9c740fb7ebc1635e82e39d59ab4f58-2.webp","type":"image\/webp"}],"author":"KJ","twitter_card":"summary_large_image","twitter_creator":"@webdo_tn","twitter_site":"@webdo_tn","twitter_misc":{"\u00c9crit par":"KJ","Dur\u00e9e de lecture estim\u00e9e":"1 minute"},"schema":{"@context":"https:\/\/schema.org","@graph":[{"@type":"NewsArticle","@id":"https:\/\/www.webdo.tn\/fr\/actualite\/international\/france-francois-bayrou-nomme-premier-ministre\/218324\/#article","isPartOf":{"@id":"https:\/\/www.webdo.tn\/fr\/actualite\/international\/france-francois-bayrou-nomme-premier-ministre\/218324\/"},"author":{"name":"KJ","@id":"https:\/\/www.webdo.tn\/fr\/#\/schema\/person\/82ca085b22037d285e1a3c4b65ba5f71"},"headline":"France : Fran\u00e7ois Bayrou nomm\u00e9 Premier ministre","datePublished":"2024-12-13T12:51:00+00:00","dateModified":"2025-05-20T22:21:12+00:00","mainEntityOfPage":{"@id":"https:\/\/www.webdo.tn\/fr\/actualite\/international\/france-francois-bayrou-nomme-premier-ministre\/218324\/"},"wordCount":228,"commentCount":0,"publisher":{"@id":"https:\/\/www.webdo.tn\/fr\/#organization"},"image":{"@id":"https:\/\/www.webdo.tn\/fr\/actualite\/international\/france-francois-bayrou-nomme-premier-ministre\/218324\/#primaryimage"},"thumbnailUrl":"https:\/\/www.webdo.tn\/fr\/wp-content\/uploads\/2025\/05\/8b9c740fb7ebc1635e82e39d59ab4f58-2.webp","keywords":["france","Fran\u00e7ois Bayrou","gouvernement"],"articleSection":["International"],"inLanguage":"fr-FR"},{"@type":"WebPage","@id":"https:\/\/www.webdo.tn\/fr\/actualite\/international\/france-francois-bayrou-nomme-premier-ministre\/218324\/","url":"https:\/\/www.webdo.tn\/fr\/actualite\/international\/france-francois-bayrou-nomme-premier-ministre\/218324\/","name":"France : Fran\u00e7ois Bayrou nomm\u00e9 Premier ministre","isPartOf":{"@id":"https:\/\/www.webdo.tn\/fr\/#website"},"primaryImageOfPage":{"@id":"https:\/\/www.webdo.tn\/fr\/actualite\/international\/france-francois-bayrou-nomme-premier-ministre\/218324\/#primaryimage"},"image":{"@id":"https:\/\/www.webdo.tn\/fr\/actualite\/international\/france-francois-bayrou-nomme-premier-ministre\/218324\/#primaryimage"},"thumbnailUrl":"https:\/\/www.webdo.tn\/fr\/wp-content\/uploads\/2025\/05\/8b9c740fb7ebc1635e82e39d59ab4f58-2.webp","datePublished":"2024-12-13T12:51:00+00:00","dateModified":"2025-05-20T22:21:12+00:00","description":"Fran\u00e7ois Bayrou est un homme politique fran\u00e7ais n\u00e9 le 25 mai 1951 \u00e0 Bord\u00e8res, dans les Pyr\u00e9n\u00e9es-Atlantiques. Il est une figure centrale de la vie politique fran...","breadcrumb":{"@id":"https:\/\/www.webdo.tn\/fr\/actualite\/international\/france-francois-bayrou-nomme-premier-ministre\/218324\/#breadcrumb"},"inLanguage":"fr-FR","potentialAction":[{"@type":"ReadAction","target":["https:\/\/www.webdo.tn\/fr\/actualite\/international\/france-francois-bayrou-nomme-premier-ministre\/218324\/"]}]},{"@type":"ImageObject","inLanguage":"fr-FR","@id":"https:\/\/www.webdo.tn\/fr\/actualite\/international\/france-francois-bayrou-nomme-premier-ministre\/218324\/#primaryimage","url":"https:\/\/www.webdo.tn\/fr\/wp-content\/uploads\/2025\/05\/8b9c740fb7ebc1635e82e39d59ab4f58-2.webp","contentUrl":"https:\/\/www.webdo.tn\/fr\/wp-content\/uploads\/2025\/05\/8b9c740fb7ebc1635e82e39d59ab4f58-2.webp","width":750,"height":400},{"@type":"BreadcrumbList","@id":"https:\/\/www.webdo.tn\/fr\/actualite\/international\/france-francois-bayrou-nomme-premier-ministre\/218324\/#breadcrumb","itemListElement":[{"@type":"ListItem","position":1,"name":"Accueil","item":"https:\/\/www.webdo.tn\/fr\/"},{"@type":"ListItem","position":2,"name":"France : Fran\u00e7ois Bayrou nomm\u00e9 Premier ministre"}]},{"@type":"WebSite","@id":"https:\/\/www.webdo.tn\/fr\/#website","url":"https:\/\/www.webdo.tn\/fr\/","name":"webdo","description":"Tunisie - News en Tunisie et \u00e0 l&#039;international sur Webdo.tn","publisher":{"@id":"https:\/\/www.webdo.tn\/fr\/#organization"},"potentialAction":[{"@type":"SearchAction","target":{"@type":"EntryPoint","urlTemplate":"https:\/\/www.webdo.tn\/fr\/?s={search_term_string}"},"query-input":{"@type":"PropertyValueSpecification","valueRequired":true,"valueName":"search_term_string"}}],"inLanguage":"fr-FR"},{"@type":"Organization","@id":"https:\/\/www.webdo.tn\/fr\/#organization","name":"Webdo","alternateName":"Webdo.tn","url":"https:\/\/www.webdo.tn\/fr\/","logo":{"@type":"ImageObject","inLanguage":"fr-FR","@id":"https:\/\/www.webdo.tn\/fr\/#\/schema\/logo\/image\/","url":"https:\/\/www.webdo.tn\/fr\/wp-content\/uploads\/2025\/06\/Webdo-Tunisie_168377.jpg","contentUrl":"https:\/\/www.webdo.tn\/fr\/wp-content\/uploads\/2025\/06\/Webdo-Tunisie_168377.jpg","width":301,"height":301,"caption":"Webdo"},"image":{"@id":"https:\/\/www.webdo.tn\/fr\/#\/schema\/logo\/image\/"},"sameAs":["https:\/\/www.facebook.com\/webdotn","https:\/\/x.com\/webdo_tn"],"description":"Webdo est un m\u00e9dia num\u00e9rique tunisien fond\u00e9 en 2010, sp\u00e9cialis\u00e9 dans l\u2019actualit\u00e9 nationale et internationale, l\u2019\u00e9conomie, la soci\u00e9t\u00e9 et les analyses politiques. Le site s\u2019adresse \u00e0 un large public francophone et couvre l\u2019information tunisienne en temps r\u00e9el.","email":"redac@webdo.tn","legalName":"YNJ SARL","foundingDate":"2010-09-06","numberOfEmployees":{"@type":"QuantitativeValue","minValue":"11","maxValue":"50"}},{"@type":"Person","@id":"https:\/\/www.webdo.tn\/fr\/#\/schema\/person\/82ca085b22037d285e1a3c4b65ba5f71","name":"KJ","image":{"@type":"ImageObject","inLanguage":"fr-FR","@id":"https:\/\/secure.gravatar.com\/avatar\/1a1320de1c1971c893f00068f760b4113d69504aa21273da17ee95650c5944fd?s=96&d=mm&r=g","url":"https:\/\/secure.gravatar.com\/avatar\/1a1320de1c1971c893f00068f760b4113d69504aa21273da17ee95650c5944fd?s=96&d=mm&r=g","contentUrl":"https:\/\/secure.gravatar.com\/avatar\/1a1320de1c1971c893f00068f760b4113d69504aa21273da17ee95650c5944fd?s=96&d=mm&r=g","caption":"KJ"},"url":"https:\/\/www.webdo.tn\/fr\/actualite\/author\/kj\/"}]}},"_links":{"self":[{"href":"https:\/\/www.webdo.tn\/fr\/wp-json\/wp\/v2\/posts\/218324","targetHints":{"allow":["GET"]}}],"collection":[{"href":"https:\/\/www.webdo.tn\/fr\/wp-json\/wp\/v2\/posts"}],"about":[{"href":"https:\/\/www.webdo.tn\/fr\/wp-json\/wp\/v2\/types\/post"}],"author":[{"embeddable":true,"href":"https:\/\/www.webdo.tn\/fr\/wp-json\/wp\/v2\/users\/3163"}],"replies":[{"embeddable":true,"href":"https:\/\/www.webdo.tn\/fr\/wp-json\/wp\/v2\/comments?post=218324"}],"version-history":[{"count":0,"href":"https:\/\/www.webdo.tn\/fr\/wp-json\/wp\/v2\/posts\/218324\/revisions"}],"wp:featuredmedia":[{"embeddable":true,"href":"https:\/\/www.webdo.tn\/fr\/wp-json\/wp\/v2\/media\/243472"}],"wp:attachment":[{"href":"https:\/\/www.webdo.tn\/fr\/wp-json\/wp\/v2\/media?parent=218324"}],"wp:term":[{"taxonomy":"category","embeddable":true,"href":"https:\/\/www.webdo.tn\/fr\/wp-json\/wp\/v2\/categories?post=218324"},{"taxonomy":"post_tag","embeddable":true,"href":"https:\/\/www.webdo.tn\/fr\/wp-json\/wp\/v2\/tags?post=218324"}],"curies":[{"name":"wp","href":"https:\/\/api.w.org\/{rel}","templated":true}]}}