{"id":218316,"date":"2024-12-13T08:50:00","date_gmt":"2024-12-13T08:50:00","guid":{"rendered":"https:\/\/www.webdo.tn\/fr\/blog\/2024\/12\/13\/tunisie-attention-une-epaisse-brume-sur-l-autoroute-a1\/"},"modified":"2025-05-20T22:21:10","modified_gmt":"2025-05-20T22:21:10","slug":"tunisie-attention-une-epaisse-brume-sur-l-autoroute-a1","status":"publish","type":"post","link":"https:\/\/www.webdo.tn\/fr\/actualite\/national\/tunisie-attention-une-epaisse-brume-sur-l-autoroute-a1\/218316\/","title":{"rendered":"Tunisie : Attention, une \u00e9paisse brume sur l\u2019autoroute A1"},"content":{"rendered":"<p>La direction g\u00e9n\u00e9rale de la Garde nationale informe de la pr\u00e9sence d&rsquo;une \u00e9paisse brume r\u00e9duisant la visibilit\u00e9 sur l&rsquo;autoroute A1, entre le kilom\u00e8tre 10, au niveau de la station de p\u00e9age de Mornag, et le kilom\u00e8tre 135, au niveau de Msaken &#8211; Sousse.<\/p>\n<p>\t\t\t\t\t\t\t\t\tLa direction g\u00e9n\u00e9rale de la Garde nationale informe de la pr\u00e9sence d&rsquo;une \u00e9paisse brume r\u00e9duisant la visibilit\u00e9 sur l&rsquo;autoroute A1, entre le kilom\u00e8tre 10, au niveau de la station de p\u00e9age de Mornag, et le kilom\u00e8tre 135, au niveau de Msaken &#8211; Sousse.<\/p>\n<p>A cet effet, les usagers de la route sont pri\u00e9s :<\/p>\n<p>\tDe maintenir une attention particuli\u00e8re pendant la conduite et de prendre les pr\u00e9cautions n\u00e9cessaires, notamment en adaptant leur vitesse.<br \/>\n\tDe respecter une distance de s\u00e9curit\u00e9 suffisante avec les autres v\u00e9hicules.<br \/>\n\tD&rsquo;\u00e9viter toute man\u0153uvre dangereuse et d&rsquo;utiliser les feux r\u00e9glementaires d\u00e8s que les conditions de visibilit\u00e9 l&rsquo;exigent, afin de garantir une capacit\u00e9 de r\u00e9action optimale et de garder le contr\u00f4le du v\u00e9hicule.<\/p>\n<p>Pour toute assistance, vous pouvez contacter le centre de permanence des affaires routi\u00e8res aupr\u00e8s de la direction des op\u00e9rations de la Garde nationale au num\u00e9ro suivant : 71963512 \u00a0&#8211; 71960448<\/p>\n","protected":false},"excerpt":{"rendered":"<p>La direction g\u00e9n\u00e9rale de la Garde nationale informe de la pr\u00e9sence d&rsquo;une \u00e9paisse brume r\u00e9duisant la visibilit\u00e9 sur l&rsquo;autoroute A1, entre le kilom\u00e8tre 10, au niv&#8230;<\/p>\n","protected":false},"author":3163,"featured_media":243460,"comment_status":"open","ping_status":"open","sticky":false,"template":"","format":"standard","meta":{"footnotes":""},"categories":[44],"tags":[4735,4163,4734,2608],"class_list":["post-218316","post","type-post","status-publish","format-standard","has-post-thumbnail","hentry","category-national","tag-a1","tag-autoroute","tag-brume","tag-tunisie"],"yoast_head":"<!-- This site is optimized with the Yoast SEO Premium plugin v27.5 (Yoast SEO v27.5) - https:\/\/yoast.com\/product\/yoast-seo-premium-wordpress\/ -->\n<title>Tunisie : Attention, une \u00e9paisse brume sur l\u2019autoroute A1<\/title>\n<meta name=\"description\" content=\"La direction g\u00e9n\u00e9rale de la Garde nationale informe de la pr\u00e9sence d&#039;une \u00e9paisse brume r\u00e9duisant la visibilit\u00e9 sur l&#039;autoroute A1, entre le kilom\u00e8tre 10, au niv...\" \/>\n<link rel=\"canonical\" href=\"https:\/\/www.webdo.tn\/fr\/actualite\/national\/tunisie-attention-une-epaisse-brume-sur-l-autoroute-a1\/218316\/\" \/>\n<meta property=\"og:locale\" content=\"fr_FR\" \/>\n<meta property=\"og:type\" content=\"article\" \/>\n<meta property=\"og:title\" content=\"Tunisie : Attention, une \u00e9paisse brume sur l\u2019autoroute A1\" \/>\n<meta property=\"og:description\" content=\"La direction g\u00e9n\u00e9rale de la Garde nationale informe de la pr\u00e9sence d&#039;une \u00e9paisse brume r\u00e9duisant la visibilit\u00e9 sur l&#039;autoroute A1, entre le kilom\u00e8tre 10, au niv...\" \/>\n<meta property=\"og:url\" content=\"https:\/\/www.webdo.tn\/fr\/actualite\/national\/tunisie-attention-une-epaisse-brume-sur-l-autoroute-a1\/218316\/\" \/>\n<meta property=\"og:site_name\" content=\"webdo\" \/>\n<meta property=\"article:publisher\" content=\"https:\/\/www.facebook.com\/webdotn\" \/>\n<meta property=\"article:published_time\" content=\"2024-12-13T08:50:00+00:00\" \/>\n<meta property=\"article:modified_time\" content=\"2025-05-20T22:21:10+00:00\" \/>\n<meta property=\"og:image\" content=\"https:\/\/www.webdo.tn\/fr\/wp-content\/uploads\/2025\/05\/47740f5efa460e0b8974b00a23ad6731-2.webp\" \/>\n\t<meta property=\"og:image:width\" content=\"650\" \/>\n\t<meta property=\"og:image:height\" content=\"347\" \/>\n\t<meta property=\"og:image:type\" content=\"image\/webp\" \/>\n<meta name=\"author\" content=\"KJ\" \/>\n<meta name=\"twitter:card\" content=\"summary_large_image\" \/>\n<meta name=\"twitter:creator\" content=\"@webdo_tn\" \/>\n<meta name=\"twitter:site\" content=\"@webdo_tn\" \/>\n<meta name=\"twitter:label1\" content=\"\u00c9crit par\" \/>\n\t<meta name=\"twitter:data1\" content=\"KJ\" \/>\n\t<meta name=\"twitter:label2\" content=\"Dur\u00e9e de lecture estim\u00e9e\" \/>\n\t<meta name=\"twitter:data2\" content=\"1 minute\" \/>\n<script type=\"application\/ld+json\" class=\"yoast-schema-graph\">{\"@context\":\"https:\\\/\\\/schema.org\",\"@graph\":[{\"@type\":\"NewsArticle\",\"@id\":\"https:\\\/\\\/www.webdo.tn\\\/fr\\\/actualite\\\/national\\\/tunisie-attention-une-epaisse-brume-sur-l-autoroute-a1\\\/218316\\\/#article\",\"isPartOf\":{\"@id\":\"https:\\\/\\\/www.webdo.tn\\\/fr\\\/actualite\\\/national\\\/tunisie-attention-une-epaisse-brume-sur-l-autoroute-a1\\\/218316\\\/\"},\"author\":{\"name\":\"KJ\",\"@id\":\"https:\\\/\\\/www.webdo.tn\\\/fr\\\/#\\\/schema\\\/person\\\/82ca085b22037d285e1a3c4b65ba5f71\"},\"headline\":\"Tunisie : Attention, une \u00e9paisse brume sur l\u2019autoroute A1\",\"datePublished\":\"2024-12-13T08:50:00+00:00\",\"dateModified\":\"2025-05-20T22:21:10+00:00\",\"mainEntityOfPage\":{\"@id\":\"https:\\\/\\\/www.webdo.tn\\\/fr\\\/actualite\\\/national\\\/tunisie-attention-une-epaisse-brume-sur-l-autoroute-a1\\\/218316\\\/\"},\"wordCount\":226,\"commentCount\":0,\"publisher\":{\"@id\":\"https:\\\/\\\/www.webdo.tn\\\/fr\\\/#organization\"},\"image\":{\"@id\":\"https:\\\/\\\/www.webdo.tn\\\/fr\\\/actualite\\\/national\\\/tunisie-attention-une-epaisse-brume-sur-l-autoroute-a1\\\/218316\\\/#primaryimage\"},\"thumbnailUrl\":\"https:\\\/\\\/www.webdo.tn\\\/fr\\\/wp-content\\\/uploads\\\/2025\\\/05\\\/47740f5efa460e0b8974b00a23ad6731-2.webp\",\"keywords\":[\"A1\",\"Autoroute\",\"brume\",\"Tunisie\"],\"articleSection\":[\"National\"],\"inLanguage\":\"fr-FR\"},{\"@type\":\"WebPage\",\"@id\":\"https:\\\/\\\/www.webdo.tn\\\/fr\\\/actualite\\\/national\\\/tunisie-attention-une-epaisse-brume-sur-l-autoroute-a1\\\/218316\\\/\",\"url\":\"https:\\\/\\\/www.webdo.tn\\\/fr\\\/actualite\\\/national\\\/tunisie-attention-une-epaisse-brume-sur-l-autoroute-a1\\\/218316\\\/\",\"name\":\"Tunisie : Attention, une \u00e9paisse brume sur l\u2019autoroute A1\",\"isPartOf\":{\"@id\":\"https:\\\/\\\/www.webdo.tn\\\/fr\\\/#website\"},\"primaryImageOfPage\":{\"@id\":\"https:\\\/\\\/www.webdo.tn\\\/fr\\\/actualite\\\/national\\\/tunisie-attention-une-epaisse-brume-sur-l-autoroute-a1\\\/218316\\\/#primaryimage\"},\"image\":{\"@id\":\"https:\\\/\\\/www.webdo.tn\\\/fr\\\/actualite\\\/national\\\/tunisie-attention-une-epaisse-brume-sur-l-autoroute-a1\\\/218316\\\/#primaryimage\"},\"thumbnailUrl\":\"https:\\\/\\\/www.webdo.tn\\\/fr\\\/wp-content\\\/uploads\\\/2025\\\/05\\\/47740f5efa460e0b8974b00a23ad6731-2.webp\",\"datePublished\":\"2024-12-13T08:50:00+00:00\",\"dateModified\":\"2025-05-20T22:21:10+00:00\",\"description\":\"La direction g\u00e9n\u00e9rale de la Garde nationale informe de la pr\u00e9sence d'une \u00e9paisse brume r\u00e9duisant la visibilit\u00e9 sur l'autoroute A1, entre le kilom\u00e8tre 10, au niv...\",\"breadcrumb\":{\"@id\":\"https:\\\/\\\/www.webdo.tn\\\/fr\\\/actualite\\\/national\\\/tunisie-attention-une-epaisse-brume-sur-l-autoroute-a1\\\/218316\\\/#breadcrumb\"},\"inLanguage\":\"fr-FR\",\"potentialAction\":[{\"@type\":\"ReadAction\",\"target\":[\"https:\\\/\\\/www.webdo.tn\\\/fr\\\/actualite\\\/national\\\/tunisie-attention-une-epaisse-brume-sur-l-autoroute-a1\\\/218316\\\/\"]}]},{\"@type\":\"ImageObject\",\"inLanguage\":\"fr-FR\",\"@id\":\"https:\\\/\\\/www.webdo.tn\\\/fr\\\/actualite\\\/national\\\/tunisie-attention-une-epaisse-brume-sur-l-autoroute-a1\\\/218316\\\/#primaryimage\",\"url\":\"https:\\\/\\\/www.webdo.tn\\\/fr\\\/wp-content\\\/uploads\\\/2025\\\/05\\\/47740f5efa460e0b8974b00a23ad6731-2.webp\",\"contentUrl\":\"https:\\\/\\\/www.webdo.tn\\\/fr\\\/wp-content\\\/uploads\\\/2025\\\/05\\\/47740f5efa460e0b8974b00a23ad6731-2.webp\",\"width\":650,\"height\":347},{\"@type\":\"BreadcrumbList\",\"@id\":\"https:\\\/\\\/www.webdo.tn\\\/fr\\\/actualite\\\/national\\\/tunisie-attention-une-epaisse-brume-sur-l-autoroute-a1\\\/218316\\\/#breadcrumb\",\"itemListElement\":[{\"@type\":\"ListItem\",\"position\":1,\"name\":\"Accueil\",\"item\":\"https:\\\/\\\/www.webdo.tn\\\/fr\\\/\"},{\"@type\":\"ListItem\",\"position\":2,\"name\":\"Tunisie : Attention, une \u00e9paisse brume sur l\u2019autoroute A1\"}]},{\"@type\":\"WebSite\",\"@id\":\"https:\\\/\\\/www.webdo.tn\\\/fr\\\/#website\",\"url\":\"https:\\\/\\\/www.webdo.tn\\\/fr\\\/\",\"name\":\"webdo\",\"description\":\"Tunisie - News en Tunisie et \u00e0 l&#039;international sur Webdo.tn\",\"publisher\":{\"@id\":\"https:\\\/\\\/www.webdo.tn\\\/fr\\\/#organization\"},\"potentialAction\":[{\"@type\":\"SearchAction\",\"target\":{\"@type\":\"EntryPoint\",\"urlTemplate\":\"https:\\\/\\\/www.webdo.tn\\\/fr\\\/?s={search_term_string}\"},\"query-input\":{\"@type\":\"PropertyValueSpecification\",\"valueRequired\":true,\"valueName\":\"search_term_string\"}}],\"inLanguage\":\"fr-FR\"},{\"@type\":\"Organization\",\"@id\":\"https:\\\/\\\/www.webdo.tn\\\/fr\\\/#organization\",\"name\":\"Webdo\",\"alternateName\":\"Webdo.tn\",\"url\":\"https:\\\/\\\/www.webdo.tn\\\/fr\\\/\",\"logo\":{\"@type\":\"ImageObject\",\"inLanguage\":\"fr-FR\",\"@id\":\"https:\\\/\\\/www.webdo.tn\\\/fr\\\/#\\\/schema\\\/logo\\\/image\\\/\",\"url\":\"https:\\\/\\\/www.webdo.tn\\\/fr\\\/wp-content\\\/uploads\\\/2025\\\/06\\\/Webdo-Tunisie_168377.jpg\",\"contentUrl\":\"https:\\\/\\\/www.webdo.tn\\\/fr\\\/wp-content\\\/uploads\\\/2025\\\/06\\\/Webdo-Tunisie_168377.jpg\",\"width\":301,\"height\":301,\"caption\":\"Webdo\"},\"image\":{\"@id\":\"https:\\\/\\\/www.webdo.tn\\\/fr\\\/#\\\/schema\\\/logo\\\/image\\\/\"},\"sameAs\":[\"https:\\\/\\\/www.facebook.com\\\/webdotn\",\"https:\\\/\\\/x.com\\\/webdo_tn\"],\"description\":\"Webdo est un m\u00e9dia num\u00e9rique tunisien fond\u00e9 en 2010, sp\u00e9cialis\u00e9 dans l\u2019actualit\u00e9 nationale et internationale, l\u2019\u00e9conomie, la soci\u00e9t\u00e9 et les analyses politiques. Le site s\u2019adresse \u00e0 un large public francophone et couvre l\u2019information tunisienne en temps r\u00e9el.\",\"email\":\"redac@webdo.tn\",\"legalName\":\"YNJ SARL\",\"foundingDate\":\"2010-09-06\",\"numberOfEmployees\":{\"@type\":\"QuantitativeValue\",\"minValue\":\"11\",\"maxValue\":\"50\"}},{\"@type\":\"Person\",\"@id\":\"https:\\\/\\\/www.webdo.tn\\\/fr\\\/#\\\/schema\\\/person\\\/82ca085b22037d285e1a3c4b65ba5f71\",\"name\":\"KJ\",\"image\":{\"@type\":\"ImageObject\",\"inLanguage\":\"fr-FR\",\"@id\":\"https:\\\/\\\/secure.gravatar.com\\\/avatar\\\/1a1320de1c1971c893f00068f760b4113d69504aa21273da17ee95650c5944fd?s=96&d=mm&r=g\",\"url\":\"https:\\\/\\\/secure.gravatar.com\\\/avatar\\\/1a1320de1c1971c893f00068f760b4113d69504aa21273da17ee95650c5944fd?s=96&d=mm&r=g\",\"contentUrl\":\"https:\\\/\\\/secure.gravatar.com\\\/avatar\\\/1a1320de1c1971c893f00068f760b4113d69504aa21273da17ee95650c5944fd?s=96&d=mm&r=g\",\"caption\":\"KJ\"},\"url\":\"https:\\\/\\\/www.webdo.tn\\\/fr\\\/actualite\\\/author\\\/kj\\\/\"}]}<\/script>\n<!-- \/ Yoast SEO Premium plugin. -->","yoast_head_json":{"title":"Tunisie : Attention, une \u00e9paisse brume sur l\u2019autoroute A1","description":"La direction g\u00e9n\u00e9rale de la Garde nationale informe de la pr\u00e9sence d'une \u00e9paisse brume r\u00e9duisant la visibilit\u00e9 sur l'autoroute A1, entre le kilom\u00e8tre 10, au niv...","canonical":"https:\/\/www.webdo.tn\/fr\/actualite\/national\/tunisie-attention-une-epaisse-brume-sur-l-autoroute-a1\/218316\/","og_locale":"fr_FR","og_type":"article","og_title":"Tunisie : Attention, une \u00e9paisse brume sur l\u2019autoroute A1","og_description":"La direction g\u00e9n\u00e9rale de la Garde nationale informe de la pr\u00e9sence d'une \u00e9paisse brume r\u00e9duisant la visibilit\u00e9 sur l'autoroute A1, entre le kilom\u00e8tre 10, au niv...","og_url":"https:\/\/www.webdo.tn\/fr\/actualite\/national\/tunisie-attention-une-epaisse-brume-sur-l-autoroute-a1\/218316\/","og_site_name":"webdo","article_publisher":"https:\/\/www.facebook.com\/webdotn","article_published_time":"2024-12-13T08:50:00+00:00","article_modified_time":"2025-05-20T22:21:10+00:00","og_image":[{"width":650,"height":347,"url":"https:\/\/www.webdo.tn\/fr\/wp-content\/uploads\/2025\/05\/47740f5efa460e0b8974b00a23ad6731-2.webp","type":"image\/webp"}],"author":"KJ","twitter_card":"summary_large_image","twitter_creator":"@webdo_tn","twitter_site":"@webdo_tn","twitter_misc":{"\u00c9crit par":"KJ","Dur\u00e9e de lecture estim\u00e9e":"1 minute"},"schema":{"@context":"https:\/\/schema.org","@graph":[{"@type":"NewsArticle","@id":"https:\/\/www.webdo.tn\/fr\/actualite\/national\/tunisie-attention-une-epaisse-brume-sur-l-autoroute-a1\/218316\/#article","isPartOf":{"@id":"https:\/\/www.webdo.tn\/fr\/actualite\/national\/tunisie-attention-une-epaisse-brume-sur-l-autoroute-a1\/218316\/"},"author":{"name":"KJ","@id":"https:\/\/www.webdo.tn\/fr\/#\/schema\/person\/82ca085b22037d285e1a3c4b65ba5f71"},"headline":"Tunisie : Attention, une \u00e9paisse brume sur l\u2019autoroute A1","datePublished":"2024-12-13T08:50:00+00:00","dateModified":"2025-05-20T22:21:10+00:00","mainEntityOfPage":{"@id":"https:\/\/www.webdo.tn\/fr\/actualite\/national\/tunisie-attention-une-epaisse-brume-sur-l-autoroute-a1\/218316\/"},"wordCount":226,"commentCount":0,"publisher":{"@id":"https:\/\/www.webdo.tn\/fr\/#organization"},"image":{"@id":"https:\/\/www.webdo.tn\/fr\/actualite\/national\/tunisie-attention-une-epaisse-brume-sur-l-autoroute-a1\/218316\/#primaryimage"},"thumbnailUrl":"https:\/\/www.webdo.tn\/fr\/wp-content\/uploads\/2025\/05\/47740f5efa460e0b8974b00a23ad6731-2.webp","keywords":["A1","Autoroute","brume","Tunisie"],"articleSection":["National"],"inLanguage":"fr-FR"},{"@type":"WebPage","@id":"https:\/\/www.webdo.tn\/fr\/actualite\/national\/tunisie-attention-une-epaisse-brume-sur-l-autoroute-a1\/218316\/","url":"https:\/\/www.webdo.tn\/fr\/actualite\/national\/tunisie-attention-une-epaisse-brume-sur-l-autoroute-a1\/218316\/","name":"Tunisie : Attention, une \u00e9paisse brume sur l\u2019autoroute A1","isPartOf":{"@id":"https:\/\/www.webdo.tn\/fr\/#website"},"primaryImageOfPage":{"@id":"https:\/\/www.webdo.tn\/fr\/actualite\/national\/tunisie-attention-une-epaisse-brume-sur-l-autoroute-a1\/218316\/#primaryimage"},"image":{"@id":"https:\/\/www.webdo.tn\/fr\/actualite\/national\/tunisie-attention-une-epaisse-brume-sur-l-autoroute-a1\/218316\/#primaryimage"},"thumbnailUrl":"https:\/\/www.webdo.tn\/fr\/wp-content\/uploads\/2025\/05\/47740f5efa460e0b8974b00a23ad6731-2.webp","datePublished":"2024-12-13T08:50:00+00:00","dateModified":"2025-05-20T22:21:10+00:00","description":"La direction g\u00e9n\u00e9rale de la Garde nationale informe de la pr\u00e9sence d'une \u00e9paisse brume r\u00e9duisant la visibilit\u00e9 sur l'autoroute A1, entre le kilom\u00e8tre 10, au niv...","breadcrumb":{"@id":"https:\/\/www.webdo.tn\/fr\/actualite\/national\/tunisie-attention-une-epaisse-brume-sur-l-autoroute-a1\/218316\/#breadcrumb"},"inLanguage":"fr-FR","potentialAction":[{"@type":"ReadAction","target":["https:\/\/www.webdo.tn\/fr\/actualite\/national\/tunisie-attention-une-epaisse-brume-sur-l-autoroute-a1\/218316\/"]}]},{"@type":"ImageObject","inLanguage":"fr-FR","@id":"https:\/\/www.webdo.tn\/fr\/actualite\/national\/tunisie-attention-une-epaisse-brume-sur-l-autoroute-a1\/218316\/#primaryimage","url":"https:\/\/www.webdo.tn\/fr\/wp-content\/uploads\/2025\/05\/47740f5efa460e0b8974b00a23ad6731-2.webp","contentUrl":"https:\/\/www.webdo.tn\/fr\/wp-content\/uploads\/2025\/05\/47740f5efa460e0b8974b00a23ad6731-2.webp","width":650,"height":347},{"@type":"BreadcrumbList","@id":"https:\/\/www.webdo.tn\/fr\/actualite\/national\/tunisie-attention-une-epaisse-brume-sur-l-autoroute-a1\/218316\/#breadcrumb","itemListElement":[{"@type":"ListItem","position":1,"name":"Accueil","item":"https:\/\/www.webdo.tn\/fr\/"},{"@type":"ListItem","position":2,"name":"Tunisie : Attention, une \u00e9paisse brume sur l\u2019autoroute A1"}]},{"@type":"WebSite","@id":"https:\/\/www.webdo.tn\/fr\/#website","url":"https:\/\/www.webdo.tn\/fr\/","name":"webdo","description":"Tunisie - News en Tunisie et \u00e0 l&#039;international sur Webdo.tn","publisher":{"@id":"https:\/\/www.webdo.tn\/fr\/#organization"},"potentialAction":[{"@type":"SearchAction","target":{"@type":"EntryPoint","urlTemplate":"https:\/\/www.webdo.tn\/fr\/?s={search_term_string}"},"query-input":{"@type":"PropertyValueSpecification","valueRequired":true,"valueName":"search_term_string"}}],"inLanguage":"fr-FR"},{"@type":"Organization","@id":"https:\/\/www.webdo.tn\/fr\/#organization","name":"Webdo","alternateName":"Webdo.tn","url":"https:\/\/www.webdo.tn\/fr\/","logo":{"@type":"ImageObject","inLanguage":"fr-FR","@id":"https:\/\/www.webdo.tn\/fr\/#\/schema\/logo\/image\/","url":"https:\/\/www.webdo.tn\/fr\/wp-content\/uploads\/2025\/06\/Webdo-Tunisie_168377.jpg","contentUrl":"https:\/\/www.webdo.tn\/fr\/wp-content\/uploads\/2025\/06\/Webdo-Tunisie_168377.jpg","width":301,"height":301,"caption":"Webdo"},"image":{"@id":"https:\/\/www.webdo.tn\/fr\/#\/schema\/logo\/image\/"},"sameAs":["https:\/\/www.facebook.com\/webdotn","https:\/\/x.com\/webdo_tn"],"description":"Webdo est un m\u00e9dia num\u00e9rique tunisien fond\u00e9 en 2010, sp\u00e9cialis\u00e9 dans l\u2019actualit\u00e9 nationale et internationale, l\u2019\u00e9conomie, la soci\u00e9t\u00e9 et les analyses politiques. Le site s\u2019adresse \u00e0 un large public francophone et couvre l\u2019information tunisienne en temps r\u00e9el.","email":"redac@webdo.tn","legalName":"YNJ SARL","foundingDate":"2010-09-06","numberOfEmployees":{"@type":"QuantitativeValue","minValue":"11","maxValue":"50"}},{"@type":"Person","@id":"https:\/\/www.webdo.tn\/fr\/#\/schema\/person\/82ca085b22037d285e1a3c4b65ba5f71","name":"KJ","image":{"@type":"ImageObject","inLanguage":"fr-FR","@id":"https:\/\/secure.gravatar.com\/avatar\/1a1320de1c1971c893f00068f760b4113d69504aa21273da17ee95650c5944fd?s=96&d=mm&r=g","url":"https:\/\/secure.gravatar.com\/avatar\/1a1320de1c1971c893f00068f760b4113d69504aa21273da17ee95650c5944fd?s=96&d=mm&r=g","contentUrl":"https:\/\/secure.gravatar.com\/avatar\/1a1320de1c1971c893f00068f760b4113d69504aa21273da17ee95650c5944fd?s=96&d=mm&r=g","caption":"KJ"},"url":"https:\/\/www.webdo.tn\/fr\/actualite\/author\/kj\/"}]}},"_links":{"self":[{"href":"https:\/\/www.webdo.tn\/fr\/wp-json\/wp\/v2\/posts\/218316","targetHints":{"allow":["GET"]}}],"collection":[{"href":"https:\/\/www.webdo.tn\/fr\/wp-json\/wp\/v2\/posts"}],"about":[{"href":"https:\/\/www.webdo.tn\/fr\/wp-json\/wp\/v2\/types\/post"}],"author":[{"embeddable":true,"href":"https:\/\/www.webdo.tn\/fr\/wp-json\/wp\/v2\/users\/3163"}],"replies":[{"embeddable":true,"href":"https:\/\/www.webdo.tn\/fr\/wp-json\/wp\/v2\/comments?post=218316"}],"version-history":[{"count":0,"href":"https:\/\/www.webdo.tn\/fr\/wp-json\/wp\/v2\/posts\/218316\/revisions"}],"wp:featuredmedia":[{"embeddable":true,"href":"https:\/\/www.webdo.tn\/fr\/wp-json\/wp\/v2\/media\/243460"}],"wp:attachment":[{"href":"https:\/\/www.webdo.tn\/fr\/wp-json\/wp\/v2\/media?parent=218316"}],"wp:term":[{"taxonomy":"category","embeddable":true,"href":"https:\/\/www.webdo.tn\/fr\/wp-json\/wp\/v2\/categories?post=218316"},{"taxonomy":"post_tag","embeddable":true,"href":"https:\/\/www.webdo.tn\/fr\/wp-json\/wp\/v2\/tags?post=218316"}],"curies":[{"name":"wp","href":"https:\/\/api.w.org\/{rel}","templated":true}]}}