{"id":218307,"date":"2024-12-12T19:27:00","date_gmt":"2024-12-12T19:27:00","guid":{"rendered":"https:\/\/www.webdo.tn\/fr\/blog\/le-ministere-des-affaires-culturelles-pleure-la-disparition-de-fethi-haddaoui\/218307\/"},"modified":"2025-05-20T22:22:12","modified_gmt":"2025-05-20T22:22:12","slug":"le-ministere-des-affaires-culturelles-pleure-la-disparition-de-fethi-haddaoui","status":"publish","type":"post","link":"https:\/\/www.webdo.tn\/fr\/actualite\/culture\/le-ministere-des-affaires-culturelles-pleure-la-disparition-de-fethi-haddaoui\/218307\/","title":{"rendered":"Le minist\u00e8re des Affaires culturelles pleure la disparition de Fethi Haddaoui"},"content":{"rendered":"<p>Le Minist\u00e8re des Affaires Culturelles a d\u00e9plor\u00e9 avec une immense tristesse et un profond chagrin le d\u00e9c\u00e8s de l\u2019\u00e9minent artiste et acteur Fethi Haddaoui, survenu ce jeudi 12 d\u00e9cembre 2024, apr\u00e8s un long combat contre la maladie.<\/p>\n<p>Fethi Haddaoui a entam\u00e9 son parcours artistique au th\u00e9\u00e2tre \u00e0 l&rsquo;\u00c9cole Ibn Charaf, sous la direction du metteur en sc\u00e8ne Hammadi Mezzi, avant de rejoindre la troupe du Th\u00e9\u00e2tre du Triangle dirig\u00e9e par le professeur Habib Chabeil. Plus tard, il est devenu un membre actif de la troupe du Nouveau Th\u00e9\u00e2tre sous la direction des grands metteurs en sc\u00e8ne tunisiens Fadhel Ja\u00efbi et Fadhel Jaziri, ainsi que de l\u2019actrice Jalila Baccar, parmi d&rsquo;autres figures majeures du th\u00e9\u00e2tre tunisien. Il a ensuite int\u00e9gr\u00e9 l\u2019Institut Sup\u00e9rieur d\u2019Art Dramatique de Tunis, d&rsquo;o\u00f9 il a \u00e9t\u00e9 dipl\u00f4m\u00e9 en 1986.<\/p>\n<p>Haddaoui s\u2019est illustr\u00e9 dans des r\u00f4les complexes, que les critiques qualifiaient de magistralement interpr\u00e9t\u00e9s. Parmi ses performances th\u00e9\u00e2trales les plus marquantes figurent Al Awada et Arab, qui ont ensuite \u00e9t\u00e9 adapt\u00e9es au cin\u00e9ma, o\u00f9 il a tenu le r\u00f4le principal.<\/p>\n<p>Depuis la fin des ann\u00e9es 1980 et le d\u00e9but des ann\u00e9es 1990, Fathi Haddaoui a marqu\u00e9 le monde du cin\u00e9ma et de la t\u00e9l\u00e9vision avec une riche carri\u00e8re dans des \u0153uvres tunisiennes, arabes et internationales. Il a notamment particip\u00e9 au film Halfaouine du r\u00e9alisateur F\u00e9rid Boughedir, ainsi qu\u2019\u00e0 Les plaques d\u2019or du r\u00e9alisateur Nouri Bouzid en 1986.<\/p>\n<p>Il a collabor\u00e9 avec des r\u00e9alisateurs \u00e9trangers, notamment le Fran\u00e7ais Serge Moati et l\u2019Italien Franco Rossi, ce qui a renforc\u00e9 sa notori\u00e9t\u00e9 internationale.<br \/>\nFethi Haddaoui s\u2019est \u00e9galement impos\u00e9 comme une figure incontournable des productions ramadanesques, se distinguant dans le paysage t\u00e9l\u00e9visuel tunisien. Il a gagn\u00e9 en reconnaissance d\u00e8s la saison de Ramadan 1991 dans la s\u00e9rie Les jours comme le vent r\u00e9alis\u00e9e par Salah Eddine Essid, puis dans la s\u00e9rie culte Ghadda en 1992.\u00a0<\/p>\n<p>Il a \u00e9galement jou\u00e9 des r\u00f4les principaux dans La Temp\u00eate de Abdelkader Jirbi en 1993 et La Moisson en 1994. Sa renomm\u00e9e s\u2019est consid\u00e9rablement accrue gr\u00e2ce \u00e0 son r\u00f4le de Ra\u00eff dans le c\u00e9l\u00e8bre feuilleton dramatique Chasse aux gazelles en 2008, ainsi que dans La roue de l\u2019air diffus\u00e9e durant les saisons ramadanesques de 2014 et 2015.<\/p>\n<p>Tout au long de sa carri\u00e8re, Fethi Haddaoui a \u00e9t\u00e9 r\u00e9compens\u00e9 par de nombreux prix dans des festivals nationaux et internationaux. La derni\u00e8re distinction en date remonte \u00e0 2013, lorsqu\u2019il a re\u00e7u le prix du Meilleur Acteur au Festival du Film Arabe d\u2019Oran, en Alg\u00e9rie.<\/p>\n<p>En cette douloureuse circonstance, le Minist\u00e8re des Affaires Culturelles adresse ses plus sinc\u00e8res condol\u00e9ances \u00e0 la famille du d\u00e9funt ainsi qu\u2019\u00e0 l\u2019ensemble de la communaut\u00e9 artistique, en priant Dieu d\u2019accorder \u00e0 tous patience et r\u00e9confort.<\/p>\n","protected":false},"excerpt":{"rendered":"<p>Fethi Haddaoui a entam\u00e9 son parcours artistique au th\u00e9\u00e2tre \u00e0 l&rsquo;\u00c9cole Ibn Charaf, sous la direction du metteur en sc\u00e8ne Hammadi Mezzi, avant de rejoindre la trou&#8230;<\/p>\n","protected":false},"author":3163,"featured_media":291535,"comment_status":"open","ping_status":"closed","sticky":false,"template":"","format":"standard","meta":{"footnotes":""},"categories":[2594],"tags":[10763,5596,2830,2608],"class_list":["post-218307","post","type-post","status-publish","format-standard","has-post-thumbnail","hentry","category-culture","tag-fethi-haddaoui","tag-culture","tag-deces","tag-tunisie"],"yoast_head":"<!-- This site is optimized with the Yoast SEO Premium plugin v27.4 (Yoast SEO v27.5) - https:\/\/yoast.com\/product\/yoast-seo-premium-wordpress\/ -->\n<title>Le minist\u00e8re des Affaires culturelles pleure la disparition de Fethi Haddaoui<\/title>\n<meta name=\"description\" content=\"Fethi Haddaoui a entam\u00e9 son parcours artistique au th\u00e9\u00e2tre \u00e0 l&#039;\u00c9cole Ibn Charaf, sous la direction du metteur en sc\u00e8ne Hammadi Mezzi, avant de rejoindre la trou...\" \/>\n<link rel=\"canonical\" href=\"https:\/\/www.webdo.tn\/fr\/actualite\/culture\/le-ministere-des-affaires-culturelles-pleure-la-disparition-de-fethi-haddaoui\/218307\/\" \/>\n<meta property=\"og:locale\" content=\"fr_FR\" \/>\n<meta property=\"og:type\" content=\"article\" \/>\n<meta property=\"og:title\" content=\"Le minist\u00e8re des Affaires culturelles pleure la disparition de Fethi Haddaoui\" \/>\n<meta property=\"og:description\" content=\"Fethi Haddaoui a entam\u00e9 son parcours artistique au th\u00e9\u00e2tre \u00e0 l&#039;\u00c9cole Ibn Charaf, sous la direction du metteur en sc\u00e8ne Hammadi Mezzi, avant de rejoindre la trou...\" \/>\n<meta property=\"og:url\" content=\"https:\/\/www.webdo.tn\/fr\/actualite\/culture\/le-ministere-des-affaires-culturelles-pleure-la-disparition-de-fethi-haddaoui\/218307\/\" \/>\n<meta property=\"og:site_name\" content=\"webdo\" \/>\n<meta property=\"article:publisher\" content=\"https:\/\/www.facebook.com\/webdotn\" \/>\n<meta property=\"article:published_time\" content=\"2024-12-12T19:27:00+00:00\" \/>\n<meta property=\"article:modified_time\" content=\"2025-05-20T22:22:12+00:00\" \/>\n<meta property=\"og:image\" content=\"https:\/\/www.webdo.tn\/fr\/wp-content\/uploads\/2024\/12\/4ae0d731cb8d13db62e806be08015aa3.webp\" \/>\n\t<meta property=\"og:image:width\" content=\"750\" \/>\n\t<meta property=\"og:image:height\" content=\"400\" \/>\n\t<meta property=\"og:image:type\" content=\"image\/webp\" \/>\n<meta name=\"author\" content=\"KJ\" \/>\n<meta name=\"twitter:card\" content=\"summary_large_image\" \/>\n<meta name=\"twitter:creator\" content=\"@webdo_tn\" \/>\n<meta name=\"twitter:site\" content=\"@webdo_tn\" \/>\n<meta name=\"twitter:label1\" content=\"\u00c9crit par\" \/>\n\t<meta name=\"twitter:data1\" content=\"KJ\" \/>\n\t<meta name=\"twitter:label2\" content=\"Dur\u00e9e de lecture estim\u00e9e\" \/>\n\t<meta name=\"twitter:data2\" content=\"3 minutes\" \/>\n<script type=\"application\/ld+json\" class=\"yoast-schema-graph\">{\"@context\":\"https:\\\/\\\/schema.org\",\"@graph\":[{\"@type\":\"NewsArticle\",\"@id\":\"https:\\\/\\\/www.webdo.tn\\\/fr\\\/actualite\\\/culture\\\/le-ministere-des-affaires-culturelles-pleure-la-disparition-de-fethi-haddaoui\\\/218307\\\/#article\",\"isPartOf\":{\"@id\":\"https:\\\/\\\/www.webdo.tn\\\/fr\\\/actualite\\\/culture\\\/le-ministere-des-affaires-culturelles-pleure-la-disparition-de-fethi-haddaoui\\\/218307\\\/\"},\"author\":{\"name\":\"KJ\",\"@id\":\"https:\\\/\\\/www.webdo.tn\\\/fr\\\/#\\\/schema\\\/person\\\/82ca085b22037d285e1a3c4b65ba5f71\"},\"headline\":\"Le minist\u00e8re des Affaires culturelles pleure la disparition de Fethi Haddaoui\",\"datePublished\":\"2024-12-12T19:27:00+00:00\",\"dateModified\":\"2025-05-20T22:22:12+00:00\",\"mainEntityOfPage\":{\"@id\":\"https:\\\/\\\/www.webdo.tn\\\/fr\\\/actualite\\\/culture\\\/le-ministere-des-affaires-culturelles-pleure-la-disparition-de-fethi-haddaoui\\\/218307\\\/\"},\"wordCount\":514,\"commentCount\":0,\"publisher\":{\"@id\":\"https:\\\/\\\/www.webdo.tn\\\/fr\\\/#organization\"},\"image\":{\"@id\":\"https:\\\/\\\/www.webdo.tn\\\/fr\\\/actualite\\\/culture\\\/le-ministere-des-affaires-culturelles-pleure-la-disparition-de-fethi-haddaoui\\\/218307\\\/#primaryimage\"},\"thumbnailUrl\":\"https:\\\/\\\/www.webdo.tn\\\/fr\\\/wp-content\\\/uploads\\\/2024\\\/12\\\/4ae0d731cb8d13db62e806be08015aa3.webp\",\"keywords\":[\"'Fethi Haddaoui']\",\"culture\",\"D\u00e9c\u00e8s\",\"Tunisie\"],\"articleSection\":[\"Culture\"],\"inLanguage\":\"fr-FR\"},{\"@type\":\"WebPage\",\"@id\":\"https:\\\/\\\/www.webdo.tn\\\/fr\\\/actualite\\\/culture\\\/le-ministere-des-affaires-culturelles-pleure-la-disparition-de-fethi-haddaoui\\\/218307\\\/\",\"url\":\"https:\\\/\\\/www.webdo.tn\\\/fr\\\/actualite\\\/culture\\\/le-ministere-des-affaires-culturelles-pleure-la-disparition-de-fethi-haddaoui\\\/218307\\\/\",\"name\":\"Le minist\u00e8re des Affaires culturelles pleure la disparition de Fethi Haddaoui\",\"isPartOf\":{\"@id\":\"https:\\\/\\\/www.webdo.tn\\\/fr\\\/#website\"},\"primaryImageOfPage\":{\"@id\":\"https:\\\/\\\/www.webdo.tn\\\/fr\\\/actualite\\\/culture\\\/le-ministere-des-affaires-culturelles-pleure-la-disparition-de-fethi-haddaoui\\\/218307\\\/#primaryimage\"},\"image\":{\"@id\":\"https:\\\/\\\/www.webdo.tn\\\/fr\\\/actualite\\\/culture\\\/le-ministere-des-affaires-culturelles-pleure-la-disparition-de-fethi-haddaoui\\\/218307\\\/#primaryimage\"},\"thumbnailUrl\":\"https:\\\/\\\/www.webdo.tn\\\/fr\\\/wp-content\\\/uploads\\\/2024\\\/12\\\/4ae0d731cb8d13db62e806be08015aa3.webp\",\"datePublished\":\"2024-12-12T19:27:00+00:00\",\"dateModified\":\"2025-05-20T22:22:12+00:00\",\"description\":\"Fethi Haddaoui a entam\u00e9 son parcours artistique au th\u00e9\u00e2tre \u00e0 l'\u00c9cole Ibn Charaf, sous la direction du metteur en sc\u00e8ne Hammadi Mezzi, avant de rejoindre la trou...\",\"breadcrumb\":{\"@id\":\"https:\\\/\\\/www.webdo.tn\\\/fr\\\/actualite\\\/culture\\\/le-ministere-des-affaires-culturelles-pleure-la-disparition-de-fethi-haddaoui\\\/218307\\\/#breadcrumb\"},\"inLanguage\":\"fr-FR\",\"potentialAction\":[{\"@type\":\"ReadAction\",\"target\":[\"https:\\\/\\\/www.webdo.tn\\\/fr\\\/actualite\\\/culture\\\/le-ministere-des-affaires-culturelles-pleure-la-disparition-de-fethi-haddaoui\\\/218307\\\/\"]}]},{\"@type\":\"ImageObject\",\"inLanguage\":\"fr-FR\",\"@id\":\"https:\\\/\\\/www.webdo.tn\\\/fr\\\/actualite\\\/culture\\\/le-ministere-des-affaires-culturelles-pleure-la-disparition-de-fethi-haddaoui\\\/218307\\\/#primaryimage\",\"url\":\"https:\\\/\\\/www.webdo.tn\\\/fr\\\/wp-content\\\/uploads\\\/2024\\\/12\\\/4ae0d731cb8d13db62e806be08015aa3.webp\",\"contentUrl\":\"https:\\\/\\\/www.webdo.tn\\\/fr\\\/wp-content\\\/uploads\\\/2024\\\/12\\\/4ae0d731cb8d13db62e806be08015aa3.webp\",\"width\":750,\"height\":400,\"caption\":\"Le minist\u00e8re des Affaires culturelles pleure la disparition de Fethi Haddaoui\"},{\"@type\":\"BreadcrumbList\",\"@id\":\"https:\\\/\\\/www.webdo.tn\\\/fr\\\/actualite\\\/culture\\\/le-ministere-des-affaires-culturelles-pleure-la-disparition-de-fethi-haddaoui\\\/218307\\\/#breadcrumb\",\"itemListElement\":[{\"@type\":\"ListItem\",\"position\":1,\"name\":\"Accueil\",\"item\":\"https:\\\/\\\/www.webdo.tn\\\/fr\\\/\"},{\"@type\":\"ListItem\",\"position\":2,\"name\":\"Le minist\u00e8re des Affaires culturelles pleure la disparition de Fethi Haddaoui\"}]},{\"@type\":\"WebSite\",\"@id\":\"https:\\\/\\\/www.webdo.tn\\\/fr\\\/#website\",\"url\":\"https:\\\/\\\/www.webdo.tn\\\/fr\\\/\",\"name\":\"webdo\",\"description\":\"Tunisie - News en Tunisie et \u00e0 l&#039;international sur Webdo.tn\",\"publisher\":{\"@id\":\"https:\\\/\\\/www.webdo.tn\\\/fr\\\/#organization\"},\"potentialAction\":[{\"@type\":\"SearchAction\",\"target\":{\"@type\":\"EntryPoint\",\"urlTemplate\":\"https:\\\/\\\/www.webdo.tn\\\/fr\\\/?s={search_term_string}\"},\"query-input\":{\"@type\":\"PropertyValueSpecification\",\"valueRequired\":true,\"valueName\":\"search_term_string\"}}],\"inLanguage\":\"fr-FR\"},{\"@type\":\"Organization\",\"@id\":\"https:\\\/\\\/www.webdo.tn\\\/fr\\\/#organization\",\"name\":\"Webdo\",\"alternateName\":\"Webdo.tn\",\"url\":\"https:\\\/\\\/www.webdo.tn\\\/fr\\\/\",\"logo\":{\"@type\":\"ImageObject\",\"inLanguage\":\"fr-FR\",\"@id\":\"https:\\\/\\\/www.webdo.tn\\\/fr\\\/#\\\/schema\\\/logo\\\/image\\\/\",\"url\":\"https:\\\/\\\/www.webdo.tn\\\/fr\\\/wp-content\\\/uploads\\\/2025\\\/06\\\/Webdo-Tunisie_168377.jpg\",\"contentUrl\":\"https:\\\/\\\/www.webdo.tn\\\/fr\\\/wp-content\\\/uploads\\\/2025\\\/06\\\/Webdo-Tunisie_168377.jpg\",\"width\":301,\"height\":301,\"caption\":\"Webdo\"},\"image\":{\"@id\":\"https:\\\/\\\/www.webdo.tn\\\/fr\\\/#\\\/schema\\\/logo\\\/image\\\/\"},\"sameAs\":[\"https:\\\/\\\/www.facebook.com\\\/webdotn\",\"https:\\\/\\\/x.com\\\/webdo_tn\"],\"description\":\"Webdo est un m\u00e9dia num\u00e9rique tunisien fond\u00e9 en 2010, sp\u00e9cialis\u00e9 dans l\u2019actualit\u00e9 nationale et internationale, l\u2019\u00e9conomie, la soci\u00e9t\u00e9 et les analyses politiques. Le site s\u2019adresse \u00e0 un large public francophone et couvre l\u2019information tunisienne en temps r\u00e9el.\",\"email\":\"redac@webdo.tn\",\"legalName\":\"YNJ SARL\",\"foundingDate\":\"2010-09-06\",\"numberOfEmployees\":{\"@type\":\"QuantitativeValue\",\"minValue\":\"11\",\"maxValue\":\"50\"}},{\"@type\":\"Person\",\"@id\":\"https:\\\/\\\/www.webdo.tn\\\/fr\\\/#\\\/schema\\\/person\\\/82ca085b22037d285e1a3c4b65ba5f71\",\"name\":\"KJ\",\"image\":{\"@type\":\"ImageObject\",\"inLanguage\":\"fr-FR\",\"@id\":\"https:\\\/\\\/secure.gravatar.com\\\/avatar\\\/1a1320de1c1971c893f00068f760b4113d69504aa21273da17ee95650c5944fd?s=96&d=mm&r=g\",\"url\":\"https:\\\/\\\/secure.gravatar.com\\\/avatar\\\/1a1320de1c1971c893f00068f760b4113d69504aa21273da17ee95650c5944fd?s=96&d=mm&r=g\",\"contentUrl\":\"https:\\\/\\\/secure.gravatar.com\\\/avatar\\\/1a1320de1c1971c893f00068f760b4113d69504aa21273da17ee95650c5944fd?s=96&d=mm&r=g\",\"caption\":\"KJ\"},\"url\":\"https:\\\/\\\/www.webdo.tn\\\/fr\\\/actualite\\\/author\\\/kj\\\/\"}]}<\/script>\n<!-- \/ Yoast SEO Premium plugin. -->","yoast_head_json":{"title":"Le minist\u00e8re des Affaires culturelles pleure la disparition de Fethi Haddaoui","description":"Fethi Haddaoui a entam\u00e9 son parcours artistique au th\u00e9\u00e2tre \u00e0 l'\u00c9cole Ibn Charaf, sous la direction du metteur en sc\u00e8ne Hammadi Mezzi, avant de rejoindre la trou...","canonical":"https:\/\/www.webdo.tn\/fr\/actualite\/culture\/le-ministere-des-affaires-culturelles-pleure-la-disparition-de-fethi-haddaoui\/218307\/","og_locale":"fr_FR","og_type":"article","og_title":"Le minist\u00e8re des Affaires culturelles pleure la disparition de Fethi Haddaoui","og_description":"Fethi Haddaoui a entam\u00e9 son parcours artistique au th\u00e9\u00e2tre \u00e0 l'\u00c9cole Ibn Charaf, sous la direction du metteur en sc\u00e8ne Hammadi Mezzi, avant de rejoindre la trou...","og_url":"https:\/\/www.webdo.tn\/fr\/actualite\/culture\/le-ministere-des-affaires-culturelles-pleure-la-disparition-de-fethi-haddaoui\/218307\/","og_site_name":"webdo","article_publisher":"https:\/\/www.facebook.com\/webdotn","article_published_time":"2024-12-12T19:27:00+00:00","article_modified_time":"2025-05-20T22:22:12+00:00","og_image":[{"width":750,"height":400,"url":"https:\/\/www.webdo.tn\/fr\/wp-content\/uploads\/2024\/12\/4ae0d731cb8d13db62e806be08015aa3.webp","type":"image\/webp"}],"author":"KJ","twitter_card":"summary_large_image","twitter_creator":"@webdo_tn","twitter_site":"@webdo_tn","twitter_misc":{"\u00c9crit par":"KJ","Dur\u00e9e de lecture estim\u00e9e":"3 minutes"},"schema":{"@context":"https:\/\/schema.org","@graph":[{"@type":"NewsArticle","@id":"https:\/\/www.webdo.tn\/fr\/actualite\/culture\/le-ministere-des-affaires-culturelles-pleure-la-disparition-de-fethi-haddaoui\/218307\/#article","isPartOf":{"@id":"https:\/\/www.webdo.tn\/fr\/actualite\/culture\/le-ministere-des-affaires-culturelles-pleure-la-disparition-de-fethi-haddaoui\/218307\/"},"author":{"name":"KJ","@id":"https:\/\/www.webdo.tn\/fr\/#\/schema\/person\/82ca085b22037d285e1a3c4b65ba5f71"},"headline":"Le minist\u00e8re des Affaires culturelles pleure la disparition de Fethi Haddaoui","datePublished":"2024-12-12T19:27:00+00:00","dateModified":"2025-05-20T22:22:12+00:00","mainEntityOfPage":{"@id":"https:\/\/www.webdo.tn\/fr\/actualite\/culture\/le-ministere-des-affaires-culturelles-pleure-la-disparition-de-fethi-haddaoui\/218307\/"},"wordCount":514,"commentCount":0,"publisher":{"@id":"https:\/\/www.webdo.tn\/fr\/#organization"},"image":{"@id":"https:\/\/www.webdo.tn\/fr\/actualite\/culture\/le-ministere-des-affaires-culturelles-pleure-la-disparition-de-fethi-haddaoui\/218307\/#primaryimage"},"thumbnailUrl":"https:\/\/www.webdo.tn\/fr\/wp-content\/uploads\/2024\/12\/4ae0d731cb8d13db62e806be08015aa3.webp","keywords":["'Fethi Haddaoui']","culture","D\u00e9c\u00e8s","Tunisie"],"articleSection":["Culture"],"inLanguage":"fr-FR"},{"@type":"WebPage","@id":"https:\/\/www.webdo.tn\/fr\/actualite\/culture\/le-ministere-des-affaires-culturelles-pleure-la-disparition-de-fethi-haddaoui\/218307\/","url":"https:\/\/www.webdo.tn\/fr\/actualite\/culture\/le-ministere-des-affaires-culturelles-pleure-la-disparition-de-fethi-haddaoui\/218307\/","name":"Le minist\u00e8re des Affaires culturelles pleure la disparition de Fethi Haddaoui","isPartOf":{"@id":"https:\/\/www.webdo.tn\/fr\/#website"},"primaryImageOfPage":{"@id":"https:\/\/www.webdo.tn\/fr\/actualite\/culture\/le-ministere-des-affaires-culturelles-pleure-la-disparition-de-fethi-haddaoui\/218307\/#primaryimage"},"image":{"@id":"https:\/\/www.webdo.tn\/fr\/actualite\/culture\/le-ministere-des-affaires-culturelles-pleure-la-disparition-de-fethi-haddaoui\/218307\/#primaryimage"},"thumbnailUrl":"https:\/\/www.webdo.tn\/fr\/wp-content\/uploads\/2024\/12\/4ae0d731cb8d13db62e806be08015aa3.webp","datePublished":"2024-12-12T19:27:00+00:00","dateModified":"2025-05-20T22:22:12+00:00","description":"Fethi Haddaoui a entam\u00e9 son parcours artistique au th\u00e9\u00e2tre \u00e0 l'\u00c9cole Ibn Charaf, sous la direction du metteur en sc\u00e8ne Hammadi Mezzi, avant de rejoindre la trou...","breadcrumb":{"@id":"https:\/\/www.webdo.tn\/fr\/actualite\/culture\/le-ministere-des-affaires-culturelles-pleure-la-disparition-de-fethi-haddaoui\/218307\/#breadcrumb"},"inLanguage":"fr-FR","potentialAction":[{"@type":"ReadAction","target":["https:\/\/www.webdo.tn\/fr\/actualite\/culture\/le-ministere-des-affaires-culturelles-pleure-la-disparition-de-fethi-haddaoui\/218307\/"]}]},{"@type":"ImageObject","inLanguage":"fr-FR","@id":"https:\/\/www.webdo.tn\/fr\/actualite\/culture\/le-ministere-des-affaires-culturelles-pleure-la-disparition-de-fethi-haddaoui\/218307\/#primaryimage","url":"https:\/\/www.webdo.tn\/fr\/wp-content\/uploads\/2024\/12\/4ae0d731cb8d13db62e806be08015aa3.webp","contentUrl":"https:\/\/www.webdo.tn\/fr\/wp-content\/uploads\/2024\/12\/4ae0d731cb8d13db62e806be08015aa3.webp","width":750,"height":400,"caption":"Le minist\u00e8re des Affaires culturelles pleure la disparition de Fethi Haddaoui"},{"@type":"BreadcrumbList","@id":"https:\/\/www.webdo.tn\/fr\/actualite\/culture\/le-ministere-des-affaires-culturelles-pleure-la-disparition-de-fethi-haddaoui\/218307\/#breadcrumb","itemListElement":[{"@type":"ListItem","position":1,"name":"Accueil","item":"https:\/\/www.webdo.tn\/fr\/"},{"@type":"ListItem","position":2,"name":"Le minist\u00e8re des Affaires culturelles pleure la disparition de Fethi Haddaoui"}]},{"@type":"WebSite","@id":"https:\/\/www.webdo.tn\/fr\/#website","url":"https:\/\/www.webdo.tn\/fr\/","name":"webdo","description":"Tunisie - News en Tunisie et \u00e0 l&#039;international sur Webdo.tn","publisher":{"@id":"https:\/\/www.webdo.tn\/fr\/#organization"},"potentialAction":[{"@type":"SearchAction","target":{"@type":"EntryPoint","urlTemplate":"https:\/\/www.webdo.tn\/fr\/?s={search_term_string}"},"query-input":{"@type":"PropertyValueSpecification","valueRequired":true,"valueName":"search_term_string"}}],"inLanguage":"fr-FR"},{"@type":"Organization","@id":"https:\/\/www.webdo.tn\/fr\/#organization","name":"Webdo","alternateName":"Webdo.tn","url":"https:\/\/www.webdo.tn\/fr\/","logo":{"@type":"ImageObject","inLanguage":"fr-FR","@id":"https:\/\/www.webdo.tn\/fr\/#\/schema\/logo\/image\/","url":"https:\/\/www.webdo.tn\/fr\/wp-content\/uploads\/2025\/06\/Webdo-Tunisie_168377.jpg","contentUrl":"https:\/\/www.webdo.tn\/fr\/wp-content\/uploads\/2025\/06\/Webdo-Tunisie_168377.jpg","width":301,"height":301,"caption":"Webdo"},"image":{"@id":"https:\/\/www.webdo.tn\/fr\/#\/schema\/logo\/image\/"},"sameAs":["https:\/\/www.facebook.com\/webdotn","https:\/\/x.com\/webdo_tn"],"description":"Webdo est un m\u00e9dia num\u00e9rique tunisien fond\u00e9 en 2010, sp\u00e9cialis\u00e9 dans l\u2019actualit\u00e9 nationale et internationale, l\u2019\u00e9conomie, la soci\u00e9t\u00e9 et les analyses politiques. Le site s\u2019adresse \u00e0 un large public francophone et couvre l\u2019information tunisienne en temps r\u00e9el.","email":"redac@webdo.tn","legalName":"YNJ SARL","foundingDate":"2010-09-06","numberOfEmployees":{"@type":"QuantitativeValue","minValue":"11","maxValue":"50"}},{"@type":"Person","@id":"https:\/\/www.webdo.tn\/fr\/#\/schema\/person\/82ca085b22037d285e1a3c4b65ba5f71","name":"KJ","image":{"@type":"ImageObject","inLanguage":"fr-FR","@id":"https:\/\/secure.gravatar.com\/avatar\/1a1320de1c1971c893f00068f760b4113d69504aa21273da17ee95650c5944fd?s=96&d=mm&r=g","url":"https:\/\/secure.gravatar.com\/avatar\/1a1320de1c1971c893f00068f760b4113d69504aa21273da17ee95650c5944fd?s=96&d=mm&r=g","contentUrl":"https:\/\/secure.gravatar.com\/avatar\/1a1320de1c1971c893f00068f760b4113d69504aa21273da17ee95650c5944fd?s=96&d=mm&r=g","caption":"KJ"},"url":"https:\/\/www.webdo.tn\/fr\/actualite\/author\/kj\/"}]}},"_links":{"self":[{"href":"https:\/\/www.webdo.tn\/fr\/wp-json\/wp\/v2\/posts\/218307","targetHints":{"allow":["GET"]}}],"collection":[{"href":"https:\/\/www.webdo.tn\/fr\/wp-json\/wp\/v2\/posts"}],"about":[{"href":"https:\/\/www.webdo.tn\/fr\/wp-json\/wp\/v2\/types\/post"}],"author":[{"embeddable":true,"href":"https:\/\/www.webdo.tn\/fr\/wp-json\/wp\/v2\/users\/3163"}],"replies":[{"embeddable":true,"href":"https:\/\/www.webdo.tn\/fr\/wp-json\/wp\/v2\/comments?post=218307"}],"version-history":[{"count":0,"href":"https:\/\/www.webdo.tn\/fr\/wp-json\/wp\/v2\/posts\/218307\/revisions"}],"wp:featuredmedia":[{"embeddable":true,"href":"https:\/\/www.webdo.tn\/fr\/wp-json\/wp\/v2\/media\/291535"}],"wp:attachment":[{"href":"https:\/\/www.webdo.tn\/fr\/wp-json\/wp\/v2\/media?parent=218307"}],"wp:term":[{"taxonomy":"category","embeddable":true,"href":"https:\/\/www.webdo.tn\/fr\/wp-json\/wp\/v2\/categories?post=218307"},{"taxonomy":"post_tag","embeddable":true,"href":"https:\/\/www.webdo.tn\/fr\/wp-json\/wp\/v2\/tags?post=218307"}],"curies":[{"name":"wp","href":"https:\/\/api.w.org\/{rel}","templated":true}]}}