{"id":218305,"date":"2024-12-12T18:46:00","date_gmt":"2024-12-12T18:46:00","guid":{"rendered":"https:\/\/www.webdo.tn\/fr\/blog\/tunisie-fethi-haddaoui-s-est-eteint\/218305\/"},"modified":"2025-05-20T22:22:11","modified_gmt":"2025-05-20T22:22:11","slug":"tunisie-fethi-haddaoui-s-est-eteint","status":"publish","type":"post","link":"https:\/\/www.webdo.tn\/fr\/actualite\/culture\/tunisie-fethi-haddaoui-s-est-eteint\/218305\/","title":{"rendered":"Tunisie &#8211; Fethi Haddaoui, figure embl\u00e9matique de l&rsquo;art tunisien, dispara\u00eet !"},"content":{"rendered":"<p>L\u2019acteur de renom Fethi Haddaoui est d\u00e9c\u00e9d\u00e9 ce jeudi soir, 12 d\u00e9cembre 2024, \u00e0 l\u2019\u00e2ge de 63 ans.<\/p>\n<p>\t\t\t\t\t\t\t\t\tLe monde artistique tunisien est en deuil. Fethi Haddaoui, acteur, sc\u00e9nariste et r\u00e9alisateur embl\u00e9matique, s\u2019est \u00e9teint.\u00a0Figure incontournable du th\u00e9\u00e2tre, du cin\u00e9ma et de la t\u00e9l\u00e9vision en Tunisie, il laisse derri\u00e8re lui un h\u00e9ritage artistique in\u00e9gal\u00e9 et une empreinte ind\u00e9l\u00e9bile dans le c\u0153ur de ses contemporains.<\/p>\n<p>N\u00e9 en 1961, Fethi Haddaoui a fait ses premiers pas dans le monde artistique au lyc\u00e9e Ibn-Charaf, sous la direction inspirante de son professeur Hammadi Mezzi. Il s\u2019est rapidement tourn\u00e9 vers le th\u00e9\u00e2tre amateur avant d\u2019int\u00e9grer l\u2019Institut sup\u00e9rieur d\u2019art dramatique de Tunis, o\u00f9 il a brill\u00e9 et obtenu son dipl\u00f4me en 1986.<\/p>\n<p>Au cours de sa carri\u00e8re, il a incarn\u00e9 des r\u00f4les m\u00e9morables dans des productions dramatiques tunisiennes, arabes et europ\u00e9ennes. Son impressionnant palmar\u00e8s inclut 21 longs m\u00e9trages, 3 courts m\u00e9trages, 32 s\u00e9ries t\u00e9l\u00e9vis\u00e9es, 6 pi\u00e8ces de th\u00e9\u00e2tre et 2 cr\u00e9ations radiophoniques.<\/p>\n<p>Fethi Haddaoui \u00e9tait bien plus qu\u2019un acteur. Il \u00e9tait une \u00e2me cr\u00e9ative, un visionnaire, toujours \u00e0 la recherche de projets novateurs qui interpellaient les sensibilit\u00e9s de son public. Sa polyvalence lui a permis de r\u00e9ussir autant dans des productions historiques que contemporaines, tunisiennes, arabes ou m\u00eame europ\u00e9ennes.<\/p>\n<p>En effet, son charisme et sa polyvalence lui ont permis de jouer des r\u00f4les vari\u00e9s, allant de personnages historiques \u00e0 des figures contemporaines. Il est \u00e9galement appr\u00e9ci\u00e9 pour sa capacit\u00e9 \u00e0 s&rsquo;adapter \u00e0 des styles diff\u00e9rents, que ce soit dans des drames ou des com\u00e9dies.<\/p>\n<p>La disparition de Fethi Haddaoui laisse un vide immense dans le paysage culturel tunisien. Ses coll\u00e8gues, amis et admirateurs se souviennent de lui comme d\u2019un homme passionn\u00e9, d\u00e9vou\u00e9 \u00e0 son art et g\u00e9n\u00e9reux dans son partage des savoirs. Il \u00e9tait un mod\u00e8le d\u2019humilit\u00e9 et de r\u00e9silience, des qualit\u00e9s qui transparaissaient dans son travail.<\/p>\n<p>D\u00e8s l\u2019annonce de son d\u00e9c\u00e8s, de nombreux hommages affluent, t\u00e9moignant de l\u2019impact profond qu\u2019il a eu sur la soci\u00e9t\u00e9 tunisienne et sur les esprits qu\u2019il a touch\u00e9s. \u00c0 travers ses r\u00f4les et ses cr\u00e9ations, Fethi Haddaoui a su refl\u00e9ter les r\u00e9alit\u00e9s, les r\u00eaves et les luttes de son temps.<\/p>\n","protected":false},"excerpt":{"rendered":"<p>La sc\u00e8ne artistique tunisienne a perdu l\u2019un de ses plus grands cr\u00e9ateurs, qui a marqu\u00e9 le paysage culturel avec de nombreuses \u0153uvres dramatiques et th\u00e9\u00e2trales a&#8230;<\/p>\n","protected":false},"author":3163,"featured_media":291533,"comment_status":"open","ping_status":"closed","sticky":false,"template":"","format":"standard","meta":{"footnotes":""},"categories":[2594],"tags":[10763,2830,2608],"class_list":["post-218305","post","type-post","status-publish","format-standard","has-post-thumbnail","hentry","category-culture","tag-fethi-haddaoui","tag-deces","tag-tunisie"],"yoast_head":"<!-- This site is optimized with the Yoast SEO Premium plugin v27.4 (Yoast SEO v27.5) - https:\/\/yoast.com\/product\/yoast-seo-premium-wordpress\/ -->\n<title>Tunisie - Fethi Haddaoui, figure embl\u00e9matique de l&#039;art tunisien, dispara\u00eet !<\/title>\n<meta name=\"description\" content=\"La sc\u00e8ne artistique tunisienne a perdu l\u2019un de ses plus grands cr\u00e9ateurs, qui a marqu\u00e9 le paysage culturel avec de nombreuses \u0153uvres dramatiques et th\u00e9\u00e2trales a...\" \/>\n<link rel=\"canonical\" href=\"https:\/\/www.webdo.tn\/fr\/actualite\/culture\/tunisie-fethi-haddaoui-s-est-eteint\/218305\/\" \/>\n<meta property=\"og:locale\" content=\"fr_FR\" \/>\n<meta property=\"og:type\" content=\"article\" \/>\n<meta property=\"og:title\" content=\"Tunisie - Fethi Haddaoui, figure embl\u00e9matique de l&#039;art tunisien, dispara\u00eet !\" \/>\n<meta property=\"og:description\" content=\"La sc\u00e8ne artistique tunisienne a perdu l\u2019un de ses plus grands cr\u00e9ateurs, qui a marqu\u00e9 le paysage culturel avec de nombreuses \u0153uvres dramatiques et th\u00e9\u00e2trales a...\" \/>\n<meta property=\"og:url\" content=\"https:\/\/www.webdo.tn\/fr\/actualite\/culture\/tunisie-fethi-haddaoui-s-est-eteint\/218305\/\" \/>\n<meta property=\"og:site_name\" content=\"webdo\" \/>\n<meta property=\"article:publisher\" content=\"https:\/\/www.facebook.com\/webdotn\" \/>\n<meta property=\"article:published_time\" content=\"2024-12-12T18:46:00+00:00\" \/>\n<meta property=\"article:modified_time\" content=\"2025-05-20T22:22:11+00:00\" \/>\n<meta property=\"og:image\" content=\"https:\/\/www.webdo.tn\/fr\/wp-content\/uploads\/2024\/12\/5938571dec4e5fa2a3e4b7ce14aedb1d.webp\" \/>\n\t<meta property=\"og:image:width\" content=\"750\" \/>\n\t<meta property=\"og:image:height\" content=\"400\" \/>\n\t<meta property=\"og:image:type\" content=\"image\/webp\" \/>\n<meta name=\"author\" content=\"KJ\" \/>\n<meta name=\"twitter:card\" content=\"summary_large_image\" \/>\n<meta name=\"twitter:creator\" content=\"@webdo_tn\" \/>\n<meta name=\"twitter:site\" content=\"@webdo_tn\" \/>\n<meta name=\"twitter:label1\" content=\"\u00c9crit par\" \/>\n\t<meta name=\"twitter:data1\" content=\"KJ\" \/>\n\t<meta name=\"twitter:label2\" content=\"Dur\u00e9e de lecture estim\u00e9e\" \/>\n\t<meta name=\"twitter:data2\" content=\"2 minutes\" \/>\n<script type=\"application\/ld+json\" class=\"yoast-schema-graph\">{\"@context\":\"https:\\\/\\\/schema.org\",\"@graph\":[{\"@type\":\"NewsArticle\",\"@id\":\"https:\\\/\\\/www.webdo.tn\\\/fr\\\/actualite\\\/culture\\\/tunisie-fethi-haddaoui-s-est-eteint\\\/218305\\\/#article\",\"isPartOf\":{\"@id\":\"https:\\\/\\\/www.webdo.tn\\\/fr\\\/actualite\\\/culture\\\/tunisie-fethi-haddaoui-s-est-eteint\\\/218305\\\/\"},\"author\":{\"name\":\"KJ\",\"@id\":\"https:\\\/\\\/www.webdo.tn\\\/fr\\\/#\\\/schema\\\/person\\\/82ca085b22037d285e1a3c4b65ba5f71\"},\"headline\":\"Tunisie &#8211; Fethi Haddaoui, figure embl\u00e9matique de l&rsquo;art tunisien, dispara\u00eet !\",\"datePublished\":\"2024-12-12T18:46:00+00:00\",\"dateModified\":\"2025-05-20T22:22:11+00:00\",\"mainEntityOfPage\":{\"@id\":\"https:\\\/\\\/www.webdo.tn\\\/fr\\\/actualite\\\/culture\\\/tunisie-fethi-haddaoui-s-est-eteint\\\/218305\\\/\"},\"wordCount\":425,\"commentCount\":0,\"publisher\":{\"@id\":\"https:\\\/\\\/www.webdo.tn\\\/fr\\\/#organization\"},\"image\":{\"@id\":\"https:\\\/\\\/www.webdo.tn\\\/fr\\\/actualite\\\/culture\\\/tunisie-fethi-haddaoui-s-est-eteint\\\/218305\\\/#primaryimage\"},\"thumbnailUrl\":\"https:\\\/\\\/www.webdo.tn\\\/fr\\\/wp-content\\\/uploads\\\/2024\\\/12\\\/5938571dec4e5fa2a3e4b7ce14aedb1d.webp\",\"keywords\":[\"'Fethi Haddaoui']\",\"D\u00e9c\u00e8s\",\"Tunisie\"],\"articleSection\":[\"Culture\"],\"inLanguage\":\"fr-FR\"},{\"@type\":\"WebPage\",\"@id\":\"https:\\\/\\\/www.webdo.tn\\\/fr\\\/actualite\\\/culture\\\/tunisie-fethi-haddaoui-s-est-eteint\\\/218305\\\/\",\"url\":\"https:\\\/\\\/www.webdo.tn\\\/fr\\\/actualite\\\/culture\\\/tunisie-fethi-haddaoui-s-est-eteint\\\/218305\\\/\",\"name\":\"Tunisie - Fethi Haddaoui, figure embl\u00e9matique de l'art tunisien, dispara\u00eet !\",\"isPartOf\":{\"@id\":\"https:\\\/\\\/www.webdo.tn\\\/fr\\\/#website\"},\"primaryImageOfPage\":{\"@id\":\"https:\\\/\\\/www.webdo.tn\\\/fr\\\/actualite\\\/culture\\\/tunisie-fethi-haddaoui-s-est-eteint\\\/218305\\\/#primaryimage\"},\"image\":{\"@id\":\"https:\\\/\\\/www.webdo.tn\\\/fr\\\/actualite\\\/culture\\\/tunisie-fethi-haddaoui-s-est-eteint\\\/218305\\\/#primaryimage\"},\"thumbnailUrl\":\"https:\\\/\\\/www.webdo.tn\\\/fr\\\/wp-content\\\/uploads\\\/2024\\\/12\\\/5938571dec4e5fa2a3e4b7ce14aedb1d.webp\",\"datePublished\":\"2024-12-12T18:46:00+00:00\",\"dateModified\":\"2025-05-20T22:22:11+00:00\",\"description\":\"La sc\u00e8ne artistique tunisienne a perdu l\u2019un de ses plus grands cr\u00e9ateurs, qui a marqu\u00e9 le paysage culturel avec de nombreuses \u0153uvres dramatiques et th\u00e9\u00e2trales a...\",\"breadcrumb\":{\"@id\":\"https:\\\/\\\/www.webdo.tn\\\/fr\\\/actualite\\\/culture\\\/tunisie-fethi-haddaoui-s-est-eteint\\\/218305\\\/#breadcrumb\"},\"inLanguage\":\"fr-FR\",\"potentialAction\":[{\"@type\":\"ReadAction\",\"target\":[\"https:\\\/\\\/www.webdo.tn\\\/fr\\\/actualite\\\/culture\\\/tunisie-fethi-haddaoui-s-est-eteint\\\/218305\\\/\"]}]},{\"@type\":\"ImageObject\",\"inLanguage\":\"fr-FR\",\"@id\":\"https:\\\/\\\/www.webdo.tn\\\/fr\\\/actualite\\\/culture\\\/tunisie-fethi-haddaoui-s-est-eteint\\\/218305\\\/#primaryimage\",\"url\":\"https:\\\/\\\/www.webdo.tn\\\/fr\\\/wp-content\\\/uploads\\\/2024\\\/12\\\/5938571dec4e5fa2a3e4b7ce14aedb1d.webp\",\"contentUrl\":\"https:\\\/\\\/www.webdo.tn\\\/fr\\\/wp-content\\\/uploads\\\/2024\\\/12\\\/5938571dec4e5fa2a3e4b7ce14aedb1d.webp\",\"width\":750,\"height\":400,\"caption\":\"Tunisie - Fethi Haddaoui, figure embl\u00e9matique de l'art tunisien, dispara\u00eet !\"},{\"@type\":\"BreadcrumbList\",\"@id\":\"https:\\\/\\\/www.webdo.tn\\\/fr\\\/actualite\\\/culture\\\/tunisie-fethi-haddaoui-s-est-eteint\\\/218305\\\/#breadcrumb\",\"itemListElement\":[{\"@type\":\"ListItem\",\"position\":1,\"name\":\"Accueil\",\"item\":\"https:\\\/\\\/www.webdo.tn\\\/fr\\\/\"},{\"@type\":\"ListItem\",\"position\":2,\"name\":\"Tunisie &#8211; Fethi Haddaoui, figure embl\u00e9matique de l&rsquo;art tunisien, dispara\u00eet !\"}]},{\"@type\":\"WebSite\",\"@id\":\"https:\\\/\\\/www.webdo.tn\\\/fr\\\/#website\",\"url\":\"https:\\\/\\\/www.webdo.tn\\\/fr\\\/\",\"name\":\"webdo\",\"description\":\"Tunisie - News en Tunisie et \u00e0 l&#039;international sur Webdo.tn\",\"publisher\":{\"@id\":\"https:\\\/\\\/www.webdo.tn\\\/fr\\\/#organization\"},\"potentialAction\":[{\"@type\":\"SearchAction\",\"target\":{\"@type\":\"EntryPoint\",\"urlTemplate\":\"https:\\\/\\\/www.webdo.tn\\\/fr\\\/?s={search_term_string}\"},\"query-input\":{\"@type\":\"PropertyValueSpecification\",\"valueRequired\":true,\"valueName\":\"search_term_string\"}}],\"inLanguage\":\"fr-FR\"},{\"@type\":\"Organization\",\"@id\":\"https:\\\/\\\/www.webdo.tn\\\/fr\\\/#organization\",\"name\":\"Webdo\",\"alternateName\":\"Webdo.tn\",\"url\":\"https:\\\/\\\/www.webdo.tn\\\/fr\\\/\",\"logo\":{\"@type\":\"ImageObject\",\"inLanguage\":\"fr-FR\",\"@id\":\"https:\\\/\\\/www.webdo.tn\\\/fr\\\/#\\\/schema\\\/logo\\\/image\\\/\",\"url\":\"https:\\\/\\\/www.webdo.tn\\\/fr\\\/wp-content\\\/uploads\\\/2025\\\/06\\\/Webdo-Tunisie_168377.jpg\",\"contentUrl\":\"https:\\\/\\\/www.webdo.tn\\\/fr\\\/wp-content\\\/uploads\\\/2025\\\/06\\\/Webdo-Tunisie_168377.jpg\",\"width\":301,\"height\":301,\"caption\":\"Webdo\"},\"image\":{\"@id\":\"https:\\\/\\\/www.webdo.tn\\\/fr\\\/#\\\/schema\\\/logo\\\/image\\\/\"},\"sameAs\":[\"https:\\\/\\\/www.facebook.com\\\/webdotn\",\"https:\\\/\\\/x.com\\\/webdo_tn\"],\"description\":\"Webdo est un m\u00e9dia num\u00e9rique tunisien fond\u00e9 en 2010, sp\u00e9cialis\u00e9 dans l\u2019actualit\u00e9 nationale et internationale, l\u2019\u00e9conomie, la soci\u00e9t\u00e9 et les analyses politiques. Le site s\u2019adresse \u00e0 un large public francophone et couvre l\u2019information tunisienne en temps r\u00e9el.\",\"email\":\"redac@webdo.tn\",\"legalName\":\"YNJ SARL\",\"foundingDate\":\"2010-09-06\",\"numberOfEmployees\":{\"@type\":\"QuantitativeValue\",\"minValue\":\"11\",\"maxValue\":\"50\"}},{\"@type\":\"Person\",\"@id\":\"https:\\\/\\\/www.webdo.tn\\\/fr\\\/#\\\/schema\\\/person\\\/82ca085b22037d285e1a3c4b65ba5f71\",\"name\":\"KJ\",\"image\":{\"@type\":\"ImageObject\",\"inLanguage\":\"fr-FR\",\"@id\":\"https:\\\/\\\/secure.gravatar.com\\\/avatar\\\/1a1320de1c1971c893f00068f760b4113d69504aa21273da17ee95650c5944fd?s=96&d=mm&r=g\",\"url\":\"https:\\\/\\\/secure.gravatar.com\\\/avatar\\\/1a1320de1c1971c893f00068f760b4113d69504aa21273da17ee95650c5944fd?s=96&d=mm&r=g\",\"contentUrl\":\"https:\\\/\\\/secure.gravatar.com\\\/avatar\\\/1a1320de1c1971c893f00068f760b4113d69504aa21273da17ee95650c5944fd?s=96&d=mm&r=g\",\"caption\":\"KJ\"},\"url\":\"https:\\\/\\\/www.webdo.tn\\\/fr\\\/actualite\\\/author\\\/kj\\\/\"}]}<\/script>\n<!-- \/ Yoast SEO Premium plugin. -->","yoast_head_json":{"title":"Tunisie - Fethi Haddaoui, figure embl\u00e9matique de l'art tunisien, dispara\u00eet !","description":"La sc\u00e8ne artistique tunisienne a perdu l\u2019un de ses plus grands cr\u00e9ateurs, qui a marqu\u00e9 le paysage culturel avec de nombreuses \u0153uvres dramatiques et th\u00e9\u00e2trales a...","canonical":"https:\/\/www.webdo.tn\/fr\/actualite\/culture\/tunisie-fethi-haddaoui-s-est-eteint\/218305\/","og_locale":"fr_FR","og_type":"article","og_title":"Tunisie - Fethi Haddaoui, figure embl\u00e9matique de l'art tunisien, dispara\u00eet !","og_description":"La sc\u00e8ne artistique tunisienne a perdu l\u2019un de ses plus grands cr\u00e9ateurs, qui a marqu\u00e9 le paysage culturel avec de nombreuses \u0153uvres dramatiques et th\u00e9\u00e2trales a...","og_url":"https:\/\/www.webdo.tn\/fr\/actualite\/culture\/tunisie-fethi-haddaoui-s-est-eteint\/218305\/","og_site_name":"webdo","article_publisher":"https:\/\/www.facebook.com\/webdotn","article_published_time":"2024-12-12T18:46:00+00:00","article_modified_time":"2025-05-20T22:22:11+00:00","og_image":[{"width":750,"height":400,"url":"https:\/\/www.webdo.tn\/fr\/wp-content\/uploads\/2024\/12\/5938571dec4e5fa2a3e4b7ce14aedb1d.webp","type":"image\/webp"}],"author":"KJ","twitter_card":"summary_large_image","twitter_creator":"@webdo_tn","twitter_site":"@webdo_tn","twitter_misc":{"\u00c9crit par":"KJ","Dur\u00e9e de lecture estim\u00e9e":"2 minutes"},"schema":{"@context":"https:\/\/schema.org","@graph":[{"@type":"NewsArticle","@id":"https:\/\/www.webdo.tn\/fr\/actualite\/culture\/tunisie-fethi-haddaoui-s-est-eteint\/218305\/#article","isPartOf":{"@id":"https:\/\/www.webdo.tn\/fr\/actualite\/culture\/tunisie-fethi-haddaoui-s-est-eteint\/218305\/"},"author":{"name":"KJ","@id":"https:\/\/www.webdo.tn\/fr\/#\/schema\/person\/82ca085b22037d285e1a3c4b65ba5f71"},"headline":"Tunisie &#8211; Fethi Haddaoui, figure embl\u00e9matique de l&rsquo;art tunisien, dispara\u00eet !","datePublished":"2024-12-12T18:46:00+00:00","dateModified":"2025-05-20T22:22:11+00:00","mainEntityOfPage":{"@id":"https:\/\/www.webdo.tn\/fr\/actualite\/culture\/tunisie-fethi-haddaoui-s-est-eteint\/218305\/"},"wordCount":425,"commentCount":0,"publisher":{"@id":"https:\/\/www.webdo.tn\/fr\/#organization"},"image":{"@id":"https:\/\/www.webdo.tn\/fr\/actualite\/culture\/tunisie-fethi-haddaoui-s-est-eteint\/218305\/#primaryimage"},"thumbnailUrl":"https:\/\/www.webdo.tn\/fr\/wp-content\/uploads\/2024\/12\/5938571dec4e5fa2a3e4b7ce14aedb1d.webp","keywords":["'Fethi Haddaoui']","D\u00e9c\u00e8s","Tunisie"],"articleSection":["Culture"],"inLanguage":"fr-FR"},{"@type":"WebPage","@id":"https:\/\/www.webdo.tn\/fr\/actualite\/culture\/tunisie-fethi-haddaoui-s-est-eteint\/218305\/","url":"https:\/\/www.webdo.tn\/fr\/actualite\/culture\/tunisie-fethi-haddaoui-s-est-eteint\/218305\/","name":"Tunisie - Fethi Haddaoui, figure embl\u00e9matique de l'art tunisien, dispara\u00eet !","isPartOf":{"@id":"https:\/\/www.webdo.tn\/fr\/#website"},"primaryImageOfPage":{"@id":"https:\/\/www.webdo.tn\/fr\/actualite\/culture\/tunisie-fethi-haddaoui-s-est-eteint\/218305\/#primaryimage"},"image":{"@id":"https:\/\/www.webdo.tn\/fr\/actualite\/culture\/tunisie-fethi-haddaoui-s-est-eteint\/218305\/#primaryimage"},"thumbnailUrl":"https:\/\/www.webdo.tn\/fr\/wp-content\/uploads\/2024\/12\/5938571dec4e5fa2a3e4b7ce14aedb1d.webp","datePublished":"2024-12-12T18:46:00+00:00","dateModified":"2025-05-20T22:22:11+00:00","description":"La sc\u00e8ne artistique tunisienne a perdu l\u2019un de ses plus grands cr\u00e9ateurs, qui a marqu\u00e9 le paysage culturel avec de nombreuses \u0153uvres dramatiques et th\u00e9\u00e2trales a...","breadcrumb":{"@id":"https:\/\/www.webdo.tn\/fr\/actualite\/culture\/tunisie-fethi-haddaoui-s-est-eteint\/218305\/#breadcrumb"},"inLanguage":"fr-FR","potentialAction":[{"@type":"ReadAction","target":["https:\/\/www.webdo.tn\/fr\/actualite\/culture\/tunisie-fethi-haddaoui-s-est-eteint\/218305\/"]}]},{"@type":"ImageObject","inLanguage":"fr-FR","@id":"https:\/\/www.webdo.tn\/fr\/actualite\/culture\/tunisie-fethi-haddaoui-s-est-eteint\/218305\/#primaryimage","url":"https:\/\/www.webdo.tn\/fr\/wp-content\/uploads\/2024\/12\/5938571dec4e5fa2a3e4b7ce14aedb1d.webp","contentUrl":"https:\/\/www.webdo.tn\/fr\/wp-content\/uploads\/2024\/12\/5938571dec4e5fa2a3e4b7ce14aedb1d.webp","width":750,"height":400,"caption":"Tunisie - Fethi Haddaoui, figure embl\u00e9matique de l'art tunisien, dispara\u00eet !"},{"@type":"BreadcrumbList","@id":"https:\/\/www.webdo.tn\/fr\/actualite\/culture\/tunisie-fethi-haddaoui-s-est-eteint\/218305\/#breadcrumb","itemListElement":[{"@type":"ListItem","position":1,"name":"Accueil","item":"https:\/\/www.webdo.tn\/fr\/"},{"@type":"ListItem","position":2,"name":"Tunisie &#8211; Fethi Haddaoui, figure embl\u00e9matique de l&rsquo;art tunisien, dispara\u00eet !"}]},{"@type":"WebSite","@id":"https:\/\/www.webdo.tn\/fr\/#website","url":"https:\/\/www.webdo.tn\/fr\/","name":"webdo","description":"Tunisie - News en Tunisie et \u00e0 l&#039;international sur Webdo.tn","publisher":{"@id":"https:\/\/www.webdo.tn\/fr\/#organization"},"potentialAction":[{"@type":"SearchAction","target":{"@type":"EntryPoint","urlTemplate":"https:\/\/www.webdo.tn\/fr\/?s={search_term_string}"},"query-input":{"@type":"PropertyValueSpecification","valueRequired":true,"valueName":"search_term_string"}}],"inLanguage":"fr-FR"},{"@type":"Organization","@id":"https:\/\/www.webdo.tn\/fr\/#organization","name":"Webdo","alternateName":"Webdo.tn","url":"https:\/\/www.webdo.tn\/fr\/","logo":{"@type":"ImageObject","inLanguage":"fr-FR","@id":"https:\/\/www.webdo.tn\/fr\/#\/schema\/logo\/image\/","url":"https:\/\/www.webdo.tn\/fr\/wp-content\/uploads\/2025\/06\/Webdo-Tunisie_168377.jpg","contentUrl":"https:\/\/www.webdo.tn\/fr\/wp-content\/uploads\/2025\/06\/Webdo-Tunisie_168377.jpg","width":301,"height":301,"caption":"Webdo"},"image":{"@id":"https:\/\/www.webdo.tn\/fr\/#\/schema\/logo\/image\/"},"sameAs":["https:\/\/www.facebook.com\/webdotn","https:\/\/x.com\/webdo_tn"],"description":"Webdo est un m\u00e9dia num\u00e9rique tunisien fond\u00e9 en 2010, sp\u00e9cialis\u00e9 dans l\u2019actualit\u00e9 nationale et internationale, l\u2019\u00e9conomie, la soci\u00e9t\u00e9 et les analyses politiques. Le site s\u2019adresse \u00e0 un large public francophone et couvre l\u2019information tunisienne en temps r\u00e9el.","email":"redac@webdo.tn","legalName":"YNJ SARL","foundingDate":"2010-09-06","numberOfEmployees":{"@type":"QuantitativeValue","minValue":"11","maxValue":"50"}},{"@type":"Person","@id":"https:\/\/www.webdo.tn\/fr\/#\/schema\/person\/82ca085b22037d285e1a3c4b65ba5f71","name":"KJ","image":{"@type":"ImageObject","inLanguage":"fr-FR","@id":"https:\/\/secure.gravatar.com\/avatar\/1a1320de1c1971c893f00068f760b4113d69504aa21273da17ee95650c5944fd?s=96&d=mm&r=g","url":"https:\/\/secure.gravatar.com\/avatar\/1a1320de1c1971c893f00068f760b4113d69504aa21273da17ee95650c5944fd?s=96&d=mm&r=g","contentUrl":"https:\/\/secure.gravatar.com\/avatar\/1a1320de1c1971c893f00068f760b4113d69504aa21273da17ee95650c5944fd?s=96&d=mm&r=g","caption":"KJ"},"url":"https:\/\/www.webdo.tn\/fr\/actualite\/author\/kj\/"}]}},"_links":{"self":[{"href":"https:\/\/www.webdo.tn\/fr\/wp-json\/wp\/v2\/posts\/218305","targetHints":{"allow":["GET"]}}],"collection":[{"href":"https:\/\/www.webdo.tn\/fr\/wp-json\/wp\/v2\/posts"}],"about":[{"href":"https:\/\/www.webdo.tn\/fr\/wp-json\/wp\/v2\/types\/post"}],"author":[{"embeddable":true,"href":"https:\/\/www.webdo.tn\/fr\/wp-json\/wp\/v2\/users\/3163"}],"replies":[{"embeddable":true,"href":"https:\/\/www.webdo.tn\/fr\/wp-json\/wp\/v2\/comments?post=218305"}],"version-history":[{"count":0,"href":"https:\/\/www.webdo.tn\/fr\/wp-json\/wp\/v2\/posts\/218305\/revisions"}],"wp:featuredmedia":[{"embeddable":true,"href":"https:\/\/www.webdo.tn\/fr\/wp-json\/wp\/v2\/media\/291533"}],"wp:attachment":[{"href":"https:\/\/www.webdo.tn\/fr\/wp-json\/wp\/v2\/media?parent=218305"}],"wp:term":[{"taxonomy":"category","embeddable":true,"href":"https:\/\/www.webdo.tn\/fr\/wp-json\/wp\/v2\/categories?post=218305"},{"taxonomy":"post_tag","embeddable":true,"href":"https:\/\/www.webdo.tn\/fr\/wp-json\/wp\/v2\/tags?post=218305"}],"curies":[{"name":"wp","href":"https:\/\/api.w.org\/{rel}","templated":true}]}}