{"id":218296,"date":"2024-12-12T11:55:00","date_gmt":"2024-12-12T11:55:00","guid":{"rendered":"https:\/\/www.webdo.tn\/fr\/blog\/tunisie-27-migrants-secourus-et-sept-corps-repeches\/218296\/"},"modified":"2025-05-20T22:15:31","modified_gmt":"2025-05-20T22:15:31","slug":"tunisie-27-migrants-secourus-et-sept-corps-repeches","status":"publish","type":"post","link":"https:\/\/www.webdo.tn\/fr\/actualite\/national\/tunisie-27-migrants-secourus-et-sept-corps-repeches\/218296\/","title":{"rendered":"Tunisie : 27 migrants secourus et sept corps rep\u00each\u00e9s"},"content":{"rendered":"<p>La Direction g\u00e9n\u00e9rale de la Garde nationale a annonc\u00e9, dans un communiqu\u00e9, que les unit\u00e9s de la garde maritime du district du centre ont r\u00e9ussi \u00e0 secourir 27 personnes et \u00e0 rep\u00eacher les corps de 7 victimes apr\u00e8s qu\u2019un bateau transportant des migrants ait subi une avarie en mer.<\/p>\n<p>\t\t\t\t\t\t\t\t\tLa Direction g\u00e9n\u00e9rale de la Garde nationale a annonc\u00e9, dans un communiqu\u00e9, que les unit\u00e9s de la garde maritime du district du centre ont r\u00e9ussi \u00e0 secourir 27 personnes et \u00e0 rep\u00eacher les corps de 7 victimes apr\u00e8s qu\u2019un bateau transportant des migrants ait subi une avarie en mer.<\/p>\n<p>Selon ce communiqu\u00e9, un appel d\u2019urgence signalait une infiltration d\u2019eau \u00e0 bord d\u2019une embarcation transportant des migrants irr\u00e9guliers originaires de pays d\u2019Afrique subsaharienne. L\u2019incident s\u2019est produit en pleine mer.<\/p>\n<p>Les unit\u00e9s de secours rapides ont \u00e9t\u00e9 imm\u00e9diatement d\u00e9ploy\u00e9es sur les lieux. Elles ont r\u00e9ussi \u00e0 sauver 27 personnes et \u00e0 les \u00e9vacuer rapidement, malgr\u00e9 des conditions m\u00e9t\u00e9orologiques particuli\u00e8rement difficiles. Par ailleurs, elles ont r\u00e9cup\u00e9r\u00e9 les corps de sept victimes.<\/p>\n<p>Les survivants ont re\u00e7u des soins de premiers secours sur place avant d\u2019\u00eatre transport\u00e9s vers le port pour une prise en charge m\u00e9dicale compl\u00e9mentaire. Cette intervention s\u2019est d\u00e9roul\u00e9e dans le cadre d\u2019une coordination efficace avec les diff\u00e9rentes parties concern\u00e9es.<\/p>\n<p>Par ailleurs, une fillette de 11 ans est arriv\u00e9e seule sur l\u2019\u00eele italienne de Lampedusa apr\u00e8s avoir surv\u00e9cu \u00e0 un naufrage, a rapport\u00e9 aujourd&rsquo;hui l&rsquo;agence italienne Ansa.<\/p>\n<p>Elle est la seule rescap\u00e9e du naufrage d&rsquo;un bateau transportant 45 migrants parti de Sfax dans la nuit du 8 au 9 d\u00e9cembre, et qui a \u00e9t\u00e9 pris dans une temp\u00eate. Les 44 autres passagers sont port\u00e9s disparus, pr\u00e9sum\u00e9s noy\u00e9s.<\/p>\n","protected":false},"excerpt":{"rendered":"<p>La Direction g\u00e9n\u00e9rale de la Garde nationale a annonc\u00e9, dans un communiqu\u00e9, que les unit\u00e9s de la garde maritime du district du centre ont r\u00e9ussi \u00e0 secourir 27 pe&#8230;<\/p>\n","protected":false},"author":3162,"featured_media":291528,"comment_status":"open","ping_status":"closed","sticky":false,"template":"","format":"standard","meta":{"footnotes":""},"categories":[44],"tags":[6400,2894,3594,2608],"class_list":["post-218296","post","type-post","status-publish","format-standard","has-post-thumbnail","hentry","category-national","tag-garde-maritime","tag-migrants","tag-naufrage","tag-tunisie"],"yoast_head":"<!-- This site is optimized with the Yoast SEO Premium plugin v27.4 (Yoast SEO v27.5) - https:\/\/yoast.com\/product\/yoast-seo-premium-wordpress\/ -->\n<title>Tunisie : 27 migrants secourus et sept corps rep\u00each\u00e9s<\/title>\n<meta name=\"description\" content=\"La Direction g\u00e9n\u00e9rale de la Garde nationale a annonc\u00e9, dans un communiqu\u00e9, que les unit\u00e9s de la garde maritime du district du centre ont r\u00e9ussi \u00e0 secourir 27 pe...\" \/>\n<link rel=\"canonical\" href=\"https:\/\/www.webdo.tn\/fr\/actualite\/national\/tunisie-27-migrants-secourus-et-sept-corps-repeches\/218296\/\" \/>\n<meta property=\"og:locale\" content=\"fr_FR\" \/>\n<meta property=\"og:type\" content=\"article\" \/>\n<meta property=\"og:title\" content=\"Tunisie : 27 migrants secourus et sept corps rep\u00each\u00e9s\" \/>\n<meta property=\"og:description\" content=\"La Direction g\u00e9n\u00e9rale de la Garde nationale a annonc\u00e9, dans un communiqu\u00e9, que les unit\u00e9s de la garde maritime du district du centre ont r\u00e9ussi \u00e0 secourir 27 pe...\" \/>\n<meta property=\"og:url\" content=\"https:\/\/www.webdo.tn\/fr\/actualite\/national\/tunisie-27-migrants-secourus-et-sept-corps-repeches\/218296\/\" \/>\n<meta property=\"og:site_name\" content=\"webdo\" \/>\n<meta property=\"article:publisher\" content=\"https:\/\/www.facebook.com\/webdotn\" \/>\n<meta property=\"article:published_time\" content=\"2024-12-12T11:55:00+00:00\" \/>\n<meta property=\"article:modified_time\" content=\"2025-05-20T22:15:31+00:00\" \/>\n<meta property=\"og:image\" content=\"https:\/\/www.webdo.tn\/fr\/wp-content\/uploads\/2024\/12\/30243124cc22211e01b46ceee6464a91.webp\" \/>\n\t<meta property=\"og:image:width\" content=\"750\" \/>\n\t<meta property=\"og:image:height\" content=\"400\" \/>\n\t<meta property=\"og:image:type\" content=\"image\/webp\" \/>\n<meta name=\"author\" content=\"MC\" \/>\n<meta name=\"twitter:card\" content=\"summary_large_image\" \/>\n<meta name=\"twitter:creator\" content=\"@webdo_tn\" \/>\n<meta name=\"twitter:site\" content=\"@webdo_tn\" \/>\n<meta name=\"twitter:label1\" content=\"\u00c9crit par\" \/>\n\t<meta name=\"twitter:data1\" content=\"MC\" \/>\n\t<meta name=\"twitter:label2\" content=\"Dur\u00e9e de lecture estim\u00e9e\" \/>\n\t<meta name=\"twitter:data2\" content=\"2 minutes\" \/>\n<script type=\"application\/ld+json\" class=\"yoast-schema-graph\">{\"@context\":\"https:\\\/\\\/schema.org\",\"@graph\":[{\"@type\":\"NewsArticle\",\"@id\":\"https:\\\/\\\/www.webdo.tn\\\/fr\\\/actualite\\\/national\\\/tunisie-27-migrants-secourus-et-sept-corps-repeches\\\/218296\\\/#article\",\"isPartOf\":{\"@id\":\"https:\\\/\\\/www.webdo.tn\\\/fr\\\/actualite\\\/national\\\/tunisie-27-migrants-secourus-et-sept-corps-repeches\\\/218296\\\/\"},\"author\":{\"name\":\"MC\",\"@id\":\"https:\\\/\\\/www.webdo.tn\\\/fr\\\/#\\\/schema\\\/person\\\/2c4929cbf5a809e3bd38617c6ce150f6\"},\"headline\":\"Tunisie : 27 migrants secourus et sept corps rep\u00each\u00e9s\",\"datePublished\":\"2024-12-12T11:55:00+00:00\",\"dateModified\":\"2025-05-20T22:15:31+00:00\",\"mainEntityOfPage\":{\"@id\":\"https:\\\/\\\/www.webdo.tn\\\/fr\\\/actualite\\\/national\\\/tunisie-27-migrants-secourus-et-sept-corps-repeches\\\/218296\\\/\"},\"wordCount\":320,\"commentCount\":0,\"publisher\":{\"@id\":\"https:\\\/\\\/www.webdo.tn\\\/fr\\\/#organization\"},\"image\":{\"@id\":\"https:\\\/\\\/www.webdo.tn\\\/fr\\\/actualite\\\/national\\\/tunisie-27-migrants-secourus-et-sept-corps-repeches\\\/218296\\\/#primaryimage\"},\"thumbnailUrl\":\"https:\\\/\\\/www.webdo.tn\\\/fr\\\/wp-content\\\/uploads\\\/2024\\\/12\\\/30243124cc22211e01b46ceee6464a91.webp\",\"keywords\":[\"garde maritime\",\"migrants\",\"naufrage\",\"Tunisie\"],\"articleSection\":[\"National\"],\"inLanguage\":\"fr-FR\"},{\"@type\":\"WebPage\",\"@id\":\"https:\\\/\\\/www.webdo.tn\\\/fr\\\/actualite\\\/national\\\/tunisie-27-migrants-secourus-et-sept-corps-repeches\\\/218296\\\/\",\"url\":\"https:\\\/\\\/www.webdo.tn\\\/fr\\\/actualite\\\/national\\\/tunisie-27-migrants-secourus-et-sept-corps-repeches\\\/218296\\\/\",\"name\":\"Tunisie : 27 migrants secourus et sept corps rep\u00each\u00e9s\",\"isPartOf\":{\"@id\":\"https:\\\/\\\/www.webdo.tn\\\/fr\\\/#website\"},\"primaryImageOfPage\":{\"@id\":\"https:\\\/\\\/www.webdo.tn\\\/fr\\\/actualite\\\/national\\\/tunisie-27-migrants-secourus-et-sept-corps-repeches\\\/218296\\\/#primaryimage\"},\"image\":{\"@id\":\"https:\\\/\\\/www.webdo.tn\\\/fr\\\/actualite\\\/national\\\/tunisie-27-migrants-secourus-et-sept-corps-repeches\\\/218296\\\/#primaryimage\"},\"thumbnailUrl\":\"https:\\\/\\\/www.webdo.tn\\\/fr\\\/wp-content\\\/uploads\\\/2024\\\/12\\\/30243124cc22211e01b46ceee6464a91.webp\",\"datePublished\":\"2024-12-12T11:55:00+00:00\",\"dateModified\":\"2025-05-20T22:15:31+00:00\",\"description\":\"La Direction g\u00e9n\u00e9rale de la Garde nationale a annonc\u00e9, dans un communiqu\u00e9, que les unit\u00e9s de la garde maritime du district du centre ont r\u00e9ussi \u00e0 secourir 27 pe...\",\"breadcrumb\":{\"@id\":\"https:\\\/\\\/www.webdo.tn\\\/fr\\\/actualite\\\/national\\\/tunisie-27-migrants-secourus-et-sept-corps-repeches\\\/218296\\\/#breadcrumb\"},\"inLanguage\":\"fr-FR\",\"potentialAction\":[{\"@type\":\"ReadAction\",\"target\":[\"https:\\\/\\\/www.webdo.tn\\\/fr\\\/actualite\\\/national\\\/tunisie-27-migrants-secourus-et-sept-corps-repeches\\\/218296\\\/\"]}]},{\"@type\":\"ImageObject\",\"inLanguage\":\"fr-FR\",\"@id\":\"https:\\\/\\\/www.webdo.tn\\\/fr\\\/actualite\\\/national\\\/tunisie-27-migrants-secourus-et-sept-corps-repeches\\\/218296\\\/#primaryimage\",\"url\":\"https:\\\/\\\/www.webdo.tn\\\/fr\\\/wp-content\\\/uploads\\\/2024\\\/12\\\/30243124cc22211e01b46ceee6464a91.webp\",\"contentUrl\":\"https:\\\/\\\/www.webdo.tn\\\/fr\\\/wp-content\\\/uploads\\\/2024\\\/12\\\/30243124cc22211e01b46ceee6464a91.webp\",\"width\":750,\"height\":400,\"caption\":\"Tunisie : 27 migrants secourus et sept corps rep\u00each\u00e9s\"},{\"@type\":\"BreadcrumbList\",\"@id\":\"https:\\\/\\\/www.webdo.tn\\\/fr\\\/actualite\\\/national\\\/tunisie-27-migrants-secourus-et-sept-corps-repeches\\\/218296\\\/#breadcrumb\",\"itemListElement\":[{\"@type\":\"ListItem\",\"position\":1,\"name\":\"Accueil\",\"item\":\"https:\\\/\\\/www.webdo.tn\\\/fr\\\/\"},{\"@type\":\"ListItem\",\"position\":2,\"name\":\"Tunisie : 27 migrants secourus et sept corps rep\u00each\u00e9s\"}]},{\"@type\":\"WebSite\",\"@id\":\"https:\\\/\\\/www.webdo.tn\\\/fr\\\/#website\",\"url\":\"https:\\\/\\\/www.webdo.tn\\\/fr\\\/\",\"name\":\"webdo\",\"description\":\"Tunisie - News en Tunisie et \u00e0 l&#039;international sur Webdo.tn\",\"publisher\":{\"@id\":\"https:\\\/\\\/www.webdo.tn\\\/fr\\\/#organization\"},\"potentialAction\":[{\"@type\":\"SearchAction\",\"target\":{\"@type\":\"EntryPoint\",\"urlTemplate\":\"https:\\\/\\\/www.webdo.tn\\\/fr\\\/?s={search_term_string}\"},\"query-input\":{\"@type\":\"PropertyValueSpecification\",\"valueRequired\":true,\"valueName\":\"search_term_string\"}}],\"inLanguage\":\"fr-FR\"},{\"@type\":\"Organization\",\"@id\":\"https:\\\/\\\/www.webdo.tn\\\/fr\\\/#organization\",\"name\":\"Webdo\",\"alternateName\":\"Webdo.tn\",\"url\":\"https:\\\/\\\/www.webdo.tn\\\/fr\\\/\",\"logo\":{\"@type\":\"ImageObject\",\"inLanguage\":\"fr-FR\",\"@id\":\"https:\\\/\\\/www.webdo.tn\\\/fr\\\/#\\\/schema\\\/logo\\\/image\\\/\",\"url\":\"https:\\\/\\\/www.webdo.tn\\\/fr\\\/wp-content\\\/uploads\\\/2025\\\/06\\\/Webdo-Tunisie_168377.jpg\",\"contentUrl\":\"https:\\\/\\\/www.webdo.tn\\\/fr\\\/wp-content\\\/uploads\\\/2025\\\/06\\\/Webdo-Tunisie_168377.jpg\",\"width\":301,\"height\":301,\"caption\":\"Webdo\"},\"image\":{\"@id\":\"https:\\\/\\\/www.webdo.tn\\\/fr\\\/#\\\/schema\\\/logo\\\/image\\\/\"},\"sameAs\":[\"https:\\\/\\\/www.facebook.com\\\/webdotn\",\"https:\\\/\\\/x.com\\\/webdo_tn\"],\"description\":\"Webdo est un m\u00e9dia num\u00e9rique tunisien fond\u00e9 en 2010, sp\u00e9cialis\u00e9 dans l\u2019actualit\u00e9 nationale et internationale, l\u2019\u00e9conomie, la soci\u00e9t\u00e9 et les analyses politiques. Le site s\u2019adresse \u00e0 un large public francophone et couvre l\u2019information tunisienne en temps r\u00e9el.\",\"email\":\"redac@webdo.tn\",\"legalName\":\"YNJ SARL\",\"foundingDate\":\"2010-09-06\",\"numberOfEmployees\":{\"@type\":\"QuantitativeValue\",\"minValue\":\"11\",\"maxValue\":\"50\"}},{\"@type\":\"Person\",\"@id\":\"https:\\\/\\\/www.webdo.tn\\\/fr\\\/#\\\/schema\\\/person\\\/2c4929cbf5a809e3bd38617c6ce150f6\",\"name\":\"MC\",\"image\":{\"@type\":\"ImageObject\",\"inLanguage\":\"fr-FR\",\"@id\":\"https:\\\/\\\/secure.gravatar.com\\\/avatar\\\/a545bbb6f84efdd5553dbbc2895e3ca8f1d12c5215e00a041c9670b54aa9b18a?s=96&d=mm&r=g\",\"url\":\"https:\\\/\\\/secure.gravatar.com\\\/avatar\\\/a545bbb6f84efdd5553dbbc2895e3ca8f1d12c5215e00a041c9670b54aa9b18a?s=96&d=mm&r=g\",\"contentUrl\":\"https:\\\/\\\/secure.gravatar.com\\\/avatar\\\/a545bbb6f84efdd5553dbbc2895e3ca8f1d12c5215e00a041c9670b54aa9b18a?s=96&d=mm&r=g\",\"caption\":\"MC\"},\"url\":\"https:\\\/\\\/www.webdo.tn\\\/fr\\\/actualite\\\/author\\\/mc\\\/\"}]}<\/script>\n<!-- \/ Yoast SEO Premium plugin. -->","yoast_head_json":{"title":"Tunisie : 27 migrants secourus et sept corps rep\u00each\u00e9s","description":"La Direction g\u00e9n\u00e9rale de la Garde nationale a annonc\u00e9, dans un communiqu\u00e9, que les unit\u00e9s de la garde maritime du district du centre ont r\u00e9ussi \u00e0 secourir 27 pe...","canonical":"https:\/\/www.webdo.tn\/fr\/actualite\/national\/tunisie-27-migrants-secourus-et-sept-corps-repeches\/218296\/","og_locale":"fr_FR","og_type":"article","og_title":"Tunisie : 27 migrants secourus et sept corps rep\u00each\u00e9s","og_description":"La Direction g\u00e9n\u00e9rale de la Garde nationale a annonc\u00e9, dans un communiqu\u00e9, que les unit\u00e9s de la garde maritime du district du centre ont r\u00e9ussi \u00e0 secourir 27 pe...","og_url":"https:\/\/www.webdo.tn\/fr\/actualite\/national\/tunisie-27-migrants-secourus-et-sept-corps-repeches\/218296\/","og_site_name":"webdo","article_publisher":"https:\/\/www.facebook.com\/webdotn","article_published_time":"2024-12-12T11:55:00+00:00","article_modified_time":"2025-05-20T22:15:31+00:00","og_image":[{"width":750,"height":400,"url":"https:\/\/www.webdo.tn\/fr\/wp-content\/uploads\/2024\/12\/30243124cc22211e01b46ceee6464a91.webp","type":"image\/webp"}],"author":"MC","twitter_card":"summary_large_image","twitter_creator":"@webdo_tn","twitter_site":"@webdo_tn","twitter_misc":{"\u00c9crit par":"MC","Dur\u00e9e de lecture estim\u00e9e":"2 minutes"},"schema":{"@context":"https:\/\/schema.org","@graph":[{"@type":"NewsArticle","@id":"https:\/\/www.webdo.tn\/fr\/actualite\/national\/tunisie-27-migrants-secourus-et-sept-corps-repeches\/218296\/#article","isPartOf":{"@id":"https:\/\/www.webdo.tn\/fr\/actualite\/national\/tunisie-27-migrants-secourus-et-sept-corps-repeches\/218296\/"},"author":{"name":"MC","@id":"https:\/\/www.webdo.tn\/fr\/#\/schema\/person\/2c4929cbf5a809e3bd38617c6ce150f6"},"headline":"Tunisie : 27 migrants secourus et sept corps rep\u00each\u00e9s","datePublished":"2024-12-12T11:55:00+00:00","dateModified":"2025-05-20T22:15:31+00:00","mainEntityOfPage":{"@id":"https:\/\/www.webdo.tn\/fr\/actualite\/national\/tunisie-27-migrants-secourus-et-sept-corps-repeches\/218296\/"},"wordCount":320,"commentCount":0,"publisher":{"@id":"https:\/\/www.webdo.tn\/fr\/#organization"},"image":{"@id":"https:\/\/www.webdo.tn\/fr\/actualite\/national\/tunisie-27-migrants-secourus-et-sept-corps-repeches\/218296\/#primaryimage"},"thumbnailUrl":"https:\/\/www.webdo.tn\/fr\/wp-content\/uploads\/2024\/12\/30243124cc22211e01b46ceee6464a91.webp","keywords":["garde maritime","migrants","naufrage","Tunisie"],"articleSection":["National"],"inLanguage":"fr-FR"},{"@type":"WebPage","@id":"https:\/\/www.webdo.tn\/fr\/actualite\/national\/tunisie-27-migrants-secourus-et-sept-corps-repeches\/218296\/","url":"https:\/\/www.webdo.tn\/fr\/actualite\/national\/tunisie-27-migrants-secourus-et-sept-corps-repeches\/218296\/","name":"Tunisie : 27 migrants secourus et sept corps rep\u00each\u00e9s","isPartOf":{"@id":"https:\/\/www.webdo.tn\/fr\/#website"},"primaryImageOfPage":{"@id":"https:\/\/www.webdo.tn\/fr\/actualite\/national\/tunisie-27-migrants-secourus-et-sept-corps-repeches\/218296\/#primaryimage"},"image":{"@id":"https:\/\/www.webdo.tn\/fr\/actualite\/national\/tunisie-27-migrants-secourus-et-sept-corps-repeches\/218296\/#primaryimage"},"thumbnailUrl":"https:\/\/www.webdo.tn\/fr\/wp-content\/uploads\/2024\/12\/30243124cc22211e01b46ceee6464a91.webp","datePublished":"2024-12-12T11:55:00+00:00","dateModified":"2025-05-20T22:15:31+00:00","description":"La Direction g\u00e9n\u00e9rale de la Garde nationale a annonc\u00e9, dans un communiqu\u00e9, que les unit\u00e9s de la garde maritime du district du centre ont r\u00e9ussi \u00e0 secourir 27 pe...","breadcrumb":{"@id":"https:\/\/www.webdo.tn\/fr\/actualite\/national\/tunisie-27-migrants-secourus-et-sept-corps-repeches\/218296\/#breadcrumb"},"inLanguage":"fr-FR","potentialAction":[{"@type":"ReadAction","target":["https:\/\/www.webdo.tn\/fr\/actualite\/national\/tunisie-27-migrants-secourus-et-sept-corps-repeches\/218296\/"]}]},{"@type":"ImageObject","inLanguage":"fr-FR","@id":"https:\/\/www.webdo.tn\/fr\/actualite\/national\/tunisie-27-migrants-secourus-et-sept-corps-repeches\/218296\/#primaryimage","url":"https:\/\/www.webdo.tn\/fr\/wp-content\/uploads\/2024\/12\/30243124cc22211e01b46ceee6464a91.webp","contentUrl":"https:\/\/www.webdo.tn\/fr\/wp-content\/uploads\/2024\/12\/30243124cc22211e01b46ceee6464a91.webp","width":750,"height":400,"caption":"Tunisie : 27 migrants secourus et sept corps rep\u00each\u00e9s"},{"@type":"BreadcrumbList","@id":"https:\/\/www.webdo.tn\/fr\/actualite\/national\/tunisie-27-migrants-secourus-et-sept-corps-repeches\/218296\/#breadcrumb","itemListElement":[{"@type":"ListItem","position":1,"name":"Accueil","item":"https:\/\/www.webdo.tn\/fr\/"},{"@type":"ListItem","position":2,"name":"Tunisie : 27 migrants secourus et sept corps rep\u00each\u00e9s"}]},{"@type":"WebSite","@id":"https:\/\/www.webdo.tn\/fr\/#website","url":"https:\/\/www.webdo.tn\/fr\/","name":"webdo","description":"Tunisie - News en Tunisie et \u00e0 l&#039;international sur Webdo.tn","publisher":{"@id":"https:\/\/www.webdo.tn\/fr\/#organization"},"potentialAction":[{"@type":"SearchAction","target":{"@type":"EntryPoint","urlTemplate":"https:\/\/www.webdo.tn\/fr\/?s={search_term_string}"},"query-input":{"@type":"PropertyValueSpecification","valueRequired":true,"valueName":"search_term_string"}}],"inLanguage":"fr-FR"},{"@type":"Organization","@id":"https:\/\/www.webdo.tn\/fr\/#organization","name":"Webdo","alternateName":"Webdo.tn","url":"https:\/\/www.webdo.tn\/fr\/","logo":{"@type":"ImageObject","inLanguage":"fr-FR","@id":"https:\/\/www.webdo.tn\/fr\/#\/schema\/logo\/image\/","url":"https:\/\/www.webdo.tn\/fr\/wp-content\/uploads\/2025\/06\/Webdo-Tunisie_168377.jpg","contentUrl":"https:\/\/www.webdo.tn\/fr\/wp-content\/uploads\/2025\/06\/Webdo-Tunisie_168377.jpg","width":301,"height":301,"caption":"Webdo"},"image":{"@id":"https:\/\/www.webdo.tn\/fr\/#\/schema\/logo\/image\/"},"sameAs":["https:\/\/www.facebook.com\/webdotn","https:\/\/x.com\/webdo_tn"],"description":"Webdo est un m\u00e9dia num\u00e9rique tunisien fond\u00e9 en 2010, sp\u00e9cialis\u00e9 dans l\u2019actualit\u00e9 nationale et internationale, l\u2019\u00e9conomie, la soci\u00e9t\u00e9 et les analyses politiques. Le site s\u2019adresse \u00e0 un large public francophone et couvre l\u2019information tunisienne en temps r\u00e9el.","email":"redac@webdo.tn","legalName":"YNJ SARL","foundingDate":"2010-09-06","numberOfEmployees":{"@type":"QuantitativeValue","minValue":"11","maxValue":"50"}},{"@type":"Person","@id":"https:\/\/www.webdo.tn\/fr\/#\/schema\/person\/2c4929cbf5a809e3bd38617c6ce150f6","name":"MC","image":{"@type":"ImageObject","inLanguage":"fr-FR","@id":"https:\/\/secure.gravatar.com\/avatar\/a545bbb6f84efdd5553dbbc2895e3ca8f1d12c5215e00a041c9670b54aa9b18a?s=96&d=mm&r=g","url":"https:\/\/secure.gravatar.com\/avatar\/a545bbb6f84efdd5553dbbc2895e3ca8f1d12c5215e00a041c9670b54aa9b18a?s=96&d=mm&r=g","contentUrl":"https:\/\/secure.gravatar.com\/avatar\/a545bbb6f84efdd5553dbbc2895e3ca8f1d12c5215e00a041c9670b54aa9b18a?s=96&d=mm&r=g","caption":"MC"},"url":"https:\/\/www.webdo.tn\/fr\/actualite\/author\/mc\/"}]}},"_links":{"self":[{"href":"https:\/\/www.webdo.tn\/fr\/wp-json\/wp\/v2\/posts\/218296","targetHints":{"allow":["GET"]}}],"collection":[{"href":"https:\/\/www.webdo.tn\/fr\/wp-json\/wp\/v2\/posts"}],"about":[{"href":"https:\/\/www.webdo.tn\/fr\/wp-json\/wp\/v2\/types\/post"}],"author":[{"embeddable":true,"href":"https:\/\/www.webdo.tn\/fr\/wp-json\/wp\/v2\/users\/3162"}],"replies":[{"embeddable":true,"href":"https:\/\/www.webdo.tn\/fr\/wp-json\/wp\/v2\/comments?post=218296"}],"version-history":[{"count":0,"href":"https:\/\/www.webdo.tn\/fr\/wp-json\/wp\/v2\/posts\/218296\/revisions"}],"wp:featuredmedia":[{"embeddable":true,"href":"https:\/\/www.webdo.tn\/fr\/wp-json\/wp\/v2\/media\/291528"}],"wp:attachment":[{"href":"https:\/\/www.webdo.tn\/fr\/wp-json\/wp\/v2\/media?parent=218296"}],"wp:term":[{"taxonomy":"category","embeddable":true,"href":"https:\/\/www.webdo.tn\/fr\/wp-json\/wp\/v2\/categories?post=218296"},{"taxonomy":"post_tag","embeddable":true,"href":"https:\/\/www.webdo.tn\/fr\/wp-json\/wp\/v2\/tags?post=218296"}],"curies":[{"name":"wp","href":"https:\/\/api.w.org\/{rel}","templated":true}]}}