{"id":218290,"date":"2024-12-12T10:12:00","date_gmt":"2024-12-12T10:12:00","guid":{"rendered":"https:\/\/www.webdo.tn\/fr\/blog\/2024\/12\/12\/tunisie-aggravation-du-deficit-commercial\/"},"modified":"2025-06-04T18:08:09","modified_gmt":"2025-06-04T18:08:09","slug":"tunisie-aggravation-du-deficit-commercial-2","status":"publish","type":"post","link":"https:\/\/www.webdo.tn\/fr\/actualite\/national\/tunisie-aggravation-du-deficit-commercial-2\/218290\/","title":{"rendered":"Tunisie : Aggravation du d\u00e9ficit commercial"},"content":{"rendered":"<p>Les exportations et les importations ayant augment\u00e9, le d\u00e9ficit de la balance commerciale s\u2019est aggrav\u00e9 de 1,36%<\/p>\n<p> Le d\u00e9ficit de la balance commerciale s\u2019est aggrav\u00e9 de 1,36% sur les onze premiers mois de l\u2019ann\u00e9e 2024 pour s\u2019\u00e9tablir \u00e0 -16.764,5 millions de dinars jusqu\u2019\u00e0 fin novembre 2024 par rapport \u00e0 novembre 2023. Selon l\u2019Institut national de la statistique (INS) le taux de couverture a augment\u00e9 de 0,1 point, passant de 77,2% \u00e0 77,3%.<\/p>\n<p>Le d\u00e9ficit de la balance commerciale hors \u00e9nergie s\u2019est r\u00e9duit \u00e0 -6.952,5 MD au mois de novembre 2024, indique l\u2019INS.<\/p>\n<p>Exportations en hausse de 1,7%<\/p>\n<p>Les trois principaux secteurs qui ont port\u00e9 les exportations vers la hausse sont l\u2019industrie agro-alimentaires (+23,7%), l\u2019\u00e9nergie (+9,4%) et l\u2019industrie m\u00e9canique et \u00e9lectrique (+1,5%).<\/p>\n<p>Les plus fortes baisses d\u2019exportations ont \u00e9t\u00e9 enregistr\u00e9es dans le secteur des mines, phosphates et d\u00e9riv\u00e9s (-24,2%) et dans les textiles, habillement et cuirs (-4,5%).<\/p>\n<p>Importations en hausse de 1,6%<\/p>\n<p>Les importations ont enregistr\u00e9 une hausse de 1,6% principalement due \u00e0 la hausse des exportations de produits \u00e9nerg\u00e9tiques (+8,2%), des biens d\u2019\u00e9quipement (+4,8%) et des biens de consommation (+6,1%).<\/p>\n<p>Les importations de mati\u00e8res premi\u00e8res principalement ont baiss\u00e9 de 3,5%, et celles des produits alimentaires de 7,3 %.<\/p>\n","protected":false},"excerpt":{"rendered":"<p>Le d\u00e9ficit de la balance commerciale s\u2019est aggrav\u00e9 de 1,36% sur les onze premiers mois de l\u2019ann\u00e9e 2024 pour s\u2019\u00e9tablir \u00e0 -16.764,5 millions de dinars jusqu\u2019\u00e0 fin&#8230;<\/p>\n","protected":false},"author":3162,"featured_media":243500,"comment_status":"open","ping_status":"open","sticky":false,"template":"","format":"standard","meta":{"footnotes":""},"categories":[44],"tags":[4006,3020,3360,2608],"class_list":["post-218290","post","type-post","status-publish","format-standard","has-post-thumbnail","hentry","category-national","tag-balance-commerciale","tag-exportations","tag-importations","tag-tunisie"],"yoast_head":"<!-- This site is optimized with the Yoast SEO Premium plugin v27.4 (Yoast SEO v27.4) - https:\/\/yoast.com\/product\/yoast-seo-premium-wordpress\/ -->\n<title>Tunisie : Aggravation du d\u00e9ficit commercial<\/title>\n<meta name=\"description\" content=\"Le d\u00e9ficit de la balance commerciale s\u2019est aggrav\u00e9 de 1,36% sur les onze premiers mois de l\u2019ann\u00e9e 2024 pour s\u2019\u00e9tablir \u00e0 -16.764,5 millions de dinars jusqu\u2019\u00e0 fin...\" \/>\n<link rel=\"canonical\" href=\"https:\/\/www.webdo.tn\/fr\/actualite\/national\/tunisie-aggravation-du-deficit-commercial-2\/218290\/\" \/>\n<meta property=\"og:locale\" content=\"fr_FR\" \/>\n<meta property=\"og:type\" content=\"article\" \/>\n<meta property=\"og:title\" content=\"Tunisie : Aggravation du d\u00e9ficit commercial\" \/>\n<meta property=\"og:description\" content=\"Le d\u00e9ficit de la balance commerciale s\u2019est aggrav\u00e9 de 1,36% sur les onze premiers mois de l\u2019ann\u00e9e 2024 pour s\u2019\u00e9tablir \u00e0 -16.764,5 millions de dinars jusqu\u2019\u00e0 fin...\" \/>\n<meta property=\"og:url\" content=\"https:\/\/www.webdo.tn\/fr\/actualite\/national\/tunisie-aggravation-du-deficit-commercial-2\/218290\/\" \/>\n<meta property=\"og:site_name\" content=\"webdo\" \/>\n<meta property=\"article:publisher\" content=\"https:\/\/www.facebook.com\/webdotn\" \/>\n<meta property=\"article:published_time\" content=\"2024-12-12T10:12:00+00:00\" \/>\n<meta property=\"article:modified_time\" content=\"2025-06-04T18:08:09+00:00\" \/>\n<meta property=\"og:image\" content=\"https:\/\/www.webdo.tn\/fr\/wp-content\/uploads\/2025\/05\/b8cb6b93677b20051f7b90db8d022ea3-2.webp\" \/>\n\t<meta property=\"og:image:width\" content=\"750\" \/>\n\t<meta property=\"og:image:height\" content=\"400\" \/>\n\t<meta property=\"og:image:type\" content=\"image\/webp\" \/>\n<meta name=\"author\" content=\"MC\" \/>\n<meta name=\"twitter:card\" content=\"summary_large_image\" \/>\n<meta name=\"twitter:creator\" content=\"@webdo_tn\" \/>\n<meta name=\"twitter:site\" content=\"@webdo_tn\" \/>\n<meta name=\"twitter:label1\" content=\"\u00c9crit par\" \/>\n\t<meta name=\"twitter:data1\" content=\"MC\" \/>\n\t<meta name=\"twitter:label2\" content=\"Dur\u00e9e de lecture estim\u00e9e\" \/>\n\t<meta name=\"twitter:data2\" content=\"1 minute\" \/>\n<script type=\"application\/ld+json\" class=\"yoast-schema-graph\">{\"@context\":\"https:\\\/\\\/schema.org\",\"@graph\":[{\"@type\":\"NewsArticle\",\"@id\":\"https:\\\/\\\/www.webdo.tn\\\/fr\\\/actualite\\\/national\\\/tunisie-aggravation-du-deficit-commercial-2\\\/218290\\\/#article\",\"isPartOf\":{\"@id\":\"https:\\\/\\\/www.webdo.tn\\\/fr\\\/actualite\\\/national\\\/tunisie-aggravation-du-deficit-commercial-2\\\/218290\\\/\"},\"author\":{\"name\":\"MC\",\"@id\":\"https:\\\/\\\/www.webdo.tn\\\/fr\\\/#\\\/schema\\\/person\\\/2c4929cbf5a809e3bd38617c6ce150f6\"},\"headline\":\"Tunisie : Aggravation du d\u00e9ficit commercial\",\"datePublished\":\"2024-12-12T10:12:00+00:00\",\"dateModified\":\"2025-06-04T18:08:09+00:00\",\"mainEntityOfPage\":{\"@id\":\"https:\\\/\\\/www.webdo.tn\\\/fr\\\/actualite\\\/national\\\/tunisie-aggravation-du-deficit-commercial-2\\\/218290\\\/\"},\"wordCount\":202,\"commentCount\":0,\"publisher\":{\"@id\":\"https:\\\/\\\/www.webdo.tn\\\/fr\\\/#organization\"},\"image\":{\"@id\":\"https:\\\/\\\/www.webdo.tn\\\/fr\\\/actualite\\\/national\\\/tunisie-aggravation-du-deficit-commercial-2\\\/218290\\\/#primaryimage\"},\"thumbnailUrl\":\"https:\\\/\\\/www.webdo.tn\\\/fr\\\/wp-content\\\/uploads\\\/2025\\\/05\\\/b8cb6b93677b20051f7b90db8d022ea3-2.webp\",\"keywords\":[\"balance commerciale\",\"exportations\",\"importations\",\"Tunisie\"],\"articleSection\":[\"National\"],\"inLanguage\":\"fr-FR\"},{\"@type\":\"WebPage\",\"@id\":\"https:\\\/\\\/www.webdo.tn\\\/fr\\\/actualite\\\/national\\\/tunisie-aggravation-du-deficit-commercial-2\\\/218290\\\/\",\"url\":\"https:\\\/\\\/www.webdo.tn\\\/fr\\\/actualite\\\/national\\\/tunisie-aggravation-du-deficit-commercial-2\\\/218290\\\/\",\"name\":\"Tunisie : Aggravation du d\u00e9ficit commercial\",\"isPartOf\":{\"@id\":\"https:\\\/\\\/www.webdo.tn\\\/fr\\\/#website\"},\"primaryImageOfPage\":{\"@id\":\"https:\\\/\\\/www.webdo.tn\\\/fr\\\/actualite\\\/national\\\/tunisie-aggravation-du-deficit-commercial-2\\\/218290\\\/#primaryimage\"},\"image\":{\"@id\":\"https:\\\/\\\/www.webdo.tn\\\/fr\\\/actualite\\\/national\\\/tunisie-aggravation-du-deficit-commercial-2\\\/218290\\\/#primaryimage\"},\"thumbnailUrl\":\"https:\\\/\\\/www.webdo.tn\\\/fr\\\/wp-content\\\/uploads\\\/2025\\\/05\\\/b8cb6b93677b20051f7b90db8d022ea3-2.webp\",\"datePublished\":\"2024-12-12T10:12:00+00:00\",\"dateModified\":\"2025-06-04T18:08:09+00:00\",\"description\":\"Le d\u00e9ficit de la balance commerciale s\u2019est aggrav\u00e9 de 1,36% sur les onze premiers mois de l\u2019ann\u00e9e 2024 pour s\u2019\u00e9tablir \u00e0 -16.764,5 millions de dinars jusqu\u2019\u00e0 fin...\",\"breadcrumb\":{\"@id\":\"https:\\\/\\\/www.webdo.tn\\\/fr\\\/actualite\\\/national\\\/tunisie-aggravation-du-deficit-commercial-2\\\/218290\\\/#breadcrumb\"},\"inLanguage\":\"fr-FR\",\"potentialAction\":[{\"@type\":\"ReadAction\",\"target\":[\"https:\\\/\\\/www.webdo.tn\\\/fr\\\/actualite\\\/national\\\/tunisie-aggravation-du-deficit-commercial-2\\\/218290\\\/\"]}]},{\"@type\":\"ImageObject\",\"inLanguage\":\"fr-FR\",\"@id\":\"https:\\\/\\\/www.webdo.tn\\\/fr\\\/actualite\\\/national\\\/tunisie-aggravation-du-deficit-commercial-2\\\/218290\\\/#primaryimage\",\"url\":\"https:\\\/\\\/www.webdo.tn\\\/fr\\\/wp-content\\\/uploads\\\/2025\\\/05\\\/b8cb6b93677b20051f7b90db8d022ea3-2.webp\",\"contentUrl\":\"https:\\\/\\\/www.webdo.tn\\\/fr\\\/wp-content\\\/uploads\\\/2025\\\/05\\\/b8cb6b93677b20051f7b90db8d022ea3-2.webp\",\"width\":750,\"height\":400},{\"@type\":\"BreadcrumbList\",\"@id\":\"https:\\\/\\\/www.webdo.tn\\\/fr\\\/actualite\\\/national\\\/tunisie-aggravation-du-deficit-commercial-2\\\/218290\\\/#breadcrumb\",\"itemListElement\":[{\"@type\":\"ListItem\",\"position\":1,\"name\":\"Accueil\",\"item\":\"https:\\\/\\\/www.webdo.tn\\\/fr\\\/\"},{\"@type\":\"ListItem\",\"position\":2,\"name\":\"Tunisie : Aggravation du d\u00e9ficit commercial\"}]},{\"@type\":\"WebSite\",\"@id\":\"https:\\\/\\\/www.webdo.tn\\\/fr\\\/#website\",\"url\":\"https:\\\/\\\/www.webdo.tn\\\/fr\\\/\",\"name\":\"webdo\",\"description\":\"Tunisie - News en Tunisie et \u00e0 l&#039;international sur Webdo.tn\",\"publisher\":{\"@id\":\"https:\\\/\\\/www.webdo.tn\\\/fr\\\/#organization\"},\"potentialAction\":[{\"@type\":\"SearchAction\",\"target\":{\"@type\":\"EntryPoint\",\"urlTemplate\":\"https:\\\/\\\/www.webdo.tn\\\/fr\\\/?s={search_term_string}\"},\"query-input\":{\"@type\":\"PropertyValueSpecification\",\"valueRequired\":true,\"valueName\":\"search_term_string\"}}],\"inLanguage\":\"fr-FR\"},{\"@type\":\"Organization\",\"@id\":\"https:\\\/\\\/www.webdo.tn\\\/fr\\\/#organization\",\"name\":\"Webdo\",\"alternateName\":\"Webdo.tn\",\"url\":\"https:\\\/\\\/www.webdo.tn\\\/fr\\\/\",\"logo\":{\"@type\":\"ImageObject\",\"inLanguage\":\"fr-FR\",\"@id\":\"https:\\\/\\\/www.webdo.tn\\\/fr\\\/#\\\/schema\\\/logo\\\/image\\\/\",\"url\":\"https:\\\/\\\/www.webdo.tn\\\/fr\\\/wp-content\\\/uploads\\\/2025\\\/06\\\/Webdo-Tunisie_168377.jpg\",\"contentUrl\":\"https:\\\/\\\/www.webdo.tn\\\/fr\\\/wp-content\\\/uploads\\\/2025\\\/06\\\/Webdo-Tunisie_168377.jpg\",\"width\":301,\"height\":301,\"caption\":\"Webdo\"},\"image\":{\"@id\":\"https:\\\/\\\/www.webdo.tn\\\/fr\\\/#\\\/schema\\\/logo\\\/image\\\/\"},\"sameAs\":[\"https:\\\/\\\/www.facebook.com\\\/webdotn\",\"https:\\\/\\\/x.com\\\/webdo_tn\"],\"description\":\"Webdo est un m\u00e9dia num\u00e9rique tunisien fond\u00e9 en 2010, sp\u00e9cialis\u00e9 dans l\u2019actualit\u00e9 nationale et internationale, l\u2019\u00e9conomie, la soci\u00e9t\u00e9 et les analyses politiques. Le site s\u2019adresse \u00e0 un large public francophone et couvre l\u2019information tunisienne en temps r\u00e9el.\",\"email\":\"redac@webdo.tn\",\"legalName\":\"YNJ SARL\",\"foundingDate\":\"2010-09-06\",\"numberOfEmployees\":{\"@type\":\"QuantitativeValue\",\"minValue\":\"11\",\"maxValue\":\"50\"}},{\"@type\":\"Person\",\"@id\":\"https:\\\/\\\/www.webdo.tn\\\/fr\\\/#\\\/schema\\\/person\\\/2c4929cbf5a809e3bd38617c6ce150f6\",\"name\":\"MC\",\"image\":{\"@type\":\"ImageObject\",\"inLanguage\":\"fr-FR\",\"@id\":\"https:\\\/\\\/secure.gravatar.com\\\/avatar\\\/a545bbb6f84efdd5553dbbc2895e3ca8f1d12c5215e00a041c9670b54aa9b18a?s=96&d=mm&r=g\",\"url\":\"https:\\\/\\\/secure.gravatar.com\\\/avatar\\\/a545bbb6f84efdd5553dbbc2895e3ca8f1d12c5215e00a041c9670b54aa9b18a?s=96&d=mm&r=g\",\"contentUrl\":\"https:\\\/\\\/secure.gravatar.com\\\/avatar\\\/a545bbb6f84efdd5553dbbc2895e3ca8f1d12c5215e00a041c9670b54aa9b18a?s=96&d=mm&r=g\",\"caption\":\"MC\"},\"url\":\"https:\\\/\\\/www.webdo.tn\\\/fr\\\/actualite\\\/author\\\/mc\\\/\"}]}<\/script>\n<!-- \/ Yoast SEO Premium plugin. -->","yoast_head_json":{"title":"Tunisie : Aggravation du d\u00e9ficit commercial","description":"Le d\u00e9ficit de la balance commerciale s\u2019est aggrav\u00e9 de 1,36% sur les onze premiers mois de l\u2019ann\u00e9e 2024 pour s\u2019\u00e9tablir \u00e0 -16.764,5 millions de dinars jusqu\u2019\u00e0 fin...","canonical":"https:\/\/www.webdo.tn\/fr\/actualite\/national\/tunisie-aggravation-du-deficit-commercial-2\/218290\/","og_locale":"fr_FR","og_type":"article","og_title":"Tunisie : Aggravation du d\u00e9ficit commercial","og_description":"Le d\u00e9ficit de la balance commerciale s\u2019est aggrav\u00e9 de 1,36% sur les onze premiers mois de l\u2019ann\u00e9e 2024 pour s\u2019\u00e9tablir \u00e0 -16.764,5 millions de dinars jusqu\u2019\u00e0 fin...","og_url":"https:\/\/www.webdo.tn\/fr\/actualite\/national\/tunisie-aggravation-du-deficit-commercial-2\/218290\/","og_site_name":"webdo","article_publisher":"https:\/\/www.facebook.com\/webdotn","article_published_time":"2024-12-12T10:12:00+00:00","article_modified_time":"2025-06-04T18:08:09+00:00","og_image":[{"width":750,"height":400,"url":"https:\/\/www.webdo.tn\/fr\/wp-content\/uploads\/2025\/05\/b8cb6b93677b20051f7b90db8d022ea3-2.webp","type":"image\/webp"}],"author":"MC","twitter_card":"summary_large_image","twitter_creator":"@webdo_tn","twitter_site":"@webdo_tn","twitter_misc":{"\u00c9crit par":"MC","Dur\u00e9e de lecture estim\u00e9e":"1 minute"},"schema":{"@context":"https:\/\/schema.org","@graph":[{"@type":"NewsArticle","@id":"https:\/\/www.webdo.tn\/fr\/actualite\/national\/tunisie-aggravation-du-deficit-commercial-2\/218290\/#article","isPartOf":{"@id":"https:\/\/www.webdo.tn\/fr\/actualite\/national\/tunisie-aggravation-du-deficit-commercial-2\/218290\/"},"author":{"name":"MC","@id":"https:\/\/www.webdo.tn\/fr\/#\/schema\/person\/2c4929cbf5a809e3bd38617c6ce150f6"},"headline":"Tunisie : Aggravation du d\u00e9ficit commercial","datePublished":"2024-12-12T10:12:00+00:00","dateModified":"2025-06-04T18:08:09+00:00","mainEntityOfPage":{"@id":"https:\/\/www.webdo.tn\/fr\/actualite\/national\/tunisie-aggravation-du-deficit-commercial-2\/218290\/"},"wordCount":202,"commentCount":0,"publisher":{"@id":"https:\/\/www.webdo.tn\/fr\/#organization"},"image":{"@id":"https:\/\/www.webdo.tn\/fr\/actualite\/national\/tunisie-aggravation-du-deficit-commercial-2\/218290\/#primaryimage"},"thumbnailUrl":"https:\/\/www.webdo.tn\/fr\/wp-content\/uploads\/2025\/05\/b8cb6b93677b20051f7b90db8d022ea3-2.webp","keywords":["balance commerciale","exportations","importations","Tunisie"],"articleSection":["National"],"inLanguage":"fr-FR"},{"@type":"WebPage","@id":"https:\/\/www.webdo.tn\/fr\/actualite\/national\/tunisie-aggravation-du-deficit-commercial-2\/218290\/","url":"https:\/\/www.webdo.tn\/fr\/actualite\/national\/tunisie-aggravation-du-deficit-commercial-2\/218290\/","name":"Tunisie : Aggravation du d\u00e9ficit commercial","isPartOf":{"@id":"https:\/\/www.webdo.tn\/fr\/#website"},"primaryImageOfPage":{"@id":"https:\/\/www.webdo.tn\/fr\/actualite\/national\/tunisie-aggravation-du-deficit-commercial-2\/218290\/#primaryimage"},"image":{"@id":"https:\/\/www.webdo.tn\/fr\/actualite\/national\/tunisie-aggravation-du-deficit-commercial-2\/218290\/#primaryimage"},"thumbnailUrl":"https:\/\/www.webdo.tn\/fr\/wp-content\/uploads\/2025\/05\/b8cb6b93677b20051f7b90db8d022ea3-2.webp","datePublished":"2024-12-12T10:12:00+00:00","dateModified":"2025-06-04T18:08:09+00:00","description":"Le d\u00e9ficit de la balance commerciale s\u2019est aggrav\u00e9 de 1,36% sur les onze premiers mois de l\u2019ann\u00e9e 2024 pour s\u2019\u00e9tablir \u00e0 -16.764,5 millions de dinars jusqu\u2019\u00e0 fin...","breadcrumb":{"@id":"https:\/\/www.webdo.tn\/fr\/actualite\/national\/tunisie-aggravation-du-deficit-commercial-2\/218290\/#breadcrumb"},"inLanguage":"fr-FR","potentialAction":[{"@type":"ReadAction","target":["https:\/\/www.webdo.tn\/fr\/actualite\/national\/tunisie-aggravation-du-deficit-commercial-2\/218290\/"]}]},{"@type":"ImageObject","inLanguage":"fr-FR","@id":"https:\/\/www.webdo.tn\/fr\/actualite\/national\/tunisie-aggravation-du-deficit-commercial-2\/218290\/#primaryimage","url":"https:\/\/www.webdo.tn\/fr\/wp-content\/uploads\/2025\/05\/b8cb6b93677b20051f7b90db8d022ea3-2.webp","contentUrl":"https:\/\/www.webdo.tn\/fr\/wp-content\/uploads\/2025\/05\/b8cb6b93677b20051f7b90db8d022ea3-2.webp","width":750,"height":400},{"@type":"BreadcrumbList","@id":"https:\/\/www.webdo.tn\/fr\/actualite\/national\/tunisie-aggravation-du-deficit-commercial-2\/218290\/#breadcrumb","itemListElement":[{"@type":"ListItem","position":1,"name":"Accueil","item":"https:\/\/www.webdo.tn\/fr\/"},{"@type":"ListItem","position":2,"name":"Tunisie : Aggravation du d\u00e9ficit commercial"}]},{"@type":"WebSite","@id":"https:\/\/www.webdo.tn\/fr\/#website","url":"https:\/\/www.webdo.tn\/fr\/","name":"webdo","description":"Tunisie - News en Tunisie et \u00e0 l&#039;international sur Webdo.tn","publisher":{"@id":"https:\/\/www.webdo.tn\/fr\/#organization"},"potentialAction":[{"@type":"SearchAction","target":{"@type":"EntryPoint","urlTemplate":"https:\/\/www.webdo.tn\/fr\/?s={search_term_string}"},"query-input":{"@type":"PropertyValueSpecification","valueRequired":true,"valueName":"search_term_string"}}],"inLanguage":"fr-FR"},{"@type":"Organization","@id":"https:\/\/www.webdo.tn\/fr\/#organization","name":"Webdo","alternateName":"Webdo.tn","url":"https:\/\/www.webdo.tn\/fr\/","logo":{"@type":"ImageObject","inLanguage":"fr-FR","@id":"https:\/\/www.webdo.tn\/fr\/#\/schema\/logo\/image\/","url":"https:\/\/www.webdo.tn\/fr\/wp-content\/uploads\/2025\/06\/Webdo-Tunisie_168377.jpg","contentUrl":"https:\/\/www.webdo.tn\/fr\/wp-content\/uploads\/2025\/06\/Webdo-Tunisie_168377.jpg","width":301,"height":301,"caption":"Webdo"},"image":{"@id":"https:\/\/www.webdo.tn\/fr\/#\/schema\/logo\/image\/"},"sameAs":["https:\/\/www.facebook.com\/webdotn","https:\/\/x.com\/webdo_tn"],"description":"Webdo est un m\u00e9dia num\u00e9rique tunisien fond\u00e9 en 2010, sp\u00e9cialis\u00e9 dans l\u2019actualit\u00e9 nationale et internationale, l\u2019\u00e9conomie, la soci\u00e9t\u00e9 et les analyses politiques. Le site s\u2019adresse \u00e0 un large public francophone et couvre l\u2019information tunisienne en temps r\u00e9el.","email":"redac@webdo.tn","legalName":"YNJ SARL","foundingDate":"2010-09-06","numberOfEmployees":{"@type":"QuantitativeValue","minValue":"11","maxValue":"50"}},{"@type":"Person","@id":"https:\/\/www.webdo.tn\/fr\/#\/schema\/person\/2c4929cbf5a809e3bd38617c6ce150f6","name":"MC","image":{"@type":"ImageObject","inLanguage":"fr-FR","@id":"https:\/\/secure.gravatar.com\/avatar\/a545bbb6f84efdd5553dbbc2895e3ca8f1d12c5215e00a041c9670b54aa9b18a?s=96&d=mm&r=g","url":"https:\/\/secure.gravatar.com\/avatar\/a545bbb6f84efdd5553dbbc2895e3ca8f1d12c5215e00a041c9670b54aa9b18a?s=96&d=mm&r=g","contentUrl":"https:\/\/secure.gravatar.com\/avatar\/a545bbb6f84efdd5553dbbc2895e3ca8f1d12c5215e00a041c9670b54aa9b18a?s=96&d=mm&r=g","caption":"MC"},"url":"https:\/\/www.webdo.tn\/fr\/actualite\/author\/mc\/"}]}},"_links":{"self":[{"href":"https:\/\/www.webdo.tn\/fr\/wp-json\/wp\/v2\/posts\/218290","targetHints":{"allow":["GET"]}}],"collection":[{"href":"https:\/\/www.webdo.tn\/fr\/wp-json\/wp\/v2\/posts"}],"about":[{"href":"https:\/\/www.webdo.tn\/fr\/wp-json\/wp\/v2\/types\/post"}],"author":[{"embeddable":true,"href":"https:\/\/www.webdo.tn\/fr\/wp-json\/wp\/v2\/users\/3162"}],"replies":[{"embeddable":true,"href":"https:\/\/www.webdo.tn\/fr\/wp-json\/wp\/v2\/comments?post=218290"}],"version-history":[{"count":0,"href":"https:\/\/www.webdo.tn\/fr\/wp-json\/wp\/v2\/posts\/218290\/revisions"}],"wp:featuredmedia":[{"embeddable":true,"href":"https:\/\/www.webdo.tn\/fr\/wp-json\/wp\/v2\/media\/243500"}],"wp:attachment":[{"href":"https:\/\/www.webdo.tn\/fr\/wp-json\/wp\/v2\/media?parent=218290"}],"wp:term":[{"taxonomy":"category","embeddable":true,"href":"https:\/\/www.webdo.tn\/fr\/wp-json\/wp\/v2\/categories?post=218290"},{"taxonomy":"post_tag","embeddable":true,"href":"https:\/\/www.webdo.tn\/fr\/wp-json\/wp\/v2\/tags?post=218290"}],"curies":[{"name":"wp","href":"https:\/\/api.w.org\/{rel}","templated":true}]}}