{"id":218287,"date":"2024-12-12T08:59:00","date_gmt":"2024-12-12T08:59:00","guid":{"rendered":"https:\/\/www.webdo.tn\/fr\/blog\/2024\/12\/12\/eau-energies-renouvelables-et-transparence-don-allemand-de-78-8-millions-d-euros-a-la-tunisie\/"},"modified":"2025-05-20T21:45:29","modified_gmt":"2025-05-20T21:45:29","slug":"eau-energies-renouvelables-et-transparence-don-allemand-de-78-8-millions-d-euros-a-la-tunisie","status":"publish","type":"post","link":"https:\/\/www.webdo.tn\/fr\/actualite\/national\/eau-energies-renouvelables-et-transparence-don-allemand-de-78-8-millions-d-euros-a-la-tunisie\/218287\/","title":{"rendered":"Eau, \u00e9nergies renouvelables et transparence : Don allemand de 78,8 millions d\u2019euros \u00e0 la Tunisie"},"content":{"rendered":"<p>Des accords de financement de l\u2019ordre de 78,8 millions d\u2019euros, sous forme de dons, ont \u00e9t\u00e9 sign\u00e9s hier entre la Tunisie et la Banque Allemande de D\u00e9veloppement, la KfW.<\/p>\n<p>\t\t\t\t\t\t\t\t\tCes accords de financement qui portent sur environ 262 millions de dinars tunisiens ont \u00e9t\u00e9 sign\u00e9s par Dr. Andrea Hauser, membre du Comit\u00e9 de Direction de la KfW, la Banque Allemande de D\u00e9veloppement, et Mohamed Ali Nafti, ministre des Affaires \u00c9trang\u00e8res, de la Migration et des Tunisiens \u00e0 l\u2019Etranger et ce en pr\u00e9sence de l\u2019ambassadrice d\u2019Allemagne, Elisabeth Wolbers.<\/p>\n<p>Ces accords, que la KfW a sign\u00e9 pour le compte du Gouvernement F\u00e9d\u00e9ral Allemand, dans le cadre de la coop\u00e9ration bilat\u00e9rale tuniso-allemande, visent \u00e0 mettre en place des programmes pour am\u00e9liorer le taux de desserte en eau potable dans des zones rurales, favoriser le financement de projets d\u2019\u00e9nergies renouvelables, ainsi que pour garantir une meilleure tra\u00e7abilit\u00e9, efficacit\u00e9 et transparence des finances publiques.<\/p>\n<p>Dans le d\u00e9tail, 27 millions d\u2019euros de dons ont \u00e9t\u00e9 accord\u00e9s \u00e0 la Soci\u00e9t\u00e9 nationale d\u2019exploitation et de distribution des eaux (Sonede) pour am\u00e9liorer le taux de desserte en eau potable dans le milieu rural du gouvernorat de B\u00e9ja. Outre la contribution de la coop\u00e9ration financi\u00e8re allemande et la contrepartie de l\u2019Etat tunisien, une subvention de l\u2019Union europ\u00e9enne (UE) est envisag\u00e9e pour ce projet.<\/p>\n<p>Par ailleurs, 1,3 millions d\u2019euros de dons sont accord\u00e9s au minist\u00e8re de l\u2019Agriculture, des Ressources hydrauliques et de la P\u00eache pour le financement d\u2019\u00e9tudes g\u00e9ologiques, g\u00e9otechniques et d\u2019ing\u00e9nierie du syst\u00e8me de transfert des eaux du barrage Barbara vers celui de Bouhertma dans le cadre du Programme d\u2019am\u00e9lioration du syst\u00e8me de stockage, de transfert et de protection contre les inondations.<\/p>\n<p>Le minist\u00e8re des Finances s\u2019est vu accorder 40 millions d\u2019euros pour moderniser la gestion des finances publiques alors que le minist\u00e8re de l\u2019\u00c9conomie et de la Planification s\u2019est vu accorder 10,5 millions d\u2019euros de dons pour financer sa participation au capital de l\u2019Agence pour l\u2019assurance du commerce en Afrique (Atidi).<\/p>\n<p>Cette participation permettra \u00e0 la Tunisie, entre autres, d\u2019acc\u00e9der au RLSF (Regional Liquidity Support Facility), un m\u00e9canisme de garantie de l\u2019Atidi pour promouvoir l\u2019investissement dans les \u00e9nergies renouvelables en Tunisie.<\/p>\n","protected":false},"excerpt":{"rendered":"<p>Des accords de financement de l\u2019ordre de 78,8 millions d\u2019euros, sous forme de dons, ont \u00e9t\u00e9 sign\u00e9s hier entre la Tunisie et la Banque Allemande de D\u00e9veloppement&#8230;<\/p>\n","protected":false},"author":3162,"featured_media":243496,"comment_status":"open","ping_status":"open","sticky":false,"template":"","format":"standard","meta":{"footnotes":""},"categories":[44],"tags":[3445,3446,2898,3845,4752,4753,2608],"class_list":["post-218287","post","type-post","status-publish","format-standard","has-post-thumbnail","hentry","category-national","tag-allemagne","tag-don","tag-eau-potable","tag-energies-renouvelables","tag-kfw","tag-transparence-financiere","tag-tunisie"],"yoast_head":"<!-- This site is optimized with the Yoast SEO Premium plugin v27.4 (Yoast SEO v27.5) - https:\/\/yoast.com\/product\/yoast-seo-premium-wordpress\/ -->\n<title>Eau, \u00e9nergies renouvelables et transparence : Don allemand de 78,8 millions d\u2019euros \u00e0 la Tunisie<\/title>\n<meta name=\"description\" content=\"Des accords de financement de l\u2019ordre de 78,8 millions d\u2019euros, sous forme de dons, ont \u00e9t\u00e9 sign\u00e9s hier entre la Tunisie et la Banque Allemande de D\u00e9veloppement...\" \/>\n<link rel=\"canonical\" href=\"https:\/\/www.webdo.tn\/fr\/actualite\/national\/eau-energies-renouvelables-et-transparence-don-allemand-de-78-8-millions-d-euros-a-la-tunisie\/218287\/\" \/>\n<meta property=\"og:locale\" content=\"fr_FR\" \/>\n<meta property=\"og:type\" content=\"article\" \/>\n<meta property=\"og:title\" content=\"Eau, \u00e9nergies renouvelables et transparence : Don allemand de 78,8 millions d\u2019euros \u00e0 la Tunisie\" \/>\n<meta property=\"og:description\" content=\"Des accords de financement de l\u2019ordre de 78,8 millions d\u2019euros, sous forme de dons, ont \u00e9t\u00e9 sign\u00e9s hier entre la Tunisie et la Banque Allemande de D\u00e9veloppement...\" \/>\n<meta property=\"og:url\" content=\"https:\/\/www.webdo.tn\/fr\/actualite\/national\/eau-energies-renouvelables-et-transparence-don-allemand-de-78-8-millions-d-euros-a-la-tunisie\/218287\/\" \/>\n<meta property=\"og:site_name\" content=\"webdo\" \/>\n<meta property=\"article:publisher\" content=\"https:\/\/www.facebook.com\/webdotn\" \/>\n<meta property=\"article:published_time\" content=\"2024-12-12T08:59:00+00:00\" \/>\n<meta property=\"article:modified_time\" content=\"2025-05-20T21:45:29+00:00\" \/>\n<meta property=\"og:image\" content=\"https:\/\/www.webdo.tn\/fr\/wp-content\/uploads\/2025\/05\/df29ab1a1b43685504d81ecaa82e445a-2.webp\" \/>\n\t<meta property=\"og:image:width\" content=\"750\" \/>\n\t<meta property=\"og:image:height\" content=\"400\" \/>\n\t<meta property=\"og:image:type\" content=\"image\/webp\" \/>\n<meta name=\"author\" content=\"MC\" \/>\n<meta name=\"twitter:card\" content=\"summary_large_image\" \/>\n<meta name=\"twitter:creator\" content=\"@webdo_tn\" \/>\n<meta name=\"twitter:site\" content=\"@webdo_tn\" \/>\n<meta name=\"twitter:label1\" content=\"\u00c9crit par\" \/>\n\t<meta name=\"twitter:data1\" content=\"MC\" \/>\n\t<meta name=\"twitter:label2\" content=\"Dur\u00e9e de lecture estim\u00e9e\" \/>\n\t<meta name=\"twitter:data2\" content=\"2 minutes\" \/>\n<script type=\"application\/ld+json\" class=\"yoast-schema-graph\">{\"@context\":\"https:\\\/\\\/schema.org\",\"@graph\":[{\"@type\":\"NewsArticle\",\"@id\":\"https:\\\/\\\/www.webdo.tn\\\/fr\\\/actualite\\\/national\\\/eau-energies-renouvelables-et-transparence-don-allemand-de-78-8-millions-d-euros-a-la-tunisie\\\/218287\\\/#article\",\"isPartOf\":{\"@id\":\"https:\\\/\\\/www.webdo.tn\\\/fr\\\/actualite\\\/national\\\/eau-energies-renouvelables-et-transparence-don-allemand-de-78-8-millions-d-euros-a-la-tunisie\\\/218287\\\/\"},\"author\":{\"name\":\"MC\",\"@id\":\"https:\\\/\\\/www.webdo.tn\\\/fr\\\/#\\\/schema\\\/person\\\/2c4929cbf5a809e3bd38617c6ce150f6\"},\"headline\":\"Eau, \u00e9nergies renouvelables et transparence : Don allemand de 78,8 millions d\u2019euros \u00e0 la Tunisie\",\"datePublished\":\"2024-12-12T08:59:00+00:00\",\"dateModified\":\"2025-05-20T21:45:29+00:00\",\"mainEntityOfPage\":{\"@id\":\"https:\\\/\\\/www.webdo.tn\\\/fr\\\/actualite\\\/national\\\/eau-energies-renouvelables-et-transparence-don-allemand-de-78-8-millions-d-euros-a-la-tunisie\\\/218287\\\/\"},\"wordCount\":414,\"commentCount\":0,\"publisher\":{\"@id\":\"https:\\\/\\\/www.webdo.tn\\\/fr\\\/#organization\"},\"image\":{\"@id\":\"https:\\\/\\\/www.webdo.tn\\\/fr\\\/actualite\\\/national\\\/eau-energies-renouvelables-et-transparence-don-allemand-de-78-8-millions-d-euros-a-la-tunisie\\\/218287\\\/#primaryimage\"},\"thumbnailUrl\":\"https:\\\/\\\/www.webdo.tn\\\/fr\\\/wp-content\\\/uploads\\\/2025\\\/05\\\/df29ab1a1b43685504d81ecaa82e445a-2.webp\",\"keywords\":[\"Allemagne\",\"Don\",\"eau potable\",\"\u00e9nergies renouvelables\",\"KfW\",\"Transparence financi\u00e8re\",\"Tunisie\"],\"articleSection\":[\"National\"],\"inLanguage\":\"fr-FR\"},{\"@type\":\"WebPage\",\"@id\":\"https:\\\/\\\/www.webdo.tn\\\/fr\\\/actualite\\\/national\\\/eau-energies-renouvelables-et-transparence-don-allemand-de-78-8-millions-d-euros-a-la-tunisie\\\/218287\\\/\",\"url\":\"https:\\\/\\\/www.webdo.tn\\\/fr\\\/actualite\\\/national\\\/eau-energies-renouvelables-et-transparence-don-allemand-de-78-8-millions-d-euros-a-la-tunisie\\\/218287\\\/\",\"name\":\"Eau, \u00e9nergies renouvelables et transparence : Don allemand de 78,8 millions d\u2019euros \u00e0 la Tunisie\",\"isPartOf\":{\"@id\":\"https:\\\/\\\/www.webdo.tn\\\/fr\\\/#website\"},\"primaryImageOfPage\":{\"@id\":\"https:\\\/\\\/www.webdo.tn\\\/fr\\\/actualite\\\/national\\\/eau-energies-renouvelables-et-transparence-don-allemand-de-78-8-millions-d-euros-a-la-tunisie\\\/218287\\\/#primaryimage\"},\"image\":{\"@id\":\"https:\\\/\\\/www.webdo.tn\\\/fr\\\/actualite\\\/national\\\/eau-energies-renouvelables-et-transparence-don-allemand-de-78-8-millions-d-euros-a-la-tunisie\\\/218287\\\/#primaryimage\"},\"thumbnailUrl\":\"https:\\\/\\\/www.webdo.tn\\\/fr\\\/wp-content\\\/uploads\\\/2025\\\/05\\\/df29ab1a1b43685504d81ecaa82e445a-2.webp\",\"datePublished\":\"2024-12-12T08:59:00+00:00\",\"dateModified\":\"2025-05-20T21:45:29+00:00\",\"description\":\"Des accords de financement de l\u2019ordre de 78,8 millions d\u2019euros, sous forme de dons, ont \u00e9t\u00e9 sign\u00e9s hier entre la Tunisie et la Banque Allemande de D\u00e9veloppement...\",\"breadcrumb\":{\"@id\":\"https:\\\/\\\/www.webdo.tn\\\/fr\\\/actualite\\\/national\\\/eau-energies-renouvelables-et-transparence-don-allemand-de-78-8-millions-d-euros-a-la-tunisie\\\/218287\\\/#breadcrumb\"},\"inLanguage\":\"fr-FR\",\"potentialAction\":[{\"@type\":\"ReadAction\",\"target\":[\"https:\\\/\\\/www.webdo.tn\\\/fr\\\/actualite\\\/national\\\/eau-energies-renouvelables-et-transparence-don-allemand-de-78-8-millions-d-euros-a-la-tunisie\\\/218287\\\/\"]}]},{\"@type\":\"ImageObject\",\"inLanguage\":\"fr-FR\",\"@id\":\"https:\\\/\\\/www.webdo.tn\\\/fr\\\/actualite\\\/national\\\/eau-energies-renouvelables-et-transparence-don-allemand-de-78-8-millions-d-euros-a-la-tunisie\\\/218287\\\/#primaryimage\",\"url\":\"https:\\\/\\\/www.webdo.tn\\\/fr\\\/wp-content\\\/uploads\\\/2025\\\/05\\\/df29ab1a1b43685504d81ecaa82e445a-2.webp\",\"contentUrl\":\"https:\\\/\\\/www.webdo.tn\\\/fr\\\/wp-content\\\/uploads\\\/2025\\\/05\\\/df29ab1a1b43685504d81ecaa82e445a-2.webp\",\"width\":750,\"height\":400},{\"@type\":\"BreadcrumbList\",\"@id\":\"https:\\\/\\\/www.webdo.tn\\\/fr\\\/actualite\\\/national\\\/eau-energies-renouvelables-et-transparence-don-allemand-de-78-8-millions-d-euros-a-la-tunisie\\\/218287\\\/#breadcrumb\",\"itemListElement\":[{\"@type\":\"ListItem\",\"position\":1,\"name\":\"Accueil\",\"item\":\"https:\\\/\\\/www.webdo.tn\\\/fr\\\/\"},{\"@type\":\"ListItem\",\"position\":2,\"name\":\"Eau, \u00e9nergies renouvelables et transparence : Don allemand de 78,8 millions d\u2019euros \u00e0 la Tunisie\"}]},{\"@type\":\"WebSite\",\"@id\":\"https:\\\/\\\/www.webdo.tn\\\/fr\\\/#website\",\"url\":\"https:\\\/\\\/www.webdo.tn\\\/fr\\\/\",\"name\":\"webdo\",\"description\":\"Tunisie - News en Tunisie et \u00e0 l&#039;international sur Webdo.tn\",\"publisher\":{\"@id\":\"https:\\\/\\\/www.webdo.tn\\\/fr\\\/#organization\"},\"potentialAction\":[{\"@type\":\"SearchAction\",\"target\":{\"@type\":\"EntryPoint\",\"urlTemplate\":\"https:\\\/\\\/www.webdo.tn\\\/fr\\\/?s={search_term_string}\"},\"query-input\":{\"@type\":\"PropertyValueSpecification\",\"valueRequired\":true,\"valueName\":\"search_term_string\"}}],\"inLanguage\":\"fr-FR\"},{\"@type\":\"Organization\",\"@id\":\"https:\\\/\\\/www.webdo.tn\\\/fr\\\/#organization\",\"name\":\"Webdo\",\"alternateName\":\"Webdo.tn\",\"url\":\"https:\\\/\\\/www.webdo.tn\\\/fr\\\/\",\"logo\":{\"@type\":\"ImageObject\",\"inLanguage\":\"fr-FR\",\"@id\":\"https:\\\/\\\/www.webdo.tn\\\/fr\\\/#\\\/schema\\\/logo\\\/image\\\/\",\"url\":\"https:\\\/\\\/www.webdo.tn\\\/fr\\\/wp-content\\\/uploads\\\/2025\\\/06\\\/Webdo-Tunisie_168377.jpg\",\"contentUrl\":\"https:\\\/\\\/www.webdo.tn\\\/fr\\\/wp-content\\\/uploads\\\/2025\\\/06\\\/Webdo-Tunisie_168377.jpg\",\"width\":301,\"height\":301,\"caption\":\"Webdo\"},\"image\":{\"@id\":\"https:\\\/\\\/www.webdo.tn\\\/fr\\\/#\\\/schema\\\/logo\\\/image\\\/\"},\"sameAs\":[\"https:\\\/\\\/www.facebook.com\\\/webdotn\",\"https:\\\/\\\/x.com\\\/webdo_tn\"],\"description\":\"Webdo est un m\u00e9dia num\u00e9rique tunisien fond\u00e9 en 2010, sp\u00e9cialis\u00e9 dans l\u2019actualit\u00e9 nationale et internationale, l\u2019\u00e9conomie, la soci\u00e9t\u00e9 et les analyses politiques. Le site s\u2019adresse \u00e0 un large public francophone et couvre l\u2019information tunisienne en temps r\u00e9el.\",\"email\":\"redac@webdo.tn\",\"legalName\":\"YNJ SARL\",\"foundingDate\":\"2010-09-06\",\"numberOfEmployees\":{\"@type\":\"QuantitativeValue\",\"minValue\":\"11\",\"maxValue\":\"50\"}},{\"@type\":\"Person\",\"@id\":\"https:\\\/\\\/www.webdo.tn\\\/fr\\\/#\\\/schema\\\/person\\\/2c4929cbf5a809e3bd38617c6ce150f6\",\"name\":\"MC\",\"image\":{\"@type\":\"ImageObject\",\"inLanguage\":\"fr-FR\",\"@id\":\"https:\\\/\\\/secure.gravatar.com\\\/avatar\\\/a545bbb6f84efdd5553dbbc2895e3ca8f1d12c5215e00a041c9670b54aa9b18a?s=96&d=mm&r=g\",\"url\":\"https:\\\/\\\/secure.gravatar.com\\\/avatar\\\/a545bbb6f84efdd5553dbbc2895e3ca8f1d12c5215e00a041c9670b54aa9b18a?s=96&d=mm&r=g\",\"contentUrl\":\"https:\\\/\\\/secure.gravatar.com\\\/avatar\\\/a545bbb6f84efdd5553dbbc2895e3ca8f1d12c5215e00a041c9670b54aa9b18a?s=96&d=mm&r=g\",\"caption\":\"MC\"},\"url\":\"https:\\\/\\\/www.webdo.tn\\\/fr\\\/actualite\\\/author\\\/mc\\\/\"}]}<\/script>\n<!-- \/ Yoast SEO Premium plugin. -->","yoast_head_json":{"title":"Eau, \u00e9nergies renouvelables et transparence : Don allemand de 78,8 millions d\u2019euros \u00e0 la Tunisie","description":"Des accords de financement de l\u2019ordre de 78,8 millions d\u2019euros, sous forme de dons, ont \u00e9t\u00e9 sign\u00e9s hier entre la Tunisie et la Banque Allemande de D\u00e9veloppement...","canonical":"https:\/\/www.webdo.tn\/fr\/actualite\/national\/eau-energies-renouvelables-et-transparence-don-allemand-de-78-8-millions-d-euros-a-la-tunisie\/218287\/","og_locale":"fr_FR","og_type":"article","og_title":"Eau, \u00e9nergies renouvelables et transparence : Don allemand de 78,8 millions d\u2019euros \u00e0 la Tunisie","og_description":"Des accords de financement de l\u2019ordre de 78,8 millions d\u2019euros, sous forme de dons, ont \u00e9t\u00e9 sign\u00e9s hier entre la Tunisie et la Banque Allemande de D\u00e9veloppement...","og_url":"https:\/\/www.webdo.tn\/fr\/actualite\/national\/eau-energies-renouvelables-et-transparence-don-allemand-de-78-8-millions-d-euros-a-la-tunisie\/218287\/","og_site_name":"webdo","article_publisher":"https:\/\/www.facebook.com\/webdotn","article_published_time":"2024-12-12T08:59:00+00:00","article_modified_time":"2025-05-20T21:45:29+00:00","og_image":[{"width":750,"height":400,"url":"https:\/\/www.webdo.tn\/fr\/wp-content\/uploads\/2025\/05\/df29ab1a1b43685504d81ecaa82e445a-2.webp","type":"image\/webp"}],"author":"MC","twitter_card":"summary_large_image","twitter_creator":"@webdo_tn","twitter_site":"@webdo_tn","twitter_misc":{"\u00c9crit par":"MC","Dur\u00e9e de lecture estim\u00e9e":"2 minutes"},"schema":{"@context":"https:\/\/schema.org","@graph":[{"@type":"NewsArticle","@id":"https:\/\/www.webdo.tn\/fr\/actualite\/national\/eau-energies-renouvelables-et-transparence-don-allemand-de-78-8-millions-d-euros-a-la-tunisie\/218287\/#article","isPartOf":{"@id":"https:\/\/www.webdo.tn\/fr\/actualite\/national\/eau-energies-renouvelables-et-transparence-don-allemand-de-78-8-millions-d-euros-a-la-tunisie\/218287\/"},"author":{"name":"MC","@id":"https:\/\/www.webdo.tn\/fr\/#\/schema\/person\/2c4929cbf5a809e3bd38617c6ce150f6"},"headline":"Eau, \u00e9nergies renouvelables et transparence : Don allemand de 78,8 millions d\u2019euros \u00e0 la Tunisie","datePublished":"2024-12-12T08:59:00+00:00","dateModified":"2025-05-20T21:45:29+00:00","mainEntityOfPage":{"@id":"https:\/\/www.webdo.tn\/fr\/actualite\/national\/eau-energies-renouvelables-et-transparence-don-allemand-de-78-8-millions-d-euros-a-la-tunisie\/218287\/"},"wordCount":414,"commentCount":0,"publisher":{"@id":"https:\/\/www.webdo.tn\/fr\/#organization"},"image":{"@id":"https:\/\/www.webdo.tn\/fr\/actualite\/national\/eau-energies-renouvelables-et-transparence-don-allemand-de-78-8-millions-d-euros-a-la-tunisie\/218287\/#primaryimage"},"thumbnailUrl":"https:\/\/www.webdo.tn\/fr\/wp-content\/uploads\/2025\/05\/df29ab1a1b43685504d81ecaa82e445a-2.webp","keywords":["Allemagne","Don","eau potable","\u00e9nergies renouvelables","KfW","Transparence financi\u00e8re","Tunisie"],"articleSection":["National"],"inLanguage":"fr-FR"},{"@type":"WebPage","@id":"https:\/\/www.webdo.tn\/fr\/actualite\/national\/eau-energies-renouvelables-et-transparence-don-allemand-de-78-8-millions-d-euros-a-la-tunisie\/218287\/","url":"https:\/\/www.webdo.tn\/fr\/actualite\/national\/eau-energies-renouvelables-et-transparence-don-allemand-de-78-8-millions-d-euros-a-la-tunisie\/218287\/","name":"Eau, \u00e9nergies renouvelables et transparence : Don allemand de 78,8 millions d\u2019euros \u00e0 la Tunisie","isPartOf":{"@id":"https:\/\/www.webdo.tn\/fr\/#website"},"primaryImageOfPage":{"@id":"https:\/\/www.webdo.tn\/fr\/actualite\/national\/eau-energies-renouvelables-et-transparence-don-allemand-de-78-8-millions-d-euros-a-la-tunisie\/218287\/#primaryimage"},"image":{"@id":"https:\/\/www.webdo.tn\/fr\/actualite\/national\/eau-energies-renouvelables-et-transparence-don-allemand-de-78-8-millions-d-euros-a-la-tunisie\/218287\/#primaryimage"},"thumbnailUrl":"https:\/\/www.webdo.tn\/fr\/wp-content\/uploads\/2025\/05\/df29ab1a1b43685504d81ecaa82e445a-2.webp","datePublished":"2024-12-12T08:59:00+00:00","dateModified":"2025-05-20T21:45:29+00:00","description":"Des accords de financement de l\u2019ordre de 78,8 millions d\u2019euros, sous forme de dons, ont \u00e9t\u00e9 sign\u00e9s hier entre la Tunisie et la Banque Allemande de D\u00e9veloppement...","breadcrumb":{"@id":"https:\/\/www.webdo.tn\/fr\/actualite\/national\/eau-energies-renouvelables-et-transparence-don-allemand-de-78-8-millions-d-euros-a-la-tunisie\/218287\/#breadcrumb"},"inLanguage":"fr-FR","potentialAction":[{"@type":"ReadAction","target":["https:\/\/www.webdo.tn\/fr\/actualite\/national\/eau-energies-renouvelables-et-transparence-don-allemand-de-78-8-millions-d-euros-a-la-tunisie\/218287\/"]}]},{"@type":"ImageObject","inLanguage":"fr-FR","@id":"https:\/\/www.webdo.tn\/fr\/actualite\/national\/eau-energies-renouvelables-et-transparence-don-allemand-de-78-8-millions-d-euros-a-la-tunisie\/218287\/#primaryimage","url":"https:\/\/www.webdo.tn\/fr\/wp-content\/uploads\/2025\/05\/df29ab1a1b43685504d81ecaa82e445a-2.webp","contentUrl":"https:\/\/www.webdo.tn\/fr\/wp-content\/uploads\/2025\/05\/df29ab1a1b43685504d81ecaa82e445a-2.webp","width":750,"height":400},{"@type":"BreadcrumbList","@id":"https:\/\/www.webdo.tn\/fr\/actualite\/national\/eau-energies-renouvelables-et-transparence-don-allemand-de-78-8-millions-d-euros-a-la-tunisie\/218287\/#breadcrumb","itemListElement":[{"@type":"ListItem","position":1,"name":"Accueil","item":"https:\/\/www.webdo.tn\/fr\/"},{"@type":"ListItem","position":2,"name":"Eau, \u00e9nergies renouvelables et transparence : Don allemand de 78,8 millions d\u2019euros \u00e0 la Tunisie"}]},{"@type":"WebSite","@id":"https:\/\/www.webdo.tn\/fr\/#website","url":"https:\/\/www.webdo.tn\/fr\/","name":"webdo","description":"Tunisie - News en Tunisie et \u00e0 l&#039;international sur Webdo.tn","publisher":{"@id":"https:\/\/www.webdo.tn\/fr\/#organization"},"potentialAction":[{"@type":"SearchAction","target":{"@type":"EntryPoint","urlTemplate":"https:\/\/www.webdo.tn\/fr\/?s={search_term_string}"},"query-input":{"@type":"PropertyValueSpecification","valueRequired":true,"valueName":"search_term_string"}}],"inLanguage":"fr-FR"},{"@type":"Organization","@id":"https:\/\/www.webdo.tn\/fr\/#organization","name":"Webdo","alternateName":"Webdo.tn","url":"https:\/\/www.webdo.tn\/fr\/","logo":{"@type":"ImageObject","inLanguage":"fr-FR","@id":"https:\/\/www.webdo.tn\/fr\/#\/schema\/logo\/image\/","url":"https:\/\/www.webdo.tn\/fr\/wp-content\/uploads\/2025\/06\/Webdo-Tunisie_168377.jpg","contentUrl":"https:\/\/www.webdo.tn\/fr\/wp-content\/uploads\/2025\/06\/Webdo-Tunisie_168377.jpg","width":301,"height":301,"caption":"Webdo"},"image":{"@id":"https:\/\/www.webdo.tn\/fr\/#\/schema\/logo\/image\/"},"sameAs":["https:\/\/www.facebook.com\/webdotn","https:\/\/x.com\/webdo_tn"],"description":"Webdo est un m\u00e9dia num\u00e9rique tunisien fond\u00e9 en 2010, sp\u00e9cialis\u00e9 dans l\u2019actualit\u00e9 nationale et internationale, l\u2019\u00e9conomie, la soci\u00e9t\u00e9 et les analyses politiques. Le site s\u2019adresse \u00e0 un large public francophone et couvre l\u2019information tunisienne en temps r\u00e9el.","email":"redac@webdo.tn","legalName":"YNJ SARL","foundingDate":"2010-09-06","numberOfEmployees":{"@type":"QuantitativeValue","minValue":"11","maxValue":"50"}},{"@type":"Person","@id":"https:\/\/www.webdo.tn\/fr\/#\/schema\/person\/2c4929cbf5a809e3bd38617c6ce150f6","name":"MC","image":{"@type":"ImageObject","inLanguage":"fr-FR","@id":"https:\/\/secure.gravatar.com\/avatar\/a545bbb6f84efdd5553dbbc2895e3ca8f1d12c5215e00a041c9670b54aa9b18a?s=96&d=mm&r=g","url":"https:\/\/secure.gravatar.com\/avatar\/a545bbb6f84efdd5553dbbc2895e3ca8f1d12c5215e00a041c9670b54aa9b18a?s=96&d=mm&r=g","contentUrl":"https:\/\/secure.gravatar.com\/avatar\/a545bbb6f84efdd5553dbbc2895e3ca8f1d12c5215e00a041c9670b54aa9b18a?s=96&d=mm&r=g","caption":"MC"},"url":"https:\/\/www.webdo.tn\/fr\/actualite\/author\/mc\/"}]}},"_links":{"self":[{"href":"https:\/\/www.webdo.tn\/fr\/wp-json\/wp\/v2\/posts\/218287","targetHints":{"allow":["GET"]}}],"collection":[{"href":"https:\/\/www.webdo.tn\/fr\/wp-json\/wp\/v2\/posts"}],"about":[{"href":"https:\/\/www.webdo.tn\/fr\/wp-json\/wp\/v2\/types\/post"}],"author":[{"embeddable":true,"href":"https:\/\/www.webdo.tn\/fr\/wp-json\/wp\/v2\/users\/3162"}],"replies":[{"embeddable":true,"href":"https:\/\/www.webdo.tn\/fr\/wp-json\/wp\/v2\/comments?post=218287"}],"version-history":[{"count":0,"href":"https:\/\/www.webdo.tn\/fr\/wp-json\/wp\/v2\/posts\/218287\/revisions"}],"wp:featuredmedia":[{"embeddable":true,"href":"https:\/\/www.webdo.tn\/fr\/wp-json\/wp\/v2\/media\/243496"}],"wp:attachment":[{"href":"https:\/\/www.webdo.tn\/fr\/wp-json\/wp\/v2\/media?parent=218287"}],"wp:term":[{"taxonomy":"category","embeddable":true,"href":"https:\/\/www.webdo.tn\/fr\/wp-json\/wp\/v2\/categories?post=218287"},{"taxonomy":"post_tag","embeddable":true,"href":"https:\/\/www.webdo.tn\/fr\/wp-json\/wp\/v2\/tags?post=218287"}],"curies":[{"name":"wp","href":"https:\/\/api.w.org\/{rel}","templated":true}]}}