{"id":218283,"date":"2024-12-11T21:19:00","date_gmt":"2024-12-11T21:19:00","guid":{"rendered":"https:\/\/www.webdo.tn\/fr\/blog\/2024\/12\/11\/tunisie-un-cmr-pour-a-affronter-la-vague-de-froid-hivernale\/"},"modified":"2025-05-21T09:01:34","modified_gmt":"2025-05-21T09:01:34","slug":"tunisie-un-cmr-pour-a-affronter-la-vague-de-froid-hivernale","status":"publish","type":"post","link":"https:\/\/www.webdo.tn\/fr\/actualite\/national\/tunisie-un-cmr-pour-a-affronter-la-vague-de-froid-hivernale\/218283\/","title":{"rendered":"Tunisie : Mesures d&rsquo;urgence pour affronter la vague de froid hivernale"},"content":{"rendered":"<p>Le 11 d\u00e9cembre 2024,  Kamel Maddouri, chef du gouvernement, a pr\u00e9sid\u00e9 un conseil minist\u00e9riel restreint pour discuter des mesures de pr\u00e9vention face \u00e0 la vague de froid et aux intemp\u00e9ries attendues durant l&rsquo;hiver.<\/p>\n<p>\t\t\t\t\t\t\t\t\tCette rencontre a r\u00e9uni plusieurs ministres, dont ceux de l&rsquo;Int\u00e9rieur, de la Sant\u00e9, des Finances, ainsi que des repr\u00e9sentants des minist\u00e8res de la D\u00e9fense et de la Femme.<\/p>\n<p>Le chef du gouvernement a insist\u00e9 sur la n\u00e9cessit\u00e9 d&rsquo;une coordination \u00e9troite entre les diff\u00e9rentes structures de l&rsquo;\u00c9tat pour faire face aux risques climatiques. Il a soulign\u00e9 l&rsquo;importance de suivre de pr\u00e8s les pr\u00e9visions m\u00e9t\u00e9orologiques via le syst\u00e8me d\u2019alerte pr\u00e9coce de l\u2019Institut national de la m\u00e9t\u00e9orologie afin de garantir des interventions rapides et adapt\u00e9es.<\/p>\n<p>Plusieurs mesures ont \u00e9t\u00e9 d\u00e9cid\u00e9es pour faire face aux conditions extr\u00eames :<\/p>\n<p>\tRenforcement des stocks de gaz butane pour assurer une distribution fluide, en particulier dans les r\u00e9gions les plus vuln\u00e9rables.<br \/>\n\tAugmentation des r\u00e9serves d&rsquo;aide humanitaire pour les familles d\u00e9munies, notamment dans les zones montagneuses et recul\u00e9es.<br \/>\n\tPr\u00e9paration des infrastructures pour g\u00e9rer les inondations, avec des plans d\u2019\u00e9vacuation et un soutien logistique en cas d\u2019urgence.<br \/>\n\tRenforcement des capacit\u00e9s hospitali\u00e8res, notamment en mati\u00e8re d&rsquo;approvisionnement en \u00e9lectricit\u00e9 et en m\u00e9dicaments dans les r\u00e9gions \u00e0 risque.<\/p>\n<p>Le gouvernement met en place un dispositif de suivi constant et de coordination pour garantir une r\u00e9ponse efficace aux al\u00e9as climatiques et prot\u00e9ger les populations les plus expos\u00e9es.<\/p>\n","protected":false},"excerpt":{"rendered":"<p>Le chef du gouvernement a pr\u00e9sid\u00e9 un conseil minist\u00e9riel restreint pour coordonner les mesures face \u00e0 la vague de froid hivernale. Des actions de pr\u00e9vention et&#8230;<\/p>\n","protected":false},"author":3166,"featured_media":243494,"comment_status":"open","ping_status":"open","sticky":false,"template":"","format":"standard","meta":{"footnotes":""},"categories":[44],"tags":[4420,4419,2608],"class_list":["post-218283","post","type-post","status-publish","format-standard","has-post-thumbnail","hentry","category-national","tag-froid","tag-hiver","tag-tunisie"],"yoast_head":"<!-- This site is optimized with the Yoast SEO Premium plugin v27.5 (Yoast SEO v27.5) - https:\/\/yoast.com\/product\/yoast-seo-premium-wordpress\/ -->\n<title>Tunisie : Mesures d&#039;urgence pour affronter la vague de froid hivernale<\/title>\n<meta name=\"description\" content=\"Le chef du gouvernement a pr\u00e9sid\u00e9 un conseil minist\u00e9riel restreint pour coordonner les mesures face \u00e0 la vague de froid hivernale. Des actions de pr\u00e9vention et...\" \/>\n<link rel=\"canonical\" href=\"https:\/\/www.webdo.tn\/fr\/actualite\/national\/tunisie-un-cmr-pour-a-affronter-la-vague-de-froid-hivernale\/218283\/\" \/>\n<meta property=\"og:locale\" content=\"fr_FR\" \/>\n<meta property=\"og:type\" content=\"article\" \/>\n<meta property=\"og:title\" content=\"Tunisie : Mesures d&#039;urgence pour affronter la vague de froid hivernale\" \/>\n<meta property=\"og:description\" content=\"Le chef du gouvernement a pr\u00e9sid\u00e9 un conseil minist\u00e9riel restreint pour coordonner les mesures face \u00e0 la vague de froid hivernale. Des actions de pr\u00e9vention et...\" \/>\n<meta property=\"og:url\" content=\"https:\/\/www.webdo.tn\/fr\/actualite\/national\/tunisie-un-cmr-pour-a-affronter-la-vague-de-froid-hivernale\/218283\/\" \/>\n<meta property=\"og:site_name\" content=\"webdo\" \/>\n<meta property=\"article:publisher\" content=\"https:\/\/www.facebook.com\/webdotn\" \/>\n<meta property=\"article:published_time\" content=\"2024-12-11T21:19:00+00:00\" \/>\n<meta property=\"article:modified_time\" content=\"2025-05-21T09:01:34+00:00\" \/>\n<meta property=\"og:image\" content=\"https:\/\/www.webdo.tn\/fr\/wp-content\/uploads\/2025\/05\/e9d0d51230b8e3a2ef25015a782294a6-2.webp\" \/>\n\t<meta property=\"og:image:width\" content=\"750\" \/>\n\t<meta property=\"og:image:height\" content=\"400\" \/>\n\t<meta property=\"og:image:type\" content=\"image\/webp\" \/>\n<meta name=\"author\" content=\"AZ\" \/>\n<meta name=\"twitter:card\" content=\"summary_large_image\" \/>\n<meta name=\"twitter:creator\" content=\"@webdo_tn\" \/>\n<meta name=\"twitter:site\" content=\"@webdo_tn\" \/>\n<meta name=\"twitter:label1\" content=\"\u00c9crit par\" \/>\n\t<meta name=\"twitter:data1\" content=\"AZ\" \/>\n\t<meta name=\"twitter:label2\" content=\"Dur\u00e9e de lecture estim\u00e9e\" \/>\n\t<meta name=\"twitter:data2\" content=\"1 minute\" \/>\n<script type=\"application\/ld+json\" class=\"yoast-schema-graph\">{\"@context\":\"https:\\\/\\\/schema.org\",\"@graph\":[{\"@type\":\"NewsArticle\",\"@id\":\"https:\\\/\\\/www.webdo.tn\\\/fr\\\/actualite\\\/national\\\/tunisie-un-cmr-pour-a-affronter-la-vague-de-froid-hivernale\\\/218283\\\/#article\",\"isPartOf\":{\"@id\":\"https:\\\/\\\/www.webdo.tn\\\/fr\\\/actualite\\\/national\\\/tunisie-un-cmr-pour-a-affronter-la-vague-de-froid-hivernale\\\/218283\\\/\"},\"author\":{\"name\":\"AZ\",\"@id\":\"https:\\\/\\\/www.webdo.tn\\\/fr\\\/#\\\/schema\\\/person\\\/b8a41c04d93287d375510db360906b34\"},\"headline\":\"Tunisie : Mesures d&rsquo;urgence pour affronter la vague de froid hivernale\",\"datePublished\":\"2024-12-11T21:19:00+00:00\",\"dateModified\":\"2025-05-21T09:01:34+00:00\",\"mainEntityOfPage\":{\"@id\":\"https:\\\/\\\/www.webdo.tn\\\/fr\\\/actualite\\\/national\\\/tunisie-un-cmr-pour-a-affronter-la-vague-de-froid-hivernale\\\/218283\\\/\"},\"wordCount\":283,\"commentCount\":0,\"publisher\":{\"@id\":\"https:\\\/\\\/www.webdo.tn\\\/fr\\\/#organization\"},\"image\":{\"@id\":\"https:\\\/\\\/www.webdo.tn\\\/fr\\\/actualite\\\/national\\\/tunisie-un-cmr-pour-a-affronter-la-vague-de-froid-hivernale\\\/218283\\\/#primaryimage\"},\"thumbnailUrl\":\"https:\\\/\\\/www.webdo.tn\\\/fr\\\/wp-content\\\/uploads\\\/2025\\\/05\\\/e9d0d51230b8e3a2ef25015a782294a6-2.webp\",\"keywords\":[\"froid\",\"hiver\",\"Tunisie\"],\"articleSection\":[\"National\"],\"inLanguage\":\"fr-FR\"},{\"@type\":\"WebPage\",\"@id\":\"https:\\\/\\\/www.webdo.tn\\\/fr\\\/actualite\\\/national\\\/tunisie-un-cmr-pour-a-affronter-la-vague-de-froid-hivernale\\\/218283\\\/\",\"url\":\"https:\\\/\\\/www.webdo.tn\\\/fr\\\/actualite\\\/national\\\/tunisie-un-cmr-pour-a-affronter-la-vague-de-froid-hivernale\\\/218283\\\/\",\"name\":\"Tunisie : Mesures d'urgence pour affronter la vague de froid hivernale\",\"isPartOf\":{\"@id\":\"https:\\\/\\\/www.webdo.tn\\\/fr\\\/#website\"},\"primaryImageOfPage\":{\"@id\":\"https:\\\/\\\/www.webdo.tn\\\/fr\\\/actualite\\\/national\\\/tunisie-un-cmr-pour-a-affronter-la-vague-de-froid-hivernale\\\/218283\\\/#primaryimage\"},\"image\":{\"@id\":\"https:\\\/\\\/www.webdo.tn\\\/fr\\\/actualite\\\/national\\\/tunisie-un-cmr-pour-a-affronter-la-vague-de-froid-hivernale\\\/218283\\\/#primaryimage\"},\"thumbnailUrl\":\"https:\\\/\\\/www.webdo.tn\\\/fr\\\/wp-content\\\/uploads\\\/2025\\\/05\\\/e9d0d51230b8e3a2ef25015a782294a6-2.webp\",\"datePublished\":\"2024-12-11T21:19:00+00:00\",\"dateModified\":\"2025-05-21T09:01:34+00:00\",\"description\":\"Le chef du gouvernement a pr\u00e9sid\u00e9 un conseil minist\u00e9riel restreint pour coordonner les mesures face \u00e0 la vague de froid hivernale. Des actions de pr\u00e9vention et...\",\"breadcrumb\":{\"@id\":\"https:\\\/\\\/www.webdo.tn\\\/fr\\\/actualite\\\/national\\\/tunisie-un-cmr-pour-a-affronter-la-vague-de-froid-hivernale\\\/218283\\\/#breadcrumb\"},\"inLanguage\":\"fr-FR\",\"potentialAction\":[{\"@type\":\"ReadAction\",\"target\":[\"https:\\\/\\\/www.webdo.tn\\\/fr\\\/actualite\\\/national\\\/tunisie-un-cmr-pour-a-affronter-la-vague-de-froid-hivernale\\\/218283\\\/\"]}]},{\"@type\":\"ImageObject\",\"inLanguage\":\"fr-FR\",\"@id\":\"https:\\\/\\\/www.webdo.tn\\\/fr\\\/actualite\\\/national\\\/tunisie-un-cmr-pour-a-affronter-la-vague-de-froid-hivernale\\\/218283\\\/#primaryimage\",\"url\":\"https:\\\/\\\/www.webdo.tn\\\/fr\\\/wp-content\\\/uploads\\\/2025\\\/05\\\/e9d0d51230b8e3a2ef25015a782294a6-2.webp\",\"contentUrl\":\"https:\\\/\\\/www.webdo.tn\\\/fr\\\/wp-content\\\/uploads\\\/2025\\\/05\\\/e9d0d51230b8e3a2ef25015a782294a6-2.webp\",\"width\":750,\"height\":400},{\"@type\":\"BreadcrumbList\",\"@id\":\"https:\\\/\\\/www.webdo.tn\\\/fr\\\/actualite\\\/national\\\/tunisie-un-cmr-pour-a-affronter-la-vague-de-froid-hivernale\\\/218283\\\/#breadcrumb\",\"itemListElement\":[{\"@type\":\"ListItem\",\"position\":1,\"name\":\"Accueil\",\"item\":\"https:\\\/\\\/www.webdo.tn\\\/fr\\\/\"},{\"@type\":\"ListItem\",\"position\":2,\"name\":\"Tunisie : Mesures d&#8217;urgence pour affronter la vague de froid hivernale\"}]},{\"@type\":\"WebSite\",\"@id\":\"https:\\\/\\\/www.webdo.tn\\\/fr\\\/#website\",\"url\":\"https:\\\/\\\/www.webdo.tn\\\/fr\\\/\",\"name\":\"webdo\",\"description\":\"Tunisie - News en Tunisie et \u00e0 l&#039;international sur Webdo.tn\",\"publisher\":{\"@id\":\"https:\\\/\\\/www.webdo.tn\\\/fr\\\/#organization\"},\"potentialAction\":[{\"@type\":\"SearchAction\",\"target\":{\"@type\":\"EntryPoint\",\"urlTemplate\":\"https:\\\/\\\/www.webdo.tn\\\/fr\\\/?s={search_term_string}\"},\"query-input\":{\"@type\":\"PropertyValueSpecification\",\"valueRequired\":true,\"valueName\":\"search_term_string\"}}],\"inLanguage\":\"fr-FR\"},{\"@type\":\"Organization\",\"@id\":\"https:\\\/\\\/www.webdo.tn\\\/fr\\\/#organization\",\"name\":\"Webdo\",\"alternateName\":\"Webdo.tn\",\"url\":\"https:\\\/\\\/www.webdo.tn\\\/fr\\\/\",\"logo\":{\"@type\":\"ImageObject\",\"inLanguage\":\"fr-FR\",\"@id\":\"https:\\\/\\\/www.webdo.tn\\\/fr\\\/#\\\/schema\\\/logo\\\/image\\\/\",\"url\":\"https:\\\/\\\/www.webdo.tn\\\/fr\\\/wp-content\\\/uploads\\\/2025\\\/06\\\/Webdo-Tunisie_168377.jpg\",\"contentUrl\":\"https:\\\/\\\/www.webdo.tn\\\/fr\\\/wp-content\\\/uploads\\\/2025\\\/06\\\/Webdo-Tunisie_168377.jpg\",\"width\":301,\"height\":301,\"caption\":\"Webdo\"},\"image\":{\"@id\":\"https:\\\/\\\/www.webdo.tn\\\/fr\\\/#\\\/schema\\\/logo\\\/image\\\/\"},\"sameAs\":[\"https:\\\/\\\/www.facebook.com\\\/webdotn\",\"https:\\\/\\\/x.com\\\/webdo_tn\"],\"description\":\"Webdo est un m\u00e9dia num\u00e9rique tunisien fond\u00e9 en 2010, sp\u00e9cialis\u00e9 dans l\u2019actualit\u00e9 nationale et internationale, l\u2019\u00e9conomie, la soci\u00e9t\u00e9 et les analyses politiques. Le site s\u2019adresse \u00e0 un large public francophone et couvre l\u2019information tunisienne en temps r\u00e9el.\",\"email\":\"redac@webdo.tn\",\"legalName\":\"YNJ SARL\",\"foundingDate\":\"2010-09-06\",\"numberOfEmployees\":{\"@type\":\"QuantitativeValue\",\"minValue\":\"11\",\"maxValue\":\"50\"}},{\"@type\":\"Person\",\"@id\":\"https:\\\/\\\/www.webdo.tn\\\/fr\\\/#\\\/schema\\\/person\\\/b8a41c04d93287d375510db360906b34\",\"name\":\"AZ\",\"image\":{\"@type\":\"ImageObject\",\"inLanguage\":\"fr-FR\",\"@id\":\"https:\\\/\\\/secure.gravatar.com\\\/avatar\\\/492b80bada79439de4201dce15cd41eece6c277cfdf1b53382073c79105c1f89?s=96&d=mm&r=g\",\"url\":\"https:\\\/\\\/secure.gravatar.com\\\/avatar\\\/492b80bada79439de4201dce15cd41eece6c277cfdf1b53382073c79105c1f89?s=96&d=mm&r=g\",\"contentUrl\":\"https:\\\/\\\/secure.gravatar.com\\\/avatar\\\/492b80bada79439de4201dce15cd41eece6c277cfdf1b53382073c79105c1f89?s=96&d=mm&r=g\",\"caption\":\"AZ\"},\"url\":\"https:\\\/\\\/www.webdo.tn\\\/fr\\\/actualite\\\/author\\\/az\\\/\"}]}<\/script>\n<!-- \/ Yoast SEO Premium plugin. -->","yoast_head_json":{"title":"Tunisie : Mesures d'urgence pour affronter la vague de froid hivernale","description":"Le chef du gouvernement a pr\u00e9sid\u00e9 un conseil minist\u00e9riel restreint pour coordonner les mesures face \u00e0 la vague de froid hivernale. Des actions de pr\u00e9vention et...","canonical":"https:\/\/www.webdo.tn\/fr\/actualite\/national\/tunisie-un-cmr-pour-a-affronter-la-vague-de-froid-hivernale\/218283\/","og_locale":"fr_FR","og_type":"article","og_title":"Tunisie : Mesures d'urgence pour affronter la vague de froid hivernale","og_description":"Le chef du gouvernement a pr\u00e9sid\u00e9 un conseil minist\u00e9riel restreint pour coordonner les mesures face \u00e0 la vague de froid hivernale. Des actions de pr\u00e9vention et...","og_url":"https:\/\/www.webdo.tn\/fr\/actualite\/national\/tunisie-un-cmr-pour-a-affronter-la-vague-de-froid-hivernale\/218283\/","og_site_name":"webdo","article_publisher":"https:\/\/www.facebook.com\/webdotn","article_published_time":"2024-12-11T21:19:00+00:00","article_modified_time":"2025-05-21T09:01:34+00:00","og_image":[{"width":750,"height":400,"url":"https:\/\/www.webdo.tn\/fr\/wp-content\/uploads\/2025\/05\/e9d0d51230b8e3a2ef25015a782294a6-2.webp","type":"image\/webp"}],"author":"AZ","twitter_card":"summary_large_image","twitter_creator":"@webdo_tn","twitter_site":"@webdo_tn","twitter_misc":{"\u00c9crit par":"AZ","Dur\u00e9e de lecture estim\u00e9e":"1 minute"},"schema":{"@context":"https:\/\/schema.org","@graph":[{"@type":"NewsArticle","@id":"https:\/\/www.webdo.tn\/fr\/actualite\/national\/tunisie-un-cmr-pour-a-affronter-la-vague-de-froid-hivernale\/218283\/#article","isPartOf":{"@id":"https:\/\/www.webdo.tn\/fr\/actualite\/national\/tunisie-un-cmr-pour-a-affronter-la-vague-de-froid-hivernale\/218283\/"},"author":{"name":"AZ","@id":"https:\/\/www.webdo.tn\/fr\/#\/schema\/person\/b8a41c04d93287d375510db360906b34"},"headline":"Tunisie : Mesures d&rsquo;urgence pour affronter la vague de froid hivernale","datePublished":"2024-12-11T21:19:00+00:00","dateModified":"2025-05-21T09:01:34+00:00","mainEntityOfPage":{"@id":"https:\/\/www.webdo.tn\/fr\/actualite\/national\/tunisie-un-cmr-pour-a-affronter-la-vague-de-froid-hivernale\/218283\/"},"wordCount":283,"commentCount":0,"publisher":{"@id":"https:\/\/www.webdo.tn\/fr\/#organization"},"image":{"@id":"https:\/\/www.webdo.tn\/fr\/actualite\/national\/tunisie-un-cmr-pour-a-affronter-la-vague-de-froid-hivernale\/218283\/#primaryimage"},"thumbnailUrl":"https:\/\/www.webdo.tn\/fr\/wp-content\/uploads\/2025\/05\/e9d0d51230b8e3a2ef25015a782294a6-2.webp","keywords":["froid","hiver","Tunisie"],"articleSection":["National"],"inLanguage":"fr-FR"},{"@type":"WebPage","@id":"https:\/\/www.webdo.tn\/fr\/actualite\/national\/tunisie-un-cmr-pour-a-affronter-la-vague-de-froid-hivernale\/218283\/","url":"https:\/\/www.webdo.tn\/fr\/actualite\/national\/tunisie-un-cmr-pour-a-affronter-la-vague-de-froid-hivernale\/218283\/","name":"Tunisie : Mesures d'urgence pour affronter la vague de froid hivernale","isPartOf":{"@id":"https:\/\/www.webdo.tn\/fr\/#website"},"primaryImageOfPage":{"@id":"https:\/\/www.webdo.tn\/fr\/actualite\/national\/tunisie-un-cmr-pour-a-affronter-la-vague-de-froid-hivernale\/218283\/#primaryimage"},"image":{"@id":"https:\/\/www.webdo.tn\/fr\/actualite\/national\/tunisie-un-cmr-pour-a-affronter-la-vague-de-froid-hivernale\/218283\/#primaryimage"},"thumbnailUrl":"https:\/\/www.webdo.tn\/fr\/wp-content\/uploads\/2025\/05\/e9d0d51230b8e3a2ef25015a782294a6-2.webp","datePublished":"2024-12-11T21:19:00+00:00","dateModified":"2025-05-21T09:01:34+00:00","description":"Le chef du gouvernement a pr\u00e9sid\u00e9 un conseil minist\u00e9riel restreint pour coordonner les mesures face \u00e0 la vague de froid hivernale. Des actions de pr\u00e9vention et...","breadcrumb":{"@id":"https:\/\/www.webdo.tn\/fr\/actualite\/national\/tunisie-un-cmr-pour-a-affronter-la-vague-de-froid-hivernale\/218283\/#breadcrumb"},"inLanguage":"fr-FR","potentialAction":[{"@type":"ReadAction","target":["https:\/\/www.webdo.tn\/fr\/actualite\/national\/tunisie-un-cmr-pour-a-affronter-la-vague-de-froid-hivernale\/218283\/"]}]},{"@type":"ImageObject","inLanguage":"fr-FR","@id":"https:\/\/www.webdo.tn\/fr\/actualite\/national\/tunisie-un-cmr-pour-a-affronter-la-vague-de-froid-hivernale\/218283\/#primaryimage","url":"https:\/\/www.webdo.tn\/fr\/wp-content\/uploads\/2025\/05\/e9d0d51230b8e3a2ef25015a782294a6-2.webp","contentUrl":"https:\/\/www.webdo.tn\/fr\/wp-content\/uploads\/2025\/05\/e9d0d51230b8e3a2ef25015a782294a6-2.webp","width":750,"height":400},{"@type":"BreadcrumbList","@id":"https:\/\/www.webdo.tn\/fr\/actualite\/national\/tunisie-un-cmr-pour-a-affronter-la-vague-de-froid-hivernale\/218283\/#breadcrumb","itemListElement":[{"@type":"ListItem","position":1,"name":"Accueil","item":"https:\/\/www.webdo.tn\/fr\/"},{"@type":"ListItem","position":2,"name":"Tunisie : Mesures d&#8217;urgence pour affronter la vague de froid hivernale"}]},{"@type":"WebSite","@id":"https:\/\/www.webdo.tn\/fr\/#website","url":"https:\/\/www.webdo.tn\/fr\/","name":"webdo","description":"Tunisie - News en Tunisie et \u00e0 l&#039;international sur Webdo.tn","publisher":{"@id":"https:\/\/www.webdo.tn\/fr\/#organization"},"potentialAction":[{"@type":"SearchAction","target":{"@type":"EntryPoint","urlTemplate":"https:\/\/www.webdo.tn\/fr\/?s={search_term_string}"},"query-input":{"@type":"PropertyValueSpecification","valueRequired":true,"valueName":"search_term_string"}}],"inLanguage":"fr-FR"},{"@type":"Organization","@id":"https:\/\/www.webdo.tn\/fr\/#organization","name":"Webdo","alternateName":"Webdo.tn","url":"https:\/\/www.webdo.tn\/fr\/","logo":{"@type":"ImageObject","inLanguage":"fr-FR","@id":"https:\/\/www.webdo.tn\/fr\/#\/schema\/logo\/image\/","url":"https:\/\/www.webdo.tn\/fr\/wp-content\/uploads\/2025\/06\/Webdo-Tunisie_168377.jpg","contentUrl":"https:\/\/www.webdo.tn\/fr\/wp-content\/uploads\/2025\/06\/Webdo-Tunisie_168377.jpg","width":301,"height":301,"caption":"Webdo"},"image":{"@id":"https:\/\/www.webdo.tn\/fr\/#\/schema\/logo\/image\/"},"sameAs":["https:\/\/www.facebook.com\/webdotn","https:\/\/x.com\/webdo_tn"],"description":"Webdo est un m\u00e9dia num\u00e9rique tunisien fond\u00e9 en 2010, sp\u00e9cialis\u00e9 dans l\u2019actualit\u00e9 nationale et internationale, l\u2019\u00e9conomie, la soci\u00e9t\u00e9 et les analyses politiques. Le site s\u2019adresse \u00e0 un large public francophone et couvre l\u2019information tunisienne en temps r\u00e9el.","email":"redac@webdo.tn","legalName":"YNJ SARL","foundingDate":"2010-09-06","numberOfEmployees":{"@type":"QuantitativeValue","minValue":"11","maxValue":"50"}},{"@type":"Person","@id":"https:\/\/www.webdo.tn\/fr\/#\/schema\/person\/b8a41c04d93287d375510db360906b34","name":"AZ","image":{"@type":"ImageObject","inLanguage":"fr-FR","@id":"https:\/\/secure.gravatar.com\/avatar\/492b80bada79439de4201dce15cd41eece6c277cfdf1b53382073c79105c1f89?s=96&d=mm&r=g","url":"https:\/\/secure.gravatar.com\/avatar\/492b80bada79439de4201dce15cd41eece6c277cfdf1b53382073c79105c1f89?s=96&d=mm&r=g","contentUrl":"https:\/\/secure.gravatar.com\/avatar\/492b80bada79439de4201dce15cd41eece6c277cfdf1b53382073c79105c1f89?s=96&d=mm&r=g","caption":"AZ"},"url":"https:\/\/www.webdo.tn\/fr\/actualite\/author\/az\/"}]}},"_links":{"self":[{"href":"https:\/\/www.webdo.tn\/fr\/wp-json\/wp\/v2\/posts\/218283","targetHints":{"allow":["GET"]}}],"collection":[{"href":"https:\/\/www.webdo.tn\/fr\/wp-json\/wp\/v2\/posts"}],"about":[{"href":"https:\/\/www.webdo.tn\/fr\/wp-json\/wp\/v2\/types\/post"}],"author":[{"embeddable":true,"href":"https:\/\/www.webdo.tn\/fr\/wp-json\/wp\/v2\/users\/3166"}],"replies":[{"embeddable":true,"href":"https:\/\/www.webdo.tn\/fr\/wp-json\/wp\/v2\/comments?post=218283"}],"version-history":[{"count":0,"href":"https:\/\/www.webdo.tn\/fr\/wp-json\/wp\/v2\/posts\/218283\/revisions"}],"wp:featuredmedia":[{"embeddable":true,"href":"https:\/\/www.webdo.tn\/fr\/wp-json\/wp\/v2\/media\/243494"}],"wp:attachment":[{"href":"https:\/\/www.webdo.tn\/fr\/wp-json\/wp\/v2\/media?parent=218283"}],"wp:term":[{"taxonomy":"category","embeddable":true,"href":"https:\/\/www.webdo.tn\/fr\/wp-json\/wp\/v2\/categories?post=218283"},{"taxonomy":"post_tag","embeddable":true,"href":"https:\/\/www.webdo.tn\/fr\/wp-json\/wp\/v2\/tags?post=218283"}],"curies":[{"name":"wp","href":"https:\/\/api.w.org\/{rel}","templated":true}]}}