{"id":218281,"date":"2024-12-11T20:21:00","date_gmt":"2024-12-11T20:21:00","guid":{"rendered":"https:\/\/www.webdo.tn\/fr\/blog\/2024\/12\/11\/panne-geante-chez-meta-facebook-instagram-whatsapp-et-messenger-touches\/"},"modified":"2025-05-21T09:01:32","modified_gmt":"2025-05-21T09:01:32","slug":"panne-geante-chez-meta-facebook-instagram-whatsapp-et-messenger-touches","status":"publish","type":"post","link":"https:\/\/www.webdo.tn\/fr\/actualite\/international\/panne-geante-chez-meta-facebook-instagram-whatsapp-et-messenger-touches\/218281\/","title":{"rendered":"Panne g\u00e9ante chez Meta : Facebook, Instagram, WhatsApp et Messenger touch\u00e9s"},"content":{"rendered":"<p>Les utilisateurs des services de Meta, dont Facebook, Instagram, WhatsApp, Messenger et Threads, ont connu une panne importante ce mercredi soir.<\/p>\n<p>\t\t\t\t\t\t\t\t\tLes probl\u00e8mes, signal\u00e9s \u00e0 l&rsquo;\u00e9chelle mondiale, emp\u00eachent l&rsquo;acc\u00e8s aux applications ou provoquent des difficult\u00e9s pour charger du contenu, voire l\u2019impossibilit\u00e9 d\u2019envoyer des messages. La plateforme DownDetector a rapidement enregistr\u00e9 une explosion des signalements, montrant que le probl\u00e8me affecte un grand nombre d&rsquo;internautes dans plusieurs r\u00e9gions du monde.<\/p>\n<p>L\u2019entreprise a confirm\u00e9 qu\u2019un probl\u00e8me technique \u00e9tait \u00e0 l&rsquo;origine des perturbations, pr\u00e9cisant qu\u2019elle travaillait activement \u00e0 une r\u00e9solution. Dans un message publi\u00e9 sur X (anciennement Twitter), Meta a exprim\u00e9 ses excuses et indiqu\u00e9 que la situation revenait progressivement \u00e0 la normale pour certains utilisateurs. La panne n&rsquo;est pas une premi\u00e8re pour le groupe : en mars dernier, une interruption similaire avait dur\u00e9 plusieurs heures, sans explication de la part de l&rsquo;entreprise.<\/p>\n<p>Sur les r\u00e9seaux sociaux concurrents, de nombreux t\u00e9moignages ont afflu\u00e9 pour signaler les dysfonctionnements, et des hashtags comme #facebookdown et #instagramdown ont \u00e9t\u00e9 largement partag\u00e9s. Bien que Meta n&rsquo;ait pas encore fourni d&rsquo;explications sur la cause de la panne, elle semble avoir impact\u00e9 les services dans le monde entier. Les utilisateurs attendent maintenant un retour complet \u00e0 la normalit\u00e9 dans les heures \u00e0 venir.<\/p>\n","protected":false},"excerpt":{"rendered":"<p>Les services de Meta (Facebook, Instagram, WhatsApp, Messenger, Threads) sont en panne ce mercredi soir, affectant des utilisateurs du monde entier. L&rsquo;entrepris&#8230;<\/p>\n","protected":false},"author":3166,"featured_media":243488,"comment_status":"open","ping_status":"open","sticky":false,"template":"","format":"standard","meta":{"footnotes":""},"categories":[2598],"tags":[4744,4205,4748,4746,4747,4745],"class_list":["post-218281","post","type-post","status-publish","format-standard","has-post-thumbnail","hentry","category-international","tag-facebook","tag-instagram","tag-messenger","tag-meta","tag-panne","tag-whatsapp"],"yoast_head":"<!-- This site is optimized with the Yoast SEO Premium plugin v27.5 (Yoast SEO v27.5) - https:\/\/yoast.com\/product\/yoast-seo-premium-wordpress\/ -->\n<title>Panne g\u00e9ante chez Meta : Facebook, Instagram, WhatsApp et Messenger touch\u00e9s<\/title>\n<meta name=\"description\" content=\"Les services de Meta (Facebook, Instagram, WhatsApp, Messenger, Threads) sont en panne ce mercredi soir, affectant des utilisateurs du monde entier. L&#039;entrepris...\" \/>\n<link rel=\"canonical\" href=\"https:\/\/www.webdo.tn\/fr\/actualite\/international\/panne-geante-chez-meta-facebook-instagram-whatsapp-et-messenger-touches\/218281\/\" \/>\n<meta property=\"og:locale\" content=\"fr_FR\" \/>\n<meta property=\"og:type\" content=\"article\" \/>\n<meta property=\"og:title\" content=\"Panne g\u00e9ante chez Meta : Facebook, Instagram, WhatsApp et Messenger touch\u00e9s\" \/>\n<meta property=\"og:description\" content=\"Les services de Meta (Facebook, Instagram, WhatsApp, Messenger, Threads) sont en panne ce mercredi soir, affectant des utilisateurs du monde entier. L&#039;entrepris...\" \/>\n<meta property=\"og:url\" content=\"https:\/\/www.webdo.tn\/fr\/actualite\/international\/panne-geante-chez-meta-facebook-instagram-whatsapp-et-messenger-touches\/218281\/\" \/>\n<meta property=\"og:site_name\" content=\"webdo\" \/>\n<meta property=\"article:publisher\" content=\"https:\/\/www.facebook.com\/webdotn\" \/>\n<meta property=\"article:published_time\" content=\"2024-12-11T20:21:00+00:00\" \/>\n<meta property=\"article:modified_time\" content=\"2025-05-21T09:01:32+00:00\" \/>\n<meta property=\"og:image\" content=\"https:\/\/www.webdo.tn\/fr\/wp-content\/uploads\/2025\/05\/0df350791d6e8c381c0140164bcc04db-2.webp\" \/>\n\t<meta property=\"og:image:width\" content=\"750\" \/>\n\t<meta property=\"og:image:height\" content=\"400\" \/>\n\t<meta property=\"og:image:type\" content=\"image\/webp\" \/>\n<meta name=\"author\" content=\"AZ\" \/>\n<meta name=\"twitter:card\" content=\"summary_large_image\" \/>\n<meta name=\"twitter:creator\" content=\"@webdo_tn\" \/>\n<meta name=\"twitter:site\" content=\"@webdo_tn\" \/>\n<meta name=\"twitter:label1\" content=\"\u00c9crit par\" \/>\n\t<meta name=\"twitter:data1\" content=\"AZ\" \/>\n\t<meta name=\"twitter:label2\" content=\"Dur\u00e9e de lecture estim\u00e9e\" \/>\n\t<meta name=\"twitter:data2\" content=\"1 minute\" \/>\n<script type=\"application\/ld+json\" class=\"yoast-schema-graph\">{\"@context\":\"https:\\\/\\\/schema.org\",\"@graph\":[{\"@type\":\"NewsArticle\",\"@id\":\"https:\\\/\\\/www.webdo.tn\\\/fr\\\/actualite\\\/international\\\/panne-geante-chez-meta-facebook-instagram-whatsapp-et-messenger-touches\\\/218281\\\/#article\",\"isPartOf\":{\"@id\":\"https:\\\/\\\/www.webdo.tn\\\/fr\\\/actualite\\\/international\\\/panne-geante-chez-meta-facebook-instagram-whatsapp-et-messenger-touches\\\/218281\\\/\"},\"author\":{\"name\":\"AZ\",\"@id\":\"https:\\\/\\\/www.webdo.tn\\\/fr\\\/#\\\/schema\\\/person\\\/b8a41c04d93287d375510db360906b34\"},\"headline\":\"Panne g\u00e9ante chez Meta : Facebook, Instagram, WhatsApp et Messenger touch\u00e9s\",\"datePublished\":\"2024-12-11T20:21:00+00:00\",\"dateModified\":\"2025-05-21T09:01:32+00:00\",\"mainEntityOfPage\":{\"@id\":\"https:\\\/\\\/www.webdo.tn\\\/fr\\\/actualite\\\/international\\\/panne-geante-chez-meta-facebook-instagram-whatsapp-et-messenger-touches\\\/218281\\\/\"},\"wordCount\":235,\"commentCount\":0,\"publisher\":{\"@id\":\"https:\\\/\\\/www.webdo.tn\\\/fr\\\/#organization\"},\"image\":{\"@id\":\"https:\\\/\\\/www.webdo.tn\\\/fr\\\/actualite\\\/international\\\/panne-geante-chez-meta-facebook-instagram-whatsapp-et-messenger-touches\\\/218281\\\/#primaryimage\"},\"thumbnailUrl\":\"https:\\\/\\\/www.webdo.tn\\\/fr\\\/wp-content\\\/uploads\\\/2025\\\/05\\\/0df350791d6e8c381c0140164bcc04db-2.webp\",\"keywords\":[\"Facebook\",\"Instagram\",\"Messenger\",\"meta\",\"panne\",\"WhatsApp\"],\"articleSection\":[\"International\"],\"inLanguage\":\"fr-FR\"},{\"@type\":\"WebPage\",\"@id\":\"https:\\\/\\\/www.webdo.tn\\\/fr\\\/actualite\\\/international\\\/panne-geante-chez-meta-facebook-instagram-whatsapp-et-messenger-touches\\\/218281\\\/\",\"url\":\"https:\\\/\\\/www.webdo.tn\\\/fr\\\/actualite\\\/international\\\/panne-geante-chez-meta-facebook-instagram-whatsapp-et-messenger-touches\\\/218281\\\/\",\"name\":\"Panne g\u00e9ante chez Meta : Facebook, Instagram, WhatsApp et Messenger touch\u00e9s\",\"isPartOf\":{\"@id\":\"https:\\\/\\\/www.webdo.tn\\\/fr\\\/#website\"},\"primaryImageOfPage\":{\"@id\":\"https:\\\/\\\/www.webdo.tn\\\/fr\\\/actualite\\\/international\\\/panne-geante-chez-meta-facebook-instagram-whatsapp-et-messenger-touches\\\/218281\\\/#primaryimage\"},\"image\":{\"@id\":\"https:\\\/\\\/www.webdo.tn\\\/fr\\\/actualite\\\/international\\\/panne-geante-chez-meta-facebook-instagram-whatsapp-et-messenger-touches\\\/218281\\\/#primaryimage\"},\"thumbnailUrl\":\"https:\\\/\\\/www.webdo.tn\\\/fr\\\/wp-content\\\/uploads\\\/2025\\\/05\\\/0df350791d6e8c381c0140164bcc04db-2.webp\",\"datePublished\":\"2024-12-11T20:21:00+00:00\",\"dateModified\":\"2025-05-21T09:01:32+00:00\",\"description\":\"Les services de Meta (Facebook, Instagram, WhatsApp, Messenger, Threads) sont en panne ce mercredi soir, affectant des utilisateurs du monde entier. L'entrepris...\",\"breadcrumb\":{\"@id\":\"https:\\\/\\\/www.webdo.tn\\\/fr\\\/actualite\\\/international\\\/panne-geante-chez-meta-facebook-instagram-whatsapp-et-messenger-touches\\\/218281\\\/#breadcrumb\"},\"inLanguage\":\"fr-FR\",\"potentialAction\":[{\"@type\":\"ReadAction\",\"target\":[\"https:\\\/\\\/www.webdo.tn\\\/fr\\\/actualite\\\/international\\\/panne-geante-chez-meta-facebook-instagram-whatsapp-et-messenger-touches\\\/218281\\\/\"]}]},{\"@type\":\"ImageObject\",\"inLanguage\":\"fr-FR\",\"@id\":\"https:\\\/\\\/www.webdo.tn\\\/fr\\\/actualite\\\/international\\\/panne-geante-chez-meta-facebook-instagram-whatsapp-et-messenger-touches\\\/218281\\\/#primaryimage\",\"url\":\"https:\\\/\\\/www.webdo.tn\\\/fr\\\/wp-content\\\/uploads\\\/2025\\\/05\\\/0df350791d6e8c381c0140164bcc04db-2.webp\",\"contentUrl\":\"https:\\\/\\\/www.webdo.tn\\\/fr\\\/wp-content\\\/uploads\\\/2025\\\/05\\\/0df350791d6e8c381c0140164bcc04db-2.webp\",\"width\":750,\"height\":400},{\"@type\":\"BreadcrumbList\",\"@id\":\"https:\\\/\\\/www.webdo.tn\\\/fr\\\/actualite\\\/international\\\/panne-geante-chez-meta-facebook-instagram-whatsapp-et-messenger-touches\\\/218281\\\/#breadcrumb\",\"itemListElement\":[{\"@type\":\"ListItem\",\"position\":1,\"name\":\"Accueil\",\"item\":\"https:\\\/\\\/www.webdo.tn\\\/fr\\\/\"},{\"@type\":\"ListItem\",\"position\":2,\"name\":\"Panne g\u00e9ante chez Meta : Facebook, Instagram, WhatsApp et Messenger touch\u00e9s\"}]},{\"@type\":\"WebSite\",\"@id\":\"https:\\\/\\\/www.webdo.tn\\\/fr\\\/#website\",\"url\":\"https:\\\/\\\/www.webdo.tn\\\/fr\\\/\",\"name\":\"webdo\",\"description\":\"Tunisie - News en Tunisie et \u00e0 l&#039;international sur Webdo.tn\",\"publisher\":{\"@id\":\"https:\\\/\\\/www.webdo.tn\\\/fr\\\/#organization\"},\"potentialAction\":[{\"@type\":\"SearchAction\",\"target\":{\"@type\":\"EntryPoint\",\"urlTemplate\":\"https:\\\/\\\/www.webdo.tn\\\/fr\\\/?s={search_term_string}\"},\"query-input\":{\"@type\":\"PropertyValueSpecification\",\"valueRequired\":true,\"valueName\":\"search_term_string\"}}],\"inLanguage\":\"fr-FR\"},{\"@type\":\"Organization\",\"@id\":\"https:\\\/\\\/www.webdo.tn\\\/fr\\\/#organization\",\"name\":\"Webdo\",\"alternateName\":\"Webdo.tn\",\"url\":\"https:\\\/\\\/www.webdo.tn\\\/fr\\\/\",\"logo\":{\"@type\":\"ImageObject\",\"inLanguage\":\"fr-FR\",\"@id\":\"https:\\\/\\\/www.webdo.tn\\\/fr\\\/#\\\/schema\\\/logo\\\/image\\\/\",\"url\":\"https:\\\/\\\/www.webdo.tn\\\/fr\\\/wp-content\\\/uploads\\\/2025\\\/06\\\/Webdo-Tunisie_168377.jpg\",\"contentUrl\":\"https:\\\/\\\/www.webdo.tn\\\/fr\\\/wp-content\\\/uploads\\\/2025\\\/06\\\/Webdo-Tunisie_168377.jpg\",\"width\":301,\"height\":301,\"caption\":\"Webdo\"},\"image\":{\"@id\":\"https:\\\/\\\/www.webdo.tn\\\/fr\\\/#\\\/schema\\\/logo\\\/image\\\/\"},\"sameAs\":[\"https:\\\/\\\/www.facebook.com\\\/webdotn\",\"https:\\\/\\\/x.com\\\/webdo_tn\"],\"description\":\"Webdo est un m\u00e9dia num\u00e9rique tunisien fond\u00e9 en 2010, sp\u00e9cialis\u00e9 dans l\u2019actualit\u00e9 nationale et internationale, l\u2019\u00e9conomie, la soci\u00e9t\u00e9 et les analyses politiques. Le site s\u2019adresse \u00e0 un large public francophone et couvre l\u2019information tunisienne en temps r\u00e9el.\",\"email\":\"redac@webdo.tn\",\"legalName\":\"YNJ SARL\",\"foundingDate\":\"2010-09-06\",\"numberOfEmployees\":{\"@type\":\"QuantitativeValue\",\"minValue\":\"11\",\"maxValue\":\"50\"}},{\"@type\":\"Person\",\"@id\":\"https:\\\/\\\/www.webdo.tn\\\/fr\\\/#\\\/schema\\\/person\\\/b8a41c04d93287d375510db360906b34\",\"name\":\"AZ\",\"image\":{\"@type\":\"ImageObject\",\"inLanguage\":\"fr-FR\",\"@id\":\"https:\\\/\\\/secure.gravatar.com\\\/avatar\\\/492b80bada79439de4201dce15cd41eece6c277cfdf1b53382073c79105c1f89?s=96&d=mm&r=g\",\"url\":\"https:\\\/\\\/secure.gravatar.com\\\/avatar\\\/492b80bada79439de4201dce15cd41eece6c277cfdf1b53382073c79105c1f89?s=96&d=mm&r=g\",\"contentUrl\":\"https:\\\/\\\/secure.gravatar.com\\\/avatar\\\/492b80bada79439de4201dce15cd41eece6c277cfdf1b53382073c79105c1f89?s=96&d=mm&r=g\",\"caption\":\"AZ\"},\"url\":\"https:\\\/\\\/www.webdo.tn\\\/fr\\\/actualite\\\/author\\\/az\\\/\"}]}<\/script>\n<!-- \/ Yoast SEO Premium plugin. -->","yoast_head_json":{"title":"Panne g\u00e9ante chez Meta : Facebook, Instagram, WhatsApp et Messenger touch\u00e9s","description":"Les services de Meta (Facebook, Instagram, WhatsApp, Messenger, Threads) sont en panne ce mercredi soir, affectant des utilisateurs du monde entier. L'entrepris...","canonical":"https:\/\/www.webdo.tn\/fr\/actualite\/international\/panne-geante-chez-meta-facebook-instagram-whatsapp-et-messenger-touches\/218281\/","og_locale":"fr_FR","og_type":"article","og_title":"Panne g\u00e9ante chez Meta : Facebook, Instagram, WhatsApp et Messenger touch\u00e9s","og_description":"Les services de Meta (Facebook, Instagram, WhatsApp, Messenger, Threads) sont en panne ce mercredi soir, affectant des utilisateurs du monde entier. L'entrepris...","og_url":"https:\/\/www.webdo.tn\/fr\/actualite\/international\/panne-geante-chez-meta-facebook-instagram-whatsapp-et-messenger-touches\/218281\/","og_site_name":"webdo","article_publisher":"https:\/\/www.facebook.com\/webdotn","article_published_time":"2024-12-11T20:21:00+00:00","article_modified_time":"2025-05-21T09:01:32+00:00","og_image":[{"width":750,"height":400,"url":"https:\/\/www.webdo.tn\/fr\/wp-content\/uploads\/2025\/05\/0df350791d6e8c381c0140164bcc04db-2.webp","type":"image\/webp"}],"author":"AZ","twitter_card":"summary_large_image","twitter_creator":"@webdo_tn","twitter_site":"@webdo_tn","twitter_misc":{"\u00c9crit par":"AZ","Dur\u00e9e de lecture estim\u00e9e":"1 minute"},"schema":{"@context":"https:\/\/schema.org","@graph":[{"@type":"NewsArticle","@id":"https:\/\/www.webdo.tn\/fr\/actualite\/international\/panne-geante-chez-meta-facebook-instagram-whatsapp-et-messenger-touches\/218281\/#article","isPartOf":{"@id":"https:\/\/www.webdo.tn\/fr\/actualite\/international\/panne-geante-chez-meta-facebook-instagram-whatsapp-et-messenger-touches\/218281\/"},"author":{"name":"AZ","@id":"https:\/\/www.webdo.tn\/fr\/#\/schema\/person\/b8a41c04d93287d375510db360906b34"},"headline":"Panne g\u00e9ante chez Meta : Facebook, Instagram, WhatsApp et Messenger touch\u00e9s","datePublished":"2024-12-11T20:21:00+00:00","dateModified":"2025-05-21T09:01:32+00:00","mainEntityOfPage":{"@id":"https:\/\/www.webdo.tn\/fr\/actualite\/international\/panne-geante-chez-meta-facebook-instagram-whatsapp-et-messenger-touches\/218281\/"},"wordCount":235,"commentCount":0,"publisher":{"@id":"https:\/\/www.webdo.tn\/fr\/#organization"},"image":{"@id":"https:\/\/www.webdo.tn\/fr\/actualite\/international\/panne-geante-chez-meta-facebook-instagram-whatsapp-et-messenger-touches\/218281\/#primaryimage"},"thumbnailUrl":"https:\/\/www.webdo.tn\/fr\/wp-content\/uploads\/2025\/05\/0df350791d6e8c381c0140164bcc04db-2.webp","keywords":["Facebook","Instagram","Messenger","meta","panne","WhatsApp"],"articleSection":["International"],"inLanguage":"fr-FR"},{"@type":"WebPage","@id":"https:\/\/www.webdo.tn\/fr\/actualite\/international\/panne-geante-chez-meta-facebook-instagram-whatsapp-et-messenger-touches\/218281\/","url":"https:\/\/www.webdo.tn\/fr\/actualite\/international\/panne-geante-chez-meta-facebook-instagram-whatsapp-et-messenger-touches\/218281\/","name":"Panne g\u00e9ante chez Meta : Facebook, Instagram, WhatsApp et Messenger touch\u00e9s","isPartOf":{"@id":"https:\/\/www.webdo.tn\/fr\/#website"},"primaryImageOfPage":{"@id":"https:\/\/www.webdo.tn\/fr\/actualite\/international\/panne-geante-chez-meta-facebook-instagram-whatsapp-et-messenger-touches\/218281\/#primaryimage"},"image":{"@id":"https:\/\/www.webdo.tn\/fr\/actualite\/international\/panne-geante-chez-meta-facebook-instagram-whatsapp-et-messenger-touches\/218281\/#primaryimage"},"thumbnailUrl":"https:\/\/www.webdo.tn\/fr\/wp-content\/uploads\/2025\/05\/0df350791d6e8c381c0140164bcc04db-2.webp","datePublished":"2024-12-11T20:21:00+00:00","dateModified":"2025-05-21T09:01:32+00:00","description":"Les services de Meta (Facebook, Instagram, WhatsApp, Messenger, Threads) sont en panne ce mercredi soir, affectant des utilisateurs du monde entier. L'entrepris...","breadcrumb":{"@id":"https:\/\/www.webdo.tn\/fr\/actualite\/international\/panne-geante-chez-meta-facebook-instagram-whatsapp-et-messenger-touches\/218281\/#breadcrumb"},"inLanguage":"fr-FR","potentialAction":[{"@type":"ReadAction","target":["https:\/\/www.webdo.tn\/fr\/actualite\/international\/panne-geante-chez-meta-facebook-instagram-whatsapp-et-messenger-touches\/218281\/"]}]},{"@type":"ImageObject","inLanguage":"fr-FR","@id":"https:\/\/www.webdo.tn\/fr\/actualite\/international\/panne-geante-chez-meta-facebook-instagram-whatsapp-et-messenger-touches\/218281\/#primaryimage","url":"https:\/\/www.webdo.tn\/fr\/wp-content\/uploads\/2025\/05\/0df350791d6e8c381c0140164bcc04db-2.webp","contentUrl":"https:\/\/www.webdo.tn\/fr\/wp-content\/uploads\/2025\/05\/0df350791d6e8c381c0140164bcc04db-2.webp","width":750,"height":400},{"@type":"BreadcrumbList","@id":"https:\/\/www.webdo.tn\/fr\/actualite\/international\/panne-geante-chez-meta-facebook-instagram-whatsapp-et-messenger-touches\/218281\/#breadcrumb","itemListElement":[{"@type":"ListItem","position":1,"name":"Accueil","item":"https:\/\/www.webdo.tn\/fr\/"},{"@type":"ListItem","position":2,"name":"Panne g\u00e9ante chez Meta : Facebook, Instagram, WhatsApp et Messenger touch\u00e9s"}]},{"@type":"WebSite","@id":"https:\/\/www.webdo.tn\/fr\/#website","url":"https:\/\/www.webdo.tn\/fr\/","name":"webdo","description":"Tunisie - News en Tunisie et \u00e0 l&#039;international sur Webdo.tn","publisher":{"@id":"https:\/\/www.webdo.tn\/fr\/#organization"},"potentialAction":[{"@type":"SearchAction","target":{"@type":"EntryPoint","urlTemplate":"https:\/\/www.webdo.tn\/fr\/?s={search_term_string}"},"query-input":{"@type":"PropertyValueSpecification","valueRequired":true,"valueName":"search_term_string"}}],"inLanguage":"fr-FR"},{"@type":"Organization","@id":"https:\/\/www.webdo.tn\/fr\/#organization","name":"Webdo","alternateName":"Webdo.tn","url":"https:\/\/www.webdo.tn\/fr\/","logo":{"@type":"ImageObject","inLanguage":"fr-FR","@id":"https:\/\/www.webdo.tn\/fr\/#\/schema\/logo\/image\/","url":"https:\/\/www.webdo.tn\/fr\/wp-content\/uploads\/2025\/06\/Webdo-Tunisie_168377.jpg","contentUrl":"https:\/\/www.webdo.tn\/fr\/wp-content\/uploads\/2025\/06\/Webdo-Tunisie_168377.jpg","width":301,"height":301,"caption":"Webdo"},"image":{"@id":"https:\/\/www.webdo.tn\/fr\/#\/schema\/logo\/image\/"},"sameAs":["https:\/\/www.facebook.com\/webdotn","https:\/\/x.com\/webdo_tn"],"description":"Webdo est un m\u00e9dia num\u00e9rique tunisien fond\u00e9 en 2010, sp\u00e9cialis\u00e9 dans l\u2019actualit\u00e9 nationale et internationale, l\u2019\u00e9conomie, la soci\u00e9t\u00e9 et les analyses politiques. Le site s\u2019adresse \u00e0 un large public francophone et couvre l\u2019information tunisienne en temps r\u00e9el.","email":"redac@webdo.tn","legalName":"YNJ SARL","foundingDate":"2010-09-06","numberOfEmployees":{"@type":"QuantitativeValue","minValue":"11","maxValue":"50"}},{"@type":"Person","@id":"https:\/\/www.webdo.tn\/fr\/#\/schema\/person\/b8a41c04d93287d375510db360906b34","name":"AZ","image":{"@type":"ImageObject","inLanguage":"fr-FR","@id":"https:\/\/secure.gravatar.com\/avatar\/492b80bada79439de4201dce15cd41eece6c277cfdf1b53382073c79105c1f89?s=96&d=mm&r=g","url":"https:\/\/secure.gravatar.com\/avatar\/492b80bada79439de4201dce15cd41eece6c277cfdf1b53382073c79105c1f89?s=96&d=mm&r=g","contentUrl":"https:\/\/secure.gravatar.com\/avatar\/492b80bada79439de4201dce15cd41eece6c277cfdf1b53382073c79105c1f89?s=96&d=mm&r=g","caption":"AZ"},"url":"https:\/\/www.webdo.tn\/fr\/actualite\/author\/az\/"}]}},"_links":{"self":[{"href":"https:\/\/www.webdo.tn\/fr\/wp-json\/wp\/v2\/posts\/218281","targetHints":{"allow":["GET"]}}],"collection":[{"href":"https:\/\/www.webdo.tn\/fr\/wp-json\/wp\/v2\/posts"}],"about":[{"href":"https:\/\/www.webdo.tn\/fr\/wp-json\/wp\/v2\/types\/post"}],"author":[{"embeddable":true,"href":"https:\/\/www.webdo.tn\/fr\/wp-json\/wp\/v2\/users\/3166"}],"replies":[{"embeddable":true,"href":"https:\/\/www.webdo.tn\/fr\/wp-json\/wp\/v2\/comments?post=218281"}],"version-history":[{"count":0,"href":"https:\/\/www.webdo.tn\/fr\/wp-json\/wp\/v2\/posts\/218281\/revisions"}],"wp:featuredmedia":[{"embeddable":true,"href":"https:\/\/www.webdo.tn\/fr\/wp-json\/wp\/v2\/media\/243488"}],"wp:attachment":[{"href":"https:\/\/www.webdo.tn\/fr\/wp-json\/wp\/v2\/media?parent=218281"}],"wp:term":[{"taxonomy":"category","embeddable":true,"href":"https:\/\/www.webdo.tn\/fr\/wp-json\/wp\/v2\/categories?post=218281"},{"taxonomy":"post_tag","embeddable":true,"href":"https:\/\/www.webdo.tn\/fr\/wp-json\/wp\/v2\/tags?post=218281"}],"curies":[{"name":"wp","href":"https:\/\/api.w.org\/{rel}","templated":true}]}}