{"id":218272,"date":"2024-12-11T15:28:00","date_gmt":"2024-12-11T15:28:00","guid":{"rendered":"https:\/\/www.webdo.tn\/fr\/blog\/tunisie-la-cnam-aura-t-elle-encore-le-dernier-mot\/218272\/"},"modified":"2025-05-20T22:15:30","modified_gmt":"2025-05-20T22:15:30","slug":"tunisie-la-cnam-aura-t-elle-encore-le-dernier-mot","status":"publish","type":"post","link":"https:\/\/www.webdo.tn\/fr\/actualite\/national\/tunisie-la-cnam-aura-t-elle-encore-le-dernier-mot\/218272\/","title":{"rendered":"Tunisie : La CNAM aura-t-elle encore le dernier mot ?"},"content":{"rendered":"<p>Depuis des ann\u00e9es, m\u00e9decins, pharmaciens, dentistes, etc&#8230; menacent \u00e0 chaque fois de rompre avec la Caisse Nationale d&rsquo;Assurances Maladies (CNAM) lorsque la date buttoir du renouvellement de la convention sectorielle arrive \u00e0 \u00e9ch\u00e9ance.<\/p>\n<p>\t\t\t\t\t\t\t\t\tComme chaque ann\u00e9e, les pharmaciens m\u00e9diatisent leurs revendications et comme chaque ann\u00e9e, la convention avec la CNAM est renouvel\u00e9e \u00e0 moins qu\u2019ils ne d\u00e9cident de prolonger le bras de fer au-del\u00e0 des d\u00e9lais.<\/p>\n<p>Hier sur les ondes de Mosaique fm, la secr\u00e9taire g\u00e9n\u00e9rale du Syndicat des pharmacies priv\u00e9es, Molka Moudir, a expliqu\u00e9 les raisons de leurs diff\u00e9rends avec la CNAM, soulignant que les pharmacies priv\u00e9es font face \u00e0 de nombreux probl\u00e8mes avec la CNAM et que plusieurs clauses sont viol\u00e9es et ne sont pas appliqu\u00e9es par la caisse, insistant que le non-respect des d\u00e9lais convenus de paiement.<\/p>\n<p>Elle a r\u00e9v\u00e9l\u00e9 que plusieurs pharmacies priv\u00e9es risquent la faillite, en raison de leur incapacit\u00e9 \u00e0 supporter les retards dans le versement des cr\u00e9ances par la CNAM. Et c\u2019est principalement ce qui motive le Syndicat tunisien des propri\u00e9taires de pharmacies priv\u00e9es de ne pas renouveler la convention sectorielle avec la CNAM, qui arrivera \u00e0 \u00e9ch\u00e9ance le 31 d\u00e9cembre 2024.<\/p>\n<p>Cette convention sectorielle renouvel\u00e9e annuellement, fait \u00e0 chaque fois l\u2019objet de n\u00e9gociations. Elle est reconduite \u00e0 chaque fois m\u00eame si cette ann\u00e9e les pharmaciens priv\u00e9s exigent un engagement de la CNAM \u00e0 appliquer les clauses de la convention, \u00e0 r\u00e9gler les cr\u00e9ances des pharmacies et \u00e0 adopter la num\u00e9risation des transactions.<\/p>\n<p>A moins d\u2019un miracle, la convention sera renouvel\u00e9e m\u00eame si les relations entre les professions m\u00e9dicales et la CNAM ont toujours \u00e9t\u00e9 tendues. Depuis 2008, les professions m\u00e9dicales annoncent sans cesse la suspension de tous les accords conclus avec la CNAM en raison du \u00ab\u00a0du manque de s\u00e9rieux de la part des autorit\u00e9s de tutelle lors des n\u00e9gociations et de la r\u00e9vision des accords sectoriels\u00a0\u00bb.<\/p>\n<p>Les diff\u00e9rents corps m\u00e9dicaux pointent toujours le m\u00eame probl\u00e8me : le retard dans le remboursement des praticiens (m\u00e9decins, pharmaciens et biologistes, etc.) conventionn\u00e9s, la CNAM se d\u00e9robant \u00e0 chaque fois \u00e0 toutes discussions et ce depuis des ann\u00e9es.<\/p>\n<p>Parions que les diff\u00e9rentes conventions sectorielles seront renouvel\u00e9es avec la CNMA, mais \u00e0 quel prix ?<\/p>\n","protected":false},"excerpt":{"rendered":"<p>Depuis des ann\u00e9es, m\u00e9decins, pharmaciens, dentistes, etc&#8230; menacent \u00e0 chaque fois de rompre avec la Caisse Nationale d&rsquo;Assurances Maladies (CNAM) lorsque la da&#8230;<\/p>\n","protected":false},"author":3162,"featured_media":291525,"comment_status":"open","ping_status":"closed","sticky":false,"template":"","format":"standard","meta":{"footnotes":""},"categories":[44],"tags":[10756,4588,3193,2701,3192,2608],"class_list":["post-218272","post","type-post","status-publish","format-standard","has-post-thumbnail","hentry","category-national","tag-caisse-nationale-dassurances-maladies","tag-cnam","tag-dentistes","tag-medecins","tag-pharmaciens","tag-tunisie"],"yoast_head":"<!-- This site is optimized with the Yoast SEO Premium plugin v27.5 (Yoast SEO v27.5) - https:\/\/yoast.com\/product\/yoast-seo-premium-wordpress\/ -->\n<title>Tunisie : La CNAM aura-t-elle encore le dernier mot ?<\/title>\n<meta name=\"description\" content=\"Depuis des ann\u00e9es, m\u00e9decins, pharmaciens, dentistes, etc... menacent \u00e0 chaque fois de rompre avec la Caisse Nationale d&#039;Assurances Maladies (CNAM) lorsque la da...\" \/>\n<link rel=\"canonical\" href=\"https:\/\/www.webdo.tn\/fr\/actualite\/national\/tunisie-la-cnam-aura-t-elle-encore-le-dernier-mot\/218272\/\" \/>\n<meta property=\"og:locale\" content=\"fr_FR\" \/>\n<meta property=\"og:type\" content=\"article\" \/>\n<meta property=\"og:title\" content=\"Tunisie : La CNAM aura-t-elle encore le dernier mot ?\" \/>\n<meta property=\"og:description\" content=\"Depuis des ann\u00e9es, m\u00e9decins, pharmaciens, dentistes, etc... menacent \u00e0 chaque fois de rompre avec la Caisse Nationale d&#039;Assurances Maladies (CNAM) lorsque la da...\" \/>\n<meta property=\"og:url\" content=\"https:\/\/www.webdo.tn\/fr\/actualite\/national\/tunisie-la-cnam-aura-t-elle-encore-le-dernier-mot\/218272\/\" \/>\n<meta property=\"og:site_name\" content=\"webdo\" \/>\n<meta property=\"article:publisher\" content=\"https:\/\/www.facebook.com\/webdotn\" \/>\n<meta property=\"article:published_time\" content=\"2024-12-11T15:28:00+00:00\" \/>\n<meta property=\"article:modified_time\" content=\"2025-05-20T22:15:30+00:00\" \/>\n<meta property=\"og:image\" content=\"https:\/\/www.webdo.tn\/fr\/wp-content\/uploads\/2024\/12\/05e6f2740435d054c715d1f77b697584.webp\" \/>\n\t<meta property=\"og:image:width\" content=\"620\" \/>\n\t<meta property=\"og:image:height\" content=\"331\" \/>\n\t<meta property=\"og:image:type\" content=\"image\/webp\" \/>\n<meta name=\"author\" content=\"MC\" \/>\n<meta name=\"twitter:card\" content=\"summary_large_image\" \/>\n<meta name=\"twitter:creator\" content=\"@webdo_tn\" \/>\n<meta name=\"twitter:site\" content=\"@webdo_tn\" \/>\n<meta name=\"twitter:label1\" content=\"\u00c9crit par\" \/>\n\t<meta name=\"twitter:data1\" content=\"MC\" \/>\n\t<meta name=\"twitter:label2\" content=\"Dur\u00e9e de lecture estim\u00e9e\" \/>\n\t<meta name=\"twitter:data2\" content=\"2 minutes\" \/>\n<script type=\"application\/ld+json\" class=\"yoast-schema-graph\">{\"@context\":\"https:\\\/\\\/schema.org\",\"@graph\":[{\"@type\":\"NewsArticle\",\"@id\":\"https:\\\/\\\/www.webdo.tn\\\/fr\\\/actualite\\\/national\\\/tunisie-la-cnam-aura-t-elle-encore-le-dernier-mot\\\/218272\\\/#article\",\"isPartOf\":{\"@id\":\"https:\\\/\\\/www.webdo.tn\\\/fr\\\/actualite\\\/national\\\/tunisie-la-cnam-aura-t-elle-encore-le-dernier-mot\\\/218272\\\/\"},\"author\":{\"name\":\"MC\",\"@id\":\"https:\\\/\\\/www.webdo.tn\\\/fr\\\/#\\\/schema\\\/person\\\/2c4929cbf5a809e3bd38617c6ce150f6\"},\"headline\":\"Tunisie : La CNAM aura-t-elle encore le dernier mot ?\",\"datePublished\":\"2024-12-11T15:28:00+00:00\",\"dateModified\":\"2025-05-20T22:15:30+00:00\",\"mainEntityOfPage\":{\"@id\":\"https:\\\/\\\/www.webdo.tn\\\/fr\\\/actualite\\\/national\\\/tunisie-la-cnam-aura-t-elle-encore-le-dernier-mot\\\/218272\\\/\"},\"wordCount\":406,\"commentCount\":0,\"publisher\":{\"@id\":\"https:\\\/\\\/www.webdo.tn\\\/fr\\\/#organization\"},\"image\":{\"@id\":\"https:\\\/\\\/www.webdo.tn\\\/fr\\\/actualite\\\/national\\\/tunisie-la-cnam-aura-t-elle-encore-le-dernier-mot\\\/218272\\\/#primaryimage\"},\"thumbnailUrl\":\"https:\\\/\\\/www.webdo.tn\\\/fr\\\/wp-content\\\/uploads\\\/2024\\\/12\\\/05e6f2740435d054c715d1f77b697584.webp\",\"keywords\":[\"\\\"Caisse Nationale d'Assurances Maladies\\\"]\",\"CNAM\",\"dentistes\",\"m\u00e9decins\",\"pharmaciens\",\"Tunisie\"],\"articleSection\":[\"National\"],\"inLanguage\":\"fr-FR\"},{\"@type\":\"WebPage\",\"@id\":\"https:\\\/\\\/www.webdo.tn\\\/fr\\\/actualite\\\/national\\\/tunisie-la-cnam-aura-t-elle-encore-le-dernier-mot\\\/218272\\\/\",\"url\":\"https:\\\/\\\/www.webdo.tn\\\/fr\\\/actualite\\\/national\\\/tunisie-la-cnam-aura-t-elle-encore-le-dernier-mot\\\/218272\\\/\",\"name\":\"Tunisie : La CNAM aura-t-elle encore le dernier mot ?\",\"isPartOf\":{\"@id\":\"https:\\\/\\\/www.webdo.tn\\\/fr\\\/#website\"},\"primaryImageOfPage\":{\"@id\":\"https:\\\/\\\/www.webdo.tn\\\/fr\\\/actualite\\\/national\\\/tunisie-la-cnam-aura-t-elle-encore-le-dernier-mot\\\/218272\\\/#primaryimage\"},\"image\":{\"@id\":\"https:\\\/\\\/www.webdo.tn\\\/fr\\\/actualite\\\/national\\\/tunisie-la-cnam-aura-t-elle-encore-le-dernier-mot\\\/218272\\\/#primaryimage\"},\"thumbnailUrl\":\"https:\\\/\\\/www.webdo.tn\\\/fr\\\/wp-content\\\/uploads\\\/2024\\\/12\\\/05e6f2740435d054c715d1f77b697584.webp\",\"datePublished\":\"2024-12-11T15:28:00+00:00\",\"dateModified\":\"2025-05-20T22:15:30+00:00\",\"description\":\"Depuis des ann\u00e9es, m\u00e9decins, pharmaciens, dentistes, etc... menacent \u00e0 chaque fois de rompre avec la Caisse Nationale d'Assurances Maladies (CNAM) lorsque la da...\",\"breadcrumb\":{\"@id\":\"https:\\\/\\\/www.webdo.tn\\\/fr\\\/actualite\\\/national\\\/tunisie-la-cnam-aura-t-elle-encore-le-dernier-mot\\\/218272\\\/#breadcrumb\"},\"inLanguage\":\"fr-FR\",\"potentialAction\":[{\"@type\":\"ReadAction\",\"target\":[\"https:\\\/\\\/www.webdo.tn\\\/fr\\\/actualite\\\/national\\\/tunisie-la-cnam-aura-t-elle-encore-le-dernier-mot\\\/218272\\\/\"]}]},{\"@type\":\"ImageObject\",\"inLanguage\":\"fr-FR\",\"@id\":\"https:\\\/\\\/www.webdo.tn\\\/fr\\\/actualite\\\/national\\\/tunisie-la-cnam-aura-t-elle-encore-le-dernier-mot\\\/218272\\\/#primaryimage\",\"url\":\"https:\\\/\\\/www.webdo.tn\\\/fr\\\/wp-content\\\/uploads\\\/2024\\\/12\\\/05e6f2740435d054c715d1f77b697584.webp\",\"contentUrl\":\"https:\\\/\\\/www.webdo.tn\\\/fr\\\/wp-content\\\/uploads\\\/2024\\\/12\\\/05e6f2740435d054c715d1f77b697584.webp\",\"width\":620,\"height\":331,\"caption\":\"Tunisie : La CNAM aura-t-elle encore le dernier mot ?\"},{\"@type\":\"BreadcrumbList\",\"@id\":\"https:\\\/\\\/www.webdo.tn\\\/fr\\\/actualite\\\/national\\\/tunisie-la-cnam-aura-t-elle-encore-le-dernier-mot\\\/218272\\\/#breadcrumb\",\"itemListElement\":[{\"@type\":\"ListItem\",\"position\":1,\"name\":\"Accueil\",\"item\":\"https:\\\/\\\/www.webdo.tn\\\/fr\\\/\"},{\"@type\":\"ListItem\",\"position\":2,\"name\":\"Tunisie : La CNAM aura-t-elle encore le dernier mot ?\"}]},{\"@type\":\"WebSite\",\"@id\":\"https:\\\/\\\/www.webdo.tn\\\/fr\\\/#website\",\"url\":\"https:\\\/\\\/www.webdo.tn\\\/fr\\\/\",\"name\":\"webdo\",\"description\":\"Tunisie - News en Tunisie et \u00e0 l&#039;international sur Webdo.tn\",\"publisher\":{\"@id\":\"https:\\\/\\\/www.webdo.tn\\\/fr\\\/#organization\"},\"potentialAction\":[{\"@type\":\"SearchAction\",\"target\":{\"@type\":\"EntryPoint\",\"urlTemplate\":\"https:\\\/\\\/www.webdo.tn\\\/fr\\\/?s={search_term_string}\"},\"query-input\":{\"@type\":\"PropertyValueSpecification\",\"valueRequired\":true,\"valueName\":\"search_term_string\"}}],\"inLanguage\":\"fr-FR\"},{\"@type\":\"Organization\",\"@id\":\"https:\\\/\\\/www.webdo.tn\\\/fr\\\/#organization\",\"name\":\"Webdo\",\"alternateName\":\"Webdo.tn\",\"url\":\"https:\\\/\\\/www.webdo.tn\\\/fr\\\/\",\"logo\":{\"@type\":\"ImageObject\",\"inLanguage\":\"fr-FR\",\"@id\":\"https:\\\/\\\/www.webdo.tn\\\/fr\\\/#\\\/schema\\\/logo\\\/image\\\/\",\"url\":\"https:\\\/\\\/www.webdo.tn\\\/fr\\\/wp-content\\\/uploads\\\/2025\\\/06\\\/Webdo-Tunisie_168377.jpg\",\"contentUrl\":\"https:\\\/\\\/www.webdo.tn\\\/fr\\\/wp-content\\\/uploads\\\/2025\\\/06\\\/Webdo-Tunisie_168377.jpg\",\"width\":301,\"height\":301,\"caption\":\"Webdo\"},\"image\":{\"@id\":\"https:\\\/\\\/www.webdo.tn\\\/fr\\\/#\\\/schema\\\/logo\\\/image\\\/\"},\"sameAs\":[\"https:\\\/\\\/www.facebook.com\\\/webdotn\",\"https:\\\/\\\/x.com\\\/webdo_tn\"],\"description\":\"Webdo est un m\u00e9dia num\u00e9rique tunisien fond\u00e9 en 2010, sp\u00e9cialis\u00e9 dans l\u2019actualit\u00e9 nationale et internationale, l\u2019\u00e9conomie, la soci\u00e9t\u00e9 et les analyses politiques. Le site s\u2019adresse \u00e0 un large public francophone et couvre l\u2019information tunisienne en temps r\u00e9el.\",\"email\":\"redac@webdo.tn\",\"legalName\":\"YNJ SARL\",\"foundingDate\":\"2010-09-06\",\"numberOfEmployees\":{\"@type\":\"QuantitativeValue\",\"minValue\":\"11\",\"maxValue\":\"50\"}},{\"@type\":\"Person\",\"@id\":\"https:\\\/\\\/www.webdo.tn\\\/fr\\\/#\\\/schema\\\/person\\\/2c4929cbf5a809e3bd38617c6ce150f6\",\"name\":\"MC\",\"image\":{\"@type\":\"ImageObject\",\"inLanguage\":\"fr-FR\",\"@id\":\"https:\\\/\\\/secure.gravatar.com\\\/avatar\\\/a545bbb6f84efdd5553dbbc2895e3ca8f1d12c5215e00a041c9670b54aa9b18a?s=96&d=mm&r=g\",\"url\":\"https:\\\/\\\/secure.gravatar.com\\\/avatar\\\/a545bbb6f84efdd5553dbbc2895e3ca8f1d12c5215e00a041c9670b54aa9b18a?s=96&d=mm&r=g\",\"contentUrl\":\"https:\\\/\\\/secure.gravatar.com\\\/avatar\\\/a545bbb6f84efdd5553dbbc2895e3ca8f1d12c5215e00a041c9670b54aa9b18a?s=96&d=mm&r=g\",\"caption\":\"MC\"},\"url\":\"https:\\\/\\\/www.webdo.tn\\\/fr\\\/actualite\\\/author\\\/mc\\\/\"}]}<\/script>\n<!-- \/ Yoast SEO Premium plugin. -->","yoast_head_json":{"title":"Tunisie : La CNAM aura-t-elle encore le dernier mot ?","description":"Depuis des ann\u00e9es, m\u00e9decins, pharmaciens, dentistes, etc... menacent \u00e0 chaque fois de rompre avec la Caisse Nationale d'Assurances Maladies (CNAM) lorsque la da...","canonical":"https:\/\/www.webdo.tn\/fr\/actualite\/national\/tunisie-la-cnam-aura-t-elle-encore-le-dernier-mot\/218272\/","og_locale":"fr_FR","og_type":"article","og_title":"Tunisie : La CNAM aura-t-elle encore le dernier mot ?","og_description":"Depuis des ann\u00e9es, m\u00e9decins, pharmaciens, dentistes, etc... menacent \u00e0 chaque fois de rompre avec la Caisse Nationale d'Assurances Maladies (CNAM) lorsque la da...","og_url":"https:\/\/www.webdo.tn\/fr\/actualite\/national\/tunisie-la-cnam-aura-t-elle-encore-le-dernier-mot\/218272\/","og_site_name":"webdo","article_publisher":"https:\/\/www.facebook.com\/webdotn","article_published_time":"2024-12-11T15:28:00+00:00","article_modified_time":"2025-05-20T22:15:30+00:00","og_image":[{"width":620,"height":331,"url":"https:\/\/www.webdo.tn\/fr\/wp-content\/uploads\/2024\/12\/05e6f2740435d054c715d1f77b697584.webp","type":"image\/webp"}],"author":"MC","twitter_card":"summary_large_image","twitter_creator":"@webdo_tn","twitter_site":"@webdo_tn","twitter_misc":{"\u00c9crit par":"MC","Dur\u00e9e de lecture estim\u00e9e":"2 minutes"},"schema":{"@context":"https:\/\/schema.org","@graph":[{"@type":"NewsArticle","@id":"https:\/\/www.webdo.tn\/fr\/actualite\/national\/tunisie-la-cnam-aura-t-elle-encore-le-dernier-mot\/218272\/#article","isPartOf":{"@id":"https:\/\/www.webdo.tn\/fr\/actualite\/national\/tunisie-la-cnam-aura-t-elle-encore-le-dernier-mot\/218272\/"},"author":{"name":"MC","@id":"https:\/\/www.webdo.tn\/fr\/#\/schema\/person\/2c4929cbf5a809e3bd38617c6ce150f6"},"headline":"Tunisie : La CNAM aura-t-elle encore le dernier mot ?","datePublished":"2024-12-11T15:28:00+00:00","dateModified":"2025-05-20T22:15:30+00:00","mainEntityOfPage":{"@id":"https:\/\/www.webdo.tn\/fr\/actualite\/national\/tunisie-la-cnam-aura-t-elle-encore-le-dernier-mot\/218272\/"},"wordCount":406,"commentCount":0,"publisher":{"@id":"https:\/\/www.webdo.tn\/fr\/#organization"},"image":{"@id":"https:\/\/www.webdo.tn\/fr\/actualite\/national\/tunisie-la-cnam-aura-t-elle-encore-le-dernier-mot\/218272\/#primaryimage"},"thumbnailUrl":"https:\/\/www.webdo.tn\/fr\/wp-content\/uploads\/2024\/12\/05e6f2740435d054c715d1f77b697584.webp","keywords":["\"Caisse Nationale d'Assurances Maladies\"]","CNAM","dentistes","m\u00e9decins","pharmaciens","Tunisie"],"articleSection":["National"],"inLanguage":"fr-FR"},{"@type":"WebPage","@id":"https:\/\/www.webdo.tn\/fr\/actualite\/national\/tunisie-la-cnam-aura-t-elle-encore-le-dernier-mot\/218272\/","url":"https:\/\/www.webdo.tn\/fr\/actualite\/national\/tunisie-la-cnam-aura-t-elle-encore-le-dernier-mot\/218272\/","name":"Tunisie : La CNAM aura-t-elle encore le dernier mot ?","isPartOf":{"@id":"https:\/\/www.webdo.tn\/fr\/#website"},"primaryImageOfPage":{"@id":"https:\/\/www.webdo.tn\/fr\/actualite\/national\/tunisie-la-cnam-aura-t-elle-encore-le-dernier-mot\/218272\/#primaryimage"},"image":{"@id":"https:\/\/www.webdo.tn\/fr\/actualite\/national\/tunisie-la-cnam-aura-t-elle-encore-le-dernier-mot\/218272\/#primaryimage"},"thumbnailUrl":"https:\/\/www.webdo.tn\/fr\/wp-content\/uploads\/2024\/12\/05e6f2740435d054c715d1f77b697584.webp","datePublished":"2024-12-11T15:28:00+00:00","dateModified":"2025-05-20T22:15:30+00:00","description":"Depuis des ann\u00e9es, m\u00e9decins, pharmaciens, dentistes, etc... menacent \u00e0 chaque fois de rompre avec la Caisse Nationale d'Assurances Maladies (CNAM) lorsque la da...","breadcrumb":{"@id":"https:\/\/www.webdo.tn\/fr\/actualite\/national\/tunisie-la-cnam-aura-t-elle-encore-le-dernier-mot\/218272\/#breadcrumb"},"inLanguage":"fr-FR","potentialAction":[{"@type":"ReadAction","target":["https:\/\/www.webdo.tn\/fr\/actualite\/national\/tunisie-la-cnam-aura-t-elle-encore-le-dernier-mot\/218272\/"]}]},{"@type":"ImageObject","inLanguage":"fr-FR","@id":"https:\/\/www.webdo.tn\/fr\/actualite\/national\/tunisie-la-cnam-aura-t-elle-encore-le-dernier-mot\/218272\/#primaryimage","url":"https:\/\/www.webdo.tn\/fr\/wp-content\/uploads\/2024\/12\/05e6f2740435d054c715d1f77b697584.webp","contentUrl":"https:\/\/www.webdo.tn\/fr\/wp-content\/uploads\/2024\/12\/05e6f2740435d054c715d1f77b697584.webp","width":620,"height":331,"caption":"Tunisie : La CNAM aura-t-elle encore le dernier mot ?"},{"@type":"BreadcrumbList","@id":"https:\/\/www.webdo.tn\/fr\/actualite\/national\/tunisie-la-cnam-aura-t-elle-encore-le-dernier-mot\/218272\/#breadcrumb","itemListElement":[{"@type":"ListItem","position":1,"name":"Accueil","item":"https:\/\/www.webdo.tn\/fr\/"},{"@type":"ListItem","position":2,"name":"Tunisie : La CNAM aura-t-elle encore le dernier mot ?"}]},{"@type":"WebSite","@id":"https:\/\/www.webdo.tn\/fr\/#website","url":"https:\/\/www.webdo.tn\/fr\/","name":"webdo","description":"Tunisie - News en Tunisie et \u00e0 l&#039;international sur Webdo.tn","publisher":{"@id":"https:\/\/www.webdo.tn\/fr\/#organization"},"potentialAction":[{"@type":"SearchAction","target":{"@type":"EntryPoint","urlTemplate":"https:\/\/www.webdo.tn\/fr\/?s={search_term_string}"},"query-input":{"@type":"PropertyValueSpecification","valueRequired":true,"valueName":"search_term_string"}}],"inLanguage":"fr-FR"},{"@type":"Organization","@id":"https:\/\/www.webdo.tn\/fr\/#organization","name":"Webdo","alternateName":"Webdo.tn","url":"https:\/\/www.webdo.tn\/fr\/","logo":{"@type":"ImageObject","inLanguage":"fr-FR","@id":"https:\/\/www.webdo.tn\/fr\/#\/schema\/logo\/image\/","url":"https:\/\/www.webdo.tn\/fr\/wp-content\/uploads\/2025\/06\/Webdo-Tunisie_168377.jpg","contentUrl":"https:\/\/www.webdo.tn\/fr\/wp-content\/uploads\/2025\/06\/Webdo-Tunisie_168377.jpg","width":301,"height":301,"caption":"Webdo"},"image":{"@id":"https:\/\/www.webdo.tn\/fr\/#\/schema\/logo\/image\/"},"sameAs":["https:\/\/www.facebook.com\/webdotn","https:\/\/x.com\/webdo_tn"],"description":"Webdo est un m\u00e9dia num\u00e9rique tunisien fond\u00e9 en 2010, sp\u00e9cialis\u00e9 dans l\u2019actualit\u00e9 nationale et internationale, l\u2019\u00e9conomie, la soci\u00e9t\u00e9 et les analyses politiques. Le site s\u2019adresse \u00e0 un large public francophone et couvre l\u2019information tunisienne en temps r\u00e9el.","email":"redac@webdo.tn","legalName":"YNJ SARL","foundingDate":"2010-09-06","numberOfEmployees":{"@type":"QuantitativeValue","minValue":"11","maxValue":"50"}},{"@type":"Person","@id":"https:\/\/www.webdo.tn\/fr\/#\/schema\/person\/2c4929cbf5a809e3bd38617c6ce150f6","name":"MC","image":{"@type":"ImageObject","inLanguage":"fr-FR","@id":"https:\/\/secure.gravatar.com\/avatar\/a545bbb6f84efdd5553dbbc2895e3ca8f1d12c5215e00a041c9670b54aa9b18a?s=96&d=mm&r=g","url":"https:\/\/secure.gravatar.com\/avatar\/a545bbb6f84efdd5553dbbc2895e3ca8f1d12c5215e00a041c9670b54aa9b18a?s=96&d=mm&r=g","contentUrl":"https:\/\/secure.gravatar.com\/avatar\/a545bbb6f84efdd5553dbbc2895e3ca8f1d12c5215e00a041c9670b54aa9b18a?s=96&d=mm&r=g","caption":"MC"},"url":"https:\/\/www.webdo.tn\/fr\/actualite\/author\/mc\/"}]}},"_links":{"self":[{"href":"https:\/\/www.webdo.tn\/fr\/wp-json\/wp\/v2\/posts\/218272","targetHints":{"allow":["GET"]}}],"collection":[{"href":"https:\/\/www.webdo.tn\/fr\/wp-json\/wp\/v2\/posts"}],"about":[{"href":"https:\/\/www.webdo.tn\/fr\/wp-json\/wp\/v2\/types\/post"}],"author":[{"embeddable":true,"href":"https:\/\/www.webdo.tn\/fr\/wp-json\/wp\/v2\/users\/3162"}],"replies":[{"embeddable":true,"href":"https:\/\/www.webdo.tn\/fr\/wp-json\/wp\/v2\/comments?post=218272"}],"version-history":[{"count":0,"href":"https:\/\/www.webdo.tn\/fr\/wp-json\/wp\/v2\/posts\/218272\/revisions"}],"wp:featuredmedia":[{"embeddable":true,"href":"https:\/\/www.webdo.tn\/fr\/wp-json\/wp\/v2\/media\/291525"}],"wp:attachment":[{"href":"https:\/\/www.webdo.tn\/fr\/wp-json\/wp\/v2\/media?parent=218272"}],"wp:term":[{"taxonomy":"category","embeddable":true,"href":"https:\/\/www.webdo.tn\/fr\/wp-json\/wp\/v2\/categories?post=218272"},{"taxonomy":"post_tag","embeddable":true,"href":"https:\/\/www.webdo.tn\/fr\/wp-json\/wp\/v2\/tags?post=218272"}],"curies":[{"name":"wp","href":"https:\/\/api.w.org\/{rel}","templated":true}]}}