{"id":218271,"date":"2024-12-11T14:25:00","date_gmt":"2024-12-11T14:25:00","guid":{"rendered":"https:\/\/www.webdo.tn\/fr\/blog\/un-tunisien-libere-de-prison-en-syrie-j-espere-revenir-en-tunisie\/218271\/"},"modified":"2025-05-20T22:15:29","modified_gmt":"2025-05-20T22:15:29","slug":"un-tunisien-libere-de-prison-en-syrie-j-espere-revenir-en-tunisie","status":"publish","type":"post","link":"https:\/\/www.webdo.tn\/fr\/actualite\/national\/un-tunisien-libere-de-prison-en-syrie-j-espere-revenir-en-tunisie\/218271\/","title":{"rendered":"Un Tunisien lib\u00e9r\u00e9 de prison en Syrie : \u00ab\u00a0J\u2019esp\u00e8re revenir en Tunisie\u00a0\u00bb"},"content":{"rendered":"<p>La cha\u00eene irakienne Al-Rafidain a rapport\u00e9 depuis l\u2019int\u00e9rieur de la mosqu\u00e9e des Omeyyades, \u00e0 Damas, en Syrie, le t\u00e9moignage d\u2019une personne affirmant \u00eatre \u00ab\u00a0tunisienne\u00a0\u00bb. Cette derni\u00e8re aurait \u00e9t\u00e9 lib\u00e9r\u00e9e des prisons du r\u00e9gime syrien, qui s\u2019est effondr\u00e9 le 8 d\u00e9cembre 2024.<\/p>\n<p>\t\t\t\t\t\t\t\t\tLe Tunisien, qui n&rsquo;a pas souhait\u00e9 r\u00e9v\u00e9ler son nom, a parl\u00e9 de ses souffrances dans les prisons du r\u00e9gime de l&rsquo;ex-pr\u00e9sident Bachar al-Assad lors de son entretien avec cette cha\u00eene, d\u00e9clarant : \u00ab\u00a0Je suis ici \u00e0 la mosqu\u00e9e des Omeyyades et j&rsquo;attendrai que la situation s&rsquo;am\u00e9liore pour revenir dans mon pays.\u00a0\u00bb<\/p>\n<p>Il a ajout\u00e9 : \u00ab\u00a0J\u2019ai vu de nombreux crimes commis par le r\u00e9gime&#8230; Plus de 20 000 personnes sont mortes entre 2012 et 2013&#8230; Chaque jour, des corps de 50 personnes \u00e9taient sortis, et certains d&rsquo;entre eux avaient leurs organes pr\u00e9lev\u00e9s \u00e0 l&rsquo;h\u00f4pital de l&rsquo;Assistance.\u00a0\u00bb<\/p>\n<p>Lorsqu&rsquo;on lui a demand\u00e9 ce qu&rsquo;il ressentait, il a r\u00e9pondu : \u00ab\u00a0C&rsquo;est un sentiment magnifique de sortir de prison apr\u00e8s 13 ans&#8230; Un sentiment indescriptible&#8230; Gr\u00e2ce \u00e0 Dieu, nous avons \u00e9t\u00e9 lib\u00e9r\u00e9s&#8230; Que Dieu nous ram\u00e8ne \u00e0 nos familles.\u00a0\u00bb<\/p>\n<p>Il convient de noter que les groupes arm\u00e9s en Syrie ont vid\u00e9 toutes les prisons du r\u00e9gime syrien dans les zones qu&rsquo;ils ont contr\u00f4l\u00e9es, la plus c\u00e9l\u00e8bre \u00e9tant la prison de Saidnaya \u00e0 Damas.<\/p>\n<p>De nombreux Tunisiens lib\u00e9r\u00e9s des prisons syriennes, sont associ\u00e9s \u00e0 des groupes extr\u00e9mistes tels que Daech ou le Front al-Nosra. Sous le r\u00e9gime d\u2019al-Assad, ces d\u00e9tenus \u00e9taient consid\u00e9r\u00e9s comme une menace s\u00e9curitaire. Aujourd\u2019hui, lib\u00e9r\u00e9s ou en fuite, ces individus pourraient poser de nouveaux d\u00e9fis face \u00e0 un retour potentiel en Tunisie.<\/p>\n<p>Il est utile de savoir que le nombre de Tunisiens partis se battre aux c\u00f4t\u00e9s de groupes djihadistes en Syrie, en Irak et en Libye, est estim\u00e9 \u00e0 3000, selon les chiffres officiels, et \u00e0 5000, d&rsquo;apr\u00e8s l&rsquo;ONU.\u00a0 En 2016, au moins 800 d&rsquo;entre eux \u00e9taient d\u00e9j\u00e0 revenus en Tunisie par leurs propres moyens et se trouvaient alors sous d\u00e9tention ou surveillance renforc\u00e9e.<\/p>\n","protected":false},"excerpt":{"rendered":"<p>La cha\u00eene irakienne Al-Rafidain a rapport\u00e9 depuis l\u2019int\u00e9rieur de la mosqu\u00e9e des Omeyyades, \u00e0 Damas, en Syrie, le t\u00e9moignage d\u2019une personne affirmant \u00eatre  tunis&#8230;<\/p>\n","protected":false},"author":3162,"featured_media":291523,"comment_status":"open","ping_status":"closed","sticky":false,"template":"","format":"standard","meta":{"footnotes":""},"categories":[44],"tags":[10755,10754,3504,3671,2608,3317],"class_list":["post-218271","post","type-post","status-publish","format-standard","has-post-thumbnail","hentry","category-national","tag-prisons-syriennes","tag-retour","tag-syrie","tag-terroristes","tag-tunisie","tag-tunisiens"],"yoast_head":"<!-- This site is optimized with the Yoast SEO Premium plugin v27.5 (Yoast SEO v27.5) - https:\/\/yoast.com\/product\/yoast-seo-premium-wordpress\/ -->\n<title>Un Tunisien lib\u00e9r\u00e9 de prison en Syrie : J\u2019esp\u00e8re revenir en Tunisie<\/title>\n<meta name=\"description\" content=\"La cha\u00eene irakienne Al-Rafidain a rapport\u00e9 depuis l\u2019int\u00e9rieur de la mosqu\u00e9e des Omeyyades, \u00e0 Damas, en Syrie, le t\u00e9moignage d\u2019une personne affirmant \u00eatre tunis...\" \/>\n<link rel=\"canonical\" href=\"https:\/\/www.webdo.tn\/fr\/actualite\/national\/un-tunisien-libere-de-prison-en-syrie-j-espere-revenir-en-tunisie\/218271\/\" \/>\n<meta property=\"og:locale\" content=\"fr_FR\" \/>\n<meta property=\"og:type\" content=\"article\" \/>\n<meta property=\"og:title\" content=\"Un Tunisien lib\u00e9r\u00e9 de prison en Syrie : &quot;J\u2019esp\u00e8re revenir en Tunisie&quot;\" \/>\n<meta property=\"og:description\" content=\"La cha\u00eene irakienne Al-Rafidain a rapport\u00e9 depuis l\u2019int\u00e9rieur de la mosqu\u00e9e des Omeyyades, \u00e0 Damas, en Syrie, le t\u00e9moignage d\u2019une personne affirmant \u00eatre tunis...\" \/>\n<meta property=\"og:url\" content=\"https:\/\/www.webdo.tn\/fr\/actualite\/national\/un-tunisien-libere-de-prison-en-syrie-j-espere-revenir-en-tunisie\/218271\/\" \/>\n<meta property=\"og:site_name\" content=\"webdo\" \/>\n<meta property=\"article:publisher\" content=\"https:\/\/www.facebook.com\/webdotn\" \/>\n<meta property=\"article:published_time\" content=\"2024-12-11T14:25:00+00:00\" \/>\n<meta property=\"article:modified_time\" content=\"2025-05-20T22:15:29+00:00\" \/>\n<meta property=\"og:image\" content=\"https:\/\/www.webdo.tn\/fr\/wp-content\/uploads\/2024\/12\/ab9106732210efd4b8b5282070565245.webp\" \/>\n\t<meta property=\"og:image:width\" content=\"750\" \/>\n\t<meta property=\"og:image:height\" content=\"400\" \/>\n\t<meta property=\"og:image:type\" content=\"image\/webp\" \/>\n<meta name=\"author\" content=\"MC\" \/>\n<meta name=\"twitter:card\" content=\"summary_large_image\" \/>\n<meta name=\"twitter:creator\" content=\"@webdo_tn\" \/>\n<meta name=\"twitter:site\" content=\"@webdo_tn\" \/>\n<meta name=\"twitter:label1\" content=\"\u00c9crit par\" \/>\n\t<meta name=\"twitter:data1\" content=\"MC\" \/>\n\t<meta name=\"twitter:label2\" content=\"Dur\u00e9e de lecture estim\u00e9e\" \/>\n\t<meta name=\"twitter:data2\" content=\"2 minutes\" \/>\n<script type=\"application\/ld+json\" class=\"yoast-schema-graph\">{\"@context\":\"https:\\\/\\\/schema.org\",\"@graph\":[{\"@type\":\"NewsArticle\",\"@id\":\"https:\\\/\\\/www.webdo.tn\\\/fr\\\/actualite\\\/national\\\/un-tunisien-libere-de-prison-en-syrie-j-espere-revenir-en-tunisie\\\/218271\\\/#article\",\"isPartOf\":{\"@id\":\"https:\\\/\\\/www.webdo.tn\\\/fr\\\/actualite\\\/national\\\/un-tunisien-libere-de-prison-en-syrie-j-espere-revenir-en-tunisie\\\/218271\\\/\"},\"author\":{\"name\":\"MC\",\"@id\":\"https:\\\/\\\/www.webdo.tn\\\/fr\\\/#\\\/schema\\\/person\\\/2c4929cbf5a809e3bd38617c6ce150f6\"},\"headline\":\"Un Tunisien lib\u00e9r\u00e9 de prison en Syrie : \u00ab\u00a0J\u2019esp\u00e8re revenir en Tunisie\u00a0\u00bb\",\"datePublished\":\"2024-12-11T14:25:00+00:00\",\"dateModified\":\"2025-05-20T22:15:29+00:00\",\"mainEntityOfPage\":{\"@id\":\"https:\\\/\\\/www.webdo.tn\\\/fr\\\/actualite\\\/national\\\/un-tunisien-libere-de-prison-en-syrie-j-espere-revenir-en-tunisie\\\/218271\\\/\"},\"wordCount\":384,\"commentCount\":0,\"publisher\":{\"@id\":\"https:\\\/\\\/www.webdo.tn\\\/fr\\\/#organization\"},\"image\":{\"@id\":\"https:\\\/\\\/www.webdo.tn\\\/fr\\\/actualite\\\/national\\\/un-tunisien-libere-de-prison-en-syrie-j-espere-revenir-en-tunisie\\\/218271\\\/#primaryimage\"},\"thumbnailUrl\":\"https:\\\/\\\/www.webdo.tn\\\/fr\\\/wp-content\\\/uploads\\\/2024\\\/12\\\/ab9106732210efd4b8b5282070565245.webp\",\"keywords\":[\"'prisons syriennes']\",\"'retour'\",\"syrie\",\"Terroristes\",\"Tunisie\",\"Tunisiens\"],\"articleSection\":[\"National\"],\"inLanguage\":\"fr-FR\"},{\"@type\":\"WebPage\",\"@id\":\"https:\\\/\\\/www.webdo.tn\\\/fr\\\/actualite\\\/national\\\/un-tunisien-libere-de-prison-en-syrie-j-espere-revenir-en-tunisie\\\/218271\\\/\",\"url\":\"https:\\\/\\\/www.webdo.tn\\\/fr\\\/actualite\\\/national\\\/un-tunisien-libere-de-prison-en-syrie-j-espere-revenir-en-tunisie\\\/218271\\\/\",\"name\":\"Un Tunisien lib\u00e9r\u00e9 de prison en Syrie : J\u2019esp\u00e8re revenir en Tunisie\",\"isPartOf\":{\"@id\":\"https:\\\/\\\/www.webdo.tn\\\/fr\\\/#website\"},\"primaryImageOfPage\":{\"@id\":\"https:\\\/\\\/www.webdo.tn\\\/fr\\\/actualite\\\/national\\\/un-tunisien-libere-de-prison-en-syrie-j-espere-revenir-en-tunisie\\\/218271\\\/#primaryimage\"},\"image\":{\"@id\":\"https:\\\/\\\/www.webdo.tn\\\/fr\\\/actualite\\\/national\\\/un-tunisien-libere-de-prison-en-syrie-j-espere-revenir-en-tunisie\\\/218271\\\/#primaryimage\"},\"thumbnailUrl\":\"https:\\\/\\\/www.webdo.tn\\\/fr\\\/wp-content\\\/uploads\\\/2024\\\/12\\\/ab9106732210efd4b8b5282070565245.webp\",\"datePublished\":\"2024-12-11T14:25:00+00:00\",\"dateModified\":\"2025-05-20T22:15:29+00:00\",\"description\":\"La cha\u00eene irakienne Al-Rafidain a rapport\u00e9 depuis l\u2019int\u00e9rieur de la mosqu\u00e9e des Omeyyades, \u00e0 Damas, en Syrie, le t\u00e9moignage d\u2019une personne affirmant \u00eatre tunis...\",\"breadcrumb\":{\"@id\":\"https:\\\/\\\/www.webdo.tn\\\/fr\\\/actualite\\\/national\\\/un-tunisien-libere-de-prison-en-syrie-j-espere-revenir-en-tunisie\\\/218271\\\/#breadcrumb\"},\"inLanguage\":\"fr-FR\",\"potentialAction\":[{\"@type\":\"ReadAction\",\"target\":[\"https:\\\/\\\/www.webdo.tn\\\/fr\\\/actualite\\\/national\\\/un-tunisien-libere-de-prison-en-syrie-j-espere-revenir-en-tunisie\\\/218271\\\/\"]}]},{\"@type\":\"ImageObject\",\"inLanguage\":\"fr-FR\",\"@id\":\"https:\\\/\\\/www.webdo.tn\\\/fr\\\/actualite\\\/national\\\/un-tunisien-libere-de-prison-en-syrie-j-espere-revenir-en-tunisie\\\/218271\\\/#primaryimage\",\"url\":\"https:\\\/\\\/www.webdo.tn\\\/fr\\\/wp-content\\\/uploads\\\/2024\\\/12\\\/ab9106732210efd4b8b5282070565245.webp\",\"contentUrl\":\"https:\\\/\\\/www.webdo.tn\\\/fr\\\/wp-content\\\/uploads\\\/2024\\\/12\\\/ab9106732210efd4b8b5282070565245.webp\",\"width\":750,\"height\":400,\"caption\":\"Un Tunisien lib\u00e9r\u00e9 de prison en Syrie : \\\"J\u2019esp\u00e8re revenir en Tunisie\\\"\"},{\"@type\":\"BreadcrumbList\",\"@id\":\"https:\\\/\\\/www.webdo.tn\\\/fr\\\/actualite\\\/national\\\/un-tunisien-libere-de-prison-en-syrie-j-espere-revenir-en-tunisie\\\/218271\\\/#breadcrumb\",\"itemListElement\":[{\"@type\":\"ListItem\",\"position\":1,\"name\":\"Accueil\",\"item\":\"https:\\\/\\\/www.webdo.tn\\\/fr\\\/\"},{\"@type\":\"ListItem\",\"position\":2,\"name\":\"Un Tunisien lib\u00e9r\u00e9 de prison en Syrie : \u00ab\u00a0J\u2019esp\u00e8re revenir en Tunisie\u00a0\u00bb\"}]},{\"@type\":\"WebSite\",\"@id\":\"https:\\\/\\\/www.webdo.tn\\\/fr\\\/#website\",\"url\":\"https:\\\/\\\/www.webdo.tn\\\/fr\\\/\",\"name\":\"webdo\",\"description\":\"Tunisie - News en Tunisie et \u00e0 l&#039;international sur Webdo.tn\",\"publisher\":{\"@id\":\"https:\\\/\\\/www.webdo.tn\\\/fr\\\/#organization\"},\"potentialAction\":[{\"@type\":\"SearchAction\",\"target\":{\"@type\":\"EntryPoint\",\"urlTemplate\":\"https:\\\/\\\/www.webdo.tn\\\/fr\\\/?s={search_term_string}\"},\"query-input\":{\"@type\":\"PropertyValueSpecification\",\"valueRequired\":true,\"valueName\":\"search_term_string\"}}],\"inLanguage\":\"fr-FR\"},{\"@type\":\"Organization\",\"@id\":\"https:\\\/\\\/www.webdo.tn\\\/fr\\\/#organization\",\"name\":\"Webdo\",\"alternateName\":\"Webdo.tn\",\"url\":\"https:\\\/\\\/www.webdo.tn\\\/fr\\\/\",\"logo\":{\"@type\":\"ImageObject\",\"inLanguage\":\"fr-FR\",\"@id\":\"https:\\\/\\\/www.webdo.tn\\\/fr\\\/#\\\/schema\\\/logo\\\/image\\\/\",\"url\":\"https:\\\/\\\/www.webdo.tn\\\/fr\\\/wp-content\\\/uploads\\\/2025\\\/06\\\/Webdo-Tunisie_168377.jpg\",\"contentUrl\":\"https:\\\/\\\/www.webdo.tn\\\/fr\\\/wp-content\\\/uploads\\\/2025\\\/06\\\/Webdo-Tunisie_168377.jpg\",\"width\":301,\"height\":301,\"caption\":\"Webdo\"},\"image\":{\"@id\":\"https:\\\/\\\/www.webdo.tn\\\/fr\\\/#\\\/schema\\\/logo\\\/image\\\/\"},\"sameAs\":[\"https:\\\/\\\/www.facebook.com\\\/webdotn\",\"https:\\\/\\\/x.com\\\/webdo_tn\"],\"description\":\"Webdo est un m\u00e9dia num\u00e9rique tunisien fond\u00e9 en 2010, sp\u00e9cialis\u00e9 dans l\u2019actualit\u00e9 nationale et internationale, l\u2019\u00e9conomie, la soci\u00e9t\u00e9 et les analyses politiques. Le site s\u2019adresse \u00e0 un large public francophone et couvre l\u2019information tunisienne en temps r\u00e9el.\",\"email\":\"redac@webdo.tn\",\"legalName\":\"YNJ SARL\",\"foundingDate\":\"2010-09-06\",\"numberOfEmployees\":{\"@type\":\"QuantitativeValue\",\"minValue\":\"11\",\"maxValue\":\"50\"}},{\"@type\":\"Person\",\"@id\":\"https:\\\/\\\/www.webdo.tn\\\/fr\\\/#\\\/schema\\\/person\\\/2c4929cbf5a809e3bd38617c6ce150f6\",\"name\":\"MC\",\"image\":{\"@type\":\"ImageObject\",\"inLanguage\":\"fr-FR\",\"@id\":\"https:\\\/\\\/secure.gravatar.com\\\/avatar\\\/a545bbb6f84efdd5553dbbc2895e3ca8f1d12c5215e00a041c9670b54aa9b18a?s=96&d=mm&r=g\",\"url\":\"https:\\\/\\\/secure.gravatar.com\\\/avatar\\\/a545bbb6f84efdd5553dbbc2895e3ca8f1d12c5215e00a041c9670b54aa9b18a?s=96&d=mm&r=g\",\"contentUrl\":\"https:\\\/\\\/secure.gravatar.com\\\/avatar\\\/a545bbb6f84efdd5553dbbc2895e3ca8f1d12c5215e00a041c9670b54aa9b18a?s=96&d=mm&r=g\",\"caption\":\"MC\"},\"url\":\"https:\\\/\\\/www.webdo.tn\\\/fr\\\/actualite\\\/author\\\/mc\\\/\"}]}<\/script>\n<!-- \/ Yoast SEO Premium plugin. -->","yoast_head_json":{"title":"Un Tunisien lib\u00e9r\u00e9 de prison en Syrie : J\u2019esp\u00e8re revenir en Tunisie","description":"La cha\u00eene irakienne Al-Rafidain a rapport\u00e9 depuis l\u2019int\u00e9rieur de la mosqu\u00e9e des Omeyyades, \u00e0 Damas, en Syrie, le t\u00e9moignage d\u2019une personne affirmant \u00eatre tunis...","canonical":"https:\/\/www.webdo.tn\/fr\/actualite\/national\/un-tunisien-libere-de-prison-en-syrie-j-espere-revenir-en-tunisie\/218271\/","og_locale":"fr_FR","og_type":"article","og_title":"Un Tunisien lib\u00e9r\u00e9 de prison en Syrie : \"J\u2019esp\u00e8re revenir en Tunisie\"","og_description":"La cha\u00eene irakienne Al-Rafidain a rapport\u00e9 depuis l\u2019int\u00e9rieur de la mosqu\u00e9e des Omeyyades, \u00e0 Damas, en Syrie, le t\u00e9moignage d\u2019une personne affirmant \u00eatre tunis...","og_url":"https:\/\/www.webdo.tn\/fr\/actualite\/national\/un-tunisien-libere-de-prison-en-syrie-j-espere-revenir-en-tunisie\/218271\/","og_site_name":"webdo","article_publisher":"https:\/\/www.facebook.com\/webdotn","article_published_time":"2024-12-11T14:25:00+00:00","article_modified_time":"2025-05-20T22:15:29+00:00","og_image":[{"width":750,"height":400,"url":"https:\/\/www.webdo.tn\/fr\/wp-content\/uploads\/2024\/12\/ab9106732210efd4b8b5282070565245.webp","type":"image\/webp"}],"author":"MC","twitter_card":"summary_large_image","twitter_creator":"@webdo_tn","twitter_site":"@webdo_tn","twitter_misc":{"\u00c9crit par":"MC","Dur\u00e9e de lecture estim\u00e9e":"2 minutes"},"schema":{"@context":"https:\/\/schema.org","@graph":[{"@type":"NewsArticle","@id":"https:\/\/www.webdo.tn\/fr\/actualite\/national\/un-tunisien-libere-de-prison-en-syrie-j-espere-revenir-en-tunisie\/218271\/#article","isPartOf":{"@id":"https:\/\/www.webdo.tn\/fr\/actualite\/national\/un-tunisien-libere-de-prison-en-syrie-j-espere-revenir-en-tunisie\/218271\/"},"author":{"name":"MC","@id":"https:\/\/www.webdo.tn\/fr\/#\/schema\/person\/2c4929cbf5a809e3bd38617c6ce150f6"},"headline":"Un Tunisien lib\u00e9r\u00e9 de prison en Syrie : \u00ab\u00a0J\u2019esp\u00e8re revenir en Tunisie\u00a0\u00bb","datePublished":"2024-12-11T14:25:00+00:00","dateModified":"2025-05-20T22:15:29+00:00","mainEntityOfPage":{"@id":"https:\/\/www.webdo.tn\/fr\/actualite\/national\/un-tunisien-libere-de-prison-en-syrie-j-espere-revenir-en-tunisie\/218271\/"},"wordCount":384,"commentCount":0,"publisher":{"@id":"https:\/\/www.webdo.tn\/fr\/#organization"},"image":{"@id":"https:\/\/www.webdo.tn\/fr\/actualite\/national\/un-tunisien-libere-de-prison-en-syrie-j-espere-revenir-en-tunisie\/218271\/#primaryimage"},"thumbnailUrl":"https:\/\/www.webdo.tn\/fr\/wp-content\/uploads\/2024\/12\/ab9106732210efd4b8b5282070565245.webp","keywords":["'prisons syriennes']","'retour'","syrie","Terroristes","Tunisie","Tunisiens"],"articleSection":["National"],"inLanguage":"fr-FR"},{"@type":"WebPage","@id":"https:\/\/www.webdo.tn\/fr\/actualite\/national\/un-tunisien-libere-de-prison-en-syrie-j-espere-revenir-en-tunisie\/218271\/","url":"https:\/\/www.webdo.tn\/fr\/actualite\/national\/un-tunisien-libere-de-prison-en-syrie-j-espere-revenir-en-tunisie\/218271\/","name":"Un Tunisien lib\u00e9r\u00e9 de prison en Syrie : J\u2019esp\u00e8re revenir en Tunisie","isPartOf":{"@id":"https:\/\/www.webdo.tn\/fr\/#website"},"primaryImageOfPage":{"@id":"https:\/\/www.webdo.tn\/fr\/actualite\/national\/un-tunisien-libere-de-prison-en-syrie-j-espere-revenir-en-tunisie\/218271\/#primaryimage"},"image":{"@id":"https:\/\/www.webdo.tn\/fr\/actualite\/national\/un-tunisien-libere-de-prison-en-syrie-j-espere-revenir-en-tunisie\/218271\/#primaryimage"},"thumbnailUrl":"https:\/\/www.webdo.tn\/fr\/wp-content\/uploads\/2024\/12\/ab9106732210efd4b8b5282070565245.webp","datePublished":"2024-12-11T14:25:00+00:00","dateModified":"2025-05-20T22:15:29+00:00","description":"La cha\u00eene irakienne Al-Rafidain a rapport\u00e9 depuis l\u2019int\u00e9rieur de la mosqu\u00e9e des Omeyyades, \u00e0 Damas, en Syrie, le t\u00e9moignage d\u2019une personne affirmant \u00eatre tunis...","breadcrumb":{"@id":"https:\/\/www.webdo.tn\/fr\/actualite\/national\/un-tunisien-libere-de-prison-en-syrie-j-espere-revenir-en-tunisie\/218271\/#breadcrumb"},"inLanguage":"fr-FR","potentialAction":[{"@type":"ReadAction","target":["https:\/\/www.webdo.tn\/fr\/actualite\/national\/un-tunisien-libere-de-prison-en-syrie-j-espere-revenir-en-tunisie\/218271\/"]}]},{"@type":"ImageObject","inLanguage":"fr-FR","@id":"https:\/\/www.webdo.tn\/fr\/actualite\/national\/un-tunisien-libere-de-prison-en-syrie-j-espere-revenir-en-tunisie\/218271\/#primaryimage","url":"https:\/\/www.webdo.tn\/fr\/wp-content\/uploads\/2024\/12\/ab9106732210efd4b8b5282070565245.webp","contentUrl":"https:\/\/www.webdo.tn\/fr\/wp-content\/uploads\/2024\/12\/ab9106732210efd4b8b5282070565245.webp","width":750,"height":400,"caption":"Un Tunisien lib\u00e9r\u00e9 de prison en Syrie : \"J\u2019esp\u00e8re revenir en Tunisie\""},{"@type":"BreadcrumbList","@id":"https:\/\/www.webdo.tn\/fr\/actualite\/national\/un-tunisien-libere-de-prison-en-syrie-j-espere-revenir-en-tunisie\/218271\/#breadcrumb","itemListElement":[{"@type":"ListItem","position":1,"name":"Accueil","item":"https:\/\/www.webdo.tn\/fr\/"},{"@type":"ListItem","position":2,"name":"Un Tunisien lib\u00e9r\u00e9 de prison en Syrie : \u00ab\u00a0J\u2019esp\u00e8re revenir en Tunisie\u00a0\u00bb"}]},{"@type":"WebSite","@id":"https:\/\/www.webdo.tn\/fr\/#website","url":"https:\/\/www.webdo.tn\/fr\/","name":"webdo","description":"Tunisie - News en Tunisie et \u00e0 l&#039;international sur Webdo.tn","publisher":{"@id":"https:\/\/www.webdo.tn\/fr\/#organization"},"potentialAction":[{"@type":"SearchAction","target":{"@type":"EntryPoint","urlTemplate":"https:\/\/www.webdo.tn\/fr\/?s={search_term_string}"},"query-input":{"@type":"PropertyValueSpecification","valueRequired":true,"valueName":"search_term_string"}}],"inLanguage":"fr-FR"},{"@type":"Organization","@id":"https:\/\/www.webdo.tn\/fr\/#organization","name":"Webdo","alternateName":"Webdo.tn","url":"https:\/\/www.webdo.tn\/fr\/","logo":{"@type":"ImageObject","inLanguage":"fr-FR","@id":"https:\/\/www.webdo.tn\/fr\/#\/schema\/logo\/image\/","url":"https:\/\/www.webdo.tn\/fr\/wp-content\/uploads\/2025\/06\/Webdo-Tunisie_168377.jpg","contentUrl":"https:\/\/www.webdo.tn\/fr\/wp-content\/uploads\/2025\/06\/Webdo-Tunisie_168377.jpg","width":301,"height":301,"caption":"Webdo"},"image":{"@id":"https:\/\/www.webdo.tn\/fr\/#\/schema\/logo\/image\/"},"sameAs":["https:\/\/www.facebook.com\/webdotn","https:\/\/x.com\/webdo_tn"],"description":"Webdo est un m\u00e9dia num\u00e9rique tunisien fond\u00e9 en 2010, sp\u00e9cialis\u00e9 dans l\u2019actualit\u00e9 nationale et internationale, l\u2019\u00e9conomie, la soci\u00e9t\u00e9 et les analyses politiques. Le site s\u2019adresse \u00e0 un large public francophone et couvre l\u2019information tunisienne en temps r\u00e9el.","email":"redac@webdo.tn","legalName":"YNJ SARL","foundingDate":"2010-09-06","numberOfEmployees":{"@type":"QuantitativeValue","minValue":"11","maxValue":"50"}},{"@type":"Person","@id":"https:\/\/www.webdo.tn\/fr\/#\/schema\/person\/2c4929cbf5a809e3bd38617c6ce150f6","name":"MC","image":{"@type":"ImageObject","inLanguage":"fr-FR","@id":"https:\/\/secure.gravatar.com\/avatar\/a545bbb6f84efdd5553dbbc2895e3ca8f1d12c5215e00a041c9670b54aa9b18a?s=96&d=mm&r=g","url":"https:\/\/secure.gravatar.com\/avatar\/a545bbb6f84efdd5553dbbc2895e3ca8f1d12c5215e00a041c9670b54aa9b18a?s=96&d=mm&r=g","contentUrl":"https:\/\/secure.gravatar.com\/avatar\/a545bbb6f84efdd5553dbbc2895e3ca8f1d12c5215e00a041c9670b54aa9b18a?s=96&d=mm&r=g","caption":"MC"},"url":"https:\/\/www.webdo.tn\/fr\/actualite\/author\/mc\/"}]}},"_links":{"self":[{"href":"https:\/\/www.webdo.tn\/fr\/wp-json\/wp\/v2\/posts\/218271","targetHints":{"allow":["GET"]}}],"collection":[{"href":"https:\/\/www.webdo.tn\/fr\/wp-json\/wp\/v2\/posts"}],"about":[{"href":"https:\/\/www.webdo.tn\/fr\/wp-json\/wp\/v2\/types\/post"}],"author":[{"embeddable":true,"href":"https:\/\/www.webdo.tn\/fr\/wp-json\/wp\/v2\/users\/3162"}],"replies":[{"embeddable":true,"href":"https:\/\/www.webdo.tn\/fr\/wp-json\/wp\/v2\/comments?post=218271"}],"version-history":[{"count":0,"href":"https:\/\/www.webdo.tn\/fr\/wp-json\/wp\/v2\/posts\/218271\/revisions"}],"wp:featuredmedia":[{"embeddable":true,"href":"https:\/\/www.webdo.tn\/fr\/wp-json\/wp\/v2\/media\/291523"}],"wp:attachment":[{"href":"https:\/\/www.webdo.tn\/fr\/wp-json\/wp\/v2\/media?parent=218271"}],"wp:term":[{"taxonomy":"category","embeddable":true,"href":"https:\/\/www.webdo.tn\/fr\/wp-json\/wp\/v2\/categories?post=218271"},{"taxonomy":"post_tag","embeddable":true,"href":"https:\/\/www.webdo.tn\/fr\/wp-json\/wp\/v2\/tags?post=218271"}],"curies":[{"name":"wp","href":"https:\/\/api.w.org\/{rel}","templated":true}]}}