{"id":218257,"date":"2024-12-11T10:11:00","date_gmt":"2024-12-11T10:11:00","guid":{"rendered":"https:\/\/www.webdo.tn\/fr\/blog\/2024\/12\/11\/rsiff-2024-conversation-avec-le-realisateur-spike-lee\/"},"modified":"2025-05-21T08:55:13","modified_gmt":"2025-05-21T08:55:13","slug":"rsiff-2024-conversation-avec-le-realisateur-spike-lee","status":"publish","type":"post","link":"https:\/\/www.webdo.tn\/fr\/actualite\/culture\/rsiff-2024-conversation-avec-le-realisateur-spike-lee\/218257\/","title":{"rendered":"RSIFF 2024 \u2013 Conversation avec le r\u00e9alisateur Spike Lee"},"content":{"rendered":"<div class=\"single-body entry-content typography-copy\" itemprop=\"articleBody\">\n<p style=\"font-weight: bold; text-align: justify\">\n\t\t\t\t\t\t\t\t\tSpike Lee, l\u2019un des r\u00e9alisateurs les plus embl\u00e9matiques du cin\u00e9ma am\u00e9ricain, est cette ann\u00e9e le pr\u00e9sident du jury de la 4\u1d49 \u00e9dition du Festival International du Film de la Mer Rouge (RSIFF), qui se tient \u00e0 Jeddah, Arabie saoudite. Connu pour son style provocateur, son engagement envers la justice sociale, et ses r\u00e9cits percutants, il a captiv\u00e9 l\u2019audience avec une conversation o\u00f9 il a partag\u00e9 anecdotes personnelles, r\u00e9flexions sur sa carri\u00e8re, et conseils aux cin\u00e9astes en devenir. Son discours \u00e9tait empreint d\u2019humour, de passion, et d\u2019une profonde sagesse.\n\t\t\t\t\t\t\t\t<\/p>\n<div class=\"coprs\" style=\"text-align: center\"><\/div>\n<div class=\"coprs\" style=\"text-align: justify\">\n<h4><span><span><em><strong><span>Une collaboration l\u00e9gendaire avec Denzel Washington<\/span><\/strong><\/em><\/span><\/span><\/h4>\n<p><span>Spike Lee a confirm\u00e9 qu&rsquo;il venait de terminer son cinqui\u00e8me film avec Denzel Washington, intitul\u00e9 <em>High and low<\/em>, une \u00ab r\u00e9interpr\u00e9tation \u00bb du chef-d\u2019\u0153uvre japonais <em>High and Low<\/em> de Kurosawa. Il a expliqu\u00e9 : \u00ab J\u2019ai toujours \u00e9t\u00e9 fascin\u00e9 par Kurosawa. Son film <em>Rashomon<\/em> a m\u00eame inspir\u00e9 <em>She\u2019s Gotta Have It<\/em>. \u00bb<\/span><\/p>\n<p><span>Denzel Washington, qui a interpr\u00e9t\u00e9 des r\u00f4les embl\u00e9matiques dans Malcolm X, Mo&rsquo; Better Blues, He Got Game et Inside Man, entretient avec Spike Lee une relation presque familiale. \u00ab Nos \u00e9pouses sont amies, et il y a une magie lorsque nous travaillons ensemble. Nous nous comprenons parfaitement. \u00bb Spike Lee a qualifi\u00e9 la performance de Washington dans Malcolm X de \u00ab l&rsquo;une des meilleures dans un biopic \u00bb. Il a d\u2019ailleurs saisi l\u2019occasion pour f\u00e9licitant la star pour son\u00a0r\u00e9cent r\u00f4le dans\u00a0<em>Gladiator II<\/em>, <a href=\"https:\/\/www.webdo.tn\/fr\/actualite\/culture\/golden-globes-2025-nominations-annoncees\/218226\">pour lequel il vient d&rsquo;\u00eatre\u00a0nomm\u00e9 pour un le Prix Golden Globes\u00a0du meilleur acteur dans un second r\u00f4le.<\/a><\/span><\/p>\n<p><span>Interrog\u00e9 sur une possible retraite de l\u2019acteur, Spike Lee a r\u00e9pondu : \u00ab <em>Denzel veut se consacrer au th\u00e9\u00e2tre, et je suis heureux pour lui. Quant \u00e0 moi, j\u2019ai encore le temps. Kurosawa a r\u00e9alis\u00e9 son dernier film \u00e0 81 ans. \u00bb <\/em>Il a ajout\u00e9 :<em> \u00ab Si tu peux gagner ta vie en faisant ce que tu aimes, c\u2019est une b\u00e9n\u00e9diction. Mon destin est de devenir cin\u00e9aste<\/em>. \u00bb<\/span><\/p>\n<h4><span><span><em><strong><span>Les d\u00e9fis de <\/span><\/strong><em><strong><span>Malcolm X<\/span><\/strong><\/em><\/em><\/span><\/span><\/h4>\n<p><span>Spike Lee a \u00e9voqu\u00e9 en d\u00e9tail les obstacles rencontr\u00e9s lors de la r\u00e9alisation de <em>Malcolm X<\/em>, un film qu\u2019il consid\u00e8re comme l\u2019un des plus importants de sa carri\u00e8re. \u00ab <em>Le projet \u00e9tait sur le point de s\u2019effondrer \u00e0 plusieurs reprises <\/em>\u00bb, a-t-il expliqu\u00e9. Les probl\u00e8mes de budget \u00e9taient particuli\u00e8rement critiques : \u00ab <em>Le studio ne voulait pas nous donner l&rsquo;argent n\u00e9cessaire pour r\u00e9aliser le film tel qu\u2019il devait l\u2019\u00eatre. J\u2019ai d\u00fb appeler des figures comme Oprah Winfrey, Michael Jordan et Bill Cosby pour qu\u2019ils contribuent financi\u00e8rement<\/em>. \u00bb<\/span><\/p>\n<p><span>Il a \u00e9galement mentionn\u00e9 les pressions politiques et sociales : \u00ab <em>Beaucoup de gens ne voulaient pas que ce film soit fait. On m\u2019a m\u00eame conseill\u00e9 de ne pas m\u2019attaquer \u00e0 une figure aussi controvers\u00e9e que Malcolm X. Mais je savais que cette histoire devait \u00eatre racont\u00e9e<\/em>. \u00bb<\/span><\/p>\n<p><span>Le tournage en Arabie saoudite a repr\u00e9sent\u00e9 un d\u00e9fi logistique et culturel immense. \u00ab <em>J\u2019ai attendu deux semaines sur place pour obtenir une ordonnance du tribunal m\u2019autorisant \u00e0 filmer \u00e0 La Mecque pendant le hajj. Nous avons finalement eu la permission, une premi\u00e8re historique. L\u2019\u00e9quipe de tournage \u00e9tait compos\u00e9e de musulmans, et nous avons r\u00e9ussi \u00e0 capturer des moments uniques. <\/em>\u00bb<\/span><\/p>\n<p><span>Cette exp\u00e9rience a profond\u00e9ment marqu\u00e9 Lee : \u00ab <em>Filmer des lieux sacr\u00e9s avec un tel respect a renforc\u00e9 ma compr\u00e9hension de la foi de Malcolm et de ce qui l\u2019a transform\u00e9. Ce fut une le\u00e7on d\u2019humilit\u00e9 pour nous tous<\/em>. \u00bb Il a exprim\u00e9 sa gratitude envers les autorit\u00e9s saoudiennes pour leur collaboration et leur ouverture. \u00ab <em>\u00catre ici aujourd\u2019hui, en tant que pr\u00e9sident du jury, est une suite logique pour moi. Ce festival me permet de d\u00e9couvrir des cin\u00e9mas que je connais peu, notamment le cin\u00e9ma arabe. Et je suis impressionn\u00e9 par la richesse et la diversit\u00e9 des histoires que je d\u00e9couvre ici.<\/em> \u00bb<\/span><\/p>\n<p>\u00a0<\/p>\n<p><img decoding=\"async\" alt=\"\" height=\"1200\" src=\"\/assets\/uploads\/images\/\/Neila\/RSIFF%202024%20Conversation%20A%20Spike%20Lee.jpg\" width=\"1200\"><\/p>\n<p>\u00a0<\/p>\n<h4><span><span><em><strong><span>Une carri\u00e8re marqu\u00e9e par des combats<\/span><\/strong><\/em><\/span><\/span><\/h4>\n<p><span>Spike Lee a \u00e9galement partag\u00e9 des r\u00e9flexions sur son documentaire <em>4 Little Girls<\/em> (1997), consacr\u00e9 \u00e0 l\u2019attentat raciste perp\u00e9tr\u00e9 par le Ku Klux Klan contre l\u2019\u00e9glise baptiste de la 16e rue \u00e0 Birmingham, Alabama, en 1963. Cet attentat a co\u00fbt\u00e9 la vie \u00e0 quatre jeunes filles afro-am\u00e9ricaines : Addie Mae Collins, Cynthia Wesley, Carole Robertson, et Denise McNair. Spike Lee a expliqu\u00e9 : \u00ab <em>Ce film a \u00e9t\u00e9 \u00e9motionnellement difficile \u00e0 r\u00e9aliser. Je suis retourn\u00e9 \u00e0 Birmingham, j\u2019ai parl\u00e9 aux familles des victimes et \u00e0 ceux qui les connaissaient. Les parents de ces jeunes filles n\u2019ont jamais pu se remettre de cette trag\u00e9die<\/em>. \u00bb<\/span><\/p>\n<p><span>Le r\u00e9alisateur a d\u00e9crit l\u2019impact du documentaire : \u00ab <em>Le FBI savait d\u00e8s les premiers jours de l\u2019enqu\u00eate qui \u00e9taient les responsables, mais il a fallu attendre mon documentaire pour que le dossier soit rouvert. Quelques jours avant la nomination aux Oscars, le FBI m\u2019a demand\u00e9 une copie du film. Une semaine apr\u00e8s que le FBI a visionn\u00e9 le film, ils ont inculp\u00e9 les meurtriers. Cela montre le pouvoir du cin\u00e9ma pour faire bouger les choses. \u00bb <\/em>Spike Lee a poursuivi :<em> \u00ab J\u2019ai travaill\u00e9 comme un fou pour que ce film attire l\u2019attention du public sur cette injustice. Ce documentaire reste l\u2019une des choses dont je suis le plus fier.<\/em> \u00bb<\/span><\/p>\n<h4><span><span><em><strong><span>Conseils aux futurs cin\u00e9astes<\/span><\/strong><\/em><\/span><\/span><\/h4>\n<p><span>En tant que professeur \u00e0 l\u2019universit\u00e9 de New York, Spike Lee accorde une importance particuli\u00e8re \u00e0 la transmission. \u00ab <em>Je dis toujours \u00e0 mes \u00e9tudiants : \u2018Le cin\u00e9ma n\u2019est pas une plaisanterie. Vous devez y consacrer votre vie, travailler dur et ne jamais tricher\u2019<\/em>. \u00bb<\/span><\/p>\n<p><span>Il recommande souvent des classiques comme <em>Who\u2019s in Town?<\/em> et invite parfois les r\u00e9alisateurs \u00e0 discuter avec ses \u00e9tudiants. Il a \u00e9galement exprim\u00e9 son enthousiasme pour les jeunes talents, notamment issus de minorit\u00e9s. \u00ab <em>Cette industrie est tr\u00e8s dure, surtout pour les Noirs. Mais j\u2019aime travailler avec des acteurs pour leur premier r\u00f4le. Certains sont extraordinaires.<\/em> \u00bb<\/span><\/p>\n<h4><span><span><em><strong><span>Anecdotes et humour<\/span><\/strong><\/em><\/span><\/span><\/h4>\n<p><span>Avec son humour habituel, Spike Lee a partag\u00e9 des anecdotes amusantes. \u00ab J\u2019ai demand\u00e9 \u00e0 Michael Jordan pourquoi il avait accept\u00e9 de tourner une publicit\u00e9 avec moi. Il m\u2019a r\u00e9pondu : \u2018Parce que tu portes mes chaussures !\u2019\u00a0\u00bb. Il voulait dire qu\u2019ils se ressemblaient, puisque tous deux n\u00e9s dans le m\u00eame milieu \u00e0 Brooklyn. <\/span><\/p>\n<p><span>Il a \u00e9galement \u00e9voqu\u00e9 son enfance \u00e0 Brooklyn : \u00ab <em>Mon p\u00e8re d\u00e9testait les films hollywoodiens, mais ma m\u00e8re les adorait. Je suis le produit des deux.<\/em> \u00bb<\/span><\/p>\n<p><span>Quant \u00e0 sa gestion du temps, il a r\u00e9v\u00e9l\u00e9 : \u00ab <em>Je me l\u00e8ve \u00e0 6 heures chaque matin. J\u2019\u00e9cris souvent pendant quatre heures d\u2019affil\u00e9e.<\/em> \u00bb Sur les tournages, il pr\u00e9f\u00e8re limiter les journ\u00e9es \u00e0 8 ou 10 heures pour garantir une bonne ambiance et essaye de garder toujours une bonne ambiance, ce qui ne l\u2019emp\u00eache pas de hurler \u00e0 l\u2019occasion s\u2019il le faut. \u00ab <em>Si l\u2019\u00e9quipe n\u2019est pas heureuse, on n\u2019obtient pas le meilleur. \u00bb<\/em><\/span><\/p>\n<p><span>Spike Lee a conclu sa session en r\u00e9it\u00e9rant son amour pour le cin\u00e9ma et sa gratitude envers la vie : \u00ab <em>\u00cates-vous pr\u00eats \u00e0 consacrer votre vie \u00e0 votre passion ? Si oui, vous serez b\u00e9nis. Moi, je le suis.<\/em> \u00bb<\/span><\/p>\n<p><span><strong>Ne\u00efla Driss<\/strong><\/span><\/p>\n<\/p><\/div>\n<div class=\"coprs\" style=\"text-align: center\"><\/div><\/div>\n","protected":false},"excerpt":{"rendered":"<p>Spike Lee, l\u2019un des r\u00e9alisateurs les plus embl\u00e9matiques du cin\u00e9ma am\u00e9ricain, est cette ann\u00e9e le pr\u00e9sident du jury de la 4\u1d49 \u00e9dition du Festival International du&#8230;<\/p>\n","protected":false},"author":3164,"featured_media":243520,"comment_status":"open","ping_status":"open","sticky":false,"template":"","format":"standard","meta":{"footnotes":""},"categories":[2594],"tags":[2626,2628,4709,4763,4762,3985,3986,4708,4764],"class_list":["post-218257","post","type-post","status-publish","format-standard","has-post-thumbnail","hentry","category-culture","tag-cinema","tag-festival","tag-festival-international-du-film-de-la-mer-rouge","tag-in-conversation-with","tag-realisateur","tag-red-sea-international-film-festival","tag-rsiff","tag-rsiff-2024","tag-spike-lee"],"yoast_head":"<!-- This site is optimized with the Yoast SEO Premium plugin v27.4 (Yoast SEO v27.4) - https:\/\/yoast.com\/product\/yoast-seo-premium-wordpress\/ -->\n<title>RSIFF 2024 \u2013 Conversation avec le r\u00e9alisateur Spike Lee<\/title>\n<meta name=\"description\" content=\"Spike Lee, l\u2019un des r\u00e9alisateurs les plus embl\u00e9matiques du cin\u00e9ma am\u00e9ricain, est cette ann\u00e9e le pr\u00e9sident du jury de la 4\u1d49 \u00e9dition du Festival International du...\" \/>\n<link rel=\"canonical\" href=\"https:\/\/www.webdo.tn\/fr\/actualite\/culture\/rsiff-2024-conversation-avec-le-realisateur-spike-lee\/218257\/\" \/>\n<meta property=\"og:locale\" content=\"fr_FR\" \/>\n<meta property=\"og:type\" content=\"article\" \/>\n<meta property=\"og:title\" content=\"RSIFF 2024 \u2013 Conversation avec le r\u00e9alisateur Spike Lee\" \/>\n<meta property=\"og:description\" content=\"Spike Lee, l\u2019un des r\u00e9alisateurs les plus embl\u00e9matiques du cin\u00e9ma am\u00e9ricain, est cette ann\u00e9e le pr\u00e9sident du jury de la 4\u1d49 \u00e9dition du Festival International du...\" \/>\n<meta property=\"og:url\" content=\"https:\/\/www.webdo.tn\/fr\/actualite\/culture\/rsiff-2024-conversation-avec-le-realisateur-spike-lee\/218257\/\" \/>\n<meta property=\"og:site_name\" content=\"webdo\" \/>\n<meta property=\"article:publisher\" content=\"https:\/\/www.facebook.com\/webdotn\" \/>\n<meta property=\"article:author\" content=\"https:\/\/www.facebook.com\/massir.destiniii\/\" \/>\n<meta property=\"article:published_time\" content=\"2024-12-11T10:11:00+00:00\" \/>\n<meta property=\"article:modified_time\" content=\"2025-05-21T08:55:13+00:00\" \/>\n<meta property=\"og:image\" content=\"https:\/\/www.webdo.tn\/fr\/wp-content\/uploads\/2025\/05\/ded6f2ed6ebe1472674315321595681c-2.webp\" \/>\n\t<meta property=\"og:image:width\" content=\"750\" \/>\n\t<meta property=\"og:image:height\" content=\"400\" \/>\n\t<meta property=\"og:image:type\" content=\"image\/webp\" \/>\n<meta name=\"author\" content=\"Ne\u00efla DRISS\" \/>\n<meta name=\"twitter:card\" content=\"summary_large_image\" \/>\n<meta name=\"twitter:creator\" content=\"@https:\/\/x.com\/MassirDestin\" \/>\n<meta name=\"twitter:site\" content=\"@webdo_tn\" \/>\n<meta name=\"twitter:label1\" content=\"\u00c9crit par\" \/>\n\t<meta name=\"twitter:data1\" content=\"Ne\u00efla DRISS\" \/>\n\t<meta name=\"twitter:label2\" content=\"Dur\u00e9e de lecture estim\u00e9e\" \/>\n\t<meta name=\"twitter:data2\" content=\"6 minutes\" \/>\n<script type=\"application\/ld+json\" class=\"yoast-schema-graph\">{\"@context\":\"https:\\\/\\\/schema.org\",\"@graph\":[{\"@type\":\"NewsArticle\",\"@id\":\"https:\\\/\\\/www.webdo.tn\\\/fr\\\/actualite\\\/culture\\\/rsiff-2024-conversation-avec-le-realisateur-spike-lee\\\/218257\\\/#article\",\"isPartOf\":{\"@id\":\"https:\\\/\\\/www.webdo.tn\\\/fr\\\/actualite\\\/culture\\\/rsiff-2024-conversation-avec-le-realisateur-spike-lee\\\/218257\\\/\"},\"author\":{\"name\":\"Ne\u00efla DRISS\",\"@id\":\"https:\\\/\\\/www.webdo.tn\\\/fr\\\/#\\\/schema\\\/person\\\/60d5ba619ed3f58783b0dc82b7dada80\"},\"headline\":\"RSIFF 2024 \u2013 Conversation avec le r\u00e9alisateur Spike Lee\",\"datePublished\":\"2024-12-11T10:11:00+00:00\",\"dateModified\":\"2025-05-21T08:55:13+00:00\",\"mainEntityOfPage\":{\"@id\":\"https:\\\/\\\/www.webdo.tn\\\/fr\\\/actualite\\\/culture\\\/rsiff-2024-conversation-avec-le-realisateur-spike-lee\\\/218257\\\/\"},\"wordCount\":1223,\"commentCount\":0,\"publisher\":{\"@id\":\"https:\\\/\\\/www.webdo.tn\\\/fr\\\/#organization\"},\"image\":{\"@id\":\"https:\\\/\\\/www.webdo.tn\\\/fr\\\/actualite\\\/culture\\\/rsiff-2024-conversation-avec-le-realisateur-spike-lee\\\/218257\\\/#primaryimage\"},\"thumbnailUrl\":\"https:\\\/\\\/www.webdo.tn\\\/fr\\\/wp-content\\\/uploads\\\/2025\\\/05\\\/ded6f2ed6ebe1472674315321595681c-2.webp\",\"keywords\":[\"Cin\u00e9ma\",\"Festival\",\"Festival International du Film de la Mer Rouge\",\"In Conversation with\",\"R\u00e9alisateur\",\"Red Sea International Film Festival\",\"RSIFF\",\"RSIFF 2024\",\"Spike Lee\"],\"articleSection\":[\"Culture\"],\"inLanguage\":\"fr-FR\"},{\"@type\":\"WebPage\",\"@id\":\"https:\\\/\\\/www.webdo.tn\\\/fr\\\/actualite\\\/culture\\\/rsiff-2024-conversation-avec-le-realisateur-spike-lee\\\/218257\\\/\",\"url\":\"https:\\\/\\\/www.webdo.tn\\\/fr\\\/actualite\\\/culture\\\/rsiff-2024-conversation-avec-le-realisateur-spike-lee\\\/218257\\\/\",\"name\":\"RSIFF 2024 \u2013 Conversation avec le r\u00e9alisateur Spike Lee\",\"isPartOf\":{\"@id\":\"https:\\\/\\\/www.webdo.tn\\\/fr\\\/#website\"},\"primaryImageOfPage\":{\"@id\":\"https:\\\/\\\/www.webdo.tn\\\/fr\\\/actualite\\\/culture\\\/rsiff-2024-conversation-avec-le-realisateur-spike-lee\\\/218257\\\/#primaryimage\"},\"image\":{\"@id\":\"https:\\\/\\\/www.webdo.tn\\\/fr\\\/actualite\\\/culture\\\/rsiff-2024-conversation-avec-le-realisateur-spike-lee\\\/218257\\\/#primaryimage\"},\"thumbnailUrl\":\"https:\\\/\\\/www.webdo.tn\\\/fr\\\/wp-content\\\/uploads\\\/2025\\\/05\\\/ded6f2ed6ebe1472674315321595681c-2.webp\",\"datePublished\":\"2024-12-11T10:11:00+00:00\",\"dateModified\":\"2025-05-21T08:55:13+00:00\",\"description\":\"Spike Lee, l\u2019un des r\u00e9alisateurs les plus embl\u00e9matiques du cin\u00e9ma am\u00e9ricain, est cette ann\u00e9e le pr\u00e9sident du jury de la 4\u1d49 \u00e9dition du Festival International du...\",\"breadcrumb\":{\"@id\":\"https:\\\/\\\/www.webdo.tn\\\/fr\\\/actualite\\\/culture\\\/rsiff-2024-conversation-avec-le-realisateur-spike-lee\\\/218257\\\/#breadcrumb\"},\"inLanguage\":\"fr-FR\",\"potentialAction\":[{\"@type\":\"ReadAction\",\"target\":[\"https:\\\/\\\/www.webdo.tn\\\/fr\\\/actualite\\\/culture\\\/rsiff-2024-conversation-avec-le-realisateur-spike-lee\\\/218257\\\/\"]}]},{\"@type\":\"ImageObject\",\"inLanguage\":\"fr-FR\",\"@id\":\"https:\\\/\\\/www.webdo.tn\\\/fr\\\/actualite\\\/culture\\\/rsiff-2024-conversation-avec-le-realisateur-spike-lee\\\/218257\\\/#primaryimage\",\"url\":\"https:\\\/\\\/www.webdo.tn\\\/fr\\\/wp-content\\\/uploads\\\/2025\\\/05\\\/ded6f2ed6ebe1472674315321595681c-2.webp\",\"contentUrl\":\"https:\\\/\\\/www.webdo.tn\\\/fr\\\/wp-content\\\/uploads\\\/2025\\\/05\\\/ded6f2ed6ebe1472674315321595681c-2.webp\",\"width\":750,\"height\":400},{\"@type\":\"BreadcrumbList\",\"@id\":\"https:\\\/\\\/www.webdo.tn\\\/fr\\\/actualite\\\/culture\\\/rsiff-2024-conversation-avec-le-realisateur-spike-lee\\\/218257\\\/#breadcrumb\",\"itemListElement\":[{\"@type\":\"ListItem\",\"position\":1,\"name\":\"Accueil\",\"item\":\"https:\\\/\\\/www.webdo.tn\\\/fr\\\/\"},{\"@type\":\"ListItem\",\"position\":2,\"name\":\"RSIFF 2024 \u2013 Conversation avec le r\u00e9alisateur Spike Lee\"}]},{\"@type\":\"WebSite\",\"@id\":\"https:\\\/\\\/www.webdo.tn\\\/fr\\\/#website\",\"url\":\"https:\\\/\\\/www.webdo.tn\\\/fr\\\/\",\"name\":\"webdo\",\"description\":\"Tunisie - News en Tunisie et \u00e0 l&#039;international sur Webdo.tn\",\"publisher\":{\"@id\":\"https:\\\/\\\/www.webdo.tn\\\/fr\\\/#organization\"},\"potentialAction\":[{\"@type\":\"SearchAction\",\"target\":{\"@type\":\"EntryPoint\",\"urlTemplate\":\"https:\\\/\\\/www.webdo.tn\\\/fr\\\/?s={search_term_string}\"},\"query-input\":{\"@type\":\"PropertyValueSpecification\",\"valueRequired\":true,\"valueName\":\"search_term_string\"}}],\"inLanguage\":\"fr-FR\"},{\"@type\":\"Organization\",\"@id\":\"https:\\\/\\\/www.webdo.tn\\\/fr\\\/#organization\",\"name\":\"Webdo\",\"alternateName\":\"Webdo.tn\",\"url\":\"https:\\\/\\\/www.webdo.tn\\\/fr\\\/\",\"logo\":{\"@type\":\"ImageObject\",\"inLanguage\":\"fr-FR\",\"@id\":\"https:\\\/\\\/www.webdo.tn\\\/fr\\\/#\\\/schema\\\/logo\\\/image\\\/\",\"url\":\"https:\\\/\\\/www.webdo.tn\\\/fr\\\/wp-content\\\/uploads\\\/2025\\\/06\\\/Webdo-Tunisie_168377.jpg\",\"contentUrl\":\"https:\\\/\\\/www.webdo.tn\\\/fr\\\/wp-content\\\/uploads\\\/2025\\\/06\\\/Webdo-Tunisie_168377.jpg\",\"width\":301,\"height\":301,\"caption\":\"Webdo\"},\"image\":{\"@id\":\"https:\\\/\\\/www.webdo.tn\\\/fr\\\/#\\\/schema\\\/logo\\\/image\\\/\"},\"sameAs\":[\"https:\\\/\\\/www.facebook.com\\\/webdotn\",\"https:\\\/\\\/x.com\\\/webdo_tn\"],\"description\":\"Webdo est un m\u00e9dia num\u00e9rique tunisien fond\u00e9 en 2010, sp\u00e9cialis\u00e9 dans l\u2019actualit\u00e9 nationale et internationale, l\u2019\u00e9conomie, la soci\u00e9t\u00e9 et les analyses politiques. Le site s\u2019adresse \u00e0 un large public francophone et couvre l\u2019information tunisienne en temps r\u00e9el.\",\"email\":\"redac@webdo.tn\",\"legalName\":\"YNJ SARL\",\"foundingDate\":\"2010-09-06\",\"numberOfEmployees\":{\"@type\":\"QuantitativeValue\",\"minValue\":\"11\",\"maxValue\":\"50\"}},{\"@type\":\"Person\",\"@id\":\"https:\\\/\\\/www.webdo.tn\\\/fr\\\/#\\\/schema\\\/person\\\/60d5ba619ed3f58783b0dc82b7dada80\",\"name\":\"Ne\u00efla DRISS\",\"image\":{\"@type\":\"ImageObject\",\"inLanguage\":\"fr-FR\",\"@id\":\"https:\\\/\\\/www.webdo.tn\\\/fr\\\/wp-content\\\/uploads\\\/2026\\\/04\\\/neila-driss_avatar-96x96.jpg\",\"url\":\"https:\\\/\\\/www.webdo.tn\\\/fr\\\/wp-content\\\/uploads\\\/2026\\\/04\\\/neila-driss_avatar-96x96.jpg\",\"contentUrl\":\"https:\\\/\\\/www.webdo.tn\\\/fr\\\/wp-content\\\/uploads\\\/2026\\\/04\\\/neila-driss_avatar-96x96.jpg\",\"caption\":\"Ne\u00efla DRISS\"},\"description\":\"Ne\u00efla Driss est juriste, journaliste culturelle et critique de cin\u00e9ma tunisienne. Titulaire d\u2019un DEA en droit priv\u00e9 de l\u2019Universit\u00e9 Paris II et d\u2019un DESS de l\u2019IHEC Carthage, elle d\u00e9bute sa carri\u00e8re comme juriste sp\u00e9cialis\u00e9e en gestion de patrimoine immobilier. Elle s\u2019oriente ensuite vers l\u2019\u00e9criture en ligne, o\u00f9 elle se distingue d\u00e8s 2006 aux Tunisia Blog Awards, avant de se consacrer au journalisme culturel, avec une sp\u00e9cialisation dans la critique cin\u00e9matographique. Elle couvre r\u00e9guli\u00e8rement les grands festivals internationaux, notamment le Festival de Cannes, les Journ\u00e9es Cin\u00e9matographiques de Carthage et le Festival du film du Caire. Membre de l\u2019ATPCC et de la FIPRESCI, elle participe \u00e0 des jurys et initiatives internationales de critique. Depuis 2024, elle est \u00e9lectrice internationale aux Golden Globes. Facebook : https:\\\/\\\/www.facebook.com\\\/massir.destiniii\\\/ X : https:\\\/\\\/x.com\\\/MassirDestin\",\"sameAs\":[\"https:\\\/\\\/www.facebook.com\\\/massir.destiniii\\\/\",\"https:\\\/\\\/www.instagram.com\\\/neila.driss\\\/?hl=fr\",\"https:\\\/\\\/www.linkedin.com\\\/in\\\/neila-driss-22606a80\\\/\",\"https:\\\/\\\/x.com\\\/https:\\\/\\\/x.com\\\/MassirDestin\"],\"knowsAbout\":[\"Cin\u00e9ma international\",\"critique cin\u00e9matographique\",\"festivals de cin\u00e9ma\",\"journalisme culturel\"],\"knowsLanguage\":[\"Fran\u00e7ais\",\"Arabe\",\"Anglais\"],\"jobTitle\":\"Journaliste culturelle et critique de cin\u00e9ma\",\"worksFor\":\"Webdo\",\"url\":\"https:\\\/\\\/www.webdo.tn\\\/fr\\\/actualite\\\/author\\\/neila-driss\\\/\"}]}<\/script>\n<!-- \/ Yoast SEO Premium plugin. -->","yoast_head_json":{"title":"RSIFF 2024 \u2013 Conversation avec le r\u00e9alisateur Spike Lee","description":"Spike Lee, l\u2019un des r\u00e9alisateurs les plus embl\u00e9matiques du cin\u00e9ma am\u00e9ricain, est cette ann\u00e9e le pr\u00e9sident du jury de la 4\u1d49 \u00e9dition du Festival International du...","canonical":"https:\/\/www.webdo.tn\/fr\/actualite\/culture\/rsiff-2024-conversation-avec-le-realisateur-spike-lee\/218257\/","og_locale":"fr_FR","og_type":"article","og_title":"RSIFF 2024 \u2013 Conversation avec le r\u00e9alisateur Spike Lee","og_description":"Spike Lee, l\u2019un des r\u00e9alisateurs les plus embl\u00e9matiques du cin\u00e9ma am\u00e9ricain, est cette ann\u00e9e le pr\u00e9sident du jury de la 4\u1d49 \u00e9dition du Festival International du...","og_url":"https:\/\/www.webdo.tn\/fr\/actualite\/culture\/rsiff-2024-conversation-avec-le-realisateur-spike-lee\/218257\/","og_site_name":"webdo","article_publisher":"https:\/\/www.facebook.com\/webdotn","article_author":"https:\/\/www.facebook.com\/massir.destiniii\/","article_published_time":"2024-12-11T10:11:00+00:00","article_modified_time":"2025-05-21T08:55:13+00:00","og_image":[{"width":750,"height":400,"url":"https:\/\/www.webdo.tn\/fr\/wp-content\/uploads\/2025\/05\/ded6f2ed6ebe1472674315321595681c-2.webp","type":"image\/webp"}],"author":"Ne\u00efla DRISS","twitter_card":"summary_large_image","twitter_creator":"@https:\/\/x.com\/MassirDestin","twitter_site":"@webdo_tn","twitter_misc":{"\u00c9crit par":"Ne\u00efla DRISS","Dur\u00e9e de lecture estim\u00e9e":"6 minutes"},"schema":{"@context":"https:\/\/schema.org","@graph":[{"@type":"NewsArticle","@id":"https:\/\/www.webdo.tn\/fr\/actualite\/culture\/rsiff-2024-conversation-avec-le-realisateur-spike-lee\/218257\/#article","isPartOf":{"@id":"https:\/\/www.webdo.tn\/fr\/actualite\/culture\/rsiff-2024-conversation-avec-le-realisateur-spike-lee\/218257\/"},"author":{"name":"Ne\u00efla DRISS","@id":"https:\/\/www.webdo.tn\/fr\/#\/schema\/person\/60d5ba619ed3f58783b0dc82b7dada80"},"headline":"RSIFF 2024 \u2013 Conversation avec le r\u00e9alisateur Spike Lee","datePublished":"2024-12-11T10:11:00+00:00","dateModified":"2025-05-21T08:55:13+00:00","mainEntityOfPage":{"@id":"https:\/\/www.webdo.tn\/fr\/actualite\/culture\/rsiff-2024-conversation-avec-le-realisateur-spike-lee\/218257\/"},"wordCount":1223,"commentCount":0,"publisher":{"@id":"https:\/\/www.webdo.tn\/fr\/#organization"},"image":{"@id":"https:\/\/www.webdo.tn\/fr\/actualite\/culture\/rsiff-2024-conversation-avec-le-realisateur-spike-lee\/218257\/#primaryimage"},"thumbnailUrl":"https:\/\/www.webdo.tn\/fr\/wp-content\/uploads\/2025\/05\/ded6f2ed6ebe1472674315321595681c-2.webp","keywords":["Cin\u00e9ma","Festival","Festival International du Film de la Mer Rouge","In Conversation with","R\u00e9alisateur","Red Sea International Film Festival","RSIFF","RSIFF 2024","Spike Lee"],"articleSection":["Culture"],"inLanguage":"fr-FR"},{"@type":"WebPage","@id":"https:\/\/www.webdo.tn\/fr\/actualite\/culture\/rsiff-2024-conversation-avec-le-realisateur-spike-lee\/218257\/","url":"https:\/\/www.webdo.tn\/fr\/actualite\/culture\/rsiff-2024-conversation-avec-le-realisateur-spike-lee\/218257\/","name":"RSIFF 2024 \u2013 Conversation avec le r\u00e9alisateur Spike Lee","isPartOf":{"@id":"https:\/\/www.webdo.tn\/fr\/#website"},"primaryImageOfPage":{"@id":"https:\/\/www.webdo.tn\/fr\/actualite\/culture\/rsiff-2024-conversation-avec-le-realisateur-spike-lee\/218257\/#primaryimage"},"image":{"@id":"https:\/\/www.webdo.tn\/fr\/actualite\/culture\/rsiff-2024-conversation-avec-le-realisateur-spike-lee\/218257\/#primaryimage"},"thumbnailUrl":"https:\/\/www.webdo.tn\/fr\/wp-content\/uploads\/2025\/05\/ded6f2ed6ebe1472674315321595681c-2.webp","datePublished":"2024-12-11T10:11:00+00:00","dateModified":"2025-05-21T08:55:13+00:00","description":"Spike Lee, l\u2019un des r\u00e9alisateurs les plus embl\u00e9matiques du cin\u00e9ma am\u00e9ricain, est cette ann\u00e9e le pr\u00e9sident du jury de la 4\u1d49 \u00e9dition du Festival International du...","breadcrumb":{"@id":"https:\/\/www.webdo.tn\/fr\/actualite\/culture\/rsiff-2024-conversation-avec-le-realisateur-spike-lee\/218257\/#breadcrumb"},"inLanguage":"fr-FR","potentialAction":[{"@type":"ReadAction","target":["https:\/\/www.webdo.tn\/fr\/actualite\/culture\/rsiff-2024-conversation-avec-le-realisateur-spike-lee\/218257\/"]}]},{"@type":"ImageObject","inLanguage":"fr-FR","@id":"https:\/\/www.webdo.tn\/fr\/actualite\/culture\/rsiff-2024-conversation-avec-le-realisateur-spike-lee\/218257\/#primaryimage","url":"https:\/\/www.webdo.tn\/fr\/wp-content\/uploads\/2025\/05\/ded6f2ed6ebe1472674315321595681c-2.webp","contentUrl":"https:\/\/www.webdo.tn\/fr\/wp-content\/uploads\/2025\/05\/ded6f2ed6ebe1472674315321595681c-2.webp","width":750,"height":400},{"@type":"BreadcrumbList","@id":"https:\/\/www.webdo.tn\/fr\/actualite\/culture\/rsiff-2024-conversation-avec-le-realisateur-spike-lee\/218257\/#breadcrumb","itemListElement":[{"@type":"ListItem","position":1,"name":"Accueil","item":"https:\/\/www.webdo.tn\/fr\/"},{"@type":"ListItem","position":2,"name":"RSIFF 2024 \u2013 Conversation avec le r\u00e9alisateur Spike Lee"}]},{"@type":"WebSite","@id":"https:\/\/www.webdo.tn\/fr\/#website","url":"https:\/\/www.webdo.tn\/fr\/","name":"webdo","description":"Tunisie - News en Tunisie et \u00e0 l&#039;international sur Webdo.tn","publisher":{"@id":"https:\/\/www.webdo.tn\/fr\/#organization"},"potentialAction":[{"@type":"SearchAction","target":{"@type":"EntryPoint","urlTemplate":"https:\/\/www.webdo.tn\/fr\/?s={search_term_string}"},"query-input":{"@type":"PropertyValueSpecification","valueRequired":true,"valueName":"search_term_string"}}],"inLanguage":"fr-FR"},{"@type":"Organization","@id":"https:\/\/www.webdo.tn\/fr\/#organization","name":"Webdo","alternateName":"Webdo.tn","url":"https:\/\/www.webdo.tn\/fr\/","logo":{"@type":"ImageObject","inLanguage":"fr-FR","@id":"https:\/\/www.webdo.tn\/fr\/#\/schema\/logo\/image\/","url":"https:\/\/www.webdo.tn\/fr\/wp-content\/uploads\/2025\/06\/Webdo-Tunisie_168377.jpg","contentUrl":"https:\/\/www.webdo.tn\/fr\/wp-content\/uploads\/2025\/06\/Webdo-Tunisie_168377.jpg","width":301,"height":301,"caption":"Webdo"},"image":{"@id":"https:\/\/www.webdo.tn\/fr\/#\/schema\/logo\/image\/"},"sameAs":["https:\/\/www.facebook.com\/webdotn","https:\/\/x.com\/webdo_tn"],"description":"Webdo est un m\u00e9dia num\u00e9rique tunisien fond\u00e9 en 2010, sp\u00e9cialis\u00e9 dans l\u2019actualit\u00e9 nationale et internationale, l\u2019\u00e9conomie, la soci\u00e9t\u00e9 et les analyses politiques. Le site s\u2019adresse \u00e0 un large public francophone et couvre l\u2019information tunisienne en temps r\u00e9el.","email":"redac@webdo.tn","legalName":"YNJ SARL","foundingDate":"2010-09-06","numberOfEmployees":{"@type":"QuantitativeValue","minValue":"11","maxValue":"50"}},{"@type":"Person","@id":"https:\/\/www.webdo.tn\/fr\/#\/schema\/person\/60d5ba619ed3f58783b0dc82b7dada80","name":"Ne\u00efla DRISS","image":{"@type":"ImageObject","inLanguage":"fr-FR","@id":"https:\/\/www.webdo.tn\/fr\/wp-content\/uploads\/2026\/04\/neila-driss_avatar-96x96.jpg","url":"https:\/\/www.webdo.tn\/fr\/wp-content\/uploads\/2026\/04\/neila-driss_avatar-96x96.jpg","contentUrl":"https:\/\/www.webdo.tn\/fr\/wp-content\/uploads\/2026\/04\/neila-driss_avatar-96x96.jpg","caption":"Ne\u00efla DRISS"},"description":"Ne\u00efla Driss est juriste, journaliste culturelle et critique de cin\u00e9ma tunisienne. Titulaire d\u2019un DEA en droit priv\u00e9 de l\u2019Universit\u00e9 Paris II et d\u2019un DESS de l\u2019IHEC Carthage, elle d\u00e9bute sa carri\u00e8re comme juriste sp\u00e9cialis\u00e9e en gestion de patrimoine immobilier. Elle s\u2019oriente ensuite vers l\u2019\u00e9criture en ligne, o\u00f9 elle se distingue d\u00e8s 2006 aux Tunisia Blog Awards, avant de se consacrer au journalisme culturel, avec une sp\u00e9cialisation dans la critique cin\u00e9matographique. Elle couvre r\u00e9guli\u00e8rement les grands festivals internationaux, notamment le Festival de Cannes, les Journ\u00e9es Cin\u00e9matographiques de Carthage et le Festival du film du Caire. Membre de l\u2019ATPCC et de la FIPRESCI, elle participe \u00e0 des jurys et initiatives internationales de critique. Depuis 2024, elle est \u00e9lectrice internationale aux Golden Globes. Facebook : https:\/\/www.facebook.com\/massir.destiniii\/ X : https:\/\/x.com\/MassirDestin","sameAs":["https:\/\/www.facebook.com\/massir.destiniii\/","https:\/\/www.instagram.com\/neila.driss\/?hl=fr","https:\/\/www.linkedin.com\/in\/neila-driss-22606a80\/","https:\/\/x.com\/https:\/\/x.com\/MassirDestin"],"knowsAbout":["Cin\u00e9ma international","critique cin\u00e9matographique","festivals de cin\u00e9ma","journalisme culturel"],"knowsLanguage":["Fran\u00e7ais","Arabe","Anglais"],"jobTitle":"Journaliste culturelle et critique de cin\u00e9ma","worksFor":"Webdo","url":"https:\/\/www.webdo.tn\/fr\/actualite\/author\/neila-driss\/"}]}},"_links":{"self":[{"href":"https:\/\/www.webdo.tn\/fr\/wp-json\/wp\/v2\/posts\/218257","targetHints":{"allow":["GET"]}}],"collection":[{"href":"https:\/\/www.webdo.tn\/fr\/wp-json\/wp\/v2\/posts"}],"about":[{"href":"https:\/\/www.webdo.tn\/fr\/wp-json\/wp\/v2\/types\/post"}],"author":[{"embeddable":true,"href":"https:\/\/www.webdo.tn\/fr\/wp-json\/wp\/v2\/users\/3164"}],"replies":[{"embeddable":true,"href":"https:\/\/www.webdo.tn\/fr\/wp-json\/wp\/v2\/comments?post=218257"}],"version-history":[{"count":0,"href":"https:\/\/www.webdo.tn\/fr\/wp-json\/wp\/v2\/posts\/218257\/revisions"}],"wp:featuredmedia":[{"embeddable":true,"href":"https:\/\/www.webdo.tn\/fr\/wp-json\/wp\/v2\/media\/243520"}],"wp:attachment":[{"href":"https:\/\/www.webdo.tn\/fr\/wp-json\/wp\/v2\/media?parent=218257"}],"wp:term":[{"taxonomy":"category","embeddable":true,"href":"https:\/\/www.webdo.tn\/fr\/wp-json\/wp\/v2\/categories?post=218257"},{"taxonomy":"post_tag","embeddable":true,"href":"https:\/\/www.webdo.tn\/fr\/wp-json\/wp\/v2\/tags?post=218257"}],"curies":[{"name":"wp","href":"https:\/\/api.w.org\/{rel}","templated":true}]}}