{"id":218253,"date":"2024-12-11T08:06:00","date_gmt":"2024-12-11T08:06:00","guid":{"rendered":"https:\/\/www.webdo.tn\/fr\/blog\/2024\/12\/11\/le-froid-s-installe-en-tunisie-5-0c-au-reveil-ce-matin-a-tunis\/"},"modified":"2025-05-20T22:21:13","modified_gmt":"2025-05-20T22:21:13","slug":"le-froid-s-installe-en-tunisie-5-0c-au-reveil-ce-matin-a-tunis","status":"publish","type":"post","link":"https:\/\/www.webdo.tn\/fr\/actualite\/national\/le-froid-s-installe-en-tunisie-5-0c-au-reveil-ce-matin-a-tunis\/218253\/","title":{"rendered":"Le froid s\u2019installe en Tunisie : 5 \u00b0C au r\u00e9veil ce matin \u00e0 Tunis"},"content":{"rendered":"<p>Ce mercredi 11 d\u00e9cembre 2024, les Tunisiens ont \u00e9t\u00e9 surpris par un froid saisissant d\u00e8s les premi\u00e8res heures de la journ\u00e9e. Avec une temp\u00e9rature minimale de 5 degr\u00e9s Celsius enregistr\u00e9e au lever du jour, la capitale conna\u00eet un \u00e9pisode de froid hivernal marqu\u00e9, rappelant l\u2019approche de l\u2019hiver.\u00a0<\/p>\n<p>Ce froid habituel pour le mois de d\u00e9cembre, a pouss\u00e9 de nombreux habitants \u00e0 sortir les manteaux les plus chauds et \u00e0 adapter leur routine matinale.<br \/>\nSelon les pr\u00e9visions m\u00e9t\u00e9orologiques, cette journ\u00e9e restera globalement fra\u00eeche dans l\u2019ensemble du pays.<\/p>\n<p>En plus du froid matinal, des passages nuageux sont attendus dans les gouvernorats de Bizerte, Nabeul et B\u00e9ja. Les temp\u00e9ratures oscilleront entre 10 et 14 degr\u00e9s dans l\u2019apr\u00e8s-midi. Des vents mod\u00e9r\u00e9s de direction nord-est pourraient accentuer la sensation de froid.<\/p>\n<p>\u00c0 Kairouan et Sousse, la matin\u00e9e sera \u00e9galement froide, avec des temp\u00e9ratures minimales proches de 7 degr\u00e9s. Un ensoleillement progressif est pr\u00e9vu en cours de journ\u00e9e, avec des maximales atteignant 15 degr\u00e9s.<\/p>\n<p>Les r\u00e9gions de Gab\u00e8s et Tataouine b\u00e9n\u00e9ficieront d\u2019un climat l\u00e9g\u00e8rement plus cl\u00e9ment. La matin\u00e9e d\u00e9butera \u00e0 10 degr\u00e9s et les temp\u00e9ratures atteindront un pic de 18 degr\u00e9s sous un ciel partiellement d\u00e9gag\u00e9.<\/p>\n<p>Les r\u00e9gions c\u00f4ti\u00e8res comme Monastir et Djerba verront un ciel partiellement ensoleill\u00e9, accompagn\u00e9 de vents marins rafra\u00eechissants. Les maximales avoisineront les 16 degr\u00e9s.<\/p>\n<p>Ce retour du froid marque le d\u00e9but de l\u2019installation progressive de l\u2019hiver en Tunisie, rappelant \u00e0 tous que la saison des manteaux et des boissons chaudes est bel et bien l\u00e0.<\/p>\n","protected":false},"excerpt":{"rendered":"<p>Ce froid habituel pour le mois de d\u00e9cembre, a pouss\u00e9 de nombreux habitants \u00e0 sortir les manteaux les plus chauds et \u00e0 adapter leur routine matinale.<\/p>\n","protected":false},"author":3163,"featured_media":243506,"comment_status":"open","ping_status":"open","sticky":false,"template":"","format":"standard","meta":{"footnotes":""},"categories":[44],"tags":[4420,4419,2670,2608],"class_list":["post-218253","post","type-post","status-publish","format-standard","has-post-thumbnail","hentry","category-national","tag-froid","tag-hiver","tag-meteo","tag-tunisie"],"yoast_head":"<!-- This site is optimized with the Yoast SEO Premium plugin v27.5 (Yoast SEO v27.5) - https:\/\/yoast.com\/product\/yoast-seo-premium-wordpress\/ -->\n<title>Le froid s\u2019installe en Tunisie : 5 \u00b0C au r\u00e9veil ce matin \u00e0 Tunis<\/title>\n<meta name=\"description\" content=\"Ce froid habituel pour le mois de d\u00e9cembre, a pouss\u00e9 de nombreux habitants \u00e0 sortir les manteaux les plus chauds et \u00e0 adapter leur routine matinale.\" \/>\n<link rel=\"canonical\" href=\"https:\/\/www.webdo.tn\/fr\/actualite\/national\/le-froid-s-installe-en-tunisie-5-0c-au-reveil-ce-matin-a-tunis\/218253\/\" \/>\n<meta property=\"og:locale\" content=\"fr_FR\" \/>\n<meta property=\"og:type\" content=\"article\" \/>\n<meta property=\"og:title\" content=\"Le froid s\u2019installe en Tunisie : 5 \u00b0C au r\u00e9veil ce matin \u00e0 Tunis\" \/>\n<meta property=\"og:description\" content=\"Ce froid habituel pour le mois de d\u00e9cembre, a pouss\u00e9 de nombreux habitants \u00e0 sortir les manteaux les plus chauds et \u00e0 adapter leur routine matinale.\" \/>\n<meta property=\"og:url\" content=\"https:\/\/www.webdo.tn\/fr\/actualite\/national\/le-froid-s-installe-en-tunisie-5-0c-au-reveil-ce-matin-a-tunis\/218253\/\" \/>\n<meta property=\"og:site_name\" content=\"webdo\" \/>\n<meta property=\"article:publisher\" content=\"https:\/\/www.facebook.com\/webdotn\" \/>\n<meta property=\"article:published_time\" content=\"2024-12-11T08:06:00+00:00\" \/>\n<meta property=\"article:modified_time\" content=\"2025-05-20T22:21:13+00:00\" \/>\n<meta property=\"og:image\" content=\"https:\/\/www.webdo.tn\/fr\/wp-content\/uploads\/2025\/05\/8235aaaa6d5e2aab11de6401faf9c0fe-2.webp\" \/>\n\t<meta property=\"og:image:width\" content=\"750\" \/>\n\t<meta property=\"og:image:height\" content=\"400\" \/>\n\t<meta property=\"og:image:type\" content=\"image\/webp\" \/>\n<meta name=\"author\" content=\"KJ\" \/>\n<meta name=\"twitter:card\" content=\"summary_large_image\" \/>\n<meta name=\"twitter:creator\" content=\"@webdo_tn\" \/>\n<meta name=\"twitter:site\" content=\"@webdo_tn\" \/>\n<meta name=\"twitter:label1\" content=\"\u00c9crit par\" \/>\n\t<meta name=\"twitter:data1\" content=\"KJ\" \/>\n\t<meta name=\"twitter:label2\" content=\"Dur\u00e9e de lecture estim\u00e9e\" \/>\n\t<meta name=\"twitter:data2\" content=\"1 minute\" \/>\n<script type=\"application\/ld+json\" class=\"yoast-schema-graph\">{\"@context\":\"https:\\\/\\\/schema.org\",\"@graph\":[{\"@type\":\"NewsArticle\",\"@id\":\"https:\\\/\\\/www.webdo.tn\\\/fr\\\/actualite\\\/national\\\/le-froid-s-installe-en-tunisie-5-0c-au-reveil-ce-matin-a-tunis\\\/218253\\\/#article\",\"isPartOf\":{\"@id\":\"https:\\\/\\\/www.webdo.tn\\\/fr\\\/actualite\\\/national\\\/le-froid-s-installe-en-tunisie-5-0c-au-reveil-ce-matin-a-tunis\\\/218253\\\/\"},\"author\":{\"name\":\"KJ\",\"@id\":\"https:\\\/\\\/www.webdo.tn\\\/fr\\\/#\\\/schema\\\/person\\\/82ca085b22037d285e1a3c4b65ba5f71\"},\"headline\":\"Le froid s\u2019installe en Tunisie : 5 \u00b0C au r\u00e9veil ce matin \u00e0 Tunis\",\"datePublished\":\"2024-12-11T08:06:00+00:00\",\"dateModified\":\"2025-05-20T22:21:13+00:00\",\"mainEntityOfPage\":{\"@id\":\"https:\\\/\\\/www.webdo.tn\\\/fr\\\/actualite\\\/national\\\/le-froid-s-installe-en-tunisie-5-0c-au-reveil-ce-matin-a-tunis\\\/218253\\\/\"},\"wordCount\":294,\"commentCount\":0,\"publisher\":{\"@id\":\"https:\\\/\\\/www.webdo.tn\\\/fr\\\/#organization\"},\"image\":{\"@id\":\"https:\\\/\\\/www.webdo.tn\\\/fr\\\/actualite\\\/national\\\/le-froid-s-installe-en-tunisie-5-0c-au-reveil-ce-matin-a-tunis\\\/218253\\\/#primaryimage\"},\"thumbnailUrl\":\"https:\\\/\\\/www.webdo.tn\\\/fr\\\/wp-content\\\/uploads\\\/2025\\\/05\\\/8235aaaa6d5e2aab11de6401faf9c0fe-2.webp\",\"keywords\":[\"froid\",\"hiver\",\"m\u00e9t\u00e9o\",\"Tunisie\"],\"articleSection\":[\"National\"],\"inLanguage\":\"fr-FR\"},{\"@type\":\"WebPage\",\"@id\":\"https:\\\/\\\/www.webdo.tn\\\/fr\\\/actualite\\\/national\\\/le-froid-s-installe-en-tunisie-5-0c-au-reveil-ce-matin-a-tunis\\\/218253\\\/\",\"url\":\"https:\\\/\\\/www.webdo.tn\\\/fr\\\/actualite\\\/national\\\/le-froid-s-installe-en-tunisie-5-0c-au-reveil-ce-matin-a-tunis\\\/218253\\\/\",\"name\":\"Le froid s\u2019installe en Tunisie : 5 \u00b0C au r\u00e9veil ce matin \u00e0 Tunis\",\"isPartOf\":{\"@id\":\"https:\\\/\\\/www.webdo.tn\\\/fr\\\/#website\"},\"primaryImageOfPage\":{\"@id\":\"https:\\\/\\\/www.webdo.tn\\\/fr\\\/actualite\\\/national\\\/le-froid-s-installe-en-tunisie-5-0c-au-reveil-ce-matin-a-tunis\\\/218253\\\/#primaryimage\"},\"image\":{\"@id\":\"https:\\\/\\\/www.webdo.tn\\\/fr\\\/actualite\\\/national\\\/le-froid-s-installe-en-tunisie-5-0c-au-reveil-ce-matin-a-tunis\\\/218253\\\/#primaryimage\"},\"thumbnailUrl\":\"https:\\\/\\\/www.webdo.tn\\\/fr\\\/wp-content\\\/uploads\\\/2025\\\/05\\\/8235aaaa6d5e2aab11de6401faf9c0fe-2.webp\",\"datePublished\":\"2024-12-11T08:06:00+00:00\",\"dateModified\":\"2025-05-20T22:21:13+00:00\",\"description\":\"Ce froid habituel pour le mois de d\u00e9cembre, a pouss\u00e9 de nombreux habitants \u00e0 sortir les manteaux les plus chauds et \u00e0 adapter leur routine matinale.\",\"breadcrumb\":{\"@id\":\"https:\\\/\\\/www.webdo.tn\\\/fr\\\/actualite\\\/national\\\/le-froid-s-installe-en-tunisie-5-0c-au-reveil-ce-matin-a-tunis\\\/218253\\\/#breadcrumb\"},\"inLanguage\":\"fr-FR\",\"potentialAction\":[{\"@type\":\"ReadAction\",\"target\":[\"https:\\\/\\\/www.webdo.tn\\\/fr\\\/actualite\\\/national\\\/le-froid-s-installe-en-tunisie-5-0c-au-reveil-ce-matin-a-tunis\\\/218253\\\/\"]}]},{\"@type\":\"ImageObject\",\"inLanguage\":\"fr-FR\",\"@id\":\"https:\\\/\\\/www.webdo.tn\\\/fr\\\/actualite\\\/national\\\/le-froid-s-installe-en-tunisie-5-0c-au-reveil-ce-matin-a-tunis\\\/218253\\\/#primaryimage\",\"url\":\"https:\\\/\\\/www.webdo.tn\\\/fr\\\/wp-content\\\/uploads\\\/2025\\\/05\\\/8235aaaa6d5e2aab11de6401faf9c0fe-2.webp\",\"contentUrl\":\"https:\\\/\\\/www.webdo.tn\\\/fr\\\/wp-content\\\/uploads\\\/2025\\\/05\\\/8235aaaa6d5e2aab11de6401faf9c0fe-2.webp\",\"width\":750,\"height\":400},{\"@type\":\"BreadcrumbList\",\"@id\":\"https:\\\/\\\/www.webdo.tn\\\/fr\\\/actualite\\\/national\\\/le-froid-s-installe-en-tunisie-5-0c-au-reveil-ce-matin-a-tunis\\\/218253\\\/#breadcrumb\",\"itemListElement\":[{\"@type\":\"ListItem\",\"position\":1,\"name\":\"Accueil\",\"item\":\"https:\\\/\\\/www.webdo.tn\\\/fr\\\/\"},{\"@type\":\"ListItem\",\"position\":2,\"name\":\"Le froid s\u2019installe en Tunisie : 5 \u00b0C au r\u00e9veil ce matin \u00e0 Tunis\"}]},{\"@type\":\"WebSite\",\"@id\":\"https:\\\/\\\/www.webdo.tn\\\/fr\\\/#website\",\"url\":\"https:\\\/\\\/www.webdo.tn\\\/fr\\\/\",\"name\":\"webdo\",\"description\":\"Tunisie - News en Tunisie et \u00e0 l&#039;international sur Webdo.tn\",\"publisher\":{\"@id\":\"https:\\\/\\\/www.webdo.tn\\\/fr\\\/#organization\"},\"potentialAction\":[{\"@type\":\"SearchAction\",\"target\":{\"@type\":\"EntryPoint\",\"urlTemplate\":\"https:\\\/\\\/www.webdo.tn\\\/fr\\\/?s={search_term_string}\"},\"query-input\":{\"@type\":\"PropertyValueSpecification\",\"valueRequired\":true,\"valueName\":\"search_term_string\"}}],\"inLanguage\":\"fr-FR\"},{\"@type\":\"Organization\",\"@id\":\"https:\\\/\\\/www.webdo.tn\\\/fr\\\/#organization\",\"name\":\"Webdo\",\"alternateName\":\"Webdo.tn\",\"url\":\"https:\\\/\\\/www.webdo.tn\\\/fr\\\/\",\"logo\":{\"@type\":\"ImageObject\",\"inLanguage\":\"fr-FR\",\"@id\":\"https:\\\/\\\/www.webdo.tn\\\/fr\\\/#\\\/schema\\\/logo\\\/image\\\/\",\"url\":\"https:\\\/\\\/www.webdo.tn\\\/fr\\\/wp-content\\\/uploads\\\/2025\\\/06\\\/Webdo-Tunisie_168377.jpg\",\"contentUrl\":\"https:\\\/\\\/www.webdo.tn\\\/fr\\\/wp-content\\\/uploads\\\/2025\\\/06\\\/Webdo-Tunisie_168377.jpg\",\"width\":301,\"height\":301,\"caption\":\"Webdo\"},\"image\":{\"@id\":\"https:\\\/\\\/www.webdo.tn\\\/fr\\\/#\\\/schema\\\/logo\\\/image\\\/\"},\"sameAs\":[\"https:\\\/\\\/www.facebook.com\\\/webdotn\",\"https:\\\/\\\/x.com\\\/webdo_tn\"],\"description\":\"Webdo est un m\u00e9dia num\u00e9rique tunisien fond\u00e9 en 2010, sp\u00e9cialis\u00e9 dans l\u2019actualit\u00e9 nationale et internationale, l\u2019\u00e9conomie, la soci\u00e9t\u00e9 et les analyses politiques. Le site s\u2019adresse \u00e0 un large public francophone et couvre l\u2019information tunisienne en temps r\u00e9el.\",\"email\":\"redac@webdo.tn\",\"legalName\":\"YNJ SARL\",\"foundingDate\":\"2010-09-06\",\"numberOfEmployees\":{\"@type\":\"QuantitativeValue\",\"minValue\":\"11\",\"maxValue\":\"50\"}},{\"@type\":\"Person\",\"@id\":\"https:\\\/\\\/www.webdo.tn\\\/fr\\\/#\\\/schema\\\/person\\\/82ca085b22037d285e1a3c4b65ba5f71\",\"name\":\"KJ\",\"image\":{\"@type\":\"ImageObject\",\"inLanguage\":\"fr-FR\",\"@id\":\"https:\\\/\\\/secure.gravatar.com\\\/avatar\\\/1a1320de1c1971c893f00068f760b4113d69504aa21273da17ee95650c5944fd?s=96&d=mm&r=g\",\"url\":\"https:\\\/\\\/secure.gravatar.com\\\/avatar\\\/1a1320de1c1971c893f00068f760b4113d69504aa21273da17ee95650c5944fd?s=96&d=mm&r=g\",\"contentUrl\":\"https:\\\/\\\/secure.gravatar.com\\\/avatar\\\/1a1320de1c1971c893f00068f760b4113d69504aa21273da17ee95650c5944fd?s=96&d=mm&r=g\",\"caption\":\"KJ\"},\"url\":\"https:\\\/\\\/www.webdo.tn\\\/fr\\\/actualite\\\/author\\\/kj\\\/\"}]}<\/script>\n<!-- \/ Yoast SEO Premium plugin. -->","yoast_head_json":{"title":"Le froid s\u2019installe en Tunisie : 5 \u00b0C au r\u00e9veil ce matin \u00e0 Tunis","description":"Ce froid habituel pour le mois de d\u00e9cembre, a pouss\u00e9 de nombreux habitants \u00e0 sortir les manteaux les plus chauds et \u00e0 adapter leur routine matinale.","canonical":"https:\/\/www.webdo.tn\/fr\/actualite\/national\/le-froid-s-installe-en-tunisie-5-0c-au-reveil-ce-matin-a-tunis\/218253\/","og_locale":"fr_FR","og_type":"article","og_title":"Le froid s\u2019installe en Tunisie : 5 \u00b0C au r\u00e9veil ce matin \u00e0 Tunis","og_description":"Ce froid habituel pour le mois de d\u00e9cembre, a pouss\u00e9 de nombreux habitants \u00e0 sortir les manteaux les plus chauds et \u00e0 adapter leur routine matinale.","og_url":"https:\/\/www.webdo.tn\/fr\/actualite\/national\/le-froid-s-installe-en-tunisie-5-0c-au-reveil-ce-matin-a-tunis\/218253\/","og_site_name":"webdo","article_publisher":"https:\/\/www.facebook.com\/webdotn","article_published_time":"2024-12-11T08:06:00+00:00","article_modified_time":"2025-05-20T22:21:13+00:00","og_image":[{"width":750,"height":400,"url":"https:\/\/www.webdo.tn\/fr\/wp-content\/uploads\/2025\/05\/8235aaaa6d5e2aab11de6401faf9c0fe-2.webp","type":"image\/webp"}],"author":"KJ","twitter_card":"summary_large_image","twitter_creator":"@webdo_tn","twitter_site":"@webdo_tn","twitter_misc":{"\u00c9crit par":"KJ","Dur\u00e9e de lecture estim\u00e9e":"1 minute"},"schema":{"@context":"https:\/\/schema.org","@graph":[{"@type":"NewsArticle","@id":"https:\/\/www.webdo.tn\/fr\/actualite\/national\/le-froid-s-installe-en-tunisie-5-0c-au-reveil-ce-matin-a-tunis\/218253\/#article","isPartOf":{"@id":"https:\/\/www.webdo.tn\/fr\/actualite\/national\/le-froid-s-installe-en-tunisie-5-0c-au-reveil-ce-matin-a-tunis\/218253\/"},"author":{"name":"KJ","@id":"https:\/\/www.webdo.tn\/fr\/#\/schema\/person\/82ca085b22037d285e1a3c4b65ba5f71"},"headline":"Le froid s\u2019installe en Tunisie : 5 \u00b0C au r\u00e9veil ce matin \u00e0 Tunis","datePublished":"2024-12-11T08:06:00+00:00","dateModified":"2025-05-20T22:21:13+00:00","mainEntityOfPage":{"@id":"https:\/\/www.webdo.tn\/fr\/actualite\/national\/le-froid-s-installe-en-tunisie-5-0c-au-reveil-ce-matin-a-tunis\/218253\/"},"wordCount":294,"commentCount":0,"publisher":{"@id":"https:\/\/www.webdo.tn\/fr\/#organization"},"image":{"@id":"https:\/\/www.webdo.tn\/fr\/actualite\/national\/le-froid-s-installe-en-tunisie-5-0c-au-reveil-ce-matin-a-tunis\/218253\/#primaryimage"},"thumbnailUrl":"https:\/\/www.webdo.tn\/fr\/wp-content\/uploads\/2025\/05\/8235aaaa6d5e2aab11de6401faf9c0fe-2.webp","keywords":["froid","hiver","m\u00e9t\u00e9o","Tunisie"],"articleSection":["National"],"inLanguage":"fr-FR"},{"@type":"WebPage","@id":"https:\/\/www.webdo.tn\/fr\/actualite\/national\/le-froid-s-installe-en-tunisie-5-0c-au-reveil-ce-matin-a-tunis\/218253\/","url":"https:\/\/www.webdo.tn\/fr\/actualite\/national\/le-froid-s-installe-en-tunisie-5-0c-au-reveil-ce-matin-a-tunis\/218253\/","name":"Le froid s\u2019installe en Tunisie : 5 \u00b0C au r\u00e9veil ce matin \u00e0 Tunis","isPartOf":{"@id":"https:\/\/www.webdo.tn\/fr\/#website"},"primaryImageOfPage":{"@id":"https:\/\/www.webdo.tn\/fr\/actualite\/national\/le-froid-s-installe-en-tunisie-5-0c-au-reveil-ce-matin-a-tunis\/218253\/#primaryimage"},"image":{"@id":"https:\/\/www.webdo.tn\/fr\/actualite\/national\/le-froid-s-installe-en-tunisie-5-0c-au-reveil-ce-matin-a-tunis\/218253\/#primaryimage"},"thumbnailUrl":"https:\/\/www.webdo.tn\/fr\/wp-content\/uploads\/2025\/05\/8235aaaa6d5e2aab11de6401faf9c0fe-2.webp","datePublished":"2024-12-11T08:06:00+00:00","dateModified":"2025-05-20T22:21:13+00:00","description":"Ce froid habituel pour le mois de d\u00e9cembre, a pouss\u00e9 de nombreux habitants \u00e0 sortir les manteaux les plus chauds et \u00e0 adapter leur routine matinale.","breadcrumb":{"@id":"https:\/\/www.webdo.tn\/fr\/actualite\/national\/le-froid-s-installe-en-tunisie-5-0c-au-reveil-ce-matin-a-tunis\/218253\/#breadcrumb"},"inLanguage":"fr-FR","potentialAction":[{"@type":"ReadAction","target":["https:\/\/www.webdo.tn\/fr\/actualite\/national\/le-froid-s-installe-en-tunisie-5-0c-au-reveil-ce-matin-a-tunis\/218253\/"]}]},{"@type":"ImageObject","inLanguage":"fr-FR","@id":"https:\/\/www.webdo.tn\/fr\/actualite\/national\/le-froid-s-installe-en-tunisie-5-0c-au-reveil-ce-matin-a-tunis\/218253\/#primaryimage","url":"https:\/\/www.webdo.tn\/fr\/wp-content\/uploads\/2025\/05\/8235aaaa6d5e2aab11de6401faf9c0fe-2.webp","contentUrl":"https:\/\/www.webdo.tn\/fr\/wp-content\/uploads\/2025\/05\/8235aaaa6d5e2aab11de6401faf9c0fe-2.webp","width":750,"height":400},{"@type":"BreadcrumbList","@id":"https:\/\/www.webdo.tn\/fr\/actualite\/national\/le-froid-s-installe-en-tunisie-5-0c-au-reveil-ce-matin-a-tunis\/218253\/#breadcrumb","itemListElement":[{"@type":"ListItem","position":1,"name":"Accueil","item":"https:\/\/www.webdo.tn\/fr\/"},{"@type":"ListItem","position":2,"name":"Le froid s\u2019installe en Tunisie : 5 \u00b0C au r\u00e9veil ce matin \u00e0 Tunis"}]},{"@type":"WebSite","@id":"https:\/\/www.webdo.tn\/fr\/#website","url":"https:\/\/www.webdo.tn\/fr\/","name":"webdo","description":"Tunisie - News en Tunisie et \u00e0 l&#039;international sur Webdo.tn","publisher":{"@id":"https:\/\/www.webdo.tn\/fr\/#organization"},"potentialAction":[{"@type":"SearchAction","target":{"@type":"EntryPoint","urlTemplate":"https:\/\/www.webdo.tn\/fr\/?s={search_term_string}"},"query-input":{"@type":"PropertyValueSpecification","valueRequired":true,"valueName":"search_term_string"}}],"inLanguage":"fr-FR"},{"@type":"Organization","@id":"https:\/\/www.webdo.tn\/fr\/#organization","name":"Webdo","alternateName":"Webdo.tn","url":"https:\/\/www.webdo.tn\/fr\/","logo":{"@type":"ImageObject","inLanguage":"fr-FR","@id":"https:\/\/www.webdo.tn\/fr\/#\/schema\/logo\/image\/","url":"https:\/\/www.webdo.tn\/fr\/wp-content\/uploads\/2025\/06\/Webdo-Tunisie_168377.jpg","contentUrl":"https:\/\/www.webdo.tn\/fr\/wp-content\/uploads\/2025\/06\/Webdo-Tunisie_168377.jpg","width":301,"height":301,"caption":"Webdo"},"image":{"@id":"https:\/\/www.webdo.tn\/fr\/#\/schema\/logo\/image\/"},"sameAs":["https:\/\/www.facebook.com\/webdotn","https:\/\/x.com\/webdo_tn"],"description":"Webdo est un m\u00e9dia num\u00e9rique tunisien fond\u00e9 en 2010, sp\u00e9cialis\u00e9 dans l\u2019actualit\u00e9 nationale et internationale, l\u2019\u00e9conomie, la soci\u00e9t\u00e9 et les analyses politiques. Le site s\u2019adresse \u00e0 un large public francophone et couvre l\u2019information tunisienne en temps r\u00e9el.","email":"redac@webdo.tn","legalName":"YNJ SARL","foundingDate":"2010-09-06","numberOfEmployees":{"@type":"QuantitativeValue","minValue":"11","maxValue":"50"}},{"@type":"Person","@id":"https:\/\/www.webdo.tn\/fr\/#\/schema\/person\/82ca085b22037d285e1a3c4b65ba5f71","name":"KJ","image":{"@type":"ImageObject","inLanguage":"fr-FR","@id":"https:\/\/secure.gravatar.com\/avatar\/1a1320de1c1971c893f00068f760b4113d69504aa21273da17ee95650c5944fd?s=96&d=mm&r=g","url":"https:\/\/secure.gravatar.com\/avatar\/1a1320de1c1971c893f00068f760b4113d69504aa21273da17ee95650c5944fd?s=96&d=mm&r=g","contentUrl":"https:\/\/secure.gravatar.com\/avatar\/1a1320de1c1971c893f00068f760b4113d69504aa21273da17ee95650c5944fd?s=96&d=mm&r=g","caption":"KJ"},"url":"https:\/\/www.webdo.tn\/fr\/actualite\/author\/kj\/"}]}},"_links":{"self":[{"href":"https:\/\/www.webdo.tn\/fr\/wp-json\/wp\/v2\/posts\/218253","targetHints":{"allow":["GET"]}}],"collection":[{"href":"https:\/\/www.webdo.tn\/fr\/wp-json\/wp\/v2\/posts"}],"about":[{"href":"https:\/\/www.webdo.tn\/fr\/wp-json\/wp\/v2\/types\/post"}],"author":[{"embeddable":true,"href":"https:\/\/www.webdo.tn\/fr\/wp-json\/wp\/v2\/users\/3163"}],"replies":[{"embeddable":true,"href":"https:\/\/www.webdo.tn\/fr\/wp-json\/wp\/v2\/comments?post=218253"}],"version-history":[{"count":0,"href":"https:\/\/www.webdo.tn\/fr\/wp-json\/wp\/v2\/posts\/218253\/revisions"}],"wp:featuredmedia":[{"embeddable":true,"href":"https:\/\/www.webdo.tn\/fr\/wp-json\/wp\/v2\/media\/243506"}],"wp:attachment":[{"href":"https:\/\/www.webdo.tn\/fr\/wp-json\/wp\/v2\/media?parent=218253"}],"wp:term":[{"taxonomy":"category","embeddable":true,"href":"https:\/\/www.webdo.tn\/fr\/wp-json\/wp\/v2\/categories?post=218253"},{"taxonomy":"post_tag","embeddable":true,"href":"https:\/\/www.webdo.tn\/fr\/wp-json\/wp\/v2\/tags?post=218253"}],"curies":[{"name":"wp","href":"https:\/\/api.w.org\/{rel}","templated":true}]}}