{"id":218245,"date":"2024-12-10T20:20:00","date_gmt":"2024-12-10T20:20:00","guid":{"rendered":"https:\/\/www.webdo.tn\/fr\/blog\/mondiaux-de-natation-ahmed-jaouadi-decroche-l-or-au-1500-m\/218245\/"},"modified":"2025-05-21T09:08:03","modified_gmt":"2025-05-21T09:08:03","slug":"mondiaux-de-natation-ahmed-jaouadi-decroche-l-or-au-1500-m","status":"publish","type":"post","link":"https:\/\/www.webdo.tn\/fr\/actualite\/sport\/mondiaux-de-natation-ahmed-jaouadi-decroche-l-or-au-1500-m\/218245\/","title":{"rendered":"Mondiaux de natation : Ahmed Jaouadi d\u00e9croche l\u2019or au 1500 m"},"content":{"rendered":"<p>\u00c0 seulement 19 ans, Ahmed Jaouadi a marqu\u00e9 de son empreinte les Championnats du monde de natation en petit bassin \u00e0 Budapest. Dans une finale palpitante du 1500 m\u00e8tres nage libre, il a domin\u00e9 ses adversaires et d\u00e9croch\u00e9 une \u00e9clatante m\u00e9daille d\u2019or.<\/p>\n<p>\t\t\t\t\t\t\t\t\tAvec un chrono impressionnant de 14 minutes 16 secondes et 40 centi\u00e8mes, Jaouadi a pris le dessus sur l\u2019Allemand Florian Wellbrock (14:17.27) et le Turc Kuzey Tuncelli (14:20.64). Cette victoire place le jeune Tunisien parmi les espoirs les plus prometteurs de la discipline.<\/p>\n<p>Loin de s\u2019arr\u00eater l\u00e0, Jaouadi compte bien poursuivre sur sa lanc\u00e9e. Il disputera le 400 m\u00e8tres le jeudi 12 d\u00e9cembre, avant de clore son programme samedi 14 d\u00e9cembre avec le 800 m\u00e8tres.<\/p>\n<p>La d\u00e9l\u00e9gation tunisienne pourra \u00e9galement compter sur d\u2019autres nageurs talentueux. Rami Rahmouni sera align\u00e9 vendredi 13 d\u00e9cembre sur les 800 m\u00e8tres nage libre et dimanche 15 d\u00e9cembre sur les 200 m\u00e8tres nage libre. Quant \u00e0 Belhassen Ben Miled, il s\u2019attaquera aux 400 m\u00e8tres quatre nages lors de la derni\u00e8re journ\u00e9e de la comp\u00e9tition. Il convient de rappeler que, dans la matin\u00e9e, Belhassen Ben Miled n\u2019a pas r\u00e9ussi \u00e0 se qualifier pour la finale du 200 m\u00e8tres quatre nages.<\/p>\n<p>Le Championnat du monde de natation en bassin de 25 m\u00e8tres se tient \u00e0 Budapest, en Hongrie, du 10 au 15 d\u00e9cembre.<\/p>\n","protected":false},"excerpt":{"rendered":"<p>Ahmed Jaouadi, triomphe au 1500 m nage libre des Mondiaux \u00e0 Budapest en d\u00e9crochant l&rsquo;or.<\/p>\n","protected":false},"author":3166,"featured_media":291513,"comment_status":"open","ping_status":"closed","sticky":false,"template":"","format":"standard","meta":{"footnotes":""},"categories":[2593],"tags":[10748,10734,3253,6881,4785,3252,2608],"class_list":["post-218245","post","type-post","status-publish","format-standard","has-post-thumbnail","hentry","category-sport","tag-belhassen-ben-miled","tag-rami-rahmouni","tag-ahmed-jaouadi","tag-budapest","tag-championnat-du-monde","tag-natation","tag-tunisie"],"yoast_head":"<!-- This site is optimized with the Yoast SEO Premium plugin v27.4 (Yoast SEO v27.5) - https:\/\/yoast.com\/product\/yoast-seo-premium-wordpress\/ -->\n<title>Mondiaux de natation : Ahmed Jaouadi d\u00e9croche l\u2019or au 1500 m<\/title>\n<meta name=\"description\" content=\"Ahmed Jaouadi, triomphe au 1500 m nage libre des Mondiaux \u00e0 Budapest en d\u00e9crochant l&#039;or.\" \/>\n<link rel=\"canonical\" href=\"https:\/\/www.webdo.tn\/fr\/actualite\/sport\/mondiaux-de-natation-ahmed-jaouadi-decroche-l-or-au-1500-m\/218245\/\" \/>\n<meta property=\"og:locale\" content=\"fr_FR\" \/>\n<meta property=\"og:type\" content=\"article\" \/>\n<meta property=\"og:title\" content=\"Mondiaux de natation : Ahmed Jaouadi d\u00e9croche l\u2019or au 1500 m\" \/>\n<meta property=\"og:description\" content=\"Ahmed Jaouadi, triomphe au 1500 m nage libre des Mondiaux \u00e0 Budapest en d\u00e9crochant l&#039;or.\" \/>\n<meta property=\"og:url\" content=\"https:\/\/www.webdo.tn\/fr\/actualite\/sport\/mondiaux-de-natation-ahmed-jaouadi-decroche-l-or-au-1500-m\/218245\/\" \/>\n<meta property=\"og:site_name\" content=\"webdo\" \/>\n<meta property=\"article:publisher\" content=\"https:\/\/www.facebook.com\/webdotn\" \/>\n<meta property=\"article:published_time\" content=\"2024-12-10T20:20:00+00:00\" \/>\n<meta property=\"article:modified_time\" content=\"2025-05-21T09:08:03+00:00\" \/>\n<meta property=\"og:image\" content=\"https:\/\/www.webdo.tn\/fr\/wp-content\/uploads\/2024\/12\/8be9a57b1d45990b1e5587421982a29e.webp\" \/>\n\t<meta property=\"og:image:width\" content=\"750\" \/>\n\t<meta property=\"og:image:height\" content=\"400\" \/>\n\t<meta property=\"og:image:type\" content=\"image\/webp\" \/>\n<meta name=\"author\" content=\"AZ\" \/>\n<meta name=\"twitter:card\" content=\"summary_large_image\" \/>\n<meta name=\"twitter:creator\" content=\"@webdo_tn\" \/>\n<meta name=\"twitter:site\" content=\"@webdo_tn\" \/>\n<meta name=\"twitter:label1\" content=\"\u00c9crit par\" \/>\n\t<meta name=\"twitter:data1\" content=\"AZ\" \/>\n\t<meta name=\"twitter:label2\" content=\"Dur\u00e9e de lecture estim\u00e9e\" \/>\n\t<meta name=\"twitter:data2\" content=\"1 minute\" \/>\n<script type=\"application\/ld+json\" class=\"yoast-schema-graph\">{\"@context\":\"https:\\\/\\\/schema.org\",\"@graph\":[{\"@type\":\"NewsArticle\",\"@id\":\"https:\\\/\\\/www.webdo.tn\\\/fr\\\/actualite\\\/sport\\\/mondiaux-de-natation-ahmed-jaouadi-decroche-l-or-au-1500-m\\\/218245\\\/#article\",\"isPartOf\":{\"@id\":\"https:\\\/\\\/www.webdo.tn\\\/fr\\\/actualite\\\/sport\\\/mondiaux-de-natation-ahmed-jaouadi-decroche-l-or-au-1500-m\\\/218245\\\/\"},\"author\":{\"name\":\"AZ\",\"@id\":\"https:\\\/\\\/www.webdo.tn\\\/fr\\\/#\\\/schema\\\/person\\\/b8a41c04d93287d375510db360906b34\"},\"headline\":\"Mondiaux de natation : Ahmed Jaouadi d\u00e9croche l\u2019or au 1500 m\",\"datePublished\":\"2024-12-10T20:20:00+00:00\",\"dateModified\":\"2025-05-21T09:08:03+00:00\",\"mainEntityOfPage\":{\"@id\":\"https:\\\/\\\/www.webdo.tn\\\/fr\\\/actualite\\\/sport\\\/mondiaux-de-natation-ahmed-jaouadi-decroche-l-or-au-1500-m\\\/218245\\\/\"},\"wordCount\":234,\"commentCount\":0,\"publisher\":{\"@id\":\"https:\\\/\\\/www.webdo.tn\\\/fr\\\/#organization\"},\"image\":{\"@id\":\"https:\\\/\\\/www.webdo.tn\\\/fr\\\/actualite\\\/sport\\\/mondiaux-de-natation-ahmed-jaouadi-decroche-l-or-au-1500-m\\\/218245\\\/#primaryimage\"},\"thumbnailUrl\":\"https:\\\/\\\/www.webdo.tn\\\/fr\\\/wp-content\\\/uploads\\\/2024\\\/12\\\/8be9a57b1d45990b1e5587421982a29e.webp\",\"keywords\":[\"'Belhassen Ben Miled']\",\"'rami rahmouni'\",\"Ahmed Jaouadi\",\"budapest\",\"championnat du monde\",\"natation\",\"Tunisie\"],\"articleSection\":[\"Sport\"],\"inLanguage\":\"fr-FR\"},{\"@type\":\"WebPage\",\"@id\":\"https:\\\/\\\/www.webdo.tn\\\/fr\\\/actualite\\\/sport\\\/mondiaux-de-natation-ahmed-jaouadi-decroche-l-or-au-1500-m\\\/218245\\\/\",\"url\":\"https:\\\/\\\/www.webdo.tn\\\/fr\\\/actualite\\\/sport\\\/mondiaux-de-natation-ahmed-jaouadi-decroche-l-or-au-1500-m\\\/218245\\\/\",\"name\":\"Mondiaux de natation : Ahmed Jaouadi d\u00e9croche l\u2019or au 1500 m\",\"isPartOf\":{\"@id\":\"https:\\\/\\\/www.webdo.tn\\\/fr\\\/#website\"},\"primaryImageOfPage\":{\"@id\":\"https:\\\/\\\/www.webdo.tn\\\/fr\\\/actualite\\\/sport\\\/mondiaux-de-natation-ahmed-jaouadi-decroche-l-or-au-1500-m\\\/218245\\\/#primaryimage\"},\"image\":{\"@id\":\"https:\\\/\\\/www.webdo.tn\\\/fr\\\/actualite\\\/sport\\\/mondiaux-de-natation-ahmed-jaouadi-decroche-l-or-au-1500-m\\\/218245\\\/#primaryimage\"},\"thumbnailUrl\":\"https:\\\/\\\/www.webdo.tn\\\/fr\\\/wp-content\\\/uploads\\\/2024\\\/12\\\/8be9a57b1d45990b1e5587421982a29e.webp\",\"datePublished\":\"2024-12-10T20:20:00+00:00\",\"dateModified\":\"2025-05-21T09:08:03+00:00\",\"description\":\"Ahmed Jaouadi, triomphe au 1500 m nage libre des Mondiaux \u00e0 Budapest en d\u00e9crochant l'or.\",\"breadcrumb\":{\"@id\":\"https:\\\/\\\/www.webdo.tn\\\/fr\\\/actualite\\\/sport\\\/mondiaux-de-natation-ahmed-jaouadi-decroche-l-or-au-1500-m\\\/218245\\\/#breadcrumb\"},\"inLanguage\":\"fr-FR\",\"potentialAction\":[{\"@type\":\"ReadAction\",\"target\":[\"https:\\\/\\\/www.webdo.tn\\\/fr\\\/actualite\\\/sport\\\/mondiaux-de-natation-ahmed-jaouadi-decroche-l-or-au-1500-m\\\/218245\\\/\"]}]},{\"@type\":\"ImageObject\",\"inLanguage\":\"fr-FR\",\"@id\":\"https:\\\/\\\/www.webdo.tn\\\/fr\\\/actualite\\\/sport\\\/mondiaux-de-natation-ahmed-jaouadi-decroche-l-or-au-1500-m\\\/218245\\\/#primaryimage\",\"url\":\"https:\\\/\\\/www.webdo.tn\\\/fr\\\/wp-content\\\/uploads\\\/2024\\\/12\\\/8be9a57b1d45990b1e5587421982a29e.webp\",\"contentUrl\":\"https:\\\/\\\/www.webdo.tn\\\/fr\\\/wp-content\\\/uploads\\\/2024\\\/12\\\/8be9a57b1d45990b1e5587421982a29e.webp\",\"width\":750,\"height\":400,\"caption\":\"Mondiaux de natation : Ahmed Jaouadi d\u00e9croche l\u2019or au 1500 m\"},{\"@type\":\"BreadcrumbList\",\"@id\":\"https:\\\/\\\/www.webdo.tn\\\/fr\\\/actualite\\\/sport\\\/mondiaux-de-natation-ahmed-jaouadi-decroche-l-or-au-1500-m\\\/218245\\\/#breadcrumb\",\"itemListElement\":[{\"@type\":\"ListItem\",\"position\":1,\"name\":\"Accueil\",\"item\":\"https:\\\/\\\/www.webdo.tn\\\/fr\\\/\"},{\"@type\":\"ListItem\",\"position\":2,\"name\":\"Mondiaux de natation : Ahmed Jaouadi d\u00e9croche l\u2019or au 1500 m\"}]},{\"@type\":\"WebSite\",\"@id\":\"https:\\\/\\\/www.webdo.tn\\\/fr\\\/#website\",\"url\":\"https:\\\/\\\/www.webdo.tn\\\/fr\\\/\",\"name\":\"webdo\",\"description\":\"Tunisie - News en Tunisie et \u00e0 l&#039;international sur Webdo.tn\",\"publisher\":{\"@id\":\"https:\\\/\\\/www.webdo.tn\\\/fr\\\/#organization\"},\"potentialAction\":[{\"@type\":\"SearchAction\",\"target\":{\"@type\":\"EntryPoint\",\"urlTemplate\":\"https:\\\/\\\/www.webdo.tn\\\/fr\\\/?s={search_term_string}\"},\"query-input\":{\"@type\":\"PropertyValueSpecification\",\"valueRequired\":true,\"valueName\":\"search_term_string\"}}],\"inLanguage\":\"fr-FR\"},{\"@type\":\"Organization\",\"@id\":\"https:\\\/\\\/www.webdo.tn\\\/fr\\\/#organization\",\"name\":\"Webdo\",\"alternateName\":\"Webdo.tn\",\"url\":\"https:\\\/\\\/www.webdo.tn\\\/fr\\\/\",\"logo\":{\"@type\":\"ImageObject\",\"inLanguage\":\"fr-FR\",\"@id\":\"https:\\\/\\\/www.webdo.tn\\\/fr\\\/#\\\/schema\\\/logo\\\/image\\\/\",\"url\":\"https:\\\/\\\/www.webdo.tn\\\/fr\\\/wp-content\\\/uploads\\\/2025\\\/06\\\/Webdo-Tunisie_168377.jpg\",\"contentUrl\":\"https:\\\/\\\/www.webdo.tn\\\/fr\\\/wp-content\\\/uploads\\\/2025\\\/06\\\/Webdo-Tunisie_168377.jpg\",\"width\":301,\"height\":301,\"caption\":\"Webdo\"},\"image\":{\"@id\":\"https:\\\/\\\/www.webdo.tn\\\/fr\\\/#\\\/schema\\\/logo\\\/image\\\/\"},\"sameAs\":[\"https:\\\/\\\/www.facebook.com\\\/webdotn\",\"https:\\\/\\\/x.com\\\/webdo_tn\"],\"description\":\"Webdo est un m\u00e9dia num\u00e9rique tunisien fond\u00e9 en 2010, sp\u00e9cialis\u00e9 dans l\u2019actualit\u00e9 nationale et internationale, l\u2019\u00e9conomie, la soci\u00e9t\u00e9 et les analyses politiques. Le site s\u2019adresse \u00e0 un large public francophone et couvre l\u2019information tunisienne en temps r\u00e9el.\",\"email\":\"redac@webdo.tn\",\"legalName\":\"YNJ SARL\",\"foundingDate\":\"2010-09-06\",\"numberOfEmployees\":{\"@type\":\"QuantitativeValue\",\"minValue\":\"11\",\"maxValue\":\"50\"}},{\"@type\":\"Person\",\"@id\":\"https:\\\/\\\/www.webdo.tn\\\/fr\\\/#\\\/schema\\\/person\\\/b8a41c04d93287d375510db360906b34\",\"name\":\"AZ\",\"image\":{\"@type\":\"ImageObject\",\"inLanguage\":\"fr-FR\",\"@id\":\"https:\\\/\\\/secure.gravatar.com\\\/avatar\\\/492b80bada79439de4201dce15cd41eece6c277cfdf1b53382073c79105c1f89?s=96&d=mm&r=g\",\"url\":\"https:\\\/\\\/secure.gravatar.com\\\/avatar\\\/492b80bada79439de4201dce15cd41eece6c277cfdf1b53382073c79105c1f89?s=96&d=mm&r=g\",\"contentUrl\":\"https:\\\/\\\/secure.gravatar.com\\\/avatar\\\/492b80bada79439de4201dce15cd41eece6c277cfdf1b53382073c79105c1f89?s=96&d=mm&r=g\",\"caption\":\"AZ\"},\"url\":\"https:\\\/\\\/www.webdo.tn\\\/fr\\\/actualite\\\/author\\\/az\\\/\"}]}<\/script>\n<!-- \/ Yoast SEO Premium plugin. -->","yoast_head_json":{"title":"Mondiaux de natation : Ahmed Jaouadi d\u00e9croche l\u2019or au 1500 m","description":"Ahmed Jaouadi, triomphe au 1500 m nage libre des Mondiaux \u00e0 Budapest en d\u00e9crochant l'or.","canonical":"https:\/\/www.webdo.tn\/fr\/actualite\/sport\/mondiaux-de-natation-ahmed-jaouadi-decroche-l-or-au-1500-m\/218245\/","og_locale":"fr_FR","og_type":"article","og_title":"Mondiaux de natation : Ahmed Jaouadi d\u00e9croche l\u2019or au 1500 m","og_description":"Ahmed Jaouadi, triomphe au 1500 m nage libre des Mondiaux \u00e0 Budapest en d\u00e9crochant l'or.","og_url":"https:\/\/www.webdo.tn\/fr\/actualite\/sport\/mondiaux-de-natation-ahmed-jaouadi-decroche-l-or-au-1500-m\/218245\/","og_site_name":"webdo","article_publisher":"https:\/\/www.facebook.com\/webdotn","article_published_time":"2024-12-10T20:20:00+00:00","article_modified_time":"2025-05-21T09:08:03+00:00","og_image":[{"width":750,"height":400,"url":"https:\/\/www.webdo.tn\/fr\/wp-content\/uploads\/2024\/12\/8be9a57b1d45990b1e5587421982a29e.webp","type":"image\/webp"}],"author":"AZ","twitter_card":"summary_large_image","twitter_creator":"@webdo_tn","twitter_site":"@webdo_tn","twitter_misc":{"\u00c9crit par":"AZ","Dur\u00e9e de lecture estim\u00e9e":"1 minute"},"schema":{"@context":"https:\/\/schema.org","@graph":[{"@type":"NewsArticle","@id":"https:\/\/www.webdo.tn\/fr\/actualite\/sport\/mondiaux-de-natation-ahmed-jaouadi-decroche-l-or-au-1500-m\/218245\/#article","isPartOf":{"@id":"https:\/\/www.webdo.tn\/fr\/actualite\/sport\/mondiaux-de-natation-ahmed-jaouadi-decroche-l-or-au-1500-m\/218245\/"},"author":{"name":"AZ","@id":"https:\/\/www.webdo.tn\/fr\/#\/schema\/person\/b8a41c04d93287d375510db360906b34"},"headline":"Mondiaux de natation : Ahmed Jaouadi d\u00e9croche l\u2019or au 1500 m","datePublished":"2024-12-10T20:20:00+00:00","dateModified":"2025-05-21T09:08:03+00:00","mainEntityOfPage":{"@id":"https:\/\/www.webdo.tn\/fr\/actualite\/sport\/mondiaux-de-natation-ahmed-jaouadi-decroche-l-or-au-1500-m\/218245\/"},"wordCount":234,"commentCount":0,"publisher":{"@id":"https:\/\/www.webdo.tn\/fr\/#organization"},"image":{"@id":"https:\/\/www.webdo.tn\/fr\/actualite\/sport\/mondiaux-de-natation-ahmed-jaouadi-decroche-l-or-au-1500-m\/218245\/#primaryimage"},"thumbnailUrl":"https:\/\/www.webdo.tn\/fr\/wp-content\/uploads\/2024\/12\/8be9a57b1d45990b1e5587421982a29e.webp","keywords":["'Belhassen Ben Miled']","'rami rahmouni'","Ahmed Jaouadi","budapest","championnat du monde","natation","Tunisie"],"articleSection":["Sport"],"inLanguage":"fr-FR"},{"@type":"WebPage","@id":"https:\/\/www.webdo.tn\/fr\/actualite\/sport\/mondiaux-de-natation-ahmed-jaouadi-decroche-l-or-au-1500-m\/218245\/","url":"https:\/\/www.webdo.tn\/fr\/actualite\/sport\/mondiaux-de-natation-ahmed-jaouadi-decroche-l-or-au-1500-m\/218245\/","name":"Mondiaux de natation : Ahmed Jaouadi d\u00e9croche l\u2019or au 1500 m","isPartOf":{"@id":"https:\/\/www.webdo.tn\/fr\/#website"},"primaryImageOfPage":{"@id":"https:\/\/www.webdo.tn\/fr\/actualite\/sport\/mondiaux-de-natation-ahmed-jaouadi-decroche-l-or-au-1500-m\/218245\/#primaryimage"},"image":{"@id":"https:\/\/www.webdo.tn\/fr\/actualite\/sport\/mondiaux-de-natation-ahmed-jaouadi-decroche-l-or-au-1500-m\/218245\/#primaryimage"},"thumbnailUrl":"https:\/\/www.webdo.tn\/fr\/wp-content\/uploads\/2024\/12\/8be9a57b1d45990b1e5587421982a29e.webp","datePublished":"2024-12-10T20:20:00+00:00","dateModified":"2025-05-21T09:08:03+00:00","description":"Ahmed Jaouadi, triomphe au 1500 m nage libre des Mondiaux \u00e0 Budapest en d\u00e9crochant l'or.","breadcrumb":{"@id":"https:\/\/www.webdo.tn\/fr\/actualite\/sport\/mondiaux-de-natation-ahmed-jaouadi-decroche-l-or-au-1500-m\/218245\/#breadcrumb"},"inLanguage":"fr-FR","potentialAction":[{"@type":"ReadAction","target":["https:\/\/www.webdo.tn\/fr\/actualite\/sport\/mondiaux-de-natation-ahmed-jaouadi-decroche-l-or-au-1500-m\/218245\/"]}]},{"@type":"ImageObject","inLanguage":"fr-FR","@id":"https:\/\/www.webdo.tn\/fr\/actualite\/sport\/mondiaux-de-natation-ahmed-jaouadi-decroche-l-or-au-1500-m\/218245\/#primaryimage","url":"https:\/\/www.webdo.tn\/fr\/wp-content\/uploads\/2024\/12\/8be9a57b1d45990b1e5587421982a29e.webp","contentUrl":"https:\/\/www.webdo.tn\/fr\/wp-content\/uploads\/2024\/12\/8be9a57b1d45990b1e5587421982a29e.webp","width":750,"height":400,"caption":"Mondiaux de natation : Ahmed Jaouadi d\u00e9croche l\u2019or au 1500 m"},{"@type":"BreadcrumbList","@id":"https:\/\/www.webdo.tn\/fr\/actualite\/sport\/mondiaux-de-natation-ahmed-jaouadi-decroche-l-or-au-1500-m\/218245\/#breadcrumb","itemListElement":[{"@type":"ListItem","position":1,"name":"Accueil","item":"https:\/\/www.webdo.tn\/fr\/"},{"@type":"ListItem","position":2,"name":"Mondiaux de natation : Ahmed Jaouadi d\u00e9croche l\u2019or au 1500 m"}]},{"@type":"WebSite","@id":"https:\/\/www.webdo.tn\/fr\/#website","url":"https:\/\/www.webdo.tn\/fr\/","name":"webdo","description":"Tunisie - News en Tunisie et \u00e0 l&#039;international sur Webdo.tn","publisher":{"@id":"https:\/\/www.webdo.tn\/fr\/#organization"},"potentialAction":[{"@type":"SearchAction","target":{"@type":"EntryPoint","urlTemplate":"https:\/\/www.webdo.tn\/fr\/?s={search_term_string}"},"query-input":{"@type":"PropertyValueSpecification","valueRequired":true,"valueName":"search_term_string"}}],"inLanguage":"fr-FR"},{"@type":"Organization","@id":"https:\/\/www.webdo.tn\/fr\/#organization","name":"Webdo","alternateName":"Webdo.tn","url":"https:\/\/www.webdo.tn\/fr\/","logo":{"@type":"ImageObject","inLanguage":"fr-FR","@id":"https:\/\/www.webdo.tn\/fr\/#\/schema\/logo\/image\/","url":"https:\/\/www.webdo.tn\/fr\/wp-content\/uploads\/2025\/06\/Webdo-Tunisie_168377.jpg","contentUrl":"https:\/\/www.webdo.tn\/fr\/wp-content\/uploads\/2025\/06\/Webdo-Tunisie_168377.jpg","width":301,"height":301,"caption":"Webdo"},"image":{"@id":"https:\/\/www.webdo.tn\/fr\/#\/schema\/logo\/image\/"},"sameAs":["https:\/\/www.facebook.com\/webdotn","https:\/\/x.com\/webdo_tn"],"description":"Webdo est un m\u00e9dia num\u00e9rique tunisien fond\u00e9 en 2010, sp\u00e9cialis\u00e9 dans l\u2019actualit\u00e9 nationale et internationale, l\u2019\u00e9conomie, la soci\u00e9t\u00e9 et les analyses politiques. Le site s\u2019adresse \u00e0 un large public francophone et couvre l\u2019information tunisienne en temps r\u00e9el.","email":"redac@webdo.tn","legalName":"YNJ SARL","foundingDate":"2010-09-06","numberOfEmployees":{"@type":"QuantitativeValue","minValue":"11","maxValue":"50"}},{"@type":"Person","@id":"https:\/\/www.webdo.tn\/fr\/#\/schema\/person\/b8a41c04d93287d375510db360906b34","name":"AZ","image":{"@type":"ImageObject","inLanguage":"fr-FR","@id":"https:\/\/secure.gravatar.com\/avatar\/492b80bada79439de4201dce15cd41eece6c277cfdf1b53382073c79105c1f89?s=96&d=mm&r=g","url":"https:\/\/secure.gravatar.com\/avatar\/492b80bada79439de4201dce15cd41eece6c277cfdf1b53382073c79105c1f89?s=96&d=mm&r=g","contentUrl":"https:\/\/secure.gravatar.com\/avatar\/492b80bada79439de4201dce15cd41eece6c277cfdf1b53382073c79105c1f89?s=96&d=mm&r=g","caption":"AZ"},"url":"https:\/\/www.webdo.tn\/fr\/actualite\/author\/az\/"}]}},"_links":{"self":[{"href":"https:\/\/www.webdo.tn\/fr\/wp-json\/wp\/v2\/posts\/218245","targetHints":{"allow":["GET"]}}],"collection":[{"href":"https:\/\/www.webdo.tn\/fr\/wp-json\/wp\/v2\/posts"}],"about":[{"href":"https:\/\/www.webdo.tn\/fr\/wp-json\/wp\/v2\/types\/post"}],"author":[{"embeddable":true,"href":"https:\/\/www.webdo.tn\/fr\/wp-json\/wp\/v2\/users\/3166"}],"replies":[{"embeddable":true,"href":"https:\/\/www.webdo.tn\/fr\/wp-json\/wp\/v2\/comments?post=218245"}],"version-history":[{"count":0,"href":"https:\/\/www.webdo.tn\/fr\/wp-json\/wp\/v2\/posts\/218245\/revisions"}],"wp:featuredmedia":[{"embeddable":true,"href":"https:\/\/www.webdo.tn\/fr\/wp-json\/wp\/v2\/media\/291513"}],"wp:attachment":[{"href":"https:\/\/www.webdo.tn\/fr\/wp-json\/wp\/v2\/media?parent=218245"}],"wp:term":[{"taxonomy":"category","embeddable":true,"href":"https:\/\/www.webdo.tn\/fr\/wp-json\/wp\/v2\/categories?post=218245"},{"taxonomy":"post_tag","embeddable":true,"href":"https:\/\/www.webdo.tn\/fr\/wp-json\/wp\/v2\/tags?post=218245"}],"curies":[{"name":"wp","href":"https:\/\/api.w.org\/{rel}","templated":true}]}}