{"id":218220,"date":"2024-12-09T15:14:00","date_gmt":"2024-12-09T15:14:00","guid":{"rendered":"https:\/\/www.webdo.tn\/fr\/blog\/des-tunisiens-appellent-a-leur-rapatriement-depuis-la-syrie\/218220\/"},"modified":"2025-05-20T22:15:27","modified_gmt":"2025-05-20T22:15:27","slug":"des-tunisiens-appellent-a-leur-rapatriement-depuis-la-syrie","status":"publish","type":"post","link":"https:\/\/www.webdo.tn\/fr\/actualite\/national\/des-tunisiens-appellent-a-leur-rapatriement-depuis-la-syrie\/218220\/","title":{"rendered":"Des Tunisiens appellent \u00e0 leur rapatriement depuis la Syrie"},"content":{"rendered":"<p>Un certain nombre de citoyens tunisiens, bloqu\u00e9s en Syrie, appellent les autorit\u00e9s tunisiennes \u00e0 organiser leur rapatriement. Ces demandes concernent surtout des familles, y compris des femmes et des enfants, se trouvant dans des situations difficiles, parfois dans des camps ou des zones affect\u00e9es par les conflits.<\/p>\n<p>\t\t\t\t\t\t\t\t\tLeur appel met en lumi\u00e8re des conditions humanitaires critiques, ainsi que des pr\u00e9occupations li\u00e9es \u00e0 la s\u00e9curit\u00e9 et au droit international. Les familles demandent une intervention rapide de la part des autorit\u00e9s tunisiennes pour faciliter leur retour en toute s\u00e9curit\u00e9, tout en respectant leurs droits fondamentaux. \u00a0<\/p>\n<p>Ces demandes interviennent dans un contexte de bouleversements politiques et de tensions s\u00e9curitaires. Le r\u00e9gime au pouvoir \u00e9tant tomb\u00e9 en Syrie, les appelants ont exprim\u00e9 leurs craintes pour leur s\u00e9curit\u00e9 et demandent un soutien rapide des autorit\u00e9s tunisiennes pour faciliter leur retour en Tunisie. \u00a0<\/p>\n<p>La chute du r\u00e9gime syrien a amplifi\u00e9 l\u2019urgence de leur demande de rapatriement. Cette situation s\u2019inscrit dans un contexte o\u00f9 des milliers de familles, y compris des ressortissants \u00e9trangers, sont confront\u00e9es \u00e0 l\u2019instabilit\u00e9 politique et aux tensions s\u00e9curitaires exacerb\u00e9es en Syrie.<\/p>\n<p>Beaucoup de Tunisiens pr\u00e9sents en Syrie se retrouvent dans des situations complexes. Parmi eux des familles et des enfants, certains \u00e9tant bloqu\u00e9s dans des camps surpeupl\u00e9s.\u00a0 Mais il y a aussi des anciens combattants ou leurs familles qui avaient rejoint la Syrie pendant le conflit, et leurs proches demandent \u00e0 pr\u00e9sent des solutions humanitaires.\u00a0 Il y a \u00e9galement des Tunisiens ayant v\u00e9cu en Syrie avant ou pendant la guerre pour des raisons professionnelles ou familiales. \u00a0<\/p>\n<p>Sauf que le retour de certains individus, notamment ceux li\u00e9s \u00e0 des groupes arm\u00e9s, soul\u00e8ve des pr\u00e9occupations sur la s\u00e9curit\u00e9. Cela n\u00e9cessite une strat\u00e9gie claire pour leur r\u00e9int\u00e9gration ou, si n\u00e9cessaire, leur traitement judiciaire. \u00a0<\/p>\n<p>La radio Jawhara FM a rapport\u00e9 les propos de Mohamed El-Magraoui, directeur de photographie tunisien, actuellement en Syrie pour le tournage d&rsquo;une production dramatique. En contact avec l\u2019ambassade de Tunisie \u00e0 Damas, il a d\u00e9clar\u00e9 que celle-ci d\u00e9ploie tous les efforts possibles pour lui venir en aide. \u00a0<\/p>\n<p>Il a exprim\u00e9 son souhait de rentrer en Tunisie, soulignant qu&rsquo;environ 100 autres Tunisiens partagent ce m\u00eame d\u00e9sir de retour dans le contexte actuel.<\/p>\n<p>L\u2019ambassade de Tunisie \u00e0 Damas a appel\u00e9 les Tunisiens pr\u00e9sents en Syrie \u00e0 entrer en contact avec elle, particuli\u00e8rement dans ces circonstances d\u00e9licates. Elle a mis \u00e0 disposition les moyens de communication suivants : \u00a0<\/p>\n<p>\tT\u00e9l\u00e9phone : +963 11 613 2701 \u00a0<br \/>\n\tE-mail : [[email\u00a0protected]]<\/p>\n","protected":false},"excerpt":{"rendered":"<p>Un certain nombre de citoyens tunisiens, bloqu\u00e9s en Syrie, appellent les autorit\u00e9s tunisiennes \u00e0 organiser leur rapatriement. Ces demandes concernent surtout de&#8230;<\/p>\n","protected":false},"author":3162,"featured_media":291506,"comment_status":"open","ping_status":"closed","sticky":false,"template":"","format":"standard","meta":{"footnotes":""},"categories":[44],"tags":[5538,3504,2608,3317],"class_list":["post-218220","post","type-post","status-publish","format-standard","has-post-thumbnail","hentry","category-national","tag-rapatriement","tag-syrie","tag-tunisie","tag-tunisiens"],"yoast_head":"<!-- This site is optimized with the Yoast SEO Premium plugin v27.4 (Yoast SEO v27.5) - https:\/\/yoast.com\/product\/yoast-seo-premium-wordpress\/ -->\n<title>Des Tunisiens appellent \u00e0 leur rapatriement depuis la Syrie<\/title>\n<meta name=\"description\" content=\"Un certain nombre de citoyens tunisiens, bloqu\u00e9s en Syrie, appellent les autorit\u00e9s tunisiennes \u00e0 organiser leur rapatriement. Ces demandes concernent surtout de...\" \/>\n<link rel=\"canonical\" href=\"https:\/\/www.webdo.tn\/fr\/actualite\/national\/des-tunisiens-appellent-a-leur-rapatriement-depuis-la-syrie\/218220\/\" \/>\n<meta property=\"og:locale\" content=\"fr_FR\" \/>\n<meta property=\"og:type\" content=\"article\" \/>\n<meta property=\"og:title\" content=\"Des Tunisiens appellent \u00e0 leur rapatriement depuis la Syrie\" \/>\n<meta property=\"og:description\" content=\"Un certain nombre de citoyens tunisiens, bloqu\u00e9s en Syrie, appellent les autorit\u00e9s tunisiennes \u00e0 organiser leur rapatriement. Ces demandes concernent surtout de...\" \/>\n<meta property=\"og:url\" content=\"https:\/\/www.webdo.tn\/fr\/actualite\/national\/des-tunisiens-appellent-a-leur-rapatriement-depuis-la-syrie\/218220\/\" \/>\n<meta property=\"og:site_name\" content=\"webdo\" \/>\n<meta property=\"article:publisher\" content=\"https:\/\/www.facebook.com\/webdotn\" \/>\n<meta property=\"article:published_time\" content=\"2024-12-09T15:14:00+00:00\" \/>\n<meta property=\"article:modified_time\" content=\"2025-05-20T22:15:27+00:00\" \/>\n<meta property=\"og:image\" content=\"https:\/\/www.webdo.tn\/fr\/wp-content\/uploads\/2024\/12\/b0206e510fc2d21b9cdee84966b548b7.webp\" \/>\n\t<meta property=\"og:image:width\" content=\"750\" \/>\n\t<meta property=\"og:image:height\" content=\"400\" \/>\n\t<meta property=\"og:image:type\" content=\"image\/webp\" \/>\n<meta name=\"author\" content=\"MC\" \/>\n<meta name=\"twitter:card\" content=\"summary_large_image\" \/>\n<meta name=\"twitter:creator\" content=\"@webdo_tn\" \/>\n<meta name=\"twitter:site\" content=\"@webdo_tn\" \/>\n<meta name=\"twitter:label1\" content=\"\u00c9crit par\" \/>\n\t<meta name=\"twitter:data1\" content=\"MC\" \/>\n\t<meta name=\"twitter:label2\" content=\"Dur\u00e9e de lecture estim\u00e9e\" \/>\n\t<meta name=\"twitter:data2\" content=\"2 minutes\" \/>\n<script type=\"application\/ld+json\" class=\"yoast-schema-graph\">{\"@context\":\"https:\\\/\\\/schema.org\",\"@graph\":[{\"@type\":\"NewsArticle\",\"@id\":\"https:\\\/\\\/www.webdo.tn\\\/fr\\\/actualite\\\/national\\\/des-tunisiens-appellent-a-leur-rapatriement-depuis-la-syrie\\\/218220\\\/#article\",\"isPartOf\":{\"@id\":\"https:\\\/\\\/www.webdo.tn\\\/fr\\\/actualite\\\/national\\\/des-tunisiens-appellent-a-leur-rapatriement-depuis-la-syrie\\\/218220\\\/\"},\"author\":{\"name\":\"MC\",\"@id\":\"https:\\\/\\\/www.webdo.tn\\\/fr\\\/#\\\/schema\\\/person\\\/2c4929cbf5a809e3bd38617c6ce150f6\"},\"headline\":\"Des Tunisiens appellent \u00e0 leur rapatriement depuis la Syrie\",\"datePublished\":\"2024-12-09T15:14:00+00:00\",\"dateModified\":\"2025-05-20T22:15:27+00:00\",\"mainEntityOfPage\":{\"@id\":\"https:\\\/\\\/www.webdo.tn\\\/fr\\\/actualite\\\/national\\\/des-tunisiens-appellent-a-leur-rapatriement-depuis-la-syrie\\\/218220\\\/\"},\"wordCount\":441,\"commentCount\":0,\"publisher\":{\"@id\":\"https:\\\/\\\/www.webdo.tn\\\/fr\\\/#organization\"},\"image\":{\"@id\":\"https:\\\/\\\/www.webdo.tn\\\/fr\\\/actualite\\\/national\\\/des-tunisiens-appellent-a-leur-rapatriement-depuis-la-syrie\\\/218220\\\/#primaryimage\"},\"thumbnailUrl\":\"https:\\\/\\\/www.webdo.tn\\\/fr\\\/wp-content\\\/uploads\\\/2024\\\/12\\\/b0206e510fc2d21b9cdee84966b548b7.webp\",\"keywords\":[\"rapatriement\",\"syrie\",\"Tunisie\",\"Tunisiens\"],\"articleSection\":[\"National\"],\"inLanguage\":\"fr-FR\"},{\"@type\":\"WebPage\",\"@id\":\"https:\\\/\\\/www.webdo.tn\\\/fr\\\/actualite\\\/national\\\/des-tunisiens-appellent-a-leur-rapatriement-depuis-la-syrie\\\/218220\\\/\",\"url\":\"https:\\\/\\\/www.webdo.tn\\\/fr\\\/actualite\\\/national\\\/des-tunisiens-appellent-a-leur-rapatriement-depuis-la-syrie\\\/218220\\\/\",\"name\":\"Des Tunisiens appellent \u00e0 leur rapatriement depuis la Syrie\",\"isPartOf\":{\"@id\":\"https:\\\/\\\/www.webdo.tn\\\/fr\\\/#website\"},\"primaryImageOfPage\":{\"@id\":\"https:\\\/\\\/www.webdo.tn\\\/fr\\\/actualite\\\/national\\\/des-tunisiens-appellent-a-leur-rapatriement-depuis-la-syrie\\\/218220\\\/#primaryimage\"},\"image\":{\"@id\":\"https:\\\/\\\/www.webdo.tn\\\/fr\\\/actualite\\\/national\\\/des-tunisiens-appellent-a-leur-rapatriement-depuis-la-syrie\\\/218220\\\/#primaryimage\"},\"thumbnailUrl\":\"https:\\\/\\\/www.webdo.tn\\\/fr\\\/wp-content\\\/uploads\\\/2024\\\/12\\\/b0206e510fc2d21b9cdee84966b548b7.webp\",\"datePublished\":\"2024-12-09T15:14:00+00:00\",\"dateModified\":\"2025-05-20T22:15:27+00:00\",\"description\":\"Un certain nombre de citoyens tunisiens, bloqu\u00e9s en Syrie, appellent les autorit\u00e9s tunisiennes \u00e0 organiser leur rapatriement. Ces demandes concernent surtout de...\",\"breadcrumb\":{\"@id\":\"https:\\\/\\\/www.webdo.tn\\\/fr\\\/actualite\\\/national\\\/des-tunisiens-appellent-a-leur-rapatriement-depuis-la-syrie\\\/218220\\\/#breadcrumb\"},\"inLanguage\":\"fr-FR\",\"potentialAction\":[{\"@type\":\"ReadAction\",\"target\":[\"https:\\\/\\\/www.webdo.tn\\\/fr\\\/actualite\\\/national\\\/des-tunisiens-appellent-a-leur-rapatriement-depuis-la-syrie\\\/218220\\\/\"]}]},{\"@type\":\"ImageObject\",\"inLanguage\":\"fr-FR\",\"@id\":\"https:\\\/\\\/www.webdo.tn\\\/fr\\\/actualite\\\/national\\\/des-tunisiens-appellent-a-leur-rapatriement-depuis-la-syrie\\\/218220\\\/#primaryimage\",\"url\":\"https:\\\/\\\/www.webdo.tn\\\/fr\\\/wp-content\\\/uploads\\\/2024\\\/12\\\/b0206e510fc2d21b9cdee84966b548b7.webp\",\"contentUrl\":\"https:\\\/\\\/www.webdo.tn\\\/fr\\\/wp-content\\\/uploads\\\/2024\\\/12\\\/b0206e510fc2d21b9cdee84966b548b7.webp\",\"width\":750,\"height\":400,\"caption\":\"Des Tunisiens appellent \u00e0 leur rapatriement depuis la Syrie\"},{\"@type\":\"BreadcrumbList\",\"@id\":\"https:\\\/\\\/www.webdo.tn\\\/fr\\\/actualite\\\/national\\\/des-tunisiens-appellent-a-leur-rapatriement-depuis-la-syrie\\\/218220\\\/#breadcrumb\",\"itemListElement\":[{\"@type\":\"ListItem\",\"position\":1,\"name\":\"Accueil\",\"item\":\"https:\\\/\\\/www.webdo.tn\\\/fr\\\/\"},{\"@type\":\"ListItem\",\"position\":2,\"name\":\"Des Tunisiens appellent \u00e0 leur rapatriement depuis la Syrie\"}]},{\"@type\":\"WebSite\",\"@id\":\"https:\\\/\\\/www.webdo.tn\\\/fr\\\/#website\",\"url\":\"https:\\\/\\\/www.webdo.tn\\\/fr\\\/\",\"name\":\"webdo\",\"description\":\"Tunisie - News en Tunisie et \u00e0 l&#039;international sur Webdo.tn\",\"publisher\":{\"@id\":\"https:\\\/\\\/www.webdo.tn\\\/fr\\\/#organization\"},\"potentialAction\":[{\"@type\":\"SearchAction\",\"target\":{\"@type\":\"EntryPoint\",\"urlTemplate\":\"https:\\\/\\\/www.webdo.tn\\\/fr\\\/?s={search_term_string}\"},\"query-input\":{\"@type\":\"PropertyValueSpecification\",\"valueRequired\":true,\"valueName\":\"search_term_string\"}}],\"inLanguage\":\"fr-FR\"},{\"@type\":\"Organization\",\"@id\":\"https:\\\/\\\/www.webdo.tn\\\/fr\\\/#organization\",\"name\":\"Webdo\",\"alternateName\":\"Webdo.tn\",\"url\":\"https:\\\/\\\/www.webdo.tn\\\/fr\\\/\",\"logo\":{\"@type\":\"ImageObject\",\"inLanguage\":\"fr-FR\",\"@id\":\"https:\\\/\\\/www.webdo.tn\\\/fr\\\/#\\\/schema\\\/logo\\\/image\\\/\",\"url\":\"https:\\\/\\\/www.webdo.tn\\\/fr\\\/wp-content\\\/uploads\\\/2025\\\/06\\\/Webdo-Tunisie_168377.jpg\",\"contentUrl\":\"https:\\\/\\\/www.webdo.tn\\\/fr\\\/wp-content\\\/uploads\\\/2025\\\/06\\\/Webdo-Tunisie_168377.jpg\",\"width\":301,\"height\":301,\"caption\":\"Webdo\"},\"image\":{\"@id\":\"https:\\\/\\\/www.webdo.tn\\\/fr\\\/#\\\/schema\\\/logo\\\/image\\\/\"},\"sameAs\":[\"https:\\\/\\\/www.facebook.com\\\/webdotn\",\"https:\\\/\\\/x.com\\\/webdo_tn\"],\"description\":\"Webdo est un m\u00e9dia num\u00e9rique tunisien fond\u00e9 en 2010, sp\u00e9cialis\u00e9 dans l\u2019actualit\u00e9 nationale et internationale, l\u2019\u00e9conomie, la soci\u00e9t\u00e9 et les analyses politiques. Le site s\u2019adresse \u00e0 un large public francophone et couvre l\u2019information tunisienne en temps r\u00e9el.\",\"email\":\"redac@webdo.tn\",\"legalName\":\"YNJ SARL\",\"foundingDate\":\"2010-09-06\",\"numberOfEmployees\":{\"@type\":\"QuantitativeValue\",\"minValue\":\"11\",\"maxValue\":\"50\"}},{\"@type\":\"Person\",\"@id\":\"https:\\\/\\\/www.webdo.tn\\\/fr\\\/#\\\/schema\\\/person\\\/2c4929cbf5a809e3bd38617c6ce150f6\",\"name\":\"MC\",\"image\":{\"@type\":\"ImageObject\",\"inLanguage\":\"fr-FR\",\"@id\":\"https:\\\/\\\/secure.gravatar.com\\\/avatar\\\/a545bbb6f84efdd5553dbbc2895e3ca8f1d12c5215e00a041c9670b54aa9b18a?s=96&d=mm&r=g\",\"url\":\"https:\\\/\\\/secure.gravatar.com\\\/avatar\\\/a545bbb6f84efdd5553dbbc2895e3ca8f1d12c5215e00a041c9670b54aa9b18a?s=96&d=mm&r=g\",\"contentUrl\":\"https:\\\/\\\/secure.gravatar.com\\\/avatar\\\/a545bbb6f84efdd5553dbbc2895e3ca8f1d12c5215e00a041c9670b54aa9b18a?s=96&d=mm&r=g\",\"caption\":\"MC\"},\"url\":\"https:\\\/\\\/www.webdo.tn\\\/fr\\\/actualite\\\/author\\\/mc\\\/\"}]}<\/script>\n<!-- \/ Yoast SEO Premium plugin. -->","yoast_head_json":{"title":"Des Tunisiens appellent \u00e0 leur rapatriement depuis la Syrie","description":"Un certain nombre de citoyens tunisiens, bloqu\u00e9s en Syrie, appellent les autorit\u00e9s tunisiennes \u00e0 organiser leur rapatriement. Ces demandes concernent surtout de...","canonical":"https:\/\/www.webdo.tn\/fr\/actualite\/national\/des-tunisiens-appellent-a-leur-rapatriement-depuis-la-syrie\/218220\/","og_locale":"fr_FR","og_type":"article","og_title":"Des Tunisiens appellent \u00e0 leur rapatriement depuis la Syrie","og_description":"Un certain nombre de citoyens tunisiens, bloqu\u00e9s en Syrie, appellent les autorit\u00e9s tunisiennes \u00e0 organiser leur rapatriement. Ces demandes concernent surtout de...","og_url":"https:\/\/www.webdo.tn\/fr\/actualite\/national\/des-tunisiens-appellent-a-leur-rapatriement-depuis-la-syrie\/218220\/","og_site_name":"webdo","article_publisher":"https:\/\/www.facebook.com\/webdotn","article_published_time":"2024-12-09T15:14:00+00:00","article_modified_time":"2025-05-20T22:15:27+00:00","og_image":[{"width":750,"height":400,"url":"https:\/\/www.webdo.tn\/fr\/wp-content\/uploads\/2024\/12\/b0206e510fc2d21b9cdee84966b548b7.webp","type":"image\/webp"}],"author":"MC","twitter_card":"summary_large_image","twitter_creator":"@webdo_tn","twitter_site":"@webdo_tn","twitter_misc":{"\u00c9crit par":"MC","Dur\u00e9e de lecture estim\u00e9e":"2 minutes"},"schema":{"@context":"https:\/\/schema.org","@graph":[{"@type":"NewsArticle","@id":"https:\/\/www.webdo.tn\/fr\/actualite\/national\/des-tunisiens-appellent-a-leur-rapatriement-depuis-la-syrie\/218220\/#article","isPartOf":{"@id":"https:\/\/www.webdo.tn\/fr\/actualite\/national\/des-tunisiens-appellent-a-leur-rapatriement-depuis-la-syrie\/218220\/"},"author":{"name":"MC","@id":"https:\/\/www.webdo.tn\/fr\/#\/schema\/person\/2c4929cbf5a809e3bd38617c6ce150f6"},"headline":"Des Tunisiens appellent \u00e0 leur rapatriement depuis la Syrie","datePublished":"2024-12-09T15:14:00+00:00","dateModified":"2025-05-20T22:15:27+00:00","mainEntityOfPage":{"@id":"https:\/\/www.webdo.tn\/fr\/actualite\/national\/des-tunisiens-appellent-a-leur-rapatriement-depuis-la-syrie\/218220\/"},"wordCount":441,"commentCount":0,"publisher":{"@id":"https:\/\/www.webdo.tn\/fr\/#organization"},"image":{"@id":"https:\/\/www.webdo.tn\/fr\/actualite\/national\/des-tunisiens-appellent-a-leur-rapatriement-depuis-la-syrie\/218220\/#primaryimage"},"thumbnailUrl":"https:\/\/www.webdo.tn\/fr\/wp-content\/uploads\/2024\/12\/b0206e510fc2d21b9cdee84966b548b7.webp","keywords":["rapatriement","syrie","Tunisie","Tunisiens"],"articleSection":["National"],"inLanguage":"fr-FR"},{"@type":"WebPage","@id":"https:\/\/www.webdo.tn\/fr\/actualite\/national\/des-tunisiens-appellent-a-leur-rapatriement-depuis-la-syrie\/218220\/","url":"https:\/\/www.webdo.tn\/fr\/actualite\/national\/des-tunisiens-appellent-a-leur-rapatriement-depuis-la-syrie\/218220\/","name":"Des Tunisiens appellent \u00e0 leur rapatriement depuis la Syrie","isPartOf":{"@id":"https:\/\/www.webdo.tn\/fr\/#website"},"primaryImageOfPage":{"@id":"https:\/\/www.webdo.tn\/fr\/actualite\/national\/des-tunisiens-appellent-a-leur-rapatriement-depuis-la-syrie\/218220\/#primaryimage"},"image":{"@id":"https:\/\/www.webdo.tn\/fr\/actualite\/national\/des-tunisiens-appellent-a-leur-rapatriement-depuis-la-syrie\/218220\/#primaryimage"},"thumbnailUrl":"https:\/\/www.webdo.tn\/fr\/wp-content\/uploads\/2024\/12\/b0206e510fc2d21b9cdee84966b548b7.webp","datePublished":"2024-12-09T15:14:00+00:00","dateModified":"2025-05-20T22:15:27+00:00","description":"Un certain nombre de citoyens tunisiens, bloqu\u00e9s en Syrie, appellent les autorit\u00e9s tunisiennes \u00e0 organiser leur rapatriement. Ces demandes concernent surtout de...","breadcrumb":{"@id":"https:\/\/www.webdo.tn\/fr\/actualite\/national\/des-tunisiens-appellent-a-leur-rapatriement-depuis-la-syrie\/218220\/#breadcrumb"},"inLanguage":"fr-FR","potentialAction":[{"@type":"ReadAction","target":["https:\/\/www.webdo.tn\/fr\/actualite\/national\/des-tunisiens-appellent-a-leur-rapatriement-depuis-la-syrie\/218220\/"]}]},{"@type":"ImageObject","inLanguage":"fr-FR","@id":"https:\/\/www.webdo.tn\/fr\/actualite\/national\/des-tunisiens-appellent-a-leur-rapatriement-depuis-la-syrie\/218220\/#primaryimage","url":"https:\/\/www.webdo.tn\/fr\/wp-content\/uploads\/2024\/12\/b0206e510fc2d21b9cdee84966b548b7.webp","contentUrl":"https:\/\/www.webdo.tn\/fr\/wp-content\/uploads\/2024\/12\/b0206e510fc2d21b9cdee84966b548b7.webp","width":750,"height":400,"caption":"Des Tunisiens appellent \u00e0 leur rapatriement depuis la Syrie"},{"@type":"BreadcrumbList","@id":"https:\/\/www.webdo.tn\/fr\/actualite\/national\/des-tunisiens-appellent-a-leur-rapatriement-depuis-la-syrie\/218220\/#breadcrumb","itemListElement":[{"@type":"ListItem","position":1,"name":"Accueil","item":"https:\/\/www.webdo.tn\/fr\/"},{"@type":"ListItem","position":2,"name":"Des Tunisiens appellent \u00e0 leur rapatriement depuis la Syrie"}]},{"@type":"WebSite","@id":"https:\/\/www.webdo.tn\/fr\/#website","url":"https:\/\/www.webdo.tn\/fr\/","name":"webdo","description":"Tunisie - News en Tunisie et \u00e0 l&#039;international sur Webdo.tn","publisher":{"@id":"https:\/\/www.webdo.tn\/fr\/#organization"},"potentialAction":[{"@type":"SearchAction","target":{"@type":"EntryPoint","urlTemplate":"https:\/\/www.webdo.tn\/fr\/?s={search_term_string}"},"query-input":{"@type":"PropertyValueSpecification","valueRequired":true,"valueName":"search_term_string"}}],"inLanguage":"fr-FR"},{"@type":"Organization","@id":"https:\/\/www.webdo.tn\/fr\/#organization","name":"Webdo","alternateName":"Webdo.tn","url":"https:\/\/www.webdo.tn\/fr\/","logo":{"@type":"ImageObject","inLanguage":"fr-FR","@id":"https:\/\/www.webdo.tn\/fr\/#\/schema\/logo\/image\/","url":"https:\/\/www.webdo.tn\/fr\/wp-content\/uploads\/2025\/06\/Webdo-Tunisie_168377.jpg","contentUrl":"https:\/\/www.webdo.tn\/fr\/wp-content\/uploads\/2025\/06\/Webdo-Tunisie_168377.jpg","width":301,"height":301,"caption":"Webdo"},"image":{"@id":"https:\/\/www.webdo.tn\/fr\/#\/schema\/logo\/image\/"},"sameAs":["https:\/\/www.facebook.com\/webdotn","https:\/\/x.com\/webdo_tn"],"description":"Webdo est un m\u00e9dia num\u00e9rique tunisien fond\u00e9 en 2010, sp\u00e9cialis\u00e9 dans l\u2019actualit\u00e9 nationale et internationale, l\u2019\u00e9conomie, la soci\u00e9t\u00e9 et les analyses politiques. Le site s\u2019adresse \u00e0 un large public francophone et couvre l\u2019information tunisienne en temps r\u00e9el.","email":"redac@webdo.tn","legalName":"YNJ SARL","foundingDate":"2010-09-06","numberOfEmployees":{"@type":"QuantitativeValue","minValue":"11","maxValue":"50"}},{"@type":"Person","@id":"https:\/\/www.webdo.tn\/fr\/#\/schema\/person\/2c4929cbf5a809e3bd38617c6ce150f6","name":"MC","image":{"@type":"ImageObject","inLanguage":"fr-FR","@id":"https:\/\/secure.gravatar.com\/avatar\/a545bbb6f84efdd5553dbbc2895e3ca8f1d12c5215e00a041c9670b54aa9b18a?s=96&d=mm&r=g","url":"https:\/\/secure.gravatar.com\/avatar\/a545bbb6f84efdd5553dbbc2895e3ca8f1d12c5215e00a041c9670b54aa9b18a?s=96&d=mm&r=g","contentUrl":"https:\/\/secure.gravatar.com\/avatar\/a545bbb6f84efdd5553dbbc2895e3ca8f1d12c5215e00a041c9670b54aa9b18a?s=96&d=mm&r=g","caption":"MC"},"url":"https:\/\/www.webdo.tn\/fr\/actualite\/author\/mc\/"}]}},"_links":{"self":[{"href":"https:\/\/www.webdo.tn\/fr\/wp-json\/wp\/v2\/posts\/218220","targetHints":{"allow":["GET"]}}],"collection":[{"href":"https:\/\/www.webdo.tn\/fr\/wp-json\/wp\/v2\/posts"}],"about":[{"href":"https:\/\/www.webdo.tn\/fr\/wp-json\/wp\/v2\/types\/post"}],"author":[{"embeddable":true,"href":"https:\/\/www.webdo.tn\/fr\/wp-json\/wp\/v2\/users\/3162"}],"replies":[{"embeddable":true,"href":"https:\/\/www.webdo.tn\/fr\/wp-json\/wp\/v2\/comments?post=218220"}],"version-history":[{"count":0,"href":"https:\/\/www.webdo.tn\/fr\/wp-json\/wp\/v2\/posts\/218220\/revisions"}],"wp:featuredmedia":[{"embeddable":true,"href":"https:\/\/www.webdo.tn\/fr\/wp-json\/wp\/v2\/media\/291506"}],"wp:attachment":[{"href":"https:\/\/www.webdo.tn\/fr\/wp-json\/wp\/v2\/media?parent=218220"}],"wp:term":[{"taxonomy":"category","embeddable":true,"href":"https:\/\/www.webdo.tn\/fr\/wp-json\/wp\/v2\/categories?post=218220"},{"taxonomy":"post_tag","embeddable":true,"href":"https:\/\/www.webdo.tn\/fr\/wp-json\/wp\/v2\/tags?post=218220"}],"curies":[{"name":"wp","href":"https:\/\/api.w.org\/{rel}","templated":true}]}}