{"id":218213,"date":"2024-12-09T11:39:00","date_gmt":"2024-12-09T11:39:00","guid":{"rendered":"https:\/\/www.webdo.tn\/fr\/blog\/mondiaux-de-natation-jaouadi-ben-milad-et-rahmouni-espoirs-de-la-tunisie\/218213\/"},"modified":"2025-05-20T22:15:26","modified_gmt":"2025-05-20T22:15:26","slug":"mondiaux-de-natation-jaouadi-ben-milad-et-rahmouni-espoirs-de-la-tunisie","status":"publish","type":"post","link":"https:\/\/www.webdo.tn\/fr\/actualite\/sport\/mondiaux-de-natation-jaouadi-ben-milad-et-rahmouni-espoirs-de-la-tunisie\/218213\/","title":{"rendered":"Mondiaux de natation : Jaouadi, Ben Milad et Rahmouni, espoirs de la Tunisie"},"content":{"rendered":"<p>Le Championnat du monde de natation en bassin de 25 m\u00e8tres, se tient \u00e0 Budapest en Hongrie, du 10 au 15 d\u00e9cembre. La Tunisie participe avec trois nageurs : Ahmed Jaouadi, Belhassen Ben Milad et Rami Rahmouni.<\/p>\n<p>\t\t\t\t\t\t\t\t\tLes trois nageurs tunisiens \u00e9volueront dans des comp\u00e9titions diff\u00e9rentes. C\u2019est Belhassen Ben Milad qui sera le premier \u00e0 concourir d\u00e8s demain en participant \u00e0 l\u2019\u00e9preuve du 200 m\u00e8tres quatre nages.<\/p>\n<p>Belhassen Ben Miled<\/p>\n<p>Ahmed Jaouadi, prendra part quant \u00e0 lui aux 1500 m\u00e8tres nage libre, demain mardi 10 d\u00e9cembre. Et jeudi 12 d\u00e9cembre, il participera aux 400 m\u00e8tres nage libre avant d\u2019achever sa participation samedi 14 d\u00e9cembre aux 800 m\u00e8tres nage libre. Rami Rahmouni participera, vendredi \u00e0 cette m\u00eame course.<\/p>\n<p>Dimanche 15 d\u00e9cembre, Rami Rahmouni prendra part aux 200 m\u00e8tres nage libre, alors que Belhassen Ben Milad prendra part aux 400 m\u00e8tres quatre nages.<\/p>\n<p>Rami Rahmouni<\/p>\n","protected":false},"excerpt":{"rendered":"<p>Le Championnat du monde de natation en bassin de 25 m\u00e8tres, se tient \u00e0 Budapest en Hongrie, du 10 au 15 d\u00e9cembre. La Tunisie participe avec trois nageurs : Ahme&#8230;<\/p>\n","protected":false},"author":3162,"featured_media":291500,"comment_status":"open","ping_status":"closed","sticky":false,"template":"","format":"standard","meta":{"footnotes":""},"categories":[2593],"tags":[10735,10734,3253,4785,3252,2608],"class_list":["post-218213","post","type-post","status-publish","format-standard","has-post-thumbnail","hentry","category-sport","tag-belhassen-ben-milad","tag-rami-rahmouni","tag-ahmed-jaouadi","tag-championnat-du-monde","tag-natation","tag-tunisie"],"yoast_head":"<!-- This site is optimized with the Yoast SEO Premium plugin v27.4 (Yoast SEO v27.5) - https:\/\/yoast.com\/product\/yoast-seo-premium-wordpress\/ -->\n<title>Mondiaux de natation : Jaouadi, Ben Milad et Rahmouni, espoirs de la Tunisie<\/title>\n<meta name=\"description\" content=\"Le Championnat du monde de natation en bassin de 25 m\u00e8tres, se tient \u00e0 Budapest en Hongrie, du 10 au 15 d\u00e9cembre. La Tunisie participe avec trois nageurs : Ahme...\" \/>\n<link rel=\"canonical\" href=\"https:\/\/www.webdo.tn\/fr\/actualite\/sport\/mondiaux-de-natation-jaouadi-ben-milad-et-rahmouni-espoirs-de-la-tunisie\/218213\/\" \/>\n<meta property=\"og:locale\" content=\"fr_FR\" \/>\n<meta property=\"og:type\" content=\"article\" \/>\n<meta property=\"og:title\" content=\"Mondiaux de natation : Jaouadi, Ben Milad et Rahmouni, espoirs de la Tunisie\" \/>\n<meta property=\"og:description\" content=\"Le Championnat du monde de natation en bassin de 25 m\u00e8tres, se tient \u00e0 Budapest en Hongrie, du 10 au 15 d\u00e9cembre. La Tunisie participe avec trois nageurs : Ahme...\" \/>\n<meta property=\"og:url\" content=\"https:\/\/www.webdo.tn\/fr\/actualite\/sport\/mondiaux-de-natation-jaouadi-ben-milad-et-rahmouni-espoirs-de-la-tunisie\/218213\/\" \/>\n<meta property=\"og:site_name\" content=\"webdo\" \/>\n<meta property=\"article:publisher\" content=\"https:\/\/www.facebook.com\/webdotn\" \/>\n<meta property=\"article:published_time\" content=\"2024-12-09T11:39:00+00:00\" \/>\n<meta property=\"article:modified_time\" content=\"2025-05-20T22:15:26+00:00\" \/>\n<meta property=\"og:image\" content=\"https:\/\/www.webdo.tn\/fr\/wp-content\/uploads\/2024\/12\/4103b548014a997bcaae68546dbf6172.webp\" \/>\n\t<meta property=\"og:image:width\" content=\"750\" \/>\n\t<meta property=\"og:image:height\" content=\"400\" \/>\n\t<meta property=\"og:image:type\" content=\"image\/webp\" \/>\n<meta name=\"author\" content=\"MC\" \/>\n<meta name=\"twitter:card\" content=\"summary_large_image\" \/>\n<meta name=\"twitter:creator\" content=\"@webdo_tn\" \/>\n<meta name=\"twitter:site\" content=\"@webdo_tn\" \/>\n<meta name=\"twitter:label1\" content=\"\u00c9crit par\" \/>\n\t<meta name=\"twitter:data1\" content=\"MC\" \/>\n\t<meta name=\"twitter:label2\" content=\"Dur\u00e9e de lecture estim\u00e9e\" \/>\n\t<meta name=\"twitter:data2\" content=\"1 minute\" \/>\n<script type=\"application\/ld+json\" class=\"yoast-schema-graph\">{\"@context\":\"https:\\\/\\\/schema.org\",\"@graph\":[{\"@type\":\"NewsArticle\",\"@id\":\"https:\\\/\\\/www.webdo.tn\\\/fr\\\/actualite\\\/sport\\\/mondiaux-de-natation-jaouadi-ben-milad-et-rahmouni-espoirs-de-la-tunisie\\\/218213\\\/#article\",\"isPartOf\":{\"@id\":\"https:\\\/\\\/www.webdo.tn\\\/fr\\\/actualite\\\/sport\\\/mondiaux-de-natation-jaouadi-ben-milad-et-rahmouni-espoirs-de-la-tunisie\\\/218213\\\/\"},\"author\":{\"name\":\"MC\",\"@id\":\"https:\\\/\\\/www.webdo.tn\\\/fr\\\/#\\\/schema\\\/person\\\/2c4929cbf5a809e3bd38617c6ce150f6\"},\"headline\":\"Mondiaux de natation : Jaouadi, Ben Milad et Rahmouni, espoirs de la Tunisie\",\"datePublished\":\"2024-12-09T11:39:00+00:00\",\"dateModified\":\"2025-05-20T22:15:26+00:00\",\"mainEntityOfPage\":{\"@id\":\"https:\\\/\\\/www.webdo.tn\\\/fr\\\/actualite\\\/sport\\\/mondiaux-de-natation-jaouadi-ben-milad-et-rahmouni-espoirs-de-la-tunisie\\\/218213\\\/\"},\"wordCount\":155,\"commentCount\":0,\"publisher\":{\"@id\":\"https:\\\/\\\/www.webdo.tn\\\/fr\\\/#organization\"},\"image\":{\"@id\":\"https:\\\/\\\/www.webdo.tn\\\/fr\\\/actualite\\\/sport\\\/mondiaux-de-natation-jaouadi-ben-milad-et-rahmouni-espoirs-de-la-tunisie\\\/218213\\\/#primaryimage\"},\"thumbnailUrl\":\"https:\\\/\\\/www.webdo.tn\\\/fr\\\/wp-content\\\/uploads\\\/2024\\\/12\\\/4103b548014a997bcaae68546dbf6172.webp\",\"keywords\":[\"'belhassen ben milad']\",\"'rami rahmouni'\",\"Ahmed Jaouadi\",\"championnat du monde\",\"natation\",\"Tunisie\"],\"articleSection\":[\"Sport\"],\"inLanguage\":\"fr-FR\"},{\"@type\":\"WebPage\",\"@id\":\"https:\\\/\\\/www.webdo.tn\\\/fr\\\/actualite\\\/sport\\\/mondiaux-de-natation-jaouadi-ben-milad-et-rahmouni-espoirs-de-la-tunisie\\\/218213\\\/\",\"url\":\"https:\\\/\\\/www.webdo.tn\\\/fr\\\/actualite\\\/sport\\\/mondiaux-de-natation-jaouadi-ben-milad-et-rahmouni-espoirs-de-la-tunisie\\\/218213\\\/\",\"name\":\"Mondiaux de natation : Jaouadi, Ben Milad et Rahmouni, espoirs de la Tunisie\",\"isPartOf\":{\"@id\":\"https:\\\/\\\/www.webdo.tn\\\/fr\\\/#website\"},\"primaryImageOfPage\":{\"@id\":\"https:\\\/\\\/www.webdo.tn\\\/fr\\\/actualite\\\/sport\\\/mondiaux-de-natation-jaouadi-ben-milad-et-rahmouni-espoirs-de-la-tunisie\\\/218213\\\/#primaryimage\"},\"image\":{\"@id\":\"https:\\\/\\\/www.webdo.tn\\\/fr\\\/actualite\\\/sport\\\/mondiaux-de-natation-jaouadi-ben-milad-et-rahmouni-espoirs-de-la-tunisie\\\/218213\\\/#primaryimage\"},\"thumbnailUrl\":\"https:\\\/\\\/www.webdo.tn\\\/fr\\\/wp-content\\\/uploads\\\/2024\\\/12\\\/4103b548014a997bcaae68546dbf6172.webp\",\"datePublished\":\"2024-12-09T11:39:00+00:00\",\"dateModified\":\"2025-05-20T22:15:26+00:00\",\"description\":\"Le Championnat du monde de natation en bassin de 25 m\u00e8tres, se tient \u00e0 Budapest en Hongrie, du 10 au 15 d\u00e9cembre. La Tunisie participe avec trois nageurs : Ahme...\",\"breadcrumb\":{\"@id\":\"https:\\\/\\\/www.webdo.tn\\\/fr\\\/actualite\\\/sport\\\/mondiaux-de-natation-jaouadi-ben-milad-et-rahmouni-espoirs-de-la-tunisie\\\/218213\\\/#breadcrumb\"},\"inLanguage\":\"fr-FR\",\"potentialAction\":[{\"@type\":\"ReadAction\",\"target\":[\"https:\\\/\\\/www.webdo.tn\\\/fr\\\/actualite\\\/sport\\\/mondiaux-de-natation-jaouadi-ben-milad-et-rahmouni-espoirs-de-la-tunisie\\\/218213\\\/\"]}]},{\"@type\":\"ImageObject\",\"inLanguage\":\"fr-FR\",\"@id\":\"https:\\\/\\\/www.webdo.tn\\\/fr\\\/actualite\\\/sport\\\/mondiaux-de-natation-jaouadi-ben-milad-et-rahmouni-espoirs-de-la-tunisie\\\/218213\\\/#primaryimage\",\"url\":\"https:\\\/\\\/www.webdo.tn\\\/fr\\\/wp-content\\\/uploads\\\/2024\\\/12\\\/4103b548014a997bcaae68546dbf6172.webp\",\"contentUrl\":\"https:\\\/\\\/www.webdo.tn\\\/fr\\\/wp-content\\\/uploads\\\/2024\\\/12\\\/4103b548014a997bcaae68546dbf6172.webp\",\"width\":750,\"height\":400,\"caption\":\"Mondiaux de natation : Jaouadi, Ben Milad et Rahmouni, espoirs de la Tunisie\"},{\"@type\":\"BreadcrumbList\",\"@id\":\"https:\\\/\\\/www.webdo.tn\\\/fr\\\/actualite\\\/sport\\\/mondiaux-de-natation-jaouadi-ben-milad-et-rahmouni-espoirs-de-la-tunisie\\\/218213\\\/#breadcrumb\",\"itemListElement\":[{\"@type\":\"ListItem\",\"position\":1,\"name\":\"Accueil\",\"item\":\"https:\\\/\\\/www.webdo.tn\\\/fr\\\/\"},{\"@type\":\"ListItem\",\"position\":2,\"name\":\"Mondiaux de natation : Jaouadi, Ben Milad et Rahmouni, espoirs de la Tunisie\"}]},{\"@type\":\"WebSite\",\"@id\":\"https:\\\/\\\/www.webdo.tn\\\/fr\\\/#website\",\"url\":\"https:\\\/\\\/www.webdo.tn\\\/fr\\\/\",\"name\":\"webdo\",\"description\":\"Tunisie - News en Tunisie et \u00e0 l&#039;international sur Webdo.tn\",\"publisher\":{\"@id\":\"https:\\\/\\\/www.webdo.tn\\\/fr\\\/#organization\"},\"potentialAction\":[{\"@type\":\"SearchAction\",\"target\":{\"@type\":\"EntryPoint\",\"urlTemplate\":\"https:\\\/\\\/www.webdo.tn\\\/fr\\\/?s={search_term_string}\"},\"query-input\":{\"@type\":\"PropertyValueSpecification\",\"valueRequired\":true,\"valueName\":\"search_term_string\"}}],\"inLanguage\":\"fr-FR\"},{\"@type\":\"Organization\",\"@id\":\"https:\\\/\\\/www.webdo.tn\\\/fr\\\/#organization\",\"name\":\"Webdo\",\"alternateName\":\"Webdo.tn\",\"url\":\"https:\\\/\\\/www.webdo.tn\\\/fr\\\/\",\"logo\":{\"@type\":\"ImageObject\",\"inLanguage\":\"fr-FR\",\"@id\":\"https:\\\/\\\/www.webdo.tn\\\/fr\\\/#\\\/schema\\\/logo\\\/image\\\/\",\"url\":\"https:\\\/\\\/www.webdo.tn\\\/fr\\\/wp-content\\\/uploads\\\/2025\\\/06\\\/Webdo-Tunisie_168377.jpg\",\"contentUrl\":\"https:\\\/\\\/www.webdo.tn\\\/fr\\\/wp-content\\\/uploads\\\/2025\\\/06\\\/Webdo-Tunisie_168377.jpg\",\"width\":301,\"height\":301,\"caption\":\"Webdo\"},\"image\":{\"@id\":\"https:\\\/\\\/www.webdo.tn\\\/fr\\\/#\\\/schema\\\/logo\\\/image\\\/\"},\"sameAs\":[\"https:\\\/\\\/www.facebook.com\\\/webdotn\",\"https:\\\/\\\/x.com\\\/webdo_tn\"],\"description\":\"Webdo est un m\u00e9dia num\u00e9rique tunisien fond\u00e9 en 2010, sp\u00e9cialis\u00e9 dans l\u2019actualit\u00e9 nationale et internationale, l\u2019\u00e9conomie, la soci\u00e9t\u00e9 et les analyses politiques. Le site s\u2019adresse \u00e0 un large public francophone et couvre l\u2019information tunisienne en temps r\u00e9el.\",\"email\":\"redac@webdo.tn\",\"legalName\":\"YNJ SARL\",\"foundingDate\":\"2010-09-06\",\"numberOfEmployees\":{\"@type\":\"QuantitativeValue\",\"minValue\":\"11\",\"maxValue\":\"50\"}},{\"@type\":\"Person\",\"@id\":\"https:\\\/\\\/www.webdo.tn\\\/fr\\\/#\\\/schema\\\/person\\\/2c4929cbf5a809e3bd38617c6ce150f6\",\"name\":\"MC\",\"image\":{\"@type\":\"ImageObject\",\"inLanguage\":\"fr-FR\",\"@id\":\"https:\\\/\\\/secure.gravatar.com\\\/avatar\\\/a545bbb6f84efdd5553dbbc2895e3ca8f1d12c5215e00a041c9670b54aa9b18a?s=96&d=mm&r=g\",\"url\":\"https:\\\/\\\/secure.gravatar.com\\\/avatar\\\/a545bbb6f84efdd5553dbbc2895e3ca8f1d12c5215e00a041c9670b54aa9b18a?s=96&d=mm&r=g\",\"contentUrl\":\"https:\\\/\\\/secure.gravatar.com\\\/avatar\\\/a545bbb6f84efdd5553dbbc2895e3ca8f1d12c5215e00a041c9670b54aa9b18a?s=96&d=mm&r=g\",\"caption\":\"MC\"},\"url\":\"https:\\\/\\\/www.webdo.tn\\\/fr\\\/actualite\\\/author\\\/mc\\\/\"}]}<\/script>\n<!-- \/ Yoast SEO Premium plugin. -->","yoast_head_json":{"title":"Mondiaux de natation : Jaouadi, Ben Milad et Rahmouni, espoirs de la Tunisie","description":"Le Championnat du monde de natation en bassin de 25 m\u00e8tres, se tient \u00e0 Budapest en Hongrie, du 10 au 15 d\u00e9cembre. La Tunisie participe avec trois nageurs : Ahme...","canonical":"https:\/\/www.webdo.tn\/fr\/actualite\/sport\/mondiaux-de-natation-jaouadi-ben-milad-et-rahmouni-espoirs-de-la-tunisie\/218213\/","og_locale":"fr_FR","og_type":"article","og_title":"Mondiaux de natation : Jaouadi, Ben Milad et Rahmouni, espoirs de la Tunisie","og_description":"Le Championnat du monde de natation en bassin de 25 m\u00e8tres, se tient \u00e0 Budapest en Hongrie, du 10 au 15 d\u00e9cembre. La Tunisie participe avec trois nageurs : Ahme...","og_url":"https:\/\/www.webdo.tn\/fr\/actualite\/sport\/mondiaux-de-natation-jaouadi-ben-milad-et-rahmouni-espoirs-de-la-tunisie\/218213\/","og_site_name":"webdo","article_publisher":"https:\/\/www.facebook.com\/webdotn","article_published_time":"2024-12-09T11:39:00+00:00","article_modified_time":"2025-05-20T22:15:26+00:00","og_image":[{"width":750,"height":400,"url":"https:\/\/www.webdo.tn\/fr\/wp-content\/uploads\/2024\/12\/4103b548014a997bcaae68546dbf6172.webp","type":"image\/webp"}],"author":"MC","twitter_card":"summary_large_image","twitter_creator":"@webdo_tn","twitter_site":"@webdo_tn","twitter_misc":{"\u00c9crit par":"MC","Dur\u00e9e de lecture estim\u00e9e":"1 minute"},"schema":{"@context":"https:\/\/schema.org","@graph":[{"@type":"NewsArticle","@id":"https:\/\/www.webdo.tn\/fr\/actualite\/sport\/mondiaux-de-natation-jaouadi-ben-milad-et-rahmouni-espoirs-de-la-tunisie\/218213\/#article","isPartOf":{"@id":"https:\/\/www.webdo.tn\/fr\/actualite\/sport\/mondiaux-de-natation-jaouadi-ben-milad-et-rahmouni-espoirs-de-la-tunisie\/218213\/"},"author":{"name":"MC","@id":"https:\/\/www.webdo.tn\/fr\/#\/schema\/person\/2c4929cbf5a809e3bd38617c6ce150f6"},"headline":"Mondiaux de natation : Jaouadi, Ben Milad et Rahmouni, espoirs de la Tunisie","datePublished":"2024-12-09T11:39:00+00:00","dateModified":"2025-05-20T22:15:26+00:00","mainEntityOfPage":{"@id":"https:\/\/www.webdo.tn\/fr\/actualite\/sport\/mondiaux-de-natation-jaouadi-ben-milad-et-rahmouni-espoirs-de-la-tunisie\/218213\/"},"wordCount":155,"commentCount":0,"publisher":{"@id":"https:\/\/www.webdo.tn\/fr\/#organization"},"image":{"@id":"https:\/\/www.webdo.tn\/fr\/actualite\/sport\/mondiaux-de-natation-jaouadi-ben-milad-et-rahmouni-espoirs-de-la-tunisie\/218213\/#primaryimage"},"thumbnailUrl":"https:\/\/www.webdo.tn\/fr\/wp-content\/uploads\/2024\/12\/4103b548014a997bcaae68546dbf6172.webp","keywords":["'belhassen ben milad']","'rami rahmouni'","Ahmed Jaouadi","championnat du monde","natation","Tunisie"],"articleSection":["Sport"],"inLanguage":"fr-FR"},{"@type":"WebPage","@id":"https:\/\/www.webdo.tn\/fr\/actualite\/sport\/mondiaux-de-natation-jaouadi-ben-milad-et-rahmouni-espoirs-de-la-tunisie\/218213\/","url":"https:\/\/www.webdo.tn\/fr\/actualite\/sport\/mondiaux-de-natation-jaouadi-ben-milad-et-rahmouni-espoirs-de-la-tunisie\/218213\/","name":"Mondiaux de natation : Jaouadi, Ben Milad et Rahmouni, espoirs de la Tunisie","isPartOf":{"@id":"https:\/\/www.webdo.tn\/fr\/#website"},"primaryImageOfPage":{"@id":"https:\/\/www.webdo.tn\/fr\/actualite\/sport\/mondiaux-de-natation-jaouadi-ben-milad-et-rahmouni-espoirs-de-la-tunisie\/218213\/#primaryimage"},"image":{"@id":"https:\/\/www.webdo.tn\/fr\/actualite\/sport\/mondiaux-de-natation-jaouadi-ben-milad-et-rahmouni-espoirs-de-la-tunisie\/218213\/#primaryimage"},"thumbnailUrl":"https:\/\/www.webdo.tn\/fr\/wp-content\/uploads\/2024\/12\/4103b548014a997bcaae68546dbf6172.webp","datePublished":"2024-12-09T11:39:00+00:00","dateModified":"2025-05-20T22:15:26+00:00","description":"Le Championnat du monde de natation en bassin de 25 m\u00e8tres, se tient \u00e0 Budapest en Hongrie, du 10 au 15 d\u00e9cembre. La Tunisie participe avec trois nageurs : Ahme...","breadcrumb":{"@id":"https:\/\/www.webdo.tn\/fr\/actualite\/sport\/mondiaux-de-natation-jaouadi-ben-milad-et-rahmouni-espoirs-de-la-tunisie\/218213\/#breadcrumb"},"inLanguage":"fr-FR","potentialAction":[{"@type":"ReadAction","target":["https:\/\/www.webdo.tn\/fr\/actualite\/sport\/mondiaux-de-natation-jaouadi-ben-milad-et-rahmouni-espoirs-de-la-tunisie\/218213\/"]}]},{"@type":"ImageObject","inLanguage":"fr-FR","@id":"https:\/\/www.webdo.tn\/fr\/actualite\/sport\/mondiaux-de-natation-jaouadi-ben-milad-et-rahmouni-espoirs-de-la-tunisie\/218213\/#primaryimage","url":"https:\/\/www.webdo.tn\/fr\/wp-content\/uploads\/2024\/12\/4103b548014a997bcaae68546dbf6172.webp","contentUrl":"https:\/\/www.webdo.tn\/fr\/wp-content\/uploads\/2024\/12\/4103b548014a997bcaae68546dbf6172.webp","width":750,"height":400,"caption":"Mondiaux de natation : Jaouadi, Ben Milad et Rahmouni, espoirs de la Tunisie"},{"@type":"BreadcrumbList","@id":"https:\/\/www.webdo.tn\/fr\/actualite\/sport\/mondiaux-de-natation-jaouadi-ben-milad-et-rahmouni-espoirs-de-la-tunisie\/218213\/#breadcrumb","itemListElement":[{"@type":"ListItem","position":1,"name":"Accueil","item":"https:\/\/www.webdo.tn\/fr\/"},{"@type":"ListItem","position":2,"name":"Mondiaux de natation : Jaouadi, Ben Milad et Rahmouni, espoirs de la Tunisie"}]},{"@type":"WebSite","@id":"https:\/\/www.webdo.tn\/fr\/#website","url":"https:\/\/www.webdo.tn\/fr\/","name":"webdo","description":"Tunisie - News en Tunisie et \u00e0 l&#039;international sur Webdo.tn","publisher":{"@id":"https:\/\/www.webdo.tn\/fr\/#organization"},"potentialAction":[{"@type":"SearchAction","target":{"@type":"EntryPoint","urlTemplate":"https:\/\/www.webdo.tn\/fr\/?s={search_term_string}"},"query-input":{"@type":"PropertyValueSpecification","valueRequired":true,"valueName":"search_term_string"}}],"inLanguage":"fr-FR"},{"@type":"Organization","@id":"https:\/\/www.webdo.tn\/fr\/#organization","name":"Webdo","alternateName":"Webdo.tn","url":"https:\/\/www.webdo.tn\/fr\/","logo":{"@type":"ImageObject","inLanguage":"fr-FR","@id":"https:\/\/www.webdo.tn\/fr\/#\/schema\/logo\/image\/","url":"https:\/\/www.webdo.tn\/fr\/wp-content\/uploads\/2025\/06\/Webdo-Tunisie_168377.jpg","contentUrl":"https:\/\/www.webdo.tn\/fr\/wp-content\/uploads\/2025\/06\/Webdo-Tunisie_168377.jpg","width":301,"height":301,"caption":"Webdo"},"image":{"@id":"https:\/\/www.webdo.tn\/fr\/#\/schema\/logo\/image\/"},"sameAs":["https:\/\/www.facebook.com\/webdotn","https:\/\/x.com\/webdo_tn"],"description":"Webdo est un m\u00e9dia num\u00e9rique tunisien fond\u00e9 en 2010, sp\u00e9cialis\u00e9 dans l\u2019actualit\u00e9 nationale et internationale, l\u2019\u00e9conomie, la soci\u00e9t\u00e9 et les analyses politiques. Le site s\u2019adresse \u00e0 un large public francophone et couvre l\u2019information tunisienne en temps r\u00e9el.","email":"redac@webdo.tn","legalName":"YNJ SARL","foundingDate":"2010-09-06","numberOfEmployees":{"@type":"QuantitativeValue","minValue":"11","maxValue":"50"}},{"@type":"Person","@id":"https:\/\/www.webdo.tn\/fr\/#\/schema\/person\/2c4929cbf5a809e3bd38617c6ce150f6","name":"MC","image":{"@type":"ImageObject","inLanguage":"fr-FR","@id":"https:\/\/secure.gravatar.com\/avatar\/a545bbb6f84efdd5553dbbc2895e3ca8f1d12c5215e00a041c9670b54aa9b18a?s=96&d=mm&r=g","url":"https:\/\/secure.gravatar.com\/avatar\/a545bbb6f84efdd5553dbbc2895e3ca8f1d12c5215e00a041c9670b54aa9b18a?s=96&d=mm&r=g","contentUrl":"https:\/\/secure.gravatar.com\/avatar\/a545bbb6f84efdd5553dbbc2895e3ca8f1d12c5215e00a041c9670b54aa9b18a?s=96&d=mm&r=g","caption":"MC"},"url":"https:\/\/www.webdo.tn\/fr\/actualite\/author\/mc\/"}]}},"_links":{"self":[{"href":"https:\/\/www.webdo.tn\/fr\/wp-json\/wp\/v2\/posts\/218213","targetHints":{"allow":["GET"]}}],"collection":[{"href":"https:\/\/www.webdo.tn\/fr\/wp-json\/wp\/v2\/posts"}],"about":[{"href":"https:\/\/www.webdo.tn\/fr\/wp-json\/wp\/v2\/types\/post"}],"author":[{"embeddable":true,"href":"https:\/\/www.webdo.tn\/fr\/wp-json\/wp\/v2\/users\/3162"}],"replies":[{"embeddable":true,"href":"https:\/\/www.webdo.tn\/fr\/wp-json\/wp\/v2\/comments?post=218213"}],"version-history":[{"count":0,"href":"https:\/\/www.webdo.tn\/fr\/wp-json\/wp\/v2\/posts\/218213\/revisions"}],"wp:featuredmedia":[{"embeddable":true,"href":"https:\/\/www.webdo.tn\/fr\/wp-json\/wp\/v2\/media\/291500"}],"wp:attachment":[{"href":"https:\/\/www.webdo.tn\/fr\/wp-json\/wp\/v2\/media?parent=218213"}],"wp:term":[{"taxonomy":"category","embeddable":true,"href":"https:\/\/www.webdo.tn\/fr\/wp-json\/wp\/v2\/categories?post=218213"},{"taxonomy":"post_tag","embeddable":true,"href":"https:\/\/www.webdo.tn\/fr\/wp-json\/wp\/v2\/tags?post=218213"}],"curies":[{"name":"wp","href":"https:\/\/api.w.org\/{rel}","templated":true}]}}