{"id":218210,"date":"2024-12-09T10:57:00","date_gmt":"2024-12-09T10:57:00","guid":{"rendered":"https:\/\/www.webdo.tn\/fr\/blog\/2024\/12\/09\/championnat-du-monde-de-petanque-la-tunisie-decroche-le-bronze\/"},"modified":"2025-05-20T21:45:38","modified_gmt":"2025-05-20T21:45:38","slug":"championnat-du-monde-de-petanque-la-tunisie-decroche-le-bronze","status":"publish","type":"post","link":"https:\/\/www.webdo.tn\/fr\/actualite\/sport\/championnat-du-monde-de-petanque-la-tunisie-decroche-le-bronze\/218210\/","title":{"rendered":"Championnat du monde de p\u00e9tanque : La Tunisie d\u00e9croche le bronze"},"content":{"rendered":"<p>Beau parcours de l\u2019\u00e9quipe nationale de p\u00e9tanque lors du Championnat du monde qui s\u2019est d\u00e9roul\u00e9 \u00e0 Dijon, en France, du 5 au 8 d\u00e9cembre.<\/p>\n<p>\t\t\t\t\t\t\t\t\tLa s\u00e9lection nationale, compos\u00e9e de Mohamed Khaled Bougriba, Majdi Hammami, Sofien Ben Brahim et Lassad El May, s\u2019est effet illustr\u00e9e en d\u00e9crochant la m\u00e9daille de bronze en triplette.<\/p>\n<p>La s\u00e9lection tunisienne a d\u00e9marr\u00e9 la comp\u00e9tition par quatre victoires en battant la Finlande, le Liban, le Cambodge et l\u2019Argentine, et en conc\u00e9dant une seule d\u00e9faite face \u00e0 la France. Ce parcours lui a permis d\u2019acc\u00e9der aux huiti\u00e8mes de finale apr\u00e8s une nouvelle victoire face \u00e0 la Malaisie et une d\u00e9faite face \u00e0 Madagascar, finissant deuxi\u00e8me de son groupe.<\/p>\n<p>En huiti\u00e8mes de finale, la Tunisie a battu l\u2019Allemagne avant d\u2019\u00e9liminer le Luxembourg en quarts de finale. Battue, hier, en demi-finale par l\u2019Italie, la s\u00e9lection tunisienne se contentera donc de la m\u00e9daille de bronze.<\/p>\n<p>Dans un autre registre, Raed Karoui, qui a particip\u00e9 au Championnat du monde de p\u00e9tanque jeunes en jeu traditionnel, organis\u00e9 \u00e0 Porto Rico a d\u00e9croch\u00e9 la m\u00e9daille d\u2019argent en tir de pr\u00e9cision et la m\u00e9daille de bronze en t\u00eate-\u00e0-t\u00eate (-18 ans) alors qu\u2019Oussama Balti s\u2019est s\u2019adjug\u00e9 la m\u00e9daille de bronze en combin\u00e9 (-23 ans).<\/p>\n","protected":false},"excerpt":{"rendered":"<p>Beau parcours de l\u2019\u00e9quipe nationale de p\u00e9tanque lors du Championnat du monde qui s\u2019est d\u00e9roul\u00e9 \u00e0 Dijon, en France, du 5 au 8 d\u00e9cembre.<\/p>\n","protected":false},"author":3162,"featured_media":243568,"comment_status":"open","ping_status":"open","sticky":false,"template":"","format":"standard","meta":{"footnotes":""},"categories":[2593],"tags":[4785,3518,4786,2608],"class_list":["post-218210","post","type-post","status-publish","format-standard","has-post-thumbnail","hentry","category-sport","tag-championnat-du-monde","tag-medaille-de-bronze","tag-petanque","tag-tunisie"],"yoast_head":"<!-- This site is optimized with the Yoast SEO Premium plugin v27.5 (Yoast SEO v27.5) - https:\/\/yoast.com\/product\/yoast-seo-premium-wordpress\/ -->\n<title>Championnat du monde de p\u00e9tanque : La Tunisie d\u00e9croche le bronze<\/title>\n<meta name=\"description\" content=\"Beau parcours de l\u2019\u00e9quipe nationale de p\u00e9tanque lors du Championnat du monde qui s\u2019est d\u00e9roul\u00e9 \u00e0 Dijon, en France, du 5 au 8 d\u00e9cembre.\" \/>\n<link rel=\"canonical\" href=\"https:\/\/www.webdo.tn\/fr\/actualite\/sport\/championnat-du-monde-de-petanque-la-tunisie-decroche-le-bronze\/218210\/\" \/>\n<meta property=\"og:locale\" content=\"fr_FR\" \/>\n<meta property=\"og:type\" content=\"article\" \/>\n<meta property=\"og:title\" content=\"Championnat du monde de p\u00e9tanque : La Tunisie d\u00e9croche le bronze\" \/>\n<meta property=\"og:description\" content=\"Beau parcours de l\u2019\u00e9quipe nationale de p\u00e9tanque lors du Championnat du monde qui s\u2019est d\u00e9roul\u00e9 \u00e0 Dijon, en France, du 5 au 8 d\u00e9cembre.\" \/>\n<meta property=\"og:url\" content=\"https:\/\/www.webdo.tn\/fr\/actualite\/sport\/championnat-du-monde-de-petanque-la-tunisie-decroche-le-bronze\/218210\/\" \/>\n<meta property=\"og:site_name\" content=\"webdo\" \/>\n<meta property=\"article:publisher\" content=\"https:\/\/www.facebook.com\/webdotn\" \/>\n<meta property=\"article:published_time\" content=\"2024-12-09T10:57:00+00:00\" \/>\n<meta property=\"article:modified_time\" content=\"2025-05-20T21:45:38+00:00\" \/>\n<meta property=\"og:image\" content=\"https:\/\/www.webdo.tn\/fr\/wp-content\/uploads\/2025\/05\/78d34c1c47c65b7fce1ae580a3993a01-2.webp\" \/>\n\t<meta property=\"og:image:width\" content=\"750\" \/>\n\t<meta property=\"og:image:height\" content=\"400\" \/>\n\t<meta property=\"og:image:type\" content=\"image\/webp\" \/>\n<meta name=\"author\" content=\"MC\" \/>\n<meta name=\"twitter:card\" content=\"summary_large_image\" \/>\n<meta name=\"twitter:creator\" content=\"@webdo_tn\" \/>\n<meta name=\"twitter:site\" content=\"@webdo_tn\" \/>\n<meta name=\"twitter:label1\" content=\"\u00c9crit par\" \/>\n\t<meta name=\"twitter:data1\" content=\"MC\" \/>\n\t<meta name=\"twitter:label2\" content=\"Dur\u00e9e de lecture estim\u00e9e\" \/>\n\t<meta name=\"twitter:data2\" content=\"1 minute\" \/>\n<script type=\"application\/ld+json\" class=\"yoast-schema-graph\">{\"@context\":\"https:\\\/\\\/schema.org\",\"@graph\":[{\"@type\":\"NewsArticle\",\"@id\":\"https:\\\/\\\/www.webdo.tn\\\/fr\\\/actualite\\\/sport\\\/championnat-du-monde-de-petanque-la-tunisie-decroche-le-bronze\\\/218210\\\/#article\",\"isPartOf\":{\"@id\":\"https:\\\/\\\/www.webdo.tn\\\/fr\\\/actualite\\\/sport\\\/championnat-du-monde-de-petanque-la-tunisie-decroche-le-bronze\\\/218210\\\/\"},\"author\":{\"name\":\"MC\",\"@id\":\"https:\\\/\\\/www.webdo.tn\\\/fr\\\/#\\\/schema\\\/person\\\/2c4929cbf5a809e3bd38617c6ce150f6\"},\"headline\":\"Championnat du monde de p\u00e9tanque : La Tunisie d\u00e9croche le bronze\",\"datePublished\":\"2024-12-09T10:57:00+00:00\",\"dateModified\":\"2025-05-20T21:45:38+00:00\",\"mainEntityOfPage\":{\"@id\":\"https:\\\/\\\/www.webdo.tn\\\/fr\\\/actualite\\\/sport\\\/championnat-du-monde-de-petanque-la-tunisie-decroche-le-bronze\\\/218210\\\/\"},\"wordCount\":246,\"commentCount\":0,\"publisher\":{\"@id\":\"https:\\\/\\\/www.webdo.tn\\\/fr\\\/#organization\"},\"image\":{\"@id\":\"https:\\\/\\\/www.webdo.tn\\\/fr\\\/actualite\\\/sport\\\/championnat-du-monde-de-petanque-la-tunisie-decroche-le-bronze\\\/218210\\\/#primaryimage\"},\"thumbnailUrl\":\"https:\\\/\\\/www.webdo.tn\\\/fr\\\/wp-content\\\/uploads\\\/2025\\\/05\\\/78d34c1c47c65b7fce1ae580a3993a01-2.webp\",\"keywords\":[\"championnat du monde\",\"m\u00e9daille de bronze\",\"p\u00e9tanque\",\"Tunisie\"],\"articleSection\":[\"Sport\"],\"inLanguage\":\"fr-FR\"},{\"@type\":\"WebPage\",\"@id\":\"https:\\\/\\\/www.webdo.tn\\\/fr\\\/actualite\\\/sport\\\/championnat-du-monde-de-petanque-la-tunisie-decroche-le-bronze\\\/218210\\\/\",\"url\":\"https:\\\/\\\/www.webdo.tn\\\/fr\\\/actualite\\\/sport\\\/championnat-du-monde-de-petanque-la-tunisie-decroche-le-bronze\\\/218210\\\/\",\"name\":\"Championnat du monde de p\u00e9tanque : La Tunisie d\u00e9croche le bronze\",\"isPartOf\":{\"@id\":\"https:\\\/\\\/www.webdo.tn\\\/fr\\\/#website\"},\"primaryImageOfPage\":{\"@id\":\"https:\\\/\\\/www.webdo.tn\\\/fr\\\/actualite\\\/sport\\\/championnat-du-monde-de-petanque-la-tunisie-decroche-le-bronze\\\/218210\\\/#primaryimage\"},\"image\":{\"@id\":\"https:\\\/\\\/www.webdo.tn\\\/fr\\\/actualite\\\/sport\\\/championnat-du-monde-de-petanque-la-tunisie-decroche-le-bronze\\\/218210\\\/#primaryimage\"},\"thumbnailUrl\":\"https:\\\/\\\/www.webdo.tn\\\/fr\\\/wp-content\\\/uploads\\\/2025\\\/05\\\/78d34c1c47c65b7fce1ae580a3993a01-2.webp\",\"datePublished\":\"2024-12-09T10:57:00+00:00\",\"dateModified\":\"2025-05-20T21:45:38+00:00\",\"description\":\"Beau parcours de l\u2019\u00e9quipe nationale de p\u00e9tanque lors du Championnat du monde qui s\u2019est d\u00e9roul\u00e9 \u00e0 Dijon, en France, du 5 au 8 d\u00e9cembre.\",\"breadcrumb\":{\"@id\":\"https:\\\/\\\/www.webdo.tn\\\/fr\\\/actualite\\\/sport\\\/championnat-du-monde-de-petanque-la-tunisie-decroche-le-bronze\\\/218210\\\/#breadcrumb\"},\"inLanguage\":\"fr-FR\",\"potentialAction\":[{\"@type\":\"ReadAction\",\"target\":[\"https:\\\/\\\/www.webdo.tn\\\/fr\\\/actualite\\\/sport\\\/championnat-du-monde-de-petanque-la-tunisie-decroche-le-bronze\\\/218210\\\/\"]}]},{\"@type\":\"ImageObject\",\"inLanguage\":\"fr-FR\",\"@id\":\"https:\\\/\\\/www.webdo.tn\\\/fr\\\/actualite\\\/sport\\\/championnat-du-monde-de-petanque-la-tunisie-decroche-le-bronze\\\/218210\\\/#primaryimage\",\"url\":\"https:\\\/\\\/www.webdo.tn\\\/fr\\\/wp-content\\\/uploads\\\/2025\\\/05\\\/78d34c1c47c65b7fce1ae580a3993a01-2.webp\",\"contentUrl\":\"https:\\\/\\\/www.webdo.tn\\\/fr\\\/wp-content\\\/uploads\\\/2025\\\/05\\\/78d34c1c47c65b7fce1ae580a3993a01-2.webp\",\"width\":750,\"height\":400},{\"@type\":\"BreadcrumbList\",\"@id\":\"https:\\\/\\\/www.webdo.tn\\\/fr\\\/actualite\\\/sport\\\/championnat-du-monde-de-petanque-la-tunisie-decroche-le-bronze\\\/218210\\\/#breadcrumb\",\"itemListElement\":[{\"@type\":\"ListItem\",\"position\":1,\"name\":\"Accueil\",\"item\":\"https:\\\/\\\/www.webdo.tn\\\/fr\\\/\"},{\"@type\":\"ListItem\",\"position\":2,\"name\":\"Championnat du monde de p\u00e9tanque : La Tunisie d\u00e9croche le bronze\"}]},{\"@type\":\"WebSite\",\"@id\":\"https:\\\/\\\/www.webdo.tn\\\/fr\\\/#website\",\"url\":\"https:\\\/\\\/www.webdo.tn\\\/fr\\\/\",\"name\":\"webdo\",\"description\":\"Tunisie - News en Tunisie et \u00e0 l&#039;international sur Webdo.tn\",\"publisher\":{\"@id\":\"https:\\\/\\\/www.webdo.tn\\\/fr\\\/#organization\"},\"potentialAction\":[{\"@type\":\"SearchAction\",\"target\":{\"@type\":\"EntryPoint\",\"urlTemplate\":\"https:\\\/\\\/www.webdo.tn\\\/fr\\\/?s={search_term_string}\"},\"query-input\":{\"@type\":\"PropertyValueSpecification\",\"valueRequired\":true,\"valueName\":\"search_term_string\"}}],\"inLanguage\":\"fr-FR\"},{\"@type\":\"Organization\",\"@id\":\"https:\\\/\\\/www.webdo.tn\\\/fr\\\/#organization\",\"name\":\"Webdo\",\"alternateName\":\"Webdo.tn\",\"url\":\"https:\\\/\\\/www.webdo.tn\\\/fr\\\/\",\"logo\":{\"@type\":\"ImageObject\",\"inLanguage\":\"fr-FR\",\"@id\":\"https:\\\/\\\/www.webdo.tn\\\/fr\\\/#\\\/schema\\\/logo\\\/image\\\/\",\"url\":\"https:\\\/\\\/www.webdo.tn\\\/fr\\\/wp-content\\\/uploads\\\/2025\\\/06\\\/Webdo-Tunisie_168377.jpg\",\"contentUrl\":\"https:\\\/\\\/www.webdo.tn\\\/fr\\\/wp-content\\\/uploads\\\/2025\\\/06\\\/Webdo-Tunisie_168377.jpg\",\"width\":301,\"height\":301,\"caption\":\"Webdo\"},\"image\":{\"@id\":\"https:\\\/\\\/www.webdo.tn\\\/fr\\\/#\\\/schema\\\/logo\\\/image\\\/\"},\"sameAs\":[\"https:\\\/\\\/www.facebook.com\\\/webdotn\",\"https:\\\/\\\/x.com\\\/webdo_tn\"],\"description\":\"Webdo est un m\u00e9dia num\u00e9rique tunisien fond\u00e9 en 2010, sp\u00e9cialis\u00e9 dans l\u2019actualit\u00e9 nationale et internationale, l\u2019\u00e9conomie, la soci\u00e9t\u00e9 et les analyses politiques. Le site s\u2019adresse \u00e0 un large public francophone et couvre l\u2019information tunisienne en temps r\u00e9el.\",\"email\":\"redac@webdo.tn\",\"legalName\":\"YNJ SARL\",\"foundingDate\":\"2010-09-06\",\"numberOfEmployees\":{\"@type\":\"QuantitativeValue\",\"minValue\":\"11\",\"maxValue\":\"50\"}},{\"@type\":\"Person\",\"@id\":\"https:\\\/\\\/www.webdo.tn\\\/fr\\\/#\\\/schema\\\/person\\\/2c4929cbf5a809e3bd38617c6ce150f6\",\"name\":\"MC\",\"image\":{\"@type\":\"ImageObject\",\"inLanguage\":\"fr-FR\",\"@id\":\"https:\\\/\\\/secure.gravatar.com\\\/avatar\\\/a545bbb6f84efdd5553dbbc2895e3ca8f1d12c5215e00a041c9670b54aa9b18a?s=96&d=mm&r=g\",\"url\":\"https:\\\/\\\/secure.gravatar.com\\\/avatar\\\/a545bbb6f84efdd5553dbbc2895e3ca8f1d12c5215e00a041c9670b54aa9b18a?s=96&d=mm&r=g\",\"contentUrl\":\"https:\\\/\\\/secure.gravatar.com\\\/avatar\\\/a545bbb6f84efdd5553dbbc2895e3ca8f1d12c5215e00a041c9670b54aa9b18a?s=96&d=mm&r=g\",\"caption\":\"MC\"},\"url\":\"https:\\\/\\\/www.webdo.tn\\\/fr\\\/actualite\\\/author\\\/mc\\\/\"}]}<\/script>\n<!-- \/ Yoast SEO Premium plugin. -->","yoast_head_json":{"title":"Championnat du monde de p\u00e9tanque : La Tunisie d\u00e9croche le bronze","description":"Beau parcours de l\u2019\u00e9quipe nationale de p\u00e9tanque lors du Championnat du monde qui s\u2019est d\u00e9roul\u00e9 \u00e0 Dijon, en France, du 5 au 8 d\u00e9cembre.","canonical":"https:\/\/www.webdo.tn\/fr\/actualite\/sport\/championnat-du-monde-de-petanque-la-tunisie-decroche-le-bronze\/218210\/","og_locale":"fr_FR","og_type":"article","og_title":"Championnat du monde de p\u00e9tanque : La Tunisie d\u00e9croche le bronze","og_description":"Beau parcours de l\u2019\u00e9quipe nationale de p\u00e9tanque lors du Championnat du monde qui s\u2019est d\u00e9roul\u00e9 \u00e0 Dijon, en France, du 5 au 8 d\u00e9cembre.","og_url":"https:\/\/www.webdo.tn\/fr\/actualite\/sport\/championnat-du-monde-de-petanque-la-tunisie-decroche-le-bronze\/218210\/","og_site_name":"webdo","article_publisher":"https:\/\/www.facebook.com\/webdotn","article_published_time":"2024-12-09T10:57:00+00:00","article_modified_time":"2025-05-20T21:45:38+00:00","og_image":[{"width":750,"height":400,"url":"https:\/\/www.webdo.tn\/fr\/wp-content\/uploads\/2025\/05\/78d34c1c47c65b7fce1ae580a3993a01-2.webp","type":"image\/webp"}],"author":"MC","twitter_card":"summary_large_image","twitter_creator":"@webdo_tn","twitter_site":"@webdo_tn","twitter_misc":{"\u00c9crit par":"MC","Dur\u00e9e de lecture estim\u00e9e":"1 minute"},"schema":{"@context":"https:\/\/schema.org","@graph":[{"@type":"NewsArticle","@id":"https:\/\/www.webdo.tn\/fr\/actualite\/sport\/championnat-du-monde-de-petanque-la-tunisie-decroche-le-bronze\/218210\/#article","isPartOf":{"@id":"https:\/\/www.webdo.tn\/fr\/actualite\/sport\/championnat-du-monde-de-petanque-la-tunisie-decroche-le-bronze\/218210\/"},"author":{"name":"MC","@id":"https:\/\/www.webdo.tn\/fr\/#\/schema\/person\/2c4929cbf5a809e3bd38617c6ce150f6"},"headline":"Championnat du monde de p\u00e9tanque : La Tunisie d\u00e9croche le bronze","datePublished":"2024-12-09T10:57:00+00:00","dateModified":"2025-05-20T21:45:38+00:00","mainEntityOfPage":{"@id":"https:\/\/www.webdo.tn\/fr\/actualite\/sport\/championnat-du-monde-de-petanque-la-tunisie-decroche-le-bronze\/218210\/"},"wordCount":246,"commentCount":0,"publisher":{"@id":"https:\/\/www.webdo.tn\/fr\/#organization"},"image":{"@id":"https:\/\/www.webdo.tn\/fr\/actualite\/sport\/championnat-du-monde-de-petanque-la-tunisie-decroche-le-bronze\/218210\/#primaryimage"},"thumbnailUrl":"https:\/\/www.webdo.tn\/fr\/wp-content\/uploads\/2025\/05\/78d34c1c47c65b7fce1ae580a3993a01-2.webp","keywords":["championnat du monde","m\u00e9daille de bronze","p\u00e9tanque","Tunisie"],"articleSection":["Sport"],"inLanguage":"fr-FR"},{"@type":"WebPage","@id":"https:\/\/www.webdo.tn\/fr\/actualite\/sport\/championnat-du-monde-de-petanque-la-tunisie-decroche-le-bronze\/218210\/","url":"https:\/\/www.webdo.tn\/fr\/actualite\/sport\/championnat-du-monde-de-petanque-la-tunisie-decroche-le-bronze\/218210\/","name":"Championnat du monde de p\u00e9tanque : La Tunisie d\u00e9croche le bronze","isPartOf":{"@id":"https:\/\/www.webdo.tn\/fr\/#website"},"primaryImageOfPage":{"@id":"https:\/\/www.webdo.tn\/fr\/actualite\/sport\/championnat-du-monde-de-petanque-la-tunisie-decroche-le-bronze\/218210\/#primaryimage"},"image":{"@id":"https:\/\/www.webdo.tn\/fr\/actualite\/sport\/championnat-du-monde-de-petanque-la-tunisie-decroche-le-bronze\/218210\/#primaryimage"},"thumbnailUrl":"https:\/\/www.webdo.tn\/fr\/wp-content\/uploads\/2025\/05\/78d34c1c47c65b7fce1ae580a3993a01-2.webp","datePublished":"2024-12-09T10:57:00+00:00","dateModified":"2025-05-20T21:45:38+00:00","description":"Beau parcours de l\u2019\u00e9quipe nationale de p\u00e9tanque lors du Championnat du monde qui s\u2019est d\u00e9roul\u00e9 \u00e0 Dijon, en France, du 5 au 8 d\u00e9cembre.","breadcrumb":{"@id":"https:\/\/www.webdo.tn\/fr\/actualite\/sport\/championnat-du-monde-de-petanque-la-tunisie-decroche-le-bronze\/218210\/#breadcrumb"},"inLanguage":"fr-FR","potentialAction":[{"@type":"ReadAction","target":["https:\/\/www.webdo.tn\/fr\/actualite\/sport\/championnat-du-monde-de-petanque-la-tunisie-decroche-le-bronze\/218210\/"]}]},{"@type":"ImageObject","inLanguage":"fr-FR","@id":"https:\/\/www.webdo.tn\/fr\/actualite\/sport\/championnat-du-monde-de-petanque-la-tunisie-decroche-le-bronze\/218210\/#primaryimage","url":"https:\/\/www.webdo.tn\/fr\/wp-content\/uploads\/2025\/05\/78d34c1c47c65b7fce1ae580a3993a01-2.webp","contentUrl":"https:\/\/www.webdo.tn\/fr\/wp-content\/uploads\/2025\/05\/78d34c1c47c65b7fce1ae580a3993a01-2.webp","width":750,"height":400},{"@type":"BreadcrumbList","@id":"https:\/\/www.webdo.tn\/fr\/actualite\/sport\/championnat-du-monde-de-petanque-la-tunisie-decroche-le-bronze\/218210\/#breadcrumb","itemListElement":[{"@type":"ListItem","position":1,"name":"Accueil","item":"https:\/\/www.webdo.tn\/fr\/"},{"@type":"ListItem","position":2,"name":"Championnat du monde de p\u00e9tanque : La Tunisie d\u00e9croche le bronze"}]},{"@type":"WebSite","@id":"https:\/\/www.webdo.tn\/fr\/#website","url":"https:\/\/www.webdo.tn\/fr\/","name":"webdo","description":"Tunisie - News en Tunisie et \u00e0 l&#039;international sur Webdo.tn","publisher":{"@id":"https:\/\/www.webdo.tn\/fr\/#organization"},"potentialAction":[{"@type":"SearchAction","target":{"@type":"EntryPoint","urlTemplate":"https:\/\/www.webdo.tn\/fr\/?s={search_term_string}"},"query-input":{"@type":"PropertyValueSpecification","valueRequired":true,"valueName":"search_term_string"}}],"inLanguage":"fr-FR"},{"@type":"Organization","@id":"https:\/\/www.webdo.tn\/fr\/#organization","name":"Webdo","alternateName":"Webdo.tn","url":"https:\/\/www.webdo.tn\/fr\/","logo":{"@type":"ImageObject","inLanguage":"fr-FR","@id":"https:\/\/www.webdo.tn\/fr\/#\/schema\/logo\/image\/","url":"https:\/\/www.webdo.tn\/fr\/wp-content\/uploads\/2025\/06\/Webdo-Tunisie_168377.jpg","contentUrl":"https:\/\/www.webdo.tn\/fr\/wp-content\/uploads\/2025\/06\/Webdo-Tunisie_168377.jpg","width":301,"height":301,"caption":"Webdo"},"image":{"@id":"https:\/\/www.webdo.tn\/fr\/#\/schema\/logo\/image\/"},"sameAs":["https:\/\/www.facebook.com\/webdotn","https:\/\/x.com\/webdo_tn"],"description":"Webdo est un m\u00e9dia num\u00e9rique tunisien fond\u00e9 en 2010, sp\u00e9cialis\u00e9 dans l\u2019actualit\u00e9 nationale et internationale, l\u2019\u00e9conomie, la soci\u00e9t\u00e9 et les analyses politiques. Le site s\u2019adresse \u00e0 un large public francophone et couvre l\u2019information tunisienne en temps r\u00e9el.","email":"redac@webdo.tn","legalName":"YNJ SARL","foundingDate":"2010-09-06","numberOfEmployees":{"@type":"QuantitativeValue","minValue":"11","maxValue":"50"}},{"@type":"Person","@id":"https:\/\/www.webdo.tn\/fr\/#\/schema\/person\/2c4929cbf5a809e3bd38617c6ce150f6","name":"MC","image":{"@type":"ImageObject","inLanguage":"fr-FR","@id":"https:\/\/secure.gravatar.com\/avatar\/a545bbb6f84efdd5553dbbc2895e3ca8f1d12c5215e00a041c9670b54aa9b18a?s=96&d=mm&r=g","url":"https:\/\/secure.gravatar.com\/avatar\/a545bbb6f84efdd5553dbbc2895e3ca8f1d12c5215e00a041c9670b54aa9b18a?s=96&d=mm&r=g","contentUrl":"https:\/\/secure.gravatar.com\/avatar\/a545bbb6f84efdd5553dbbc2895e3ca8f1d12c5215e00a041c9670b54aa9b18a?s=96&d=mm&r=g","caption":"MC"},"url":"https:\/\/www.webdo.tn\/fr\/actualite\/author\/mc\/"}]}},"_links":{"self":[{"href":"https:\/\/www.webdo.tn\/fr\/wp-json\/wp\/v2\/posts\/218210","targetHints":{"allow":["GET"]}}],"collection":[{"href":"https:\/\/www.webdo.tn\/fr\/wp-json\/wp\/v2\/posts"}],"about":[{"href":"https:\/\/www.webdo.tn\/fr\/wp-json\/wp\/v2\/types\/post"}],"author":[{"embeddable":true,"href":"https:\/\/www.webdo.tn\/fr\/wp-json\/wp\/v2\/users\/3162"}],"replies":[{"embeddable":true,"href":"https:\/\/www.webdo.tn\/fr\/wp-json\/wp\/v2\/comments?post=218210"}],"version-history":[{"count":0,"href":"https:\/\/www.webdo.tn\/fr\/wp-json\/wp\/v2\/posts\/218210\/revisions"}],"wp:featuredmedia":[{"embeddable":true,"href":"https:\/\/www.webdo.tn\/fr\/wp-json\/wp\/v2\/media\/243568"}],"wp:attachment":[{"href":"https:\/\/www.webdo.tn\/fr\/wp-json\/wp\/v2\/media?parent=218210"}],"wp:term":[{"taxonomy":"category","embeddable":true,"href":"https:\/\/www.webdo.tn\/fr\/wp-json\/wp\/v2\/categories?post=218210"},{"taxonomy":"post_tag","embeddable":true,"href":"https:\/\/www.webdo.tn\/fr\/wp-json\/wp\/v2\/tags?post=218210"}],"curies":[{"name":"wp","href":"https:\/\/api.w.org\/{rel}","templated":true}]}}