{"id":218195,"date":"2024-12-08T11:44:00","date_gmt":"2024-12-08T11:44:00","guid":{"rendered":"https:\/\/www.webdo.tn\/fr\/blog\/syrie-israel-deploie-son-armee-dans-une-zone-tampon\/218195\/"},"modified":"2025-05-20T22:22:09","modified_gmt":"2025-05-20T22:22:09","slug":"syrie-israel-deploie-son-armee-dans-une-zone-tampon","status":"publish","type":"post","link":"https:\/\/www.webdo.tn\/fr\/actualite\/international\/syrie-israel-deploie-son-armee-dans-une-zone-tampon\/218195\/","title":{"rendered":"Syrie : Isra\u00ebl d\u00e9ploie son arm\u00e9e dans une zone tampon"},"content":{"rendered":"<p>L&rsquo;arm\u00e9e isra\u00e9lienne a d\u00e9clar\u00e9 qu&rsquo;elle n&rsquo;interviendrait pas dans les \u00e9v\u00e9nements en cours en Syrie, selon un rapport de Reuters.\u00a0<\/p>\n<p>\t\t\t\t\t\t\t\t\tCependant, Tsahal a pr\u00e9cis\u00e9 avoir d\u00e9ploy\u00e9 des forces dans une zone tampon surveill\u00e9e par les Nations Unies, ainsi que dans plusieurs \u00ab\u00a0points strat\u00e9giques\u00a0\u00bb n\u00e9cessaires \u00e0 la d\u00e9fense du pays.<\/p>\n<p>A l\u2019aube de ce dimanche 8 d\u00e9cembre 2024, l\u2019opposition syrienne arm\u00e9e est entr\u00e9e dans la capitale Damas, alors que des rapports m\u00e9diatiques confirm\u00e9s \u00e9voquent la fuite du pr\u00e9sident syrien Bachar Al-Assad vers une destination inconnue.<\/p>\n<p>Il aura suffi qu\u2019une dizaine de jours aux rebelles emmen\u00e9s par le groupe Hayat Tahrir Al-Cham pour entrer dans Damas et parvenir \u00e0 la fuite du pr\u00e9sident Bachar Al-Assad.<\/p>\n<p>Le Premier ministre s&rsquo;est dit pr\u00eat dimanche \u00e0 coop\u00e9rer avec la \u00ab\u00a0leadership\u00a0\u00bb que choisira le peuple et \u00e0 toute proc\u00e9dure de \u00ab\u00a0passation\u00a0\u00bb de pouvoir.<\/p>\n<p>La chute du r\u00e9gime syrien avec une telle rapidit\u00e9 s\u2019explique par un \u00e9chiquier g\u00e9opolitique extr\u00eamement complexe et surtout par la position des alli\u00e9s du r\u00e9gime en question comme la Russie et l\u2019Iran qui n\u2019ont pas soutenu Al-Assad.<\/p>\n","protected":false},"excerpt":{"rendered":"<p>Cependant, Tsahal a pr\u00e9cis\u00e9 avoir d\u00e9ploy\u00e9 des forces dans une zone tampon surveill\u00e9e par les Nations Unies, ainsi que dans plusieurs  points strat\u00e9giques  n\u00e9ces&#8230;<\/p>\n","protected":false},"author":3163,"featured_media":291498,"comment_status":"open","ping_status":"closed","sticky":false,"template":"","format":"standard","meta":{"footnotes":""},"categories":[2598],"tags":[4479,2636,3504],"class_list":["post-218195","post","type-post","status-publish","format-standard","has-post-thumbnail","hentry","category-international","tag-armee","tag-israel","tag-syrie"],"yoast_head":"<!-- This site is optimized with the Yoast SEO Premium plugin v27.5 (Yoast SEO v27.5) - https:\/\/yoast.com\/product\/yoast-seo-premium-wordpress\/ -->\n<title>Syrie : Isra\u00ebl d\u00e9ploie son arm\u00e9e dans une zone tampon<\/title>\n<meta name=\"description\" content=\"Cependant, Tsahal a pr\u00e9cis\u00e9 avoir d\u00e9ploy\u00e9 des forces dans une zone tampon surveill\u00e9e par les Nations Unies, ainsi que dans plusieurs points strat\u00e9giques n\u00e9ces...\" \/>\n<link rel=\"canonical\" href=\"https:\/\/www.webdo.tn\/fr\/actualite\/international\/syrie-israel-deploie-son-armee-dans-une-zone-tampon\/218195\/\" \/>\n<meta property=\"og:locale\" content=\"fr_FR\" \/>\n<meta property=\"og:type\" content=\"article\" \/>\n<meta property=\"og:title\" content=\"Syrie : Isra\u00ebl d\u00e9ploie son arm\u00e9e dans une zone tampon\" \/>\n<meta property=\"og:description\" content=\"Cependant, Tsahal a pr\u00e9cis\u00e9 avoir d\u00e9ploy\u00e9 des forces dans une zone tampon surveill\u00e9e par les Nations Unies, ainsi que dans plusieurs points strat\u00e9giques n\u00e9ces...\" \/>\n<meta property=\"og:url\" content=\"https:\/\/www.webdo.tn\/fr\/actualite\/international\/syrie-israel-deploie-son-armee-dans-une-zone-tampon\/218195\/\" \/>\n<meta property=\"og:site_name\" content=\"webdo\" \/>\n<meta property=\"article:publisher\" content=\"https:\/\/www.facebook.com\/webdotn\" \/>\n<meta property=\"article:published_time\" content=\"2024-12-08T11:44:00+00:00\" \/>\n<meta property=\"article:modified_time\" content=\"2025-05-20T22:22:09+00:00\" \/>\n<meta property=\"og:image\" content=\"https:\/\/www.webdo.tn\/fr\/wp-content\/uploads\/2024\/12\/189db3b1835ac49de62ce7f39469f96c.webp\" \/>\n\t<meta property=\"og:image:width\" content=\"375\" \/>\n\t<meta property=\"og:image:height\" content=\"200\" \/>\n\t<meta property=\"og:image:type\" content=\"image\/webp\" \/>\n<meta name=\"author\" content=\"KJ\" \/>\n<meta name=\"twitter:card\" content=\"summary_large_image\" \/>\n<meta name=\"twitter:creator\" content=\"@webdo_tn\" \/>\n<meta name=\"twitter:site\" content=\"@webdo_tn\" \/>\n<meta name=\"twitter:label1\" content=\"\u00c9crit par\" \/>\n\t<meta name=\"twitter:data1\" content=\"KJ\" \/>\n\t<meta name=\"twitter:label2\" content=\"Dur\u00e9e de lecture estim\u00e9e\" \/>\n\t<meta name=\"twitter:data2\" content=\"1 minute\" \/>\n<script type=\"application\/ld+json\" class=\"yoast-schema-graph\">{\"@context\":\"https:\\\/\\\/schema.org\",\"@graph\":[{\"@type\":\"NewsArticle\",\"@id\":\"https:\\\/\\\/www.webdo.tn\\\/fr\\\/actualite\\\/international\\\/syrie-israel-deploie-son-armee-dans-une-zone-tampon\\\/218195\\\/#article\",\"isPartOf\":{\"@id\":\"https:\\\/\\\/www.webdo.tn\\\/fr\\\/actualite\\\/international\\\/syrie-israel-deploie-son-armee-dans-une-zone-tampon\\\/218195\\\/\"},\"author\":{\"name\":\"KJ\",\"@id\":\"https:\\\/\\\/www.webdo.tn\\\/fr\\\/#\\\/schema\\\/person\\\/82ca085b22037d285e1a3c4b65ba5f71\"},\"headline\":\"Syrie : Isra\u00ebl d\u00e9ploie son arm\u00e9e dans une zone tampon\",\"datePublished\":\"2024-12-08T11:44:00+00:00\",\"dateModified\":\"2025-05-20T22:22:09+00:00\",\"mainEntityOfPage\":{\"@id\":\"https:\\\/\\\/www.webdo.tn\\\/fr\\\/actualite\\\/international\\\/syrie-israel-deploie-son-armee-dans-une-zone-tampon\\\/218195\\\/\"},\"wordCount\":215,\"commentCount\":0,\"publisher\":{\"@id\":\"https:\\\/\\\/www.webdo.tn\\\/fr\\\/#organization\"},\"image\":{\"@id\":\"https:\\\/\\\/www.webdo.tn\\\/fr\\\/actualite\\\/international\\\/syrie-israel-deploie-son-armee-dans-une-zone-tampon\\\/218195\\\/#primaryimage\"},\"thumbnailUrl\":\"https:\\\/\\\/www.webdo.tn\\\/fr\\\/wp-content\\\/uploads\\\/2024\\\/12\\\/189db3b1835ac49de62ce7f39469f96c.webp\",\"keywords\":[\"arm\u00e9e\",\"isra\u00ebl\",\"syrie\"],\"articleSection\":[\"International\"],\"inLanguage\":\"fr-FR\"},{\"@type\":\"WebPage\",\"@id\":\"https:\\\/\\\/www.webdo.tn\\\/fr\\\/actualite\\\/international\\\/syrie-israel-deploie-son-armee-dans-une-zone-tampon\\\/218195\\\/\",\"url\":\"https:\\\/\\\/www.webdo.tn\\\/fr\\\/actualite\\\/international\\\/syrie-israel-deploie-son-armee-dans-une-zone-tampon\\\/218195\\\/\",\"name\":\"Syrie : Isra\u00ebl d\u00e9ploie son arm\u00e9e dans une zone tampon\",\"isPartOf\":{\"@id\":\"https:\\\/\\\/www.webdo.tn\\\/fr\\\/#website\"},\"primaryImageOfPage\":{\"@id\":\"https:\\\/\\\/www.webdo.tn\\\/fr\\\/actualite\\\/international\\\/syrie-israel-deploie-son-armee-dans-une-zone-tampon\\\/218195\\\/#primaryimage\"},\"image\":{\"@id\":\"https:\\\/\\\/www.webdo.tn\\\/fr\\\/actualite\\\/international\\\/syrie-israel-deploie-son-armee-dans-une-zone-tampon\\\/218195\\\/#primaryimage\"},\"thumbnailUrl\":\"https:\\\/\\\/www.webdo.tn\\\/fr\\\/wp-content\\\/uploads\\\/2024\\\/12\\\/189db3b1835ac49de62ce7f39469f96c.webp\",\"datePublished\":\"2024-12-08T11:44:00+00:00\",\"dateModified\":\"2025-05-20T22:22:09+00:00\",\"description\":\"Cependant, Tsahal a pr\u00e9cis\u00e9 avoir d\u00e9ploy\u00e9 des forces dans une zone tampon surveill\u00e9e par les Nations Unies, ainsi que dans plusieurs points strat\u00e9giques n\u00e9ces...\",\"breadcrumb\":{\"@id\":\"https:\\\/\\\/www.webdo.tn\\\/fr\\\/actualite\\\/international\\\/syrie-israel-deploie-son-armee-dans-une-zone-tampon\\\/218195\\\/#breadcrumb\"},\"inLanguage\":\"fr-FR\",\"potentialAction\":[{\"@type\":\"ReadAction\",\"target\":[\"https:\\\/\\\/www.webdo.tn\\\/fr\\\/actualite\\\/international\\\/syrie-israel-deploie-son-armee-dans-une-zone-tampon\\\/218195\\\/\"]}]},{\"@type\":\"ImageObject\",\"inLanguage\":\"fr-FR\",\"@id\":\"https:\\\/\\\/www.webdo.tn\\\/fr\\\/actualite\\\/international\\\/syrie-israel-deploie-son-armee-dans-une-zone-tampon\\\/218195\\\/#primaryimage\",\"url\":\"https:\\\/\\\/www.webdo.tn\\\/fr\\\/wp-content\\\/uploads\\\/2024\\\/12\\\/189db3b1835ac49de62ce7f39469f96c.webp\",\"contentUrl\":\"https:\\\/\\\/www.webdo.tn\\\/fr\\\/wp-content\\\/uploads\\\/2024\\\/12\\\/189db3b1835ac49de62ce7f39469f96c.webp\",\"width\":375,\"height\":200,\"caption\":\"Syrie : Isra\u00ebl d\u00e9ploie son arm\u00e9e dans une zone tampon\"},{\"@type\":\"BreadcrumbList\",\"@id\":\"https:\\\/\\\/www.webdo.tn\\\/fr\\\/actualite\\\/international\\\/syrie-israel-deploie-son-armee-dans-une-zone-tampon\\\/218195\\\/#breadcrumb\",\"itemListElement\":[{\"@type\":\"ListItem\",\"position\":1,\"name\":\"Accueil\",\"item\":\"https:\\\/\\\/www.webdo.tn\\\/fr\\\/\"},{\"@type\":\"ListItem\",\"position\":2,\"name\":\"Syrie : Isra\u00ebl d\u00e9ploie son arm\u00e9e dans une zone tampon\"}]},{\"@type\":\"WebSite\",\"@id\":\"https:\\\/\\\/www.webdo.tn\\\/fr\\\/#website\",\"url\":\"https:\\\/\\\/www.webdo.tn\\\/fr\\\/\",\"name\":\"webdo\",\"description\":\"Tunisie - News en Tunisie et \u00e0 l&#039;international sur Webdo.tn\",\"publisher\":{\"@id\":\"https:\\\/\\\/www.webdo.tn\\\/fr\\\/#organization\"},\"potentialAction\":[{\"@type\":\"SearchAction\",\"target\":{\"@type\":\"EntryPoint\",\"urlTemplate\":\"https:\\\/\\\/www.webdo.tn\\\/fr\\\/?s={search_term_string}\"},\"query-input\":{\"@type\":\"PropertyValueSpecification\",\"valueRequired\":true,\"valueName\":\"search_term_string\"}}],\"inLanguage\":\"fr-FR\"},{\"@type\":\"Organization\",\"@id\":\"https:\\\/\\\/www.webdo.tn\\\/fr\\\/#organization\",\"name\":\"Webdo\",\"alternateName\":\"Webdo.tn\",\"url\":\"https:\\\/\\\/www.webdo.tn\\\/fr\\\/\",\"logo\":{\"@type\":\"ImageObject\",\"inLanguage\":\"fr-FR\",\"@id\":\"https:\\\/\\\/www.webdo.tn\\\/fr\\\/#\\\/schema\\\/logo\\\/image\\\/\",\"url\":\"https:\\\/\\\/www.webdo.tn\\\/fr\\\/wp-content\\\/uploads\\\/2025\\\/06\\\/Webdo-Tunisie_168377.jpg\",\"contentUrl\":\"https:\\\/\\\/www.webdo.tn\\\/fr\\\/wp-content\\\/uploads\\\/2025\\\/06\\\/Webdo-Tunisie_168377.jpg\",\"width\":301,\"height\":301,\"caption\":\"Webdo\"},\"image\":{\"@id\":\"https:\\\/\\\/www.webdo.tn\\\/fr\\\/#\\\/schema\\\/logo\\\/image\\\/\"},\"sameAs\":[\"https:\\\/\\\/www.facebook.com\\\/webdotn\",\"https:\\\/\\\/x.com\\\/webdo_tn\"],\"description\":\"Webdo est un m\u00e9dia num\u00e9rique tunisien fond\u00e9 en 2010, sp\u00e9cialis\u00e9 dans l\u2019actualit\u00e9 nationale et internationale, l\u2019\u00e9conomie, la soci\u00e9t\u00e9 et les analyses politiques. Le site s\u2019adresse \u00e0 un large public francophone et couvre l\u2019information tunisienne en temps r\u00e9el.\",\"email\":\"redac@webdo.tn\",\"legalName\":\"YNJ SARL\",\"foundingDate\":\"2010-09-06\",\"numberOfEmployees\":{\"@type\":\"QuantitativeValue\",\"minValue\":\"11\",\"maxValue\":\"50\"}},{\"@type\":\"Person\",\"@id\":\"https:\\\/\\\/www.webdo.tn\\\/fr\\\/#\\\/schema\\\/person\\\/82ca085b22037d285e1a3c4b65ba5f71\",\"name\":\"KJ\",\"image\":{\"@type\":\"ImageObject\",\"inLanguage\":\"fr-FR\",\"@id\":\"https:\\\/\\\/secure.gravatar.com\\\/avatar\\\/1a1320de1c1971c893f00068f760b4113d69504aa21273da17ee95650c5944fd?s=96&d=mm&r=g\",\"url\":\"https:\\\/\\\/secure.gravatar.com\\\/avatar\\\/1a1320de1c1971c893f00068f760b4113d69504aa21273da17ee95650c5944fd?s=96&d=mm&r=g\",\"contentUrl\":\"https:\\\/\\\/secure.gravatar.com\\\/avatar\\\/1a1320de1c1971c893f00068f760b4113d69504aa21273da17ee95650c5944fd?s=96&d=mm&r=g\",\"caption\":\"KJ\"},\"url\":\"https:\\\/\\\/www.webdo.tn\\\/fr\\\/actualite\\\/author\\\/kj\\\/\"}]}<\/script>\n<!-- \/ Yoast SEO Premium plugin. -->","yoast_head_json":{"title":"Syrie : Isra\u00ebl d\u00e9ploie son arm\u00e9e dans une zone tampon","description":"Cependant, Tsahal a pr\u00e9cis\u00e9 avoir d\u00e9ploy\u00e9 des forces dans une zone tampon surveill\u00e9e par les Nations Unies, ainsi que dans plusieurs points strat\u00e9giques n\u00e9ces...","canonical":"https:\/\/www.webdo.tn\/fr\/actualite\/international\/syrie-israel-deploie-son-armee-dans-une-zone-tampon\/218195\/","og_locale":"fr_FR","og_type":"article","og_title":"Syrie : Isra\u00ebl d\u00e9ploie son arm\u00e9e dans une zone tampon","og_description":"Cependant, Tsahal a pr\u00e9cis\u00e9 avoir d\u00e9ploy\u00e9 des forces dans une zone tampon surveill\u00e9e par les Nations Unies, ainsi que dans plusieurs points strat\u00e9giques n\u00e9ces...","og_url":"https:\/\/www.webdo.tn\/fr\/actualite\/international\/syrie-israel-deploie-son-armee-dans-une-zone-tampon\/218195\/","og_site_name":"webdo","article_publisher":"https:\/\/www.facebook.com\/webdotn","article_published_time":"2024-12-08T11:44:00+00:00","article_modified_time":"2025-05-20T22:22:09+00:00","og_image":[{"width":375,"height":200,"url":"https:\/\/www.webdo.tn\/fr\/wp-content\/uploads\/2024\/12\/189db3b1835ac49de62ce7f39469f96c.webp","type":"image\/webp"}],"author":"KJ","twitter_card":"summary_large_image","twitter_creator":"@webdo_tn","twitter_site":"@webdo_tn","twitter_misc":{"\u00c9crit par":"KJ","Dur\u00e9e de lecture estim\u00e9e":"1 minute"},"schema":{"@context":"https:\/\/schema.org","@graph":[{"@type":"NewsArticle","@id":"https:\/\/www.webdo.tn\/fr\/actualite\/international\/syrie-israel-deploie-son-armee-dans-une-zone-tampon\/218195\/#article","isPartOf":{"@id":"https:\/\/www.webdo.tn\/fr\/actualite\/international\/syrie-israel-deploie-son-armee-dans-une-zone-tampon\/218195\/"},"author":{"name":"KJ","@id":"https:\/\/www.webdo.tn\/fr\/#\/schema\/person\/82ca085b22037d285e1a3c4b65ba5f71"},"headline":"Syrie : Isra\u00ebl d\u00e9ploie son arm\u00e9e dans une zone tampon","datePublished":"2024-12-08T11:44:00+00:00","dateModified":"2025-05-20T22:22:09+00:00","mainEntityOfPage":{"@id":"https:\/\/www.webdo.tn\/fr\/actualite\/international\/syrie-israel-deploie-son-armee-dans-une-zone-tampon\/218195\/"},"wordCount":215,"commentCount":0,"publisher":{"@id":"https:\/\/www.webdo.tn\/fr\/#organization"},"image":{"@id":"https:\/\/www.webdo.tn\/fr\/actualite\/international\/syrie-israel-deploie-son-armee-dans-une-zone-tampon\/218195\/#primaryimage"},"thumbnailUrl":"https:\/\/www.webdo.tn\/fr\/wp-content\/uploads\/2024\/12\/189db3b1835ac49de62ce7f39469f96c.webp","keywords":["arm\u00e9e","isra\u00ebl","syrie"],"articleSection":["International"],"inLanguage":"fr-FR"},{"@type":"WebPage","@id":"https:\/\/www.webdo.tn\/fr\/actualite\/international\/syrie-israel-deploie-son-armee-dans-une-zone-tampon\/218195\/","url":"https:\/\/www.webdo.tn\/fr\/actualite\/international\/syrie-israel-deploie-son-armee-dans-une-zone-tampon\/218195\/","name":"Syrie : Isra\u00ebl d\u00e9ploie son arm\u00e9e dans une zone tampon","isPartOf":{"@id":"https:\/\/www.webdo.tn\/fr\/#website"},"primaryImageOfPage":{"@id":"https:\/\/www.webdo.tn\/fr\/actualite\/international\/syrie-israel-deploie-son-armee-dans-une-zone-tampon\/218195\/#primaryimage"},"image":{"@id":"https:\/\/www.webdo.tn\/fr\/actualite\/international\/syrie-israel-deploie-son-armee-dans-une-zone-tampon\/218195\/#primaryimage"},"thumbnailUrl":"https:\/\/www.webdo.tn\/fr\/wp-content\/uploads\/2024\/12\/189db3b1835ac49de62ce7f39469f96c.webp","datePublished":"2024-12-08T11:44:00+00:00","dateModified":"2025-05-20T22:22:09+00:00","description":"Cependant, Tsahal a pr\u00e9cis\u00e9 avoir d\u00e9ploy\u00e9 des forces dans une zone tampon surveill\u00e9e par les Nations Unies, ainsi que dans plusieurs points strat\u00e9giques n\u00e9ces...","breadcrumb":{"@id":"https:\/\/www.webdo.tn\/fr\/actualite\/international\/syrie-israel-deploie-son-armee-dans-une-zone-tampon\/218195\/#breadcrumb"},"inLanguage":"fr-FR","potentialAction":[{"@type":"ReadAction","target":["https:\/\/www.webdo.tn\/fr\/actualite\/international\/syrie-israel-deploie-son-armee-dans-une-zone-tampon\/218195\/"]}]},{"@type":"ImageObject","inLanguage":"fr-FR","@id":"https:\/\/www.webdo.tn\/fr\/actualite\/international\/syrie-israel-deploie-son-armee-dans-une-zone-tampon\/218195\/#primaryimage","url":"https:\/\/www.webdo.tn\/fr\/wp-content\/uploads\/2024\/12\/189db3b1835ac49de62ce7f39469f96c.webp","contentUrl":"https:\/\/www.webdo.tn\/fr\/wp-content\/uploads\/2024\/12\/189db3b1835ac49de62ce7f39469f96c.webp","width":375,"height":200,"caption":"Syrie : Isra\u00ebl d\u00e9ploie son arm\u00e9e dans une zone tampon"},{"@type":"BreadcrumbList","@id":"https:\/\/www.webdo.tn\/fr\/actualite\/international\/syrie-israel-deploie-son-armee-dans-une-zone-tampon\/218195\/#breadcrumb","itemListElement":[{"@type":"ListItem","position":1,"name":"Accueil","item":"https:\/\/www.webdo.tn\/fr\/"},{"@type":"ListItem","position":2,"name":"Syrie : Isra\u00ebl d\u00e9ploie son arm\u00e9e dans une zone tampon"}]},{"@type":"WebSite","@id":"https:\/\/www.webdo.tn\/fr\/#website","url":"https:\/\/www.webdo.tn\/fr\/","name":"webdo","description":"Tunisie - News en Tunisie et \u00e0 l&#039;international sur Webdo.tn","publisher":{"@id":"https:\/\/www.webdo.tn\/fr\/#organization"},"potentialAction":[{"@type":"SearchAction","target":{"@type":"EntryPoint","urlTemplate":"https:\/\/www.webdo.tn\/fr\/?s={search_term_string}"},"query-input":{"@type":"PropertyValueSpecification","valueRequired":true,"valueName":"search_term_string"}}],"inLanguage":"fr-FR"},{"@type":"Organization","@id":"https:\/\/www.webdo.tn\/fr\/#organization","name":"Webdo","alternateName":"Webdo.tn","url":"https:\/\/www.webdo.tn\/fr\/","logo":{"@type":"ImageObject","inLanguage":"fr-FR","@id":"https:\/\/www.webdo.tn\/fr\/#\/schema\/logo\/image\/","url":"https:\/\/www.webdo.tn\/fr\/wp-content\/uploads\/2025\/06\/Webdo-Tunisie_168377.jpg","contentUrl":"https:\/\/www.webdo.tn\/fr\/wp-content\/uploads\/2025\/06\/Webdo-Tunisie_168377.jpg","width":301,"height":301,"caption":"Webdo"},"image":{"@id":"https:\/\/www.webdo.tn\/fr\/#\/schema\/logo\/image\/"},"sameAs":["https:\/\/www.facebook.com\/webdotn","https:\/\/x.com\/webdo_tn"],"description":"Webdo est un m\u00e9dia num\u00e9rique tunisien fond\u00e9 en 2010, sp\u00e9cialis\u00e9 dans l\u2019actualit\u00e9 nationale et internationale, l\u2019\u00e9conomie, la soci\u00e9t\u00e9 et les analyses politiques. Le site s\u2019adresse \u00e0 un large public francophone et couvre l\u2019information tunisienne en temps r\u00e9el.","email":"redac@webdo.tn","legalName":"YNJ SARL","foundingDate":"2010-09-06","numberOfEmployees":{"@type":"QuantitativeValue","minValue":"11","maxValue":"50"}},{"@type":"Person","@id":"https:\/\/www.webdo.tn\/fr\/#\/schema\/person\/82ca085b22037d285e1a3c4b65ba5f71","name":"KJ","image":{"@type":"ImageObject","inLanguage":"fr-FR","@id":"https:\/\/secure.gravatar.com\/avatar\/1a1320de1c1971c893f00068f760b4113d69504aa21273da17ee95650c5944fd?s=96&d=mm&r=g","url":"https:\/\/secure.gravatar.com\/avatar\/1a1320de1c1971c893f00068f760b4113d69504aa21273da17ee95650c5944fd?s=96&d=mm&r=g","contentUrl":"https:\/\/secure.gravatar.com\/avatar\/1a1320de1c1971c893f00068f760b4113d69504aa21273da17ee95650c5944fd?s=96&d=mm&r=g","caption":"KJ"},"url":"https:\/\/www.webdo.tn\/fr\/actualite\/author\/kj\/"}]}},"_links":{"self":[{"href":"https:\/\/www.webdo.tn\/fr\/wp-json\/wp\/v2\/posts\/218195","targetHints":{"allow":["GET"]}}],"collection":[{"href":"https:\/\/www.webdo.tn\/fr\/wp-json\/wp\/v2\/posts"}],"about":[{"href":"https:\/\/www.webdo.tn\/fr\/wp-json\/wp\/v2\/types\/post"}],"author":[{"embeddable":true,"href":"https:\/\/www.webdo.tn\/fr\/wp-json\/wp\/v2\/users\/3163"}],"replies":[{"embeddable":true,"href":"https:\/\/www.webdo.tn\/fr\/wp-json\/wp\/v2\/comments?post=218195"}],"version-history":[{"count":0,"href":"https:\/\/www.webdo.tn\/fr\/wp-json\/wp\/v2\/posts\/218195\/revisions"}],"wp:featuredmedia":[{"embeddable":true,"href":"https:\/\/www.webdo.tn\/fr\/wp-json\/wp\/v2\/media\/291498"}],"wp:attachment":[{"href":"https:\/\/www.webdo.tn\/fr\/wp-json\/wp\/v2\/media?parent=218195"}],"wp:term":[{"taxonomy":"category","embeddable":true,"href":"https:\/\/www.webdo.tn\/fr\/wp-json\/wp\/v2\/categories?post=218195"},{"taxonomy":"post_tag","embeddable":true,"href":"https:\/\/www.webdo.tn\/fr\/wp-json\/wp\/v2\/tags?post=218195"}],"curies":[{"name":"wp","href":"https:\/\/api.w.org\/{rel}","templated":true}]}}