{"id":218192,"date":"2024-12-08T10:34:00","date_gmt":"2024-12-08T10:34:00","guid":{"rendered":"https:\/\/www.webdo.tn\/fr\/blog\/trump-la-russie-ne-se-soucie-plus-d-al-assad\/218192\/"},"modified":"2025-05-20T22:22:09","modified_gmt":"2025-05-20T22:22:09","slug":"trump-la-russie-ne-se-soucie-plus-d-al-assad","status":"publish","type":"post","link":"https:\/\/www.webdo.tn\/fr\/actualite\/international\/trump-la-russie-ne-se-soucie-plus-d-al-assad\/218192\/","title":{"rendered":"Trump : La Russie ne se soucie plus d&rsquo;al-Assad"},"content":{"rendered":"<p>Le pr\u00e9sident am\u00e9ricain \u00e9lu Donald Trump a d\u00e9clar\u00e9, ce dimanche, que le pr\u00e9sident syrien Bachar al-Assad \u00ab\u00a0a fui son pays\u00a0\u00bb apr\u00e8s avoir perdu le soutien de son alli\u00e9, la Russie.<\/p>\n<p>\t\t\t\t\t\t\t\t\tSur sa plateforme de communication Truth Social, il a affirm\u00e9 que \u00ab\u00a0Assad est parti\u00a0\u00bb, ajoutant que \u00ab\u00a0son protecteur, la Russie, dirig\u00e9e par Vladimir Poutine, ne se soucie plus de le prot\u00e9ger\u00a0\u00bb.<\/p>\n<p>Trump a d\u00e9clar\u00e9 samedi que les \u00c9tats-Unis ne devraient pas intervenir dans le conflit en Syrie. Il a ajout\u00e9 que \u00ab\u00a0la Syrie est dans un \u00e9tat de chaos, mais elle n&rsquo;est pas notre amie, et les \u00c9tats-Unis ne devraient avoir aucune relation avec elle\u00a0\u00bb.<\/p>\n<p>Avant sa rencontre avec le pr\u00e9sident fran\u00e7ais Emmanuel Macron au Palais de l&rsquo;\u00c9lys\u00e9e \u00e0 Paris, il a pr\u00e9cis\u00e9 : \u00ab\u00a0Ce n&rsquo;est pas notre combat, laissons la situation suivre son cours. Ne nous m\u00ealons pas.\u00a0\u00bb<\/p>\n","protected":false},"excerpt":{"rendered":"<p>Sur sa plateforme de communication Truth Social, il a affirm\u00e9 que  Assad est parti , ajoutant que  son protecteur, la Russie, la Russie, la Russie, dirig\u00e9e par&#8230;<\/p>\n","protected":false},"author":3163,"featured_media":291497,"comment_status":"open","ping_status":"closed","sticky":false,"template":"","format":"standard","meta":{"footnotes":""},"categories":[2598],"tags":[3299,3309,3061],"class_list":["post-218192","post","type-post","status-publish","format-standard","has-post-thumbnail","hentry","category-international","tag-russie","tag-trump","tag-usa"],"yoast_head":"<!-- This site is optimized with the Yoast SEO Premium plugin v27.4 (Yoast SEO v27.4) - https:\/\/yoast.com\/product\/yoast-seo-premium-wordpress\/ -->\n<title>Trump : La Russie ne se soucie plus d&#039;al-Assad<\/title>\n<meta name=\"description\" content=\"Sur sa plateforme de communication Truth Social, il a affirm\u00e9 que Assad est parti , ajoutant que son protecteur, la Russie, la Russie, la Russie, dirig\u00e9e par...\" \/>\n<link rel=\"canonical\" href=\"https:\/\/www.webdo.tn\/fr\/actualite\/international\/trump-la-russie-ne-se-soucie-plus-d-al-assad\/218192\/\" \/>\n<meta property=\"og:locale\" content=\"fr_FR\" \/>\n<meta property=\"og:type\" content=\"article\" \/>\n<meta property=\"og:title\" content=\"Trump : La Russie ne se soucie plus d&#039;al-Assad\" \/>\n<meta property=\"og:description\" content=\"Sur sa plateforme de communication Truth Social, il a affirm\u00e9 que Assad est parti , ajoutant que son protecteur, la Russie, la Russie, la Russie, dirig\u00e9e par...\" \/>\n<meta property=\"og:url\" content=\"https:\/\/www.webdo.tn\/fr\/actualite\/international\/trump-la-russie-ne-se-soucie-plus-d-al-assad\/218192\/\" \/>\n<meta property=\"og:site_name\" content=\"webdo\" \/>\n<meta property=\"article:publisher\" content=\"https:\/\/www.facebook.com\/webdotn\" \/>\n<meta property=\"article:published_time\" content=\"2024-12-08T10:34:00+00:00\" \/>\n<meta property=\"article:modified_time\" content=\"2025-05-20T22:22:09+00:00\" \/>\n<meta property=\"og:image\" content=\"https:\/\/www.webdo.tn\/fr\/wp-content\/uploads\/2024\/12\/e067bb0bcac9d7b22f31090728b4703c.webp\" \/>\n\t<meta property=\"og:image:width\" content=\"432\" \/>\n\t<meta property=\"og:image:height\" content=\"230\" \/>\n\t<meta property=\"og:image:type\" content=\"image\/webp\" \/>\n<meta name=\"author\" content=\"KJ\" \/>\n<meta name=\"twitter:card\" content=\"summary_large_image\" \/>\n<meta name=\"twitter:creator\" content=\"@webdo_tn\" \/>\n<meta name=\"twitter:site\" content=\"@webdo_tn\" \/>\n<meta name=\"twitter:label1\" content=\"\u00c9crit par\" \/>\n\t<meta name=\"twitter:data1\" content=\"KJ\" \/>\n\t<meta name=\"twitter:label2\" content=\"Dur\u00e9e de lecture estim\u00e9e\" \/>\n\t<meta name=\"twitter:data2\" content=\"1 minute\" \/>\n<script type=\"application\/ld+json\" class=\"yoast-schema-graph\">{\"@context\":\"https:\\\/\\\/schema.org\",\"@graph\":[{\"@type\":\"NewsArticle\",\"@id\":\"https:\\\/\\\/www.webdo.tn\\\/fr\\\/actualite\\\/international\\\/trump-la-russie-ne-se-soucie-plus-d-al-assad\\\/218192\\\/#article\",\"isPartOf\":{\"@id\":\"https:\\\/\\\/www.webdo.tn\\\/fr\\\/actualite\\\/international\\\/trump-la-russie-ne-se-soucie-plus-d-al-assad\\\/218192\\\/\"},\"author\":{\"name\":\"KJ\",\"@id\":\"https:\\\/\\\/www.webdo.tn\\\/fr\\\/#\\\/schema\\\/person\\\/82ca085b22037d285e1a3c4b65ba5f71\"},\"headline\":\"Trump : La Russie ne se soucie plus d&rsquo;al-Assad\",\"datePublished\":\"2024-12-08T10:34:00+00:00\",\"dateModified\":\"2025-05-20T22:22:09+00:00\",\"mainEntityOfPage\":{\"@id\":\"https:\\\/\\\/www.webdo.tn\\\/fr\\\/actualite\\\/international\\\/trump-la-russie-ne-se-soucie-plus-d-al-assad\\\/218192\\\/\"},\"wordCount\":162,\"commentCount\":0,\"publisher\":{\"@id\":\"https:\\\/\\\/www.webdo.tn\\\/fr\\\/#organization\"},\"image\":{\"@id\":\"https:\\\/\\\/www.webdo.tn\\\/fr\\\/actualite\\\/international\\\/trump-la-russie-ne-se-soucie-plus-d-al-assad\\\/218192\\\/#primaryimage\"},\"thumbnailUrl\":\"https:\\\/\\\/www.webdo.tn\\\/fr\\\/wp-content\\\/uploads\\\/2024\\\/12\\\/e067bb0bcac9d7b22f31090728b4703c.webp\",\"keywords\":[\"Russie\",\"trump\",\"USA\"],\"articleSection\":[\"International\"],\"inLanguage\":\"fr-FR\"},{\"@type\":\"WebPage\",\"@id\":\"https:\\\/\\\/www.webdo.tn\\\/fr\\\/actualite\\\/international\\\/trump-la-russie-ne-se-soucie-plus-d-al-assad\\\/218192\\\/\",\"url\":\"https:\\\/\\\/www.webdo.tn\\\/fr\\\/actualite\\\/international\\\/trump-la-russie-ne-se-soucie-plus-d-al-assad\\\/218192\\\/\",\"name\":\"Trump : La Russie ne se soucie plus d'al-Assad\",\"isPartOf\":{\"@id\":\"https:\\\/\\\/www.webdo.tn\\\/fr\\\/#website\"},\"primaryImageOfPage\":{\"@id\":\"https:\\\/\\\/www.webdo.tn\\\/fr\\\/actualite\\\/international\\\/trump-la-russie-ne-se-soucie-plus-d-al-assad\\\/218192\\\/#primaryimage\"},\"image\":{\"@id\":\"https:\\\/\\\/www.webdo.tn\\\/fr\\\/actualite\\\/international\\\/trump-la-russie-ne-se-soucie-plus-d-al-assad\\\/218192\\\/#primaryimage\"},\"thumbnailUrl\":\"https:\\\/\\\/www.webdo.tn\\\/fr\\\/wp-content\\\/uploads\\\/2024\\\/12\\\/e067bb0bcac9d7b22f31090728b4703c.webp\",\"datePublished\":\"2024-12-08T10:34:00+00:00\",\"dateModified\":\"2025-05-20T22:22:09+00:00\",\"description\":\"Sur sa plateforme de communication Truth Social, il a affirm\u00e9 que Assad est parti , ajoutant que son protecteur, la Russie, la Russie, la Russie, dirig\u00e9e par...\",\"breadcrumb\":{\"@id\":\"https:\\\/\\\/www.webdo.tn\\\/fr\\\/actualite\\\/international\\\/trump-la-russie-ne-se-soucie-plus-d-al-assad\\\/218192\\\/#breadcrumb\"},\"inLanguage\":\"fr-FR\",\"potentialAction\":[{\"@type\":\"ReadAction\",\"target\":[\"https:\\\/\\\/www.webdo.tn\\\/fr\\\/actualite\\\/international\\\/trump-la-russie-ne-se-soucie-plus-d-al-assad\\\/218192\\\/\"]}]},{\"@type\":\"ImageObject\",\"inLanguage\":\"fr-FR\",\"@id\":\"https:\\\/\\\/www.webdo.tn\\\/fr\\\/actualite\\\/international\\\/trump-la-russie-ne-se-soucie-plus-d-al-assad\\\/218192\\\/#primaryimage\",\"url\":\"https:\\\/\\\/www.webdo.tn\\\/fr\\\/wp-content\\\/uploads\\\/2024\\\/12\\\/e067bb0bcac9d7b22f31090728b4703c.webp\",\"contentUrl\":\"https:\\\/\\\/www.webdo.tn\\\/fr\\\/wp-content\\\/uploads\\\/2024\\\/12\\\/e067bb0bcac9d7b22f31090728b4703c.webp\",\"width\":432,\"height\":230,\"caption\":\"Trump : La Russie ne se soucie plus d'al-Assad\"},{\"@type\":\"BreadcrumbList\",\"@id\":\"https:\\\/\\\/www.webdo.tn\\\/fr\\\/actualite\\\/international\\\/trump-la-russie-ne-se-soucie-plus-d-al-assad\\\/218192\\\/#breadcrumb\",\"itemListElement\":[{\"@type\":\"ListItem\",\"position\":1,\"name\":\"Accueil\",\"item\":\"https:\\\/\\\/www.webdo.tn\\\/fr\\\/\"},{\"@type\":\"ListItem\",\"position\":2,\"name\":\"Trump : La Russie ne se soucie plus d&rsquo;al-Assad\"}]},{\"@type\":\"WebSite\",\"@id\":\"https:\\\/\\\/www.webdo.tn\\\/fr\\\/#website\",\"url\":\"https:\\\/\\\/www.webdo.tn\\\/fr\\\/\",\"name\":\"webdo\",\"description\":\"Tunisie - News en Tunisie et \u00e0 l&#039;international sur Webdo.tn\",\"publisher\":{\"@id\":\"https:\\\/\\\/www.webdo.tn\\\/fr\\\/#organization\"},\"potentialAction\":[{\"@type\":\"SearchAction\",\"target\":{\"@type\":\"EntryPoint\",\"urlTemplate\":\"https:\\\/\\\/www.webdo.tn\\\/fr\\\/?s={search_term_string}\"},\"query-input\":{\"@type\":\"PropertyValueSpecification\",\"valueRequired\":true,\"valueName\":\"search_term_string\"}}],\"inLanguage\":\"fr-FR\"},{\"@type\":\"Organization\",\"@id\":\"https:\\\/\\\/www.webdo.tn\\\/fr\\\/#organization\",\"name\":\"Webdo\",\"alternateName\":\"Webdo.tn\",\"url\":\"https:\\\/\\\/www.webdo.tn\\\/fr\\\/\",\"logo\":{\"@type\":\"ImageObject\",\"inLanguage\":\"fr-FR\",\"@id\":\"https:\\\/\\\/www.webdo.tn\\\/fr\\\/#\\\/schema\\\/logo\\\/image\\\/\",\"url\":\"https:\\\/\\\/www.webdo.tn\\\/fr\\\/wp-content\\\/uploads\\\/2025\\\/06\\\/Webdo-Tunisie_168377.jpg\",\"contentUrl\":\"https:\\\/\\\/www.webdo.tn\\\/fr\\\/wp-content\\\/uploads\\\/2025\\\/06\\\/Webdo-Tunisie_168377.jpg\",\"width\":301,\"height\":301,\"caption\":\"Webdo\"},\"image\":{\"@id\":\"https:\\\/\\\/www.webdo.tn\\\/fr\\\/#\\\/schema\\\/logo\\\/image\\\/\"},\"sameAs\":[\"https:\\\/\\\/www.facebook.com\\\/webdotn\",\"https:\\\/\\\/x.com\\\/webdo_tn\"],\"description\":\"Webdo est un m\u00e9dia num\u00e9rique tunisien fond\u00e9 en 2010, sp\u00e9cialis\u00e9 dans l\u2019actualit\u00e9 nationale et internationale, l\u2019\u00e9conomie, la soci\u00e9t\u00e9 et les analyses politiques. Le site s\u2019adresse \u00e0 un large public francophone et couvre l\u2019information tunisienne en temps r\u00e9el.\",\"email\":\"redac@webdo.tn\",\"legalName\":\"YNJ SARL\",\"foundingDate\":\"2010-09-06\",\"numberOfEmployees\":{\"@type\":\"QuantitativeValue\",\"minValue\":\"11\",\"maxValue\":\"50\"}},{\"@type\":\"Person\",\"@id\":\"https:\\\/\\\/www.webdo.tn\\\/fr\\\/#\\\/schema\\\/person\\\/82ca085b22037d285e1a3c4b65ba5f71\",\"name\":\"KJ\",\"image\":{\"@type\":\"ImageObject\",\"inLanguage\":\"fr-FR\",\"@id\":\"https:\\\/\\\/secure.gravatar.com\\\/avatar\\\/1a1320de1c1971c893f00068f760b4113d69504aa21273da17ee95650c5944fd?s=96&d=mm&r=g\",\"url\":\"https:\\\/\\\/secure.gravatar.com\\\/avatar\\\/1a1320de1c1971c893f00068f760b4113d69504aa21273da17ee95650c5944fd?s=96&d=mm&r=g\",\"contentUrl\":\"https:\\\/\\\/secure.gravatar.com\\\/avatar\\\/1a1320de1c1971c893f00068f760b4113d69504aa21273da17ee95650c5944fd?s=96&d=mm&r=g\",\"caption\":\"KJ\"},\"url\":\"https:\\\/\\\/www.webdo.tn\\\/fr\\\/actualite\\\/author\\\/kj\\\/\"}]}<\/script>\n<!-- \/ Yoast SEO Premium plugin. -->","yoast_head_json":{"title":"Trump : La Russie ne se soucie plus d'al-Assad","description":"Sur sa plateforme de communication Truth Social, il a affirm\u00e9 que Assad est parti , ajoutant que son protecteur, la Russie, la Russie, la Russie, dirig\u00e9e par...","canonical":"https:\/\/www.webdo.tn\/fr\/actualite\/international\/trump-la-russie-ne-se-soucie-plus-d-al-assad\/218192\/","og_locale":"fr_FR","og_type":"article","og_title":"Trump : La Russie ne se soucie plus d'al-Assad","og_description":"Sur sa plateforme de communication Truth Social, il a affirm\u00e9 que Assad est parti , ajoutant que son protecteur, la Russie, la Russie, la Russie, dirig\u00e9e par...","og_url":"https:\/\/www.webdo.tn\/fr\/actualite\/international\/trump-la-russie-ne-se-soucie-plus-d-al-assad\/218192\/","og_site_name":"webdo","article_publisher":"https:\/\/www.facebook.com\/webdotn","article_published_time":"2024-12-08T10:34:00+00:00","article_modified_time":"2025-05-20T22:22:09+00:00","og_image":[{"width":432,"height":230,"url":"https:\/\/www.webdo.tn\/fr\/wp-content\/uploads\/2024\/12\/e067bb0bcac9d7b22f31090728b4703c.webp","type":"image\/webp"}],"author":"KJ","twitter_card":"summary_large_image","twitter_creator":"@webdo_tn","twitter_site":"@webdo_tn","twitter_misc":{"\u00c9crit par":"KJ","Dur\u00e9e de lecture estim\u00e9e":"1 minute"},"schema":{"@context":"https:\/\/schema.org","@graph":[{"@type":"NewsArticle","@id":"https:\/\/www.webdo.tn\/fr\/actualite\/international\/trump-la-russie-ne-se-soucie-plus-d-al-assad\/218192\/#article","isPartOf":{"@id":"https:\/\/www.webdo.tn\/fr\/actualite\/international\/trump-la-russie-ne-se-soucie-plus-d-al-assad\/218192\/"},"author":{"name":"KJ","@id":"https:\/\/www.webdo.tn\/fr\/#\/schema\/person\/82ca085b22037d285e1a3c4b65ba5f71"},"headline":"Trump : La Russie ne se soucie plus d&rsquo;al-Assad","datePublished":"2024-12-08T10:34:00+00:00","dateModified":"2025-05-20T22:22:09+00:00","mainEntityOfPage":{"@id":"https:\/\/www.webdo.tn\/fr\/actualite\/international\/trump-la-russie-ne-se-soucie-plus-d-al-assad\/218192\/"},"wordCount":162,"commentCount":0,"publisher":{"@id":"https:\/\/www.webdo.tn\/fr\/#organization"},"image":{"@id":"https:\/\/www.webdo.tn\/fr\/actualite\/international\/trump-la-russie-ne-se-soucie-plus-d-al-assad\/218192\/#primaryimage"},"thumbnailUrl":"https:\/\/www.webdo.tn\/fr\/wp-content\/uploads\/2024\/12\/e067bb0bcac9d7b22f31090728b4703c.webp","keywords":["Russie","trump","USA"],"articleSection":["International"],"inLanguage":"fr-FR"},{"@type":"WebPage","@id":"https:\/\/www.webdo.tn\/fr\/actualite\/international\/trump-la-russie-ne-se-soucie-plus-d-al-assad\/218192\/","url":"https:\/\/www.webdo.tn\/fr\/actualite\/international\/trump-la-russie-ne-se-soucie-plus-d-al-assad\/218192\/","name":"Trump : La Russie ne se soucie plus d'al-Assad","isPartOf":{"@id":"https:\/\/www.webdo.tn\/fr\/#website"},"primaryImageOfPage":{"@id":"https:\/\/www.webdo.tn\/fr\/actualite\/international\/trump-la-russie-ne-se-soucie-plus-d-al-assad\/218192\/#primaryimage"},"image":{"@id":"https:\/\/www.webdo.tn\/fr\/actualite\/international\/trump-la-russie-ne-se-soucie-plus-d-al-assad\/218192\/#primaryimage"},"thumbnailUrl":"https:\/\/www.webdo.tn\/fr\/wp-content\/uploads\/2024\/12\/e067bb0bcac9d7b22f31090728b4703c.webp","datePublished":"2024-12-08T10:34:00+00:00","dateModified":"2025-05-20T22:22:09+00:00","description":"Sur sa plateforme de communication Truth Social, il a affirm\u00e9 que Assad est parti , ajoutant que son protecteur, la Russie, la Russie, la Russie, dirig\u00e9e par...","breadcrumb":{"@id":"https:\/\/www.webdo.tn\/fr\/actualite\/international\/trump-la-russie-ne-se-soucie-plus-d-al-assad\/218192\/#breadcrumb"},"inLanguage":"fr-FR","potentialAction":[{"@type":"ReadAction","target":["https:\/\/www.webdo.tn\/fr\/actualite\/international\/trump-la-russie-ne-se-soucie-plus-d-al-assad\/218192\/"]}]},{"@type":"ImageObject","inLanguage":"fr-FR","@id":"https:\/\/www.webdo.tn\/fr\/actualite\/international\/trump-la-russie-ne-se-soucie-plus-d-al-assad\/218192\/#primaryimage","url":"https:\/\/www.webdo.tn\/fr\/wp-content\/uploads\/2024\/12\/e067bb0bcac9d7b22f31090728b4703c.webp","contentUrl":"https:\/\/www.webdo.tn\/fr\/wp-content\/uploads\/2024\/12\/e067bb0bcac9d7b22f31090728b4703c.webp","width":432,"height":230,"caption":"Trump : La Russie ne se soucie plus d'al-Assad"},{"@type":"BreadcrumbList","@id":"https:\/\/www.webdo.tn\/fr\/actualite\/international\/trump-la-russie-ne-se-soucie-plus-d-al-assad\/218192\/#breadcrumb","itemListElement":[{"@type":"ListItem","position":1,"name":"Accueil","item":"https:\/\/www.webdo.tn\/fr\/"},{"@type":"ListItem","position":2,"name":"Trump : La Russie ne se soucie plus d&rsquo;al-Assad"}]},{"@type":"WebSite","@id":"https:\/\/www.webdo.tn\/fr\/#website","url":"https:\/\/www.webdo.tn\/fr\/","name":"webdo","description":"Tunisie - News en Tunisie et \u00e0 l&#039;international sur Webdo.tn","publisher":{"@id":"https:\/\/www.webdo.tn\/fr\/#organization"},"potentialAction":[{"@type":"SearchAction","target":{"@type":"EntryPoint","urlTemplate":"https:\/\/www.webdo.tn\/fr\/?s={search_term_string}"},"query-input":{"@type":"PropertyValueSpecification","valueRequired":true,"valueName":"search_term_string"}}],"inLanguage":"fr-FR"},{"@type":"Organization","@id":"https:\/\/www.webdo.tn\/fr\/#organization","name":"Webdo","alternateName":"Webdo.tn","url":"https:\/\/www.webdo.tn\/fr\/","logo":{"@type":"ImageObject","inLanguage":"fr-FR","@id":"https:\/\/www.webdo.tn\/fr\/#\/schema\/logo\/image\/","url":"https:\/\/www.webdo.tn\/fr\/wp-content\/uploads\/2025\/06\/Webdo-Tunisie_168377.jpg","contentUrl":"https:\/\/www.webdo.tn\/fr\/wp-content\/uploads\/2025\/06\/Webdo-Tunisie_168377.jpg","width":301,"height":301,"caption":"Webdo"},"image":{"@id":"https:\/\/www.webdo.tn\/fr\/#\/schema\/logo\/image\/"},"sameAs":["https:\/\/www.facebook.com\/webdotn","https:\/\/x.com\/webdo_tn"],"description":"Webdo est un m\u00e9dia num\u00e9rique tunisien fond\u00e9 en 2010, sp\u00e9cialis\u00e9 dans l\u2019actualit\u00e9 nationale et internationale, l\u2019\u00e9conomie, la soci\u00e9t\u00e9 et les analyses politiques. Le site s\u2019adresse \u00e0 un large public francophone et couvre l\u2019information tunisienne en temps r\u00e9el.","email":"redac@webdo.tn","legalName":"YNJ SARL","foundingDate":"2010-09-06","numberOfEmployees":{"@type":"QuantitativeValue","minValue":"11","maxValue":"50"}},{"@type":"Person","@id":"https:\/\/www.webdo.tn\/fr\/#\/schema\/person\/82ca085b22037d285e1a3c4b65ba5f71","name":"KJ","image":{"@type":"ImageObject","inLanguage":"fr-FR","@id":"https:\/\/secure.gravatar.com\/avatar\/1a1320de1c1971c893f00068f760b4113d69504aa21273da17ee95650c5944fd?s=96&d=mm&r=g","url":"https:\/\/secure.gravatar.com\/avatar\/1a1320de1c1971c893f00068f760b4113d69504aa21273da17ee95650c5944fd?s=96&d=mm&r=g","contentUrl":"https:\/\/secure.gravatar.com\/avatar\/1a1320de1c1971c893f00068f760b4113d69504aa21273da17ee95650c5944fd?s=96&d=mm&r=g","caption":"KJ"},"url":"https:\/\/www.webdo.tn\/fr\/actualite\/author\/kj\/"}]}},"_links":{"self":[{"href":"https:\/\/www.webdo.tn\/fr\/wp-json\/wp\/v2\/posts\/218192","targetHints":{"allow":["GET"]}}],"collection":[{"href":"https:\/\/www.webdo.tn\/fr\/wp-json\/wp\/v2\/posts"}],"about":[{"href":"https:\/\/www.webdo.tn\/fr\/wp-json\/wp\/v2\/types\/post"}],"author":[{"embeddable":true,"href":"https:\/\/www.webdo.tn\/fr\/wp-json\/wp\/v2\/users\/3163"}],"replies":[{"embeddable":true,"href":"https:\/\/www.webdo.tn\/fr\/wp-json\/wp\/v2\/comments?post=218192"}],"version-history":[{"count":0,"href":"https:\/\/www.webdo.tn\/fr\/wp-json\/wp\/v2\/posts\/218192\/revisions"}],"wp:featuredmedia":[{"embeddable":true,"href":"https:\/\/www.webdo.tn\/fr\/wp-json\/wp\/v2\/media\/291497"}],"wp:attachment":[{"href":"https:\/\/www.webdo.tn\/fr\/wp-json\/wp\/v2\/media?parent=218192"}],"wp:term":[{"taxonomy":"category","embeddable":true,"href":"https:\/\/www.webdo.tn\/fr\/wp-json\/wp\/v2\/categories?post=218192"},{"taxonomy":"post_tag","embeddable":true,"href":"https:\/\/www.webdo.tn\/fr\/wp-json\/wp\/v2\/tags?post=218192"}],"curies":[{"name":"wp","href":"https:\/\/api.w.org\/{rel}","templated":true}]}}