{"id":218189,"date":"2024-12-08T08:25:00","date_gmt":"2024-12-08T08:25:00","guid":{"rendered":"https:\/\/www.webdo.tn\/fr\/blog\/rsiff-2024-thierry-fremaux-le-cinema-dans-l-ame\/218189\/"},"modified":"2025-05-21T08:57:45","modified_gmt":"2025-05-21T08:57:45","slug":"rsiff-2024-thierry-fremaux-le-cinema-dans-l-ame","status":"publish","type":"post","link":"https:\/\/www.webdo.tn\/fr\/actualite\/culture\/rsiff-2024-thierry-fremaux-le-cinema-dans-l-ame\/218189\/","title":{"rendered":"RSIFF 2024 : Thierry Fr\u00e9maux, le cin\u00e9ma dans l\u2019\u00e2me"},"content":{"rendered":"<div class=\"single-body entry-content typography-copy\" itemprop=\"articleBody\">\n<p style=\"font-weight: bold; text-align: justify\">\n\t\t\t\t\t\t\t\t\tLors de la quatri\u00e8me \u00e9dition du Festival International du Film de la Mer Rouge (RSIFF), Thierry Fr\u00e9maux, figure incontournable du cin\u00e9ma mondial, a captiv\u00e9 l\u2019auditoire avec une master class intitul\u00e9e \u00ab\u00a0Cinefilomania\u00a0\u00bb. Celui qui incarne, depuis plus de vingt ans, l\u2019\u00e2me du Festival de Cannes a partag\u00e9 son parcours hors du commun, ses r\u00e9flexions sur le cin\u00e9ma, et les anecdotes qui fa\u00e7onnent sa vision unique du septi\u00e8me art.\u00a0\n\t\t\t\t\t\t\t\t<\/p>\n<div class=\"coprs\" style=\"text-align: center\"><\/div>\n<div class=\"coprs\" style=\"text-align: justify\">\n<p><span><span>Originaire de Lyon, berceau des fr\u00e8res Lumi\u00e8re, Thierry Fr\u00e9maux est tomb\u00e9 amoureux du cin\u00e9ma d\u00e8s son plus jeune \u00e2ge, influenc\u00e9 par son p\u00e8re, membre d\u2019un cin\u00e9-club. Ce dernier l\u2019initie \u00e0 des \u0153uvres qui marqueront \u00e0 jamais son imaginaire. Pouss\u00e9 par cette passion, il \u00e9tudie l\u2019histoire sociale et obtient une ma\u00eetrise avec un m\u00e9moire consacr\u00e9 aux d\u00e9buts de la revuecin\u00e9matographique <em>Positif<\/em>. Il amorce ensuite un DEA sur l\u2019histoire sociale du cin\u00e9ma, qu\u2019il interrompt lorsqu\u2019il est recrut\u00e9 par l\u2019Institut Lumi\u00e8re, fond\u00e9 par Bertrand Tavernier.\u00a0 <\/span><\/span><\/p>\n<p><span><span>L\u2019Institut Lumi\u00e8re constitue une \u00e9tape fondatrice dans sa carri\u00e8re. \u00ab <em>J\u2019avais 20 ans, je suis all\u00e9 demander s\u2019ils avaient besoin d\u2019aide. J\u2019ai \u00e9t\u00e9 engag\u00e9 comme volontaire. J\u2019\u00e9tais un esclave, mais un esclave heureux. <\/em>\u00bb Ce r\u00f4le, d\u2019abord b\u00e9n\u00e9vole, lui ouvre les portes du monde du cin\u00e9ma et le pousse \u00e0 d\u00e9velopper une \u00e9thique professionnelle fond\u00e9e sur la passion et l\u2019humilit\u00e9. \u00c0 Lyon, il contribue \u00e0 restaurer des \u0153uvres majeures et \u00e0 faire revivre l\u2019h\u00e9ritage des fr\u00e8res Lumi\u00e8re, ce qui nourrit son amour pour la salle de cin\u00e9ma comme lieu de communion artistique.\u00a0 <\/span><\/span><\/p>\n<p><span><span>En 1979, Thierry Fr\u00e9maux se rend pour la premi\u00e8re fois au Festival de Cannes. \u00c0 l\u2019\u00e9poque, il n\u2019a ni accr\u00e9ditation, ni contact, ni m\u00eame de quoi se loger correctement. Il dort dans sa voiture, port\u00e9 par un amour visc\u00e9ral pour le cin\u00e9ma et une fascination pour ce festival mythique. Ce premier contact avec Cannes, bien que modeste, scelle une relation qui deviendra l\u2019\u00e9l\u00e9ment central de sa vie professionnelle.\u00a0 <\/span><\/span><\/p>\n<p><span><span>Ce n\u2019est qu\u2019apr\u00e8s plusieurs propositions et refus qu\u2019il accepte finalement de rejoindre le Festival de Cannes, o\u00f9 il devient d\u00e9l\u00e9gu\u00e9 g\u00e9n\u00e9ral en 2007. \u00ab <em>On m\u2019a d\u2019abord propos\u00e9 de diriger la Cin\u00e9math\u00e8que fran\u00e7aise, mais j\u2019ai dit non. Puis, on m\u2019a demand\u00e9 d\u2019aller \u00e0 Cannes. J\u2019ai h\u00e9sit\u00e9 avant d\u2019accepter trois ans plus tard.<\/em> \u00bb Aujourd\u2019hui, il partage son temps entre Cannes et Lyon, un \u00e9quilibre qu\u2019il consid\u00e8re comme essentiel.\u00a0 <\/span><\/span><\/p>\n<p><span><span>Lors de sa master class, il explique son approche unique en mati\u00e8re de s\u00e9lection : il ne choisit pas un film uniquement pour sa qualit\u00e9 intrins\u00e8que, mais pour ce qu\u2019il peut apporter au festival. \u00ab <em>Mon r\u00f4le n\u2019est pas de s\u00e9lectionner ce que j\u2019aime personnellement, mais ce qui m\u00e9rite d\u2019\u00eatre montr\u00e9 \u00e0 Cannes. Parfois, il y a des films que je n\u2019aime pas particuli\u00e8rement, mais qui ont leur place ici. \u00c0 l\u2019inverse, certains excellents films n\u2019y conviennent pas<\/em>. \u00bb\u00a0 <\/span><\/span><\/p>\n<p><span><span>Pour Thierry Fr\u00e9maux, Cannes est bien plus qu\u2019un simple festival : c\u2019est un microcosme o\u00f9 cohabitent r\u00e9alisateurs, acteurs, journalistes, critiques, et m\u00eame les habitants et restaurateurs locaux. \u00ab <em>Cannes, c\u2019est un festival mondial mais qui a lieu en France. C\u2019est un lieu o\u00f9 les grands films prot\u00e8gent les petits, o\u00f9 la qualit\u00e9 artistique est toujours au centre.<\/em> \u00bb\u00a0 <\/span><\/span><\/p>\n<p><span><span>Les tapis rouges de Cannes, qu\u2019il qualifie de \u00ab <em>spectacle \u00e0 part enti\u00e8re<\/em> \u00bb, ne sont pas qu\u2019un simple d\u00e9fil\u00e9 de c\u00e9l\u00e9brit\u00e9s. Ils constituent un moment de communion entre les artistes et le public, une mise en lumi\u00e8re du travail acharn\u00e9 derri\u00e8re chaque film pr\u00e9sent\u00e9. Cependant, il n\u2019h\u00e9site pas \u00e0 rappeler que la critique, les d\u00e9bats et les discussions anim\u00e9es entre journalistes et spectateurs jouent \u00e9galement un r\u00f4le crucial dans l\u2019identit\u00e9 du festival.\u00a0 <\/span><\/span><\/p>\n<p><span><span>Le r\u00f4le de Thierry Fr\u00e9maux est \u00e9galement marqu\u00e9 par des d\u00e9cisions parfois controvers\u00e9es, mais visionnaires. Il \u00e9voque notamment son choix de programmer <em>Devdas<\/em> en 2002, un film Bollywood grand public qui avait divis\u00e9 l\u2019opinion. \u00ab <em>Ce n\u2019\u00e9tait pas du cin\u00e9ma indien d\u2019auteur, mais du cin\u00e9ma populaire. Pourtant, c\u2019\u00e9tait un chef-d\u2019\u0153uvre. Je regrette de ne pas l\u2019avoir mis en comp\u00e9tition officielle.<\/em> \u00bb\u00a0 <\/span><\/span><\/p>\n<p><span><span>Plus r\u00e9cemment, il a pris la d\u00e9cision de pr\u00e9senter <a href=\"https:\/\/www.webdo.tn\/fr\/actualite\/culture\/cannes-2024-the-substance-une-experience-cinematographique-immersive-et-intense\/214336\"><em>The Substance<\/em> en comp\u00e9tition officielle<\/a>, un film d\u2019horreur du genre \u00ab body horror \u00bb, qu\u2019il estimait mal servi par des sections comme les Midnight Screenings. \u00ab <em>Un film doit recevoir l\u2019attention qu\u2019il m\u00e9rite, peu importe son genre<\/em>. \u00bb Ce choix refl\u00e8te sa volont\u00e9 de d\u00e9fendre la diversit\u00e9 et de red\u00e9finir les fronti\u00e8res de ce qui est consid\u00e9r\u00e9 comme \u00ab\u00a0l\u00e9gitime\u00a0\u00bb dans un festival aussi prestigieux que Cannes.\u00a0 <\/span><\/span><\/p>\n<p><span><span>Le processus de s\u00e9lection des films est un exercice rigoureux, presque ext\u00e9nuant. \u00ab <em>En avril, mes collaborateurs et moi avons nos yeux dans un \u00e9tat lamentable \u00e0 force de visionner des films. Parfois, nous devons faire une pause pour pr\u00e9server notre jugement.<\/em> \u00bb Malgr\u00e9 cette fatigue, Thierry Fr\u00e9maux reste anim\u00e9 par l\u2019excitation de d\u00e9couvrir \u00ab le beau film \u00bb, celui qui justifie tous les sacrifices.\u00a0 <\/span><\/span><\/p>\n<p>\u00a0<\/p>\n<p><img decoding=\"async\" alt=\"\" height=\"961\" src=\"\/assets\/uploads\/images\/\/Neila\/RSIFF%202024%20Thierry%20Fre%CC%81maux.jpg\" width=\"1440\"><\/p>\n<p>\u00a0<\/p>\n<p><span><span>Interrog\u00e9 sur l\u2019avenir du cin\u00e9ma face aux d\u00e9fis pos\u00e9s par les plateformes de streaming et la pand\u00e9mie, il demeure optimiste. Pour lui, l\u2019exp\u00e9rience collective de la salle de cin\u00e9ma est irrempla\u00e7able. \u00ab <em>Les fr\u00e8res Lumi\u00e8re ont invent\u00e9 non seulement le cin\u00e9ma, mais aussi l\u2019art de partager des \u00e9motions sur grand \u00e9cran. Cela ne dispara\u00eetra jamais. <\/em>\u00bb\u00a0 <\/span><\/span><\/p>\n<p><span><span>Thierry Fr\u00e9maux a \u00e9galement exprim\u00e9 son admiration pour le RSIFF, qu\u2019il consid\u00e8re comme une plateforme \u00e9mergente d\u2019une grande importance pour le cin\u00e9ma arabe et africain. <em>\u00ab Ce festival a tout pour devenir un rendez-vous incontournable, tant par la qualit\u00e9 de ses projections que par la diversit\u00e9 de sa s\u00e9lection<\/em>. \u00bb\u00a0 <\/span><\/span><\/p>\n<p><span><span>Au-del\u00e0 des chiffres et des r\u00e9ussites, Thierry Fr\u00e9maux incarne une philosophie du cin\u00e9ma fond\u00e9e sur la passion, l\u2019audace et le respect de l\u2019art. Lorsqu\u2019on lui demande ce qu\u2019il conseille aux jeunes cin\u00e9astes, il r\u00e9pond simplement : \u00ab <em>Faites un bon film. Peu importe son genre, il finira par trouver sa place<\/em>. \u00bb\u00a0 <\/span><\/span><\/p>\n<p><span><span>Son parcours, entre Lyon et Cannes, entre les tapis rouges et les salles obscures, est un hommage vibrant \u00e0 la force du cin\u00e9ma comme vecteur d\u2019\u00e9motion et d\u2019humanit\u00e9. Par ses choix, ses r\u00e9cits et son engagement, il inspire une nouvelle g\u00e9n\u00e9ration de cin\u00e9philes \u00e0 r\u00eaver grand, tout en gardant les pieds sur terre.<\/span><\/span><\/p>\n<p><strong><span><span>Ne\u00efla Driss<\/span><\/span><\/strong><\/p>\n<\/p><\/div>\n<div class=\"coprs\" style=\"text-align: center\"><\/div><\/div>\n","protected":false},"excerpt":{"rendered":"<p>Lors de la quatri\u00e8me \u00e9dition du Festival International du Film de la Mer Rouge (RSIFF), Thierry Fr\u00e9maux, figure incontournable du cin\u00e9ma mondial, a captiv\u00e9 l\u2019au&#8230;<\/p>\n","protected":false},"author":3164,"featured_media":291496,"comment_status":"open","ping_status":"closed","sticky":false,"template":"","format":"standard","meta":{"footnotes":""},"categories":[2594],"tags":[2626,2628,2627,4709,3985,3986,4708],"class_list":["post-218189","post","type-post","status-publish","format-standard","has-post-thumbnail","hentry","category-culture","tag-cinema","tag-festival","tag-festival-de-cannes","tag-festival-international-du-film-de-la-mer-rouge","tag-red-sea-international-film-festival","tag-rsiff","tag-rsiff-2024"],"yoast_head":"<!-- This site is optimized with the Yoast SEO Premium plugin v27.4 (Yoast SEO v27.4) - https:\/\/yoast.com\/product\/yoast-seo-premium-wordpress\/ -->\n<title>RSIFF 2024 : Thierry Fr\u00e9maux, le cin\u00e9ma dans l\u2019\u00e2me<\/title>\n<meta name=\"description\" content=\"Lors de la quatri\u00e8me \u00e9dition du Festival International du Film de la Mer Rouge (RSIFF), Thierry Fr\u00e9maux, figure incontournable du cin\u00e9ma mondial, a captiv\u00e9 l\u2019au...\" \/>\n<link rel=\"canonical\" href=\"https:\/\/www.webdo.tn\/fr\/actualite\/culture\/rsiff-2024-thierry-fremaux-le-cinema-dans-l-ame\/218189\/\" \/>\n<meta property=\"og:locale\" content=\"fr_FR\" \/>\n<meta property=\"og:type\" content=\"article\" \/>\n<meta property=\"og:title\" content=\"RSIFF 2024 : Thierry Fr\u00e9maux, le cin\u00e9ma dans l\u2019\u00e2me\" \/>\n<meta property=\"og:description\" content=\"Lors de la quatri\u00e8me \u00e9dition du Festival International du Film de la Mer Rouge (RSIFF), Thierry Fr\u00e9maux, figure incontournable du cin\u00e9ma mondial, a captiv\u00e9 l\u2019au...\" \/>\n<meta property=\"og:url\" content=\"https:\/\/www.webdo.tn\/fr\/actualite\/culture\/rsiff-2024-thierry-fremaux-le-cinema-dans-l-ame\/218189\/\" \/>\n<meta property=\"og:site_name\" content=\"webdo\" \/>\n<meta property=\"article:publisher\" content=\"https:\/\/www.facebook.com\/webdotn\" \/>\n<meta property=\"article:author\" content=\"https:\/\/www.facebook.com\/massir.destiniii\/\" \/>\n<meta property=\"article:published_time\" content=\"2024-12-08T08:25:00+00:00\" \/>\n<meta property=\"article:modified_time\" content=\"2025-05-21T08:57:45+00:00\" \/>\n<meta property=\"og:image\" content=\"https:\/\/www.webdo.tn\/fr\/wp-content\/uploads\/2024\/12\/fcd9e1d31629b6f40bdc376bf5eb0b5d.webp\" \/>\n\t<meta property=\"og:image:width\" content=\"750\" \/>\n\t<meta property=\"og:image:height\" content=\"400\" \/>\n\t<meta property=\"og:image:type\" content=\"image\/webp\" \/>\n<meta name=\"author\" content=\"Ne\u00efla DRISS\" \/>\n<meta name=\"twitter:card\" content=\"summary_large_image\" \/>\n<meta name=\"twitter:creator\" content=\"@https:\/\/x.com\/MassirDestin\" \/>\n<meta name=\"twitter:site\" content=\"@webdo_tn\" \/>\n<meta name=\"twitter:label1\" content=\"\u00c9crit par\" \/>\n\t<meta name=\"twitter:data1\" content=\"Ne\u00efla DRISS\" \/>\n\t<meta name=\"twitter:label2\" content=\"Dur\u00e9e de lecture estim\u00e9e\" \/>\n\t<meta name=\"twitter:data2\" content=\"6 minutes\" \/>\n<script type=\"application\/ld+json\" class=\"yoast-schema-graph\">{\"@context\":\"https:\\\/\\\/schema.org\",\"@graph\":[{\"@type\":\"NewsArticle\",\"@id\":\"https:\\\/\\\/www.webdo.tn\\\/fr\\\/actualite\\\/culture\\\/rsiff-2024-thierry-fremaux-le-cinema-dans-l-ame\\\/218189\\\/#article\",\"isPartOf\":{\"@id\":\"https:\\\/\\\/www.webdo.tn\\\/fr\\\/actualite\\\/culture\\\/rsiff-2024-thierry-fremaux-le-cinema-dans-l-ame\\\/218189\\\/\"},\"author\":{\"name\":\"Ne\u00efla DRISS\",\"@id\":\"https:\\\/\\\/www.webdo.tn\\\/fr\\\/#\\\/schema\\\/person\\\/60d5ba619ed3f58783b0dc82b7dada80\"},\"headline\":\"RSIFF 2024 : Thierry Fr\u00e9maux, le cin\u00e9ma dans l\u2019\u00e2me\",\"datePublished\":\"2024-12-08T08:25:00+00:00\",\"dateModified\":\"2025-05-21T08:57:45+00:00\",\"mainEntityOfPage\":{\"@id\":\"https:\\\/\\\/www.webdo.tn\\\/fr\\\/actualite\\\/culture\\\/rsiff-2024-thierry-fremaux-le-cinema-dans-l-ame\\\/218189\\\/\"},\"wordCount\":1157,\"commentCount\":0,\"publisher\":{\"@id\":\"https:\\\/\\\/www.webdo.tn\\\/fr\\\/#organization\"},\"image\":{\"@id\":\"https:\\\/\\\/www.webdo.tn\\\/fr\\\/actualite\\\/culture\\\/rsiff-2024-thierry-fremaux-le-cinema-dans-l-ame\\\/218189\\\/#primaryimage\"},\"thumbnailUrl\":\"https:\\\/\\\/www.webdo.tn\\\/fr\\\/wp-content\\\/uploads\\\/2024\\\/12\\\/fcd9e1d31629b6f40bdc376bf5eb0b5d.webp\",\"keywords\":[\"Cin\u00e9ma\",\"Festival\",\"Festival de Cannes\",\"Festival International du Film de la Mer Rouge\",\"Red Sea International Film Festival\",\"RSIFF\",\"RSIFF 2024\"],\"articleSection\":[\"Culture\"],\"inLanguage\":\"fr-FR\"},{\"@type\":\"WebPage\",\"@id\":\"https:\\\/\\\/www.webdo.tn\\\/fr\\\/actualite\\\/culture\\\/rsiff-2024-thierry-fremaux-le-cinema-dans-l-ame\\\/218189\\\/\",\"url\":\"https:\\\/\\\/www.webdo.tn\\\/fr\\\/actualite\\\/culture\\\/rsiff-2024-thierry-fremaux-le-cinema-dans-l-ame\\\/218189\\\/\",\"name\":\"RSIFF 2024 : Thierry Fr\u00e9maux, le cin\u00e9ma dans l\u2019\u00e2me\",\"isPartOf\":{\"@id\":\"https:\\\/\\\/www.webdo.tn\\\/fr\\\/#website\"},\"primaryImageOfPage\":{\"@id\":\"https:\\\/\\\/www.webdo.tn\\\/fr\\\/actualite\\\/culture\\\/rsiff-2024-thierry-fremaux-le-cinema-dans-l-ame\\\/218189\\\/#primaryimage\"},\"image\":{\"@id\":\"https:\\\/\\\/www.webdo.tn\\\/fr\\\/actualite\\\/culture\\\/rsiff-2024-thierry-fremaux-le-cinema-dans-l-ame\\\/218189\\\/#primaryimage\"},\"thumbnailUrl\":\"https:\\\/\\\/www.webdo.tn\\\/fr\\\/wp-content\\\/uploads\\\/2024\\\/12\\\/fcd9e1d31629b6f40bdc376bf5eb0b5d.webp\",\"datePublished\":\"2024-12-08T08:25:00+00:00\",\"dateModified\":\"2025-05-21T08:57:45+00:00\",\"description\":\"Lors de la quatri\u00e8me \u00e9dition du Festival International du Film de la Mer Rouge (RSIFF), Thierry Fr\u00e9maux, figure incontournable du cin\u00e9ma mondial, a captiv\u00e9 l\u2019au...\",\"breadcrumb\":{\"@id\":\"https:\\\/\\\/www.webdo.tn\\\/fr\\\/actualite\\\/culture\\\/rsiff-2024-thierry-fremaux-le-cinema-dans-l-ame\\\/218189\\\/#breadcrumb\"},\"inLanguage\":\"fr-FR\",\"potentialAction\":[{\"@type\":\"ReadAction\",\"target\":[\"https:\\\/\\\/www.webdo.tn\\\/fr\\\/actualite\\\/culture\\\/rsiff-2024-thierry-fremaux-le-cinema-dans-l-ame\\\/218189\\\/\"]}]},{\"@type\":\"ImageObject\",\"inLanguage\":\"fr-FR\",\"@id\":\"https:\\\/\\\/www.webdo.tn\\\/fr\\\/actualite\\\/culture\\\/rsiff-2024-thierry-fremaux-le-cinema-dans-l-ame\\\/218189\\\/#primaryimage\",\"url\":\"https:\\\/\\\/www.webdo.tn\\\/fr\\\/wp-content\\\/uploads\\\/2024\\\/12\\\/fcd9e1d31629b6f40bdc376bf5eb0b5d.webp\",\"contentUrl\":\"https:\\\/\\\/www.webdo.tn\\\/fr\\\/wp-content\\\/uploads\\\/2024\\\/12\\\/fcd9e1d31629b6f40bdc376bf5eb0b5d.webp\",\"width\":750,\"height\":400,\"caption\":\"RSIFF 2024 : Thierry Fr\u00e9maux, le cin\u00e9ma dans l\u2019\u00e2me\"},{\"@type\":\"BreadcrumbList\",\"@id\":\"https:\\\/\\\/www.webdo.tn\\\/fr\\\/actualite\\\/culture\\\/rsiff-2024-thierry-fremaux-le-cinema-dans-l-ame\\\/218189\\\/#breadcrumb\",\"itemListElement\":[{\"@type\":\"ListItem\",\"position\":1,\"name\":\"Accueil\",\"item\":\"https:\\\/\\\/www.webdo.tn\\\/fr\\\/\"},{\"@type\":\"ListItem\",\"position\":2,\"name\":\"RSIFF 2024 : Thierry Fr\u00e9maux, le cin\u00e9ma dans l\u2019\u00e2me\"}]},{\"@type\":\"WebSite\",\"@id\":\"https:\\\/\\\/www.webdo.tn\\\/fr\\\/#website\",\"url\":\"https:\\\/\\\/www.webdo.tn\\\/fr\\\/\",\"name\":\"webdo\",\"description\":\"Tunisie - News en Tunisie et \u00e0 l&#039;international sur Webdo.tn\",\"publisher\":{\"@id\":\"https:\\\/\\\/www.webdo.tn\\\/fr\\\/#organization\"},\"potentialAction\":[{\"@type\":\"SearchAction\",\"target\":{\"@type\":\"EntryPoint\",\"urlTemplate\":\"https:\\\/\\\/www.webdo.tn\\\/fr\\\/?s={search_term_string}\"},\"query-input\":{\"@type\":\"PropertyValueSpecification\",\"valueRequired\":true,\"valueName\":\"search_term_string\"}}],\"inLanguage\":\"fr-FR\"},{\"@type\":\"Organization\",\"@id\":\"https:\\\/\\\/www.webdo.tn\\\/fr\\\/#organization\",\"name\":\"Webdo\",\"alternateName\":\"Webdo.tn\",\"url\":\"https:\\\/\\\/www.webdo.tn\\\/fr\\\/\",\"logo\":{\"@type\":\"ImageObject\",\"inLanguage\":\"fr-FR\",\"@id\":\"https:\\\/\\\/www.webdo.tn\\\/fr\\\/#\\\/schema\\\/logo\\\/image\\\/\",\"url\":\"https:\\\/\\\/www.webdo.tn\\\/fr\\\/wp-content\\\/uploads\\\/2025\\\/06\\\/Webdo-Tunisie_168377.jpg\",\"contentUrl\":\"https:\\\/\\\/www.webdo.tn\\\/fr\\\/wp-content\\\/uploads\\\/2025\\\/06\\\/Webdo-Tunisie_168377.jpg\",\"width\":301,\"height\":301,\"caption\":\"Webdo\"},\"image\":{\"@id\":\"https:\\\/\\\/www.webdo.tn\\\/fr\\\/#\\\/schema\\\/logo\\\/image\\\/\"},\"sameAs\":[\"https:\\\/\\\/www.facebook.com\\\/webdotn\",\"https:\\\/\\\/x.com\\\/webdo_tn\"],\"description\":\"Webdo est un m\u00e9dia num\u00e9rique tunisien fond\u00e9 en 2010, sp\u00e9cialis\u00e9 dans l\u2019actualit\u00e9 nationale et internationale, l\u2019\u00e9conomie, la soci\u00e9t\u00e9 et les analyses politiques. Le site s\u2019adresse \u00e0 un large public francophone et couvre l\u2019information tunisienne en temps r\u00e9el.\",\"email\":\"redac@webdo.tn\",\"legalName\":\"YNJ SARL\",\"foundingDate\":\"2010-09-06\",\"numberOfEmployees\":{\"@type\":\"QuantitativeValue\",\"minValue\":\"11\",\"maxValue\":\"50\"}},{\"@type\":\"Person\",\"@id\":\"https:\\\/\\\/www.webdo.tn\\\/fr\\\/#\\\/schema\\\/person\\\/60d5ba619ed3f58783b0dc82b7dada80\",\"name\":\"Ne\u00efla DRISS\",\"image\":{\"@type\":\"ImageObject\",\"inLanguage\":\"fr-FR\",\"@id\":\"https:\\\/\\\/www.webdo.tn\\\/fr\\\/wp-content\\\/uploads\\\/2026\\\/04\\\/neila-driss_avatar-96x96.jpg\",\"url\":\"https:\\\/\\\/www.webdo.tn\\\/fr\\\/wp-content\\\/uploads\\\/2026\\\/04\\\/neila-driss_avatar-96x96.jpg\",\"contentUrl\":\"https:\\\/\\\/www.webdo.tn\\\/fr\\\/wp-content\\\/uploads\\\/2026\\\/04\\\/neila-driss_avatar-96x96.jpg\",\"caption\":\"Ne\u00efla DRISS\"},\"description\":\"Ne\u00efla Driss est juriste, journaliste culturelle et critique de cin\u00e9ma tunisienne. Titulaire d\u2019un DEA en droit priv\u00e9 de l\u2019Universit\u00e9 Paris II et d\u2019un DESS de l\u2019IHEC Carthage, elle d\u00e9bute sa carri\u00e8re comme juriste sp\u00e9cialis\u00e9e en gestion de patrimoine immobilier. Elle s\u2019oriente ensuite vers l\u2019\u00e9criture en ligne, o\u00f9 elle se distingue d\u00e8s 2006 aux Tunisia Blog Awards, avant de se consacrer au journalisme culturel, avec une sp\u00e9cialisation dans la critique cin\u00e9matographique. Elle couvre r\u00e9guli\u00e8rement les grands festivals internationaux, notamment le Festival de Cannes, les Journ\u00e9es Cin\u00e9matographiques de Carthage et le Festival du film du Caire. Membre de l\u2019ATPCC et de la FIPRESCI, elle participe \u00e0 des jurys et initiatives internationales de critique. Depuis 2024, elle est \u00e9lectrice internationale aux Golden Globes. Facebook : https:\\\/\\\/www.facebook.com\\\/massir.destiniii\\\/ X : https:\\\/\\\/x.com\\\/MassirDestin\",\"sameAs\":[\"https:\\\/\\\/www.facebook.com\\\/massir.destiniii\\\/\",\"https:\\\/\\\/www.instagram.com\\\/neila.driss\\\/?hl=fr\",\"https:\\\/\\\/www.linkedin.com\\\/in\\\/neila-driss-22606a80\\\/\",\"https:\\\/\\\/x.com\\\/https:\\\/\\\/x.com\\\/MassirDestin\"],\"knowsAbout\":[\"Cin\u00e9ma international\",\"critique cin\u00e9matographique\",\"festivals de cin\u00e9ma\",\"journalisme culturel\"],\"knowsLanguage\":[\"Fran\u00e7ais\",\"Arabe\",\"Anglais\"],\"jobTitle\":\"Journaliste culturelle et critique de cin\u00e9ma\",\"worksFor\":\"Webdo\",\"url\":\"https:\\\/\\\/www.webdo.tn\\\/fr\\\/actualite\\\/author\\\/neila-driss\\\/\"}]}<\/script>\n<!-- \/ Yoast SEO Premium plugin. -->","yoast_head_json":{"title":"RSIFF 2024 : Thierry Fr\u00e9maux, le cin\u00e9ma dans l\u2019\u00e2me","description":"Lors de la quatri\u00e8me \u00e9dition du Festival International du Film de la Mer Rouge (RSIFF), Thierry Fr\u00e9maux, figure incontournable du cin\u00e9ma mondial, a captiv\u00e9 l\u2019au...","canonical":"https:\/\/www.webdo.tn\/fr\/actualite\/culture\/rsiff-2024-thierry-fremaux-le-cinema-dans-l-ame\/218189\/","og_locale":"fr_FR","og_type":"article","og_title":"RSIFF 2024 : Thierry Fr\u00e9maux, le cin\u00e9ma dans l\u2019\u00e2me","og_description":"Lors de la quatri\u00e8me \u00e9dition du Festival International du Film de la Mer Rouge (RSIFF), Thierry Fr\u00e9maux, figure incontournable du cin\u00e9ma mondial, a captiv\u00e9 l\u2019au...","og_url":"https:\/\/www.webdo.tn\/fr\/actualite\/culture\/rsiff-2024-thierry-fremaux-le-cinema-dans-l-ame\/218189\/","og_site_name":"webdo","article_publisher":"https:\/\/www.facebook.com\/webdotn","article_author":"https:\/\/www.facebook.com\/massir.destiniii\/","article_published_time":"2024-12-08T08:25:00+00:00","article_modified_time":"2025-05-21T08:57:45+00:00","og_image":[{"width":750,"height":400,"url":"https:\/\/www.webdo.tn\/fr\/wp-content\/uploads\/2024\/12\/fcd9e1d31629b6f40bdc376bf5eb0b5d.webp","type":"image\/webp"}],"author":"Ne\u00efla DRISS","twitter_card":"summary_large_image","twitter_creator":"@https:\/\/x.com\/MassirDestin","twitter_site":"@webdo_tn","twitter_misc":{"\u00c9crit par":"Ne\u00efla DRISS","Dur\u00e9e de lecture estim\u00e9e":"6 minutes"},"schema":{"@context":"https:\/\/schema.org","@graph":[{"@type":"NewsArticle","@id":"https:\/\/www.webdo.tn\/fr\/actualite\/culture\/rsiff-2024-thierry-fremaux-le-cinema-dans-l-ame\/218189\/#article","isPartOf":{"@id":"https:\/\/www.webdo.tn\/fr\/actualite\/culture\/rsiff-2024-thierry-fremaux-le-cinema-dans-l-ame\/218189\/"},"author":{"name":"Ne\u00efla DRISS","@id":"https:\/\/www.webdo.tn\/fr\/#\/schema\/person\/60d5ba619ed3f58783b0dc82b7dada80"},"headline":"RSIFF 2024 : Thierry Fr\u00e9maux, le cin\u00e9ma dans l\u2019\u00e2me","datePublished":"2024-12-08T08:25:00+00:00","dateModified":"2025-05-21T08:57:45+00:00","mainEntityOfPage":{"@id":"https:\/\/www.webdo.tn\/fr\/actualite\/culture\/rsiff-2024-thierry-fremaux-le-cinema-dans-l-ame\/218189\/"},"wordCount":1157,"commentCount":0,"publisher":{"@id":"https:\/\/www.webdo.tn\/fr\/#organization"},"image":{"@id":"https:\/\/www.webdo.tn\/fr\/actualite\/culture\/rsiff-2024-thierry-fremaux-le-cinema-dans-l-ame\/218189\/#primaryimage"},"thumbnailUrl":"https:\/\/www.webdo.tn\/fr\/wp-content\/uploads\/2024\/12\/fcd9e1d31629b6f40bdc376bf5eb0b5d.webp","keywords":["Cin\u00e9ma","Festival","Festival de Cannes","Festival International du Film de la Mer Rouge","Red Sea International Film Festival","RSIFF","RSIFF 2024"],"articleSection":["Culture"],"inLanguage":"fr-FR"},{"@type":"WebPage","@id":"https:\/\/www.webdo.tn\/fr\/actualite\/culture\/rsiff-2024-thierry-fremaux-le-cinema-dans-l-ame\/218189\/","url":"https:\/\/www.webdo.tn\/fr\/actualite\/culture\/rsiff-2024-thierry-fremaux-le-cinema-dans-l-ame\/218189\/","name":"RSIFF 2024 : Thierry Fr\u00e9maux, le cin\u00e9ma dans l\u2019\u00e2me","isPartOf":{"@id":"https:\/\/www.webdo.tn\/fr\/#website"},"primaryImageOfPage":{"@id":"https:\/\/www.webdo.tn\/fr\/actualite\/culture\/rsiff-2024-thierry-fremaux-le-cinema-dans-l-ame\/218189\/#primaryimage"},"image":{"@id":"https:\/\/www.webdo.tn\/fr\/actualite\/culture\/rsiff-2024-thierry-fremaux-le-cinema-dans-l-ame\/218189\/#primaryimage"},"thumbnailUrl":"https:\/\/www.webdo.tn\/fr\/wp-content\/uploads\/2024\/12\/fcd9e1d31629b6f40bdc376bf5eb0b5d.webp","datePublished":"2024-12-08T08:25:00+00:00","dateModified":"2025-05-21T08:57:45+00:00","description":"Lors de la quatri\u00e8me \u00e9dition du Festival International du Film de la Mer Rouge (RSIFF), Thierry Fr\u00e9maux, figure incontournable du cin\u00e9ma mondial, a captiv\u00e9 l\u2019au...","breadcrumb":{"@id":"https:\/\/www.webdo.tn\/fr\/actualite\/culture\/rsiff-2024-thierry-fremaux-le-cinema-dans-l-ame\/218189\/#breadcrumb"},"inLanguage":"fr-FR","potentialAction":[{"@type":"ReadAction","target":["https:\/\/www.webdo.tn\/fr\/actualite\/culture\/rsiff-2024-thierry-fremaux-le-cinema-dans-l-ame\/218189\/"]}]},{"@type":"ImageObject","inLanguage":"fr-FR","@id":"https:\/\/www.webdo.tn\/fr\/actualite\/culture\/rsiff-2024-thierry-fremaux-le-cinema-dans-l-ame\/218189\/#primaryimage","url":"https:\/\/www.webdo.tn\/fr\/wp-content\/uploads\/2024\/12\/fcd9e1d31629b6f40bdc376bf5eb0b5d.webp","contentUrl":"https:\/\/www.webdo.tn\/fr\/wp-content\/uploads\/2024\/12\/fcd9e1d31629b6f40bdc376bf5eb0b5d.webp","width":750,"height":400,"caption":"RSIFF 2024 : Thierry Fr\u00e9maux, le cin\u00e9ma dans l\u2019\u00e2me"},{"@type":"BreadcrumbList","@id":"https:\/\/www.webdo.tn\/fr\/actualite\/culture\/rsiff-2024-thierry-fremaux-le-cinema-dans-l-ame\/218189\/#breadcrumb","itemListElement":[{"@type":"ListItem","position":1,"name":"Accueil","item":"https:\/\/www.webdo.tn\/fr\/"},{"@type":"ListItem","position":2,"name":"RSIFF 2024 : Thierry Fr\u00e9maux, le cin\u00e9ma dans l\u2019\u00e2me"}]},{"@type":"WebSite","@id":"https:\/\/www.webdo.tn\/fr\/#website","url":"https:\/\/www.webdo.tn\/fr\/","name":"webdo","description":"Tunisie - News en Tunisie et \u00e0 l&#039;international sur Webdo.tn","publisher":{"@id":"https:\/\/www.webdo.tn\/fr\/#organization"},"potentialAction":[{"@type":"SearchAction","target":{"@type":"EntryPoint","urlTemplate":"https:\/\/www.webdo.tn\/fr\/?s={search_term_string}"},"query-input":{"@type":"PropertyValueSpecification","valueRequired":true,"valueName":"search_term_string"}}],"inLanguage":"fr-FR"},{"@type":"Organization","@id":"https:\/\/www.webdo.tn\/fr\/#organization","name":"Webdo","alternateName":"Webdo.tn","url":"https:\/\/www.webdo.tn\/fr\/","logo":{"@type":"ImageObject","inLanguage":"fr-FR","@id":"https:\/\/www.webdo.tn\/fr\/#\/schema\/logo\/image\/","url":"https:\/\/www.webdo.tn\/fr\/wp-content\/uploads\/2025\/06\/Webdo-Tunisie_168377.jpg","contentUrl":"https:\/\/www.webdo.tn\/fr\/wp-content\/uploads\/2025\/06\/Webdo-Tunisie_168377.jpg","width":301,"height":301,"caption":"Webdo"},"image":{"@id":"https:\/\/www.webdo.tn\/fr\/#\/schema\/logo\/image\/"},"sameAs":["https:\/\/www.facebook.com\/webdotn","https:\/\/x.com\/webdo_tn"],"description":"Webdo est un m\u00e9dia num\u00e9rique tunisien fond\u00e9 en 2010, sp\u00e9cialis\u00e9 dans l\u2019actualit\u00e9 nationale et internationale, l\u2019\u00e9conomie, la soci\u00e9t\u00e9 et les analyses politiques. Le site s\u2019adresse \u00e0 un large public francophone et couvre l\u2019information tunisienne en temps r\u00e9el.","email":"redac@webdo.tn","legalName":"YNJ SARL","foundingDate":"2010-09-06","numberOfEmployees":{"@type":"QuantitativeValue","minValue":"11","maxValue":"50"}},{"@type":"Person","@id":"https:\/\/www.webdo.tn\/fr\/#\/schema\/person\/60d5ba619ed3f58783b0dc82b7dada80","name":"Ne\u00efla DRISS","image":{"@type":"ImageObject","inLanguage":"fr-FR","@id":"https:\/\/www.webdo.tn\/fr\/wp-content\/uploads\/2026\/04\/neila-driss_avatar-96x96.jpg","url":"https:\/\/www.webdo.tn\/fr\/wp-content\/uploads\/2026\/04\/neila-driss_avatar-96x96.jpg","contentUrl":"https:\/\/www.webdo.tn\/fr\/wp-content\/uploads\/2026\/04\/neila-driss_avatar-96x96.jpg","caption":"Ne\u00efla DRISS"},"description":"Ne\u00efla Driss est juriste, journaliste culturelle et critique de cin\u00e9ma tunisienne. Titulaire d\u2019un DEA en droit priv\u00e9 de l\u2019Universit\u00e9 Paris II et d\u2019un DESS de l\u2019IHEC Carthage, elle d\u00e9bute sa carri\u00e8re comme juriste sp\u00e9cialis\u00e9e en gestion de patrimoine immobilier. Elle s\u2019oriente ensuite vers l\u2019\u00e9criture en ligne, o\u00f9 elle se distingue d\u00e8s 2006 aux Tunisia Blog Awards, avant de se consacrer au journalisme culturel, avec une sp\u00e9cialisation dans la critique cin\u00e9matographique. Elle couvre r\u00e9guli\u00e8rement les grands festivals internationaux, notamment le Festival de Cannes, les Journ\u00e9es Cin\u00e9matographiques de Carthage et le Festival du film du Caire. Membre de l\u2019ATPCC et de la FIPRESCI, elle participe \u00e0 des jurys et initiatives internationales de critique. Depuis 2024, elle est \u00e9lectrice internationale aux Golden Globes. Facebook : https:\/\/www.facebook.com\/massir.destiniii\/ X : https:\/\/x.com\/MassirDestin","sameAs":["https:\/\/www.facebook.com\/massir.destiniii\/","https:\/\/www.instagram.com\/neila.driss\/?hl=fr","https:\/\/www.linkedin.com\/in\/neila-driss-22606a80\/","https:\/\/x.com\/https:\/\/x.com\/MassirDestin"],"knowsAbout":["Cin\u00e9ma international","critique cin\u00e9matographique","festivals de cin\u00e9ma","journalisme culturel"],"knowsLanguage":["Fran\u00e7ais","Arabe","Anglais"],"jobTitle":"Journaliste culturelle et critique de cin\u00e9ma","worksFor":"Webdo","url":"https:\/\/www.webdo.tn\/fr\/actualite\/author\/neila-driss\/"}]}},"_links":{"self":[{"href":"https:\/\/www.webdo.tn\/fr\/wp-json\/wp\/v2\/posts\/218189","targetHints":{"allow":["GET"]}}],"collection":[{"href":"https:\/\/www.webdo.tn\/fr\/wp-json\/wp\/v2\/posts"}],"about":[{"href":"https:\/\/www.webdo.tn\/fr\/wp-json\/wp\/v2\/types\/post"}],"author":[{"embeddable":true,"href":"https:\/\/www.webdo.tn\/fr\/wp-json\/wp\/v2\/users\/3164"}],"replies":[{"embeddable":true,"href":"https:\/\/www.webdo.tn\/fr\/wp-json\/wp\/v2\/comments?post=218189"}],"version-history":[{"count":0,"href":"https:\/\/www.webdo.tn\/fr\/wp-json\/wp\/v2\/posts\/218189\/revisions"}],"wp:featuredmedia":[{"embeddable":true,"href":"https:\/\/www.webdo.tn\/fr\/wp-json\/wp\/v2\/media\/291496"}],"wp:attachment":[{"href":"https:\/\/www.webdo.tn\/fr\/wp-json\/wp\/v2\/media?parent=218189"}],"wp:term":[{"taxonomy":"category","embeddable":true,"href":"https:\/\/www.webdo.tn\/fr\/wp-json\/wp\/v2\/categories?post=218189"},{"taxonomy":"post_tag","embeddable":true,"href":"https:\/\/www.webdo.tn\/fr\/wp-json\/wp\/v2\/tags?post=218189"}],"curies":[{"name":"wp","href":"https:\/\/api.w.org\/{rel}","templated":true}]}}