{"id":218183,"date":"2024-12-07T10:06:00","date_gmt":"2024-12-07T10:06:00","guid":{"rendered":"https:\/\/www.webdo.tn\/fr\/blog\/2024\/12\/07\/tunisie-il-est-temps-de-mettre-en-place-un-nouveau-code-du-travail-qui-s-adapte-aux-technologies-modernes-et-a-l-ia\/"},"modified":"2025-05-20T21:45:41","modified_gmt":"2025-05-20T21:45:41","slug":"tunisie-il-est-temps-de-mettre-en-place-un-nouveau-code-du-travail-qui-s-adapte-aux-technologies-modernes-et-a-l-ia","status":"publish","type":"post","link":"https:\/\/www.webdo.tn\/fr\/actualite\/national\/tunisie-il-est-temps-de-mettre-en-place-un-nouveau-code-du-travail-qui-s-adapte-aux-technologies-modernes-et-a-l-ia\/218183\/","title":{"rendered":"Tunisie : \u00ab\u00a0Il est temps de mettre en place un nouveau code du travail qui s\u2019adapte aux technologies modernes et \u00e0 l\u2019IA\u00a0\u00bb"},"content":{"rendered":"<p>\u00ab\u00a0Il est temps de mettre en place un nouveau code du travail qui s\u2019adapte aux technologies modernes et \u00e0 l\u2019intelligence artificielle\u00a0\u00bb, a d\u00e9clar\u00e9, ce vendredi 6 d\u00e9cembre 2024 dans le cadre des Journ\u00e9es de l\u2019Entreprise \u00e0 Sousse, le ministre des Affaires sociales, Issam Lahmar.<\/p>\n<p>Participant \u00e0 un atelier de travail il a indiqu\u00e9 que le nouveau code du travail permettra notamment d\u2019organiser les contrats de travail \u00e0 dur\u00e9e d\u00e9termin\u00e9e et ind\u00e9termin\u00e9e les relations professionnelles tripartites, pour \u00e9tablir un \u00e9quilibre entre les droits des travailleurs \u00e0 une couverture sociale \u00e9quitable tout en pr\u00e9servant les entreprises qui sont une source d\u2019emploi.<\/p>\n<p>Il a \u00e9galement \u00e9voqu\u00e9 la cr\u00e9ation du fonds d\u2019assurance contre la perte d\u2019emploi qui contribuera \u00e0 r\u00e9duire l\u2019impact des changements \u00e9conomiques sur les entreprises outre l\u2019accompagnement des travailleurs licenci\u00e9s et leur r\u00e9insertion dans la vie \u00e9conomique.<\/p>\n<p>Il a \u00e9galement tenu \u00e0 rappeler que la lutte contre toutes les formes d\u2019emploi pr\u00e9caire, sont parmi les priorit\u00e9s du pr\u00e9sident de la R\u00e9publique.<\/p>\n","protected":false},"excerpt":{"rendered":"<p>Il est temps de mettre en place un nouveau code du travail qui s\u2019adapte aux technologies modernes et \u00e0 l\u2019intelligence artificielle , a d\u00e9clar\u00e9, ce vendredi 6 d&#8230;<\/p>\n","protected":false},"author":3162,"featured_media":243592,"comment_status":"open","ping_status":"open","sticky":false,"template":"","format":"standard","meta":{"footnotes":""},"categories":[44],"tags":[2905,4799,2608],"class_list":["post-218183","post","type-post","status-publish","format-standard","has-post-thumbnail","hentry","category-national","tag-code-du-travail","tag-journees-de-lentreprise","tag-tunisie"],"yoast_head":"<!-- This site is optimized with the Yoast SEO Premium plugin v27.5 (Yoast SEO v27.5) - https:\/\/yoast.com\/product\/yoast-seo-premium-wordpress\/ -->\n<title>Tunisie : Il est temps de mettre en place un nouveau code du travail qui s\u2019adapte aux technologies modernes et \u00e0 l\u2019IA<\/title>\n<meta name=\"description\" content=\"Il est temps de mettre en place un nouveau code du travail qui s\u2019adapte aux technologies modernes et \u00e0 l\u2019intelligence artificielle , a d\u00e9clar\u00e9, ce vendredi 6 d...\" \/>\n<link rel=\"canonical\" href=\"https:\/\/www.webdo.tn\/fr\/actualite\/national\/tunisie-il-est-temps-de-mettre-en-place-un-nouveau-code-du-travail-qui-s-adapte-aux-technologies-modernes-et-a-l-ia\/218183\/\" \/>\n<meta property=\"og:locale\" content=\"fr_FR\" \/>\n<meta property=\"og:type\" content=\"article\" \/>\n<meta property=\"og:title\" content=\"Tunisie : &quot;Il est temps de mettre en place un nouveau code du travail qui s\u2019adapte aux technologies modernes et \u00e0 l\u2019IA&quot;\" \/>\n<meta property=\"og:description\" content=\"Il est temps de mettre en place un nouveau code du travail qui s\u2019adapte aux technologies modernes et \u00e0 l\u2019intelligence artificielle , a d\u00e9clar\u00e9, ce vendredi 6 d...\" \/>\n<meta property=\"og:url\" content=\"https:\/\/www.webdo.tn\/fr\/actualite\/national\/tunisie-il-est-temps-de-mettre-en-place-un-nouveau-code-du-travail-qui-s-adapte-aux-technologies-modernes-et-a-l-ia\/218183\/\" \/>\n<meta property=\"og:site_name\" content=\"webdo\" \/>\n<meta property=\"article:publisher\" content=\"https:\/\/www.facebook.com\/webdotn\" \/>\n<meta property=\"article:published_time\" content=\"2024-12-07T10:06:00+00:00\" \/>\n<meta property=\"article:modified_time\" content=\"2025-05-20T21:45:41+00:00\" \/>\n<meta property=\"og:image\" content=\"https:\/\/www.webdo.tn\/fr\/wp-content\/uploads\/2025\/05\/b2862dd9067bf8ffe53931375ed4b0a5-2.webp\" \/>\n\t<meta property=\"og:image:width\" content=\"750\" \/>\n\t<meta property=\"og:image:height\" content=\"400\" \/>\n\t<meta property=\"og:image:type\" content=\"image\/webp\" \/>\n<meta name=\"author\" content=\"MC\" \/>\n<meta name=\"twitter:card\" content=\"summary_large_image\" \/>\n<meta name=\"twitter:creator\" content=\"@webdo_tn\" \/>\n<meta name=\"twitter:site\" content=\"@webdo_tn\" \/>\n<meta name=\"twitter:label1\" content=\"\u00c9crit par\" \/>\n\t<meta name=\"twitter:data1\" content=\"MC\" \/>\n\t<meta name=\"twitter:label2\" content=\"Dur\u00e9e de lecture estim\u00e9e\" \/>\n\t<meta name=\"twitter:data2\" content=\"1 minute\" \/>\n<script type=\"application\/ld+json\" class=\"yoast-schema-graph\">{\"@context\":\"https:\\\/\\\/schema.org\",\"@graph\":[{\"@type\":\"NewsArticle\",\"@id\":\"https:\\\/\\\/www.webdo.tn\\\/fr\\\/actualite\\\/national\\\/tunisie-il-est-temps-de-mettre-en-place-un-nouveau-code-du-travail-qui-s-adapte-aux-technologies-modernes-et-a-l-ia\\\/218183\\\/#article\",\"isPartOf\":{\"@id\":\"https:\\\/\\\/www.webdo.tn\\\/fr\\\/actualite\\\/national\\\/tunisie-il-est-temps-de-mettre-en-place-un-nouveau-code-du-travail-qui-s-adapte-aux-technologies-modernes-et-a-l-ia\\\/218183\\\/\"},\"author\":{\"name\":\"MC\",\"@id\":\"https:\\\/\\\/www.webdo.tn\\\/fr\\\/#\\\/schema\\\/person\\\/2c4929cbf5a809e3bd38617c6ce150f6\"},\"headline\":\"Tunisie : \u00ab\u00a0Il est temps de mettre en place un nouveau code du travail qui s\u2019adapte aux technologies modernes et \u00e0 l\u2019IA\u00a0\u00bb\",\"datePublished\":\"2024-12-07T10:06:00+00:00\",\"dateModified\":\"2025-05-20T21:45:41+00:00\",\"mainEntityOfPage\":{\"@id\":\"https:\\\/\\\/www.webdo.tn\\\/fr\\\/actualite\\\/national\\\/tunisie-il-est-temps-de-mettre-en-place-un-nouveau-code-du-travail-qui-s-adapte-aux-technologies-modernes-et-a-l-ia\\\/218183\\\/\"},\"wordCount\":199,\"commentCount\":0,\"publisher\":{\"@id\":\"https:\\\/\\\/www.webdo.tn\\\/fr\\\/#organization\"},\"image\":{\"@id\":\"https:\\\/\\\/www.webdo.tn\\\/fr\\\/actualite\\\/national\\\/tunisie-il-est-temps-de-mettre-en-place-un-nouveau-code-du-travail-qui-s-adapte-aux-technologies-modernes-et-a-l-ia\\\/218183\\\/#primaryimage\"},\"thumbnailUrl\":\"https:\\\/\\\/www.webdo.tn\\\/fr\\\/wp-content\\\/uploads\\\/2025\\\/05\\\/b2862dd9067bf8ffe53931375ed4b0a5-2.webp\",\"keywords\":[\"Code du Travail\",\"journ\u00e9es de l'entreprise\",\"Tunisie\"],\"articleSection\":[\"National\"],\"inLanguage\":\"fr-FR\"},{\"@type\":\"WebPage\",\"@id\":\"https:\\\/\\\/www.webdo.tn\\\/fr\\\/actualite\\\/national\\\/tunisie-il-est-temps-de-mettre-en-place-un-nouveau-code-du-travail-qui-s-adapte-aux-technologies-modernes-et-a-l-ia\\\/218183\\\/\",\"url\":\"https:\\\/\\\/www.webdo.tn\\\/fr\\\/actualite\\\/national\\\/tunisie-il-est-temps-de-mettre-en-place-un-nouveau-code-du-travail-qui-s-adapte-aux-technologies-modernes-et-a-l-ia\\\/218183\\\/\",\"name\":\"Tunisie : Il est temps de mettre en place un nouveau code du travail qui s\u2019adapte aux technologies modernes et \u00e0 l\u2019IA\",\"isPartOf\":{\"@id\":\"https:\\\/\\\/www.webdo.tn\\\/fr\\\/#website\"},\"primaryImageOfPage\":{\"@id\":\"https:\\\/\\\/www.webdo.tn\\\/fr\\\/actualite\\\/national\\\/tunisie-il-est-temps-de-mettre-en-place-un-nouveau-code-du-travail-qui-s-adapte-aux-technologies-modernes-et-a-l-ia\\\/218183\\\/#primaryimage\"},\"image\":{\"@id\":\"https:\\\/\\\/www.webdo.tn\\\/fr\\\/actualite\\\/national\\\/tunisie-il-est-temps-de-mettre-en-place-un-nouveau-code-du-travail-qui-s-adapte-aux-technologies-modernes-et-a-l-ia\\\/218183\\\/#primaryimage\"},\"thumbnailUrl\":\"https:\\\/\\\/www.webdo.tn\\\/fr\\\/wp-content\\\/uploads\\\/2025\\\/05\\\/b2862dd9067bf8ffe53931375ed4b0a5-2.webp\",\"datePublished\":\"2024-12-07T10:06:00+00:00\",\"dateModified\":\"2025-05-20T21:45:41+00:00\",\"description\":\"Il est temps de mettre en place un nouveau code du travail qui s\u2019adapte aux technologies modernes et \u00e0 l\u2019intelligence artificielle , a d\u00e9clar\u00e9, ce vendredi 6 d...\",\"breadcrumb\":{\"@id\":\"https:\\\/\\\/www.webdo.tn\\\/fr\\\/actualite\\\/national\\\/tunisie-il-est-temps-de-mettre-en-place-un-nouveau-code-du-travail-qui-s-adapte-aux-technologies-modernes-et-a-l-ia\\\/218183\\\/#breadcrumb\"},\"inLanguage\":\"fr-FR\",\"potentialAction\":[{\"@type\":\"ReadAction\",\"target\":[\"https:\\\/\\\/www.webdo.tn\\\/fr\\\/actualite\\\/national\\\/tunisie-il-est-temps-de-mettre-en-place-un-nouveau-code-du-travail-qui-s-adapte-aux-technologies-modernes-et-a-l-ia\\\/218183\\\/\"]}]},{\"@type\":\"ImageObject\",\"inLanguage\":\"fr-FR\",\"@id\":\"https:\\\/\\\/www.webdo.tn\\\/fr\\\/actualite\\\/national\\\/tunisie-il-est-temps-de-mettre-en-place-un-nouveau-code-du-travail-qui-s-adapte-aux-technologies-modernes-et-a-l-ia\\\/218183\\\/#primaryimage\",\"url\":\"https:\\\/\\\/www.webdo.tn\\\/fr\\\/wp-content\\\/uploads\\\/2025\\\/05\\\/b2862dd9067bf8ffe53931375ed4b0a5-2.webp\",\"contentUrl\":\"https:\\\/\\\/www.webdo.tn\\\/fr\\\/wp-content\\\/uploads\\\/2025\\\/05\\\/b2862dd9067bf8ffe53931375ed4b0a5-2.webp\",\"width\":750,\"height\":400},{\"@type\":\"BreadcrumbList\",\"@id\":\"https:\\\/\\\/www.webdo.tn\\\/fr\\\/actualite\\\/national\\\/tunisie-il-est-temps-de-mettre-en-place-un-nouveau-code-du-travail-qui-s-adapte-aux-technologies-modernes-et-a-l-ia\\\/218183\\\/#breadcrumb\",\"itemListElement\":[{\"@type\":\"ListItem\",\"position\":1,\"name\":\"Accueil\",\"item\":\"https:\\\/\\\/www.webdo.tn\\\/fr\\\/\"},{\"@type\":\"ListItem\",\"position\":2,\"name\":\"Tunisie : &#8220;Il est temps de mettre en place un nouveau code du travail qui s\u2019adapte aux technologies modernes et \u00e0 l\u2019IA&#8221;\"}]},{\"@type\":\"WebSite\",\"@id\":\"https:\\\/\\\/www.webdo.tn\\\/fr\\\/#website\",\"url\":\"https:\\\/\\\/www.webdo.tn\\\/fr\\\/\",\"name\":\"webdo\",\"description\":\"Tunisie - News en Tunisie et \u00e0 l&#039;international sur Webdo.tn\",\"publisher\":{\"@id\":\"https:\\\/\\\/www.webdo.tn\\\/fr\\\/#organization\"},\"potentialAction\":[{\"@type\":\"SearchAction\",\"target\":{\"@type\":\"EntryPoint\",\"urlTemplate\":\"https:\\\/\\\/www.webdo.tn\\\/fr\\\/?s={search_term_string}\"},\"query-input\":{\"@type\":\"PropertyValueSpecification\",\"valueRequired\":true,\"valueName\":\"search_term_string\"}}],\"inLanguage\":\"fr-FR\"},{\"@type\":\"Organization\",\"@id\":\"https:\\\/\\\/www.webdo.tn\\\/fr\\\/#organization\",\"name\":\"Webdo\",\"alternateName\":\"Webdo.tn\",\"url\":\"https:\\\/\\\/www.webdo.tn\\\/fr\\\/\",\"logo\":{\"@type\":\"ImageObject\",\"inLanguage\":\"fr-FR\",\"@id\":\"https:\\\/\\\/www.webdo.tn\\\/fr\\\/#\\\/schema\\\/logo\\\/image\\\/\",\"url\":\"https:\\\/\\\/www.webdo.tn\\\/fr\\\/wp-content\\\/uploads\\\/2025\\\/06\\\/Webdo-Tunisie_168377.jpg\",\"contentUrl\":\"https:\\\/\\\/www.webdo.tn\\\/fr\\\/wp-content\\\/uploads\\\/2025\\\/06\\\/Webdo-Tunisie_168377.jpg\",\"width\":301,\"height\":301,\"caption\":\"Webdo\"},\"image\":{\"@id\":\"https:\\\/\\\/www.webdo.tn\\\/fr\\\/#\\\/schema\\\/logo\\\/image\\\/\"},\"sameAs\":[\"https:\\\/\\\/www.facebook.com\\\/webdotn\",\"https:\\\/\\\/x.com\\\/webdo_tn\"],\"description\":\"Webdo est un m\u00e9dia num\u00e9rique tunisien fond\u00e9 en 2010, sp\u00e9cialis\u00e9 dans l\u2019actualit\u00e9 nationale et internationale, l\u2019\u00e9conomie, la soci\u00e9t\u00e9 et les analyses politiques. Le site s\u2019adresse \u00e0 un large public francophone et couvre l\u2019information tunisienne en temps r\u00e9el.\",\"email\":\"redac@webdo.tn\",\"legalName\":\"YNJ SARL\",\"foundingDate\":\"2010-09-06\",\"numberOfEmployees\":{\"@type\":\"QuantitativeValue\",\"minValue\":\"11\",\"maxValue\":\"50\"}},{\"@type\":\"Person\",\"@id\":\"https:\\\/\\\/www.webdo.tn\\\/fr\\\/#\\\/schema\\\/person\\\/2c4929cbf5a809e3bd38617c6ce150f6\",\"name\":\"MC\",\"image\":{\"@type\":\"ImageObject\",\"inLanguage\":\"fr-FR\",\"@id\":\"https:\\\/\\\/secure.gravatar.com\\\/avatar\\\/a545bbb6f84efdd5553dbbc2895e3ca8f1d12c5215e00a041c9670b54aa9b18a?s=96&d=mm&r=g\",\"url\":\"https:\\\/\\\/secure.gravatar.com\\\/avatar\\\/a545bbb6f84efdd5553dbbc2895e3ca8f1d12c5215e00a041c9670b54aa9b18a?s=96&d=mm&r=g\",\"contentUrl\":\"https:\\\/\\\/secure.gravatar.com\\\/avatar\\\/a545bbb6f84efdd5553dbbc2895e3ca8f1d12c5215e00a041c9670b54aa9b18a?s=96&d=mm&r=g\",\"caption\":\"MC\"},\"url\":\"https:\\\/\\\/www.webdo.tn\\\/fr\\\/actualite\\\/author\\\/mc\\\/\"}]}<\/script>\n<!-- \/ Yoast SEO Premium plugin. -->","yoast_head_json":{"title":"Tunisie : Il est temps de mettre en place un nouveau code du travail qui s\u2019adapte aux technologies modernes et \u00e0 l\u2019IA","description":"Il est temps de mettre en place un nouveau code du travail qui s\u2019adapte aux technologies modernes et \u00e0 l\u2019intelligence artificielle , a d\u00e9clar\u00e9, ce vendredi 6 d...","canonical":"https:\/\/www.webdo.tn\/fr\/actualite\/national\/tunisie-il-est-temps-de-mettre-en-place-un-nouveau-code-du-travail-qui-s-adapte-aux-technologies-modernes-et-a-l-ia\/218183\/","og_locale":"fr_FR","og_type":"article","og_title":"Tunisie : \"Il est temps de mettre en place un nouveau code du travail qui s\u2019adapte aux technologies modernes et \u00e0 l\u2019IA\"","og_description":"Il est temps de mettre en place un nouveau code du travail qui s\u2019adapte aux technologies modernes et \u00e0 l\u2019intelligence artificielle , a d\u00e9clar\u00e9, ce vendredi 6 d...","og_url":"https:\/\/www.webdo.tn\/fr\/actualite\/national\/tunisie-il-est-temps-de-mettre-en-place-un-nouveau-code-du-travail-qui-s-adapte-aux-technologies-modernes-et-a-l-ia\/218183\/","og_site_name":"webdo","article_publisher":"https:\/\/www.facebook.com\/webdotn","article_published_time":"2024-12-07T10:06:00+00:00","article_modified_time":"2025-05-20T21:45:41+00:00","og_image":[{"width":750,"height":400,"url":"https:\/\/www.webdo.tn\/fr\/wp-content\/uploads\/2025\/05\/b2862dd9067bf8ffe53931375ed4b0a5-2.webp","type":"image\/webp"}],"author":"MC","twitter_card":"summary_large_image","twitter_creator":"@webdo_tn","twitter_site":"@webdo_tn","twitter_misc":{"\u00c9crit par":"MC","Dur\u00e9e de lecture estim\u00e9e":"1 minute"},"schema":{"@context":"https:\/\/schema.org","@graph":[{"@type":"NewsArticle","@id":"https:\/\/www.webdo.tn\/fr\/actualite\/national\/tunisie-il-est-temps-de-mettre-en-place-un-nouveau-code-du-travail-qui-s-adapte-aux-technologies-modernes-et-a-l-ia\/218183\/#article","isPartOf":{"@id":"https:\/\/www.webdo.tn\/fr\/actualite\/national\/tunisie-il-est-temps-de-mettre-en-place-un-nouveau-code-du-travail-qui-s-adapte-aux-technologies-modernes-et-a-l-ia\/218183\/"},"author":{"name":"MC","@id":"https:\/\/www.webdo.tn\/fr\/#\/schema\/person\/2c4929cbf5a809e3bd38617c6ce150f6"},"headline":"Tunisie : \u00ab\u00a0Il est temps de mettre en place un nouveau code du travail qui s\u2019adapte aux technologies modernes et \u00e0 l\u2019IA\u00a0\u00bb","datePublished":"2024-12-07T10:06:00+00:00","dateModified":"2025-05-20T21:45:41+00:00","mainEntityOfPage":{"@id":"https:\/\/www.webdo.tn\/fr\/actualite\/national\/tunisie-il-est-temps-de-mettre-en-place-un-nouveau-code-du-travail-qui-s-adapte-aux-technologies-modernes-et-a-l-ia\/218183\/"},"wordCount":199,"commentCount":0,"publisher":{"@id":"https:\/\/www.webdo.tn\/fr\/#organization"},"image":{"@id":"https:\/\/www.webdo.tn\/fr\/actualite\/national\/tunisie-il-est-temps-de-mettre-en-place-un-nouveau-code-du-travail-qui-s-adapte-aux-technologies-modernes-et-a-l-ia\/218183\/#primaryimage"},"thumbnailUrl":"https:\/\/www.webdo.tn\/fr\/wp-content\/uploads\/2025\/05\/b2862dd9067bf8ffe53931375ed4b0a5-2.webp","keywords":["Code du Travail","journ\u00e9es de l'entreprise","Tunisie"],"articleSection":["National"],"inLanguage":"fr-FR"},{"@type":"WebPage","@id":"https:\/\/www.webdo.tn\/fr\/actualite\/national\/tunisie-il-est-temps-de-mettre-en-place-un-nouveau-code-du-travail-qui-s-adapte-aux-technologies-modernes-et-a-l-ia\/218183\/","url":"https:\/\/www.webdo.tn\/fr\/actualite\/national\/tunisie-il-est-temps-de-mettre-en-place-un-nouveau-code-du-travail-qui-s-adapte-aux-technologies-modernes-et-a-l-ia\/218183\/","name":"Tunisie : Il est temps de mettre en place un nouveau code du travail qui s\u2019adapte aux technologies modernes et \u00e0 l\u2019IA","isPartOf":{"@id":"https:\/\/www.webdo.tn\/fr\/#website"},"primaryImageOfPage":{"@id":"https:\/\/www.webdo.tn\/fr\/actualite\/national\/tunisie-il-est-temps-de-mettre-en-place-un-nouveau-code-du-travail-qui-s-adapte-aux-technologies-modernes-et-a-l-ia\/218183\/#primaryimage"},"image":{"@id":"https:\/\/www.webdo.tn\/fr\/actualite\/national\/tunisie-il-est-temps-de-mettre-en-place-un-nouveau-code-du-travail-qui-s-adapte-aux-technologies-modernes-et-a-l-ia\/218183\/#primaryimage"},"thumbnailUrl":"https:\/\/www.webdo.tn\/fr\/wp-content\/uploads\/2025\/05\/b2862dd9067bf8ffe53931375ed4b0a5-2.webp","datePublished":"2024-12-07T10:06:00+00:00","dateModified":"2025-05-20T21:45:41+00:00","description":"Il est temps de mettre en place un nouveau code du travail qui s\u2019adapte aux technologies modernes et \u00e0 l\u2019intelligence artificielle , a d\u00e9clar\u00e9, ce vendredi 6 d...","breadcrumb":{"@id":"https:\/\/www.webdo.tn\/fr\/actualite\/national\/tunisie-il-est-temps-de-mettre-en-place-un-nouveau-code-du-travail-qui-s-adapte-aux-technologies-modernes-et-a-l-ia\/218183\/#breadcrumb"},"inLanguage":"fr-FR","potentialAction":[{"@type":"ReadAction","target":["https:\/\/www.webdo.tn\/fr\/actualite\/national\/tunisie-il-est-temps-de-mettre-en-place-un-nouveau-code-du-travail-qui-s-adapte-aux-technologies-modernes-et-a-l-ia\/218183\/"]}]},{"@type":"ImageObject","inLanguage":"fr-FR","@id":"https:\/\/www.webdo.tn\/fr\/actualite\/national\/tunisie-il-est-temps-de-mettre-en-place-un-nouveau-code-du-travail-qui-s-adapte-aux-technologies-modernes-et-a-l-ia\/218183\/#primaryimage","url":"https:\/\/www.webdo.tn\/fr\/wp-content\/uploads\/2025\/05\/b2862dd9067bf8ffe53931375ed4b0a5-2.webp","contentUrl":"https:\/\/www.webdo.tn\/fr\/wp-content\/uploads\/2025\/05\/b2862dd9067bf8ffe53931375ed4b0a5-2.webp","width":750,"height":400},{"@type":"BreadcrumbList","@id":"https:\/\/www.webdo.tn\/fr\/actualite\/national\/tunisie-il-est-temps-de-mettre-en-place-un-nouveau-code-du-travail-qui-s-adapte-aux-technologies-modernes-et-a-l-ia\/218183\/#breadcrumb","itemListElement":[{"@type":"ListItem","position":1,"name":"Accueil","item":"https:\/\/www.webdo.tn\/fr\/"},{"@type":"ListItem","position":2,"name":"Tunisie : &#8220;Il est temps de mettre en place un nouveau code du travail qui s\u2019adapte aux technologies modernes et \u00e0 l\u2019IA&#8221;"}]},{"@type":"WebSite","@id":"https:\/\/www.webdo.tn\/fr\/#website","url":"https:\/\/www.webdo.tn\/fr\/","name":"webdo","description":"Tunisie - News en Tunisie et \u00e0 l&#039;international sur Webdo.tn","publisher":{"@id":"https:\/\/www.webdo.tn\/fr\/#organization"},"potentialAction":[{"@type":"SearchAction","target":{"@type":"EntryPoint","urlTemplate":"https:\/\/www.webdo.tn\/fr\/?s={search_term_string}"},"query-input":{"@type":"PropertyValueSpecification","valueRequired":true,"valueName":"search_term_string"}}],"inLanguage":"fr-FR"},{"@type":"Organization","@id":"https:\/\/www.webdo.tn\/fr\/#organization","name":"Webdo","alternateName":"Webdo.tn","url":"https:\/\/www.webdo.tn\/fr\/","logo":{"@type":"ImageObject","inLanguage":"fr-FR","@id":"https:\/\/www.webdo.tn\/fr\/#\/schema\/logo\/image\/","url":"https:\/\/www.webdo.tn\/fr\/wp-content\/uploads\/2025\/06\/Webdo-Tunisie_168377.jpg","contentUrl":"https:\/\/www.webdo.tn\/fr\/wp-content\/uploads\/2025\/06\/Webdo-Tunisie_168377.jpg","width":301,"height":301,"caption":"Webdo"},"image":{"@id":"https:\/\/www.webdo.tn\/fr\/#\/schema\/logo\/image\/"},"sameAs":["https:\/\/www.facebook.com\/webdotn","https:\/\/x.com\/webdo_tn"],"description":"Webdo est un m\u00e9dia num\u00e9rique tunisien fond\u00e9 en 2010, sp\u00e9cialis\u00e9 dans l\u2019actualit\u00e9 nationale et internationale, l\u2019\u00e9conomie, la soci\u00e9t\u00e9 et les analyses politiques. Le site s\u2019adresse \u00e0 un large public francophone et couvre l\u2019information tunisienne en temps r\u00e9el.","email":"redac@webdo.tn","legalName":"YNJ SARL","foundingDate":"2010-09-06","numberOfEmployees":{"@type":"QuantitativeValue","minValue":"11","maxValue":"50"}},{"@type":"Person","@id":"https:\/\/www.webdo.tn\/fr\/#\/schema\/person\/2c4929cbf5a809e3bd38617c6ce150f6","name":"MC","image":{"@type":"ImageObject","inLanguage":"fr-FR","@id":"https:\/\/secure.gravatar.com\/avatar\/a545bbb6f84efdd5553dbbc2895e3ca8f1d12c5215e00a041c9670b54aa9b18a?s=96&d=mm&r=g","url":"https:\/\/secure.gravatar.com\/avatar\/a545bbb6f84efdd5553dbbc2895e3ca8f1d12c5215e00a041c9670b54aa9b18a?s=96&d=mm&r=g","contentUrl":"https:\/\/secure.gravatar.com\/avatar\/a545bbb6f84efdd5553dbbc2895e3ca8f1d12c5215e00a041c9670b54aa9b18a?s=96&d=mm&r=g","caption":"MC"},"url":"https:\/\/www.webdo.tn\/fr\/actualite\/author\/mc\/"}]}},"_links":{"self":[{"href":"https:\/\/www.webdo.tn\/fr\/wp-json\/wp\/v2\/posts\/218183","targetHints":{"allow":["GET"]}}],"collection":[{"href":"https:\/\/www.webdo.tn\/fr\/wp-json\/wp\/v2\/posts"}],"about":[{"href":"https:\/\/www.webdo.tn\/fr\/wp-json\/wp\/v2\/types\/post"}],"author":[{"embeddable":true,"href":"https:\/\/www.webdo.tn\/fr\/wp-json\/wp\/v2\/users\/3162"}],"replies":[{"embeddable":true,"href":"https:\/\/www.webdo.tn\/fr\/wp-json\/wp\/v2\/comments?post=218183"}],"version-history":[{"count":0,"href":"https:\/\/www.webdo.tn\/fr\/wp-json\/wp\/v2\/posts\/218183\/revisions"}],"wp:featuredmedia":[{"embeddable":true,"href":"https:\/\/www.webdo.tn\/fr\/wp-json\/wp\/v2\/media\/243592"}],"wp:attachment":[{"href":"https:\/\/www.webdo.tn\/fr\/wp-json\/wp\/v2\/media?parent=218183"}],"wp:term":[{"taxonomy":"category","embeddable":true,"href":"https:\/\/www.webdo.tn\/fr\/wp-json\/wp\/v2\/categories?post=218183"},{"taxonomy":"post_tag","embeddable":true,"href":"https:\/\/www.webdo.tn\/fr\/wp-json\/wp\/v2\/tags?post=218183"}],"curies":[{"name":"wp","href":"https:\/\/api.w.org\/{rel}","templated":true}]}}