{"id":218171,"date":"2024-12-06T19:32:00","date_gmt":"2024-12-06T19:32:00","guid":{"rendered":"https:\/\/www.webdo.tn\/fr\/blog\/2024\/12\/06\/tunisie-reechelonnement-des-dettes-de-10-000-affilies-a-la-cnss\/"},"modified":"2025-05-21T09:01:35","modified_gmt":"2025-05-21T09:01:35","slug":"tunisie-reechelonnement-des-dettes-de-10-000-affilies-a-la-cnss","status":"publish","type":"post","link":"https:\/\/www.webdo.tn\/fr\/actualite\/national\/tunisie-reechelonnement-des-dettes-de-10-000-affilies-a-la-cnss\/218171\/","title":{"rendered":"Tunisie : R\u00e9\u00e9chelonnement des dettes de 10 000 affili\u00e9s \u00e0 la CNSS"},"content":{"rendered":"<p>Dans le cadre d\u2019un programme d\u2019all\u00e9gement des dettes sociales, la Caisse Nationale de S\u00e9curit\u00e9 Sociale (CNSS) a lanc\u00e9 un dispositif de remise partielle ou totale des p\u00e9nalit\u00e9s de retard pour les cotisations impay\u00e9es.<\/p>\n<p>\t\t\t\t\t\t\t\t\tCe programme, touchant pr\u00e8s de 10 000 adh\u00e9rents, s\u2019inscrit dans la continuit\u00e9 de l\u2019effort de r\u00e9gularisation des entreprises et des travailleurs ind\u00e9pendants, est valable jusqu\u2019au 31 mars 2025 et concerne les dettes accumul\u00e9es jusqu\u2019\u00e0 la deuxi\u00e8me tranche de l\u2019ann\u00e9e 2024.\u00a0<\/p>\n<p>Selon Nadia Hadroug, directrice des recouvrements \u00e0 la CNSS, les entreprises peuvent b\u00e9n\u00e9ficier d\u2019un \u00e9talement de leur dette sur une p\u00e9riode de cinq ans, avec une r\u00e9duction de 50 % des p\u00e9nalit\u00e9s de retard. En alternative, elles peuvent choisir un d\u00e9lai de quatre ans avec une remise de 75 % des p\u00e9nalit\u00e9s, ou encore s\u2019\u00e9tendre sur 36 mois avec une exon\u00e9ration totale des p\u00e9nalit\u00e9s de retard.<\/p>\n<p>Pour les travailleurs ind\u00e9pendants, la possibilit\u00e9 de paiement \u00e9chelonn\u00e9 peut s&rsquo;\u00e9tendre jusqu\u2019\u00e0 cinq ans, avec une remise totale des p\u00e9nalit\u00e9s de retard, \u00e0 condition que le montant de chaque mensualit\u00e9 ne soit pas inf\u00e9rieur aux cotisations dues.<\/p>\n<p>Il est \u00e0 noter que cet am\u00e9nagement a \u00e9t\u00e9 officialis\u00e9 dans un d\u00e9cret publi\u00e9 dans le Journal Officiel le 25 octobre 2024. Ce texte pr\u00e9voit une r\u00e9duction, totale ou partielle, des p\u00e9nalit\u00e9s de retard pour les cotisations non r\u00e9gl\u00e9es ou pay\u00e9es apr\u00e8s leur \u00e9ch\u00e9ance, en r\u00e9f\u00e9rence aux p\u00e9riodes fiscales pass\u00e9es et jusqu&rsquo;\u00e0 la deuxi\u00e8me p\u00e9riode de 2024.<\/p>\n<p>Ce programme de r\u00e9gularisation vise \u00e0 all\u00e9ger les dettes accumul\u00e9es par les entreprises et les travailleurs ind\u00e9pendants et \u00e0 encourager le respect des obligations fiscales dans le cadre du syst\u00e8me de s\u00e9curit\u00e9 sociale et de l&rsquo;indemnisation des accidents de travail et des maladies professionnelles.<\/p>\n","protected":false},"excerpt":{"rendered":"<p>Le programme de remise des p\u00e9nalit\u00e9s de retard de la CNSS, valable jusqu&rsquo;au 31 mars 2025, permet d&rsquo;all\u00e9ger les dettes des entreprises et travailleurs ind\u00e9pendan&#8230;<\/p>\n","protected":false},"author":3166,"featured_media":243574,"comment_status":"open","ping_status":"open","sticky":false,"template":"","format":"standard","meta":{"footnotes":""},"categories":[44],"tags":[3378,3940,3942,2608],"class_list":["post-218171","post","type-post","status-publish","format-standard","has-post-thumbnail","hentry","category-national","tag-cnss","tag-dettes","tag-reechelonnement","tag-tunisie"],"yoast_head":"<!-- This site is optimized with the Yoast SEO Premium plugin v27.5 (Yoast SEO v27.5) - https:\/\/yoast.com\/product\/yoast-seo-premium-wordpress\/ -->\n<title>Tunisie : R\u00e9\u00e9chelonnement des dettes de 10 000 affili\u00e9s \u00e0 la CNSS<\/title>\n<meta name=\"description\" content=\"Le programme de remise des p\u00e9nalit\u00e9s de retard de la CNSS, valable jusqu&#039;au 31 mars 2025, permet d&#039;all\u00e9ger les dettes des entreprises et travailleurs ind\u00e9pendan...\" \/>\n<link rel=\"canonical\" href=\"https:\/\/www.webdo.tn\/fr\/actualite\/national\/tunisie-reechelonnement-des-dettes-de-10-000-affilies-a-la-cnss\/218171\/\" \/>\n<meta property=\"og:locale\" content=\"fr_FR\" \/>\n<meta property=\"og:type\" content=\"article\" \/>\n<meta property=\"og:title\" content=\"Tunisie : R\u00e9\u00e9chelonnement des dettes de 10 000 affili\u00e9s \u00e0 la CNSS\" \/>\n<meta property=\"og:description\" content=\"Le programme de remise des p\u00e9nalit\u00e9s de retard de la CNSS, valable jusqu&#039;au 31 mars 2025, permet d&#039;all\u00e9ger les dettes des entreprises et travailleurs ind\u00e9pendan...\" \/>\n<meta property=\"og:url\" content=\"https:\/\/www.webdo.tn\/fr\/actualite\/national\/tunisie-reechelonnement-des-dettes-de-10-000-affilies-a-la-cnss\/218171\/\" \/>\n<meta property=\"og:site_name\" content=\"webdo\" \/>\n<meta property=\"article:publisher\" content=\"https:\/\/www.facebook.com\/webdotn\" \/>\n<meta property=\"article:published_time\" content=\"2024-12-06T19:32:00+00:00\" \/>\n<meta property=\"article:modified_time\" content=\"2025-05-21T09:01:35+00:00\" \/>\n<meta property=\"og:image\" content=\"https:\/\/www.webdo.tn\/fr\/wp-content\/uploads\/2025\/05\/a255a67eef7679563dafbb5cb4f6163d-2.webp\" \/>\n\t<meta property=\"og:image:width\" content=\"750\" \/>\n\t<meta property=\"og:image:height\" content=\"400\" \/>\n\t<meta property=\"og:image:type\" content=\"image\/webp\" \/>\n<meta name=\"author\" content=\"AZ\" \/>\n<meta name=\"twitter:card\" content=\"summary_large_image\" \/>\n<meta name=\"twitter:creator\" content=\"@webdo_tn\" \/>\n<meta name=\"twitter:site\" content=\"@webdo_tn\" \/>\n<meta name=\"twitter:label1\" content=\"\u00c9crit par\" \/>\n\t<meta name=\"twitter:data1\" content=\"AZ\" \/>\n\t<meta name=\"twitter:label2\" content=\"Dur\u00e9e de lecture estim\u00e9e\" \/>\n\t<meta name=\"twitter:data2\" content=\"2 minutes\" \/>\n<script type=\"application\/ld+json\" class=\"yoast-schema-graph\">{\"@context\":\"https:\\\/\\\/schema.org\",\"@graph\":[{\"@type\":\"NewsArticle\",\"@id\":\"https:\\\/\\\/www.webdo.tn\\\/fr\\\/actualite\\\/national\\\/tunisie-reechelonnement-des-dettes-de-10-000-affilies-a-la-cnss\\\/218171\\\/#article\",\"isPartOf\":{\"@id\":\"https:\\\/\\\/www.webdo.tn\\\/fr\\\/actualite\\\/national\\\/tunisie-reechelonnement-des-dettes-de-10-000-affilies-a-la-cnss\\\/218171\\\/\"},\"author\":{\"name\":\"AZ\",\"@id\":\"https:\\\/\\\/www.webdo.tn\\\/fr\\\/#\\\/schema\\\/person\\\/b8a41c04d93287d375510db360906b34\"},\"headline\":\"Tunisie : R\u00e9\u00e9chelonnement des dettes de 10 000 affili\u00e9s \u00e0 la CNSS\",\"datePublished\":\"2024-12-06T19:32:00+00:00\",\"dateModified\":\"2025-05-21T09:01:35+00:00\",\"mainEntityOfPage\":{\"@id\":\"https:\\\/\\\/www.webdo.tn\\\/fr\\\/actualite\\\/national\\\/tunisie-reechelonnement-des-dettes-de-10-000-affilies-a-la-cnss\\\/218171\\\/\"},\"wordCount\":330,\"commentCount\":0,\"publisher\":{\"@id\":\"https:\\\/\\\/www.webdo.tn\\\/fr\\\/#organization\"},\"image\":{\"@id\":\"https:\\\/\\\/www.webdo.tn\\\/fr\\\/actualite\\\/national\\\/tunisie-reechelonnement-des-dettes-de-10-000-affilies-a-la-cnss\\\/218171\\\/#primaryimage\"},\"thumbnailUrl\":\"https:\\\/\\\/www.webdo.tn\\\/fr\\\/wp-content\\\/uploads\\\/2025\\\/05\\\/a255a67eef7679563dafbb5cb4f6163d-2.webp\",\"keywords\":[\"CNSS\",\"Dettes\",\"R\u00e9\u00e9chelonnement\",\"Tunisie\"],\"articleSection\":[\"National\"],\"inLanguage\":\"fr-FR\"},{\"@type\":\"WebPage\",\"@id\":\"https:\\\/\\\/www.webdo.tn\\\/fr\\\/actualite\\\/national\\\/tunisie-reechelonnement-des-dettes-de-10-000-affilies-a-la-cnss\\\/218171\\\/\",\"url\":\"https:\\\/\\\/www.webdo.tn\\\/fr\\\/actualite\\\/national\\\/tunisie-reechelonnement-des-dettes-de-10-000-affilies-a-la-cnss\\\/218171\\\/\",\"name\":\"Tunisie : R\u00e9\u00e9chelonnement des dettes de 10 000 affili\u00e9s \u00e0 la CNSS\",\"isPartOf\":{\"@id\":\"https:\\\/\\\/www.webdo.tn\\\/fr\\\/#website\"},\"primaryImageOfPage\":{\"@id\":\"https:\\\/\\\/www.webdo.tn\\\/fr\\\/actualite\\\/national\\\/tunisie-reechelonnement-des-dettes-de-10-000-affilies-a-la-cnss\\\/218171\\\/#primaryimage\"},\"image\":{\"@id\":\"https:\\\/\\\/www.webdo.tn\\\/fr\\\/actualite\\\/national\\\/tunisie-reechelonnement-des-dettes-de-10-000-affilies-a-la-cnss\\\/218171\\\/#primaryimage\"},\"thumbnailUrl\":\"https:\\\/\\\/www.webdo.tn\\\/fr\\\/wp-content\\\/uploads\\\/2025\\\/05\\\/a255a67eef7679563dafbb5cb4f6163d-2.webp\",\"datePublished\":\"2024-12-06T19:32:00+00:00\",\"dateModified\":\"2025-05-21T09:01:35+00:00\",\"description\":\"Le programme de remise des p\u00e9nalit\u00e9s de retard de la CNSS, valable jusqu'au 31 mars 2025, permet d'all\u00e9ger les dettes des entreprises et travailleurs ind\u00e9pendan...\",\"breadcrumb\":{\"@id\":\"https:\\\/\\\/www.webdo.tn\\\/fr\\\/actualite\\\/national\\\/tunisie-reechelonnement-des-dettes-de-10-000-affilies-a-la-cnss\\\/218171\\\/#breadcrumb\"},\"inLanguage\":\"fr-FR\",\"potentialAction\":[{\"@type\":\"ReadAction\",\"target\":[\"https:\\\/\\\/www.webdo.tn\\\/fr\\\/actualite\\\/national\\\/tunisie-reechelonnement-des-dettes-de-10-000-affilies-a-la-cnss\\\/218171\\\/\"]}]},{\"@type\":\"ImageObject\",\"inLanguage\":\"fr-FR\",\"@id\":\"https:\\\/\\\/www.webdo.tn\\\/fr\\\/actualite\\\/national\\\/tunisie-reechelonnement-des-dettes-de-10-000-affilies-a-la-cnss\\\/218171\\\/#primaryimage\",\"url\":\"https:\\\/\\\/www.webdo.tn\\\/fr\\\/wp-content\\\/uploads\\\/2025\\\/05\\\/a255a67eef7679563dafbb5cb4f6163d-2.webp\",\"contentUrl\":\"https:\\\/\\\/www.webdo.tn\\\/fr\\\/wp-content\\\/uploads\\\/2025\\\/05\\\/a255a67eef7679563dafbb5cb4f6163d-2.webp\",\"width\":750,\"height\":400},{\"@type\":\"BreadcrumbList\",\"@id\":\"https:\\\/\\\/www.webdo.tn\\\/fr\\\/actualite\\\/national\\\/tunisie-reechelonnement-des-dettes-de-10-000-affilies-a-la-cnss\\\/218171\\\/#breadcrumb\",\"itemListElement\":[{\"@type\":\"ListItem\",\"position\":1,\"name\":\"Accueil\",\"item\":\"https:\\\/\\\/www.webdo.tn\\\/fr\\\/\"},{\"@type\":\"ListItem\",\"position\":2,\"name\":\"Tunisie : R\u00e9\u00e9chelonnement des dettes de 10 000 affili\u00e9s \u00e0 la CNSS\"}]},{\"@type\":\"WebSite\",\"@id\":\"https:\\\/\\\/www.webdo.tn\\\/fr\\\/#website\",\"url\":\"https:\\\/\\\/www.webdo.tn\\\/fr\\\/\",\"name\":\"webdo\",\"description\":\"Tunisie - News en Tunisie et \u00e0 l&#039;international sur Webdo.tn\",\"publisher\":{\"@id\":\"https:\\\/\\\/www.webdo.tn\\\/fr\\\/#organization\"},\"potentialAction\":[{\"@type\":\"SearchAction\",\"target\":{\"@type\":\"EntryPoint\",\"urlTemplate\":\"https:\\\/\\\/www.webdo.tn\\\/fr\\\/?s={search_term_string}\"},\"query-input\":{\"@type\":\"PropertyValueSpecification\",\"valueRequired\":true,\"valueName\":\"search_term_string\"}}],\"inLanguage\":\"fr-FR\"},{\"@type\":\"Organization\",\"@id\":\"https:\\\/\\\/www.webdo.tn\\\/fr\\\/#organization\",\"name\":\"Webdo\",\"alternateName\":\"Webdo.tn\",\"url\":\"https:\\\/\\\/www.webdo.tn\\\/fr\\\/\",\"logo\":{\"@type\":\"ImageObject\",\"inLanguage\":\"fr-FR\",\"@id\":\"https:\\\/\\\/www.webdo.tn\\\/fr\\\/#\\\/schema\\\/logo\\\/image\\\/\",\"url\":\"https:\\\/\\\/www.webdo.tn\\\/fr\\\/wp-content\\\/uploads\\\/2025\\\/06\\\/Webdo-Tunisie_168377.jpg\",\"contentUrl\":\"https:\\\/\\\/www.webdo.tn\\\/fr\\\/wp-content\\\/uploads\\\/2025\\\/06\\\/Webdo-Tunisie_168377.jpg\",\"width\":301,\"height\":301,\"caption\":\"Webdo\"},\"image\":{\"@id\":\"https:\\\/\\\/www.webdo.tn\\\/fr\\\/#\\\/schema\\\/logo\\\/image\\\/\"},\"sameAs\":[\"https:\\\/\\\/www.facebook.com\\\/webdotn\",\"https:\\\/\\\/x.com\\\/webdo_tn\"],\"description\":\"Webdo est un m\u00e9dia num\u00e9rique tunisien fond\u00e9 en 2010, sp\u00e9cialis\u00e9 dans l\u2019actualit\u00e9 nationale et internationale, l\u2019\u00e9conomie, la soci\u00e9t\u00e9 et les analyses politiques. Le site s\u2019adresse \u00e0 un large public francophone et couvre l\u2019information tunisienne en temps r\u00e9el.\",\"email\":\"redac@webdo.tn\",\"legalName\":\"YNJ SARL\",\"foundingDate\":\"2010-09-06\",\"numberOfEmployees\":{\"@type\":\"QuantitativeValue\",\"minValue\":\"11\",\"maxValue\":\"50\"}},{\"@type\":\"Person\",\"@id\":\"https:\\\/\\\/www.webdo.tn\\\/fr\\\/#\\\/schema\\\/person\\\/b8a41c04d93287d375510db360906b34\",\"name\":\"AZ\",\"image\":{\"@type\":\"ImageObject\",\"inLanguage\":\"fr-FR\",\"@id\":\"https:\\\/\\\/secure.gravatar.com\\\/avatar\\\/492b80bada79439de4201dce15cd41eece6c277cfdf1b53382073c79105c1f89?s=96&d=mm&r=g\",\"url\":\"https:\\\/\\\/secure.gravatar.com\\\/avatar\\\/492b80bada79439de4201dce15cd41eece6c277cfdf1b53382073c79105c1f89?s=96&d=mm&r=g\",\"contentUrl\":\"https:\\\/\\\/secure.gravatar.com\\\/avatar\\\/492b80bada79439de4201dce15cd41eece6c277cfdf1b53382073c79105c1f89?s=96&d=mm&r=g\",\"caption\":\"AZ\"},\"url\":\"https:\\\/\\\/www.webdo.tn\\\/fr\\\/actualite\\\/author\\\/az\\\/\"}]}<\/script>\n<!-- \/ Yoast SEO Premium plugin. -->","yoast_head_json":{"title":"Tunisie : R\u00e9\u00e9chelonnement des dettes de 10 000 affili\u00e9s \u00e0 la CNSS","description":"Le programme de remise des p\u00e9nalit\u00e9s de retard de la CNSS, valable jusqu'au 31 mars 2025, permet d'all\u00e9ger les dettes des entreprises et travailleurs ind\u00e9pendan...","canonical":"https:\/\/www.webdo.tn\/fr\/actualite\/national\/tunisie-reechelonnement-des-dettes-de-10-000-affilies-a-la-cnss\/218171\/","og_locale":"fr_FR","og_type":"article","og_title":"Tunisie : R\u00e9\u00e9chelonnement des dettes de 10 000 affili\u00e9s \u00e0 la CNSS","og_description":"Le programme de remise des p\u00e9nalit\u00e9s de retard de la CNSS, valable jusqu'au 31 mars 2025, permet d'all\u00e9ger les dettes des entreprises et travailleurs ind\u00e9pendan...","og_url":"https:\/\/www.webdo.tn\/fr\/actualite\/national\/tunisie-reechelonnement-des-dettes-de-10-000-affilies-a-la-cnss\/218171\/","og_site_name":"webdo","article_publisher":"https:\/\/www.facebook.com\/webdotn","article_published_time":"2024-12-06T19:32:00+00:00","article_modified_time":"2025-05-21T09:01:35+00:00","og_image":[{"width":750,"height":400,"url":"https:\/\/www.webdo.tn\/fr\/wp-content\/uploads\/2025\/05\/a255a67eef7679563dafbb5cb4f6163d-2.webp","type":"image\/webp"}],"author":"AZ","twitter_card":"summary_large_image","twitter_creator":"@webdo_tn","twitter_site":"@webdo_tn","twitter_misc":{"\u00c9crit par":"AZ","Dur\u00e9e de lecture estim\u00e9e":"2 minutes"},"schema":{"@context":"https:\/\/schema.org","@graph":[{"@type":"NewsArticle","@id":"https:\/\/www.webdo.tn\/fr\/actualite\/national\/tunisie-reechelonnement-des-dettes-de-10-000-affilies-a-la-cnss\/218171\/#article","isPartOf":{"@id":"https:\/\/www.webdo.tn\/fr\/actualite\/national\/tunisie-reechelonnement-des-dettes-de-10-000-affilies-a-la-cnss\/218171\/"},"author":{"name":"AZ","@id":"https:\/\/www.webdo.tn\/fr\/#\/schema\/person\/b8a41c04d93287d375510db360906b34"},"headline":"Tunisie : R\u00e9\u00e9chelonnement des dettes de 10 000 affili\u00e9s \u00e0 la CNSS","datePublished":"2024-12-06T19:32:00+00:00","dateModified":"2025-05-21T09:01:35+00:00","mainEntityOfPage":{"@id":"https:\/\/www.webdo.tn\/fr\/actualite\/national\/tunisie-reechelonnement-des-dettes-de-10-000-affilies-a-la-cnss\/218171\/"},"wordCount":330,"commentCount":0,"publisher":{"@id":"https:\/\/www.webdo.tn\/fr\/#organization"},"image":{"@id":"https:\/\/www.webdo.tn\/fr\/actualite\/national\/tunisie-reechelonnement-des-dettes-de-10-000-affilies-a-la-cnss\/218171\/#primaryimage"},"thumbnailUrl":"https:\/\/www.webdo.tn\/fr\/wp-content\/uploads\/2025\/05\/a255a67eef7679563dafbb5cb4f6163d-2.webp","keywords":["CNSS","Dettes","R\u00e9\u00e9chelonnement","Tunisie"],"articleSection":["National"],"inLanguage":"fr-FR"},{"@type":"WebPage","@id":"https:\/\/www.webdo.tn\/fr\/actualite\/national\/tunisie-reechelonnement-des-dettes-de-10-000-affilies-a-la-cnss\/218171\/","url":"https:\/\/www.webdo.tn\/fr\/actualite\/national\/tunisie-reechelonnement-des-dettes-de-10-000-affilies-a-la-cnss\/218171\/","name":"Tunisie : R\u00e9\u00e9chelonnement des dettes de 10 000 affili\u00e9s \u00e0 la CNSS","isPartOf":{"@id":"https:\/\/www.webdo.tn\/fr\/#website"},"primaryImageOfPage":{"@id":"https:\/\/www.webdo.tn\/fr\/actualite\/national\/tunisie-reechelonnement-des-dettes-de-10-000-affilies-a-la-cnss\/218171\/#primaryimage"},"image":{"@id":"https:\/\/www.webdo.tn\/fr\/actualite\/national\/tunisie-reechelonnement-des-dettes-de-10-000-affilies-a-la-cnss\/218171\/#primaryimage"},"thumbnailUrl":"https:\/\/www.webdo.tn\/fr\/wp-content\/uploads\/2025\/05\/a255a67eef7679563dafbb5cb4f6163d-2.webp","datePublished":"2024-12-06T19:32:00+00:00","dateModified":"2025-05-21T09:01:35+00:00","description":"Le programme de remise des p\u00e9nalit\u00e9s de retard de la CNSS, valable jusqu'au 31 mars 2025, permet d'all\u00e9ger les dettes des entreprises et travailleurs ind\u00e9pendan...","breadcrumb":{"@id":"https:\/\/www.webdo.tn\/fr\/actualite\/national\/tunisie-reechelonnement-des-dettes-de-10-000-affilies-a-la-cnss\/218171\/#breadcrumb"},"inLanguage":"fr-FR","potentialAction":[{"@type":"ReadAction","target":["https:\/\/www.webdo.tn\/fr\/actualite\/national\/tunisie-reechelonnement-des-dettes-de-10-000-affilies-a-la-cnss\/218171\/"]}]},{"@type":"ImageObject","inLanguage":"fr-FR","@id":"https:\/\/www.webdo.tn\/fr\/actualite\/national\/tunisie-reechelonnement-des-dettes-de-10-000-affilies-a-la-cnss\/218171\/#primaryimage","url":"https:\/\/www.webdo.tn\/fr\/wp-content\/uploads\/2025\/05\/a255a67eef7679563dafbb5cb4f6163d-2.webp","contentUrl":"https:\/\/www.webdo.tn\/fr\/wp-content\/uploads\/2025\/05\/a255a67eef7679563dafbb5cb4f6163d-2.webp","width":750,"height":400},{"@type":"BreadcrumbList","@id":"https:\/\/www.webdo.tn\/fr\/actualite\/national\/tunisie-reechelonnement-des-dettes-de-10-000-affilies-a-la-cnss\/218171\/#breadcrumb","itemListElement":[{"@type":"ListItem","position":1,"name":"Accueil","item":"https:\/\/www.webdo.tn\/fr\/"},{"@type":"ListItem","position":2,"name":"Tunisie : R\u00e9\u00e9chelonnement des dettes de 10 000 affili\u00e9s \u00e0 la CNSS"}]},{"@type":"WebSite","@id":"https:\/\/www.webdo.tn\/fr\/#website","url":"https:\/\/www.webdo.tn\/fr\/","name":"webdo","description":"Tunisie - News en Tunisie et \u00e0 l&#039;international sur Webdo.tn","publisher":{"@id":"https:\/\/www.webdo.tn\/fr\/#organization"},"potentialAction":[{"@type":"SearchAction","target":{"@type":"EntryPoint","urlTemplate":"https:\/\/www.webdo.tn\/fr\/?s={search_term_string}"},"query-input":{"@type":"PropertyValueSpecification","valueRequired":true,"valueName":"search_term_string"}}],"inLanguage":"fr-FR"},{"@type":"Organization","@id":"https:\/\/www.webdo.tn\/fr\/#organization","name":"Webdo","alternateName":"Webdo.tn","url":"https:\/\/www.webdo.tn\/fr\/","logo":{"@type":"ImageObject","inLanguage":"fr-FR","@id":"https:\/\/www.webdo.tn\/fr\/#\/schema\/logo\/image\/","url":"https:\/\/www.webdo.tn\/fr\/wp-content\/uploads\/2025\/06\/Webdo-Tunisie_168377.jpg","contentUrl":"https:\/\/www.webdo.tn\/fr\/wp-content\/uploads\/2025\/06\/Webdo-Tunisie_168377.jpg","width":301,"height":301,"caption":"Webdo"},"image":{"@id":"https:\/\/www.webdo.tn\/fr\/#\/schema\/logo\/image\/"},"sameAs":["https:\/\/www.facebook.com\/webdotn","https:\/\/x.com\/webdo_tn"],"description":"Webdo est un m\u00e9dia num\u00e9rique tunisien fond\u00e9 en 2010, sp\u00e9cialis\u00e9 dans l\u2019actualit\u00e9 nationale et internationale, l\u2019\u00e9conomie, la soci\u00e9t\u00e9 et les analyses politiques. Le site s\u2019adresse \u00e0 un large public francophone et couvre l\u2019information tunisienne en temps r\u00e9el.","email":"redac@webdo.tn","legalName":"YNJ SARL","foundingDate":"2010-09-06","numberOfEmployees":{"@type":"QuantitativeValue","minValue":"11","maxValue":"50"}},{"@type":"Person","@id":"https:\/\/www.webdo.tn\/fr\/#\/schema\/person\/b8a41c04d93287d375510db360906b34","name":"AZ","image":{"@type":"ImageObject","inLanguage":"fr-FR","@id":"https:\/\/secure.gravatar.com\/avatar\/492b80bada79439de4201dce15cd41eece6c277cfdf1b53382073c79105c1f89?s=96&d=mm&r=g","url":"https:\/\/secure.gravatar.com\/avatar\/492b80bada79439de4201dce15cd41eece6c277cfdf1b53382073c79105c1f89?s=96&d=mm&r=g","contentUrl":"https:\/\/secure.gravatar.com\/avatar\/492b80bada79439de4201dce15cd41eece6c277cfdf1b53382073c79105c1f89?s=96&d=mm&r=g","caption":"AZ"},"url":"https:\/\/www.webdo.tn\/fr\/actualite\/author\/az\/"}]}},"_links":{"self":[{"href":"https:\/\/www.webdo.tn\/fr\/wp-json\/wp\/v2\/posts\/218171","targetHints":{"allow":["GET"]}}],"collection":[{"href":"https:\/\/www.webdo.tn\/fr\/wp-json\/wp\/v2\/posts"}],"about":[{"href":"https:\/\/www.webdo.tn\/fr\/wp-json\/wp\/v2\/types\/post"}],"author":[{"embeddable":true,"href":"https:\/\/www.webdo.tn\/fr\/wp-json\/wp\/v2\/users\/3166"}],"replies":[{"embeddable":true,"href":"https:\/\/www.webdo.tn\/fr\/wp-json\/wp\/v2\/comments?post=218171"}],"version-history":[{"count":0,"href":"https:\/\/www.webdo.tn\/fr\/wp-json\/wp\/v2\/posts\/218171\/revisions"}],"wp:featuredmedia":[{"embeddable":true,"href":"https:\/\/www.webdo.tn\/fr\/wp-json\/wp\/v2\/media\/243574"}],"wp:attachment":[{"href":"https:\/\/www.webdo.tn\/fr\/wp-json\/wp\/v2\/media?parent=218171"}],"wp:term":[{"taxonomy":"category","embeddable":true,"href":"https:\/\/www.webdo.tn\/fr\/wp-json\/wp\/v2\/categories?post=218171"},{"taxonomy":"post_tag","embeddable":true,"href":"https:\/\/www.webdo.tn\/fr\/wp-json\/wp\/v2\/tags?post=218171"}],"curies":[{"name":"wp","href":"https:\/\/api.w.org\/{rel}","templated":true}]}}