{"id":218165,"date":"2024-12-06T16:13:00","date_gmt":"2024-12-06T16:13:00","guid":{"rendered":"https:\/\/www.webdo.tn\/fr\/blog\/tunisie-telecom-acteur-cle-aux-journees-de-l-entreprise-et-lancement-de-la-solution-innovante-fiber-to-the-room\/218165\/"},"modified":"2025-05-20T22:15:25","modified_gmt":"2025-05-20T22:15:25","slug":"tunisie-telecom-acteur-cle-aux-journees-de-l-entreprise-et-lancement-de-la-solution-innovante-fiber-to-the-room","status":"publish","type":"post","link":"https:\/\/www.webdo.tn\/fr\/actualite\/national\/tunisie-telecom-acteur-cle-aux-journees-de-l-entreprise-et-lancement-de-la-solution-innovante-fiber-to-the-room\/218165\/","title":{"rendered":"Tunisie Telecom, acteur cl\u00e9 aux Journ\u00e9es de l\u2019Entreprise et lancement de la solution innovante \u00ab\u00a0Fiber to the Room\u00a0\u00bb"},"content":{"rendered":"<p>Tunisie Telecom marque une nouvelle fois sa pr\u00e9sence en tant que partenaire majeur des Journ\u00e9es de l\u2019Entreprise, un rendez-vous incontournable pour le monde \u00e9conomique tunisien, qui se tient \u00e0 Sousse du 5 au 7 d\u00e9cembre 2024.<\/p>\n<p>Pour la quinzi\u00e8me ann\u00e9e cons\u00e9cutive, l\u2019op\u00e9rateur national s\u2019illustre \u00e0 cet \u00e9v\u00e9nement, organis\u00e9 autour du th\u00e8me \u00ab L&rsquo;Entreprise et les Grands Changements : Adaptation et Opportunit\u00e9s \u00bb. \u00a0<\/p>\n<p>Des innovations technologiques au service des entreprises\u00a0 <\/p>\n<p>Lors de cette 38\u00e8me \u00e9dition, Tunisie Telecom met en avant ses solutions technologiques de pointe, notamment dans les domaines du cloud computing, de la cybers\u00e9curit\u00e9 et du haut d\u00e9bit, d\u00e9montrant une volont\u00e9 affirm\u00e9e d\u2019accompagner les entreprises tunisiennes dans leur transformation digitale. \u00a0<\/p>\n<p>L\u2019un des temps forts de cet \u00e9v\u00e9nement est le lancement de la nouvelle solution \u00ab\u00a0Fiber to the Room\u00a0\u00bb (FTTR), une innovation qui permet une distribution optimis\u00e9e de la bande passante au sein des foyers, garantissant une connectivit\u00e9 rapide et stable pour chaque utilisateur.<\/p>\n<p>Cette technologie s\u2019inscrit dans l\u2019objectif de Tunisie Telecom de r\u00e9pondre aux exigences croissantes des entreprises et des particuliers en mati\u00e8re de connectivit\u00e9 fiable et performante. \u00a0<\/p>\n<p>Un engagement pour l\u2019avenir num\u00e9rique de la Tunisie\u00a0 <\/p>\n<p>Lors de son intervention sur Express FM, le Pr\u00e9sident-Directeur G\u00e9n\u00e9ral de Tunisie Telecom, M. Lass\u00e2ad Ben Dhiab, a soulign\u00e9 l\u2019importance strat\u00e9gique de ces innovations : \u00a0<\/p>\n<p>\u00ab Tunisie Telecom travaille \u00e0 demain en offrant aujourd\u2019hui des technologies acc\u00e9l\u00e9ratrices d\u2019innovation et de croissance. Nous misons \u00e9galement sur les talents et la cr\u00e9ativit\u00e9 des g\u00e9n\u00e9rations futures pour b\u00e2tir les succ\u00e8s \u00e9conomiques de demain. \u00bb \u00a0<\/p>\n<p>Il a \u00e9galement r\u00e9it\u00e9r\u00e9 l\u2019engagement de Tunisie Telecom en tant qu\u2019op\u00e9rateur national, \u00e0 garantir une connectivit\u00e9 fiable et accessible \u00e0 tous les citoyens tunisiens, tout en r\u00e9pondant aux besoins sp\u00e9cifiques des entreprises, notamment dans les zones les moins desservies. \u00a0<\/p>\n<p>La 5G : un levier pour l\u2019\u00e9conomie et l\u2019innovation\u00a0 <\/p>\n<p>En marge de cet \u00e9v\u00e9nement, M. Lass\u00e2ad Ben Dhiab a annonc\u00e9 que Tunisie Telecom est pleinement pr\u00eat pour le d\u00e9ploiement commercial de la 5G, une technologie qui transformera le paysage \u00e9conomique tunisien. \u00a0<\/p>\n<p>\u00ab La 5G repr\u00e9sente une opportunit\u00e9 unique pour les acteurs \u00e9conomiques, notamment les startups, qui pourront d\u00e9velopper des mod\u00e8les d\u2019affaires innovants, cr\u00e9er de nouveaux usages et dynamiser l\u2019\u00e9conomie nationale. \u00bb \u00a0<\/p>\n<p>Ce lancement, d\u2019abord orient\u00e9 vers les besoins des entreprises, permettra une personnalisation des services et des solutions en fonction des sp\u00e9cificit\u00e9s de chaque secteur, offrant ainsi un avantage comp\u00e9titif aux entreprises de toutes tailles. \u00a0<\/p>\n<p>Un dialogue renforc\u00e9 avec les entreprises <\/p>\n<p>Les Journ\u00e9es de l\u2019Entreprise constituent pour Tunisie Telecom une plateforme id\u00e9ale pour : \u00a0<\/p>\n<p>\tRenforcer son \u00e9coute des besoins des entreprises tunisiennes.<br \/>\n\tNouer de nouveaux partenariats<br \/>\n\tPr\u00e9senter des solutions adapt\u00e9es, en ad\u00e9quation avec les grands changements \u00e9conomiques et technologiques. \u00a0<\/p>\n<p>Tunisie Telecom, \u00e0 travers ses initiatives et ses solutions, r\u00e9affirme son r\u00f4le moteur dans le d\u00e9veloppement technologique et \u00e9conomique du pays, tout en contribuant activement \u00e0 pr\u00e9parer les entreprises tunisiennes \u00e0 relever les d\u00e9fis de demain.<\/p>\n","protected":false},"excerpt":{"rendered":"<p>Tunisie Telecom marque une nouvelle fois sa pr\u00e9sence en tant que partenaire majeur des Journ\u00e9es de l\u2019Entreprise, un rendez-vous incontournable pour le monde \u00e9conomique tunisien, qui se tient \u00e0 Sousse du 5 au 7 d\u00e9cembre 2024. Pour la quinzi\u00e8me ann\u00e9e cons\u00e9cutive, l\u2019op\u00e9rateur national s\u2019illustre \u00e0 cet \u00e9v\u00e9nement, organis\u00e9 autour du th\u00e8me \u00ab L&rsquo;Entreprise et les [&hellip;]<\/p>\n","protected":false},"author":3162,"featured_media":291488,"comment_status":"open","ping_status":"closed","sticky":false,"template":"","format":"standard","meta":{"footnotes":""},"categories":[44],"tags":[10731,3834,4799,2608,2931],"class_list":["post-218165","post","type-post","status-publish","format-standard","has-post-thumbnail","hentry","category-national","tag-fiber-to-the-room","tag-5g","tag-journees-de-lentreprise","tag-tunisie","tag-tunisie-telecom"],"yoast_head":"<!-- This site is optimized with the Yoast SEO Premium plugin v27.5 (Yoast SEO v27.5) - https:\/\/yoast.com\/product\/yoast-seo-premium-wordpress\/ -->\n<title>Tunisie Telecom, acteur cl\u00e9 aux Journ\u00e9es de l\u2019Entreprise et lancement de la solution innovante Fiber to the Room<\/title>\n<link rel=\"canonical\" href=\"https:\/\/www.webdo.tn\/fr\/actualite\/national\/tunisie-telecom-acteur-cle-aux-journees-de-l-entreprise-et-lancement-de-la-solution-innovante-fiber-to-the-room\/218165\/\" \/>\n<meta property=\"og:locale\" content=\"fr_FR\" \/>\n<meta property=\"og:type\" content=\"article\" \/>\n<meta property=\"og:title\" content=\"Tunisie Telecom, acteur cl\u00e9 aux Journ\u00e9es de l\u2019Entreprise et lancement de la solution innovante &quot;Fiber to the Room&quot;\" \/>\n<meta property=\"og:description\" content=\"Tunisie Telecom marque une nouvelle fois sa pr\u00e9sence en tant que partenaire majeur des Journ\u00e9es de l\u2019Entreprise, un rendez-vous incontournable pour le monde \u00e9conomique tunisien, qui se tient \u00e0 Sousse du 5 au 7 d\u00e9cembre 2024. Pour la quinzi\u00e8me ann\u00e9e cons\u00e9cutive, l\u2019op\u00e9rateur national s\u2019illustre \u00e0 cet \u00e9v\u00e9nement, organis\u00e9 autour du th\u00e8me \u00ab L&rsquo;Entreprise et les [&hellip;]\" \/>\n<meta property=\"og:url\" content=\"https:\/\/www.webdo.tn\/fr\/actualite\/national\/tunisie-telecom-acteur-cle-aux-journees-de-l-entreprise-et-lancement-de-la-solution-innovante-fiber-to-the-room\/218165\/\" \/>\n<meta property=\"og:site_name\" content=\"webdo\" \/>\n<meta property=\"article:publisher\" content=\"https:\/\/www.facebook.com\/webdotn\" \/>\n<meta property=\"article:published_time\" content=\"2024-12-06T16:13:00+00:00\" \/>\n<meta property=\"article:modified_time\" content=\"2025-05-20T22:15:25+00:00\" \/>\n<meta property=\"og:image\" content=\"https:\/\/www.webdo.tn\/fr\/wp-content\/uploads\/2024\/12\/ff3a73e48e7b7f182abe4bfdb4613e1e.webp\" \/>\n\t<meta property=\"og:image:width\" content=\"750\" \/>\n\t<meta property=\"og:image:height\" content=\"400\" \/>\n\t<meta property=\"og:image:type\" content=\"image\/webp\" \/>\n<meta name=\"author\" content=\"MC\" \/>\n<meta name=\"twitter:card\" content=\"summary_large_image\" \/>\n<meta name=\"twitter:creator\" content=\"@webdo_tn\" \/>\n<meta name=\"twitter:site\" content=\"@webdo_tn\" \/>\n<meta name=\"twitter:label1\" content=\"\u00c9crit par\" \/>\n\t<meta name=\"twitter:data1\" content=\"MC\" \/>\n\t<meta name=\"twitter:label2\" content=\"Dur\u00e9e de lecture estim\u00e9e\" \/>\n\t<meta name=\"twitter:data2\" content=\"3 minutes\" \/>\n<script type=\"application\/ld+json\" class=\"yoast-schema-graph\">{\"@context\":\"https:\\\/\\\/schema.org\",\"@graph\":[{\"@type\":\"NewsArticle\",\"@id\":\"https:\\\/\\\/www.webdo.tn\\\/fr\\\/actualite\\\/national\\\/tunisie-telecom-acteur-cle-aux-journees-de-l-entreprise-et-lancement-de-la-solution-innovante-fiber-to-the-room\\\/218165\\\/#article\",\"isPartOf\":{\"@id\":\"https:\\\/\\\/www.webdo.tn\\\/fr\\\/actualite\\\/national\\\/tunisie-telecom-acteur-cle-aux-journees-de-l-entreprise-et-lancement-de-la-solution-innovante-fiber-to-the-room\\\/218165\\\/\"},\"author\":{\"name\":\"MC\",\"@id\":\"https:\\\/\\\/www.webdo.tn\\\/fr\\\/#\\\/schema\\\/person\\\/2c4929cbf5a809e3bd38617c6ce150f6\"},\"headline\":\"Tunisie Telecom, acteur cl\u00e9 aux Journ\u00e9es de l\u2019Entreprise et lancement de la solution innovante \u00ab\u00a0Fiber to the Room\u00a0\u00bb\",\"datePublished\":\"2024-12-06T16:13:00+00:00\",\"dateModified\":\"2025-05-20T22:15:25+00:00\",\"mainEntityOfPage\":{\"@id\":\"https:\\\/\\\/www.webdo.tn\\\/fr\\\/actualite\\\/national\\\/tunisie-telecom-acteur-cle-aux-journees-de-l-entreprise-et-lancement-de-la-solution-innovante-fiber-to-the-room\\\/218165\\\/\"},\"wordCount\":547,\"commentCount\":0,\"publisher\":{\"@id\":\"https:\\\/\\\/www.webdo.tn\\\/fr\\\/#organization\"},\"image\":{\"@id\":\"https:\\\/\\\/www.webdo.tn\\\/fr\\\/actualite\\\/national\\\/tunisie-telecom-acteur-cle-aux-journees-de-l-entreprise-et-lancement-de-la-solution-innovante-fiber-to-the-room\\\/218165\\\/#primaryimage\"},\"thumbnailUrl\":\"https:\\\/\\\/www.webdo.tn\\\/fr\\\/wp-content\\\/uploads\\\/2024\\\/12\\\/ff3a73e48e7b7f182abe4bfdb4613e1e.webp\",\"keywords\":[\"'Fiber to the Room']\",\"5G\",\"journ\u00e9es de l'entreprise\",\"Tunisie\",\"Tunisie Telecom\"],\"articleSection\":[\"National\"],\"inLanguage\":\"fr-FR\"},{\"@type\":\"WebPage\",\"@id\":\"https:\\\/\\\/www.webdo.tn\\\/fr\\\/actualite\\\/national\\\/tunisie-telecom-acteur-cle-aux-journees-de-l-entreprise-et-lancement-de-la-solution-innovante-fiber-to-the-room\\\/218165\\\/\",\"url\":\"https:\\\/\\\/www.webdo.tn\\\/fr\\\/actualite\\\/national\\\/tunisie-telecom-acteur-cle-aux-journees-de-l-entreprise-et-lancement-de-la-solution-innovante-fiber-to-the-room\\\/218165\\\/\",\"name\":\"Tunisie Telecom, acteur cl\u00e9 aux Journ\u00e9es de l\u2019Entreprise et lancement de la solution innovante Fiber to the Room\",\"isPartOf\":{\"@id\":\"https:\\\/\\\/www.webdo.tn\\\/fr\\\/#website\"},\"primaryImageOfPage\":{\"@id\":\"https:\\\/\\\/www.webdo.tn\\\/fr\\\/actualite\\\/national\\\/tunisie-telecom-acteur-cle-aux-journees-de-l-entreprise-et-lancement-de-la-solution-innovante-fiber-to-the-room\\\/218165\\\/#primaryimage\"},\"image\":{\"@id\":\"https:\\\/\\\/www.webdo.tn\\\/fr\\\/actualite\\\/national\\\/tunisie-telecom-acteur-cle-aux-journees-de-l-entreprise-et-lancement-de-la-solution-innovante-fiber-to-the-room\\\/218165\\\/#primaryimage\"},\"thumbnailUrl\":\"https:\\\/\\\/www.webdo.tn\\\/fr\\\/wp-content\\\/uploads\\\/2024\\\/12\\\/ff3a73e48e7b7f182abe4bfdb4613e1e.webp\",\"datePublished\":\"2024-12-06T16:13:00+00:00\",\"dateModified\":\"2025-05-20T22:15:25+00:00\",\"breadcrumb\":{\"@id\":\"https:\\\/\\\/www.webdo.tn\\\/fr\\\/actualite\\\/national\\\/tunisie-telecom-acteur-cle-aux-journees-de-l-entreprise-et-lancement-de-la-solution-innovante-fiber-to-the-room\\\/218165\\\/#breadcrumb\"},\"inLanguage\":\"fr-FR\",\"potentialAction\":[{\"@type\":\"ReadAction\",\"target\":[\"https:\\\/\\\/www.webdo.tn\\\/fr\\\/actualite\\\/national\\\/tunisie-telecom-acteur-cle-aux-journees-de-l-entreprise-et-lancement-de-la-solution-innovante-fiber-to-the-room\\\/218165\\\/\"]}]},{\"@type\":\"ImageObject\",\"inLanguage\":\"fr-FR\",\"@id\":\"https:\\\/\\\/www.webdo.tn\\\/fr\\\/actualite\\\/national\\\/tunisie-telecom-acteur-cle-aux-journees-de-l-entreprise-et-lancement-de-la-solution-innovante-fiber-to-the-room\\\/218165\\\/#primaryimage\",\"url\":\"https:\\\/\\\/www.webdo.tn\\\/fr\\\/wp-content\\\/uploads\\\/2024\\\/12\\\/ff3a73e48e7b7f182abe4bfdb4613e1e.webp\",\"contentUrl\":\"https:\\\/\\\/www.webdo.tn\\\/fr\\\/wp-content\\\/uploads\\\/2024\\\/12\\\/ff3a73e48e7b7f182abe4bfdb4613e1e.webp\",\"width\":750,\"height\":400,\"caption\":\"Tunisie Telecom, acteur cl\u00e9 aux Journ\u00e9es de l\u2019Entreprise et lancement de la solution innovante \\\"Fiber to the Room\\\"\"},{\"@type\":\"BreadcrumbList\",\"@id\":\"https:\\\/\\\/www.webdo.tn\\\/fr\\\/actualite\\\/national\\\/tunisie-telecom-acteur-cle-aux-journees-de-l-entreprise-et-lancement-de-la-solution-innovante-fiber-to-the-room\\\/218165\\\/#breadcrumb\",\"itemListElement\":[{\"@type\":\"ListItem\",\"position\":1,\"name\":\"Accueil\",\"item\":\"https:\\\/\\\/www.webdo.tn\\\/fr\\\/\"},{\"@type\":\"ListItem\",\"position\":2,\"name\":\"Tunisie Telecom, acteur cl\u00e9 aux Journ\u00e9es de l\u2019Entreprise et lancement de la solution innovante \u00ab\u00a0Fiber to the Room\u00a0\u00bb\"}]},{\"@type\":\"WebSite\",\"@id\":\"https:\\\/\\\/www.webdo.tn\\\/fr\\\/#website\",\"url\":\"https:\\\/\\\/www.webdo.tn\\\/fr\\\/\",\"name\":\"webdo\",\"description\":\"Tunisie - News en Tunisie et \u00e0 l&#039;international sur Webdo.tn\",\"publisher\":{\"@id\":\"https:\\\/\\\/www.webdo.tn\\\/fr\\\/#organization\"},\"potentialAction\":[{\"@type\":\"SearchAction\",\"target\":{\"@type\":\"EntryPoint\",\"urlTemplate\":\"https:\\\/\\\/www.webdo.tn\\\/fr\\\/?s={search_term_string}\"},\"query-input\":{\"@type\":\"PropertyValueSpecification\",\"valueRequired\":true,\"valueName\":\"search_term_string\"}}],\"inLanguage\":\"fr-FR\"},{\"@type\":\"Organization\",\"@id\":\"https:\\\/\\\/www.webdo.tn\\\/fr\\\/#organization\",\"name\":\"Webdo\",\"alternateName\":\"Webdo.tn\",\"url\":\"https:\\\/\\\/www.webdo.tn\\\/fr\\\/\",\"logo\":{\"@type\":\"ImageObject\",\"inLanguage\":\"fr-FR\",\"@id\":\"https:\\\/\\\/www.webdo.tn\\\/fr\\\/#\\\/schema\\\/logo\\\/image\\\/\",\"url\":\"https:\\\/\\\/www.webdo.tn\\\/fr\\\/wp-content\\\/uploads\\\/2025\\\/06\\\/Webdo-Tunisie_168377.jpg\",\"contentUrl\":\"https:\\\/\\\/www.webdo.tn\\\/fr\\\/wp-content\\\/uploads\\\/2025\\\/06\\\/Webdo-Tunisie_168377.jpg\",\"width\":301,\"height\":301,\"caption\":\"Webdo\"},\"image\":{\"@id\":\"https:\\\/\\\/www.webdo.tn\\\/fr\\\/#\\\/schema\\\/logo\\\/image\\\/\"},\"sameAs\":[\"https:\\\/\\\/www.facebook.com\\\/webdotn\",\"https:\\\/\\\/x.com\\\/webdo_tn\"],\"description\":\"Webdo est un m\u00e9dia num\u00e9rique tunisien fond\u00e9 en 2010, sp\u00e9cialis\u00e9 dans l\u2019actualit\u00e9 nationale et internationale, l\u2019\u00e9conomie, la soci\u00e9t\u00e9 et les analyses politiques. Le site s\u2019adresse \u00e0 un large public francophone et couvre l\u2019information tunisienne en temps r\u00e9el.\",\"email\":\"redac@webdo.tn\",\"legalName\":\"YNJ SARL\",\"foundingDate\":\"2010-09-06\",\"numberOfEmployees\":{\"@type\":\"QuantitativeValue\",\"minValue\":\"11\",\"maxValue\":\"50\"}},{\"@type\":\"Person\",\"@id\":\"https:\\\/\\\/www.webdo.tn\\\/fr\\\/#\\\/schema\\\/person\\\/2c4929cbf5a809e3bd38617c6ce150f6\",\"name\":\"MC\",\"image\":{\"@type\":\"ImageObject\",\"inLanguage\":\"fr-FR\",\"@id\":\"https:\\\/\\\/secure.gravatar.com\\\/avatar\\\/a545bbb6f84efdd5553dbbc2895e3ca8f1d12c5215e00a041c9670b54aa9b18a?s=96&d=mm&r=g\",\"url\":\"https:\\\/\\\/secure.gravatar.com\\\/avatar\\\/a545bbb6f84efdd5553dbbc2895e3ca8f1d12c5215e00a041c9670b54aa9b18a?s=96&d=mm&r=g\",\"contentUrl\":\"https:\\\/\\\/secure.gravatar.com\\\/avatar\\\/a545bbb6f84efdd5553dbbc2895e3ca8f1d12c5215e00a041c9670b54aa9b18a?s=96&d=mm&r=g\",\"caption\":\"MC\"},\"url\":\"https:\\\/\\\/www.webdo.tn\\\/fr\\\/actualite\\\/author\\\/mc\\\/\"}]}<\/script>\n<!-- \/ Yoast SEO Premium plugin. -->","yoast_head_json":{"title":"Tunisie Telecom, acteur cl\u00e9 aux Journ\u00e9es de l\u2019Entreprise et lancement de la solution innovante Fiber to the Room","canonical":"https:\/\/www.webdo.tn\/fr\/actualite\/national\/tunisie-telecom-acteur-cle-aux-journees-de-l-entreprise-et-lancement-de-la-solution-innovante-fiber-to-the-room\/218165\/","og_locale":"fr_FR","og_type":"article","og_title":"Tunisie Telecom, acteur cl\u00e9 aux Journ\u00e9es de l\u2019Entreprise et lancement de la solution innovante \"Fiber to the Room\"","og_description":"Tunisie Telecom marque une nouvelle fois sa pr\u00e9sence en tant que partenaire majeur des Journ\u00e9es de l\u2019Entreprise, un rendez-vous incontournable pour le monde \u00e9conomique tunisien, qui se tient \u00e0 Sousse du 5 au 7 d\u00e9cembre 2024. Pour la quinzi\u00e8me ann\u00e9e cons\u00e9cutive, l\u2019op\u00e9rateur national s\u2019illustre \u00e0 cet \u00e9v\u00e9nement, organis\u00e9 autour du th\u00e8me \u00ab L&rsquo;Entreprise et les [&hellip;]","og_url":"https:\/\/www.webdo.tn\/fr\/actualite\/national\/tunisie-telecom-acteur-cle-aux-journees-de-l-entreprise-et-lancement-de-la-solution-innovante-fiber-to-the-room\/218165\/","og_site_name":"webdo","article_publisher":"https:\/\/www.facebook.com\/webdotn","article_published_time":"2024-12-06T16:13:00+00:00","article_modified_time":"2025-05-20T22:15:25+00:00","og_image":[{"width":750,"height":400,"url":"https:\/\/www.webdo.tn\/fr\/wp-content\/uploads\/2024\/12\/ff3a73e48e7b7f182abe4bfdb4613e1e.webp","type":"image\/webp"}],"author":"MC","twitter_card":"summary_large_image","twitter_creator":"@webdo_tn","twitter_site":"@webdo_tn","twitter_misc":{"\u00c9crit par":"MC","Dur\u00e9e de lecture estim\u00e9e":"3 minutes"},"schema":{"@context":"https:\/\/schema.org","@graph":[{"@type":"NewsArticle","@id":"https:\/\/www.webdo.tn\/fr\/actualite\/national\/tunisie-telecom-acteur-cle-aux-journees-de-l-entreprise-et-lancement-de-la-solution-innovante-fiber-to-the-room\/218165\/#article","isPartOf":{"@id":"https:\/\/www.webdo.tn\/fr\/actualite\/national\/tunisie-telecom-acteur-cle-aux-journees-de-l-entreprise-et-lancement-de-la-solution-innovante-fiber-to-the-room\/218165\/"},"author":{"name":"MC","@id":"https:\/\/www.webdo.tn\/fr\/#\/schema\/person\/2c4929cbf5a809e3bd38617c6ce150f6"},"headline":"Tunisie Telecom, acteur cl\u00e9 aux Journ\u00e9es de l\u2019Entreprise et lancement de la solution innovante \u00ab\u00a0Fiber to the Room\u00a0\u00bb","datePublished":"2024-12-06T16:13:00+00:00","dateModified":"2025-05-20T22:15:25+00:00","mainEntityOfPage":{"@id":"https:\/\/www.webdo.tn\/fr\/actualite\/national\/tunisie-telecom-acteur-cle-aux-journees-de-l-entreprise-et-lancement-de-la-solution-innovante-fiber-to-the-room\/218165\/"},"wordCount":547,"commentCount":0,"publisher":{"@id":"https:\/\/www.webdo.tn\/fr\/#organization"},"image":{"@id":"https:\/\/www.webdo.tn\/fr\/actualite\/national\/tunisie-telecom-acteur-cle-aux-journees-de-l-entreprise-et-lancement-de-la-solution-innovante-fiber-to-the-room\/218165\/#primaryimage"},"thumbnailUrl":"https:\/\/www.webdo.tn\/fr\/wp-content\/uploads\/2024\/12\/ff3a73e48e7b7f182abe4bfdb4613e1e.webp","keywords":["'Fiber to the Room']","5G","journ\u00e9es de l'entreprise","Tunisie","Tunisie Telecom"],"articleSection":["National"],"inLanguage":"fr-FR"},{"@type":"WebPage","@id":"https:\/\/www.webdo.tn\/fr\/actualite\/national\/tunisie-telecom-acteur-cle-aux-journees-de-l-entreprise-et-lancement-de-la-solution-innovante-fiber-to-the-room\/218165\/","url":"https:\/\/www.webdo.tn\/fr\/actualite\/national\/tunisie-telecom-acteur-cle-aux-journees-de-l-entreprise-et-lancement-de-la-solution-innovante-fiber-to-the-room\/218165\/","name":"Tunisie Telecom, acteur cl\u00e9 aux Journ\u00e9es de l\u2019Entreprise et lancement de la solution innovante Fiber to the Room","isPartOf":{"@id":"https:\/\/www.webdo.tn\/fr\/#website"},"primaryImageOfPage":{"@id":"https:\/\/www.webdo.tn\/fr\/actualite\/national\/tunisie-telecom-acteur-cle-aux-journees-de-l-entreprise-et-lancement-de-la-solution-innovante-fiber-to-the-room\/218165\/#primaryimage"},"image":{"@id":"https:\/\/www.webdo.tn\/fr\/actualite\/national\/tunisie-telecom-acteur-cle-aux-journees-de-l-entreprise-et-lancement-de-la-solution-innovante-fiber-to-the-room\/218165\/#primaryimage"},"thumbnailUrl":"https:\/\/www.webdo.tn\/fr\/wp-content\/uploads\/2024\/12\/ff3a73e48e7b7f182abe4bfdb4613e1e.webp","datePublished":"2024-12-06T16:13:00+00:00","dateModified":"2025-05-20T22:15:25+00:00","breadcrumb":{"@id":"https:\/\/www.webdo.tn\/fr\/actualite\/national\/tunisie-telecom-acteur-cle-aux-journees-de-l-entreprise-et-lancement-de-la-solution-innovante-fiber-to-the-room\/218165\/#breadcrumb"},"inLanguage":"fr-FR","potentialAction":[{"@type":"ReadAction","target":["https:\/\/www.webdo.tn\/fr\/actualite\/national\/tunisie-telecom-acteur-cle-aux-journees-de-l-entreprise-et-lancement-de-la-solution-innovante-fiber-to-the-room\/218165\/"]}]},{"@type":"ImageObject","inLanguage":"fr-FR","@id":"https:\/\/www.webdo.tn\/fr\/actualite\/national\/tunisie-telecom-acteur-cle-aux-journees-de-l-entreprise-et-lancement-de-la-solution-innovante-fiber-to-the-room\/218165\/#primaryimage","url":"https:\/\/www.webdo.tn\/fr\/wp-content\/uploads\/2024\/12\/ff3a73e48e7b7f182abe4bfdb4613e1e.webp","contentUrl":"https:\/\/www.webdo.tn\/fr\/wp-content\/uploads\/2024\/12\/ff3a73e48e7b7f182abe4bfdb4613e1e.webp","width":750,"height":400,"caption":"Tunisie Telecom, acteur cl\u00e9 aux Journ\u00e9es de l\u2019Entreprise et lancement de la solution innovante \"Fiber to the Room\""},{"@type":"BreadcrumbList","@id":"https:\/\/www.webdo.tn\/fr\/actualite\/national\/tunisie-telecom-acteur-cle-aux-journees-de-l-entreprise-et-lancement-de-la-solution-innovante-fiber-to-the-room\/218165\/#breadcrumb","itemListElement":[{"@type":"ListItem","position":1,"name":"Accueil","item":"https:\/\/www.webdo.tn\/fr\/"},{"@type":"ListItem","position":2,"name":"Tunisie Telecom, acteur cl\u00e9 aux Journ\u00e9es de l\u2019Entreprise et lancement de la solution innovante \u00ab\u00a0Fiber to the Room\u00a0\u00bb"}]},{"@type":"WebSite","@id":"https:\/\/www.webdo.tn\/fr\/#website","url":"https:\/\/www.webdo.tn\/fr\/","name":"webdo","description":"Tunisie - News en Tunisie et \u00e0 l&#039;international sur Webdo.tn","publisher":{"@id":"https:\/\/www.webdo.tn\/fr\/#organization"},"potentialAction":[{"@type":"SearchAction","target":{"@type":"EntryPoint","urlTemplate":"https:\/\/www.webdo.tn\/fr\/?s={search_term_string}"},"query-input":{"@type":"PropertyValueSpecification","valueRequired":true,"valueName":"search_term_string"}}],"inLanguage":"fr-FR"},{"@type":"Organization","@id":"https:\/\/www.webdo.tn\/fr\/#organization","name":"Webdo","alternateName":"Webdo.tn","url":"https:\/\/www.webdo.tn\/fr\/","logo":{"@type":"ImageObject","inLanguage":"fr-FR","@id":"https:\/\/www.webdo.tn\/fr\/#\/schema\/logo\/image\/","url":"https:\/\/www.webdo.tn\/fr\/wp-content\/uploads\/2025\/06\/Webdo-Tunisie_168377.jpg","contentUrl":"https:\/\/www.webdo.tn\/fr\/wp-content\/uploads\/2025\/06\/Webdo-Tunisie_168377.jpg","width":301,"height":301,"caption":"Webdo"},"image":{"@id":"https:\/\/www.webdo.tn\/fr\/#\/schema\/logo\/image\/"},"sameAs":["https:\/\/www.facebook.com\/webdotn","https:\/\/x.com\/webdo_tn"],"description":"Webdo est un m\u00e9dia num\u00e9rique tunisien fond\u00e9 en 2010, sp\u00e9cialis\u00e9 dans l\u2019actualit\u00e9 nationale et internationale, l\u2019\u00e9conomie, la soci\u00e9t\u00e9 et les analyses politiques. Le site s\u2019adresse \u00e0 un large public francophone et couvre l\u2019information tunisienne en temps r\u00e9el.","email":"redac@webdo.tn","legalName":"YNJ SARL","foundingDate":"2010-09-06","numberOfEmployees":{"@type":"QuantitativeValue","minValue":"11","maxValue":"50"}},{"@type":"Person","@id":"https:\/\/www.webdo.tn\/fr\/#\/schema\/person\/2c4929cbf5a809e3bd38617c6ce150f6","name":"MC","image":{"@type":"ImageObject","inLanguage":"fr-FR","@id":"https:\/\/secure.gravatar.com\/avatar\/a545bbb6f84efdd5553dbbc2895e3ca8f1d12c5215e00a041c9670b54aa9b18a?s=96&d=mm&r=g","url":"https:\/\/secure.gravatar.com\/avatar\/a545bbb6f84efdd5553dbbc2895e3ca8f1d12c5215e00a041c9670b54aa9b18a?s=96&d=mm&r=g","contentUrl":"https:\/\/secure.gravatar.com\/avatar\/a545bbb6f84efdd5553dbbc2895e3ca8f1d12c5215e00a041c9670b54aa9b18a?s=96&d=mm&r=g","caption":"MC"},"url":"https:\/\/www.webdo.tn\/fr\/actualite\/author\/mc\/"}]}},"_links":{"self":[{"href":"https:\/\/www.webdo.tn\/fr\/wp-json\/wp\/v2\/posts\/218165","targetHints":{"allow":["GET"]}}],"collection":[{"href":"https:\/\/www.webdo.tn\/fr\/wp-json\/wp\/v2\/posts"}],"about":[{"href":"https:\/\/www.webdo.tn\/fr\/wp-json\/wp\/v2\/types\/post"}],"author":[{"embeddable":true,"href":"https:\/\/www.webdo.tn\/fr\/wp-json\/wp\/v2\/users\/3162"}],"replies":[{"embeddable":true,"href":"https:\/\/www.webdo.tn\/fr\/wp-json\/wp\/v2\/comments?post=218165"}],"version-history":[{"count":0,"href":"https:\/\/www.webdo.tn\/fr\/wp-json\/wp\/v2\/posts\/218165\/revisions"}],"wp:featuredmedia":[{"embeddable":true,"href":"https:\/\/www.webdo.tn\/fr\/wp-json\/wp\/v2\/media\/291488"}],"wp:attachment":[{"href":"https:\/\/www.webdo.tn\/fr\/wp-json\/wp\/v2\/media?parent=218165"}],"wp:term":[{"taxonomy":"category","embeddable":true,"href":"https:\/\/www.webdo.tn\/fr\/wp-json\/wp\/v2\/categories?post=218165"},{"taxonomy":"post_tag","embeddable":true,"href":"https:\/\/www.webdo.tn\/fr\/wp-json\/wp\/v2\/tags?post=218165"}],"curies":[{"name":"wp","href":"https:\/\/api.w.org\/{rel}","templated":true}]}}