{"id":218149,"date":"2024-12-06T10:37:00","date_gmt":"2024-12-06T10:37:00","guid":{"rendered":"https:\/\/www.webdo.tn\/fr\/blog\/2024\/12\/06\/tunisie-meteo-nouvelle-descente-d-air-polaire-a-partir-de-ce-week-end\/"},"modified":"2025-05-20T22:21:17","modified_gmt":"2025-05-20T22:21:17","slug":"tunisie-meteo-nouvelle-descente-d-air-polaire-a-partir-de-ce-week-end","status":"publish","type":"post","link":"https:\/\/www.webdo.tn\/fr\/actualite\/national\/tunisie-meteo-nouvelle-descente-d-air-polaire-a-partir-de-ce-week-end\/218149\/","title":{"rendered":"Tunisie &#8211; M\u00e9t\u00e9o : Nouvelle descente d&rsquo;air polaire \u00e0 partir de ce week-end"},"content":{"rendered":"<p>De nouvelles perturbations m\u00e9t\u00e9orologiques arriveront en Tunisie \u00e0 partir de demain soir, samedi, selon les d\u00e9clarations de Sabhi Ben Ahmed, ing\u00e9nieur \u00e0 l\u2019Institut national de la m\u00e9t\u00e9orologie, ce vendredi 6 d\u00e9cembre 2024, sur les ondes de la Radio nationale.<\/p>\n<p>Sabhi Ben Ahmed a \u00e9voqu\u00e9 l\u2019arriv\u00e9e d\u2019une descente d\u2019air froid polaire en provenance d\u2019Europe, ce qui entra\u00eenera une baisse significative des temp\u00e9ratures, atteignant pr\u00e8s de z\u00e9ro degr\u00e9 \u00e0 partir de dimanche, notamment sur les hauteurs de l\u2019ouest, et ne d\u00e9passant pas 13 degr\u00e9s dans le reste des r\u00e9gions.<\/p>\n<p>Il a \u00e9galement indiqu\u00e9 que des chutes de neige sont attendues sur les hauteurs de l\u2019ouest, en insistant sur le fait que le temps sera r\u00e9solument hivernal \u00e0 partir de dimanche.<\/p>\n","protected":false},"excerpt":{"rendered":"<p>De nouvelles perturbations m\u00e9t\u00e9orologiques arriveront en Tunisie \u00e0 partir de demain soir, samedi, selon les d\u00e9clarations de Sabhi Ben Ahmed, ing\u00e9nieur \u00e0 l\u2019Insti&#8230;<\/p>\n","protected":false},"author":3163,"featured_media":243604,"comment_status":"open","ping_status":"open","sticky":false,"template":"","format":"standard","meta":{"footnotes":""},"categories":[44],"tags":[4807,4420,2670,4806,2608],"class_list":["post-218149","post","type-post","status-publish","format-standard","has-post-thumbnail","hentry","category-national","tag-air-polaire","tag-froid","tag-meteo","tag-temperature","tag-tunisie"],"yoast_head":"<!-- This site is optimized with the Yoast SEO Premium plugin v27.5 (Yoast SEO v27.5) - https:\/\/yoast.com\/product\/yoast-seo-premium-wordpress\/ -->\n<title>Tunisie - M\u00e9t\u00e9o : Nouvelle descente d&#039;air polaire \u00e0 partir de ce week-end<\/title>\n<meta name=\"description\" content=\"De nouvelles perturbations m\u00e9t\u00e9orologiques arriveront en Tunisie \u00e0 partir de demain soir, samedi, selon les d\u00e9clarations de Sabhi Ben Ahmed, ing\u00e9nieur \u00e0 l\u2019Insti...\" \/>\n<link rel=\"canonical\" href=\"https:\/\/www.webdo.tn\/fr\/actualite\/national\/tunisie-meteo-nouvelle-descente-d-air-polaire-a-partir-de-ce-week-end\/218149\/\" \/>\n<meta property=\"og:locale\" content=\"fr_FR\" \/>\n<meta property=\"og:type\" content=\"article\" \/>\n<meta property=\"og:title\" content=\"Tunisie - M\u00e9t\u00e9o : Nouvelle descente d&#039;air polaire \u00e0 partir de ce week-end\" \/>\n<meta property=\"og:description\" content=\"De nouvelles perturbations m\u00e9t\u00e9orologiques arriveront en Tunisie \u00e0 partir de demain soir, samedi, selon les d\u00e9clarations de Sabhi Ben Ahmed, ing\u00e9nieur \u00e0 l\u2019Insti...\" \/>\n<meta property=\"og:url\" content=\"https:\/\/www.webdo.tn\/fr\/actualite\/national\/tunisie-meteo-nouvelle-descente-d-air-polaire-a-partir-de-ce-week-end\/218149\/\" \/>\n<meta property=\"og:site_name\" content=\"webdo\" \/>\n<meta property=\"article:publisher\" content=\"https:\/\/www.facebook.com\/webdotn\" \/>\n<meta property=\"article:published_time\" content=\"2024-12-06T10:37:00+00:00\" \/>\n<meta property=\"article:modified_time\" content=\"2025-05-20T22:21:17+00:00\" \/>\n<meta property=\"og:image\" content=\"https:\/\/www.webdo.tn\/fr\/wp-content\/uploads\/2025\/05\/24a70487502b1c6a818f170e7febc40c-2.webp\" \/>\n\t<meta property=\"og:image:width\" content=\"512\" \/>\n\t<meta property=\"og:image:height\" content=\"273\" \/>\n\t<meta property=\"og:image:type\" content=\"image\/webp\" \/>\n<meta name=\"author\" content=\"KJ\" \/>\n<meta name=\"twitter:card\" content=\"summary_large_image\" \/>\n<meta name=\"twitter:creator\" content=\"@webdo_tn\" \/>\n<meta name=\"twitter:site\" content=\"@webdo_tn\" \/>\n<meta name=\"twitter:label1\" content=\"\u00c9crit par\" \/>\n\t<meta name=\"twitter:data1\" content=\"KJ\" \/>\n\t<meta name=\"twitter:label2\" content=\"Dur\u00e9e de lecture estim\u00e9e\" \/>\n\t<meta name=\"twitter:data2\" content=\"1 minute\" \/>\n<script type=\"application\/ld+json\" class=\"yoast-schema-graph\">{\"@context\":\"https:\\\/\\\/schema.org\",\"@graph\":[{\"@type\":\"NewsArticle\",\"@id\":\"https:\\\/\\\/www.webdo.tn\\\/fr\\\/actualite\\\/national\\\/tunisie-meteo-nouvelle-descente-d-air-polaire-a-partir-de-ce-week-end\\\/218149\\\/#article\",\"isPartOf\":{\"@id\":\"https:\\\/\\\/www.webdo.tn\\\/fr\\\/actualite\\\/national\\\/tunisie-meteo-nouvelle-descente-d-air-polaire-a-partir-de-ce-week-end\\\/218149\\\/\"},\"author\":{\"name\":\"KJ\",\"@id\":\"https:\\\/\\\/www.webdo.tn\\\/fr\\\/#\\\/schema\\\/person\\\/82ca085b22037d285e1a3c4b65ba5f71\"},\"headline\":\"Tunisie &#8211; M\u00e9t\u00e9o : Nouvelle descente d&rsquo;air polaire \u00e0 partir de ce week-end\",\"datePublished\":\"2024-12-06T10:37:00+00:00\",\"dateModified\":\"2025-05-20T22:21:17+00:00\",\"mainEntityOfPage\":{\"@id\":\"https:\\\/\\\/www.webdo.tn\\\/fr\\\/actualite\\\/national\\\/tunisie-meteo-nouvelle-descente-d-air-polaire-a-partir-de-ce-week-end\\\/218149\\\/\"},\"wordCount\":148,\"commentCount\":0,\"publisher\":{\"@id\":\"https:\\\/\\\/www.webdo.tn\\\/fr\\\/#organization\"},\"image\":{\"@id\":\"https:\\\/\\\/www.webdo.tn\\\/fr\\\/actualite\\\/national\\\/tunisie-meteo-nouvelle-descente-d-air-polaire-a-partir-de-ce-week-end\\\/218149\\\/#primaryimage\"},\"thumbnailUrl\":\"https:\\\/\\\/www.webdo.tn\\\/fr\\\/wp-content\\\/uploads\\\/2025\\\/05\\\/24a70487502b1c6a818f170e7febc40c-2.webp\",\"keywords\":[\"air polaire\",\"froid\",\"m\u00e9t\u00e9o\",\"Temp\u00e9rature\",\"Tunisie\"],\"articleSection\":[\"National\"],\"inLanguage\":\"fr-FR\"},{\"@type\":\"WebPage\",\"@id\":\"https:\\\/\\\/www.webdo.tn\\\/fr\\\/actualite\\\/national\\\/tunisie-meteo-nouvelle-descente-d-air-polaire-a-partir-de-ce-week-end\\\/218149\\\/\",\"url\":\"https:\\\/\\\/www.webdo.tn\\\/fr\\\/actualite\\\/national\\\/tunisie-meteo-nouvelle-descente-d-air-polaire-a-partir-de-ce-week-end\\\/218149\\\/\",\"name\":\"Tunisie - M\u00e9t\u00e9o : Nouvelle descente d'air polaire \u00e0 partir de ce week-end\",\"isPartOf\":{\"@id\":\"https:\\\/\\\/www.webdo.tn\\\/fr\\\/#website\"},\"primaryImageOfPage\":{\"@id\":\"https:\\\/\\\/www.webdo.tn\\\/fr\\\/actualite\\\/national\\\/tunisie-meteo-nouvelle-descente-d-air-polaire-a-partir-de-ce-week-end\\\/218149\\\/#primaryimage\"},\"image\":{\"@id\":\"https:\\\/\\\/www.webdo.tn\\\/fr\\\/actualite\\\/national\\\/tunisie-meteo-nouvelle-descente-d-air-polaire-a-partir-de-ce-week-end\\\/218149\\\/#primaryimage\"},\"thumbnailUrl\":\"https:\\\/\\\/www.webdo.tn\\\/fr\\\/wp-content\\\/uploads\\\/2025\\\/05\\\/24a70487502b1c6a818f170e7febc40c-2.webp\",\"datePublished\":\"2024-12-06T10:37:00+00:00\",\"dateModified\":\"2025-05-20T22:21:17+00:00\",\"description\":\"De nouvelles perturbations m\u00e9t\u00e9orologiques arriveront en Tunisie \u00e0 partir de demain soir, samedi, selon les d\u00e9clarations de Sabhi Ben Ahmed, ing\u00e9nieur \u00e0 l\u2019Insti...\",\"breadcrumb\":{\"@id\":\"https:\\\/\\\/www.webdo.tn\\\/fr\\\/actualite\\\/national\\\/tunisie-meteo-nouvelle-descente-d-air-polaire-a-partir-de-ce-week-end\\\/218149\\\/#breadcrumb\"},\"inLanguage\":\"fr-FR\",\"potentialAction\":[{\"@type\":\"ReadAction\",\"target\":[\"https:\\\/\\\/www.webdo.tn\\\/fr\\\/actualite\\\/national\\\/tunisie-meteo-nouvelle-descente-d-air-polaire-a-partir-de-ce-week-end\\\/218149\\\/\"]}]},{\"@type\":\"ImageObject\",\"inLanguage\":\"fr-FR\",\"@id\":\"https:\\\/\\\/www.webdo.tn\\\/fr\\\/actualite\\\/national\\\/tunisie-meteo-nouvelle-descente-d-air-polaire-a-partir-de-ce-week-end\\\/218149\\\/#primaryimage\",\"url\":\"https:\\\/\\\/www.webdo.tn\\\/fr\\\/wp-content\\\/uploads\\\/2025\\\/05\\\/24a70487502b1c6a818f170e7febc40c-2.webp\",\"contentUrl\":\"https:\\\/\\\/www.webdo.tn\\\/fr\\\/wp-content\\\/uploads\\\/2025\\\/05\\\/24a70487502b1c6a818f170e7febc40c-2.webp\",\"width\":512,\"height\":273},{\"@type\":\"BreadcrumbList\",\"@id\":\"https:\\\/\\\/www.webdo.tn\\\/fr\\\/actualite\\\/national\\\/tunisie-meteo-nouvelle-descente-d-air-polaire-a-partir-de-ce-week-end\\\/218149\\\/#breadcrumb\",\"itemListElement\":[{\"@type\":\"ListItem\",\"position\":1,\"name\":\"Accueil\",\"item\":\"https:\\\/\\\/www.webdo.tn\\\/fr\\\/\"},{\"@type\":\"ListItem\",\"position\":2,\"name\":\"Tunisie &#8211; M\u00e9t\u00e9o : Nouvelle descente d&#8217;air polaire \u00e0 partir de ce week-end\"}]},{\"@type\":\"WebSite\",\"@id\":\"https:\\\/\\\/www.webdo.tn\\\/fr\\\/#website\",\"url\":\"https:\\\/\\\/www.webdo.tn\\\/fr\\\/\",\"name\":\"webdo\",\"description\":\"Tunisie - News en Tunisie et \u00e0 l&#039;international sur Webdo.tn\",\"publisher\":{\"@id\":\"https:\\\/\\\/www.webdo.tn\\\/fr\\\/#organization\"},\"potentialAction\":[{\"@type\":\"SearchAction\",\"target\":{\"@type\":\"EntryPoint\",\"urlTemplate\":\"https:\\\/\\\/www.webdo.tn\\\/fr\\\/?s={search_term_string}\"},\"query-input\":{\"@type\":\"PropertyValueSpecification\",\"valueRequired\":true,\"valueName\":\"search_term_string\"}}],\"inLanguage\":\"fr-FR\"},{\"@type\":\"Organization\",\"@id\":\"https:\\\/\\\/www.webdo.tn\\\/fr\\\/#organization\",\"name\":\"Webdo\",\"alternateName\":\"Webdo.tn\",\"url\":\"https:\\\/\\\/www.webdo.tn\\\/fr\\\/\",\"logo\":{\"@type\":\"ImageObject\",\"inLanguage\":\"fr-FR\",\"@id\":\"https:\\\/\\\/www.webdo.tn\\\/fr\\\/#\\\/schema\\\/logo\\\/image\\\/\",\"url\":\"https:\\\/\\\/www.webdo.tn\\\/fr\\\/wp-content\\\/uploads\\\/2025\\\/06\\\/Webdo-Tunisie_168377.jpg\",\"contentUrl\":\"https:\\\/\\\/www.webdo.tn\\\/fr\\\/wp-content\\\/uploads\\\/2025\\\/06\\\/Webdo-Tunisie_168377.jpg\",\"width\":301,\"height\":301,\"caption\":\"Webdo\"},\"image\":{\"@id\":\"https:\\\/\\\/www.webdo.tn\\\/fr\\\/#\\\/schema\\\/logo\\\/image\\\/\"},\"sameAs\":[\"https:\\\/\\\/www.facebook.com\\\/webdotn\",\"https:\\\/\\\/x.com\\\/webdo_tn\"],\"description\":\"Webdo est un m\u00e9dia num\u00e9rique tunisien fond\u00e9 en 2010, sp\u00e9cialis\u00e9 dans l\u2019actualit\u00e9 nationale et internationale, l\u2019\u00e9conomie, la soci\u00e9t\u00e9 et les analyses politiques. Le site s\u2019adresse \u00e0 un large public francophone et couvre l\u2019information tunisienne en temps r\u00e9el.\",\"email\":\"redac@webdo.tn\",\"legalName\":\"YNJ SARL\",\"foundingDate\":\"2010-09-06\",\"numberOfEmployees\":{\"@type\":\"QuantitativeValue\",\"minValue\":\"11\",\"maxValue\":\"50\"}},{\"@type\":\"Person\",\"@id\":\"https:\\\/\\\/www.webdo.tn\\\/fr\\\/#\\\/schema\\\/person\\\/82ca085b22037d285e1a3c4b65ba5f71\",\"name\":\"KJ\",\"image\":{\"@type\":\"ImageObject\",\"inLanguage\":\"fr-FR\",\"@id\":\"https:\\\/\\\/secure.gravatar.com\\\/avatar\\\/1a1320de1c1971c893f00068f760b4113d69504aa21273da17ee95650c5944fd?s=96&d=mm&r=g\",\"url\":\"https:\\\/\\\/secure.gravatar.com\\\/avatar\\\/1a1320de1c1971c893f00068f760b4113d69504aa21273da17ee95650c5944fd?s=96&d=mm&r=g\",\"contentUrl\":\"https:\\\/\\\/secure.gravatar.com\\\/avatar\\\/1a1320de1c1971c893f00068f760b4113d69504aa21273da17ee95650c5944fd?s=96&d=mm&r=g\",\"caption\":\"KJ\"},\"url\":\"https:\\\/\\\/www.webdo.tn\\\/fr\\\/actualite\\\/author\\\/kj\\\/\"}]}<\/script>\n<!-- \/ Yoast SEO Premium plugin. -->","yoast_head_json":{"title":"Tunisie - M\u00e9t\u00e9o : Nouvelle descente d'air polaire \u00e0 partir de ce week-end","description":"De nouvelles perturbations m\u00e9t\u00e9orologiques arriveront en Tunisie \u00e0 partir de demain soir, samedi, selon les d\u00e9clarations de Sabhi Ben Ahmed, ing\u00e9nieur \u00e0 l\u2019Insti...","canonical":"https:\/\/www.webdo.tn\/fr\/actualite\/national\/tunisie-meteo-nouvelle-descente-d-air-polaire-a-partir-de-ce-week-end\/218149\/","og_locale":"fr_FR","og_type":"article","og_title":"Tunisie - M\u00e9t\u00e9o : Nouvelle descente d'air polaire \u00e0 partir de ce week-end","og_description":"De nouvelles perturbations m\u00e9t\u00e9orologiques arriveront en Tunisie \u00e0 partir de demain soir, samedi, selon les d\u00e9clarations de Sabhi Ben Ahmed, ing\u00e9nieur \u00e0 l\u2019Insti...","og_url":"https:\/\/www.webdo.tn\/fr\/actualite\/national\/tunisie-meteo-nouvelle-descente-d-air-polaire-a-partir-de-ce-week-end\/218149\/","og_site_name":"webdo","article_publisher":"https:\/\/www.facebook.com\/webdotn","article_published_time":"2024-12-06T10:37:00+00:00","article_modified_time":"2025-05-20T22:21:17+00:00","og_image":[{"width":512,"height":273,"url":"https:\/\/www.webdo.tn\/fr\/wp-content\/uploads\/2025\/05\/24a70487502b1c6a818f170e7febc40c-2.webp","type":"image\/webp"}],"author":"KJ","twitter_card":"summary_large_image","twitter_creator":"@webdo_tn","twitter_site":"@webdo_tn","twitter_misc":{"\u00c9crit par":"KJ","Dur\u00e9e de lecture estim\u00e9e":"1 minute"},"schema":{"@context":"https:\/\/schema.org","@graph":[{"@type":"NewsArticle","@id":"https:\/\/www.webdo.tn\/fr\/actualite\/national\/tunisie-meteo-nouvelle-descente-d-air-polaire-a-partir-de-ce-week-end\/218149\/#article","isPartOf":{"@id":"https:\/\/www.webdo.tn\/fr\/actualite\/national\/tunisie-meteo-nouvelle-descente-d-air-polaire-a-partir-de-ce-week-end\/218149\/"},"author":{"name":"KJ","@id":"https:\/\/www.webdo.tn\/fr\/#\/schema\/person\/82ca085b22037d285e1a3c4b65ba5f71"},"headline":"Tunisie &#8211; M\u00e9t\u00e9o : Nouvelle descente d&rsquo;air polaire \u00e0 partir de ce week-end","datePublished":"2024-12-06T10:37:00+00:00","dateModified":"2025-05-20T22:21:17+00:00","mainEntityOfPage":{"@id":"https:\/\/www.webdo.tn\/fr\/actualite\/national\/tunisie-meteo-nouvelle-descente-d-air-polaire-a-partir-de-ce-week-end\/218149\/"},"wordCount":148,"commentCount":0,"publisher":{"@id":"https:\/\/www.webdo.tn\/fr\/#organization"},"image":{"@id":"https:\/\/www.webdo.tn\/fr\/actualite\/national\/tunisie-meteo-nouvelle-descente-d-air-polaire-a-partir-de-ce-week-end\/218149\/#primaryimage"},"thumbnailUrl":"https:\/\/www.webdo.tn\/fr\/wp-content\/uploads\/2025\/05\/24a70487502b1c6a818f170e7febc40c-2.webp","keywords":["air polaire","froid","m\u00e9t\u00e9o","Temp\u00e9rature","Tunisie"],"articleSection":["National"],"inLanguage":"fr-FR"},{"@type":"WebPage","@id":"https:\/\/www.webdo.tn\/fr\/actualite\/national\/tunisie-meteo-nouvelle-descente-d-air-polaire-a-partir-de-ce-week-end\/218149\/","url":"https:\/\/www.webdo.tn\/fr\/actualite\/national\/tunisie-meteo-nouvelle-descente-d-air-polaire-a-partir-de-ce-week-end\/218149\/","name":"Tunisie - M\u00e9t\u00e9o : Nouvelle descente d'air polaire \u00e0 partir de ce week-end","isPartOf":{"@id":"https:\/\/www.webdo.tn\/fr\/#website"},"primaryImageOfPage":{"@id":"https:\/\/www.webdo.tn\/fr\/actualite\/national\/tunisie-meteo-nouvelle-descente-d-air-polaire-a-partir-de-ce-week-end\/218149\/#primaryimage"},"image":{"@id":"https:\/\/www.webdo.tn\/fr\/actualite\/national\/tunisie-meteo-nouvelle-descente-d-air-polaire-a-partir-de-ce-week-end\/218149\/#primaryimage"},"thumbnailUrl":"https:\/\/www.webdo.tn\/fr\/wp-content\/uploads\/2025\/05\/24a70487502b1c6a818f170e7febc40c-2.webp","datePublished":"2024-12-06T10:37:00+00:00","dateModified":"2025-05-20T22:21:17+00:00","description":"De nouvelles perturbations m\u00e9t\u00e9orologiques arriveront en Tunisie \u00e0 partir de demain soir, samedi, selon les d\u00e9clarations de Sabhi Ben Ahmed, ing\u00e9nieur \u00e0 l\u2019Insti...","breadcrumb":{"@id":"https:\/\/www.webdo.tn\/fr\/actualite\/national\/tunisie-meteo-nouvelle-descente-d-air-polaire-a-partir-de-ce-week-end\/218149\/#breadcrumb"},"inLanguage":"fr-FR","potentialAction":[{"@type":"ReadAction","target":["https:\/\/www.webdo.tn\/fr\/actualite\/national\/tunisie-meteo-nouvelle-descente-d-air-polaire-a-partir-de-ce-week-end\/218149\/"]}]},{"@type":"ImageObject","inLanguage":"fr-FR","@id":"https:\/\/www.webdo.tn\/fr\/actualite\/national\/tunisie-meteo-nouvelle-descente-d-air-polaire-a-partir-de-ce-week-end\/218149\/#primaryimage","url":"https:\/\/www.webdo.tn\/fr\/wp-content\/uploads\/2025\/05\/24a70487502b1c6a818f170e7febc40c-2.webp","contentUrl":"https:\/\/www.webdo.tn\/fr\/wp-content\/uploads\/2025\/05\/24a70487502b1c6a818f170e7febc40c-2.webp","width":512,"height":273},{"@type":"BreadcrumbList","@id":"https:\/\/www.webdo.tn\/fr\/actualite\/national\/tunisie-meteo-nouvelle-descente-d-air-polaire-a-partir-de-ce-week-end\/218149\/#breadcrumb","itemListElement":[{"@type":"ListItem","position":1,"name":"Accueil","item":"https:\/\/www.webdo.tn\/fr\/"},{"@type":"ListItem","position":2,"name":"Tunisie &#8211; M\u00e9t\u00e9o : Nouvelle descente d&#8217;air polaire \u00e0 partir de ce week-end"}]},{"@type":"WebSite","@id":"https:\/\/www.webdo.tn\/fr\/#website","url":"https:\/\/www.webdo.tn\/fr\/","name":"webdo","description":"Tunisie - News en Tunisie et \u00e0 l&#039;international sur Webdo.tn","publisher":{"@id":"https:\/\/www.webdo.tn\/fr\/#organization"},"potentialAction":[{"@type":"SearchAction","target":{"@type":"EntryPoint","urlTemplate":"https:\/\/www.webdo.tn\/fr\/?s={search_term_string}"},"query-input":{"@type":"PropertyValueSpecification","valueRequired":true,"valueName":"search_term_string"}}],"inLanguage":"fr-FR"},{"@type":"Organization","@id":"https:\/\/www.webdo.tn\/fr\/#organization","name":"Webdo","alternateName":"Webdo.tn","url":"https:\/\/www.webdo.tn\/fr\/","logo":{"@type":"ImageObject","inLanguage":"fr-FR","@id":"https:\/\/www.webdo.tn\/fr\/#\/schema\/logo\/image\/","url":"https:\/\/www.webdo.tn\/fr\/wp-content\/uploads\/2025\/06\/Webdo-Tunisie_168377.jpg","contentUrl":"https:\/\/www.webdo.tn\/fr\/wp-content\/uploads\/2025\/06\/Webdo-Tunisie_168377.jpg","width":301,"height":301,"caption":"Webdo"},"image":{"@id":"https:\/\/www.webdo.tn\/fr\/#\/schema\/logo\/image\/"},"sameAs":["https:\/\/www.facebook.com\/webdotn","https:\/\/x.com\/webdo_tn"],"description":"Webdo est un m\u00e9dia num\u00e9rique tunisien fond\u00e9 en 2010, sp\u00e9cialis\u00e9 dans l\u2019actualit\u00e9 nationale et internationale, l\u2019\u00e9conomie, la soci\u00e9t\u00e9 et les analyses politiques. Le site s\u2019adresse \u00e0 un large public francophone et couvre l\u2019information tunisienne en temps r\u00e9el.","email":"redac@webdo.tn","legalName":"YNJ SARL","foundingDate":"2010-09-06","numberOfEmployees":{"@type":"QuantitativeValue","minValue":"11","maxValue":"50"}},{"@type":"Person","@id":"https:\/\/www.webdo.tn\/fr\/#\/schema\/person\/82ca085b22037d285e1a3c4b65ba5f71","name":"KJ","image":{"@type":"ImageObject","inLanguage":"fr-FR","@id":"https:\/\/secure.gravatar.com\/avatar\/1a1320de1c1971c893f00068f760b4113d69504aa21273da17ee95650c5944fd?s=96&d=mm&r=g","url":"https:\/\/secure.gravatar.com\/avatar\/1a1320de1c1971c893f00068f760b4113d69504aa21273da17ee95650c5944fd?s=96&d=mm&r=g","contentUrl":"https:\/\/secure.gravatar.com\/avatar\/1a1320de1c1971c893f00068f760b4113d69504aa21273da17ee95650c5944fd?s=96&d=mm&r=g","caption":"KJ"},"url":"https:\/\/www.webdo.tn\/fr\/actualite\/author\/kj\/"}]}},"_links":{"self":[{"href":"https:\/\/www.webdo.tn\/fr\/wp-json\/wp\/v2\/posts\/218149","targetHints":{"allow":["GET"]}}],"collection":[{"href":"https:\/\/www.webdo.tn\/fr\/wp-json\/wp\/v2\/posts"}],"about":[{"href":"https:\/\/www.webdo.tn\/fr\/wp-json\/wp\/v2\/types\/post"}],"author":[{"embeddable":true,"href":"https:\/\/www.webdo.tn\/fr\/wp-json\/wp\/v2\/users\/3163"}],"replies":[{"embeddable":true,"href":"https:\/\/www.webdo.tn\/fr\/wp-json\/wp\/v2\/comments?post=218149"}],"version-history":[{"count":0,"href":"https:\/\/www.webdo.tn\/fr\/wp-json\/wp\/v2\/posts\/218149\/revisions"}],"wp:featuredmedia":[{"embeddable":true,"href":"https:\/\/www.webdo.tn\/fr\/wp-json\/wp\/v2\/media\/243604"}],"wp:attachment":[{"href":"https:\/\/www.webdo.tn\/fr\/wp-json\/wp\/v2\/media?parent=218149"}],"wp:term":[{"taxonomy":"category","embeddable":true,"href":"https:\/\/www.webdo.tn\/fr\/wp-json\/wp\/v2\/categories?post=218149"},{"taxonomy":"post_tag","embeddable":true,"href":"https:\/\/www.webdo.tn\/fr\/wp-json\/wp\/v2\/tags?post=218149"}],"curies":[{"name":"wp","href":"https:\/\/api.w.org\/{rel}","templated":true}]}}