{"id":218137,"date":"2024-12-05T20:39:00","date_gmt":"2024-12-05T20:39:00","guid":{"rendered":"https:\/\/www.webdo.tn\/fr\/blog\/etats-unis-un-seisme-de-magnitude-7-pres-de-san-francisco\/218137\/"},"modified":"2025-05-20T22:22:06","modified_gmt":"2025-05-20T22:22:06","slug":"etats-unis-un-seisme-de-magnitude-7-pres-de-san-francisco","status":"publish","type":"post","link":"https:\/\/www.webdo.tn\/fr\/actualite\/international\/etats-unis-un-seisme-de-magnitude-7-pres-de-san-francisco\/218137\/","title":{"rendered":"Etats-Unis : Un s\u00e9isme de magnitude 7 pr\u00e8s de San Francisco"},"content":{"rendered":"<p>Un s\u00e9isme de magnitude 7 a secou\u00e9, ce jeudi 5 d\u00e9cembre, la r\u00e9gion c\u00f4ti\u00e8re du nord de la Californie, selon l\u2019Institut am\u00e9ricain de g\u00e9ophysique (USGS). L\u2019\u00e9v\u00e9nement a entra\u00een\u00e9 le d\u00e9clenchement d\u2019une alerte au tsunami. \u00a0<\/p>\n<p>Survenu \u00e0 18h44 GMT, le tremblement de terre s\u2019est produit \u00e0 une profondeur de 10 kilom\u00e8tres, \u00e0 proximit\u00e9 de la ville d\u2019Eureka, d\u2019apr\u00e8s les donn\u00e9es de l\u2019USGS. L\u2019alerte concerne une vaste portion du littoral pacifique, s\u2019\u00e9tendant au nord de San Francisco. \u00a0<\/p>\n<p>\u00ab\u00a0Les param\u00e8tres pr\u00e9liminaires indiquent un risque de tsunamis dangereux dans un rayon de 300 kilom\u00e8tres autour de l\u2019\u00e9picentre\u00a0\u00bb, ont averti les autorit\u00e9s am\u00e9ricaines. Bien qu\u2019aucune vague n\u2019ait encore \u00e9t\u00e9 signal\u00e9e, elles appellent les populations proches des c\u00f4tes \u00e0 la vigilance face \u00e0 cette menace potentielle.<\/p>\n","protected":false},"excerpt":{"rendered":"<p>Un s\u00e9isme de magnitude 7 a secou\u00e9, ce jeudi 5 d\u00e9cembre, la r\u00e9gion c\u00f4ti\u00e8re du nord de la Californie, selon l\u2019Institut am\u00e9ricain de g\u00e9ophysique (USGS). L\u2019\u00e9v\u00e9nement a entra\u00een\u00e9 le d\u00e9clenchement d\u2019une alerte au tsunami. \u00a0 Survenu \u00e0 18h44 GMT, le tremblement de terre s\u2019est produit \u00e0 une profondeur de 10 kilom\u00e8tres, \u00e0 proximit\u00e9 de la [&hellip;]<\/p>\n","protected":false},"author":3163,"featured_media":291478,"comment_status":"open","ping_status":"closed","sticky":false,"template":"","format":"standard","meta":{"footnotes":""},"categories":[2598],"tags":[10725,7271,3061],"class_list":["post-218137","post","type-post","status-publish","format-standard","has-post-thumbnail","hentry","category-international","tag-sans-francisco","tag-seisme","tag-usa"],"yoast_head":"<!-- This site is optimized with the Yoast SEO Premium plugin v27.4 (Yoast SEO v27.4) - https:\/\/yoast.com\/product\/yoast-seo-premium-wordpress\/ -->\n<title>Etats-Unis : Un s\u00e9isme de magnitude 7 pr\u00e8s de San Francisco<\/title>\n<link rel=\"canonical\" href=\"https:\/\/www.webdo.tn\/fr\/actualite\/international\/etats-unis-un-seisme-de-magnitude-7-pres-de-san-francisco\/218137\/\" \/>\n<meta property=\"og:locale\" content=\"fr_FR\" \/>\n<meta property=\"og:type\" content=\"article\" \/>\n<meta property=\"og:title\" content=\"Etats-Unis : Un s\u00e9isme de magnitude 7 pr\u00e8s de San Francisco\" \/>\n<meta property=\"og:description\" content=\"Un s\u00e9isme de magnitude 7 a secou\u00e9, ce jeudi 5 d\u00e9cembre, la r\u00e9gion c\u00f4ti\u00e8re du nord de la Californie, selon l\u2019Institut am\u00e9ricain de g\u00e9ophysique (USGS). L\u2019\u00e9v\u00e9nement a entra\u00een\u00e9 le d\u00e9clenchement d\u2019une alerte au tsunami. \u00a0 Survenu \u00e0 18h44 GMT, le tremblement de terre s\u2019est produit \u00e0 une profondeur de 10 kilom\u00e8tres, \u00e0 proximit\u00e9 de la [&hellip;]\" \/>\n<meta property=\"og:url\" content=\"https:\/\/www.webdo.tn\/fr\/actualite\/international\/etats-unis-un-seisme-de-magnitude-7-pres-de-san-francisco\/218137\/\" \/>\n<meta property=\"og:site_name\" content=\"webdo\" \/>\n<meta property=\"article:publisher\" content=\"https:\/\/www.facebook.com\/webdotn\" \/>\n<meta property=\"article:published_time\" content=\"2024-12-05T20:39:00+00:00\" \/>\n<meta property=\"article:modified_time\" content=\"2025-05-20T22:22:06+00:00\" \/>\n<meta property=\"og:image\" content=\"https:\/\/www.webdo.tn\/fr\/wp-content\/uploads\/2024\/12\/a04bc6621ea208b4512b7fd8414f3d21.webp\" \/>\n\t<meta property=\"og:image:width\" content=\"640\" \/>\n\t<meta property=\"og:image:height\" content=\"341\" \/>\n\t<meta property=\"og:image:type\" content=\"image\/webp\" \/>\n<meta name=\"author\" content=\"KJ\" \/>\n<meta name=\"twitter:card\" content=\"summary_large_image\" \/>\n<meta name=\"twitter:creator\" content=\"@webdo_tn\" \/>\n<meta name=\"twitter:site\" content=\"@webdo_tn\" \/>\n<meta name=\"twitter:label1\" content=\"\u00c9crit par\" \/>\n\t<meta name=\"twitter:data1\" content=\"KJ\" \/>\n\t<meta name=\"twitter:label2\" content=\"Dur\u00e9e de lecture estim\u00e9e\" \/>\n\t<meta name=\"twitter:data2\" content=\"1 minute\" \/>\n<script type=\"application\/ld+json\" class=\"yoast-schema-graph\">{\"@context\":\"https:\\\/\\\/schema.org\",\"@graph\":[{\"@type\":\"NewsArticle\",\"@id\":\"https:\\\/\\\/www.webdo.tn\\\/fr\\\/actualite\\\/international\\\/etats-unis-un-seisme-de-magnitude-7-pres-de-san-francisco\\\/218137\\\/#article\",\"isPartOf\":{\"@id\":\"https:\\\/\\\/www.webdo.tn\\\/fr\\\/actualite\\\/international\\\/etats-unis-un-seisme-de-magnitude-7-pres-de-san-francisco\\\/218137\\\/\"},\"author\":{\"name\":\"KJ\",\"@id\":\"https:\\\/\\\/www.webdo.tn\\\/fr\\\/#\\\/schema\\\/person\\\/82ca085b22037d285e1a3c4b65ba5f71\"},\"headline\":\"Etats-Unis : Un s\u00e9isme de magnitude 7 pr\u00e8s de San Francisco\",\"datePublished\":\"2024-12-05T20:39:00+00:00\",\"dateModified\":\"2025-05-20T22:22:06+00:00\",\"mainEntityOfPage\":{\"@id\":\"https:\\\/\\\/www.webdo.tn\\\/fr\\\/actualite\\\/international\\\/etats-unis-un-seisme-de-magnitude-7-pres-de-san-francisco\\\/218137\\\/\"},\"wordCount\":154,\"commentCount\":0,\"publisher\":{\"@id\":\"https:\\\/\\\/www.webdo.tn\\\/fr\\\/#organization\"},\"image\":{\"@id\":\"https:\\\/\\\/www.webdo.tn\\\/fr\\\/actualite\\\/international\\\/etats-unis-un-seisme-de-magnitude-7-pres-de-san-francisco\\\/218137\\\/#primaryimage\"},\"thumbnailUrl\":\"https:\\\/\\\/www.webdo.tn\\\/fr\\\/wp-content\\\/uploads\\\/2024\\\/12\\\/a04bc6621ea208b4512b7fd8414f3d21.webp\",\"keywords\":[\"'Sans Francisco']\",\"s\u00e9isme\",\"USA\"],\"articleSection\":[\"International\"],\"inLanguage\":\"fr-FR\"},{\"@type\":\"WebPage\",\"@id\":\"https:\\\/\\\/www.webdo.tn\\\/fr\\\/actualite\\\/international\\\/etats-unis-un-seisme-de-magnitude-7-pres-de-san-francisco\\\/218137\\\/\",\"url\":\"https:\\\/\\\/www.webdo.tn\\\/fr\\\/actualite\\\/international\\\/etats-unis-un-seisme-de-magnitude-7-pres-de-san-francisco\\\/218137\\\/\",\"name\":\"Etats-Unis : Un s\u00e9isme de magnitude 7 pr\u00e8s de San Francisco\",\"isPartOf\":{\"@id\":\"https:\\\/\\\/www.webdo.tn\\\/fr\\\/#website\"},\"primaryImageOfPage\":{\"@id\":\"https:\\\/\\\/www.webdo.tn\\\/fr\\\/actualite\\\/international\\\/etats-unis-un-seisme-de-magnitude-7-pres-de-san-francisco\\\/218137\\\/#primaryimage\"},\"image\":{\"@id\":\"https:\\\/\\\/www.webdo.tn\\\/fr\\\/actualite\\\/international\\\/etats-unis-un-seisme-de-magnitude-7-pres-de-san-francisco\\\/218137\\\/#primaryimage\"},\"thumbnailUrl\":\"https:\\\/\\\/www.webdo.tn\\\/fr\\\/wp-content\\\/uploads\\\/2024\\\/12\\\/a04bc6621ea208b4512b7fd8414f3d21.webp\",\"datePublished\":\"2024-12-05T20:39:00+00:00\",\"dateModified\":\"2025-05-20T22:22:06+00:00\",\"breadcrumb\":{\"@id\":\"https:\\\/\\\/www.webdo.tn\\\/fr\\\/actualite\\\/international\\\/etats-unis-un-seisme-de-magnitude-7-pres-de-san-francisco\\\/218137\\\/#breadcrumb\"},\"inLanguage\":\"fr-FR\",\"potentialAction\":[{\"@type\":\"ReadAction\",\"target\":[\"https:\\\/\\\/www.webdo.tn\\\/fr\\\/actualite\\\/international\\\/etats-unis-un-seisme-de-magnitude-7-pres-de-san-francisco\\\/218137\\\/\"]}]},{\"@type\":\"ImageObject\",\"inLanguage\":\"fr-FR\",\"@id\":\"https:\\\/\\\/www.webdo.tn\\\/fr\\\/actualite\\\/international\\\/etats-unis-un-seisme-de-magnitude-7-pres-de-san-francisco\\\/218137\\\/#primaryimage\",\"url\":\"https:\\\/\\\/www.webdo.tn\\\/fr\\\/wp-content\\\/uploads\\\/2024\\\/12\\\/a04bc6621ea208b4512b7fd8414f3d21.webp\",\"contentUrl\":\"https:\\\/\\\/www.webdo.tn\\\/fr\\\/wp-content\\\/uploads\\\/2024\\\/12\\\/a04bc6621ea208b4512b7fd8414f3d21.webp\",\"width\":640,\"height\":341,\"caption\":\"Etats-Unis : Un s\u00e9isme de magnitude 7 pr\u00e8s de San Francisco\"},{\"@type\":\"BreadcrumbList\",\"@id\":\"https:\\\/\\\/www.webdo.tn\\\/fr\\\/actualite\\\/international\\\/etats-unis-un-seisme-de-magnitude-7-pres-de-san-francisco\\\/218137\\\/#breadcrumb\",\"itemListElement\":[{\"@type\":\"ListItem\",\"position\":1,\"name\":\"Accueil\",\"item\":\"https:\\\/\\\/www.webdo.tn\\\/fr\\\/\"},{\"@type\":\"ListItem\",\"position\":2,\"name\":\"Etats-Unis : Un s\u00e9isme de magnitude 7 pr\u00e8s de San Francisco\"}]},{\"@type\":\"WebSite\",\"@id\":\"https:\\\/\\\/www.webdo.tn\\\/fr\\\/#website\",\"url\":\"https:\\\/\\\/www.webdo.tn\\\/fr\\\/\",\"name\":\"webdo\",\"description\":\"Tunisie - News en Tunisie et \u00e0 l&#039;international sur Webdo.tn\",\"publisher\":{\"@id\":\"https:\\\/\\\/www.webdo.tn\\\/fr\\\/#organization\"},\"potentialAction\":[{\"@type\":\"SearchAction\",\"target\":{\"@type\":\"EntryPoint\",\"urlTemplate\":\"https:\\\/\\\/www.webdo.tn\\\/fr\\\/?s={search_term_string}\"},\"query-input\":{\"@type\":\"PropertyValueSpecification\",\"valueRequired\":true,\"valueName\":\"search_term_string\"}}],\"inLanguage\":\"fr-FR\"},{\"@type\":\"Organization\",\"@id\":\"https:\\\/\\\/www.webdo.tn\\\/fr\\\/#organization\",\"name\":\"Webdo\",\"alternateName\":\"Webdo.tn\",\"url\":\"https:\\\/\\\/www.webdo.tn\\\/fr\\\/\",\"logo\":{\"@type\":\"ImageObject\",\"inLanguage\":\"fr-FR\",\"@id\":\"https:\\\/\\\/www.webdo.tn\\\/fr\\\/#\\\/schema\\\/logo\\\/image\\\/\",\"url\":\"https:\\\/\\\/www.webdo.tn\\\/fr\\\/wp-content\\\/uploads\\\/2025\\\/06\\\/Webdo-Tunisie_168377.jpg\",\"contentUrl\":\"https:\\\/\\\/www.webdo.tn\\\/fr\\\/wp-content\\\/uploads\\\/2025\\\/06\\\/Webdo-Tunisie_168377.jpg\",\"width\":301,\"height\":301,\"caption\":\"Webdo\"},\"image\":{\"@id\":\"https:\\\/\\\/www.webdo.tn\\\/fr\\\/#\\\/schema\\\/logo\\\/image\\\/\"},\"sameAs\":[\"https:\\\/\\\/www.facebook.com\\\/webdotn\",\"https:\\\/\\\/x.com\\\/webdo_tn\"],\"description\":\"Webdo est un m\u00e9dia num\u00e9rique tunisien fond\u00e9 en 2010, sp\u00e9cialis\u00e9 dans l\u2019actualit\u00e9 nationale et internationale, l\u2019\u00e9conomie, la soci\u00e9t\u00e9 et les analyses politiques. Le site s\u2019adresse \u00e0 un large public francophone et couvre l\u2019information tunisienne en temps r\u00e9el.\",\"email\":\"redac@webdo.tn\",\"legalName\":\"YNJ SARL\",\"foundingDate\":\"2010-09-06\",\"numberOfEmployees\":{\"@type\":\"QuantitativeValue\",\"minValue\":\"11\",\"maxValue\":\"50\"}},{\"@type\":\"Person\",\"@id\":\"https:\\\/\\\/www.webdo.tn\\\/fr\\\/#\\\/schema\\\/person\\\/82ca085b22037d285e1a3c4b65ba5f71\",\"name\":\"KJ\",\"image\":{\"@type\":\"ImageObject\",\"inLanguage\":\"fr-FR\",\"@id\":\"https:\\\/\\\/secure.gravatar.com\\\/avatar\\\/1a1320de1c1971c893f00068f760b4113d69504aa21273da17ee95650c5944fd?s=96&d=mm&r=g\",\"url\":\"https:\\\/\\\/secure.gravatar.com\\\/avatar\\\/1a1320de1c1971c893f00068f760b4113d69504aa21273da17ee95650c5944fd?s=96&d=mm&r=g\",\"contentUrl\":\"https:\\\/\\\/secure.gravatar.com\\\/avatar\\\/1a1320de1c1971c893f00068f760b4113d69504aa21273da17ee95650c5944fd?s=96&d=mm&r=g\",\"caption\":\"KJ\"},\"url\":\"https:\\\/\\\/www.webdo.tn\\\/fr\\\/actualite\\\/author\\\/kj\\\/\"}]}<\/script>\n<!-- \/ Yoast SEO Premium plugin. -->","yoast_head_json":{"title":"Etats-Unis : Un s\u00e9isme de magnitude 7 pr\u00e8s de San Francisco","canonical":"https:\/\/www.webdo.tn\/fr\/actualite\/international\/etats-unis-un-seisme-de-magnitude-7-pres-de-san-francisco\/218137\/","og_locale":"fr_FR","og_type":"article","og_title":"Etats-Unis : Un s\u00e9isme de magnitude 7 pr\u00e8s de San Francisco","og_description":"Un s\u00e9isme de magnitude 7 a secou\u00e9, ce jeudi 5 d\u00e9cembre, la r\u00e9gion c\u00f4ti\u00e8re du nord de la Californie, selon l\u2019Institut am\u00e9ricain de g\u00e9ophysique (USGS). L\u2019\u00e9v\u00e9nement a entra\u00een\u00e9 le d\u00e9clenchement d\u2019une alerte au tsunami. \u00a0 Survenu \u00e0 18h44 GMT, le tremblement de terre s\u2019est produit \u00e0 une profondeur de 10 kilom\u00e8tres, \u00e0 proximit\u00e9 de la [&hellip;]","og_url":"https:\/\/www.webdo.tn\/fr\/actualite\/international\/etats-unis-un-seisme-de-magnitude-7-pres-de-san-francisco\/218137\/","og_site_name":"webdo","article_publisher":"https:\/\/www.facebook.com\/webdotn","article_published_time":"2024-12-05T20:39:00+00:00","article_modified_time":"2025-05-20T22:22:06+00:00","og_image":[{"width":640,"height":341,"url":"https:\/\/www.webdo.tn\/fr\/wp-content\/uploads\/2024\/12\/a04bc6621ea208b4512b7fd8414f3d21.webp","type":"image\/webp"}],"author":"KJ","twitter_card":"summary_large_image","twitter_creator":"@webdo_tn","twitter_site":"@webdo_tn","twitter_misc":{"\u00c9crit par":"KJ","Dur\u00e9e de lecture estim\u00e9e":"1 minute"},"schema":{"@context":"https:\/\/schema.org","@graph":[{"@type":"NewsArticle","@id":"https:\/\/www.webdo.tn\/fr\/actualite\/international\/etats-unis-un-seisme-de-magnitude-7-pres-de-san-francisco\/218137\/#article","isPartOf":{"@id":"https:\/\/www.webdo.tn\/fr\/actualite\/international\/etats-unis-un-seisme-de-magnitude-7-pres-de-san-francisco\/218137\/"},"author":{"name":"KJ","@id":"https:\/\/www.webdo.tn\/fr\/#\/schema\/person\/82ca085b22037d285e1a3c4b65ba5f71"},"headline":"Etats-Unis : Un s\u00e9isme de magnitude 7 pr\u00e8s de San Francisco","datePublished":"2024-12-05T20:39:00+00:00","dateModified":"2025-05-20T22:22:06+00:00","mainEntityOfPage":{"@id":"https:\/\/www.webdo.tn\/fr\/actualite\/international\/etats-unis-un-seisme-de-magnitude-7-pres-de-san-francisco\/218137\/"},"wordCount":154,"commentCount":0,"publisher":{"@id":"https:\/\/www.webdo.tn\/fr\/#organization"},"image":{"@id":"https:\/\/www.webdo.tn\/fr\/actualite\/international\/etats-unis-un-seisme-de-magnitude-7-pres-de-san-francisco\/218137\/#primaryimage"},"thumbnailUrl":"https:\/\/www.webdo.tn\/fr\/wp-content\/uploads\/2024\/12\/a04bc6621ea208b4512b7fd8414f3d21.webp","keywords":["'Sans Francisco']","s\u00e9isme","USA"],"articleSection":["International"],"inLanguage":"fr-FR"},{"@type":"WebPage","@id":"https:\/\/www.webdo.tn\/fr\/actualite\/international\/etats-unis-un-seisme-de-magnitude-7-pres-de-san-francisco\/218137\/","url":"https:\/\/www.webdo.tn\/fr\/actualite\/international\/etats-unis-un-seisme-de-magnitude-7-pres-de-san-francisco\/218137\/","name":"Etats-Unis : Un s\u00e9isme de magnitude 7 pr\u00e8s de San Francisco","isPartOf":{"@id":"https:\/\/www.webdo.tn\/fr\/#website"},"primaryImageOfPage":{"@id":"https:\/\/www.webdo.tn\/fr\/actualite\/international\/etats-unis-un-seisme-de-magnitude-7-pres-de-san-francisco\/218137\/#primaryimage"},"image":{"@id":"https:\/\/www.webdo.tn\/fr\/actualite\/international\/etats-unis-un-seisme-de-magnitude-7-pres-de-san-francisco\/218137\/#primaryimage"},"thumbnailUrl":"https:\/\/www.webdo.tn\/fr\/wp-content\/uploads\/2024\/12\/a04bc6621ea208b4512b7fd8414f3d21.webp","datePublished":"2024-12-05T20:39:00+00:00","dateModified":"2025-05-20T22:22:06+00:00","breadcrumb":{"@id":"https:\/\/www.webdo.tn\/fr\/actualite\/international\/etats-unis-un-seisme-de-magnitude-7-pres-de-san-francisco\/218137\/#breadcrumb"},"inLanguage":"fr-FR","potentialAction":[{"@type":"ReadAction","target":["https:\/\/www.webdo.tn\/fr\/actualite\/international\/etats-unis-un-seisme-de-magnitude-7-pres-de-san-francisco\/218137\/"]}]},{"@type":"ImageObject","inLanguage":"fr-FR","@id":"https:\/\/www.webdo.tn\/fr\/actualite\/international\/etats-unis-un-seisme-de-magnitude-7-pres-de-san-francisco\/218137\/#primaryimage","url":"https:\/\/www.webdo.tn\/fr\/wp-content\/uploads\/2024\/12\/a04bc6621ea208b4512b7fd8414f3d21.webp","contentUrl":"https:\/\/www.webdo.tn\/fr\/wp-content\/uploads\/2024\/12\/a04bc6621ea208b4512b7fd8414f3d21.webp","width":640,"height":341,"caption":"Etats-Unis : Un s\u00e9isme de magnitude 7 pr\u00e8s de San Francisco"},{"@type":"BreadcrumbList","@id":"https:\/\/www.webdo.tn\/fr\/actualite\/international\/etats-unis-un-seisme-de-magnitude-7-pres-de-san-francisco\/218137\/#breadcrumb","itemListElement":[{"@type":"ListItem","position":1,"name":"Accueil","item":"https:\/\/www.webdo.tn\/fr\/"},{"@type":"ListItem","position":2,"name":"Etats-Unis : Un s\u00e9isme de magnitude 7 pr\u00e8s de San Francisco"}]},{"@type":"WebSite","@id":"https:\/\/www.webdo.tn\/fr\/#website","url":"https:\/\/www.webdo.tn\/fr\/","name":"webdo","description":"Tunisie - News en Tunisie et \u00e0 l&#039;international sur Webdo.tn","publisher":{"@id":"https:\/\/www.webdo.tn\/fr\/#organization"},"potentialAction":[{"@type":"SearchAction","target":{"@type":"EntryPoint","urlTemplate":"https:\/\/www.webdo.tn\/fr\/?s={search_term_string}"},"query-input":{"@type":"PropertyValueSpecification","valueRequired":true,"valueName":"search_term_string"}}],"inLanguage":"fr-FR"},{"@type":"Organization","@id":"https:\/\/www.webdo.tn\/fr\/#organization","name":"Webdo","alternateName":"Webdo.tn","url":"https:\/\/www.webdo.tn\/fr\/","logo":{"@type":"ImageObject","inLanguage":"fr-FR","@id":"https:\/\/www.webdo.tn\/fr\/#\/schema\/logo\/image\/","url":"https:\/\/www.webdo.tn\/fr\/wp-content\/uploads\/2025\/06\/Webdo-Tunisie_168377.jpg","contentUrl":"https:\/\/www.webdo.tn\/fr\/wp-content\/uploads\/2025\/06\/Webdo-Tunisie_168377.jpg","width":301,"height":301,"caption":"Webdo"},"image":{"@id":"https:\/\/www.webdo.tn\/fr\/#\/schema\/logo\/image\/"},"sameAs":["https:\/\/www.facebook.com\/webdotn","https:\/\/x.com\/webdo_tn"],"description":"Webdo est un m\u00e9dia num\u00e9rique tunisien fond\u00e9 en 2010, sp\u00e9cialis\u00e9 dans l\u2019actualit\u00e9 nationale et internationale, l\u2019\u00e9conomie, la soci\u00e9t\u00e9 et les analyses politiques. Le site s\u2019adresse \u00e0 un large public francophone et couvre l\u2019information tunisienne en temps r\u00e9el.","email":"redac@webdo.tn","legalName":"YNJ SARL","foundingDate":"2010-09-06","numberOfEmployees":{"@type":"QuantitativeValue","minValue":"11","maxValue":"50"}},{"@type":"Person","@id":"https:\/\/www.webdo.tn\/fr\/#\/schema\/person\/82ca085b22037d285e1a3c4b65ba5f71","name":"KJ","image":{"@type":"ImageObject","inLanguage":"fr-FR","@id":"https:\/\/secure.gravatar.com\/avatar\/1a1320de1c1971c893f00068f760b4113d69504aa21273da17ee95650c5944fd?s=96&d=mm&r=g","url":"https:\/\/secure.gravatar.com\/avatar\/1a1320de1c1971c893f00068f760b4113d69504aa21273da17ee95650c5944fd?s=96&d=mm&r=g","contentUrl":"https:\/\/secure.gravatar.com\/avatar\/1a1320de1c1971c893f00068f760b4113d69504aa21273da17ee95650c5944fd?s=96&d=mm&r=g","caption":"KJ"},"url":"https:\/\/www.webdo.tn\/fr\/actualite\/author\/kj\/"}]}},"_links":{"self":[{"href":"https:\/\/www.webdo.tn\/fr\/wp-json\/wp\/v2\/posts\/218137","targetHints":{"allow":["GET"]}}],"collection":[{"href":"https:\/\/www.webdo.tn\/fr\/wp-json\/wp\/v2\/posts"}],"about":[{"href":"https:\/\/www.webdo.tn\/fr\/wp-json\/wp\/v2\/types\/post"}],"author":[{"embeddable":true,"href":"https:\/\/www.webdo.tn\/fr\/wp-json\/wp\/v2\/users\/3163"}],"replies":[{"embeddable":true,"href":"https:\/\/www.webdo.tn\/fr\/wp-json\/wp\/v2\/comments?post=218137"}],"version-history":[{"count":0,"href":"https:\/\/www.webdo.tn\/fr\/wp-json\/wp\/v2\/posts\/218137\/revisions"}],"wp:featuredmedia":[{"embeddable":true,"href":"https:\/\/www.webdo.tn\/fr\/wp-json\/wp\/v2\/media\/291478"}],"wp:attachment":[{"href":"https:\/\/www.webdo.tn\/fr\/wp-json\/wp\/v2\/media?parent=218137"}],"wp:term":[{"taxonomy":"category","embeddable":true,"href":"https:\/\/www.webdo.tn\/fr\/wp-json\/wp\/v2\/categories?post=218137"},{"taxonomy":"post_tag","embeddable":true,"href":"https:\/\/www.webdo.tn\/fr\/wp-json\/wp\/v2\/tags?post=218137"}],"curies":[{"name":"wp","href":"https:\/\/api.w.org\/{rel}","templated":true}]}}