{"id":218124,"date":"2024-12-05T12:02:00","date_gmt":"2024-12-05T12:02:00","guid":{"rendered":"https:\/\/www.webdo.tn\/fr\/blog\/2024\/12\/05\/tunisie-trafic-aerien-de-passagers-en-hausse-de-9-4\/"},"modified":"2025-05-20T21:45:50","modified_gmt":"2025-05-20T21:45:50","slug":"tunisie-trafic-aerien-de-passagers-en-hausse-de-9-4","status":"publish","type":"post","link":"https:\/\/www.webdo.tn\/fr\/actualite\/national\/tunisie-trafic-aerien-de-passagers-en-hausse-de-9-4\/218124\/","title":{"rendered":"Tunisie : Trafic a\u00e9rien de passagers en hausse de 9,4%"},"content":{"rendered":"<p>Le trafic a\u00e9rien des passagers en Tunisie a enregistr\u00e9 une progression notable de 9,4% au cours des 11 premiers mois de 2024 par rapport \u00e0 la m\u00eame p\u00e9riode en 2023, selon les donn\u00e9es publi\u00e9es par l\u2019Office de l\u2019Aviation Civile et des A\u00e9roports (OACA).<\/p>\n<p>\t\t\t\t\t\t\t\t\tCe sont ainsi 8.963.615 mouvements passagers qui ont \u00e9t\u00e9 enregistr\u00e9s \u00e0 travers les a\u00e9roports tunisiens, une performance qui refl\u00e8te la reprise continue du secteur a\u00e9rien. \u00a0<\/p>\n<p>Chiffres cl\u00e9s<\/p>\n<p>\tA\u00e9roport international de Tunis-Carthage : +8,8 %, avec 6.677.847 mouvements passagers<br \/>\n\tA\u00e9roport international de Djerba-Zarzis : +12,7%, avec 2.110.843 mouvements passagers<br \/>\n\tA\u00e9roport international de Tozeur-Nefta : +97,9%, avec 28.133 mouvements passagers<br \/>\n\tA\u00e9roport international de Tabarka-A\u00efn Draham : +7%, avec 2626 mouvements passagers<br \/>\n\tA\u00e9roport international de Sfax-Thyna : -11,1%, avec 143.046 mouvements passagers<\/p>\n<p>Pour les a\u00e9roports exploit\u00e9s par l\u2019OACA et la soci\u00e9t\u00e9 TAV Tunisie, une augmentation globale de 13% a \u00e9t\u00e9 observ\u00e9e, atteignant 11.741.201 passagers. \u00a0<\/p>\n<p>Trafic commercial<\/p>\n<p>Le trafic des avions commerciaux (atterrissages et d\u00e9collages) a augment\u00e9 de 5%, totalisant 73.325 mouvements avions \u00e0 fin novembre 2024 : \u00a0<\/p>\n<p>\tTunis-Carthage : +4,8%, avec 54.015 mouvements avions<br \/>\n\tDjerba-Zarzis : +8,8%, avec 15.582 mouvements avions<br \/>\n\tTozeur-Nefta : +43,5%, avec 409 mouvements avions<br \/>\n\tTabarka-A\u00efn Draham : +7,5%, avec 173 mouvements avions<br \/>\n\tSfax-Thyna : -7,73%, avec 3.142 mouvements avions<\/p>\n<p>Trafic de survol<\/p>\n<p>Les avions transitant par l\u2019espace a\u00e9rien tunisien ont \u00e9galement connu une hausse importante de 15,5%, atteignant 56.270 mouvements \u00e0 fin novembre 2024. \u00a0<\/p>\n<p>Cette hausse globale traduit une reprise encourageante pour le transport a\u00e9rien en Tunisie, bien que certaines infrastructures, comme l\u2019a\u00e9roport de Sfax-Thyna, aient enregistr\u00e9 une baisse. L\u2019augmentation spectaculaire \u00e0 l\u2019a\u00e9roport de Tozeur-Nefta refl\u00e8te un regain d\u2019activit\u00e9 dans certaines r\u00e9gions, t\u00e9moignant des efforts pour revitaliser le secteur. \u00a0<\/p>\n<p>Avec ces r\u00e9sultats, le secteur a\u00e9rien tunisien confirme son r\u00f4le cl\u00e9 dans la dynamique \u00e9conomique et touristique, tout en faisant face \u00e0 des d\u00e9fis d\u2019\u00e9quilibre entre a\u00e9roports.<\/p>\n","protected":false},"excerpt":{"rendered":"<p>Le trafic a\u00e9rien des passagers en Tunisie a enregistr\u00e9 une progression notable de 9,4% au cours des 11 premiers mois de 2024 par rapport \u00e0 la m\u00eame p\u00e9riode en 20&#8230;<\/p>\n","protected":false},"author":3162,"featured_media":243636,"comment_status":"open","ping_status":"open","sticky":false,"template":"","format":"standard","meta":{"footnotes":""},"categories":[44],"tags":[4827,4826,4502,2608],"class_list":["post-218124","post","type-post","status-publish","format-standard","has-post-thumbnail","hentry","category-national","tag-aeroports","tag-passagers","tag-trafic-aerien","tag-tunisie"],"yoast_head":"<!-- This site is optimized with the Yoast SEO Premium plugin v27.5 (Yoast SEO v27.5) - https:\/\/yoast.com\/product\/yoast-seo-premium-wordpress\/ -->\n<title>Tunisie : Trafic a\u00e9rien de passagers en hausse de 9,4%<\/title>\n<meta name=\"description\" content=\"Le trafic a\u00e9rien des passagers en Tunisie a enregistr\u00e9 une progression notable de 9,4% au cours des 11 premiers mois de 2024 par rapport \u00e0 la m\u00eame p\u00e9riode en 20...\" \/>\n<link rel=\"canonical\" href=\"https:\/\/www.webdo.tn\/fr\/actualite\/national\/tunisie-trafic-aerien-de-passagers-en-hausse-de-9-4\/218124\/\" \/>\n<meta property=\"og:locale\" content=\"fr_FR\" \/>\n<meta property=\"og:type\" content=\"article\" \/>\n<meta property=\"og:title\" content=\"Tunisie : Trafic a\u00e9rien de passagers en hausse de 9,4%\" \/>\n<meta property=\"og:description\" content=\"Le trafic a\u00e9rien des passagers en Tunisie a enregistr\u00e9 une progression notable de 9,4% au cours des 11 premiers mois de 2024 par rapport \u00e0 la m\u00eame p\u00e9riode en 20...\" \/>\n<meta property=\"og:url\" content=\"https:\/\/www.webdo.tn\/fr\/actualite\/national\/tunisie-trafic-aerien-de-passagers-en-hausse-de-9-4\/218124\/\" \/>\n<meta property=\"og:site_name\" content=\"webdo\" \/>\n<meta property=\"article:publisher\" content=\"https:\/\/www.facebook.com\/webdotn\" \/>\n<meta property=\"article:published_time\" content=\"2024-12-05T12:02:00+00:00\" \/>\n<meta property=\"article:modified_time\" content=\"2025-05-20T21:45:50+00:00\" \/>\n<meta property=\"og:image\" content=\"https:\/\/www.webdo.tn\/fr\/wp-content\/uploads\/2025\/05\/6a89d40d2ef91ed7adeaeeb0bc685845-2.webp\" \/>\n\t<meta property=\"og:image:width\" content=\"750\" \/>\n\t<meta property=\"og:image:height\" content=\"400\" \/>\n\t<meta property=\"og:image:type\" content=\"image\/webp\" \/>\n<meta name=\"author\" content=\"MC\" \/>\n<meta name=\"twitter:card\" content=\"summary_large_image\" \/>\n<meta name=\"twitter:creator\" content=\"@webdo_tn\" \/>\n<meta name=\"twitter:site\" content=\"@webdo_tn\" \/>\n<meta name=\"twitter:label1\" content=\"\u00c9crit par\" \/>\n\t<meta name=\"twitter:data1\" content=\"MC\" \/>\n\t<meta name=\"twitter:label2\" content=\"Dur\u00e9e de lecture estim\u00e9e\" \/>\n\t<meta name=\"twitter:data2\" content=\"1 minute\" \/>\n<script type=\"application\/ld+json\" class=\"yoast-schema-graph\">{\"@context\":\"https:\\\/\\\/schema.org\",\"@graph\":[{\"@type\":\"NewsArticle\",\"@id\":\"https:\\\/\\\/www.webdo.tn\\\/fr\\\/actualite\\\/national\\\/tunisie-trafic-aerien-de-passagers-en-hausse-de-9-4\\\/218124\\\/#article\",\"isPartOf\":{\"@id\":\"https:\\\/\\\/www.webdo.tn\\\/fr\\\/actualite\\\/national\\\/tunisie-trafic-aerien-de-passagers-en-hausse-de-9-4\\\/218124\\\/\"},\"author\":{\"name\":\"MC\",\"@id\":\"https:\\\/\\\/www.webdo.tn\\\/fr\\\/#\\\/schema\\\/person\\\/2c4929cbf5a809e3bd38617c6ce150f6\"},\"headline\":\"Tunisie : Trafic a\u00e9rien de passagers en hausse de 9,4%\",\"datePublished\":\"2024-12-05T12:02:00+00:00\",\"dateModified\":\"2025-05-20T21:45:50+00:00\",\"mainEntityOfPage\":{\"@id\":\"https:\\\/\\\/www.webdo.tn\\\/fr\\\/actualite\\\/national\\\/tunisie-trafic-aerien-de-passagers-en-hausse-de-9-4\\\/218124\\\/\"},\"wordCount\":304,\"commentCount\":0,\"publisher\":{\"@id\":\"https:\\\/\\\/www.webdo.tn\\\/fr\\\/#organization\"},\"image\":{\"@id\":\"https:\\\/\\\/www.webdo.tn\\\/fr\\\/actualite\\\/national\\\/tunisie-trafic-aerien-de-passagers-en-hausse-de-9-4\\\/218124\\\/#primaryimage\"},\"thumbnailUrl\":\"https:\\\/\\\/www.webdo.tn\\\/fr\\\/wp-content\\\/uploads\\\/2025\\\/05\\\/6a89d40d2ef91ed7adeaeeb0bc685845-2.webp\",\"keywords\":[\"a\u00e9roports\",\"passagers\",\"trafic a\u00e9rien\",\"Tunisie\"],\"articleSection\":[\"National\"],\"inLanguage\":\"fr-FR\"},{\"@type\":\"WebPage\",\"@id\":\"https:\\\/\\\/www.webdo.tn\\\/fr\\\/actualite\\\/national\\\/tunisie-trafic-aerien-de-passagers-en-hausse-de-9-4\\\/218124\\\/\",\"url\":\"https:\\\/\\\/www.webdo.tn\\\/fr\\\/actualite\\\/national\\\/tunisie-trafic-aerien-de-passagers-en-hausse-de-9-4\\\/218124\\\/\",\"name\":\"Tunisie : Trafic a\u00e9rien de passagers en hausse de 9,4%\",\"isPartOf\":{\"@id\":\"https:\\\/\\\/www.webdo.tn\\\/fr\\\/#website\"},\"primaryImageOfPage\":{\"@id\":\"https:\\\/\\\/www.webdo.tn\\\/fr\\\/actualite\\\/national\\\/tunisie-trafic-aerien-de-passagers-en-hausse-de-9-4\\\/218124\\\/#primaryimage\"},\"image\":{\"@id\":\"https:\\\/\\\/www.webdo.tn\\\/fr\\\/actualite\\\/national\\\/tunisie-trafic-aerien-de-passagers-en-hausse-de-9-4\\\/218124\\\/#primaryimage\"},\"thumbnailUrl\":\"https:\\\/\\\/www.webdo.tn\\\/fr\\\/wp-content\\\/uploads\\\/2025\\\/05\\\/6a89d40d2ef91ed7adeaeeb0bc685845-2.webp\",\"datePublished\":\"2024-12-05T12:02:00+00:00\",\"dateModified\":\"2025-05-20T21:45:50+00:00\",\"description\":\"Le trafic a\u00e9rien des passagers en Tunisie a enregistr\u00e9 une progression notable de 9,4% au cours des 11 premiers mois de 2024 par rapport \u00e0 la m\u00eame p\u00e9riode en 20...\",\"breadcrumb\":{\"@id\":\"https:\\\/\\\/www.webdo.tn\\\/fr\\\/actualite\\\/national\\\/tunisie-trafic-aerien-de-passagers-en-hausse-de-9-4\\\/218124\\\/#breadcrumb\"},\"inLanguage\":\"fr-FR\",\"potentialAction\":[{\"@type\":\"ReadAction\",\"target\":[\"https:\\\/\\\/www.webdo.tn\\\/fr\\\/actualite\\\/national\\\/tunisie-trafic-aerien-de-passagers-en-hausse-de-9-4\\\/218124\\\/\"]}]},{\"@type\":\"ImageObject\",\"inLanguage\":\"fr-FR\",\"@id\":\"https:\\\/\\\/www.webdo.tn\\\/fr\\\/actualite\\\/national\\\/tunisie-trafic-aerien-de-passagers-en-hausse-de-9-4\\\/218124\\\/#primaryimage\",\"url\":\"https:\\\/\\\/www.webdo.tn\\\/fr\\\/wp-content\\\/uploads\\\/2025\\\/05\\\/6a89d40d2ef91ed7adeaeeb0bc685845-2.webp\",\"contentUrl\":\"https:\\\/\\\/www.webdo.tn\\\/fr\\\/wp-content\\\/uploads\\\/2025\\\/05\\\/6a89d40d2ef91ed7adeaeeb0bc685845-2.webp\",\"width\":750,\"height\":400},{\"@type\":\"BreadcrumbList\",\"@id\":\"https:\\\/\\\/www.webdo.tn\\\/fr\\\/actualite\\\/national\\\/tunisie-trafic-aerien-de-passagers-en-hausse-de-9-4\\\/218124\\\/#breadcrumb\",\"itemListElement\":[{\"@type\":\"ListItem\",\"position\":1,\"name\":\"Accueil\",\"item\":\"https:\\\/\\\/www.webdo.tn\\\/fr\\\/\"},{\"@type\":\"ListItem\",\"position\":2,\"name\":\"Tunisie : Trafic a\u00e9rien de passagers en hausse de 9,4%\"}]},{\"@type\":\"WebSite\",\"@id\":\"https:\\\/\\\/www.webdo.tn\\\/fr\\\/#website\",\"url\":\"https:\\\/\\\/www.webdo.tn\\\/fr\\\/\",\"name\":\"webdo\",\"description\":\"Tunisie - News en Tunisie et \u00e0 l&#039;international sur Webdo.tn\",\"publisher\":{\"@id\":\"https:\\\/\\\/www.webdo.tn\\\/fr\\\/#organization\"},\"potentialAction\":[{\"@type\":\"SearchAction\",\"target\":{\"@type\":\"EntryPoint\",\"urlTemplate\":\"https:\\\/\\\/www.webdo.tn\\\/fr\\\/?s={search_term_string}\"},\"query-input\":{\"@type\":\"PropertyValueSpecification\",\"valueRequired\":true,\"valueName\":\"search_term_string\"}}],\"inLanguage\":\"fr-FR\"},{\"@type\":\"Organization\",\"@id\":\"https:\\\/\\\/www.webdo.tn\\\/fr\\\/#organization\",\"name\":\"Webdo\",\"alternateName\":\"Webdo.tn\",\"url\":\"https:\\\/\\\/www.webdo.tn\\\/fr\\\/\",\"logo\":{\"@type\":\"ImageObject\",\"inLanguage\":\"fr-FR\",\"@id\":\"https:\\\/\\\/www.webdo.tn\\\/fr\\\/#\\\/schema\\\/logo\\\/image\\\/\",\"url\":\"https:\\\/\\\/www.webdo.tn\\\/fr\\\/wp-content\\\/uploads\\\/2025\\\/06\\\/Webdo-Tunisie_168377.jpg\",\"contentUrl\":\"https:\\\/\\\/www.webdo.tn\\\/fr\\\/wp-content\\\/uploads\\\/2025\\\/06\\\/Webdo-Tunisie_168377.jpg\",\"width\":301,\"height\":301,\"caption\":\"Webdo\"},\"image\":{\"@id\":\"https:\\\/\\\/www.webdo.tn\\\/fr\\\/#\\\/schema\\\/logo\\\/image\\\/\"},\"sameAs\":[\"https:\\\/\\\/www.facebook.com\\\/webdotn\",\"https:\\\/\\\/x.com\\\/webdo_tn\"],\"description\":\"Webdo est un m\u00e9dia num\u00e9rique tunisien fond\u00e9 en 2010, sp\u00e9cialis\u00e9 dans l\u2019actualit\u00e9 nationale et internationale, l\u2019\u00e9conomie, la soci\u00e9t\u00e9 et les analyses politiques. Le site s\u2019adresse \u00e0 un large public francophone et couvre l\u2019information tunisienne en temps r\u00e9el.\",\"email\":\"redac@webdo.tn\",\"legalName\":\"YNJ SARL\",\"foundingDate\":\"2010-09-06\",\"numberOfEmployees\":{\"@type\":\"QuantitativeValue\",\"minValue\":\"11\",\"maxValue\":\"50\"}},{\"@type\":\"Person\",\"@id\":\"https:\\\/\\\/www.webdo.tn\\\/fr\\\/#\\\/schema\\\/person\\\/2c4929cbf5a809e3bd38617c6ce150f6\",\"name\":\"MC\",\"image\":{\"@type\":\"ImageObject\",\"inLanguage\":\"fr-FR\",\"@id\":\"https:\\\/\\\/secure.gravatar.com\\\/avatar\\\/a545bbb6f84efdd5553dbbc2895e3ca8f1d12c5215e00a041c9670b54aa9b18a?s=96&d=mm&r=g\",\"url\":\"https:\\\/\\\/secure.gravatar.com\\\/avatar\\\/a545bbb6f84efdd5553dbbc2895e3ca8f1d12c5215e00a041c9670b54aa9b18a?s=96&d=mm&r=g\",\"contentUrl\":\"https:\\\/\\\/secure.gravatar.com\\\/avatar\\\/a545bbb6f84efdd5553dbbc2895e3ca8f1d12c5215e00a041c9670b54aa9b18a?s=96&d=mm&r=g\",\"caption\":\"MC\"},\"url\":\"https:\\\/\\\/www.webdo.tn\\\/fr\\\/actualite\\\/author\\\/mc\\\/\"}]}<\/script>\n<!-- \/ Yoast SEO Premium plugin. -->","yoast_head_json":{"title":"Tunisie : Trafic a\u00e9rien de passagers en hausse de 9,4%","description":"Le trafic a\u00e9rien des passagers en Tunisie a enregistr\u00e9 une progression notable de 9,4% au cours des 11 premiers mois de 2024 par rapport \u00e0 la m\u00eame p\u00e9riode en 20...","canonical":"https:\/\/www.webdo.tn\/fr\/actualite\/national\/tunisie-trafic-aerien-de-passagers-en-hausse-de-9-4\/218124\/","og_locale":"fr_FR","og_type":"article","og_title":"Tunisie : Trafic a\u00e9rien de passagers en hausse de 9,4%","og_description":"Le trafic a\u00e9rien des passagers en Tunisie a enregistr\u00e9 une progression notable de 9,4% au cours des 11 premiers mois de 2024 par rapport \u00e0 la m\u00eame p\u00e9riode en 20...","og_url":"https:\/\/www.webdo.tn\/fr\/actualite\/national\/tunisie-trafic-aerien-de-passagers-en-hausse-de-9-4\/218124\/","og_site_name":"webdo","article_publisher":"https:\/\/www.facebook.com\/webdotn","article_published_time":"2024-12-05T12:02:00+00:00","article_modified_time":"2025-05-20T21:45:50+00:00","og_image":[{"width":750,"height":400,"url":"https:\/\/www.webdo.tn\/fr\/wp-content\/uploads\/2025\/05\/6a89d40d2ef91ed7adeaeeb0bc685845-2.webp","type":"image\/webp"}],"author":"MC","twitter_card":"summary_large_image","twitter_creator":"@webdo_tn","twitter_site":"@webdo_tn","twitter_misc":{"\u00c9crit par":"MC","Dur\u00e9e de lecture estim\u00e9e":"1 minute"},"schema":{"@context":"https:\/\/schema.org","@graph":[{"@type":"NewsArticle","@id":"https:\/\/www.webdo.tn\/fr\/actualite\/national\/tunisie-trafic-aerien-de-passagers-en-hausse-de-9-4\/218124\/#article","isPartOf":{"@id":"https:\/\/www.webdo.tn\/fr\/actualite\/national\/tunisie-trafic-aerien-de-passagers-en-hausse-de-9-4\/218124\/"},"author":{"name":"MC","@id":"https:\/\/www.webdo.tn\/fr\/#\/schema\/person\/2c4929cbf5a809e3bd38617c6ce150f6"},"headline":"Tunisie : Trafic a\u00e9rien de passagers en hausse de 9,4%","datePublished":"2024-12-05T12:02:00+00:00","dateModified":"2025-05-20T21:45:50+00:00","mainEntityOfPage":{"@id":"https:\/\/www.webdo.tn\/fr\/actualite\/national\/tunisie-trafic-aerien-de-passagers-en-hausse-de-9-4\/218124\/"},"wordCount":304,"commentCount":0,"publisher":{"@id":"https:\/\/www.webdo.tn\/fr\/#organization"},"image":{"@id":"https:\/\/www.webdo.tn\/fr\/actualite\/national\/tunisie-trafic-aerien-de-passagers-en-hausse-de-9-4\/218124\/#primaryimage"},"thumbnailUrl":"https:\/\/www.webdo.tn\/fr\/wp-content\/uploads\/2025\/05\/6a89d40d2ef91ed7adeaeeb0bc685845-2.webp","keywords":["a\u00e9roports","passagers","trafic a\u00e9rien","Tunisie"],"articleSection":["National"],"inLanguage":"fr-FR"},{"@type":"WebPage","@id":"https:\/\/www.webdo.tn\/fr\/actualite\/national\/tunisie-trafic-aerien-de-passagers-en-hausse-de-9-4\/218124\/","url":"https:\/\/www.webdo.tn\/fr\/actualite\/national\/tunisie-trafic-aerien-de-passagers-en-hausse-de-9-4\/218124\/","name":"Tunisie : Trafic a\u00e9rien de passagers en hausse de 9,4%","isPartOf":{"@id":"https:\/\/www.webdo.tn\/fr\/#website"},"primaryImageOfPage":{"@id":"https:\/\/www.webdo.tn\/fr\/actualite\/national\/tunisie-trafic-aerien-de-passagers-en-hausse-de-9-4\/218124\/#primaryimage"},"image":{"@id":"https:\/\/www.webdo.tn\/fr\/actualite\/national\/tunisie-trafic-aerien-de-passagers-en-hausse-de-9-4\/218124\/#primaryimage"},"thumbnailUrl":"https:\/\/www.webdo.tn\/fr\/wp-content\/uploads\/2025\/05\/6a89d40d2ef91ed7adeaeeb0bc685845-2.webp","datePublished":"2024-12-05T12:02:00+00:00","dateModified":"2025-05-20T21:45:50+00:00","description":"Le trafic a\u00e9rien des passagers en Tunisie a enregistr\u00e9 une progression notable de 9,4% au cours des 11 premiers mois de 2024 par rapport \u00e0 la m\u00eame p\u00e9riode en 20...","breadcrumb":{"@id":"https:\/\/www.webdo.tn\/fr\/actualite\/national\/tunisie-trafic-aerien-de-passagers-en-hausse-de-9-4\/218124\/#breadcrumb"},"inLanguage":"fr-FR","potentialAction":[{"@type":"ReadAction","target":["https:\/\/www.webdo.tn\/fr\/actualite\/national\/tunisie-trafic-aerien-de-passagers-en-hausse-de-9-4\/218124\/"]}]},{"@type":"ImageObject","inLanguage":"fr-FR","@id":"https:\/\/www.webdo.tn\/fr\/actualite\/national\/tunisie-trafic-aerien-de-passagers-en-hausse-de-9-4\/218124\/#primaryimage","url":"https:\/\/www.webdo.tn\/fr\/wp-content\/uploads\/2025\/05\/6a89d40d2ef91ed7adeaeeb0bc685845-2.webp","contentUrl":"https:\/\/www.webdo.tn\/fr\/wp-content\/uploads\/2025\/05\/6a89d40d2ef91ed7adeaeeb0bc685845-2.webp","width":750,"height":400},{"@type":"BreadcrumbList","@id":"https:\/\/www.webdo.tn\/fr\/actualite\/national\/tunisie-trafic-aerien-de-passagers-en-hausse-de-9-4\/218124\/#breadcrumb","itemListElement":[{"@type":"ListItem","position":1,"name":"Accueil","item":"https:\/\/www.webdo.tn\/fr\/"},{"@type":"ListItem","position":2,"name":"Tunisie : Trafic a\u00e9rien de passagers en hausse de 9,4%"}]},{"@type":"WebSite","@id":"https:\/\/www.webdo.tn\/fr\/#website","url":"https:\/\/www.webdo.tn\/fr\/","name":"webdo","description":"Tunisie - News en Tunisie et \u00e0 l&#039;international sur Webdo.tn","publisher":{"@id":"https:\/\/www.webdo.tn\/fr\/#organization"},"potentialAction":[{"@type":"SearchAction","target":{"@type":"EntryPoint","urlTemplate":"https:\/\/www.webdo.tn\/fr\/?s={search_term_string}"},"query-input":{"@type":"PropertyValueSpecification","valueRequired":true,"valueName":"search_term_string"}}],"inLanguage":"fr-FR"},{"@type":"Organization","@id":"https:\/\/www.webdo.tn\/fr\/#organization","name":"Webdo","alternateName":"Webdo.tn","url":"https:\/\/www.webdo.tn\/fr\/","logo":{"@type":"ImageObject","inLanguage":"fr-FR","@id":"https:\/\/www.webdo.tn\/fr\/#\/schema\/logo\/image\/","url":"https:\/\/www.webdo.tn\/fr\/wp-content\/uploads\/2025\/06\/Webdo-Tunisie_168377.jpg","contentUrl":"https:\/\/www.webdo.tn\/fr\/wp-content\/uploads\/2025\/06\/Webdo-Tunisie_168377.jpg","width":301,"height":301,"caption":"Webdo"},"image":{"@id":"https:\/\/www.webdo.tn\/fr\/#\/schema\/logo\/image\/"},"sameAs":["https:\/\/www.facebook.com\/webdotn","https:\/\/x.com\/webdo_tn"],"description":"Webdo est un m\u00e9dia num\u00e9rique tunisien fond\u00e9 en 2010, sp\u00e9cialis\u00e9 dans l\u2019actualit\u00e9 nationale et internationale, l\u2019\u00e9conomie, la soci\u00e9t\u00e9 et les analyses politiques. Le site s\u2019adresse \u00e0 un large public francophone et couvre l\u2019information tunisienne en temps r\u00e9el.","email":"redac@webdo.tn","legalName":"YNJ SARL","foundingDate":"2010-09-06","numberOfEmployees":{"@type":"QuantitativeValue","minValue":"11","maxValue":"50"}},{"@type":"Person","@id":"https:\/\/www.webdo.tn\/fr\/#\/schema\/person\/2c4929cbf5a809e3bd38617c6ce150f6","name":"MC","image":{"@type":"ImageObject","inLanguage":"fr-FR","@id":"https:\/\/secure.gravatar.com\/avatar\/a545bbb6f84efdd5553dbbc2895e3ca8f1d12c5215e00a041c9670b54aa9b18a?s=96&d=mm&r=g","url":"https:\/\/secure.gravatar.com\/avatar\/a545bbb6f84efdd5553dbbc2895e3ca8f1d12c5215e00a041c9670b54aa9b18a?s=96&d=mm&r=g","contentUrl":"https:\/\/secure.gravatar.com\/avatar\/a545bbb6f84efdd5553dbbc2895e3ca8f1d12c5215e00a041c9670b54aa9b18a?s=96&d=mm&r=g","caption":"MC"},"url":"https:\/\/www.webdo.tn\/fr\/actualite\/author\/mc\/"}]}},"_links":{"self":[{"href":"https:\/\/www.webdo.tn\/fr\/wp-json\/wp\/v2\/posts\/218124","targetHints":{"allow":["GET"]}}],"collection":[{"href":"https:\/\/www.webdo.tn\/fr\/wp-json\/wp\/v2\/posts"}],"about":[{"href":"https:\/\/www.webdo.tn\/fr\/wp-json\/wp\/v2\/types\/post"}],"author":[{"embeddable":true,"href":"https:\/\/www.webdo.tn\/fr\/wp-json\/wp\/v2\/users\/3162"}],"replies":[{"embeddable":true,"href":"https:\/\/www.webdo.tn\/fr\/wp-json\/wp\/v2\/comments?post=218124"}],"version-history":[{"count":0,"href":"https:\/\/www.webdo.tn\/fr\/wp-json\/wp\/v2\/posts\/218124\/revisions"}],"wp:featuredmedia":[{"embeddable":true,"href":"https:\/\/www.webdo.tn\/fr\/wp-json\/wp\/v2\/media\/243636"}],"wp:attachment":[{"href":"https:\/\/www.webdo.tn\/fr\/wp-json\/wp\/v2\/media?parent=218124"}],"wp:term":[{"taxonomy":"category","embeddable":true,"href":"https:\/\/www.webdo.tn\/fr\/wp-json\/wp\/v2\/categories?post=218124"},{"taxonomy":"post_tag","embeddable":true,"href":"https:\/\/www.webdo.tn\/fr\/wp-json\/wp\/v2\/tags?post=218124"}],"curies":[{"name":"wp","href":"https:\/\/api.w.org\/{rel}","templated":true}]}}