{"id":218104,"date":"2024-12-04T20:29:00","date_gmt":"2024-12-04T20:29:00","guid":{"rendered":"https:\/\/www.webdo.tn\/fr\/blog\/siliana-une-educatrice-en-garde-a-vue-pour-avoir-agresse-une-enfant\/218104\/"},"modified":"2025-05-21T09:07:56","modified_gmt":"2025-05-21T09:07:56","slug":"siliana-une-educatrice-en-garde-a-vue-pour-avoir-agresse-une-enfant","status":"publish","type":"post","link":"https:\/\/www.webdo.tn\/fr\/actualite\/divers\/siliana-une-educatrice-en-garde-a-vue-pour-avoir-agresse-une-enfant\/218104\/","title":{"rendered":"Siliana :  une \u00e9ducatrice sous mandat de d\u00e9p\u00f4t pour avoir agress\u00e9 une enfant"},"content":{"rendered":"<p>Le juge d&rsquo;instruction du tribunal de premi\u00e8re instance de Siliana a ordonn\u00e9 un mandat de d\u00e9p\u00f4t \u00e0 l&rsquo;encontre d&rsquo;une \u00e9ducatrice travaillant \u00e0 Kesra, dans le gouvernorat de Siliana, suite \u00e0 des accusations d&rsquo;agression sur une fillette de cinq ans.<\/p>\n<p>\t\t\t\t\t\t\t\t\tSelon les informations de la radio Mosa\u00efque FM, le porte-parole du tribunal a pr\u00e9cis\u00e9 que la plainte, d\u00e9pos\u00e9e par les parents de l\u2019enfant, faisait \u00e9tat d&rsquo;une agression \u00e0 l&rsquo;aide d&rsquo;un stylo, visant la r\u00e9gion oculaire de la petite fille.<\/p>\n<p>La victime a \u00e9t\u00e9 rapidement transport\u00e9e \u00e0 l&rsquo;h\u00f4pital d&rsquo;enfants de Bab Saadoun \u00e0 Tunis, o\u00f9 elle a \u00e9t\u00e9 hospitalis\u00e9e pour des blessures \u00e0 l&rsquo;\u0153il. Un certificat m\u00e9dical a attest\u00e9 d\u2019une p\u00e9riode de repos de deux mois, avec la possibilit\u00e9 d&rsquo;une intervention chirurgicale. L\u2019affaire a \u00e9t\u00e9 confi\u00e9e \u00e0 l&rsquo;unit\u00e9 de lutte contre la violence \u00e0 l\u2019\u00e9gard des femmes et des enfants, qui a lanc\u00e9 les investigations n\u00e9cessaires.<\/p>\n<p>Suite \u00e0 l\u2019enqu\u00eate, l\u2019\u00e9ducatrice a \u00e9t\u00e9 plac\u00e9e en garde \u00e0 vue. Le dossier a \u00e9t\u00e9 transmis au procureur de la R\u00e9publique, qui a ouvert une enqu\u00eate judiciaire. L\u2019\u00e9ducatrice, ainsi que toute autre personne impliqu\u00e9e, fait l&rsquo;objet d&rsquo;une proc\u00e9dure judiciaire. En attendant l\u2019\u00e9volution de l&rsquo;enqu\u00eate, elle a \u00e9t\u00e9 plac\u00e9e en d\u00e9tention pr\u00e9ventive.<\/p>\n","protected":false},"excerpt":{"rendered":"<p>Une \u00e9ducatrice de Kesra, Siliana, a \u00e9t\u00e9 plac\u00e9e en d\u00e9tention apr\u00e8s avoir agress\u00e9 une enfant de cinq ans \u00e0 l\u2019aide d\u2019un stylo, entra\u00eenant des blessures \u00e0 l\u2019\u0153il. Un&#8230;<\/p>\n","protected":false},"author":3166,"featured_media":291470,"comment_status":"open","ping_status":"closed","sticky":false,"template":"","format":"standard","meta":{"footnotes":""},"categories":[2839],"tags":[10721,2886,2900,2608],"class_list":["post-218104","post","type-post","status-publish","format-standard","has-post-thumbnail","hentry","category-divers","tag-educatrice","tag-mandat-de-depot","tag-siliana","tag-tunisie"],"yoast_head":"<!-- This site is optimized with the Yoast SEO Premium plugin v27.5 (Yoast SEO v27.5) - https:\/\/yoast.com\/product\/yoast-seo-premium-wordpress\/ -->\n<title>Siliana : une \u00e9ducatrice sous mandat de d\u00e9p\u00f4t pour avoir agress\u00e9 une enfant<\/title>\n<meta name=\"description\" content=\"Une \u00e9ducatrice de Kesra, Siliana, a \u00e9t\u00e9 plac\u00e9e en d\u00e9tention apr\u00e8s avoir agress\u00e9 une enfant de cinq ans \u00e0 l\u2019aide d\u2019un stylo, entra\u00eenant des blessures \u00e0 l\u2019\u0153il. Un...\" \/>\n<link rel=\"canonical\" href=\"https:\/\/www.webdo.tn\/fr\/actualite\/divers\/siliana-une-educatrice-en-garde-a-vue-pour-avoir-agresse-une-enfant\/218104\/\" \/>\n<meta property=\"og:locale\" content=\"fr_FR\" \/>\n<meta property=\"og:type\" content=\"article\" \/>\n<meta property=\"og:title\" content=\"Siliana : une \u00e9ducatrice sous mandat de d\u00e9p\u00f4t pour avoir agress\u00e9 une enfant\" \/>\n<meta property=\"og:description\" content=\"Une \u00e9ducatrice de Kesra, Siliana, a \u00e9t\u00e9 plac\u00e9e en d\u00e9tention apr\u00e8s avoir agress\u00e9 une enfant de cinq ans \u00e0 l\u2019aide d\u2019un stylo, entra\u00eenant des blessures \u00e0 l\u2019\u0153il. Un...\" \/>\n<meta property=\"og:url\" content=\"https:\/\/www.webdo.tn\/fr\/actualite\/divers\/siliana-une-educatrice-en-garde-a-vue-pour-avoir-agresse-une-enfant\/218104\/\" \/>\n<meta property=\"og:site_name\" content=\"webdo\" \/>\n<meta property=\"article:publisher\" content=\"https:\/\/www.facebook.com\/webdotn\" \/>\n<meta property=\"article:published_time\" content=\"2024-12-04T20:29:00+00:00\" \/>\n<meta property=\"article:modified_time\" content=\"2025-05-21T09:07:56+00:00\" \/>\n<meta property=\"og:image\" content=\"https:\/\/www.webdo.tn\/fr\/wp-content\/uploads\/2024\/12\/3e725012fb3b2c6a169ccb7d2c28a89a.webp\" \/>\n\t<meta property=\"og:image:width\" content=\"626\" \/>\n\t<meta property=\"og:image:height\" content=\"334\" \/>\n\t<meta property=\"og:image:type\" content=\"image\/webp\" \/>\n<meta name=\"author\" content=\"AZ\" \/>\n<meta name=\"twitter:card\" content=\"summary_large_image\" \/>\n<meta name=\"twitter:creator\" content=\"@webdo_tn\" \/>\n<meta name=\"twitter:site\" content=\"@webdo_tn\" \/>\n<meta name=\"twitter:label1\" content=\"\u00c9crit par\" \/>\n\t<meta name=\"twitter:data1\" content=\"AZ\" \/>\n\t<meta name=\"twitter:label2\" content=\"Dur\u00e9e de lecture estim\u00e9e\" \/>\n\t<meta name=\"twitter:data2\" content=\"1 minute\" \/>\n<script type=\"application\/ld+json\" class=\"yoast-schema-graph\">{\"@context\":\"https:\\\/\\\/schema.org\",\"@graph\":[{\"@type\":\"NewsArticle\",\"@id\":\"https:\\\/\\\/www.webdo.tn\\\/fr\\\/actualite\\\/divers\\\/siliana-une-educatrice-en-garde-a-vue-pour-avoir-agresse-une-enfant\\\/218104\\\/#article\",\"isPartOf\":{\"@id\":\"https:\\\/\\\/www.webdo.tn\\\/fr\\\/actualite\\\/divers\\\/siliana-une-educatrice-en-garde-a-vue-pour-avoir-agresse-une-enfant\\\/218104\\\/\"},\"author\":{\"name\":\"AZ\",\"@id\":\"https:\\\/\\\/www.webdo.tn\\\/fr\\\/#\\\/schema\\\/person\\\/b8a41c04d93287d375510db360906b34\"},\"headline\":\"Siliana : une \u00e9ducatrice sous mandat de d\u00e9p\u00f4t pour avoir agress\u00e9 une enfant\",\"datePublished\":\"2024-12-04T20:29:00+00:00\",\"dateModified\":\"2025-05-21T09:07:56+00:00\",\"mainEntityOfPage\":{\"@id\":\"https:\\\/\\\/www.webdo.tn\\\/fr\\\/actualite\\\/divers\\\/siliana-une-educatrice-en-garde-a-vue-pour-avoir-agresse-une-enfant\\\/218104\\\/\"},\"wordCount\":246,\"commentCount\":0,\"publisher\":{\"@id\":\"https:\\\/\\\/www.webdo.tn\\\/fr\\\/#organization\"},\"image\":{\"@id\":\"https:\\\/\\\/www.webdo.tn\\\/fr\\\/actualite\\\/divers\\\/siliana-une-educatrice-en-garde-a-vue-pour-avoir-agresse-une-enfant\\\/218104\\\/#primaryimage\"},\"thumbnailUrl\":\"https:\\\/\\\/www.webdo.tn\\\/fr\\\/wp-content\\\/uploads\\\/2024\\\/12\\\/3e725012fb3b2c6a169ccb7d2c28a89a.webp\",\"keywords\":[\"'\u00e9ducatrice']\",\"mandat de d\u00e9p\u00f4t\",\"siliana\",\"Tunisie\"],\"articleSection\":[\"Divers\"],\"inLanguage\":\"fr-FR\"},{\"@type\":\"WebPage\",\"@id\":\"https:\\\/\\\/www.webdo.tn\\\/fr\\\/actualite\\\/divers\\\/siliana-une-educatrice-en-garde-a-vue-pour-avoir-agresse-une-enfant\\\/218104\\\/\",\"url\":\"https:\\\/\\\/www.webdo.tn\\\/fr\\\/actualite\\\/divers\\\/siliana-une-educatrice-en-garde-a-vue-pour-avoir-agresse-une-enfant\\\/218104\\\/\",\"name\":\"Siliana : une \u00e9ducatrice sous mandat de d\u00e9p\u00f4t pour avoir agress\u00e9 une enfant\",\"isPartOf\":{\"@id\":\"https:\\\/\\\/www.webdo.tn\\\/fr\\\/#website\"},\"primaryImageOfPage\":{\"@id\":\"https:\\\/\\\/www.webdo.tn\\\/fr\\\/actualite\\\/divers\\\/siliana-une-educatrice-en-garde-a-vue-pour-avoir-agresse-une-enfant\\\/218104\\\/#primaryimage\"},\"image\":{\"@id\":\"https:\\\/\\\/www.webdo.tn\\\/fr\\\/actualite\\\/divers\\\/siliana-une-educatrice-en-garde-a-vue-pour-avoir-agresse-une-enfant\\\/218104\\\/#primaryimage\"},\"thumbnailUrl\":\"https:\\\/\\\/www.webdo.tn\\\/fr\\\/wp-content\\\/uploads\\\/2024\\\/12\\\/3e725012fb3b2c6a169ccb7d2c28a89a.webp\",\"datePublished\":\"2024-12-04T20:29:00+00:00\",\"dateModified\":\"2025-05-21T09:07:56+00:00\",\"description\":\"Une \u00e9ducatrice de Kesra, Siliana, a \u00e9t\u00e9 plac\u00e9e en d\u00e9tention apr\u00e8s avoir agress\u00e9 une enfant de cinq ans \u00e0 l\u2019aide d\u2019un stylo, entra\u00eenant des blessures \u00e0 l\u2019\u0153il. Un...\",\"breadcrumb\":{\"@id\":\"https:\\\/\\\/www.webdo.tn\\\/fr\\\/actualite\\\/divers\\\/siliana-une-educatrice-en-garde-a-vue-pour-avoir-agresse-une-enfant\\\/218104\\\/#breadcrumb\"},\"inLanguage\":\"fr-FR\",\"potentialAction\":[{\"@type\":\"ReadAction\",\"target\":[\"https:\\\/\\\/www.webdo.tn\\\/fr\\\/actualite\\\/divers\\\/siliana-une-educatrice-en-garde-a-vue-pour-avoir-agresse-une-enfant\\\/218104\\\/\"]}]},{\"@type\":\"ImageObject\",\"inLanguage\":\"fr-FR\",\"@id\":\"https:\\\/\\\/www.webdo.tn\\\/fr\\\/actualite\\\/divers\\\/siliana-une-educatrice-en-garde-a-vue-pour-avoir-agresse-une-enfant\\\/218104\\\/#primaryimage\",\"url\":\"https:\\\/\\\/www.webdo.tn\\\/fr\\\/wp-content\\\/uploads\\\/2024\\\/12\\\/3e725012fb3b2c6a169ccb7d2c28a89a.webp\",\"contentUrl\":\"https:\\\/\\\/www.webdo.tn\\\/fr\\\/wp-content\\\/uploads\\\/2024\\\/12\\\/3e725012fb3b2c6a169ccb7d2c28a89a.webp\",\"width\":626,\"height\":334,\"caption\":\"Siliana : une \u00e9ducatrice sous mandat de d\u00e9p\u00f4t pour avoir agress\u00e9 une enfant\"},{\"@type\":\"BreadcrumbList\",\"@id\":\"https:\\\/\\\/www.webdo.tn\\\/fr\\\/actualite\\\/divers\\\/siliana-une-educatrice-en-garde-a-vue-pour-avoir-agresse-une-enfant\\\/218104\\\/#breadcrumb\",\"itemListElement\":[{\"@type\":\"ListItem\",\"position\":1,\"name\":\"Accueil\",\"item\":\"https:\\\/\\\/www.webdo.tn\\\/fr\\\/\"},{\"@type\":\"ListItem\",\"position\":2,\"name\":\"Siliana : une \u00e9ducatrice sous mandat de d\u00e9p\u00f4t pour avoir agress\u00e9 une enfant\"}]},{\"@type\":\"WebSite\",\"@id\":\"https:\\\/\\\/www.webdo.tn\\\/fr\\\/#website\",\"url\":\"https:\\\/\\\/www.webdo.tn\\\/fr\\\/\",\"name\":\"webdo\",\"description\":\"Tunisie - News en Tunisie et \u00e0 l&#039;international sur Webdo.tn\",\"publisher\":{\"@id\":\"https:\\\/\\\/www.webdo.tn\\\/fr\\\/#organization\"},\"potentialAction\":[{\"@type\":\"SearchAction\",\"target\":{\"@type\":\"EntryPoint\",\"urlTemplate\":\"https:\\\/\\\/www.webdo.tn\\\/fr\\\/?s={search_term_string}\"},\"query-input\":{\"@type\":\"PropertyValueSpecification\",\"valueRequired\":true,\"valueName\":\"search_term_string\"}}],\"inLanguage\":\"fr-FR\"},{\"@type\":\"Organization\",\"@id\":\"https:\\\/\\\/www.webdo.tn\\\/fr\\\/#organization\",\"name\":\"Webdo\",\"alternateName\":\"Webdo.tn\",\"url\":\"https:\\\/\\\/www.webdo.tn\\\/fr\\\/\",\"logo\":{\"@type\":\"ImageObject\",\"inLanguage\":\"fr-FR\",\"@id\":\"https:\\\/\\\/www.webdo.tn\\\/fr\\\/#\\\/schema\\\/logo\\\/image\\\/\",\"url\":\"https:\\\/\\\/www.webdo.tn\\\/fr\\\/wp-content\\\/uploads\\\/2025\\\/06\\\/Webdo-Tunisie_168377.jpg\",\"contentUrl\":\"https:\\\/\\\/www.webdo.tn\\\/fr\\\/wp-content\\\/uploads\\\/2025\\\/06\\\/Webdo-Tunisie_168377.jpg\",\"width\":301,\"height\":301,\"caption\":\"Webdo\"},\"image\":{\"@id\":\"https:\\\/\\\/www.webdo.tn\\\/fr\\\/#\\\/schema\\\/logo\\\/image\\\/\"},\"sameAs\":[\"https:\\\/\\\/www.facebook.com\\\/webdotn\",\"https:\\\/\\\/x.com\\\/webdo_tn\"],\"description\":\"Webdo est un m\u00e9dia num\u00e9rique tunisien fond\u00e9 en 2010, sp\u00e9cialis\u00e9 dans l\u2019actualit\u00e9 nationale et internationale, l\u2019\u00e9conomie, la soci\u00e9t\u00e9 et les analyses politiques. Le site s\u2019adresse \u00e0 un large public francophone et couvre l\u2019information tunisienne en temps r\u00e9el.\",\"email\":\"redac@webdo.tn\",\"legalName\":\"YNJ SARL\",\"foundingDate\":\"2010-09-06\",\"numberOfEmployees\":{\"@type\":\"QuantitativeValue\",\"minValue\":\"11\",\"maxValue\":\"50\"}},{\"@type\":\"Person\",\"@id\":\"https:\\\/\\\/www.webdo.tn\\\/fr\\\/#\\\/schema\\\/person\\\/b8a41c04d93287d375510db360906b34\",\"name\":\"AZ\",\"image\":{\"@type\":\"ImageObject\",\"inLanguage\":\"fr-FR\",\"@id\":\"https:\\\/\\\/secure.gravatar.com\\\/avatar\\\/492b80bada79439de4201dce15cd41eece6c277cfdf1b53382073c79105c1f89?s=96&d=mm&r=g\",\"url\":\"https:\\\/\\\/secure.gravatar.com\\\/avatar\\\/492b80bada79439de4201dce15cd41eece6c277cfdf1b53382073c79105c1f89?s=96&d=mm&r=g\",\"contentUrl\":\"https:\\\/\\\/secure.gravatar.com\\\/avatar\\\/492b80bada79439de4201dce15cd41eece6c277cfdf1b53382073c79105c1f89?s=96&d=mm&r=g\",\"caption\":\"AZ\"},\"url\":\"https:\\\/\\\/www.webdo.tn\\\/fr\\\/actualite\\\/author\\\/az\\\/\"}]}<\/script>\n<!-- \/ Yoast SEO Premium plugin. -->","yoast_head_json":{"title":"Siliana : une \u00e9ducatrice sous mandat de d\u00e9p\u00f4t pour avoir agress\u00e9 une enfant","description":"Une \u00e9ducatrice de Kesra, Siliana, a \u00e9t\u00e9 plac\u00e9e en d\u00e9tention apr\u00e8s avoir agress\u00e9 une enfant de cinq ans \u00e0 l\u2019aide d\u2019un stylo, entra\u00eenant des blessures \u00e0 l\u2019\u0153il. Un...","canonical":"https:\/\/www.webdo.tn\/fr\/actualite\/divers\/siliana-une-educatrice-en-garde-a-vue-pour-avoir-agresse-une-enfant\/218104\/","og_locale":"fr_FR","og_type":"article","og_title":"Siliana : une \u00e9ducatrice sous mandat de d\u00e9p\u00f4t pour avoir agress\u00e9 une enfant","og_description":"Une \u00e9ducatrice de Kesra, Siliana, a \u00e9t\u00e9 plac\u00e9e en d\u00e9tention apr\u00e8s avoir agress\u00e9 une enfant de cinq ans \u00e0 l\u2019aide d\u2019un stylo, entra\u00eenant des blessures \u00e0 l\u2019\u0153il. Un...","og_url":"https:\/\/www.webdo.tn\/fr\/actualite\/divers\/siliana-une-educatrice-en-garde-a-vue-pour-avoir-agresse-une-enfant\/218104\/","og_site_name":"webdo","article_publisher":"https:\/\/www.facebook.com\/webdotn","article_published_time":"2024-12-04T20:29:00+00:00","article_modified_time":"2025-05-21T09:07:56+00:00","og_image":[{"width":626,"height":334,"url":"https:\/\/www.webdo.tn\/fr\/wp-content\/uploads\/2024\/12\/3e725012fb3b2c6a169ccb7d2c28a89a.webp","type":"image\/webp"}],"author":"AZ","twitter_card":"summary_large_image","twitter_creator":"@webdo_tn","twitter_site":"@webdo_tn","twitter_misc":{"\u00c9crit par":"AZ","Dur\u00e9e de lecture estim\u00e9e":"1 minute"},"schema":{"@context":"https:\/\/schema.org","@graph":[{"@type":"NewsArticle","@id":"https:\/\/www.webdo.tn\/fr\/actualite\/divers\/siliana-une-educatrice-en-garde-a-vue-pour-avoir-agresse-une-enfant\/218104\/#article","isPartOf":{"@id":"https:\/\/www.webdo.tn\/fr\/actualite\/divers\/siliana-une-educatrice-en-garde-a-vue-pour-avoir-agresse-une-enfant\/218104\/"},"author":{"name":"AZ","@id":"https:\/\/www.webdo.tn\/fr\/#\/schema\/person\/b8a41c04d93287d375510db360906b34"},"headline":"Siliana : une \u00e9ducatrice sous mandat de d\u00e9p\u00f4t pour avoir agress\u00e9 une enfant","datePublished":"2024-12-04T20:29:00+00:00","dateModified":"2025-05-21T09:07:56+00:00","mainEntityOfPage":{"@id":"https:\/\/www.webdo.tn\/fr\/actualite\/divers\/siliana-une-educatrice-en-garde-a-vue-pour-avoir-agresse-une-enfant\/218104\/"},"wordCount":246,"commentCount":0,"publisher":{"@id":"https:\/\/www.webdo.tn\/fr\/#organization"},"image":{"@id":"https:\/\/www.webdo.tn\/fr\/actualite\/divers\/siliana-une-educatrice-en-garde-a-vue-pour-avoir-agresse-une-enfant\/218104\/#primaryimage"},"thumbnailUrl":"https:\/\/www.webdo.tn\/fr\/wp-content\/uploads\/2024\/12\/3e725012fb3b2c6a169ccb7d2c28a89a.webp","keywords":["'\u00e9ducatrice']","mandat de d\u00e9p\u00f4t","siliana","Tunisie"],"articleSection":["Divers"],"inLanguage":"fr-FR"},{"@type":"WebPage","@id":"https:\/\/www.webdo.tn\/fr\/actualite\/divers\/siliana-une-educatrice-en-garde-a-vue-pour-avoir-agresse-une-enfant\/218104\/","url":"https:\/\/www.webdo.tn\/fr\/actualite\/divers\/siliana-une-educatrice-en-garde-a-vue-pour-avoir-agresse-une-enfant\/218104\/","name":"Siliana : une \u00e9ducatrice sous mandat de d\u00e9p\u00f4t pour avoir agress\u00e9 une enfant","isPartOf":{"@id":"https:\/\/www.webdo.tn\/fr\/#website"},"primaryImageOfPage":{"@id":"https:\/\/www.webdo.tn\/fr\/actualite\/divers\/siliana-une-educatrice-en-garde-a-vue-pour-avoir-agresse-une-enfant\/218104\/#primaryimage"},"image":{"@id":"https:\/\/www.webdo.tn\/fr\/actualite\/divers\/siliana-une-educatrice-en-garde-a-vue-pour-avoir-agresse-une-enfant\/218104\/#primaryimage"},"thumbnailUrl":"https:\/\/www.webdo.tn\/fr\/wp-content\/uploads\/2024\/12\/3e725012fb3b2c6a169ccb7d2c28a89a.webp","datePublished":"2024-12-04T20:29:00+00:00","dateModified":"2025-05-21T09:07:56+00:00","description":"Une \u00e9ducatrice de Kesra, Siliana, a \u00e9t\u00e9 plac\u00e9e en d\u00e9tention apr\u00e8s avoir agress\u00e9 une enfant de cinq ans \u00e0 l\u2019aide d\u2019un stylo, entra\u00eenant des blessures \u00e0 l\u2019\u0153il. Un...","breadcrumb":{"@id":"https:\/\/www.webdo.tn\/fr\/actualite\/divers\/siliana-une-educatrice-en-garde-a-vue-pour-avoir-agresse-une-enfant\/218104\/#breadcrumb"},"inLanguage":"fr-FR","potentialAction":[{"@type":"ReadAction","target":["https:\/\/www.webdo.tn\/fr\/actualite\/divers\/siliana-une-educatrice-en-garde-a-vue-pour-avoir-agresse-une-enfant\/218104\/"]}]},{"@type":"ImageObject","inLanguage":"fr-FR","@id":"https:\/\/www.webdo.tn\/fr\/actualite\/divers\/siliana-une-educatrice-en-garde-a-vue-pour-avoir-agresse-une-enfant\/218104\/#primaryimage","url":"https:\/\/www.webdo.tn\/fr\/wp-content\/uploads\/2024\/12\/3e725012fb3b2c6a169ccb7d2c28a89a.webp","contentUrl":"https:\/\/www.webdo.tn\/fr\/wp-content\/uploads\/2024\/12\/3e725012fb3b2c6a169ccb7d2c28a89a.webp","width":626,"height":334,"caption":"Siliana : une \u00e9ducatrice sous mandat de d\u00e9p\u00f4t pour avoir agress\u00e9 une enfant"},{"@type":"BreadcrumbList","@id":"https:\/\/www.webdo.tn\/fr\/actualite\/divers\/siliana-une-educatrice-en-garde-a-vue-pour-avoir-agresse-une-enfant\/218104\/#breadcrumb","itemListElement":[{"@type":"ListItem","position":1,"name":"Accueil","item":"https:\/\/www.webdo.tn\/fr\/"},{"@type":"ListItem","position":2,"name":"Siliana : une \u00e9ducatrice sous mandat de d\u00e9p\u00f4t pour avoir agress\u00e9 une enfant"}]},{"@type":"WebSite","@id":"https:\/\/www.webdo.tn\/fr\/#website","url":"https:\/\/www.webdo.tn\/fr\/","name":"webdo","description":"Tunisie - News en Tunisie et \u00e0 l&#039;international sur Webdo.tn","publisher":{"@id":"https:\/\/www.webdo.tn\/fr\/#organization"},"potentialAction":[{"@type":"SearchAction","target":{"@type":"EntryPoint","urlTemplate":"https:\/\/www.webdo.tn\/fr\/?s={search_term_string}"},"query-input":{"@type":"PropertyValueSpecification","valueRequired":true,"valueName":"search_term_string"}}],"inLanguage":"fr-FR"},{"@type":"Organization","@id":"https:\/\/www.webdo.tn\/fr\/#organization","name":"Webdo","alternateName":"Webdo.tn","url":"https:\/\/www.webdo.tn\/fr\/","logo":{"@type":"ImageObject","inLanguage":"fr-FR","@id":"https:\/\/www.webdo.tn\/fr\/#\/schema\/logo\/image\/","url":"https:\/\/www.webdo.tn\/fr\/wp-content\/uploads\/2025\/06\/Webdo-Tunisie_168377.jpg","contentUrl":"https:\/\/www.webdo.tn\/fr\/wp-content\/uploads\/2025\/06\/Webdo-Tunisie_168377.jpg","width":301,"height":301,"caption":"Webdo"},"image":{"@id":"https:\/\/www.webdo.tn\/fr\/#\/schema\/logo\/image\/"},"sameAs":["https:\/\/www.facebook.com\/webdotn","https:\/\/x.com\/webdo_tn"],"description":"Webdo est un m\u00e9dia num\u00e9rique tunisien fond\u00e9 en 2010, sp\u00e9cialis\u00e9 dans l\u2019actualit\u00e9 nationale et internationale, l\u2019\u00e9conomie, la soci\u00e9t\u00e9 et les analyses politiques. Le site s\u2019adresse \u00e0 un large public francophone et couvre l\u2019information tunisienne en temps r\u00e9el.","email":"redac@webdo.tn","legalName":"YNJ SARL","foundingDate":"2010-09-06","numberOfEmployees":{"@type":"QuantitativeValue","minValue":"11","maxValue":"50"}},{"@type":"Person","@id":"https:\/\/www.webdo.tn\/fr\/#\/schema\/person\/b8a41c04d93287d375510db360906b34","name":"AZ","image":{"@type":"ImageObject","inLanguage":"fr-FR","@id":"https:\/\/secure.gravatar.com\/avatar\/492b80bada79439de4201dce15cd41eece6c277cfdf1b53382073c79105c1f89?s=96&d=mm&r=g","url":"https:\/\/secure.gravatar.com\/avatar\/492b80bada79439de4201dce15cd41eece6c277cfdf1b53382073c79105c1f89?s=96&d=mm&r=g","contentUrl":"https:\/\/secure.gravatar.com\/avatar\/492b80bada79439de4201dce15cd41eece6c277cfdf1b53382073c79105c1f89?s=96&d=mm&r=g","caption":"AZ"},"url":"https:\/\/www.webdo.tn\/fr\/actualite\/author\/az\/"}]}},"_links":{"self":[{"href":"https:\/\/www.webdo.tn\/fr\/wp-json\/wp\/v2\/posts\/218104","targetHints":{"allow":["GET"]}}],"collection":[{"href":"https:\/\/www.webdo.tn\/fr\/wp-json\/wp\/v2\/posts"}],"about":[{"href":"https:\/\/www.webdo.tn\/fr\/wp-json\/wp\/v2\/types\/post"}],"author":[{"embeddable":true,"href":"https:\/\/www.webdo.tn\/fr\/wp-json\/wp\/v2\/users\/3166"}],"replies":[{"embeddable":true,"href":"https:\/\/www.webdo.tn\/fr\/wp-json\/wp\/v2\/comments?post=218104"}],"version-history":[{"count":0,"href":"https:\/\/www.webdo.tn\/fr\/wp-json\/wp\/v2\/posts\/218104\/revisions"}],"wp:featuredmedia":[{"embeddable":true,"href":"https:\/\/www.webdo.tn\/fr\/wp-json\/wp\/v2\/media\/291470"}],"wp:attachment":[{"href":"https:\/\/www.webdo.tn\/fr\/wp-json\/wp\/v2\/media?parent=218104"}],"wp:term":[{"taxonomy":"category","embeddable":true,"href":"https:\/\/www.webdo.tn\/fr\/wp-json\/wp\/v2\/categories?post=218104"},{"taxonomy":"post_tag","embeddable":true,"href":"https:\/\/www.webdo.tn\/fr\/wp-json\/wp\/v2\/tags?post=218104"}],"curies":[{"name":"wp","href":"https:\/\/api.w.org\/{rel}","templated":true}]}}