{"id":218101,"date":"2024-12-04T19:17:00","date_gmt":"2024-12-04T19:17:00","guid":{"rendered":"https:\/\/www.webdo.tn\/fr\/blog\/beja-enquete-sur-des-irregularites-dans-une-ferme-laitiere\/218101\/"},"modified":"2025-05-21T09:07:56","modified_gmt":"2025-05-21T09:07:56","slug":"beja-enquete-sur-des-irregularites-dans-une-ferme-laitiere","status":"publish","type":"post","link":"https:\/\/www.webdo.tn\/fr\/actualite\/regions\/beja-enquete-sur-des-irregularites-dans-une-ferme-laitiere\/218101\/","title":{"rendered":"B\u00e9ja : Enqu\u00eate sur des irr\u00e9gularit\u00e9s dans une ferme laiti\u00e8re"},"content":{"rendered":"<p>Le ministre de l&rsquo;Agriculture, des Ressources hydrauliques et de la P\u00eache, Ezzeddine Ben Cheikh, a ordonn\u00e9 l&rsquo;ouverture d&rsquo;une enqu\u00eate sur des irr\u00e9gularit\u00e9s signal\u00e9es au sein de l&rsquo;entreprise  \u00ab Les Fermes laiti\u00e8res \u00bb \u00e0 Majaz Al Bab, dans le gouvernorat de B\u00e9ja.<\/p>\n<p>\t\t\t\t\t\t\t\t\tLors de cette visite, il a constat\u00e9 la pr\u00e9sence de b\u00e2timents d\u00e9labr\u00e9s et d\u2019\u00e9quipements d\u00e9fectueux, appelant \u00e0 leur r\u00e9habilitation rapide. En raison des irr\u00e9gularit\u00e9s relev\u00e9es au sein de cette soci\u00e9t\u00e9, il a ordonn\u00e9 l\u2019ouverture d\u2019une enqu\u00eate et la prise de mesures appropri\u00e9es \u00e0 l\u2019encontre des responsables en cas de manquements. Des mesures appropri\u00e9es seront prises \u00e0 l&rsquo;encontre des contrevenants, selon un communiqu\u00e9 du minist\u00e8re.<\/p>\n<p>Le ministre s\u2019est \u00e9galement rendu \u00e0 la coop\u00e9rative agricole Al Iyadh situ\u00e9e \u00e0 Oued Zarga, dans la d\u00e9l\u00e9gation de Testour. Le ministre a insist\u00e9 sur l\u2019importance de garantir la sant\u00e9 des troupeaux et de fournir les quantit\u00e9s n\u00e9cessaires d\u2019aliments pour animaux afin de maintenir une production laiti\u00e8re stable.<\/p>\n<p>Le communiqu\u00e9 pr\u00e9cise \u00e9galement que Ben Cheikh a visit\u00e9 la soci\u00e9t\u00e9 sp\u00e9cialis\u00e9e dans la production de semences am\u00e9lior\u00e9es (SOSEM) \u00e0 B\u00e9ja Sud. Il a examin\u00e9 les stocks de semences certifi\u00e9es, observ\u00e9 les diff\u00e9rentes \u00e9tapes de leur conditionnement, notamment pour le bl\u00e9 dur destin\u00e9 aux semis, et supervis\u00e9 la distribution et l\u2019exp\u00e9dition des quantit\u00e9s de semences vers B\u00e9ja et d\u2019autres r\u00e9gions. Le ministre a insist\u00e9 sur l\u2019importance d\u2019acc\u00e9l\u00e9rer le processus de conditionnement des semences afin de r\u00e9pondre aux besoins des agriculteurs dans les meilleurs d\u00e9lais.<\/p>\n<p>Lors de cette tourn\u00e9e, il \u00e9tait accompagn\u00e9 du gouverneur de B\u00e9ja, Ahmed Ben Kharrat, ainsi que de plusieurs responsables centraux et r\u00e9gionaux. Ensemble, ils ont inspect\u00e9 certaines infrastructures en mauvais \u00e9tat, ainsi que des \u00e9quipements et machines obsol\u00e8tes ou d\u00e9fectueux. Ben Cheikh a soulign\u00e9 la n\u00e9cessit\u00e9 d\u2019assurer leur entretien et leur r\u00e9habilitation.<\/p>\n","protected":false},"excerpt":{"rendered":"<p>Enqu\u00eate ouverte \u00e0 B\u00e9ja suite \u00e0 des irr\u00e9gularit\u00e9s constat\u00e9es dans une entreprise laiti\u00e8re. Le ministre de l&rsquo;Agriculture prend des mesures pour r\u00e9soudre les dysfo&#8230;<\/p>\n","protected":false},"author":3166,"featured_media":291471,"comment_status":"open","ping_status":"closed","sticky":false,"template":"","format":"standard","meta":{"footnotes":""},"categories":[2595],"tags":[10722,3271,4202,2608],"class_list":["post-218101","post","type-post","status-publish","format-standard","has-post-thumbnail","hentry","category-regions","tag-sosem","tag-agriculture","tag-ministere-de-lagriculture","tag-tunisie"],"yoast_head":"<!-- This site is optimized with the Yoast SEO Premium plugin v27.5 (Yoast SEO v27.5) - https:\/\/yoast.com\/product\/yoast-seo-premium-wordpress\/ -->\n<title>B\u00e9ja : Enqu\u00eate sur des irr\u00e9gularit\u00e9s dans une ferme laiti\u00e8re<\/title>\n<meta name=\"description\" content=\"Enqu\u00eate ouverte \u00e0 B\u00e9ja suite \u00e0 des irr\u00e9gularit\u00e9s constat\u00e9es dans une entreprise laiti\u00e8re. Le ministre de l&#039;Agriculture prend des mesures pour r\u00e9soudre les dysfo...\" \/>\n<link rel=\"canonical\" href=\"https:\/\/www.webdo.tn\/fr\/actualite\/regions\/beja-enquete-sur-des-irregularites-dans-une-ferme-laitiere\/218101\/\" \/>\n<meta property=\"og:locale\" content=\"fr_FR\" \/>\n<meta property=\"og:type\" content=\"article\" \/>\n<meta property=\"og:title\" content=\"B\u00e9ja : Enqu\u00eate sur des irr\u00e9gularit\u00e9s dans une ferme laiti\u00e8re\" \/>\n<meta property=\"og:description\" content=\"Enqu\u00eate ouverte \u00e0 B\u00e9ja suite \u00e0 des irr\u00e9gularit\u00e9s constat\u00e9es dans une entreprise laiti\u00e8re. Le ministre de l&#039;Agriculture prend des mesures pour r\u00e9soudre les dysfo...\" \/>\n<meta property=\"og:url\" content=\"https:\/\/www.webdo.tn\/fr\/actualite\/regions\/beja-enquete-sur-des-irregularites-dans-une-ferme-laitiere\/218101\/\" \/>\n<meta property=\"og:site_name\" content=\"webdo\" \/>\n<meta property=\"article:publisher\" content=\"https:\/\/www.facebook.com\/webdotn\" \/>\n<meta property=\"article:published_time\" content=\"2024-12-04T19:17:00+00:00\" \/>\n<meta property=\"article:modified_time\" content=\"2025-05-21T09:07:56+00:00\" \/>\n<meta property=\"og:image\" content=\"https:\/\/www.webdo.tn\/fr\/wp-content\/uploads\/2024\/12\/68b2df49fb08103eb9e23526c41f2ef0.webp\" \/>\n\t<meta property=\"og:image:width\" content=\"750\" \/>\n\t<meta property=\"og:image:height\" content=\"400\" \/>\n\t<meta property=\"og:image:type\" content=\"image\/webp\" \/>\n<meta name=\"author\" content=\"AZ\" \/>\n<meta name=\"twitter:card\" content=\"summary_large_image\" \/>\n<meta name=\"twitter:creator\" content=\"@webdo_tn\" \/>\n<meta name=\"twitter:site\" content=\"@webdo_tn\" \/>\n<meta name=\"twitter:label1\" content=\"\u00c9crit par\" \/>\n\t<meta name=\"twitter:data1\" content=\"AZ\" \/>\n\t<meta name=\"twitter:label2\" content=\"Dur\u00e9e de lecture estim\u00e9e\" \/>\n\t<meta name=\"twitter:data2\" content=\"2 minutes\" \/>\n<script type=\"application\/ld+json\" class=\"yoast-schema-graph\">{\"@context\":\"https:\\\/\\\/schema.org\",\"@graph\":[{\"@type\":\"NewsArticle\",\"@id\":\"https:\\\/\\\/www.webdo.tn\\\/fr\\\/actualite\\\/regions\\\/beja-enquete-sur-des-irregularites-dans-une-ferme-laitiere\\\/218101\\\/#article\",\"isPartOf\":{\"@id\":\"https:\\\/\\\/www.webdo.tn\\\/fr\\\/actualite\\\/regions\\\/beja-enquete-sur-des-irregularites-dans-une-ferme-laitiere\\\/218101\\\/\"},\"author\":{\"name\":\"AZ\",\"@id\":\"https:\\\/\\\/www.webdo.tn\\\/fr\\\/#\\\/schema\\\/person\\\/b8a41c04d93287d375510db360906b34\"},\"headline\":\"B\u00e9ja : Enqu\u00eate sur des irr\u00e9gularit\u00e9s dans une ferme laiti\u00e8re\",\"datePublished\":\"2024-12-04T19:17:00+00:00\",\"dateModified\":\"2025-05-21T09:07:56+00:00\",\"mainEntityOfPage\":{\"@id\":\"https:\\\/\\\/www.webdo.tn\\\/fr\\\/actualite\\\/regions\\\/beja-enquete-sur-des-irregularites-dans-une-ferme-laitiere\\\/218101\\\/\"},\"wordCount\":363,\"commentCount\":0,\"publisher\":{\"@id\":\"https:\\\/\\\/www.webdo.tn\\\/fr\\\/#organization\"},\"image\":{\"@id\":\"https:\\\/\\\/www.webdo.tn\\\/fr\\\/actualite\\\/regions\\\/beja-enquete-sur-des-irregularites-dans-une-ferme-laitiere\\\/218101\\\/#primaryimage\"},\"thumbnailUrl\":\"https:\\\/\\\/www.webdo.tn\\\/fr\\\/wp-content\\\/uploads\\\/2024\\\/12\\\/68b2df49fb08103eb9e23526c41f2ef0.webp\",\"keywords\":[\"'SOSEM']\",\"agriculture\",\"minist\u00e8re de l'agriculture\",\"Tunisie\"],\"articleSection\":[\"regions\"],\"inLanguage\":\"fr-FR\"},{\"@type\":\"WebPage\",\"@id\":\"https:\\\/\\\/www.webdo.tn\\\/fr\\\/actualite\\\/regions\\\/beja-enquete-sur-des-irregularites-dans-une-ferme-laitiere\\\/218101\\\/\",\"url\":\"https:\\\/\\\/www.webdo.tn\\\/fr\\\/actualite\\\/regions\\\/beja-enquete-sur-des-irregularites-dans-une-ferme-laitiere\\\/218101\\\/\",\"name\":\"B\u00e9ja : Enqu\u00eate sur des irr\u00e9gularit\u00e9s dans une ferme laiti\u00e8re\",\"isPartOf\":{\"@id\":\"https:\\\/\\\/www.webdo.tn\\\/fr\\\/#website\"},\"primaryImageOfPage\":{\"@id\":\"https:\\\/\\\/www.webdo.tn\\\/fr\\\/actualite\\\/regions\\\/beja-enquete-sur-des-irregularites-dans-une-ferme-laitiere\\\/218101\\\/#primaryimage\"},\"image\":{\"@id\":\"https:\\\/\\\/www.webdo.tn\\\/fr\\\/actualite\\\/regions\\\/beja-enquete-sur-des-irregularites-dans-une-ferme-laitiere\\\/218101\\\/#primaryimage\"},\"thumbnailUrl\":\"https:\\\/\\\/www.webdo.tn\\\/fr\\\/wp-content\\\/uploads\\\/2024\\\/12\\\/68b2df49fb08103eb9e23526c41f2ef0.webp\",\"datePublished\":\"2024-12-04T19:17:00+00:00\",\"dateModified\":\"2025-05-21T09:07:56+00:00\",\"description\":\"Enqu\u00eate ouverte \u00e0 B\u00e9ja suite \u00e0 des irr\u00e9gularit\u00e9s constat\u00e9es dans une entreprise laiti\u00e8re. Le ministre de l'Agriculture prend des mesures pour r\u00e9soudre les dysfo...\",\"breadcrumb\":{\"@id\":\"https:\\\/\\\/www.webdo.tn\\\/fr\\\/actualite\\\/regions\\\/beja-enquete-sur-des-irregularites-dans-une-ferme-laitiere\\\/218101\\\/#breadcrumb\"},\"inLanguage\":\"fr-FR\",\"potentialAction\":[{\"@type\":\"ReadAction\",\"target\":[\"https:\\\/\\\/www.webdo.tn\\\/fr\\\/actualite\\\/regions\\\/beja-enquete-sur-des-irregularites-dans-une-ferme-laitiere\\\/218101\\\/\"]}]},{\"@type\":\"ImageObject\",\"inLanguage\":\"fr-FR\",\"@id\":\"https:\\\/\\\/www.webdo.tn\\\/fr\\\/actualite\\\/regions\\\/beja-enquete-sur-des-irregularites-dans-une-ferme-laitiere\\\/218101\\\/#primaryimage\",\"url\":\"https:\\\/\\\/www.webdo.tn\\\/fr\\\/wp-content\\\/uploads\\\/2024\\\/12\\\/68b2df49fb08103eb9e23526c41f2ef0.webp\",\"contentUrl\":\"https:\\\/\\\/www.webdo.tn\\\/fr\\\/wp-content\\\/uploads\\\/2024\\\/12\\\/68b2df49fb08103eb9e23526c41f2ef0.webp\",\"width\":750,\"height\":400,\"caption\":\"B\u00e9ja : Enqu\u00eate sur des irr\u00e9gularit\u00e9s dans une ferme laiti\u00e8re\"},{\"@type\":\"BreadcrumbList\",\"@id\":\"https:\\\/\\\/www.webdo.tn\\\/fr\\\/actualite\\\/regions\\\/beja-enquete-sur-des-irregularites-dans-une-ferme-laitiere\\\/218101\\\/#breadcrumb\",\"itemListElement\":[{\"@type\":\"ListItem\",\"position\":1,\"name\":\"Accueil\",\"item\":\"https:\\\/\\\/www.webdo.tn\\\/fr\\\/\"},{\"@type\":\"ListItem\",\"position\":2,\"name\":\"B\u00e9ja : Enqu\u00eate sur des irr\u00e9gularit\u00e9s dans une ferme laiti\u00e8re\"}]},{\"@type\":\"WebSite\",\"@id\":\"https:\\\/\\\/www.webdo.tn\\\/fr\\\/#website\",\"url\":\"https:\\\/\\\/www.webdo.tn\\\/fr\\\/\",\"name\":\"webdo\",\"description\":\"Tunisie - News en Tunisie et \u00e0 l&#039;international sur Webdo.tn\",\"publisher\":{\"@id\":\"https:\\\/\\\/www.webdo.tn\\\/fr\\\/#organization\"},\"potentialAction\":[{\"@type\":\"SearchAction\",\"target\":{\"@type\":\"EntryPoint\",\"urlTemplate\":\"https:\\\/\\\/www.webdo.tn\\\/fr\\\/?s={search_term_string}\"},\"query-input\":{\"@type\":\"PropertyValueSpecification\",\"valueRequired\":true,\"valueName\":\"search_term_string\"}}],\"inLanguage\":\"fr-FR\"},{\"@type\":\"Organization\",\"@id\":\"https:\\\/\\\/www.webdo.tn\\\/fr\\\/#organization\",\"name\":\"Webdo\",\"alternateName\":\"Webdo.tn\",\"url\":\"https:\\\/\\\/www.webdo.tn\\\/fr\\\/\",\"logo\":{\"@type\":\"ImageObject\",\"inLanguage\":\"fr-FR\",\"@id\":\"https:\\\/\\\/www.webdo.tn\\\/fr\\\/#\\\/schema\\\/logo\\\/image\\\/\",\"url\":\"https:\\\/\\\/www.webdo.tn\\\/fr\\\/wp-content\\\/uploads\\\/2025\\\/06\\\/Webdo-Tunisie_168377.jpg\",\"contentUrl\":\"https:\\\/\\\/www.webdo.tn\\\/fr\\\/wp-content\\\/uploads\\\/2025\\\/06\\\/Webdo-Tunisie_168377.jpg\",\"width\":301,\"height\":301,\"caption\":\"Webdo\"},\"image\":{\"@id\":\"https:\\\/\\\/www.webdo.tn\\\/fr\\\/#\\\/schema\\\/logo\\\/image\\\/\"},\"sameAs\":[\"https:\\\/\\\/www.facebook.com\\\/webdotn\",\"https:\\\/\\\/x.com\\\/webdo_tn\"],\"description\":\"Webdo est un m\u00e9dia num\u00e9rique tunisien fond\u00e9 en 2010, sp\u00e9cialis\u00e9 dans l\u2019actualit\u00e9 nationale et internationale, l\u2019\u00e9conomie, la soci\u00e9t\u00e9 et les analyses politiques. Le site s\u2019adresse \u00e0 un large public francophone et couvre l\u2019information tunisienne en temps r\u00e9el.\",\"email\":\"redac@webdo.tn\",\"legalName\":\"YNJ SARL\",\"foundingDate\":\"2010-09-06\",\"numberOfEmployees\":{\"@type\":\"QuantitativeValue\",\"minValue\":\"11\",\"maxValue\":\"50\"}},{\"@type\":\"Person\",\"@id\":\"https:\\\/\\\/www.webdo.tn\\\/fr\\\/#\\\/schema\\\/person\\\/b8a41c04d93287d375510db360906b34\",\"name\":\"AZ\",\"image\":{\"@type\":\"ImageObject\",\"inLanguage\":\"fr-FR\",\"@id\":\"https:\\\/\\\/secure.gravatar.com\\\/avatar\\\/492b80bada79439de4201dce15cd41eece6c277cfdf1b53382073c79105c1f89?s=96&d=mm&r=g\",\"url\":\"https:\\\/\\\/secure.gravatar.com\\\/avatar\\\/492b80bada79439de4201dce15cd41eece6c277cfdf1b53382073c79105c1f89?s=96&d=mm&r=g\",\"contentUrl\":\"https:\\\/\\\/secure.gravatar.com\\\/avatar\\\/492b80bada79439de4201dce15cd41eece6c277cfdf1b53382073c79105c1f89?s=96&d=mm&r=g\",\"caption\":\"AZ\"},\"url\":\"https:\\\/\\\/www.webdo.tn\\\/fr\\\/actualite\\\/author\\\/az\\\/\"}]}<\/script>\n<!-- \/ Yoast SEO Premium plugin. -->","yoast_head_json":{"title":"B\u00e9ja : Enqu\u00eate sur des irr\u00e9gularit\u00e9s dans une ferme laiti\u00e8re","description":"Enqu\u00eate ouverte \u00e0 B\u00e9ja suite \u00e0 des irr\u00e9gularit\u00e9s constat\u00e9es dans une entreprise laiti\u00e8re. Le ministre de l'Agriculture prend des mesures pour r\u00e9soudre les dysfo...","canonical":"https:\/\/www.webdo.tn\/fr\/actualite\/regions\/beja-enquete-sur-des-irregularites-dans-une-ferme-laitiere\/218101\/","og_locale":"fr_FR","og_type":"article","og_title":"B\u00e9ja : Enqu\u00eate sur des irr\u00e9gularit\u00e9s dans une ferme laiti\u00e8re","og_description":"Enqu\u00eate ouverte \u00e0 B\u00e9ja suite \u00e0 des irr\u00e9gularit\u00e9s constat\u00e9es dans une entreprise laiti\u00e8re. Le ministre de l'Agriculture prend des mesures pour r\u00e9soudre les dysfo...","og_url":"https:\/\/www.webdo.tn\/fr\/actualite\/regions\/beja-enquete-sur-des-irregularites-dans-une-ferme-laitiere\/218101\/","og_site_name":"webdo","article_publisher":"https:\/\/www.facebook.com\/webdotn","article_published_time":"2024-12-04T19:17:00+00:00","article_modified_time":"2025-05-21T09:07:56+00:00","og_image":[{"width":750,"height":400,"url":"https:\/\/www.webdo.tn\/fr\/wp-content\/uploads\/2024\/12\/68b2df49fb08103eb9e23526c41f2ef0.webp","type":"image\/webp"}],"author":"AZ","twitter_card":"summary_large_image","twitter_creator":"@webdo_tn","twitter_site":"@webdo_tn","twitter_misc":{"\u00c9crit par":"AZ","Dur\u00e9e de lecture estim\u00e9e":"2 minutes"},"schema":{"@context":"https:\/\/schema.org","@graph":[{"@type":"NewsArticle","@id":"https:\/\/www.webdo.tn\/fr\/actualite\/regions\/beja-enquete-sur-des-irregularites-dans-une-ferme-laitiere\/218101\/#article","isPartOf":{"@id":"https:\/\/www.webdo.tn\/fr\/actualite\/regions\/beja-enquete-sur-des-irregularites-dans-une-ferme-laitiere\/218101\/"},"author":{"name":"AZ","@id":"https:\/\/www.webdo.tn\/fr\/#\/schema\/person\/b8a41c04d93287d375510db360906b34"},"headline":"B\u00e9ja : Enqu\u00eate sur des irr\u00e9gularit\u00e9s dans une ferme laiti\u00e8re","datePublished":"2024-12-04T19:17:00+00:00","dateModified":"2025-05-21T09:07:56+00:00","mainEntityOfPage":{"@id":"https:\/\/www.webdo.tn\/fr\/actualite\/regions\/beja-enquete-sur-des-irregularites-dans-une-ferme-laitiere\/218101\/"},"wordCount":363,"commentCount":0,"publisher":{"@id":"https:\/\/www.webdo.tn\/fr\/#organization"},"image":{"@id":"https:\/\/www.webdo.tn\/fr\/actualite\/regions\/beja-enquete-sur-des-irregularites-dans-une-ferme-laitiere\/218101\/#primaryimage"},"thumbnailUrl":"https:\/\/www.webdo.tn\/fr\/wp-content\/uploads\/2024\/12\/68b2df49fb08103eb9e23526c41f2ef0.webp","keywords":["'SOSEM']","agriculture","minist\u00e8re de l'agriculture","Tunisie"],"articleSection":["regions"],"inLanguage":"fr-FR"},{"@type":"WebPage","@id":"https:\/\/www.webdo.tn\/fr\/actualite\/regions\/beja-enquete-sur-des-irregularites-dans-une-ferme-laitiere\/218101\/","url":"https:\/\/www.webdo.tn\/fr\/actualite\/regions\/beja-enquete-sur-des-irregularites-dans-une-ferme-laitiere\/218101\/","name":"B\u00e9ja : Enqu\u00eate sur des irr\u00e9gularit\u00e9s dans une ferme laiti\u00e8re","isPartOf":{"@id":"https:\/\/www.webdo.tn\/fr\/#website"},"primaryImageOfPage":{"@id":"https:\/\/www.webdo.tn\/fr\/actualite\/regions\/beja-enquete-sur-des-irregularites-dans-une-ferme-laitiere\/218101\/#primaryimage"},"image":{"@id":"https:\/\/www.webdo.tn\/fr\/actualite\/regions\/beja-enquete-sur-des-irregularites-dans-une-ferme-laitiere\/218101\/#primaryimage"},"thumbnailUrl":"https:\/\/www.webdo.tn\/fr\/wp-content\/uploads\/2024\/12\/68b2df49fb08103eb9e23526c41f2ef0.webp","datePublished":"2024-12-04T19:17:00+00:00","dateModified":"2025-05-21T09:07:56+00:00","description":"Enqu\u00eate ouverte \u00e0 B\u00e9ja suite \u00e0 des irr\u00e9gularit\u00e9s constat\u00e9es dans une entreprise laiti\u00e8re. Le ministre de l'Agriculture prend des mesures pour r\u00e9soudre les dysfo...","breadcrumb":{"@id":"https:\/\/www.webdo.tn\/fr\/actualite\/regions\/beja-enquete-sur-des-irregularites-dans-une-ferme-laitiere\/218101\/#breadcrumb"},"inLanguage":"fr-FR","potentialAction":[{"@type":"ReadAction","target":["https:\/\/www.webdo.tn\/fr\/actualite\/regions\/beja-enquete-sur-des-irregularites-dans-une-ferme-laitiere\/218101\/"]}]},{"@type":"ImageObject","inLanguage":"fr-FR","@id":"https:\/\/www.webdo.tn\/fr\/actualite\/regions\/beja-enquete-sur-des-irregularites-dans-une-ferme-laitiere\/218101\/#primaryimage","url":"https:\/\/www.webdo.tn\/fr\/wp-content\/uploads\/2024\/12\/68b2df49fb08103eb9e23526c41f2ef0.webp","contentUrl":"https:\/\/www.webdo.tn\/fr\/wp-content\/uploads\/2024\/12\/68b2df49fb08103eb9e23526c41f2ef0.webp","width":750,"height":400,"caption":"B\u00e9ja : Enqu\u00eate sur des irr\u00e9gularit\u00e9s dans une ferme laiti\u00e8re"},{"@type":"BreadcrumbList","@id":"https:\/\/www.webdo.tn\/fr\/actualite\/regions\/beja-enquete-sur-des-irregularites-dans-une-ferme-laitiere\/218101\/#breadcrumb","itemListElement":[{"@type":"ListItem","position":1,"name":"Accueil","item":"https:\/\/www.webdo.tn\/fr\/"},{"@type":"ListItem","position":2,"name":"B\u00e9ja : Enqu\u00eate sur des irr\u00e9gularit\u00e9s dans une ferme laiti\u00e8re"}]},{"@type":"WebSite","@id":"https:\/\/www.webdo.tn\/fr\/#website","url":"https:\/\/www.webdo.tn\/fr\/","name":"webdo","description":"Tunisie - News en Tunisie et \u00e0 l&#039;international sur Webdo.tn","publisher":{"@id":"https:\/\/www.webdo.tn\/fr\/#organization"},"potentialAction":[{"@type":"SearchAction","target":{"@type":"EntryPoint","urlTemplate":"https:\/\/www.webdo.tn\/fr\/?s={search_term_string}"},"query-input":{"@type":"PropertyValueSpecification","valueRequired":true,"valueName":"search_term_string"}}],"inLanguage":"fr-FR"},{"@type":"Organization","@id":"https:\/\/www.webdo.tn\/fr\/#organization","name":"Webdo","alternateName":"Webdo.tn","url":"https:\/\/www.webdo.tn\/fr\/","logo":{"@type":"ImageObject","inLanguage":"fr-FR","@id":"https:\/\/www.webdo.tn\/fr\/#\/schema\/logo\/image\/","url":"https:\/\/www.webdo.tn\/fr\/wp-content\/uploads\/2025\/06\/Webdo-Tunisie_168377.jpg","contentUrl":"https:\/\/www.webdo.tn\/fr\/wp-content\/uploads\/2025\/06\/Webdo-Tunisie_168377.jpg","width":301,"height":301,"caption":"Webdo"},"image":{"@id":"https:\/\/www.webdo.tn\/fr\/#\/schema\/logo\/image\/"},"sameAs":["https:\/\/www.facebook.com\/webdotn","https:\/\/x.com\/webdo_tn"],"description":"Webdo est un m\u00e9dia num\u00e9rique tunisien fond\u00e9 en 2010, sp\u00e9cialis\u00e9 dans l\u2019actualit\u00e9 nationale et internationale, l\u2019\u00e9conomie, la soci\u00e9t\u00e9 et les analyses politiques. Le site s\u2019adresse \u00e0 un large public francophone et couvre l\u2019information tunisienne en temps r\u00e9el.","email":"redac@webdo.tn","legalName":"YNJ SARL","foundingDate":"2010-09-06","numberOfEmployees":{"@type":"QuantitativeValue","minValue":"11","maxValue":"50"}},{"@type":"Person","@id":"https:\/\/www.webdo.tn\/fr\/#\/schema\/person\/b8a41c04d93287d375510db360906b34","name":"AZ","image":{"@type":"ImageObject","inLanguage":"fr-FR","@id":"https:\/\/secure.gravatar.com\/avatar\/492b80bada79439de4201dce15cd41eece6c277cfdf1b53382073c79105c1f89?s=96&d=mm&r=g","url":"https:\/\/secure.gravatar.com\/avatar\/492b80bada79439de4201dce15cd41eece6c277cfdf1b53382073c79105c1f89?s=96&d=mm&r=g","contentUrl":"https:\/\/secure.gravatar.com\/avatar\/492b80bada79439de4201dce15cd41eece6c277cfdf1b53382073c79105c1f89?s=96&d=mm&r=g","caption":"AZ"},"url":"https:\/\/www.webdo.tn\/fr\/actualite\/author\/az\/"}]}},"_links":{"self":[{"href":"https:\/\/www.webdo.tn\/fr\/wp-json\/wp\/v2\/posts\/218101","targetHints":{"allow":["GET"]}}],"collection":[{"href":"https:\/\/www.webdo.tn\/fr\/wp-json\/wp\/v2\/posts"}],"about":[{"href":"https:\/\/www.webdo.tn\/fr\/wp-json\/wp\/v2\/types\/post"}],"author":[{"embeddable":true,"href":"https:\/\/www.webdo.tn\/fr\/wp-json\/wp\/v2\/users\/3166"}],"replies":[{"embeddable":true,"href":"https:\/\/www.webdo.tn\/fr\/wp-json\/wp\/v2\/comments?post=218101"}],"version-history":[{"count":0,"href":"https:\/\/www.webdo.tn\/fr\/wp-json\/wp\/v2\/posts\/218101\/revisions"}],"wp:featuredmedia":[{"embeddable":true,"href":"https:\/\/www.webdo.tn\/fr\/wp-json\/wp\/v2\/media\/291471"}],"wp:attachment":[{"href":"https:\/\/www.webdo.tn\/fr\/wp-json\/wp\/v2\/media?parent=218101"}],"wp:term":[{"taxonomy":"category","embeddable":true,"href":"https:\/\/www.webdo.tn\/fr\/wp-json\/wp\/v2\/categories?post=218101"},{"taxonomy":"post_tag","embeddable":true,"href":"https:\/\/www.webdo.tn\/fr\/wp-json\/wp\/v2\/tags?post=218101"}],"curies":[{"name":"wp","href":"https:\/\/api.w.org\/{rel}","templated":true}]}}