{"id":218093,"date":"2024-12-04T13:33:00","date_gmt":"2024-12-04T13:33:00","guid":{"rendered":"https:\/\/www.webdo.tn\/fr\/blog\/2024\/12\/04\/tunisie-l-ugtt-appelle-a-la-reprise-du-dialogue-social-et-au-retrait-du-decret-54\/"},"modified":"2025-05-20T21:45:55","modified_gmt":"2025-05-20T21:45:55","slug":"tunisie-l-ugtt-appelle-a-la-reprise-du-dialogue-social-et-au-retrait-du-decret-54","status":"publish","type":"post","link":"https:\/\/www.webdo.tn\/fr\/actualite\/national\/tunisie-l-ugtt-appelle-a-la-reprise-du-dialogue-social-et-au-retrait-du-decret-54\/218093\/","title":{"rendered":"Tunisie : L&rsquo;UGTT appelle \u00e0 la reprise du dialogue social et au retrait du d\u00e9cret 54"},"content":{"rendered":"<p>A l\u2019occasion du 72\u1d49 anniversaire de l\u2019assassinat du leader syndical Farhat Hached, l\u2019Union G\u00e9n\u00e9rale Tunisienne du Travail (UGTT) a r\u00e9affirm\u00e9 son rejet de toute atteinte aux droits et libert\u00e9s fondamentaux, en particulier le droit syndical et le droit de gr\u00e8ve.<\/p>\n<p>\t\t\t\t\t\t\t\t\tDans un communiqu\u00e9 publi\u00e9 hier, mardi 3 d\u00e9cembre 2024, l\u2019UGTT appelle au retrait du d\u00e9cret 54 le consid\u00e9rant comme une menace pour les libert\u00e9s et qualifiant les restrictions actuelles de d\u00e9rives autoritaires. \u00a0<\/p>\n<p>La Centrale syndicale appelle \u00e0 la reprise du dialogue social et \u00e0 la tenue de n\u00e9gociations s\u00e9rieuses pour les majorations de salaires, pour r\u00e9former la l\u00e9gislation du travail, adapter le syst\u00e8me fiscal afin de mieux prot\u00e9ger les travailleurs face \u00e0 la flamb\u00e9e des prix et \u00e0 la baisse du pouvoir d\u2019achat, et mettre fin au travail pr\u00e9caire en r\u00e9gularisant la situation de milliers de travailleurs soumis \u00e0 la sous-traitance ill\u00e9gale. \u00a0<\/p>\n<p>L\u2019UGTT appelle \u00e9galement \u00e0 un soutien de l\u2019\u00c9tat aux produits de base en maintenant les subventions pour compenser les salaires insuffisants, en appliquant les accords sign\u00e9s pour la mise en \u0153uvre des conventions de f\u00e9vrier 2021 et septembre 2022, tout en annulant le d\u00e9cret 21, jug\u00e9 pr\u00e9judiciable aux droits syndicaux. \u00a0<\/p>\n<p>Le syndicat appelle \u00e9galement \u00e0 la tenue de n\u00e9gociations salariales p\u00e9riodiques en r\u00e9activant celles qui concernent la fonction publique et en mettant \u00e0 jour les conventions collectives du secteur priv\u00e9. L\u2019UGTT appelle aussi \u00e0 garantir les droits des retrait\u00e9s et \u00e0 ajuster leurs pensions. \u00a0<\/p>\n<p>L\u2019UGTT a soulign\u00e9 l\u2019urgence de ces r\u00e9formes pour faire face aux difficult\u00e9s \u00e9conomiques croissantes.<\/p>\n","protected":false},"excerpt":{"rendered":"<p>A l\u2019occasion du 72\u1d49 anniversaire de l\u2019assassinat du leader syndical Farhat Hached, l\u2019Union G\u00e9n\u00e9rale Tunisienne du Travail (UGTT) a r\u00e9affirm\u00e9 son rejet de toute&#8230;<\/p>\n","protected":false},"author":3162,"featured_media":243666,"comment_status":"open","ping_status":"open","sticky":false,"template":"","format":"standard","meta":{"footnotes":""},"categories":[44],"tags":[4802,3093,2608,2649],"class_list":["post-218093","post","type-post","status-publish","format-standard","has-post-thumbnail","hentry","category-national","tag-farhat-hached","tag-syndicat","tag-tunisie","tag-ugtt"],"yoast_head":"<!-- This site is optimized with the Yoast SEO Premium plugin v27.4 (Yoast SEO v27.5) - https:\/\/yoast.com\/product\/yoast-seo-premium-wordpress\/ -->\n<title>Tunisie : L&#039;UGTT appelle \u00e0 la reprise du dialogue social et au retrait du d\u00e9cret 54<\/title>\n<meta name=\"description\" content=\"A l\u2019occasion du 72\u1d49 anniversaire de l\u2019assassinat du leader syndical Farhat Hached, l\u2019Union G\u00e9n\u00e9rale Tunisienne du Travail (UGTT) a r\u00e9affirm\u00e9 son rejet de toute...\" \/>\n<link rel=\"canonical\" href=\"https:\/\/www.webdo.tn\/fr\/actualite\/national\/tunisie-l-ugtt-appelle-a-la-reprise-du-dialogue-social-et-au-retrait-du-decret-54\/218093\/\" \/>\n<meta property=\"og:locale\" content=\"fr_FR\" \/>\n<meta property=\"og:type\" content=\"article\" \/>\n<meta property=\"og:title\" content=\"Tunisie : L&#039;UGTT appelle \u00e0 la reprise du dialogue social et au retrait du d\u00e9cret 54\" \/>\n<meta property=\"og:description\" content=\"A l\u2019occasion du 72\u1d49 anniversaire de l\u2019assassinat du leader syndical Farhat Hached, l\u2019Union G\u00e9n\u00e9rale Tunisienne du Travail (UGTT) a r\u00e9affirm\u00e9 son rejet de toute...\" \/>\n<meta property=\"og:url\" content=\"https:\/\/www.webdo.tn\/fr\/actualite\/national\/tunisie-l-ugtt-appelle-a-la-reprise-du-dialogue-social-et-au-retrait-du-decret-54\/218093\/\" \/>\n<meta property=\"og:site_name\" content=\"webdo\" \/>\n<meta property=\"article:publisher\" content=\"https:\/\/www.facebook.com\/webdotn\" \/>\n<meta property=\"article:published_time\" content=\"2024-12-04T13:33:00+00:00\" \/>\n<meta property=\"article:modified_time\" content=\"2025-05-20T21:45:55+00:00\" \/>\n<meta property=\"og:image\" content=\"https:\/\/www.webdo.tn\/fr\/wp-content\/uploads\/2025\/05\/a7295dfef0d7fc962ae8d19fb93ff47f-2.webp\" \/>\n\t<meta property=\"og:image:width\" content=\"750\" \/>\n\t<meta property=\"og:image:height\" content=\"400\" \/>\n\t<meta property=\"og:image:type\" content=\"image\/webp\" \/>\n<meta name=\"author\" content=\"MC\" \/>\n<meta name=\"twitter:card\" content=\"summary_large_image\" \/>\n<meta name=\"twitter:creator\" content=\"@webdo_tn\" \/>\n<meta name=\"twitter:site\" content=\"@webdo_tn\" \/>\n<meta name=\"twitter:label1\" content=\"\u00c9crit par\" \/>\n\t<meta name=\"twitter:data1\" content=\"MC\" \/>\n\t<meta name=\"twitter:label2\" content=\"Dur\u00e9e de lecture estim\u00e9e\" \/>\n\t<meta name=\"twitter:data2\" content=\"1 minute\" \/>\n<script type=\"application\/ld+json\" class=\"yoast-schema-graph\">{\"@context\":\"https:\\\/\\\/schema.org\",\"@graph\":[{\"@type\":\"NewsArticle\",\"@id\":\"https:\\\/\\\/www.webdo.tn\\\/fr\\\/actualite\\\/national\\\/tunisie-l-ugtt-appelle-a-la-reprise-du-dialogue-social-et-au-retrait-du-decret-54\\\/218093\\\/#article\",\"isPartOf\":{\"@id\":\"https:\\\/\\\/www.webdo.tn\\\/fr\\\/actualite\\\/national\\\/tunisie-l-ugtt-appelle-a-la-reprise-du-dialogue-social-et-au-retrait-du-decret-54\\\/218093\\\/\"},\"author\":{\"name\":\"MC\",\"@id\":\"https:\\\/\\\/www.webdo.tn\\\/fr\\\/#\\\/schema\\\/person\\\/2c4929cbf5a809e3bd38617c6ce150f6\"},\"headline\":\"Tunisie : L&rsquo;UGTT appelle \u00e0 la reprise du dialogue social et au retrait du d\u00e9cret 54\",\"datePublished\":\"2024-12-04T13:33:00+00:00\",\"dateModified\":\"2025-05-20T21:45:55+00:00\",\"mainEntityOfPage\":{\"@id\":\"https:\\\/\\\/www.webdo.tn\\\/fr\\\/actualite\\\/national\\\/tunisie-l-ugtt-appelle-a-la-reprise-du-dialogue-social-et-au-retrait-du-decret-54\\\/218093\\\/\"},\"wordCount\":288,\"commentCount\":0,\"publisher\":{\"@id\":\"https:\\\/\\\/www.webdo.tn\\\/fr\\\/#organization\"},\"image\":{\"@id\":\"https:\\\/\\\/www.webdo.tn\\\/fr\\\/actualite\\\/national\\\/tunisie-l-ugtt-appelle-a-la-reprise-du-dialogue-social-et-au-retrait-du-decret-54\\\/218093\\\/#primaryimage\"},\"thumbnailUrl\":\"https:\\\/\\\/www.webdo.tn\\\/fr\\\/wp-content\\\/uploads\\\/2025\\\/05\\\/a7295dfef0d7fc962ae8d19fb93ff47f-2.webp\",\"keywords\":[\"farhat hached\",\"syndicat\",\"Tunisie\",\"UGTT\"],\"articleSection\":[\"National\"],\"inLanguage\":\"fr-FR\"},{\"@type\":\"WebPage\",\"@id\":\"https:\\\/\\\/www.webdo.tn\\\/fr\\\/actualite\\\/national\\\/tunisie-l-ugtt-appelle-a-la-reprise-du-dialogue-social-et-au-retrait-du-decret-54\\\/218093\\\/\",\"url\":\"https:\\\/\\\/www.webdo.tn\\\/fr\\\/actualite\\\/national\\\/tunisie-l-ugtt-appelle-a-la-reprise-du-dialogue-social-et-au-retrait-du-decret-54\\\/218093\\\/\",\"name\":\"Tunisie : L'UGTT appelle \u00e0 la reprise du dialogue social et au retrait du d\u00e9cret 54\",\"isPartOf\":{\"@id\":\"https:\\\/\\\/www.webdo.tn\\\/fr\\\/#website\"},\"primaryImageOfPage\":{\"@id\":\"https:\\\/\\\/www.webdo.tn\\\/fr\\\/actualite\\\/national\\\/tunisie-l-ugtt-appelle-a-la-reprise-du-dialogue-social-et-au-retrait-du-decret-54\\\/218093\\\/#primaryimage\"},\"image\":{\"@id\":\"https:\\\/\\\/www.webdo.tn\\\/fr\\\/actualite\\\/national\\\/tunisie-l-ugtt-appelle-a-la-reprise-du-dialogue-social-et-au-retrait-du-decret-54\\\/218093\\\/#primaryimage\"},\"thumbnailUrl\":\"https:\\\/\\\/www.webdo.tn\\\/fr\\\/wp-content\\\/uploads\\\/2025\\\/05\\\/a7295dfef0d7fc962ae8d19fb93ff47f-2.webp\",\"datePublished\":\"2024-12-04T13:33:00+00:00\",\"dateModified\":\"2025-05-20T21:45:55+00:00\",\"description\":\"A l\u2019occasion du 72\u1d49 anniversaire de l\u2019assassinat du leader syndical Farhat Hached, l\u2019Union G\u00e9n\u00e9rale Tunisienne du Travail (UGTT) a r\u00e9affirm\u00e9 son rejet de toute...\",\"breadcrumb\":{\"@id\":\"https:\\\/\\\/www.webdo.tn\\\/fr\\\/actualite\\\/national\\\/tunisie-l-ugtt-appelle-a-la-reprise-du-dialogue-social-et-au-retrait-du-decret-54\\\/218093\\\/#breadcrumb\"},\"inLanguage\":\"fr-FR\",\"potentialAction\":[{\"@type\":\"ReadAction\",\"target\":[\"https:\\\/\\\/www.webdo.tn\\\/fr\\\/actualite\\\/national\\\/tunisie-l-ugtt-appelle-a-la-reprise-du-dialogue-social-et-au-retrait-du-decret-54\\\/218093\\\/\"]}]},{\"@type\":\"ImageObject\",\"inLanguage\":\"fr-FR\",\"@id\":\"https:\\\/\\\/www.webdo.tn\\\/fr\\\/actualite\\\/national\\\/tunisie-l-ugtt-appelle-a-la-reprise-du-dialogue-social-et-au-retrait-du-decret-54\\\/218093\\\/#primaryimage\",\"url\":\"https:\\\/\\\/www.webdo.tn\\\/fr\\\/wp-content\\\/uploads\\\/2025\\\/05\\\/a7295dfef0d7fc962ae8d19fb93ff47f-2.webp\",\"contentUrl\":\"https:\\\/\\\/www.webdo.tn\\\/fr\\\/wp-content\\\/uploads\\\/2025\\\/05\\\/a7295dfef0d7fc962ae8d19fb93ff47f-2.webp\",\"width\":750,\"height\":400},{\"@type\":\"BreadcrumbList\",\"@id\":\"https:\\\/\\\/www.webdo.tn\\\/fr\\\/actualite\\\/national\\\/tunisie-l-ugtt-appelle-a-la-reprise-du-dialogue-social-et-au-retrait-du-decret-54\\\/218093\\\/#breadcrumb\",\"itemListElement\":[{\"@type\":\"ListItem\",\"position\":1,\"name\":\"Accueil\",\"item\":\"https:\\\/\\\/www.webdo.tn\\\/fr\\\/\"},{\"@type\":\"ListItem\",\"position\":2,\"name\":\"Tunisie : L&#8217;UGTT appelle \u00e0 la reprise du dialogue social et au retrait du d\u00e9cret 54\"}]},{\"@type\":\"WebSite\",\"@id\":\"https:\\\/\\\/www.webdo.tn\\\/fr\\\/#website\",\"url\":\"https:\\\/\\\/www.webdo.tn\\\/fr\\\/\",\"name\":\"webdo\",\"description\":\"Tunisie - News en Tunisie et \u00e0 l&#039;international sur Webdo.tn\",\"publisher\":{\"@id\":\"https:\\\/\\\/www.webdo.tn\\\/fr\\\/#organization\"},\"potentialAction\":[{\"@type\":\"SearchAction\",\"target\":{\"@type\":\"EntryPoint\",\"urlTemplate\":\"https:\\\/\\\/www.webdo.tn\\\/fr\\\/?s={search_term_string}\"},\"query-input\":{\"@type\":\"PropertyValueSpecification\",\"valueRequired\":true,\"valueName\":\"search_term_string\"}}],\"inLanguage\":\"fr-FR\"},{\"@type\":\"Organization\",\"@id\":\"https:\\\/\\\/www.webdo.tn\\\/fr\\\/#organization\",\"name\":\"Webdo\",\"alternateName\":\"Webdo.tn\",\"url\":\"https:\\\/\\\/www.webdo.tn\\\/fr\\\/\",\"logo\":{\"@type\":\"ImageObject\",\"inLanguage\":\"fr-FR\",\"@id\":\"https:\\\/\\\/www.webdo.tn\\\/fr\\\/#\\\/schema\\\/logo\\\/image\\\/\",\"url\":\"https:\\\/\\\/www.webdo.tn\\\/fr\\\/wp-content\\\/uploads\\\/2025\\\/06\\\/Webdo-Tunisie_168377.jpg\",\"contentUrl\":\"https:\\\/\\\/www.webdo.tn\\\/fr\\\/wp-content\\\/uploads\\\/2025\\\/06\\\/Webdo-Tunisie_168377.jpg\",\"width\":301,\"height\":301,\"caption\":\"Webdo\"},\"image\":{\"@id\":\"https:\\\/\\\/www.webdo.tn\\\/fr\\\/#\\\/schema\\\/logo\\\/image\\\/\"},\"sameAs\":[\"https:\\\/\\\/www.facebook.com\\\/webdotn\",\"https:\\\/\\\/x.com\\\/webdo_tn\"],\"description\":\"Webdo est un m\u00e9dia num\u00e9rique tunisien fond\u00e9 en 2010, sp\u00e9cialis\u00e9 dans l\u2019actualit\u00e9 nationale et internationale, l\u2019\u00e9conomie, la soci\u00e9t\u00e9 et les analyses politiques. Le site s\u2019adresse \u00e0 un large public francophone et couvre l\u2019information tunisienne en temps r\u00e9el.\",\"email\":\"redac@webdo.tn\",\"legalName\":\"YNJ SARL\",\"foundingDate\":\"2010-09-06\",\"numberOfEmployees\":{\"@type\":\"QuantitativeValue\",\"minValue\":\"11\",\"maxValue\":\"50\"}},{\"@type\":\"Person\",\"@id\":\"https:\\\/\\\/www.webdo.tn\\\/fr\\\/#\\\/schema\\\/person\\\/2c4929cbf5a809e3bd38617c6ce150f6\",\"name\":\"MC\",\"image\":{\"@type\":\"ImageObject\",\"inLanguage\":\"fr-FR\",\"@id\":\"https:\\\/\\\/secure.gravatar.com\\\/avatar\\\/a545bbb6f84efdd5553dbbc2895e3ca8f1d12c5215e00a041c9670b54aa9b18a?s=96&d=mm&r=g\",\"url\":\"https:\\\/\\\/secure.gravatar.com\\\/avatar\\\/a545bbb6f84efdd5553dbbc2895e3ca8f1d12c5215e00a041c9670b54aa9b18a?s=96&d=mm&r=g\",\"contentUrl\":\"https:\\\/\\\/secure.gravatar.com\\\/avatar\\\/a545bbb6f84efdd5553dbbc2895e3ca8f1d12c5215e00a041c9670b54aa9b18a?s=96&d=mm&r=g\",\"caption\":\"MC\"},\"url\":\"https:\\\/\\\/www.webdo.tn\\\/fr\\\/actualite\\\/author\\\/mc\\\/\"}]}<\/script>\n<!-- \/ Yoast SEO Premium plugin. -->","yoast_head_json":{"title":"Tunisie : L'UGTT appelle \u00e0 la reprise du dialogue social et au retrait du d\u00e9cret 54","description":"A l\u2019occasion du 72\u1d49 anniversaire de l\u2019assassinat du leader syndical Farhat Hached, l\u2019Union G\u00e9n\u00e9rale Tunisienne du Travail (UGTT) a r\u00e9affirm\u00e9 son rejet de toute...","canonical":"https:\/\/www.webdo.tn\/fr\/actualite\/national\/tunisie-l-ugtt-appelle-a-la-reprise-du-dialogue-social-et-au-retrait-du-decret-54\/218093\/","og_locale":"fr_FR","og_type":"article","og_title":"Tunisie : L'UGTT appelle \u00e0 la reprise du dialogue social et au retrait du d\u00e9cret 54","og_description":"A l\u2019occasion du 72\u1d49 anniversaire de l\u2019assassinat du leader syndical Farhat Hached, l\u2019Union G\u00e9n\u00e9rale Tunisienne du Travail (UGTT) a r\u00e9affirm\u00e9 son rejet de toute...","og_url":"https:\/\/www.webdo.tn\/fr\/actualite\/national\/tunisie-l-ugtt-appelle-a-la-reprise-du-dialogue-social-et-au-retrait-du-decret-54\/218093\/","og_site_name":"webdo","article_publisher":"https:\/\/www.facebook.com\/webdotn","article_published_time":"2024-12-04T13:33:00+00:00","article_modified_time":"2025-05-20T21:45:55+00:00","og_image":[{"width":750,"height":400,"url":"https:\/\/www.webdo.tn\/fr\/wp-content\/uploads\/2025\/05\/a7295dfef0d7fc962ae8d19fb93ff47f-2.webp","type":"image\/webp"}],"author":"MC","twitter_card":"summary_large_image","twitter_creator":"@webdo_tn","twitter_site":"@webdo_tn","twitter_misc":{"\u00c9crit par":"MC","Dur\u00e9e de lecture estim\u00e9e":"1 minute"},"schema":{"@context":"https:\/\/schema.org","@graph":[{"@type":"NewsArticle","@id":"https:\/\/www.webdo.tn\/fr\/actualite\/national\/tunisie-l-ugtt-appelle-a-la-reprise-du-dialogue-social-et-au-retrait-du-decret-54\/218093\/#article","isPartOf":{"@id":"https:\/\/www.webdo.tn\/fr\/actualite\/national\/tunisie-l-ugtt-appelle-a-la-reprise-du-dialogue-social-et-au-retrait-du-decret-54\/218093\/"},"author":{"name":"MC","@id":"https:\/\/www.webdo.tn\/fr\/#\/schema\/person\/2c4929cbf5a809e3bd38617c6ce150f6"},"headline":"Tunisie : L&rsquo;UGTT appelle \u00e0 la reprise du dialogue social et au retrait du d\u00e9cret 54","datePublished":"2024-12-04T13:33:00+00:00","dateModified":"2025-05-20T21:45:55+00:00","mainEntityOfPage":{"@id":"https:\/\/www.webdo.tn\/fr\/actualite\/national\/tunisie-l-ugtt-appelle-a-la-reprise-du-dialogue-social-et-au-retrait-du-decret-54\/218093\/"},"wordCount":288,"commentCount":0,"publisher":{"@id":"https:\/\/www.webdo.tn\/fr\/#organization"},"image":{"@id":"https:\/\/www.webdo.tn\/fr\/actualite\/national\/tunisie-l-ugtt-appelle-a-la-reprise-du-dialogue-social-et-au-retrait-du-decret-54\/218093\/#primaryimage"},"thumbnailUrl":"https:\/\/www.webdo.tn\/fr\/wp-content\/uploads\/2025\/05\/a7295dfef0d7fc962ae8d19fb93ff47f-2.webp","keywords":["farhat hached","syndicat","Tunisie","UGTT"],"articleSection":["National"],"inLanguage":"fr-FR"},{"@type":"WebPage","@id":"https:\/\/www.webdo.tn\/fr\/actualite\/national\/tunisie-l-ugtt-appelle-a-la-reprise-du-dialogue-social-et-au-retrait-du-decret-54\/218093\/","url":"https:\/\/www.webdo.tn\/fr\/actualite\/national\/tunisie-l-ugtt-appelle-a-la-reprise-du-dialogue-social-et-au-retrait-du-decret-54\/218093\/","name":"Tunisie : L'UGTT appelle \u00e0 la reprise du dialogue social et au retrait du d\u00e9cret 54","isPartOf":{"@id":"https:\/\/www.webdo.tn\/fr\/#website"},"primaryImageOfPage":{"@id":"https:\/\/www.webdo.tn\/fr\/actualite\/national\/tunisie-l-ugtt-appelle-a-la-reprise-du-dialogue-social-et-au-retrait-du-decret-54\/218093\/#primaryimage"},"image":{"@id":"https:\/\/www.webdo.tn\/fr\/actualite\/national\/tunisie-l-ugtt-appelle-a-la-reprise-du-dialogue-social-et-au-retrait-du-decret-54\/218093\/#primaryimage"},"thumbnailUrl":"https:\/\/www.webdo.tn\/fr\/wp-content\/uploads\/2025\/05\/a7295dfef0d7fc962ae8d19fb93ff47f-2.webp","datePublished":"2024-12-04T13:33:00+00:00","dateModified":"2025-05-20T21:45:55+00:00","description":"A l\u2019occasion du 72\u1d49 anniversaire de l\u2019assassinat du leader syndical Farhat Hached, l\u2019Union G\u00e9n\u00e9rale Tunisienne du Travail (UGTT) a r\u00e9affirm\u00e9 son rejet de toute...","breadcrumb":{"@id":"https:\/\/www.webdo.tn\/fr\/actualite\/national\/tunisie-l-ugtt-appelle-a-la-reprise-du-dialogue-social-et-au-retrait-du-decret-54\/218093\/#breadcrumb"},"inLanguage":"fr-FR","potentialAction":[{"@type":"ReadAction","target":["https:\/\/www.webdo.tn\/fr\/actualite\/national\/tunisie-l-ugtt-appelle-a-la-reprise-du-dialogue-social-et-au-retrait-du-decret-54\/218093\/"]}]},{"@type":"ImageObject","inLanguage":"fr-FR","@id":"https:\/\/www.webdo.tn\/fr\/actualite\/national\/tunisie-l-ugtt-appelle-a-la-reprise-du-dialogue-social-et-au-retrait-du-decret-54\/218093\/#primaryimage","url":"https:\/\/www.webdo.tn\/fr\/wp-content\/uploads\/2025\/05\/a7295dfef0d7fc962ae8d19fb93ff47f-2.webp","contentUrl":"https:\/\/www.webdo.tn\/fr\/wp-content\/uploads\/2025\/05\/a7295dfef0d7fc962ae8d19fb93ff47f-2.webp","width":750,"height":400},{"@type":"BreadcrumbList","@id":"https:\/\/www.webdo.tn\/fr\/actualite\/national\/tunisie-l-ugtt-appelle-a-la-reprise-du-dialogue-social-et-au-retrait-du-decret-54\/218093\/#breadcrumb","itemListElement":[{"@type":"ListItem","position":1,"name":"Accueil","item":"https:\/\/www.webdo.tn\/fr\/"},{"@type":"ListItem","position":2,"name":"Tunisie : L&#8217;UGTT appelle \u00e0 la reprise du dialogue social et au retrait du d\u00e9cret 54"}]},{"@type":"WebSite","@id":"https:\/\/www.webdo.tn\/fr\/#website","url":"https:\/\/www.webdo.tn\/fr\/","name":"webdo","description":"Tunisie - News en Tunisie et \u00e0 l&#039;international sur Webdo.tn","publisher":{"@id":"https:\/\/www.webdo.tn\/fr\/#organization"},"potentialAction":[{"@type":"SearchAction","target":{"@type":"EntryPoint","urlTemplate":"https:\/\/www.webdo.tn\/fr\/?s={search_term_string}"},"query-input":{"@type":"PropertyValueSpecification","valueRequired":true,"valueName":"search_term_string"}}],"inLanguage":"fr-FR"},{"@type":"Organization","@id":"https:\/\/www.webdo.tn\/fr\/#organization","name":"Webdo","alternateName":"Webdo.tn","url":"https:\/\/www.webdo.tn\/fr\/","logo":{"@type":"ImageObject","inLanguage":"fr-FR","@id":"https:\/\/www.webdo.tn\/fr\/#\/schema\/logo\/image\/","url":"https:\/\/www.webdo.tn\/fr\/wp-content\/uploads\/2025\/06\/Webdo-Tunisie_168377.jpg","contentUrl":"https:\/\/www.webdo.tn\/fr\/wp-content\/uploads\/2025\/06\/Webdo-Tunisie_168377.jpg","width":301,"height":301,"caption":"Webdo"},"image":{"@id":"https:\/\/www.webdo.tn\/fr\/#\/schema\/logo\/image\/"},"sameAs":["https:\/\/www.facebook.com\/webdotn","https:\/\/x.com\/webdo_tn"],"description":"Webdo est un m\u00e9dia num\u00e9rique tunisien fond\u00e9 en 2010, sp\u00e9cialis\u00e9 dans l\u2019actualit\u00e9 nationale et internationale, l\u2019\u00e9conomie, la soci\u00e9t\u00e9 et les analyses politiques. Le site s\u2019adresse \u00e0 un large public francophone et couvre l\u2019information tunisienne en temps r\u00e9el.","email":"redac@webdo.tn","legalName":"YNJ SARL","foundingDate":"2010-09-06","numberOfEmployees":{"@type":"QuantitativeValue","minValue":"11","maxValue":"50"}},{"@type":"Person","@id":"https:\/\/www.webdo.tn\/fr\/#\/schema\/person\/2c4929cbf5a809e3bd38617c6ce150f6","name":"MC","image":{"@type":"ImageObject","inLanguage":"fr-FR","@id":"https:\/\/secure.gravatar.com\/avatar\/a545bbb6f84efdd5553dbbc2895e3ca8f1d12c5215e00a041c9670b54aa9b18a?s=96&d=mm&r=g","url":"https:\/\/secure.gravatar.com\/avatar\/a545bbb6f84efdd5553dbbc2895e3ca8f1d12c5215e00a041c9670b54aa9b18a?s=96&d=mm&r=g","contentUrl":"https:\/\/secure.gravatar.com\/avatar\/a545bbb6f84efdd5553dbbc2895e3ca8f1d12c5215e00a041c9670b54aa9b18a?s=96&d=mm&r=g","caption":"MC"},"url":"https:\/\/www.webdo.tn\/fr\/actualite\/author\/mc\/"}]}},"_links":{"self":[{"href":"https:\/\/www.webdo.tn\/fr\/wp-json\/wp\/v2\/posts\/218093","targetHints":{"allow":["GET"]}}],"collection":[{"href":"https:\/\/www.webdo.tn\/fr\/wp-json\/wp\/v2\/posts"}],"about":[{"href":"https:\/\/www.webdo.tn\/fr\/wp-json\/wp\/v2\/types\/post"}],"author":[{"embeddable":true,"href":"https:\/\/www.webdo.tn\/fr\/wp-json\/wp\/v2\/users\/3162"}],"replies":[{"embeddable":true,"href":"https:\/\/www.webdo.tn\/fr\/wp-json\/wp\/v2\/comments?post=218093"}],"version-history":[{"count":0,"href":"https:\/\/www.webdo.tn\/fr\/wp-json\/wp\/v2\/posts\/218093\/revisions"}],"wp:featuredmedia":[{"embeddable":true,"href":"https:\/\/www.webdo.tn\/fr\/wp-json\/wp\/v2\/media\/243666"}],"wp:attachment":[{"href":"https:\/\/www.webdo.tn\/fr\/wp-json\/wp\/v2\/media?parent=218093"}],"wp:term":[{"taxonomy":"category","embeddable":true,"href":"https:\/\/www.webdo.tn\/fr\/wp-json\/wp\/v2\/categories?post=218093"},{"taxonomy":"post_tag","embeddable":true,"href":"https:\/\/www.webdo.tn\/fr\/wp-json\/wp\/v2\/tags?post=218093"}],"curies":[{"name":"wp","href":"https:\/\/api.w.org\/{rel}","templated":true}]}}