{"id":218054,"date":"2024-12-03T08:45:00","date_gmt":"2024-12-03T08:45:00","guid":{"rendered":"https:\/\/www.webdo.tn\/fr\/blog\/2024\/12\/03\/tunisie-kais-saied-insiste-sur-la-revision-de-la-loi-relative-au-statut-de-la-bct\/"},"modified":"2025-05-20T21:45:57","modified_gmt":"2025-05-20T21:45:57","slug":"tunisie-kais-saied-insiste-sur-la-revision-de-la-loi-relative-au-statut-de-la-bct","status":"publish","type":"post","link":"https:\/\/www.webdo.tn\/fr\/actualite\/national\/tunisie-kais-saied-insiste-sur-la-revision-de-la-loi-relative-au-statut-de-la-bct\/218054\/","title":{"rendered":"Tunisie : Kais Saied insiste sur la r\u00e9vision de la loi relative au statut de la BCT"},"content":{"rendered":"<p>Le Pr\u00e9sident de la R\u00e9publique, Kais Saied, a re\u00e7u hier, au Palais de Carthage, Fethi Zouhair Nouri, gouverneur de la Banque centrale de Tunisie pour un entretien ax\u00e9 sur le statut de cette institution.<\/p>\n<p>\t\t\t\t\t\t\t\t\tLe Pr\u00e9sident de la R\u00e9publique a rappel\u00e9 dans ce sens que la loi relative au statut de la BCT, qui n\u00e9cessite une r\u00e9vision, stipule que parmi les objectifs que cette institution doit s&rsquo;efforcer d&rsquo;atteindre figurent la pr\u00e9servation de la stabilit\u00e9 des prix et de la stabilit\u00e9 financi\u00e8re, en vue de r\u00e9aliser les objectifs de la politique \u00e9conomique de l&rsquo;\u00c9tat, notamment en mati\u00e8re de croissance et d&#8217;emploi. \u00a0<\/p>\n<p>Le Pr\u00e9sident a ainsi soulign\u00e9 la n\u00e9cessit\u00e9 de r\u00e9viser la loi relative au statut de la Banque centrale pour mieux r\u00e9pondre \u00e0 ses objectifs fondamentaux. \u00a0<\/p>\n<p>Il a \u00e9galement soulign\u00e9 l&rsquo;importance pour toutes les institutions de l&rsquo;\u00c9tat de travailler en harmonie et en coordination, en insistant sur le fait que la politique mon\u00e9taire doit \u00eatre coh\u00e9rente avec la politique \u00e9conomique. L&rsquo;\u00c9tat doit disposer d&rsquo;une politique unique, et non de politiques multiples, m\u00eame si les institutions sont diverses. \u00a0<\/p>\n<p>Par ailleurs, le Pr\u00e9sident de la R\u00e9publique a mis l&rsquo;accent sur le r\u00f4le crucial de la Commission des analyses financi\u00e8res, qui doit s&rsquo;acquitter pleinement des t\u00e2ches qui lui sont confi\u00e9es.<\/p>\n<p>Pr\u00eat de 7 milliards de dinars<\/p>\n<p>Dans ce contexte, rappelons qu\u2019hier, l&rsquo;Assembl\u00e9e des Repr\u00e9sentants du Peuple a valid\u00e9 une mesure autorisant la BCT \u00e0 octroyer un financement exceptionnel de 7 milliards de dinars \u00e0 l&rsquo;\u00c9tat pour l&rsquo;exercice 2025. Cette d\u00e9cision permettra un pr\u00eat sans int\u00e9r\u00eat remboursable sur 15 ans, dont trois ann\u00e9es de gr\u00e2ce.<\/p>\n<p>Cette d\u00e9cision s&rsquo;inscrit dans la continuit\u00e9 des pratiques pr\u00e9c\u00e9dentes, l&rsquo;\u00c9tat ayant d\u00e9j\u00e0 eu recours \u00e0 des financements similaires aupr\u00e8s de la BCT en 2020 et 2024, conform\u00e9ment \u00e0 la loi n\u00b0 2016-35 r\u00e9gissant le statut de la Banque centrale.<\/p>\n<p>L\u2019ind\u00e9pendance de la BCT en question<\/p>\n<p>Kais Saied avait d\u00e9j\u00e0 \u00e9voqu\u00e9 la question de l\u2019ind\u00e9pendance de la BCT ou son autonomie par rapport \u00e0 l\u2019Etat tunisien en f\u00e9vrier dernier.<\/p>\n<p>\u00ab\u00a0Il n\u2019existe aucune institution publique ind\u00e9pendante de l\u2019Etat\u00a0\u00bb, avait-il d\u00e9clar\u00e9 le 5 f\u00e9vrier 2024, estimant que l\u2019ind\u00e9pendance des politiques mon\u00e9taire de la BCT est au sein de l\u2019Etat et que la question de son autonomie intervient comme une r\u00e9ponse aux diktats ext\u00e9rieurs visant l\u2019implosion de l\u2019Etat.<\/p>\n","protected":false},"excerpt":{"rendered":"<p>Le Pr\u00e9sident de la R\u00e9publique, Kais Saied, a re\u00e7u hier, au Palais de Carthage, Fethi Zouhair Nouri, gouverneur de la Banque centrale de Tunisie pour un entretie&#8230;<\/p>\n","protected":false},"author":3162,"featured_media":243680,"comment_status":"open","ping_status":"open","sticky":false,"template":"","format":"standard","meta":{"footnotes":""},"categories":[44],"tags":[4032,2807,2614,3033,4859,4858,2608],"class_list":["post-218054","post","type-post","status-publish","format-standard","has-post-thumbnail","hentry","category-national","tag-banque-centrale-de-tunisie","tag-bct","tag-kais-saied","tag-loi","tag-revision","tag-statut","tag-tunisie"],"yoast_head":"<!-- This site is optimized with the Yoast SEO Premium plugin v27.5 (Yoast SEO v27.5) - https:\/\/yoast.com\/product\/yoast-seo-premium-wordpress\/ -->\n<title>Tunisie : Kais Saied insiste sur la r\u00e9vision de la loi relative au statut de la BCT<\/title>\n<meta name=\"description\" content=\"Le Pr\u00e9sident de la R\u00e9publique, Kais Saied, a re\u00e7u hier, au Palais de Carthage, Fethi Zouhair Nouri, gouverneur de la Banque centrale de Tunisie pour un entretie...\" \/>\n<link rel=\"canonical\" href=\"https:\/\/www.webdo.tn\/fr\/actualite\/national\/tunisie-kais-saied-insiste-sur-la-revision-de-la-loi-relative-au-statut-de-la-bct\/218054\/\" \/>\n<meta property=\"og:locale\" content=\"fr_FR\" \/>\n<meta property=\"og:type\" content=\"article\" \/>\n<meta property=\"og:title\" content=\"Tunisie : Kais Saied insiste sur la r\u00e9vision de la loi relative au statut de la BCT\" \/>\n<meta property=\"og:description\" content=\"Le Pr\u00e9sident de la R\u00e9publique, Kais Saied, a re\u00e7u hier, au Palais de Carthage, Fethi Zouhair Nouri, gouverneur de la Banque centrale de Tunisie pour un entretie...\" \/>\n<meta property=\"og:url\" content=\"https:\/\/www.webdo.tn\/fr\/actualite\/national\/tunisie-kais-saied-insiste-sur-la-revision-de-la-loi-relative-au-statut-de-la-bct\/218054\/\" \/>\n<meta property=\"og:site_name\" content=\"webdo\" \/>\n<meta property=\"article:publisher\" content=\"https:\/\/www.facebook.com\/webdotn\" \/>\n<meta property=\"article:published_time\" content=\"2024-12-03T08:45:00+00:00\" \/>\n<meta property=\"article:modified_time\" content=\"2025-05-20T21:45:57+00:00\" \/>\n<meta property=\"og:image\" content=\"https:\/\/www.webdo.tn\/fr\/wp-content\/uploads\/2025\/05\/2e1b089c3d085efa3a1cc09b65a4068e-2.webp\" \/>\n\t<meta property=\"og:image:width\" content=\"750\" \/>\n\t<meta property=\"og:image:height\" content=\"400\" \/>\n\t<meta property=\"og:image:type\" content=\"image\/webp\" \/>\n<meta name=\"author\" content=\"MC\" \/>\n<meta name=\"twitter:card\" content=\"summary_large_image\" \/>\n<meta name=\"twitter:creator\" content=\"@webdo_tn\" \/>\n<meta name=\"twitter:site\" content=\"@webdo_tn\" \/>\n<meta name=\"twitter:label1\" content=\"\u00c9crit par\" \/>\n\t<meta name=\"twitter:data1\" content=\"MC\" \/>\n\t<meta name=\"twitter:label2\" content=\"Dur\u00e9e de lecture estim\u00e9e\" \/>\n\t<meta name=\"twitter:data2\" content=\"2 minutes\" \/>\n<script type=\"application\/ld+json\" class=\"yoast-schema-graph\">{\"@context\":\"https:\\\/\\\/schema.org\",\"@graph\":[{\"@type\":\"NewsArticle\",\"@id\":\"https:\\\/\\\/www.webdo.tn\\\/fr\\\/actualite\\\/national\\\/tunisie-kais-saied-insiste-sur-la-revision-de-la-loi-relative-au-statut-de-la-bct\\\/218054\\\/#article\",\"isPartOf\":{\"@id\":\"https:\\\/\\\/www.webdo.tn\\\/fr\\\/actualite\\\/national\\\/tunisie-kais-saied-insiste-sur-la-revision-de-la-loi-relative-au-statut-de-la-bct\\\/218054\\\/\"},\"author\":{\"name\":\"MC\",\"@id\":\"https:\\\/\\\/www.webdo.tn\\\/fr\\\/#\\\/schema\\\/person\\\/2c4929cbf5a809e3bd38617c6ce150f6\"},\"headline\":\"Tunisie : Kais Saied insiste sur la r\u00e9vision de la loi relative au statut de la BCT\",\"datePublished\":\"2024-12-03T08:45:00+00:00\",\"dateModified\":\"2025-05-20T21:45:57+00:00\",\"mainEntityOfPage\":{\"@id\":\"https:\\\/\\\/www.webdo.tn\\\/fr\\\/actualite\\\/national\\\/tunisie-kais-saied-insiste-sur-la-revision-de-la-loi-relative-au-statut-de-la-bct\\\/218054\\\/\"},\"wordCount\":453,\"commentCount\":0,\"publisher\":{\"@id\":\"https:\\\/\\\/www.webdo.tn\\\/fr\\\/#organization\"},\"image\":{\"@id\":\"https:\\\/\\\/www.webdo.tn\\\/fr\\\/actualite\\\/national\\\/tunisie-kais-saied-insiste-sur-la-revision-de-la-loi-relative-au-statut-de-la-bct\\\/218054\\\/#primaryimage\"},\"thumbnailUrl\":\"https:\\\/\\\/www.webdo.tn\\\/fr\\\/wp-content\\\/uploads\\\/2025\\\/05\\\/2e1b089c3d085efa3a1cc09b65a4068e-2.webp\",\"keywords\":[\"Banque centrale de Tunisie\",\"BCT\",\"Kais Saied\",\"loi\",\"r\u00e9vision\",\"statut\",\"Tunisie\"],\"articleSection\":[\"National\"],\"inLanguage\":\"fr-FR\"},{\"@type\":\"WebPage\",\"@id\":\"https:\\\/\\\/www.webdo.tn\\\/fr\\\/actualite\\\/national\\\/tunisie-kais-saied-insiste-sur-la-revision-de-la-loi-relative-au-statut-de-la-bct\\\/218054\\\/\",\"url\":\"https:\\\/\\\/www.webdo.tn\\\/fr\\\/actualite\\\/national\\\/tunisie-kais-saied-insiste-sur-la-revision-de-la-loi-relative-au-statut-de-la-bct\\\/218054\\\/\",\"name\":\"Tunisie : Kais Saied insiste sur la r\u00e9vision de la loi relative au statut de la BCT\",\"isPartOf\":{\"@id\":\"https:\\\/\\\/www.webdo.tn\\\/fr\\\/#website\"},\"primaryImageOfPage\":{\"@id\":\"https:\\\/\\\/www.webdo.tn\\\/fr\\\/actualite\\\/national\\\/tunisie-kais-saied-insiste-sur-la-revision-de-la-loi-relative-au-statut-de-la-bct\\\/218054\\\/#primaryimage\"},\"image\":{\"@id\":\"https:\\\/\\\/www.webdo.tn\\\/fr\\\/actualite\\\/national\\\/tunisie-kais-saied-insiste-sur-la-revision-de-la-loi-relative-au-statut-de-la-bct\\\/218054\\\/#primaryimage\"},\"thumbnailUrl\":\"https:\\\/\\\/www.webdo.tn\\\/fr\\\/wp-content\\\/uploads\\\/2025\\\/05\\\/2e1b089c3d085efa3a1cc09b65a4068e-2.webp\",\"datePublished\":\"2024-12-03T08:45:00+00:00\",\"dateModified\":\"2025-05-20T21:45:57+00:00\",\"description\":\"Le Pr\u00e9sident de la R\u00e9publique, Kais Saied, a re\u00e7u hier, au Palais de Carthage, Fethi Zouhair Nouri, gouverneur de la Banque centrale de Tunisie pour un entretie...\",\"breadcrumb\":{\"@id\":\"https:\\\/\\\/www.webdo.tn\\\/fr\\\/actualite\\\/national\\\/tunisie-kais-saied-insiste-sur-la-revision-de-la-loi-relative-au-statut-de-la-bct\\\/218054\\\/#breadcrumb\"},\"inLanguage\":\"fr-FR\",\"potentialAction\":[{\"@type\":\"ReadAction\",\"target\":[\"https:\\\/\\\/www.webdo.tn\\\/fr\\\/actualite\\\/national\\\/tunisie-kais-saied-insiste-sur-la-revision-de-la-loi-relative-au-statut-de-la-bct\\\/218054\\\/\"]}]},{\"@type\":\"ImageObject\",\"inLanguage\":\"fr-FR\",\"@id\":\"https:\\\/\\\/www.webdo.tn\\\/fr\\\/actualite\\\/national\\\/tunisie-kais-saied-insiste-sur-la-revision-de-la-loi-relative-au-statut-de-la-bct\\\/218054\\\/#primaryimage\",\"url\":\"https:\\\/\\\/www.webdo.tn\\\/fr\\\/wp-content\\\/uploads\\\/2025\\\/05\\\/2e1b089c3d085efa3a1cc09b65a4068e-2.webp\",\"contentUrl\":\"https:\\\/\\\/www.webdo.tn\\\/fr\\\/wp-content\\\/uploads\\\/2025\\\/05\\\/2e1b089c3d085efa3a1cc09b65a4068e-2.webp\",\"width\":750,\"height\":400},{\"@type\":\"BreadcrumbList\",\"@id\":\"https:\\\/\\\/www.webdo.tn\\\/fr\\\/actualite\\\/national\\\/tunisie-kais-saied-insiste-sur-la-revision-de-la-loi-relative-au-statut-de-la-bct\\\/218054\\\/#breadcrumb\",\"itemListElement\":[{\"@type\":\"ListItem\",\"position\":1,\"name\":\"Accueil\",\"item\":\"https:\\\/\\\/www.webdo.tn\\\/fr\\\/\"},{\"@type\":\"ListItem\",\"position\":2,\"name\":\"Tunisie : Kais Saied insiste sur la r\u00e9vision de la loi relative au statut de la BCT\"}]},{\"@type\":\"WebSite\",\"@id\":\"https:\\\/\\\/www.webdo.tn\\\/fr\\\/#website\",\"url\":\"https:\\\/\\\/www.webdo.tn\\\/fr\\\/\",\"name\":\"webdo\",\"description\":\"Tunisie - News en Tunisie et \u00e0 l&#039;international sur Webdo.tn\",\"publisher\":{\"@id\":\"https:\\\/\\\/www.webdo.tn\\\/fr\\\/#organization\"},\"potentialAction\":[{\"@type\":\"SearchAction\",\"target\":{\"@type\":\"EntryPoint\",\"urlTemplate\":\"https:\\\/\\\/www.webdo.tn\\\/fr\\\/?s={search_term_string}\"},\"query-input\":{\"@type\":\"PropertyValueSpecification\",\"valueRequired\":true,\"valueName\":\"search_term_string\"}}],\"inLanguage\":\"fr-FR\"},{\"@type\":\"Organization\",\"@id\":\"https:\\\/\\\/www.webdo.tn\\\/fr\\\/#organization\",\"name\":\"Webdo\",\"alternateName\":\"Webdo.tn\",\"url\":\"https:\\\/\\\/www.webdo.tn\\\/fr\\\/\",\"logo\":{\"@type\":\"ImageObject\",\"inLanguage\":\"fr-FR\",\"@id\":\"https:\\\/\\\/www.webdo.tn\\\/fr\\\/#\\\/schema\\\/logo\\\/image\\\/\",\"url\":\"https:\\\/\\\/www.webdo.tn\\\/fr\\\/wp-content\\\/uploads\\\/2025\\\/06\\\/Webdo-Tunisie_168377.jpg\",\"contentUrl\":\"https:\\\/\\\/www.webdo.tn\\\/fr\\\/wp-content\\\/uploads\\\/2025\\\/06\\\/Webdo-Tunisie_168377.jpg\",\"width\":301,\"height\":301,\"caption\":\"Webdo\"},\"image\":{\"@id\":\"https:\\\/\\\/www.webdo.tn\\\/fr\\\/#\\\/schema\\\/logo\\\/image\\\/\"},\"sameAs\":[\"https:\\\/\\\/www.facebook.com\\\/webdotn\",\"https:\\\/\\\/x.com\\\/webdo_tn\"],\"description\":\"Webdo est un m\u00e9dia num\u00e9rique tunisien fond\u00e9 en 2010, sp\u00e9cialis\u00e9 dans l\u2019actualit\u00e9 nationale et internationale, l\u2019\u00e9conomie, la soci\u00e9t\u00e9 et les analyses politiques. Le site s\u2019adresse \u00e0 un large public francophone et couvre l\u2019information tunisienne en temps r\u00e9el.\",\"email\":\"redac@webdo.tn\",\"legalName\":\"YNJ SARL\",\"foundingDate\":\"2010-09-06\",\"numberOfEmployees\":{\"@type\":\"QuantitativeValue\",\"minValue\":\"11\",\"maxValue\":\"50\"}},{\"@type\":\"Person\",\"@id\":\"https:\\\/\\\/www.webdo.tn\\\/fr\\\/#\\\/schema\\\/person\\\/2c4929cbf5a809e3bd38617c6ce150f6\",\"name\":\"MC\",\"image\":{\"@type\":\"ImageObject\",\"inLanguage\":\"fr-FR\",\"@id\":\"https:\\\/\\\/secure.gravatar.com\\\/avatar\\\/a545bbb6f84efdd5553dbbc2895e3ca8f1d12c5215e00a041c9670b54aa9b18a?s=96&d=mm&r=g\",\"url\":\"https:\\\/\\\/secure.gravatar.com\\\/avatar\\\/a545bbb6f84efdd5553dbbc2895e3ca8f1d12c5215e00a041c9670b54aa9b18a?s=96&d=mm&r=g\",\"contentUrl\":\"https:\\\/\\\/secure.gravatar.com\\\/avatar\\\/a545bbb6f84efdd5553dbbc2895e3ca8f1d12c5215e00a041c9670b54aa9b18a?s=96&d=mm&r=g\",\"caption\":\"MC\"},\"url\":\"https:\\\/\\\/www.webdo.tn\\\/fr\\\/actualite\\\/author\\\/mc\\\/\"}]}<\/script>\n<!-- \/ Yoast SEO Premium plugin. -->","yoast_head_json":{"title":"Tunisie : Kais Saied insiste sur la r\u00e9vision de la loi relative au statut de la BCT","description":"Le Pr\u00e9sident de la R\u00e9publique, Kais Saied, a re\u00e7u hier, au Palais de Carthage, Fethi Zouhair Nouri, gouverneur de la Banque centrale de Tunisie pour un entretie...","canonical":"https:\/\/www.webdo.tn\/fr\/actualite\/national\/tunisie-kais-saied-insiste-sur-la-revision-de-la-loi-relative-au-statut-de-la-bct\/218054\/","og_locale":"fr_FR","og_type":"article","og_title":"Tunisie : Kais Saied insiste sur la r\u00e9vision de la loi relative au statut de la BCT","og_description":"Le Pr\u00e9sident de la R\u00e9publique, Kais Saied, a re\u00e7u hier, au Palais de Carthage, Fethi Zouhair Nouri, gouverneur de la Banque centrale de Tunisie pour un entretie...","og_url":"https:\/\/www.webdo.tn\/fr\/actualite\/national\/tunisie-kais-saied-insiste-sur-la-revision-de-la-loi-relative-au-statut-de-la-bct\/218054\/","og_site_name":"webdo","article_publisher":"https:\/\/www.facebook.com\/webdotn","article_published_time":"2024-12-03T08:45:00+00:00","article_modified_time":"2025-05-20T21:45:57+00:00","og_image":[{"width":750,"height":400,"url":"https:\/\/www.webdo.tn\/fr\/wp-content\/uploads\/2025\/05\/2e1b089c3d085efa3a1cc09b65a4068e-2.webp","type":"image\/webp"}],"author":"MC","twitter_card":"summary_large_image","twitter_creator":"@webdo_tn","twitter_site":"@webdo_tn","twitter_misc":{"\u00c9crit par":"MC","Dur\u00e9e de lecture estim\u00e9e":"2 minutes"},"schema":{"@context":"https:\/\/schema.org","@graph":[{"@type":"NewsArticle","@id":"https:\/\/www.webdo.tn\/fr\/actualite\/national\/tunisie-kais-saied-insiste-sur-la-revision-de-la-loi-relative-au-statut-de-la-bct\/218054\/#article","isPartOf":{"@id":"https:\/\/www.webdo.tn\/fr\/actualite\/national\/tunisie-kais-saied-insiste-sur-la-revision-de-la-loi-relative-au-statut-de-la-bct\/218054\/"},"author":{"name":"MC","@id":"https:\/\/www.webdo.tn\/fr\/#\/schema\/person\/2c4929cbf5a809e3bd38617c6ce150f6"},"headline":"Tunisie : Kais Saied insiste sur la r\u00e9vision de la loi relative au statut de la BCT","datePublished":"2024-12-03T08:45:00+00:00","dateModified":"2025-05-20T21:45:57+00:00","mainEntityOfPage":{"@id":"https:\/\/www.webdo.tn\/fr\/actualite\/national\/tunisie-kais-saied-insiste-sur-la-revision-de-la-loi-relative-au-statut-de-la-bct\/218054\/"},"wordCount":453,"commentCount":0,"publisher":{"@id":"https:\/\/www.webdo.tn\/fr\/#organization"},"image":{"@id":"https:\/\/www.webdo.tn\/fr\/actualite\/national\/tunisie-kais-saied-insiste-sur-la-revision-de-la-loi-relative-au-statut-de-la-bct\/218054\/#primaryimage"},"thumbnailUrl":"https:\/\/www.webdo.tn\/fr\/wp-content\/uploads\/2025\/05\/2e1b089c3d085efa3a1cc09b65a4068e-2.webp","keywords":["Banque centrale de Tunisie","BCT","Kais Saied","loi","r\u00e9vision","statut","Tunisie"],"articleSection":["National"],"inLanguage":"fr-FR"},{"@type":"WebPage","@id":"https:\/\/www.webdo.tn\/fr\/actualite\/national\/tunisie-kais-saied-insiste-sur-la-revision-de-la-loi-relative-au-statut-de-la-bct\/218054\/","url":"https:\/\/www.webdo.tn\/fr\/actualite\/national\/tunisie-kais-saied-insiste-sur-la-revision-de-la-loi-relative-au-statut-de-la-bct\/218054\/","name":"Tunisie : Kais Saied insiste sur la r\u00e9vision de la loi relative au statut de la BCT","isPartOf":{"@id":"https:\/\/www.webdo.tn\/fr\/#website"},"primaryImageOfPage":{"@id":"https:\/\/www.webdo.tn\/fr\/actualite\/national\/tunisie-kais-saied-insiste-sur-la-revision-de-la-loi-relative-au-statut-de-la-bct\/218054\/#primaryimage"},"image":{"@id":"https:\/\/www.webdo.tn\/fr\/actualite\/national\/tunisie-kais-saied-insiste-sur-la-revision-de-la-loi-relative-au-statut-de-la-bct\/218054\/#primaryimage"},"thumbnailUrl":"https:\/\/www.webdo.tn\/fr\/wp-content\/uploads\/2025\/05\/2e1b089c3d085efa3a1cc09b65a4068e-2.webp","datePublished":"2024-12-03T08:45:00+00:00","dateModified":"2025-05-20T21:45:57+00:00","description":"Le Pr\u00e9sident de la R\u00e9publique, Kais Saied, a re\u00e7u hier, au Palais de Carthage, Fethi Zouhair Nouri, gouverneur de la Banque centrale de Tunisie pour un entretie...","breadcrumb":{"@id":"https:\/\/www.webdo.tn\/fr\/actualite\/national\/tunisie-kais-saied-insiste-sur-la-revision-de-la-loi-relative-au-statut-de-la-bct\/218054\/#breadcrumb"},"inLanguage":"fr-FR","potentialAction":[{"@type":"ReadAction","target":["https:\/\/www.webdo.tn\/fr\/actualite\/national\/tunisie-kais-saied-insiste-sur-la-revision-de-la-loi-relative-au-statut-de-la-bct\/218054\/"]}]},{"@type":"ImageObject","inLanguage":"fr-FR","@id":"https:\/\/www.webdo.tn\/fr\/actualite\/national\/tunisie-kais-saied-insiste-sur-la-revision-de-la-loi-relative-au-statut-de-la-bct\/218054\/#primaryimage","url":"https:\/\/www.webdo.tn\/fr\/wp-content\/uploads\/2025\/05\/2e1b089c3d085efa3a1cc09b65a4068e-2.webp","contentUrl":"https:\/\/www.webdo.tn\/fr\/wp-content\/uploads\/2025\/05\/2e1b089c3d085efa3a1cc09b65a4068e-2.webp","width":750,"height":400},{"@type":"BreadcrumbList","@id":"https:\/\/www.webdo.tn\/fr\/actualite\/national\/tunisie-kais-saied-insiste-sur-la-revision-de-la-loi-relative-au-statut-de-la-bct\/218054\/#breadcrumb","itemListElement":[{"@type":"ListItem","position":1,"name":"Accueil","item":"https:\/\/www.webdo.tn\/fr\/"},{"@type":"ListItem","position":2,"name":"Tunisie : Kais Saied insiste sur la r\u00e9vision de la loi relative au statut de la BCT"}]},{"@type":"WebSite","@id":"https:\/\/www.webdo.tn\/fr\/#website","url":"https:\/\/www.webdo.tn\/fr\/","name":"webdo","description":"Tunisie - News en Tunisie et \u00e0 l&#039;international sur Webdo.tn","publisher":{"@id":"https:\/\/www.webdo.tn\/fr\/#organization"},"potentialAction":[{"@type":"SearchAction","target":{"@type":"EntryPoint","urlTemplate":"https:\/\/www.webdo.tn\/fr\/?s={search_term_string}"},"query-input":{"@type":"PropertyValueSpecification","valueRequired":true,"valueName":"search_term_string"}}],"inLanguage":"fr-FR"},{"@type":"Organization","@id":"https:\/\/www.webdo.tn\/fr\/#organization","name":"Webdo","alternateName":"Webdo.tn","url":"https:\/\/www.webdo.tn\/fr\/","logo":{"@type":"ImageObject","inLanguage":"fr-FR","@id":"https:\/\/www.webdo.tn\/fr\/#\/schema\/logo\/image\/","url":"https:\/\/www.webdo.tn\/fr\/wp-content\/uploads\/2025\/06\/Webdo-Tunisie_168377.jpg","contentUrl":"https:\/\/www.webdo.tn\/fr\/wp-content\/uploads\/2025\/06\/Webdo-Tunisie_168377.jpg","width":301,"height":301,"caption":"Webdo"},"image":{"@id":"https:\/\/www.webdo.tn\/fr\/#\/schema\/logo\/image\/"},"sameAs":["https:\/\/www.facebook.com\/webdotn","https:\/\/x.com\/webdo_tn"],"description":"Webdo est un m\u00e9dia num\u00e9rique tunisien fond\u00e9 en 2010, sp\u00e9cialis\u00e9 dans l\u2019actualit\u00e9 nationale et internationale, l\u2019\u00e9conomie, la soci\u00e9t\u00e9 et les analyses politiques. Le site s\u2019adresse \u00e0 un large public francophone et couvre l\u2019information tunisienne en temps r\u00e9el.","email":"redac@webdo.tn","legalName":"YNJ SARL","foundingDate":"2010-09-06","numberOfEmployees":{"@type":"QuantitativeValue","minValue":"11","maxValue":"50"}},{"@type":"Person","@id":"https:\/\/www.webdo.tn\/fr\/#\/schema\/person\/2c4929cbf5a809e3bd38617c6ce150f6","name":"MC","image":{"@type":"ImageObject","inLanguage":"fr-FR","@id":"https:\/\/secure.gravatar.com\/avatar\/a545bbb6f84efdd5553dbbc2895e3ca8f1d12c5215e00a041c9670b54aa9b18a?s=96&d=mm&r=g","url":"https:\/\/secure.gravatar.com\/avatar\/a545bbb6f84efdd5553dbbc2895e3ca8f1d12c5215e00a041c9670b54aa9b18a?s=96&d=mm&r=g","contentUrl":"https:\/\/secure.gravatar.com\/avatar\/a545bbb6f84efdd5553dbbc2895e3ca8f1d12c5215e00a041c9670b54aa9b18a?s=96&d=mm&r=g","caption":"MC"},"url":"https:\/\/www.webdo.tn\/fr\/actualite\/author\/mc\/"}]}},"_links":{"self":[{"href":"https:\/\/www.webdo.tn\/fr\/wp-json\/wp\/v2\/posts\/218054","targetHints":{"allow":["GET"]}}],"collection":[{"href":"https:\/\/www.webdo.tn\/fr\/wp-json\/wp\/v2\/posts"}],"about":[{"href":"https:\/\/www.webdo.tn\/fr\/wp-json\/wp\/v2\/types\/post"}],"author":[{"embeddable":true,"href":"https:\/\/www.webdo.tn\/fr\/wp-json\/wp\/v2\/users\/3162"}],"replies":[{"embeddable":true,"href":"https:\/\/www.webdo.tn\/fr\/wp-json\/wp\/v2\/comments?post=218054"}],"version-history":[{"count":0,"href":"https:\/\/www.webdo.tn\/fr\/wp-json\/wp\/v2\/posts\/218054\/revisions"}],"wp:featuredmedia":[{"embeddable":true,"href":"https:\/\/www.webdo.tn\/fr\/wp-json\/wp\/v2\/media\/243680"}],"wp:attachment":[{"href":"https:\/\/www.webdo.tn\/fr\/wp-json\/wp\/v2\/media?parent=218054"}],"wp:term":[{"taxonomy":"category","embeddable":true,"href":"https:\/\/www.webdo.tn\/fr\/wp-json\/wp\/v2\/categories?post=218054"},{"taxonomy":"post_tag","embeddable":true,"href":"https:\/\/www.webdo.tn\/fr\/wp-json\/wp\/v2\/tags?post=218054"}],"curies":[{"name":"wp","href":"https:\/\/api.w.org\/{rel}","templated":true}]}}