{"id":218047,"date":"2024-12-02T18:06:00","date_gmt":"2024-12-02T18:06:00","guid":{"rendered":"https:\/\/www.webdo.tn\/fr\/blog\/tunisie-la-bct-renouvelle-son-pret-de-7-milliards-a-l-etat\/218047\/"},"modified":"2024-12-02T18:06:00","modified_gmt":"2024-12-02T18:06:00","slug":"tunisie-la-bct-renouvelle-son-pret-de-7-milliards-a-l-etat","status":"publish","type":"post","link":"https:\/\/www.webdo.tn\/fr\/actualite\/national\/tunisie-la-bct-renouvelle-son-pret-de-7-milliards-a-l-etat\/218047\/","title":{"rendered":"Tunisie : La BCT renouvelle son soutien avec un pr\u00eat de 7 milliards"},"content":{"rendered":"<p>L&rsquo;Assembl\u00e9e des Repr\u00e9sentants du Peuple a valid\u00e9 lundi une mesure autorisant la Banque centrale de Tunisie \u00e0 octroyer un financement exceptionnel de 7 milliards de dinars \u00e0 l&rsquo;\u00c9tat pour l&rsquo;exercice 2025. Cette d\u00e9cision, approuv\u00e9e par 86 voix pour, 15 contre et 18 abstentions, permettra un pr\u00eat sans int\u00e9r\u00eat remboursable sur 15 ans, dont trois ann\u00e9es de gr\u00e2ce.<\/p>\n<p>La ministre des Finances, Sihem Boughdiri Nemsia, justifie cette mesure par les besoins pressants du premier trimestre 2025, notamment le service de la dette estim\u00e9 \u00e0 9 milliards de dinars. Elle souligne \u00e9galement le ralentissement habituel des recouvrements fiscaux en d\u00e9but d&rsquo;ann\u00e9e, les principales \u00e9ch\u00e9ances fiscales comme l&rsquo;imp\u00f4t sur les soci\u00e9t\u00e9s n&rsquo;intervenant qu&rsquo;\u00e0 partir de mars.<\/p>\n<p>Cette d\u00e9cision s&rsquo;inscrit dans la continuit\u00e9 des pratiques pr\u00e9c\u00e9dentes, l&rsquo;\u00c9tat ayant d\u00e9j\u00e0 eu recours \u00e0 des financements similaires aupr\u00e8s de la BCT en 2020 et 2024, conform\u00e9ment \u00e0 la loi n\u00b0 2016-35 r\u00e9gissant le statut de la Banque centrale. En 2024, La Banque centrale est ainsi autoris\u00e9e\u00a0\u00e0 accorder des facilit\u00e9s au tr\u00e9sor public de l\u2019Etat \u00e0 hauteur d\u2019un montant net d\u2019une valeur de 7.000 millions de dinars rembours\u00e9 sur dix ans avec une p\u00e9riode de gr\u00e2ce et sans int\u00e9r\u00eats.<\/p>\n","protected":false},"excerpt":{"rendered":"<p>La Banque Centrale de Tunisie renouvelle un pr\u00eat de 7 milliards de dinars \u00e0 l&rsquo;\u00c9tat, valid\u00e9 par l&rsquo;ARP. Une mesure cruciale pour couvrir les besoins financiers du&#8230;<\/p>\n","protected":false},"author":3203,"featured_media":291460,"comment_status":"open","ping_status":"closed","sticky":false,"template":"","format":"standard","meta":{"footnotes":""},"categories":[44],"tags":[10711,4032,2608],"class_list":["post-218047","post","type-post","status-publish","format-standard","has-post-thumbnail","hentry","category-national","tag-financement-de-letat","tag-banque-centrale-de-tunisie","tag-tunisie"],"yoast_head":"<!-- This site is optimized with the Yoast SEO Premium plugin v27.5 (Yoast SEO v27.5) - https:\/\/yoast.com\/product\/yoast-seo-premium-wordpress\/ -->\n<title>Tunisie : La BCT renouvelle son soutien avec un pr\u00eat de 7 milliards<\/title>\n<meta name=\"description\" content=\"La Banque Centrale de Tunisie renouvelle un pr\u00eat de 7 milliards de dinars \u00e0 l&#039;\u00c9tat, valid\u00e9 par l&#039;ARP. Une mesure cruciale pour couvrir les besoins financiers du...\" \/>\n<link rel=\"canonical\" href=\"https:\/\/www.webdo.tn\/fr\/actualite\/national\/tunisie-la-bct-renouvelle-son-pret-de-7-milliards-a-l-etat\/218047\/\" \/>\n<meta property=\"og:locale\" content=\"fr_FR\" \/>\n<meta property=\"og:type\" content=\"article\" \/>\n<meta property=\"og:title\" content=\"Tunisie : La BCT renouvelle son soutien avec un pr\u00eat de 7 milliards\" \/>\n<meta property=\"og:description\" content=\"La Banque Centrale de Tunisie renouvelle un pr\u00eat de 7 milliards de dinars \u00e0 l&#039;\u00c9tat, valid\u00e9 par l&#039;ARP. Une mesure cruciale pour couvrir les besoins financiers du...\" \/>\n<meta property=\"og:url\" content=\"https:\/\/www.webdo.tn\/fr\/actualite\/national\/tunisie-la-bct-renouvelle-son-pret-de-7-milliards-a-l-etat\/218047\/\" \/>\n<meta property=\"og:site_name\" content=\"webdo\" \/>\n<meta property=\"article:publisher\" content=\"https:\/\/www.facebook.com\/webdotn\" \/>\n<meta property=\"article:published_time\" content=\"2024-12-02T18:06:00+00:00\" \/>\n<meta property=\"og:image\" content=\"https:\/\/www.webdo.tn\/fr\/wp-content\/uploads\/2024\/12\/75090a13929eccbf9950f1c06a018fe3.webp\" \/>\n\t<meta property=\"og:image:width\" content=\"750\" \/>\n\t<meta property=\"og:image:height\" content=\"400\" \/>\n\t<meta property=\"og:image:type\" content=\"image\/webp\" \/>\n<meta name=\"author\" content=\"Ramzi Haddad\" \/>\n<meta name=\"twitter:card\" content=\"summary_large_image\" \/>\n<meta name=\"twitter:creator\" content=\"@webdo_tn\" \/>\n<meta name=\"twitter:site\" content=\"@webdo_tn\" \/>\n<meta name=\"twitter:label1\" content=\"\u00c9crit par\" \/>\n\t<meta name=\"twitter:data1\" content=\"Ramzi Haddad\" \/>\n\t<meta name=\"twitter:label2\" content=\"Dur\u00e9e de lecture estim\u00e9e\" \/>\n\t<meta name=\"twitter:data2\" content=\"1 minute\" \/>\n<script type=\"application\/ld+json\" class=\"yoast-schema-graph\">{\"@context\":\"https:\\\/\\\/schema.org\",\"@graph\":[{\"@type\":\"NewsArticle\",\"@id\":\"https:\\\/\\\/www.webdo.tn\\\/fr\\\/actualite\\\/national\\\/tunisie-la-bct-renouvelle-son-pret-de-7-milliards-a-l-etat\\\/218047\\\/#article\",\"isPartOf\":{\"@id\":\"https:\\\/\\\/www.webdo.tn\\\/fr\\\/actualite\\\/national\\\/tunisie-la-bct-renouvelle-son-pret-de-7-milliards-a-l-etat\\\/218047\\\/\"},\"author\":{\"name\":\"Ramzi Haddad\",\"@id\":\"https:\\\/\\\/www.webdo.tn\\\/fr\\\/#\\\/schema\\\/person\\\/5663044c25eb36d8f88ba5b653f12f8c\"},\"headline\":\"Tunisie : La BCT renouvelle son soutien avec un pr\u00eat de 7 milliards\",\"datePublished\":\"2024-12-02T18:06:00+00:00\",\"mainEntityOfPage\":{\"@id\":\"https:\\\/\\\/www.webdo.tn\\\/fr\\\/actualite\\\/national\\\/tunisie-la-bct-renouvelle-son-pret-de-7-milliards-a-l-etat\\\/218047\\\/\"},\"wordCount\":226,\"commentCount\":0,\"publisher\":{\"@id\":\"https:\\\/\\\/www.webdo.tn\\\/fr\\\/#organization\"},\"image\":{\"@id\":\"https:\\\/\\\/www.webdo.tn\\\/fr\\\/actualite\\\/national\\\/tunisie-la-bct-renouvelle-son-pret-de-7-milliards-a-l-etat\\\/218047\\\/#primaryimage\"},\"thumbnailUrl\":\"https:\\\/\\\/www.webdo.tn\\\/fr\\\/wp-content\\\/uploads\\\/2024\\\/12\\\/75090a13929eccbf9950f1c06a018fe3.webp\",\"keywords\":[\"\\\"Financement de l'\u00c9tat\\\"]\",\"Banque centrale de Tunisie\",\"Tunisie\"],\"articleSection\":[\"National\"],\"inLanguage\":\"fr-FR\"},{\"@type\":\"WebPage\",\"@id\":\"https:\\\/\\\/www.webdo.tn\\\/fr\\\/actualite\\\/national\\\/tunisie-la-bct-renouvelle-son-pret-de-7-milliards-a-l-etat\\\/218047\\\/\",\"url\":\"https:\\\/\\\/www.webdo.tn\\\/fr\\\/actualite\\\/national\\\/tunisie-la-bct-renouvelle-son-pret-de-7-milliards-a-l-etat\\\/218047\\\/\",\"name\":\"Tunisie : La BCT renouvelle son soutien avec un pr\u00eat de 7 milliards\",\"isPartOf\":{\"@id\":\"https:\\\/\\\/www.webdo.tn\\\/fr\\\/#website\"},\"primaryImageOfPage\":{\"@id\":\"https:\\\/\\\/www.webdo.tn\\\/fr\\\/actualite\\\/national\\\/tunisie-la-bct-renouvelle-son-pret-de-7-milliards-a-l-etat\\\/218047\\\/#primaryimage\"},\"image\":{\"@id\":\"https:\\\/\\\/www.webdo.tn\\\/fr\\\/actualite\\\/national\\\/tunisie-la-bct-renouvelle-son-pret-de-7-milliards-a-l-etat\\\/218047\\\/#primaryimage\"},\"thumbnailUrl\":\"https:\\\/\\\/www.webdo.tn\\\/fr\\\/wp-content\\\/uploads\\\/2024\\\/12\\\/75090a13929eccbf9950f1c06a018fe3.webp\",\"datePublished\":\"2024-12-02T18:06:00+00:00\",\"description\":\"La Banque Centrale de Tunisie renouvelle un pr\u00eat de 7 milliards de dinars \u00e0 l'\u00c9tat, valid\u00e9 par l'ARP. Une mesure cruciale pour couvrir les besoins financiers du...\",\"breadcrumb\":{\"@id\":\"https:\\\/\\\/www.webdo.tn\\\/fr\\\/actualite\\\/national\\\/tunisie-la-bct-renouvelle-son-pret-de-7-milliards-a-l-etat\\\/218047\\\/#breadcrumb\"},\"inLanguage\":\"fr-FR\",\"potentialAction\":[{\"@type\":\"ReadAction\",\"target\":[\"https:\\\/\\\/www.webdo.tn\\\/fr\\\/actualite\\\/national\\\/tunisie-la-bct-renouvelle-son-pret-de-7-milliards-a-l-etat\\\/218047\\\/\"]}]},{\"@type\":\"ImageObject\",\"inLanguage\":\"fr-FR\",\"@id\":\"https:\\\/\\\/www.webdo.tn\\\/fr\\\/actualite\\\/national\\\/tunisie-la-bct-renouvelle-son-pret-de-7-milliards-a-l-etat\\\/218047\\\/#primaryimage\",\"url\":\"https:\\\/\\\/www.webdo.tn\\\/fr\\\/wp-content\\\/uploads\\\/2024\\\/12\\\/75090a13929eccbf9950f1c06a018fe3.webp\",\"contentUrl\":\"https:\\\/\\\/www.webdo.tn\\\/fr\\\/wp-content\\\/uploads\\\/2024\\\/12\\\/75090a13929eccbf9950f1c06a018fe3.webp\",\"width\":750,\"height\":400,\"caption\":\"Tunisie : La BCT renouvelle son soutien avec un pr\u00eat de 7 milliards\"},{\"@type\":\"BreadcrumbList\",\"@id\":\"https:\\\/\\\/www.webdo.tn\\\/fr\\\/actualite\\\/national\\\/tunisie-la-bct-renouvelle-son-pret-de-7-milliards-a-l-etat\\\/218047\\\/#breadcrumb\",\"itemListElement\":[{\"@type\":\"ListItem\",\"position\":1,\"name\":\"Accueil\",\"item\":\"https:\\\/\\\/www.webdo.tn\\\/fr\\\/\"},{\"@type\":\"ListItem\",\"position\":2,\"name\":\"Tunisie : La BCT renouvelle son soutien avec un pr\u00eat de 7 milliards\"}]},{\"@type\":\"WebSite\",\"@id\":\"https:\\\/\\\/www.webdo.tn\\\/fr\\\/#website\",\"url\":\"https:\\\/\\\/www.webdo.tn\\\/fr\\\/\",\"name\":\"webdo\",\"description\":\"Tunisie - News en Tunisie et \u00e0 l&#039;international sur Webdo.tn\",\"publisher\":{\"@id\":\"https:\\\/\\\/www.webdo.tn\\\/fr\\\/#organization\"},\"potentialAction\":[{\"@type\":\"SearchAction\",\"target\":{\"@type\":\"EntryPoint\",\"urlTemplate\":\"https:\\\/\\\/www.webdo.tn\\\/fr\\\/?s={search_term_string}\"},\"query-input\":{\"@type\":\"PropertyValueSpecification\",\"valueRequired\":true,\"valueName\":\"search_term_string\"}}],\"inLanguage\":\"fr-FR\"},{\"@type\":\"Organization\",\"@id\":\"https:\\\/\\\/www.webdo.tn\\\/fr\\\/#organization\",\"name\":\"Webdo\",\"alternateName\":\"Webdo.tn\",\"url\":\"https:\\\/\\\/www.webdo.tn\\\/fr\\\/\",\"logo\":{\"@type\":\"ImageObject\",\"inLanguage\":\"fr-FR\",\"@id\":\"https:\\\/\\\/www.webdo.tn\\\/fr\\\/#\\\/schema\\\/logo\\\/image\\\/\",\"url\":\"https:\\\/\\\/www.webdo.tn\\\/fr\\\/wp-content\\\/uploads\\\/2025\\\/06\\\/Webdo-Tunisie_168377.jpg\",\"contentUrl\":\"https:\\\/\\\/www.webdo.tn\\\/fr\\\/wp-content\\\/uploads\\\/2025\\\/06\\\/Webdo-Tunisie_168377.jpg\",\"width\":301,\"height\":301,\"caption\":\"Webdo\"},\"image\":{\"@id\":\"https:\\\/\\\/www.webdo.tn\\\/fr\\\/#\\\/schema\\\/logo\\\/image\\\/\"},\"sameAs\":[\"https:\\\/\\\/www.facebook.com\\\/webdotn\",\"https:\\\/\\\/x.com\\\/webdo_tn\"],\"description\":\"Webdo est un m\u00e9dia num\u00e9rique tunisien fond\u00e9 en 2010, sp\u00e9cialis\u00e9 dans l\u2019actualit\u00e9 nationale et internationale, l\u2019\u00e9conomie, la soci\u00e9t\u00e9 et les analyses politiques. Le site s\u2019adresse \u00e0 un large public francophone et couvre l\u2019information tunisienne en temps r\u00e9el.\",\"email\":\"redac@webdo.tn\",\"legalName\":\"YNJ SARL\",\"foundingDate\":\"2010-09-06\",\"numberOfEmployees\":{\"@type\":\"QuantitativeValue\",\"minValue\":\"11\",\"maxValue\":\"50\"}},{\"@type\":\"Person\",\"@id\":\"https:\\\/\\\/www.webdo.tn\\\/fr\\\/#\\\/schema\\\/person\\\/5663044c25eb36d8f88ba5b653f12f8c\",\"name\":\"Ramzi Haddad\",\"image\":{\"@type\":\"ImageObject\",\"inLanguage\":\"fr-FR\",\"@id\":\"https:\\\/\\\/www.webdo.tn\\\/fr\\\/wp-content\\\/uploads\\\/2026\\\/04\\\/ramzi-haddad_avatar-96x96.jpg\",\"url\":\"https:\\\/\\\/www.webdo.tn\\\/fr\\\/wp-content\\\/uploads\\\/2026\\\/04\\\/ramzi-haddad_avatar-96x96.jpg\",\"contentUrl\":\"https:\\\/\\\/www.webdo.tn\\\/fr\\\/wp-content\\\/uploads\\\/2026\\\/04\\\/ramzi-haddad_avatar-96x96.jpg\",\"caption\":\"Ramzi Haddad\"},\"description\":\"Signature \u00e9ditoriale de Walid Ben Youssef Ramzi Haddad est le pseudonyme \u00e9ditorial de Walid Ben Youssef, fondateur et g\u00e9rant de Webdo.tn. Cette signature est d\u00e9di\u00e9e \u00e0 la couverture de l'actualit\u00e9 nationale et internationale, ainsi qu'aux analyses des dynamiques num\u00e9riques. Ce profil b\u00e9n\u00e9ficie de l'expertise de Walid Ben Youssef, pionnier du web en Tunisie depuis 2000 et dipl\u00f4m\u00e9 en Math\u00e9matiques pures de l'Universit\u00e9 d'Oregon. \u00c0 travers cette signature, la r\u00e9daction de Webdo garantit une information structur\u00e9e et v\u00e9rifi\u00e9e, fid\u00e8le aux standards journalistiques du m\u00e9dia.\",\"url\":\"https:\\\/\\\/www.webdo.tn\\\/fr\\\/actualite\\\/author\\\/ramzi-haddad\\\/\"}]}<\/script>\n<!-- \/ Yoast SEO Premium plugin. -->","yoast_head_json":{"title":"Tunisie : La BCT renouvelle son soutien avec un pr\u00eat de 7 milliards","description":"La Banque Centrale de Tunisie renouvelle un pr\u00eat de 7 milliards de dinars \u00e0 l'\u00c9tat, valid\u00e9 par l'ARP. Une mesure cruciale pour couvrir les besoins financiers du...","canonical":"https:\/\/www.webdo.tn\/fr\/actualite\/national\/tunisie-la-bct-renouvelle-son-pret-de-7-milliards-a-l-etat\/218047\/","og_locale":"fr_FR","og_type":"article","og_title":"Tunisie : La BCT renouvelle son soutien avec un pr\u00eat de 7 milliards","og_description":"La Banque Centrale de Tunisie renouvelle un pr\u00eat de 7 milliards de dinars \u00e0 l'\u00c9tat, valid\u00e9 par l'ARP. Une mesure cruciale pour couvrir les besoins financiers du...","og_url":"https:\/\/www.webdo.tn\/fr\/actualite\/national\/tunisie-la-bct-renouvelle-son-pret-de-7-milliards-a-l-etat\/218047\/","og_site_name":"webdo","article_publisher":"https:\/\/www.facebook.com\/webdotn","article_published_time":"2024-12-02T18:06:00+00:00","og_image":[{"width":750,"height":400,"url":"https:\/\/www.webdo.tn\/fr\/wp-content\/uploads\/2024\/12\/75090a13929eccbf9950f1c06a018fe3.webp","type":"image\/webp"}],"author":"Ramzi Haddad","twitter_card":"summary_large_image","twitter_creator":"@webdo_tn","twitter_site":"@webdo_tn","twitter_misc":{"\u00c9crit par":"Ramzi Haddad","Dur\u00e9e de lecture estim\u00e9e":"1 minute"},"schema":{"@context":"https:\/\/schema.org","@graph":[{"@type":"NewsArticle","@id":"https:\/\/www.webdo.tn\/fr\/actualite\/national\/tunisie-la-bct-renouvelle-son-pret-de-7-milliards-a-l-etat\/218047\/#article","isPartOf":{"@id":"https:\/\/www.webdo.tn\/fr\/actualite\/national\/tunisie-la-bct-renouvelle-son-pret-de-7-milliards-a-l-etat\/218047\/"},"author":{"name":"Ramzi Haddad","@id":"https:\/\/www.webdo.tn\/fr\/#\/schema\/person\/5663044c25eb36d8f88ba5b653f12f8c"},"headline":"Tunisie : La BCT renouvelle son soutien avec un pr\u00eat de 7 milliards","datePublished":"2024-12-02T18:06:00+00:00","mainEntityOfPage":{"@id":"https:\/\/www.webdo.tn\/fr\/actualite\/national\/tunisie-la-bct-renouvelle-son-pret-de-7-milliards-a-l-etat\/218047\/"},"wordCount":226,"commentCount":0,"publisher":{"@id":"https:\/\/www.webdo.tn\/fr\/#organization"},"image":{"@id":"https:\/\/www.webdo.tn\/fr\/actualite\/national\/tunisie-la-bct-renouvelle-son-pret-de-7-milliards-a-l-etat\/218047\/#primaryimage"},"thumbnailUrl":"https:\/\/www.webdo.tn\/fr\/wp-content\/uploads\/2024\/12\/75090a13929eccbf9950f1c06a018fe3.webp","keywords":["\"Financement de l'\u00c9tat\"]","Banque centrale de Tunisie","Tunisie"],"articleSection":["National"],"inLanguage":"fr-FR"},{"@type":"WebPage","@id":"https:\/\/www.webdo.tn\/fr\/actualite\/national\/tunisie-la-bct-renouvelle-son-pret-de-7-milliards-a-l-etat\/218047\/","url":"https:\/\/www.webdo.tn\/fr\/actualite\/national\/tunisie-la-bct-renouvelle-son-pret-de-7-milliards-a-l-etat\/218047\/","name":"Tunisie : La BCT renouvelle son soutien avec un pr\u00eat de 7 milliards","isPartOf":{"@id":"https:\/\/www.webdo.tn\/fr\/#website"},"primaryImageOfPage":{"@id":"https:\/\/www.webdo.tn\/fr\/actualite\/national\/tunisie-la-bct-renouvelle-son-pret-de-7-milliards-a-l-etat\/218047\/#primaryimage"},"image":{"@id":"https:\/\/www.webdo.tn\/fr\/actualite\/national\/tunisie-la-bct-renouvelle-son-pret-de-7-milliards-a-l-etat\/218047\/#primaryimage"},"thumbnailUrl":"https:\/\/www.webdo.tn\/fr\/wp-content\/uploads\/2024\/12\/75090a13929eccbf9950f1c06a018fe3.webp","datePublished":"2024-12-02T18:06:00+00:00","description":"La Banque Centrale de Tunisie renouvelle un pr\u00eat de 7 milliards de dinars \u00e0 l'\u00c9tat, valid\u00e9 par l'ARP. Une mesure cruciale pour couvrir les besoins financiers du...","breadcrumb":{"@id":"https:\/\/www.webdo.tn\/fr\/actualite\/national\/tunisie-la-bct-renouvelle-son-pret-de-7-milliards-a-l-etat\/218047\/#breadcrumb"},"inLanguage":"fr-FR","potentialAction":[{"@type":"ReadAction","target":["https:\/\/www.webdo.tn\/fr\/actualite\/national\/tunisie-la-bct-renouvelle-son-pret-de-7-milliards-a-l-etat\/218047\/"]}]},{"@type":"ImageObject","inLanguage":"fr-FR","@id":"https:\/\/www.webdo.tn\/fr\/actualite\/national\/tunisie-la-bct-renouvelle-son-pret-de-7-milliards-a-l-etat\/218047\/#primaryimage","url":"https:\/\/www.webdo.tn\/fr\/wp-content\/uploads\/2024\/12\/75090a13929eccbf9950f1c06a018fe3.webp","contentUrl":"https:\/\/www.webdo.tn\/fr\/wp-content\/uploads\/2024\/12\/75090a13929eccbf9950f1c06a018fe3.webp","width":750,"height":400,"caption":"Tunisie : La BCT renouvelle son soutien avec un pr\u00eat de 7 milliards"},{"@type":"BreadcrumbList","@id":"https:\/\/www.webdo.tn\/fr\/actualite\/national\/tunisie-la-bct-renouvelle-son-pret-de-7-milliards-a-l-etat\/218047\/#breadcrumb","itemListElement":[{"@type":"ListItem","position":1,"name":"Accueil","item":"https:\/\/www.webdo.tn\/fr\/"},{"@type":"ListItem","position":2,"name":"Tunisie : La BCT renouvelle son soutien avec un pr\u00eat de 7 milliards"}]},{"@type":"WebSite","@id":"https:\/\/www.webdo.tn\/fr\/#website","url":"https:\/\/www.webdo.tn\/fr\/","name":"webdo","description":"Tunisie - News en Tunisie et \u00e0 l&#039;international sur Webdo.tn","publisher":{"@id":"https:\/\/www.webdo.tn\/fr\/#organization"},"potentialAction":[{"@type":"SearchAction","target":{"@type":"EntryPoint","urlTemplate":"https:\/\/www.webdo.tn\/fr\/?s={search_term_string}"},"query-input":{"@type":"PropertyValueSpecification","valueRequired":true,"valueName":"search_term_string"}}],"inLanguage":"fr-FR"},{"@type":"Organization","@id":"https:\/\/www.webdo.tn\/fr\/#organization","name":"Webdo","alternateName":"Webdo.tn","url":"https:\/\/www.webdo.tn\/fr\/","logo":{"@type":"ImageObject","inLanguage":"fr-FR","@id":"https:\/\/www.webdo.tn\/fr\/#\/schema\/logo\/image\/","url":"https:\/\/www.webdo.tn\/fr\/wp-content\/uploads\/2025\/06\/Webdo-Tunisie_168377.jpg","contentUrl":"https:\/\/www.webdo.tn\/fr\/wp-content\/uploads\/2025\/06\/Webdo-Tunisie_168377.jpg","width":301,"height":301,"caption":"Webdo"},"image":{"@id":"https:\/\/www.webdo.tn\/fr\/#\/schema\/logo\/image\/"},"sameAs":["https:\/\/www.facebook.com\/webdotn","https:\/\/x.com\/webdo_tn"],"description":"Webdo est un m\u00e9dia num\u00e9rique tunisien fond\u00e9 en 2010, sp\u00e9cialis\u00e9 dans l\u2019actualit\u00e9 nationale et internationale, l\u2019\u00e9conomie, la soci\u00e9t\u00e9 et les analyses politiques. Le site s\u2019adresse \u00e0 un large public francophone et couvre l\u2019information tunisienne en temps r\u00e9el.","email":"redac@webdo.tn","legalName":"YNJ SARL","foundingDate":"2010-09-06","numberOfEmployees":{"@type":"QuantitativeValue","minValue":"11","maxValue":"50"}},{"@type":"Person","@id":"https:\/\/www.webdo.tn\/fr\/#\/schema\/person\/5663044c25eb36d8f88ba5b653f12f8c","name":"Ramzi Haddad","image":{"@type":"ImageObject","inLanguage":"fr-FR","@id":"https:\/\/www.webdo.tn\/fr\/wp-content\/uploads\/2026\/04\/ramzi-haddad_avatar-96x96.jpg","url":"https:\/\/www.webdo.tn\/fr\/wp-content\/uploads\/2026\/04\/ramzi-haddad_avatar-96x96.jpg","contentUrl":"https:\/\/www.webdo.tn\/fr\/wp-content\/uploads\/2026\/04\/ramzi-haddad_avatar-96x96.jpg","caption":"Ramzi Haddad"},"description":"Signature \u00e9ditoriale de Walid Ben Youssef Ramzi Haddad est le pseudonyme \u00e9ditorial de Walid Ben Youssef, fondateur et g\u00e9rant de Webdo.tn. Cette signature est d\u00e9di\u00e9e \u00e0 la couverture de l'actualit\u00e9 nationale et internationale, ainsi qu'aux analyses des dynamiques num\u00e9riques. Ce profil b\u00e9n\u00e9ficie de l'expertise de Walid Ben Youssef, pionnier du web en Tunisie depuis 2000 et dipl\u00f4m\u00e9 en Math\u00e9matiques pures de l'Universit\u00e9 d'Oregon. \u00c0 travers cette signature, la r\u00e9daction de Webdo garantit une information structur\u00e9e et v\u00e9rifi\u00e9e, fid\u00e8le aux standards journalistiques du m\u00e9dia.","url":"https:\/\/www.webdo.tn\/fr\/actualite\/author\/ramzi-haddad\/"}]}},"_links":{"self":[{"href":"https:\/\/www.webdo.tn\/fr\/wp-json\/wp\/v2\/posts\/218047","targetHints":{"allow":["GET"]}}],"collection":[{"href":"https:\/\/www.webdo.tn\/fr\/wp-json\/wp\/v2\/posts"}],"about":[{"href":"https:\/\/www.webdo.tn\/fr\/wp-json\/wp\/v2\/types\/post"}],"author":[{"embeddable":true,"href":"https:\/\/www.webdo.tn\/fr\/wp-json\/wp\/v2\/users\/3203"}],"replies":[{"embeddable":true,"href":"https:\/\/www.webdo.tn\/fr\/wp-json\/wp\/v2\/comments?post=218047"}],"version-history":[{"count":0,"href":"https:\/\/www.webdo.tn\/fr\/wp-json\/wp\/v2\/posts\/218047\/revisions"}],"wp:featuredmedia":[{"embeddable":true,"href":"https:\/\/www.webdo.tn\/fr\/wp-json\/wp\/v2\/media\/291460"}],"wp:attachment":[{"href":"https:\/\/www.webdo.tn\/fr\/wp-json\/wp\/v2\/media?parent=218047"}],"wp:term":[{"taxonomy":"category","embeddable":true,"href":"https:\/\/www.webdo.tn\/fr\/wp-json\/wp\/v2\/categories?post=218047"},{"taxonomy":"post_tag","embeddable":true,"href":"https:\/\/www.webdo.tn\/fr\/wp-json\/wp\/v2\/tags?post=218047"}],"curies":[{"name":"wp","href":"https:\/\/api.w.org\/{rel}","templated":true}]}}