{"id":218035,"date":"2024-12-02T10:38:00","date_gmt":"2024-12-02T10:38:00","guid":{"rendered":"https:\/\/www.webdo.tn\/fr\/blog\/les-conditions-des-medecins-tunisiens-a-l-etranger-pour-revenir-en-tunisie\/218035\/"},"modified":"2025-05-20T22:15:22","modified_gmt":"2025-05-20T22:15:22","slug":"les-conditions-des-medecins-tunisiens-a-l-etranger-pour-revenir-en-tunisie","status":"publish","type":"post","link":"https:\/\/www.webdo.tn\/fr\/actualite\/national\/les-conditions-des-medecins-tunisiens-a-l-etranger-pour-revenir-en-tunisie\/218035\/","title":{"rendered":"Les conditions des m\u00e9decins tunisiens \u00e0 l\u2019\u00e9tranger pour revenir en Tunisie"},"content":{"rendered":"<p>Plus de 78% des m\u00e9decins tunisiens qui pratiquent \u00e0 l\u2019\u00e9tranger souhaitent revenir en Tunisie, a fait savoir vendredi dernier, le ministre de la Sant\u00e9 Mustapha Ferjani, annon\u00e7ant au passage la mise en \u0153uvre d\u2019un ensemble de mesures incitatives en faveur de ces m\u00e9decins pour un retour au bercail.<\/p>\n<p>\t\t\t\t\t\t\t\t\tSelon Ines Ayadi, conseill\u00e8re au minist\u00e8re de la Sant\u00e9, une \u00e9tude approfondie a \u00e9t\u00e9 \u00e9labor\u00e9e en mars dernier par l\u2019Institut tunisien des \u00e9tudes strat\u00e9giques (ITES) pour mieux comprendre le ph\u00e9nom\u00e8ne migratoire parmi les professionnels de la sant\u00e9. Cette \u00e9tude, couvrant la p\u00e9riode 2011-2023, avait pour objectif d\u2019\u00e9valuer l\u2019ampleur et les motivations de cette migration.<\/p>\n<p>Dans ce contexte elle a indiqu\u00e9 que les trois principales causes de la migration des m\u00e9decins sont \u00e9galement les trois conditions qui doivent assur\u00e9es pour leur retour en Tunisie.<\/p>\n<p>Les conditions de travail, l\u2019infrastructure et les \u00e9quipements dans les \u00e9tablissements hospitaliers sont la premi\u00e8re condition. La deuxi\u00e8me condition est d\u2019ordre p\u00e9cuniaire. Enfin, ils souhaitent que leurs enfants puissent suivre des \u00e9tudes dans d\u2019excellentes conditions, a fait savoir Ines Ayadi, dans une d\u00e9claration faite aujourd\u2019hui sur les ondes de Mosaique fm.<\/p>\n<p>A partir de l\u00e0, le minist\u00e8re de la Sant\u00e9 va entamer, \u00e0 l\u2019horizon 2025, la mise en \u0153uvre d\u2019un ensemble de mesures incitatives en faveur de ces m\u00e9decins afin de les encourager \u00e0 revenir en Tunisie.<\/p>\n<p>Le ministre de la Sant\u00e9 Mustapha Ferjani a pr\u00e9cis\u00e9 vendredi que parmi ces mesures figurent la lev\u00e9e de plusieurs obstacles administratifs, l\u2019am\u00e9lioration des conditions de travail, et l\u2019attribution de priorit\u00e9s \u00e0 certains domaines sp\u00e9cialis\u00e9s, notamment la m\u00e9decine de r\u00e9animation et la chirurgie.<\/p>\n","protected":false},"excerpt":{"rendered":"<p>Plus de 78% des m\u00e9decins tunisiens qui pratiquent \u00e0 l\u2019\u00e9tranger souhaitent revenir en Tunisie, a fait savoir vendredi dernier, le ministre de la Sant\u00e9 Mustapha F&#8230;<\/p>\n","protected":false},"author":3162,"featured_media":291455,"comment_status":"open","ping_status":"closed","sticky":false,"template":"","format":"standard","meta":{"footnotes":""},"categories":[44],"tags":[6743,2788,7598,2701,2608],"class_list":["post-218035","post","type-post","status-publish","format-standard","has-post-thumbnail","hentry","category-national","tag-conditions","tag-etranger","tag-etude","tag-medecins","tag-tunisie"],"yoast_head":"<!-- This site is optimized with the Yoast SEO Premium plugin v27.5 (Yoast SEO v27.5) - https:\/\/yoast.com\/product\/yoast-seo-premium-wordpress\/ -->\n<title>Les conditions des m\u00e9decins tunisiens \u00e0 l\u2019\u00e9tranger pour revenir en Tunisie<\/title>\n<meta name=\"description\" content=\"Plus de 78% des m\u00e9decins tunisiens qui pratiquent \u00e0 l\u2019\u00e9tranger souhaitent revenir en Tunisie, a fait savoir vendredi dernier, le ministre de la Sant\u00e9 Mustapha F...\" \/>\n<link rel=\"canonical\" href=\"https:\/\/www.webdo.tn\/fr\/actualite\/national\/les-conditions-des-medecins-tunisiens-a-l-etranger-pour-revenir-en-tunisie\/218035\/\" \/>\n<meta property=\"og:locale\" content=\"fr_FR\" \/>\n<meta property=\"og:type\" content=\"article\" \/>\n<meta property=\"og:title\" content=\"Les conditions des m\u00e9decins tunisiens \u00e0 l\u2019\u00e9tranger pour revenir en Tunisie\" \/>\n<meta property=\"og:description\" content=\"Plus de 78% des m\u00e9decins tunisiens qui pratiquent \u00e0 l\u2019\u00e9tranger souhaitent revenir en Tunisie, a fait savoir vendredi dernier, le ministre de la Sant\u00e9 Mustapha F...\" \/>\n<meta property=\"og:url\" content=\"https:\/\/www.webdo.tn\/fr\/actualite\/national\/les-conditions-des-medecins-tunisiens-a-l-etranger-pour-revenir-en-tunisie\/218035\/\" \/>\n<meta property=\"og:site_name\" content=\"webdo\" \/>\n<meta property=\"article:publisher\" content=\"https:\/\/www.facebook.com\/webdotn\" \/>\n<meta property=\"article:published_time\" content=\"2024-12-02T10:38:00+00:00\" \/>\n<meta property=\"article:modified_time\" content=\"2025-05-20T22:15:22+00:00\" \/>\n<meta property=\"og:image\" content=\"https:\/\/www.webdo.tn\/fr\/wp-content\/uploads\/2024\/12\/9040b7816615f7e809357d795e54a20c.webp\" \/>\n\t<meta property=\"og:image:width\" content=\"750\" \/>\n\t<meta property=\"og:image:height\" content=\"400\" \/>\n\t<meta property=\"og:image:type\" content=\"image\/webp\" \/>\n<meta name=\"author\" content=\"MC\" \/>\n<meta name=\"twitter:card\" content=\"summary_large_image\" \/>\n<meta name=\"twitter:creator\" content=\"@webdo_tn\" \/>\n<meta name=\"twitter:site\" content=\"@webdo_tn\" \/>\n<meta name=\"twitter:label1\" content=\"\u00c9crit par\" \/>\n\t<meta name=\"twitter:data1\" content=\"MC\" \/>\n\t<meta name=\"twitter:label2\" content=\"Dur\u00e9e de lecture estim\u00e9e\" \/>\n\t<meta name=\"twitter:data2\" content=\"1 minute\" \/>\n<script type=\"application\/ld+json\" class=\"yoast-schema-graph\">{\"@context\":\"https:\\\/\\\/schema.org\",\"@graph\":[{\"@type\":\"NewsArticle\",\"@id\":\"https:\\\/\\\/www.webdo.tn\\\/fr\\\/actualite\\\/national\\\/les-conditions-des-medecins-tunisiens-a-l-etranger-pour-revenir-en-tunisie\\\/218035\\\/#article\",\"isPartOf\":{\"@id\":\"https:\\\/\\\/www.webdo.tn\\\/fr\\\/actualite\\\/national\\\/les-conditions-des-medecins-tunisiens-a-l-etranger-pour-revenir-en-tunisie\\\/218035\\\/\"},\"author\":{\"name\":\"MC\",\"@id\":\"https:\\\/\\\/www.webdo.tn\\\/fr\\\/#\\\/schema\\\/person\\\/2c4929cbf5a809e3bd38617c6ce150f6\"},\"headline\":\"Les conditions des m\u00e9decins tunisiens \u00e0 l\u2019\u00e9tranger pour revenir en Tunisie\",\"datePublished\":\"2024-12-02T10:38:00+00:00\",\"dateModified\":\"2025-05-20T22:15:22+00:00\",\"mainEntityOfPage\":{\"@id\":\"https:\\\/\\\/www.webdo.tn\\\/fr\\\/actualite\\\/national\\\/les-conditions-des-medecins-tunisiens-a-l-etranger-pour-revenir-en-tunisie\\\/218035\\\/\"},\"wordCount\":305,\"commentCount\":0,\"publisher\":{\"@id\":\"https:\\\/\\\/www.webdo.tn\\\/fr\\\/#organization\"},\"image\":{\"@id\":\"https:\\\/\\\/www.webdo.tn\\\/fr\\\/actualite\\\/national\\\/les-conditions-des-medecins-tunisiens-a-l-etranger-pour-revenir-en-tunisie\\\/218035\\\/#primaryimage\"},\"thumbnailUrl\":\"https:\\\/\\\/www.webdo.tn\\\/fr\\\/wp-content\\\/uploads\\\/2024\\\/12\\\/9040b7816615f7e809357d795e54a20c.webp\",\"keywords\":[\"conditions\",\"\u00e9tranger\",\"Etude\",\"m\u00e9decins\",\"Tunisie\"],\"articleSection\":[\"National\"],\"inLanguage\":\"fr-FR\"},{\"@type\":\"WebPage\",\"@id\":\"https:\\\/\\\/www.webdo.tn\\\/fr\\\/actualite\\\/national\\\/les-conditions-des-medecins-tunisiens-a-l-etranger-pour-revenir-en-tunisie\\\/218035\\\/\",\"url\":\"https:\\\/\\\/www.webdo.tn\\\/fr\\\/actualite\\\/national\\\/les-conditions-des-medecins-tunisiens-a-l-etranger-pour-revenir-en-tunisie\\\/218035\\\/\",\"name\":\"Les conditions des m\u00e9decins tunisiens \u00e0 l\u2019\u00e9tranger pour revenir en Tunisie\",\"isPartOf\":{\"@id\":\"https:\\\/\\\/www.webdo.tn\\\/fr\\\/#website\"},\"primaryImageOfPage\":{\"@id\":\"https:\\\/\\\/www.webdo.tn\\\/fr\\\/actualite\\\/national\\\/les-conditions-des-medecins-tunisiens-a-l-etranger-pour-revenir-en-tunisie\\\/218035\\\/#primaryimage\"},\"image\":{\"@id\":\"https:\\\/\\\/www.webdo.tn\\\/fr\\\/actualite\\\/national\\\/les-conditions-des-medecins-tunisiens-a-l-etranger-pour-revenir-en-tunisie\\\/218035\\\/#primaryimage\"},\"thumbnailUrl\":\"https:\\\/\\\/www.webdo.tn\\\/fr\\\/wp-content\\\/uploads\\\/2024\\\/12\\\/9040b7816615f7e809357d795e54a20c.webp\",\"datePublished\":\"2024-12-02T10:38:00+00:00\",\"dateModified\":\"2025-05-20T22:15:22+00:00\",\"description\":\"Plus de 78% des m\u00e9decins tunisiens qui pratiquent \u00e0 l\u2019\u00e9tranger souhaitent revenir en Tunisie, a fait savoir vendredi dernier, le ministre de la Sant\u00e9 Mustapha F...\",\"breadcrumb\":{\"@id\":\"https:\\\/\\\/www.webdo.tn\\\/fr\\\/actualite\\\/national\\\/les-conditions-des-medecins-tunisiens-a-l-etranger-pour-revenir-en-tunisie\\\/218035\\\/#breadcrumb\"},\"inLanguage\":\"fr-FR\",\"potentialAction\":[{\"@type\":\"ReadAction\",\"target\":[\"https:\\\/\\\/www.webdo.tn\\\/fr\\\/actualite\\\/national\\\/les-conditions-des-medecins-tunisiens-a-l-etranger-pour-revenir-en-tunisie\\\/218035\\\/\"]}]},{\"@type\":\"ImageObject\",\"inLanguage\":\"fr-FR\",\"@id\":\"https:\\\/\\\/www.webdo.tn\\\/fr\\\/actualite\\\/national\\\/les-conditions-des-medecins-tunisiens-a-l-etranger-pour-revenir-en-tunisie\\\/218035\\\/#primaryimage\",\"url\":\"https:\\\/\\\/www.webdo.tn\\\/fr\\\/wp-content\\\/uploads\\\/2024\\\/12\\\/9040b7816615f7e809357d795e54a20c.webp\",\"contentUrl\":\"https:\\\/\\\/www.webdo.tn\\\/fr\\\/wp-content\\\/uploads\\\/2024\\\/12\\\/9040b7816615f7e809357d795e54a20c.webp\",\"width\":750,\"height\":400,\"caption\":\"Les conditions des m\u00e9decins tunisiens \u00e0 l\u2019\u00e9tranger pour revenir en Tunisie\"},{\"@type\":\"BreadcrumbList\",\"@id\":\"https:\\\/\\\/www.webdo.tn\\\/fr\\\/actualite\\\/national\\\/les-conditions-des-medecins-tunisiens-a-l-etranger-pour-revenir-en-tunisie\\\/218035\\\/#breadcrumb\",\"itemListElement\":[{\"@type\":\"ListItem\",\"position\":1,\"name\":\"Accueil\",\"item\":\"https:\\\/\\\/www.webdo.tn\\\/fr\\\/\"},{\"@type\":\"ListItem\",\"position\":2,\"name\":\"Les conditions des m\u00e9decins tunisiens \u00e0 l\u2019\u00e9tranger pour revenir en Tunisie\"}]},{\"@type\":\"WebSite\",\"@id\":\"https:\\\/\\\/www.webdo.tn\\\/fr\\\/#website\",\"url\":\"https:\\\/\\\/www.webdo.tn\\\/fr\\\/\",\"name\":\"webdo\",\"description\":\"Tunisie - News en Tunisie et \u00e0 l&#039;international sur Webdo.tn\",\"publisher\":{\"@id\":\"https:\\\/\\\/www.webdo.tn\\\/fr\\\/#organization\"},\"potentialAction\":[{\"@type\":\"SearchAction\",\"target\":{\"@type\":\"EntryPoint\",\"urlTemplate\":\"https:\\\/\\\/www.webdo.tn\\\/fr\\\/?s={search_term_string}\"},\"query-input\":{\"@type\":\"PropertyValueSpecification\",\"valueRequired\":true,\"valueName\":\"search_term_string\"}}],\"inLanguage\":\"fr-FR\"},{\"@type\":\"Organization\",\"@id\":\"https:\\\/\\\/www.webdo.tn\\\/fr\\\/#organization\",\"name\":\"Webdo\",\"alternateName\":\"Webdo.tn\",\"url\":\"https:\\\/\\\/www.webdo.tn\\\/fr\\\/\",\"logo\":{\"@type\":\"ImageObject\",\"inLanguage\":\"fr-FR\",\"@id\":\"https:\\\/\\\/www.webdo.tn\\\/fr\\\/#\\\/schema\\\/logo\\\/image\\\/\",\"url\":\"https:\\\/\\\/www.webdo.tn\\\/fr\\\/wp-content\\\/uploads\\\/2025\\\/06\\\/Webdo-Tunisie_168377.jpg\",\"contentUrl\":\"https:\\\/\\\/www.webdo.tn\\\/fr\\\/wp-content\\\/uploads\\\/2025\\\/06\\\/Webdo-Tunisie_168377.jpg\",\"width\":301,\"height\":301,\"caption\":\"Webdo\"},\"image\":{\"@id\":\"https:\\\/\\\/www.webdo.tn\\\/fr\\\/#\\\/schema\\\/logo\\\/image\\\/\"},\"sameAs\":[\"https:\\\/\\\/www.facebook.com\\\/webdotn\",\"https:\\\/\\\/x.com\\\/webdo_tn\"],\"description\":\"Webdo est un m\u00e9dia num\u00e9rique tunisien fond\u00e9 en 2010, sp\u00e9cialis\u00e9 dans l\u2019actualit\u00e9 nationale et internationale, l\u2019\u00e9conomie, la soci\u00e9t\u00e9 et les analyses politiques. Le site s\u2019adresse \u00e0 un large public francophone et couvre l\u2019information tunisienne en temps r\u00e9el.\",\"email\":\"redac@webdo.tn\",\"legalName\":\"YNJ SARL\",\"foundingDate\":\"2010-09-06\",\"numberOfEmployees\":{\"@type\":\"QuantitativeValue\",\"minValue\":\"11\",\"maxValue\":\"50\"}},{\"@type\":\"Person\",\"@id\":\"https:\\\/\\\/www.webdo.tn\\\/fr\\\/#\\\/schema\\\/person\\\/2c4929cbf5a809e3bd38617c6ce150f6\",\"name\":\"MC\",\"image\":{\"@type\":\"ImageObject\",\"inLanguage\":\"fr-FR\",\"@id\":\"https:\\\/\\\/secure.gravatar.com\\\/avatar\\\/a545bbb6f84efdd5553dbbc2895e3ca8f1d12c5215e00a041c9670b54aa9b18a?s=96&d=mm&r=g\",\"url\":\"https:\\\/\\\/secure.gravatar.com\\\/avatar\\\/a545bbb6f84efdd5553dbbc2895e3ca8f1d12c5215e00a041c9670b54aa9b18a?s=96&d=mm&r=g\",\"contentUrl\":\"https:\\\/\\\/secure.gravatar.com\\\/avatar\\\/a545bbb6f84efdd5553dbbc2895e3ca8f1d12c5215e00a041c9670b54aa9b18a?s=96&d=mm&r=g\",\"caption\":\"MC\"},\"url\":\"https:\\\/\\\/www.webdo.tn\\\/fr\\\/actualite\\\/author\\\/mc\\\/\"}]}<\/script>\n<!-- \/ Yoast SEO Premium plugin. -->","yoast_head_json":{"title":"Les conditions des m\u00e9decins tunisiens \u00e0 l\u2019\u00e9tranger pour revenir en Tunisie","description":"Plus de 78% des m\u00e9decins tunisiens qui pratiquent \u00e0 l\u2019\u00e9tranger souhaitent revenir en Tunisie, a fait savoir vendredi dernier, le ministre de la Sant\u00e9 Mustapha F...","canonical":"https:\/\/www.webdo.tn\/fr\/actualite\/national\/les-conditions-des-medecins-tunisiens-a-l-etranger-pour-revenir-en-tunisie\/218035\/","og_locale":"fr_FR","og_type":"article","og_title":"Les conditions des m\u00e9decins tunisiens \u00e0 l\u2019\u00e9tranger pour revenir en Tunisie","og_description":"Plus de 78% des m\u00e9decins tunisiens qui pratiquent \u00e0 l\u2019\u00e9tranger souhaitent revenir en Tunisie, a fait savoir vendredi dernier, le ministre de la Sant\u00e9 Mustapha F...","og_url":"https:\/\/www.webdo.tn\/fr\/actualite\/national\/les-conditions-des-medecins-tunisiens-a-l-etranger-pour-revenir-en-tunisie\/218035\/","og_site_name":"webdo","article_publisher":"https:\/\/www.facebook.com\/webdotn","article_published_time":"2024-12-02T10:38:00+00:00","article_modified_time":"2025-05-20T22:15:22+00:00","og_image":[{"width":750,"height":400,"url":"https:\/\/www.webdo.tn\/fr\/wp-content\/uploads\/2024\/12\/9040b7816615f7e809357d795e54a20c.webp","type":"image\/webp"}],"author":"MC","twitter_card":"summary_large_image","twitter_creator":"@webdo_tn","twitter_site":"@webdo_tn","twitter_misc":{"\u00c9crit par":"MC","Dur\u00e9e de lecture estim\u00e9e":"1 minute"},"schema":{"@context":"https:\/\/schema.org","@graph":[{"@type":"NewsArticle","@id":"https:\/\/www.webdo.tn\/fr\/actualite\/national\/les-conditions-des-medecins-tunisiens-a-l-etranger-pour-revenir-en-tunisie\/218035\/#article","isPartOf":{"@id":"https:\/\/www.webdo.tn\/fr\/actualite\/national\/les-conditions-des-medecins-tunisiens-a-l-etranger-pour-revenir-en-tunisie\/218035\/"},"author":{"name":"MC","@id":"https:\/\/www.webdo.tn\/fr\/#\/schema\/person\/2c4929cbf5a809e3bd38617c6ce150f6"},"headline":"Les conditions des m\u00e9decins tunisiens \u00e0 l\u2019\u00e9tranger pour revenir en Tunisie","datePublished":"2024-12-02T10:38:00+00:00","dateModified":"2025-05-20T22:15:22+00:00","mainEntityOfPage":{"@id":"https:\/\/www.webdo.tn\/fr\/actualite\/national\/les-conditions-des-medecins-tunisiens-a-l-etranger-pour-revenir-en-tunisie\/218035\/"},"wordCount":305,"commentCount":0,"publisher":{"@id":"https:\/\/www.webdo.tn\/fr\/#organization"},"image":{"@id":"https:\/\/www.webdo.tn\/fr\/actualite\/national\/les-conditions-des-medecins-tunisiens-a-l-etranger-pour-revenir-en-tunisie\/218035\/#primaryimage"},"thumbnailUrl":"https:\/\/www.webdo.tn\/fr\/wp-content\/uploads\/2024\/12\/9040b7816615f7e809357d795e54a20c.webp","keywords":["conditions","\u00e9tranger","Etude","m\u00e9decins","Tunisie"],"articleSection":["National"],"inLanguage":"fr-FR"},{"@type":"WebPage","@id":"https:\/\/www.webdo.tn\/fr\/actualite\/national\/les-conditions-des-medecins-tunisiens-a-l-etranger-pour-revenir-en-tunisie\/218035\/","url":"https:\/\/www.webdo.tn\/fr\/actualite\/national\/les-conditions-des-medecins-tunisiens-a-l-etranger-pour-revenir-en-tunisie\/218035\/","name":"Les conditions des m\u00e9decins tunisiens \u00e0 l\u2019\u00e9tranger pour revenir en Tunisie","isPartOf":{"@id":"https:\/\/www.webdo.tn\/fr\/#website"},"primaryImageOfPage":{"@id":"https:\/\/www.webdo.tn\/fr\/actualite\/national\/les-conditions-des-medecins-tunisiens-a-l-etranger-pour-revenir-en-tunisie\/218035\/#primaryimage"},"image":{"@id":"https:\/\/www.webdo.tn\/fr\/actualite\/national\/les-conditions-des-medecins-tunisiens-a-l-etranger-pour-revenir-en-tunisie\/218035\/#primaryimage"},"thumbnailUrl":"https:\/\/www.webdo.tn\/fr\/wp-content\/uploads\/2024\/12\/9040b7816615f7e809357d795e54a20c.webp","datePublished":"2024-12-02T10:38:00+00:00","dateModified":"2025-05-20T22:15:22+00:00","description":"Plus de 78% des m\u00e9decins tunisiens qui pratiquent \u00e0 l\u2019\u00e9tranger souhaitent revenir en Tunisie, a fait savoir vendredi dernier, le ministre de la Sant\u00e9 Mustapha F...","breadcrumb":{"@id":"https:\/\/www.webdo.tn\/fr\/actualite\/national\/les-conditions-des-medecins-tunisiens-a-l-etranger-pour-revenir-en-tunisie\/218035\/#breadcrumb"},"inLanguage":"fr-FR","potentialAction":[{"@type":"ReadAction","target":["https:\/\/www.webdo.tn\/fr\/actualite\/national\/les-conditions-des-medecins-tunisiens-a-l-etranger-pour-revenir-en-tunisie\/218035\/"]}]},{"@type":"ImageObject","inLanguage":"fr-FR","@id":"https:\/\/www.webdo.tn\/fr\/actualite\/national\/les-conditions-des-medecins-tunisiens-a-l-etranger-pour-revenir-en-tunisie\/218035\/#primaryimage","url":"https:\/\/www.webdo.tn\/fr\/wp-content\/uploads\/2024\/12\/9040b7816615f7e809357d795e54a20c.webp","contentUrl":"https:\/\/www.webdo.tn\/fr\/wp-content\/uploads\/2024\/12\/9040b7816615f7e809357d795e54a20c.webp","width":750,"height":400,"caption":"Les conditions des m\u00e9decins tunisiens \u00e0 l\u2019\u00e9tranger pour revenir en Tunisie"},{"@type":"BreadcrumbList","@id":"https:\/\/www.webdo.tn\/fr\/actualite\/national\/les-conditions-des-medecins-tunisiens-a-l-etranger-pour-revenir-en-tunisie\/218035\/#breadcrumb","itemListElement":[{"@type":"ListItem","position":1,"name":"Accueil","item":"https:\/\/www.webdo.tn\/fr\/"},{"@type":"ListItem","position":2,"name":"Les conditions des m\u00e9decins tunisiens \u00e0 l\u2019\u00e9tranger pour revenir en Tunisie"}]},{"@type":"WebSite","@id":"https:\/\/www.webdo.tn\/fr\/#website","url":"https:\/\/www.webdo.tn\/fr\/","name":"webdo","description":"Tunisie - News en Tunisie et \u00e0 l&#039;international sur Webdo.tn","publisher":{"@id":"https:\/\/www.webdo.tn\/fr\/#organization"},"potentialAction":[{"@type":"SearchAction","target":{"@type":"EntryPoint","urlTemplate":"https:\/\/www.webdo.tn\/fr\/?s={search_term_string}"},"query-input":{"@type":"PropertyValueSpecification","valueRequired":true,"valueName":"search_term_string"}}],"inLanguage":"fr-FR"},{"@type":"Organization","@id":"https:\/\/www.webdo.tn\/fr\/#organization","name":"Webdo","alternateName":"Webdo.tn","url":"https:\/\/www.webdo.tn\/fr\/","logo":{"@type":"ImageObject","inLanguage":"fr-FR","@id":"https:\/\/www.webdo.tn\/fr\/#\/schema\/logo\/image\/","url":"https:\/\/www.webdo.tn\/fr\/wp-content\/uploads\/2025\/06\/Webdo-Tunisie_168377.jpg","contentUrl":"https:\/\/www.webdo.tn\/fr\/wp-content\/uploads\/2025\/06\/Webdo-Tunisie_168377.jpg","width":301,"height":301,"caption":"Webdo"},"image":{"@id":"https:\/\/www.webdo.tn\/fr\/#\/schema\/logo\/image\/"},"sameAs":["https:\/\/www.facebook.com\/webdotn","https:\/\/x.com\/webdo_tn"],"description":"Webdo est un m\u00e9dia num\u00e9rique tunisien fond\u00e9 en 2010, sp\u00e9cialis\u00e9 dans l\u2019actualit\u00e9 nationale et internationale, l\u2019\u00e9conomie, la soci\u00e9t\u00e9 et les analyses politiques. Le site s\u2019adresse \u00e0 un large public francophone et couvre l\u2019information tunisienne en temps r\u00e9el.","email":"redac@webdo.tn","legalName":"YNJ SARL","foundingDate":"2010-09-06","numberOfEmployees":{"@type":"QuantitativeValue","minValue":"11","maxValue":"50"}},{"@type":"Person","@id":"https:\/\/www.webdo.tn\/fr\/#\/schema\/person\/2c4929cbf5a809e3bd38617c6ce150f6","name":"MC","image":{"@type":"ImageObject","inLanguage":"fr-FR","@id":"https:\/\/secure.gravatar.com\/avatar\/a545bbb6f84efdd5553dbbc2895e3ca8f1d12c5215e00a041c9670b54aa9b18a?s=96&d=mm&r=g","url":"https:\/\/secure.gravatar.com\/avatar\/a545bbb6f84efdd5553dbbc2895e3ca8f1d12c5215e00a041c9670b54aa9b18a?s=96&d=mm&r=g","contentUrl":"https:\/\/secure.gravatar.com\/avatar\/a545bbb6f84efdd5553dbbc2895e3ca8f1d12c5215e00a041c9670b54aa9b18a?s=96&d=mm&r=g","caption":"MC"},"url":"https:\/\/www.webdo.tn\/fr\/actualite\/author\/mc\/"}]}},"_links":{"self":[{"href":"https:\/\/www.webdo.tn\/fr\/wp-json\/wp\/v2\/posts\/218035","targetHints":{"allow":["GET"]}}],"collection":[{"href":"https:\/\/www.webdo.tn\/fr\/wp-json\/wp\/v2\/posts"}],"about":[{"href":"https:\/\/www.webdo.tn\/fr\/wp-json\/wp\/v2\/types\/post"}],"author":[{"embeddable":true,"href":"https:\/\/www.webdo.tn\/fr\/wp-json\/wp\/v2\/users\/3162"}],"replies":[{"embeddable":true,"href":"https:\/\/www.webdo.tn\/fr\/wp-json\/wp\/v2\/comments?post=218035"}],"version-history":[{"count":0,"href":"https:\/\/www.webdo.tn\/fr\/wp-json\/wp\/v2\/posts\/218035\/revisions"}],"wp:featuredmedia":[{"embeddable":true,"href":"https:\/\/www.webdo.tn\/fr\/wp-json\/wp\/v2\/media\/291455"}],"wp:attachment":[{"href":"https:\/\/www.webdo.tn\/fr\/wp-json\/wp\/v2\/media?parent=218035"}],"wp:term":[{"taxonomy":"category","embeddable":true,"href":"https:\/\/www.webdo.tn\/fr\/wp-json\/wp\/v2\/categories?post=218035"},{"taxonomy":"post_tag","embeddable":true,"href":"https:\/\/www.webdo.tn\/fr\/wp-json\/wp\/v2\/tags?post=218035"}],"curies":[{"name":"wp","href":"https:\/\/api.w.org\/{rel}","templated":true}]}}