{"id":218021,"date":"2024-12-01T12:01:00","date_gmt":"2024-12-01T12:01:00","guid":{"rendered":"https:\/\/www.webdo.tn\/fr\/blog\/2024\/12\/01\/tunisie-un-plan-de-cession-des-avions-obsoletes-en-preparation-a-tunis-carthage\/"},"modified":"2025-05-21T09:01:38","modified_gmt":"2025-05-21T09:01:38","slug":"tunisie-un-plan-de-cession-des-avions-obsoletes-en-preparation-a-tunis-carthage","status":"publish","type":"post","link":"https:\/\/www.webdo.tn\/fr\/actualite\/national\/tunisie-un-plan-de-cession-des-avions-obsoletes-en-preparation-a-tunis-carthage\/218021\/","title":{"rendered":"Tunisie : Un plan de cession des avions hors service en pr\u00e9paration \u00e0 Tunis-Carthage"},"content":{"rendered":"<p>Le ministre des Transports, Rachid Amri, s\u2019est rendu samedi 30 novembre 2024 \u00e0 l\u2019a\u00e9roport international de Tunis-Carthage pour \u00e9valuer certaines probl\u00e9matiques susceptibles de compromettre la s\u00e9curit\u00e9 de ce site strat\u00e9gique.<\/p>\n<p>\t\t\t\t\t\t\t\t\tD&rsquo;apr\u00e8s un communiqu\u00e9 du minist\u00e8re, Amri a examin\u00e9, lors de sa visite, la question de l\u2019expansion ill\u00e9gale des constructions r\u00e9sidentielles et urbaines \u00e0 proximit\u00e9 de l\u2019a\u00e9roport, et a insist\u00e9 sur la n\u00e9cessit\u00e9 de trouver des solutions imm\u00e9diates pour s\u00e9curiser le p\u00e9rim\u00e8tre de l\u2019infrastructure a\u00e9roportuaire.<\/p>\n<p>Accompagn\u00e9 de Halima Khouaja, charg\u00e9e de la gestion de la direction g\u00e9n\u00e9rale de Tunisair, Amri a donn\u00e9 des instructions pour acc\u00e9l\u00e9rer l\u2019\u00e9laboration d\u2019une strat\u00e9gie de cession des avions hors service, en s\u2019appuyant sur un cabinet de conseil charg\u00e9 de pr\u00e9parer un cadre de r\u00e9f\u00e9rence et de suivre les proc\u00e9dures de vente conform\u00e9ment aux r\u00e9glementations en vigueur.<\/p>\n<p>En outre, le ministre a soulign\u00e9 l\u2019importance de mettre en place un plan d\u2019action pour c\u00e9der les \u00e9quipements obsol\u00e8tes et non utilis\u00e9s, afin de garantir des espaces de travail appropri\u00e9s \u00e0 l\u2019int\u00e9rieur de l\u2019a\u00e9roport, en ligne avec les pratiques des autres entit\u00e9s sous son supervision.<\/p>\n","protected":false},"excerpt":{"rendered":"<p>Le ministre des Transports, Rachid Amri, visite l\u2019a\u00e9roport de Tunis-Carthage pour r\u00e9soudre des probl\u00e8mes de s\u00e9curit\u00e9 li\u00e9s \u00e0 l\u2019urbanisation ill\u00e9gale et am\u00e9liorer&#8230;<\/p>\n","protected":false},"author":3166,"featured_media":243700,"comment_status":"open","ping_status":"open","sticky":false,"template":"","format":"standard","meta":{"footnotes":""},"categories":[44],"tags":[2818,3451,2608],"class_list":["post-218021","post","type-post","status-publish","format-standard","has-post-thumbnail","hentry","category-national","tag-transport","tag-tunisair","tag-tunisie"],"yoast_head":"<!-- This site is optimized with the Yoast SEO Premium plugin v27.4 (Yoast SEO v27.5) - https:\/\/yoast.com\/product\/yoast-seo-premium-wordpress\/ -->\n<title>Tunisie : Un plan de cession des avions hors service en pr\u00e9paration \u00e0 Tunis-Carthage<\/title>\n<meta name=\"description\" content=\"Le ministre des Transports, Rachid Amri, visite l\u2019a\u00e9roport de Tunis-Carthage pour r\u00e9soudre des probl\u00e8mes de s\u00e9curit\u00e9 li\u00e9s \u00e0 l\u2019urbanisation ill\u00e9gale et am\u00e9liorer...\" \/>\n<link rel=\"canonical\" href=\"https:\/\/www.webdo.tn\/fr\/actualite\/national\/tunisie-un-plan-de-cession-des-avions-obsoletes-en-preparation-a-tunis-carthage\/218021\/\" \/>\n<meta property=\"og:locale\" content=\"fr_FR\" \/>\n<meta property=\"og:type\" content=\"article\" \/>\n<meta property=\"og:title\" content=\"Tunisie : Un plan de cession des avions hors service en pr\u00e9paration \u00e0 Tunis-Carthage\" \/>\n<meta property=\"og:description\" content=\"Le ministre des Transports, Rachid Amri, visite l\u2019a\u00e9roport de Tunis-Carthage pour r\u00e9soudre des probl\u00e8mes de s\u00e9curit\u00e9 li\u00e9s \u00e0 l\u2019urbanisation ill\u00e9gale et am\u00e9liorer...\" \/>\n<meta property=\"og:url\" content=\"https:\/\/www.webdo.tn\/fr\/actualite\/national\/tunisie-un-plan-de-cession-des-avions-obsoletes-en-preparation-a-tunis-carthage\/218021\/\" \/>\n<meta property=\"og:site_name\" content=\"webdo\" \/>\n<meta property=\"article:publisher\" content=\"https:\/\/www.facebook.com\/webdotn\" \/>\n<meta property=\"article:published_time\" content=\"2024-12-01T12:01:00+00:00\" \/>\n<meta property=\"article:modified_time\" content=\"2025-05-21T09:01:38+00:00\" \/>\n<meta property=\"og:image\" content=\"https:\/\/www.webdo.tn\/fr\/wp-content\/uploads\/2025\/05\/966da47099b97bec8fff9e722949f08d-2.webp\" \/>\n\t<meta property=\"og:image:width\" content=\"750\" \/>\n\t<meta property=\"og:image:height\" content=\"400\" \/>\n\t<meta property=\"og:image:type\" content=\"image\/webp\" \/>\n<meta name=\"author\" content=\"AZ\" \/>\n<meta name=\"twitter:card\" content=\"summary_large_image\" \/>\n<meta name=\"twitter:creator\" content=\"@webdo_tn\" \/>\n<meta name=\"twitter:site\" content=\"@webdo_tn\" \/>\n<meta name=\"twitter:label1\" content=\"\u00c9crit par\" \/>\n\t<meta name=\"twitter:data1\" content=\"AZ\" \/>\n\t<meta name=\"twitter:label2\" content=\"Dur\u00e9e de lecture estim\u00e9e\" \/>\n\t<meta name=\"twitter:data2\" content=\"1 minute\" \/>\n<script type=\"application\/ld+json\" class=\"yoast-schema-graph\">{\"@context\":\"https:\\\/\\\/schema.org\",\"@graph\":[{\"@type\":\"NewsArticle\",\"@id\":\"https:\\\/\\\/www.webdo.tn\\\/fr\\\/actualite\\\/national\\\/tunisie-un-plan-de-cession-des-avions-obsoletes-en-preparation-a-tunis-carthage\\\/218021\\\/#article\",\"isPartOf\":{\"@id\":\"https:\\\/\\\/www.webdo.tn\\\/fr\\\/actualite\\\/national\\\/tunisie-un-plan-de-cession-des-avions-obsoletes-en-preparation-a-tunis-carthage\\\/218021\\\/\"},\"author\":{\"name\":\"AZ\",\"@id\":\"https:\\\/\\\/www.webdo.tn\\\/fr\\\/#\\\/schema\\\/person\\\/b8a41c04d93287d375510db360906b34\"},\"headline\":\"Tunisie : Un plan de cession des avions hors service en pr\u00e9paration \u00e0 Tunis-Carthage\",\"datePublished\":\"2024-12-01T12:01:00+00:00\",\"dateModified\":\"2025-05-21T09:01:38+00:00\",\"mainEntityOfPage\":{\"@id\":\"https:\\\/\\\/www.webdo.tn\\\/fr\\\/actualite\\\/national\\\/tunisie-un-plan-de-cession-des-avions-obsoletes-en-preparation-a-tunis-carthage\\\/218021\\\/\"},\"wordCount\":230,\"commentCount\":0,\"publisher\":{\"@id\":\"https:\\\/\\\/www.webdo.tn\\\/fr\\\/#organization\"},\"image\":{\"@id\":\"https:\\\/\\\/www.webdo.tn\\\/fr\\\/actualite\\\/national\\\/tunisie-un-plan-de-cession-des-avions-obsoletes-en-preparation-a-tunis-carthage\\\/218021\\\/#primaryimage\"},\"thumbnailUrl\":\"https:\\\/\\\/www.webdo.tn\\\/fr\\\/wp-content\\\/uploads\\\/2025\\\/05\\\/966da47099b97bec8fff9e722949f08d-2.webp\",\"keywords\":[\"Transport\",\"Tunisair\",\"Tunisie\"],\"articleSection\":[\"National\"],\"inLanguage\":\"fr-FR\"},{\"@type\":\"WebPage\",\"@id\":\"https:\\\/\\\/www.webdo.tn\\\/fr\\\/actualite\\\/national\\\/tunisie-un-plan-de-cession-des-avions-obsoletes-en-preparation-a-tunis-carthage\\\/218021\\\/\",\"url\":\"https:\\\/\\\/www.webdo.tn\\\/fr\\\/actualite\\\/national\\\/tunisie-un-plan-de-cession-des-avions-obsoletes-en-preparation-a-tunis-carthage\\\/218021\\\/\",\"name\":\"Tunisie : Un plan de cession des avions hors service en pr\u00e9paration \u00e0 Tunis-Carthage\",\"isPartOf\":{\"@id\":\"https:\\\/\\\/www.webdo.tn\\\/fr\\\/#website\"},\"primaryImageOfPage\":{\"@id\":\"https:\\\/\\\/www.webdo.tn\\\/fr\\\/actualite\\\/national\\\/tunisie-un-plan-de-cession-des-avions-obsoletes-en-preparation-a-tunis-carthage\\\/218021\\\/#primaryimage\"},\"image\":{\"@id\":\"https:\\\/\\\/www.webdo.tn\\\/fr\\\/actualite\\\/national\\\/tunisie-un-plan-de-cession-des-avions-obsoletes-en-preparation-a-tunis-carthage\\\/218021\\\/#primaryimage\"},\"thumbnailUrl\":\"https:\\\/\\\/www.webdo.tn\\\/fr\\\/wp-content\\\/uploads\\\/2025\\\/05\\\/966da47099b97bec8fff9e722949f08d-2.webp\",\"datePublished\":\"2024-12-01T12:01:00+00:00\",\"dateModified\":\"2025-05-21T09:01:38+00:00\",\"description\":\"Le ministre des Transports, Rachid Amri, visite l\u2019a\u00e9roport de Tunis-Carthage pour r\u00e9soudre des probl\u00e8mes de s\u00e9curit\u00e9 li\u00e9s \u00e0 l\u2019urbanisation ill\u00e9gale et am\u00e9liorer...\",\"breadcrumb\":{\"@id\":\"https:\\\/\\\/www.webdo.tn\\\/fr\\\/actualite\\\/national\\\/tunisie-un-plan-de-cession-des-avions-obsoletes-en-preparation-a-tunis-carthage\\\/218021\\\/#breadcrumb\"},\"inLanguage\":\"fr-FR\",\"potentialAction\":[{\"@type\":\"ReadAction\",\"target\":[\"https:\\\/\\\/www.webdo.tn\\\/fr\\\/actualite\\\/national\\\/tunisie-un-plan-de-cession-des-avions-obsoletes-en-preparation-a-tunis-carthage\\\/218021\\\/\"]}]},{\"@type\":\"ImageObject\",\"inLanguage\":\"fr-FR\",\"@id\":\"https:\\\/\\\/www.webdo.tn\\\/fr\\\/actualite\\\/national\\\/tunisie-un-plan-de-cession-des-avions-obsoletes-en-preparation-a-tunis-carthage\\\/218021\\\/#primaryimage\",\"url\":\"https:\\\/\\\/www.webdo.tn\\\/fr\\\/wp-content\\\/uploads\\\/2025\\\/05\\\/966da47099b97bec8fff9e722949f08d-2.webp\",\"contentUrl\":\"https:\\\/\\\/www.webdo.tn\\\/fr\\\/wp-content\\\/uploads\\\/2025\\\/05\\\/966da47099b97bec8fff9e722949f08d-2.webp\",\"width\":750,\"height\":400},{\"@type\":\"BreadcrumbList\",\"@id\":\"https:\\\/\\\/www.webdo.tn\\\/fr\\\/actualite\\\/national\\\/tunisie-un-plan-de-cession-des-avions-obsoletes-en-preparation-a-tunis-carthage\\\/218021\\\/#breadcrumb\",\"itemListElement\":[{\"@type\":\"ListItem\",\"position\":1,\"name\":\"Accueil\",\"item\":\"https:\\\/\\\/www.webdo.tn\\\/fr\\\/\"},{\"@type\":\"ListItem\",\"position\":2,\"name\":\"Tunisie : Un plan de cession des avions hors service en pr\u00e9paration \u00e0 Tunis-Carthage\"}]},{\"@type\":\"WebSite\",\"@id\":\"https:\\\/\\\/www.webdo.tn\\\/fr\\\/#website\",\"url\":\"https:\\\/\\\/www.webdo.tn\\\/fr\\\/\",\"name\":\"webdo\",\"description\":\"Tunisie - News en Tunisie et \u00e0 l&#039;international sur Webdo.tn\",\"publisher\":{\"@id\":\"https:\\\/\\\/www.webdo.tn\\\/fr\\\/#organization\"},\"potentialAction\":[{\"@type\":\"SearchAction\",\"target\":{\"@type\":\"EntryPoint\",\"urlTemplate\":\"https:\\\/\\\/www.webdo.tn\\\/fr\\\/?s={search_term_string}\"},\"query-input\":{\"@type\":\"PropertyValueSpecification\",\"valueRequired\":true,\"valueName\":\"search_term_string\"}}],\"inLanguage\":\"fr-FR\"},{\"@type\":\"Organization\",\"@id\":\"https:\\\/\\\/www.webdo.tn\\\/fr\\\/#organization\",\"name\":\"Webdo\",\"alternateName\":\"Webdo.tn\",\"url\":\"https:\\\/\\\/www.webdo.tn\\\/fr\\\/\",\"logo\":{\"@type\":\"ImageObject\",\"inLanguage\":\"fr-FR\",\"@id\":\"https:\\\/\\\/www.webdo.tn\\\/fr\\\/#\\\/schema\\\/logo\\\/image\\\/\",\"url\":\"https:\\\/\\\/www.webdo.tn\\\/fr\\\/wp-content\\\/uploads\\\/2025\\\/06\\\/Webdo-Tunisie_168377.jpg\",\"contentUrl\":\"https:\\\/\\\/www.webdo.tn\\\/fr\\\/wp-content\\\/uploads\\\/2025\\\/06\\\/Webdo-Tunisie_168377.jpg\",\"width\":301,\"height\":301,\"caption\":\"Webdo\"},\"image\":{\"@id\":\"https:\\\/\\\/www.webdo.tn\\\/fr\\\/#\\\/schema\\\/logo\\\/image\\\/\"},\"sameAs\":[\"https:\\\/\\\/www.facebook.com\\\/webdotn\",\"https:\\\/\\\/x.com\\\/webdo_tn\"],\"description\":\"Webdo est un m\u00e9dia num\u00e9rique tunisien fond\u00e9 en 2010, sp\u00e9cialis\u00e9 dans l\u2019actualit\u00e9 nationale et internationale, l\u2019\u00e9conomie, la soci\u00e9t\u00e9 et les analyses politiques. Le site s\u2019adresse \u00e0 un large public francophone et couvre l\u2019information tunisienne en temps r\u00e9el.\",\"email\":\"redac@webdo.tn\",\"legalName\":\"YNJ SARL\",\"foundingDate\":\"2010-09-06\",\"numberOfEmployees\":{\"@type\":\"QuantitativeValue\",\"minValue\":\"11\",\"maxValue\":\"50\"}},{\"@type\":\"Person\",\"@id\":\"https:\\\/\\\/www.webdo.tn\\\/fr\\\/#\\\/schema\\\/person\\\/b8a41c04d93287d375510db360906b34\",\"name\":\"AZ\",\"image\":{\"@type\":\"ImageObject\",\"inLanguage\":\"fr-FR\",\"@id\":\"https:\\\/\\\/secure.gravatar.com\\\/avatar\\\/492b80bada79439de4201dce15cd41eece6c277cfdf1b53382073c79105c1f89?s=96&d=mm&r=g\",\"url\":\"https:\\\/\\\/secure.gravatar.com\\\/avatar\\\/492b80bada79439de4201dce15cd41eece6c277cfdf1b53382073c79105c1f89?s=96&d=mm&r=g\",\"contentUrl\":\"https:\\\/\\\/secure.gravatar.com\\\/avatar\\\/492b80bada79439de4201dce15cd41eece6c277cfdf1b53382073c79105c1f89?s=96&d=mm&r=g\",\"caption\":\"AZ\"},\"url\":\"https:\\\/\\\/www.webdo.tn\\\/fr\\\/actualite\\\/author\\\/az\\\/\"}]}<\/script>\n<!-- \/ Yoast SEO Premium plugin. -->","yoast_head_json":{"title":"Tunisie : Un plan de cession des avions hors service en pr\u00e9paration \u00e0 Tunis-Carthage","description":"Le ministre des Transports, Rachid Amri, visite l\u2019a\u00e9roport de Tunis-Carthage pour r\u00e9soudre des probl\u00e8mes de s\u00e9curit\u00e9 li\u00e9s \u00e0 l\u2019urbanisation ill\u00e9gale et am\u00e9liorer...","canonical":"https:\/\/www.webdo.tn\/fr\/actualite\/national\/tunisie-un-plan-de-cession-des-avions-obsoletes-en-preparation-a-tunis-carthage\/218021\/","og_locale":"fr_FR","og_type":"article","og_title":"Tunisie : Un plan de cession des avions hors service en pr\u00e9paration \u00e0 Tunis-Carthage","og_description":"Le ministre des Transports, Rachid Amri, visite l\u2019a\u00e9roport de Tunis-Carthage pour r\u00e9soudre des probl\u00e8mes de s\u00e9curit\u00e9 li\u00e9s \u00e0 l\u2019urbanisation ill\u00e9gale et am\u00e9liorer...","og_url":"https:\/\/www.webdo.tn\/fr\/actualite\/national\/tunisie-un-plan-de-cession-des-avions-obsoletes-en-preparation-a-tunis-carthage\/218021\/","og_site_name":"webdo","article_publisher":"https:\/\/www.facebook.com\/webdotn","article_published_time":"2024-12-01T12:01:00+00:00","article_modified_time":"2025-05-21T09:01:38+00:00","og_image":[{"width":750,"height":400,"url":"https:\/\/www.webdo.tn\/fr\/wp-content\/uploads\/2025\/05\/966da47099b97bec8fff9e722949f08d-2.webp","type":"image\/webp"}],"author":"AZ","twitter_card":"summary_large_image","twitter_creator":"@webdo_tn","twitter_site":"@webdo_tn","twitter_misc":{"\u00c9crit par":"AZ","Dur\u00e9e de lecture estim\u00e9e":"1 minute"},"schema":{"@context":"https:\/\/schema.org","@graph":[{"@type":"NewsArticle","@id":"https:\/\/www.webdo.tn\/fr\/actualite\/national\/tunisie-un-plan-de-cession-des-avions-obsoletes-en-preparation-a-tunis-carthage\/218021\/#article","isPartOf":{"@id":"https:\/\/www.webdo.tn\/fr\/actualite\/national\/tunisie-un-plan-de-cession-des-avions-obsoletes-en-preparation-a-tunis-carthage\/218021\/"},"author":{"name":"AZ","@id":"https:\/\/www.webdo.tn\/fr\/#\/schema\/person\/b8a41c04d93287d375510db360906b34"},"headline":"Tunisie : Un plan de cession des avions hors service en pr\u00e9paration \u00e0 Tunis-Carthage","datePublished":"2024-12-01T12:01:00+00:00","dateModified":"2025-05-21T09:01:38+00:00","mainEntityOfPage":{"@id":"https:\/\/www.webdo.tn\/fr\/actualite\/national\/tunisie-un-plan-de-cession-des-avions-obsoletes-en-preparation-a-tunis-carthage\/218021\/"},"wordCount":230,"commentCount":0,"publisher":{"@id":"https:\/\/www.webdo.tn\/fr\/#organization"},"image":{"@id":"https:\/\/www.webdo.tn\/fr\/actualite\/national\/tunisie-un-plan-de-cession-des-avions-obsoletes-en-preparation-a-tunis-carthage\/218021\/#primaryimage"},"thumbnailUrl":"https:\/\/www.webdo.tn\/fr\/wp-content\/uploads\/2025\/05\/966da47099b97bec8fff9e722949f08d-2.webp","keywords":["Transport","Tunisair","Tunisie"],"articleSection":["National"],"inLanguage":"fr-FR"},{"@type":"WebPage","@id":"https:\/\/www.webdo.tn\/fr\/actualite\/national\/tunisie-un-plan-de-cession-des-avions-obsoletes-en-preparation-a-tunis-carthage\/218021\/","url":"https:\/\/www.webdo.tn\/fr\/actualite\/national\/tunisie-un-plan-de-cession-des-avions-obsoletes-en-preparation-a-tunis-carthage\/218021\/","name":"Tunisie : Un plan de cession des avions hors service en pr\u00e9paration \u00e0 Tunis-Carthage","isPartOf":{"@id":"https:\/\/www.webdo.tn\/fr\/#website"},"primaryImageOfPage":{"@id":"https:\/\/www.webdo.tn\/fr\/actualite\/national\/tunisie-un-plan-de-cession-des-avions-obsoletes-en-preparation-a-tunis-carthage\/218021\/#primaryimage"},"image":{"@id":"https:\/\/www.webdo.tn\/fr\/actualite\/national\/tunisie-un-plan-de-cession-des-avions-obsoletes-en-preparation-a-tunis-carthage\/218021\/#primaryimage"},"thumbnailUrl":"https:\/\/www.webdo.tn\/fr\/wp-content\/uploads\/2025\/05\/966da47099b97bec8fff9e722949f08d-2.webp","datePublished":"2024-12-01T12:01:00+00:00","dateModified":"2025-05-21T09:01:38+00:00","description":"Le ministre des Transports, Rachid Amri, visite l\u2019a\u00e9roport de Tunis-Carthage pour r\u00e9soudre des probl\u00e8mes de s\u00e9curit\u00e9 li\u00e9s \u00e0 l\u2019urbanisation ill\u00e9gale et am\u00e9liorer...","breadcrumb":{"@id":"https:\/\/www.webdo.tn\/fr\/actualite\/national\/tunisie-un-plan-de-cession-des-avions-obsoletes-en-preparation-a-tunis-carthage\/218021\/#breadcrumb"},"inLanguage":"fr-FR","potentialAction":[{"@type":"ReadAction","target":["https:\/\/www.webdo.tn\/fr\/actualite\/national\/tunisie-un-plan-de-cession-des-avions-obsoletes-en-preparation-a-tunis-carthage\/218021\/"]}]},{"@type":"ImageObject","inLanguage":"fr-FR","@id":"https:\/\/www.webdo.tn\/fr\/actualite\/national\/tunisie-un-plan-de-cession-des-avions-obsoletes-en-preparation-a-tunis-carthage\/218021\/#primaryimage","url":"https:\/\/www.webdo.tn\/fr\/wp-content\/uploads\/2025\/05\/966da47099b97bec8fff9e722949f08d-2.webp","contentUrl":"https:\/\/www.webdo.tn\/fr\/wp-content\/uploads\/2025\/05\/966da47099b97bec8fff9e722949f08d-2.webp","width":750,"height":400},{"@type":"BreadcrumbList","@id":"https:\/\/www.webdo.tn\/fr\/actualite\/national\/tunisie-un-plan-de-cession-des-avions-obsoletes-en-preparation-a-tunis-carthage\/218021\/#breadcrumb","itemListElement":[{"@type":"ListItem","position":1,"name":"Accueil","item":"https:\/\/www.webdo.tn\/fr\/"},{"@type":"ListItem","position":2,"name":"Tunisie : Un plan de cession des avions hors service en pr\u00e9paration \u00e0 Tunis-Carthage"}]},{"@type":"WebSite","@id":"https:\/\/www.webdo.tn\/fr\/#website","url":"https:\/\/www.webdo.tn\/fr\/","name":"webdo","description":"Tunisie - News en Tunisie et \u00e0 l&#039;international sur Webdo.tn","publisher":{"@id":"https:\/\/www.webdo.tn\/fr\/#organization"},"potentialAction":[{"@type":"SearchAction","target":{"@type":"EntryPoint","urlTemplate":"https:\/\/www.webdo.tn\/fr\/?s={search_term_string}"},"query-input":{"@type":"PropertyValueSpecification","valueRequired":true,"valueName":"search_term_string"}}],"inLanguage":"fr-FR"},{"@type":"Organization","@id":"https:\/\/www.webdo.tn\/fr\/#organization","name":"Webdo","alternateName":"Webdo.tn","url":"https:\/\/www.webdo.tn\/fr\/","logo":{"@type":"ImageObject","inLanguage":"fr-FR","@id":"https:\/\/www.webdo.tn\/fr\/#\/schema\/logo\/image\/","url":"https:\/\/www.webdo.tn\/fr\/wp-content\/uploads\/2025\/06\/Webdo-Tunisie_168377.jpg","contentUrl":"https:\/\/www.webdo.tn\/fr\/wp-content\/uploads\/2025\/06\/Webdo-Tunisie_168377.jpg","width":301,"height":301,"caption":"Webdo"},"image":{"@id":"https:\/\/www.webdo.tn\/fr\/#\/schema\/logo\/image\/"},"sameAs":["https:\/\/www.facebook.com\/webdotn","https:\/\/x.com\/webdo_tn"],"description":"Webdo est un m\u00e9dia num\u00e9rique tunisien fond\u00e9 en 2010, sp\u00e9cialis\u00e9 dans l\u2019actualit\u00e9 nationale et internationale, l\u2019\u00e9conomie, la soci\u00e9t\u00e9 et les analyses politiques. Le site s\u2019adresse \u00e0 un large public francophone et couvre l\u2019information tunisienne en temps r\u00e9el.","email":"redac@webdo.tn","legalName":"YNJ SARL","foundingDate":"2010-09-06","numberOfEmployees":{"@type":"QuantitativeValue","minValue":"11","maxValue":"50"}},{"@type":"Person","@id":"https:\/\/www.webdo.tn\/fr\/#\/schema\/person\/b8a41c04d93287d375510db360906b34","name":"AZ","image":{"@type":"ImageObject","inLanguage":"fr-FR","@id":"https:\/\/secure.gravatar.com\/avatar\/492b80bada79439de4201dce15cd41eece6c277cfdf1b53382073c79105c1f89?s=96&d=mm&r=g","url":"https:\/\/secure.gravatar.com\/avatar\/492b80bada79439de4201dce15cd41eece6c277cfdf1b53382073c79105c1f89?s=96&d=mm&r=g","contentUrl":"https:\/\/secure.gravatar.com\/avatar\/492b80bada79439de4201dce15cd41eece6c277cfdf1b53382073c79105c1f89?s=96&d=mm&r=g","caption":"AZ"},"url":"https:\/\/www.webdo.tn\/fr\/actualite\/author\/az\/"}]}},"_links":{"self":[{"href":"https:\/\/www.webdo.tn\/fr\/wp-json\/wp\/v2\/posts\/218021","targetHints":{"allow":["GET"]}}],"collection":[{"href":"https:\/\/www.webdo.tn\/fr\/wp-json\/wp\/v2\/posts"}],"about":[{"href":"https:\/\/www.webdo.tn\/fr\/wp-json\/wp\/v2\/types\/post"}],"author":[{"embeddable":true,"href":"https:\/\/www.webdo.tn\/fr\/wp-json\/wp\/v2\/users\/3166"}],"replies":[{"embeddable":true,"href":"https:\/\/www.webdo.tn\/fr\/wp-json\/wp\/v2\/comments?post=218021"}],"version-history":[{"count":0,"href":"https:\/\/www.webdo.tn\/fr\/wp-json\/wp\/v2\/posts\/218021\/revisions"}],"wp:featuredmedia":[{"embeddable":true,"href":"https:\/\/www.webdo.tn\/fr\/wp-json\/wp\/v2\/media\/243700"}],"wp:attachment":[{"href":"https:\/\/www.webdo.tn\/fr\/wp-json\/wp\/v2\/media?parent=218021"}],"wp:term":[{"taxonomy":"category","embeddable":true,"href":"https:\/\/www.webdo.tn\/fr\/wp-json\/wp\/v2\/categories?post=218021"},{"taxonomy":"post_tag","embeddable":true,"href":"https:\/\/www.webdo.tn\/fr\/wp-json\/wp\/v2\/tags?post=218021"}],"curies":[{"name":"wp","href":"https:\/\/api.w.org\/{rel}","templated":true}]}}