{"id":218005,"date":"2024-11-30T09:59:00","date_gmt":"2024-11-30T09:59:00","guid":{"rendered":"https:\/\/www.webdo.tn\/fr\/blog\/2024\/11\/30\/tunisie-suspension-des-cours-apres-des-actes-de-violence-dans-deux-colleges-a-l-ariana\/"},"modified":"2025-05-20T21:46:06","modified_gmt":"2025-05-20T21:46:06","slug":"tunisie-suspension-des-cours-apres-des-actes-de-violence-dans-deux-colleges-a-l-ariana","status":"publish","type":"post","link":"https:\/\/www.webdo.tn\/fr\/actualite\/divers\/tunisie-suspension-des-cours-apres-des-actes-de-violence-dans-deux-colleges-a-l-ariana\/218005\/","title":{"rendered":"Tunisie : Suspension des cours apr\u00e8s des actes de violence dans deux coll\u00e8ges \u00e0 l\u2019Ariana"},"content":{"rendered":"<p>Les cours ont \u00e9t\u00e9 suspendus ce vendredi 29 novembre 2024 dans les coll\u00e8ges Raoued 1 et Raoued 2, suite \u00e0 des actes de violence impliquant des \u00e9l\u00e8ves. Ces derniers ont jet\u00e9 des pierres sur les b\u00e2timents scolaires et le parking r\u00e9serv\u00e9 aux enseignants, perturbant gravement le d\u00e9roulement des activit\u00e9s \u00e9ducatives.<\/p>\n<p>\t\t\t\t\t\t\t\t\tL\u2019incident s\u2019est produit en marge d\u2019une manifestation des enseignants, organis\u00e9e \u00e0 l\u2019appel de la F\u00e9d\u00e9ration g\u00e9n\u00e9rale de l\u2019enseignement secondaire. Les protestataires exprimaient leur col\u00e8re apr\u00e8s le d\u00e9c\u00e8s tragique d\u2019un coll\u00e8gue au coll\u00e8ge Ibn Charaf de Chebba, dans le gouvernorat de Mahdia.<\/p>\n<p>Rappelons qu\u2019un professeur d&rsquo;\u00e9ducation islamique, victime d&rsquo;une campagne de harc\u00e8lement et d&rsquo;intimidation men\u00e9e par des \u00e9l\u00e8ves et des individus \u00e9trangers \u00e0 l\u2019\u00e9tablissement, sans que l\u2019administration n\u2019intervienne, s\u2019est immol\u00e9 par le feu et est d\u00e9c\u00e9d\u00e9 jeudi dernier, succombant \u00e0 ses br\u00fblures.<\/p>\n<p>Mohamed Amine Jelibi, secr\u00e9taire g\u00e9n\u00e9ral du syndicat de l\u2019enseignement secondaire \u00e0 Raoued, a indiqu\u00e9 que l\u2019intervention rapide des forces de l\u2019ordre a permis d\u2019\u00e9viter des cons\u00e9quences encore plus graves.<\/p>\n<p>Depuis 2017, les coll\u00e8ges Raoued 1 et Raoued 2 doivent composer avec une surpopulation scolaire, malgr\u00e9 la cr\u00e9ation du second \u00e9tablissement pour all\u00e9ger les effectifs. La situation est aggrav\u00e9e par un manque chronique de personnel administratif et \u00e9ducatif, un probl\u00e8me signal\u00e9 \u00e0 plusieurs reprises aux autorit\u00e9s \u00e9ducatives, sans qu\u2019aucune solution concr\u00e8te n\u2019ait \u00e9t\u00e9 apport\u00e9e. \u00a0<\/p>\n<p>Cet incident illustre une nouvelle fois les tensions grandissantes dans le secteur \u00e9ducatif tunisien, o\u00f9 les revendications des enseignants et les difficult\u00e9s structurelles des \u00e9tablissements continuent de s\u2019accumuler sans r\u00e9ponse ad\u00e9quate.<\/p>\n","protected":false},"excerpt":{"rendered":"<p>Les cours ont \u00e9t\u00e9 suspendus ce vendredi 29 novembre 2024 dans les coll\u00e8ges Raoued 1 et Raoued 2, suite \u00e0 des actes de violence impliquant des \u00e9l\u00e8ves. Ces dernie&#8230;<\/p>\n","protected":false},"author":3162,"featured_media":243736,"comment_status":"open","ping_status":"open","sticky":false,"template":"","format":"standard","meta":{"footnotes":""},"categories":[2839],"tags":[3463,4352,2634,3911,3949,2608,2827],"class_list":["post-218005","post","type-post","status-publish","format-standard","has-post-thumbnail","hentry","category-divers","tag-ariana","tag-cours","tag-education","tag-enseignants","tag-raoued","tag-tunisie","tag-violence"],"yoast_head":"<!-- This site is optimized with the Yoast SEO Premium plugin v27.4 (Yoast SEO v27.5) - https:\/\/yoast.com\/product\/yoast-seo-premium-wordpress\/ -->\n<title>Tunisie : Suspension des cours apr\u00e8s des actes de violence dans deux coll\u00e8ges \u00e0 l\u2019Ariana<\/title>\n<meta name=\"description\" content=\"Les cours ont \u00e9t\u00e9 suspendus ce vendredi 29 novembre 2024 dans les coll\u00e8ges Raoued 1 et Raoued 2, suite \u00e0 des actes de violence impliquant des \u00e9l\u00e8ves. Ces dernie...\" \/>\n<link rel=\"canonical\" href=\"https:\/\/www.webdo.tn\/fr\/actualite\/divers\/tunisie-suspension-des-cours-apres-des-actes-de-violence-dans-deux-colleges-a-l-ariana\/218005\/\" \/>\n<meta property=\"og:locale\" content=\"fr_FR\" \/>\n<meta property=\"og:type\" content=\"article\" \/>\n<meta property=\"og:title\" content=\"Tunisie : Suspension des cours apr\u00e8s des actes de violence dans deux coll\u00e8ges \u00e0 l\u2019Ariana\" \/>\n<meta property=\"og:description\" content=\"Les cours ont \u00e9t\u00e9 suspendus ce vendredi 29 novembre 2024 dans les coll\u00e8ges Raoued 1 et Raoued 2, suite \u00e0 des actes de violence impliquant des \u00e9l\u00e8ves. Ces dernie...\" \/>\n<meta property=\"og:url\" content=\"https:\/\/www.webdo.tn\/fr\/actualite\/divers\/tunisie-suspension-des-cours-apres-des-actes-de-violence-dans-deux-colleges-a-l-ariana\/218005\/\" \/>\n<meta property=\"og:site_name\" content=\"webdo\" \/>\n<meta property=\"article:publisher\" content=\"https:\/\/www.facebook.com\/webdotn\" \/>\n<meta property=\"article:published_time\" content=\"2024-11-30T09:59:00+00:00\" \/>\n<meta property=\"article:modified_time\" content=\"2025-05-20T21:46:06+00:00\" \/>\n<meta property=\"og:image\" content=\"https:\/\/www.webdo.tn\/fr\/wp-content\/uploads\/2025\/05\/b37b223ff1902f346cd4110cce9ee962-2.webp\" \/>\n\t<meta property=\"og:image:width\" content=\"750\" \/>\n\t<meta property=\"og:image:height\" content=\"400\" \/>\n\t<meta property=\"og:image:type\" content=\"image\/webp\" \/>\n<meta name=\"author\" content=\"MC\" \/>\n<meta name=\"twitter:card\" content=\"summary_large_image\" \/>\n<meta name=\"twitter:creator\" content=\"@webdo_tn\" \/>\n<meta name=\"twitter:site\" content=\"@webdo_tn\" \/>\n<meta name=\"twitter:label1\" content=\"\u00c9crit par\" \/>\n\t<meta name=\"twitter:data1\" content=\"MC\" \/>\n\t<meta name=\"twitter:label2\" content=\"Dur\u00e9e de lecture estim\u00e9e\" \/>\n\t<meta name=\"twitter:data2\" content=\"1 minute\" \/>\n<script type=\"application\/ld+json\" class=\"yoast-schema-graph\">{\"@context\":\"https:\\\/\\\/schema.org\",\"@graph\":[{\"@type\":\"NewsArticle\",\"@id\":\"https:\\\/\\\/www.webdo.tn\\\/fr\\\/actualite\\\/divers\\\/tunisie-suspension-des-cours-apres-des-actes-de-violence-dans-deux-colleges-a-l-ariana\\\/218005\\\/#article\",\"isPartOf\":{\"@id\":\"https:\\\/\\\/www.webdo.tn\\\/fr\\\/actualite\\\/divers\\\/tunisie-suspension-des-cours-apres-des-actes-de-violence-dans-deux-colleges-a-l-ariana\\\/218005\\\/\"},\"author\":{\"name\":\"MC\",\"@id\":\"https:\\\/\\\/www.webdo.tn\\\/fr\\\/#\\\/schema\\\/person\\\/2c4929cbf5a809e3bd38617c6ce150f6\"},\"headline\":\"Tunisie : Suspension des cours apr\u00e8s des actes de violence dans deux coll\u00e8ges \u00e0 l\u2019Ariana\",\"datePublished\":\"2024-11-30T09:59:00+00:00\",\"dateModified\":\"2025-05-20T21:46:06+00:00\",\"mainEntityOfPage\":{\"@id\":\"https:\\\/\\\/www.webdo.tn\\\/fr\\\/actualite\\\/divers\\\/tunisie-suspension-des-cours-apres-des-actes-de-violence-dans-deux-colleges-a-l-ariana\\\/218005\\\/\"},\"wordCount\":307,\"commentCount\":0,\"publisher\":{\"@id\":\"https:\\\/\\\/www.webdo.tn\\\/fr\\\/#organization\"},\"image\":{\"@id\":\"https:\\\/\\\/www.webdo.tn\\\/fr\\\/actualite\\\/divers\\\/tunisie-suspension-des-cours-apres-des-actes-de-violence-dans-deux-colleges-a-l-ariana\\\/218005\\\/#primaryimage\"},\"thumbnailUrl\":\"https:\\\/\\\/www.webdo.tn\\\/fr\\\/wp-content\\\/uploads\\\/2025\\\/05\\\/b37b223ff1902f346cd4110cce9ee962-2.webp\",\"keywords\":[\"ariana\",\"cours\",\"\u00e9ducation\",\"enseignants\",\"raoued\",\"Tunisie\",\"violence\"],\"articleSection\":[\"Divers\"],\"inLanguage\":\"fr-FR\"},{\"@type\":\"WebPage\",\"@id\":\"https:\\\/\\\/www.webdo.tn\\\/fr\\\/actualite\\\/divers\\\/tunisie-suspension-des-cours-apres-des-actes-de-violence-dans-deux-colleges-a-l-ariana\\\/218005\\\/\",\"url\":\"https:\\\/\\\/www.webdo.tn\\\/fr\\\/actualite\\\/divers\\\/tunisie-suspension-des-cours-apres-des-actes-de-violence-dans-deux-colleges-a-l-ariana\\\/218005\\\/\",\"name\":\"Tunisie : Suspension des cours apr\u00e8s des actes de violence dans deux coll\u00e8ges \u00e0 l\u2019Ariana\",\"isPartOf\":{\"@id\":\"https:\\\/\\\/www.webdo.tn\\\/fr\\\/#website\"},\"primaryImageOfPage\":{\"@id\":\"https:\\\/\\\/www.webdo.tn\\\/fr\\\/actualite\\\/divers\\\/tunisie-suspension-des-cours-apres-des-actes-de-violence-dans-deux-colleges-a-l-ariana\\\/218005\\\/#primaryimage\"},\"image\":{\"@id\":\"https:\\\/\\\/www.webdo.tn\\\/fr\\\/actualite\\\/divers\\\/tunisie-suspension-des-cours-apres-des-actes-de-violence-dans-deux-colleges-a-l-ariana\\\/218005\\\/#primaryimage\"},\"thumbnailUrl\":\"https:\\\/\\\/www.webdo.tn\\\/fr\\\/wp-content\\\/uploads\\\/2025\\\/05\\\/b37b223ff1902f346cd4110cce9ee962-2.webp\",\"datePublished\":\"2024-11-30T09:59:00+00:00\",\"dateModified\":\"2025-05-20T21:46:06+00:00\",\"description\":\"Les cours ont \u00e9t\u00e9 suspendus ce vendredi 29 novembre 2024 dans les coll\u00e8ges Raoued 1 et Raoued 2, suite \u00e0 des actes de violence impliquant des \u00e9l\u00e8ves. Ces dernie...\",\"breadcrumb\":{\"@id\":\"https:\\\/\\\/www.webdo.tn\\\/fr\\\/actualite\\\/divers\\\/tunisie-suspension-des-cours-apres-des-actes-de-violence-dans-deux-colleges-a-l-ariana\\\/218005\\\/#breadcrumb\"},\"inLanguage\":\"fr-FR\",\"potentialAction\":[{\"@type\":\"ReadAction\",\"target\":[\"https:\\\/\\\/www.webdo.tn\\\/fr\\\/actualite\\\/divers\\\/tunisie-suspension-des-cours-apres-des-actes-de-violence-dans-deux-colleges-a-l-ariana\\\/218005\\\/\"]}]},{\"@type\":\"ImageObject\",\"inLanguage\":\"fr-FR\",\"@id\":\"https:\\\/\\\/www.webdo.tn\\\/fr\\\/actualite\\\/divers\\\/tunisie-suspension-des-cours-apres-des-actes-de-violence-dans-deux-colleges-a-l-ariana\\\/218005\\\/#primaryimage\",\"url\":\"https:\\\/\\\/www.webdo.tn\\\/fr\\\/wp-content\\\/uploads\\\/2025\\\/05\\\/b37b223ff1902f346cd4110cce9ee962-2.webp\",\"contentUrl\":\"https:\\\/\\\/www.webdo.tn\\\/fr\\\/wp-content\\\/uploads\\\/2025\\\/05\\\/b37b223ff1902f346cd4110cce9ee962-2.webp\",\"width\":750,\"height\":400},{\"@type\":\"BreadcrumbList\",\"@id\":\"https:\\\/\\\/www.webdo.tn\\\/fr\\\/actualite\\\/divers\\\/tunisie-suspension-des-cours-apres-des-actes-de-violence-dans-deux-colleges-a-l-ariana\\\/218005\\\/#breadcrumb\",\"itemListElement\":[{\"@type\":\"ListItem\",\"position\":1,\"name\":\"Accueil\",\"item\":\"https:\\\/\\\/www.webdo.tn\\\/fr\\\/\"},{\"@type\":\"ListItem\",\"position\":2,\"name\":\"Tunisie : Suspension des cours apr\u00e8s des actes de violence dans deux coll\u00e8ges \u00e0 l\u2019Ariana\"}]},{\"@type\":\"WebSite\",\"@id\":\"https:\\\/\\\/www.webdo.tn\\\/fr\\\/#website\",\"url\":\"https:\\\/\\\/www.webdo.tn\\\/fr\\\/\",\"name\":\"webdo\",\"description\":\"Tunisie - News en Tunisie et \u00e0 l&#039;international sur Webdo.tn\",\"publisher\":{\"@id\":\"https:\\\/\\\/www.webdo.tn\\\/fr\\\/#organization\"},\"potentialAction\":[{\"@type\":\"SearchAction\",\"target\":{\"@type\":\"EntryPoint\",\"urlTemplate\":\"https:\\\/\\\/www.webdo.tn\\\/fr\\\/?s={search_term_string}\"},\"query-input\":{\"@type\":\"PropertyValueSpecification\",\"valueRequired\":true,\"valueName\":\"search_term_string\"}}],\"inLanguage\":\"fr-FR\"},{\"@type\":\"Organization\",\"@id\":\"https:\\\/\\\/www.webdo.tn\\\/fr\\\/#organization\",\"name\":\"Webdo\",\"alternateName\":\"Webdo.tn\",\"url\":\"https:\\\/\\\/www.webdo.tn\\\/fr\\\/\",\"logo\":{\"@type\":\"ImageObject\",\"inLanguage\":\"fr-FR\",\"@id\":\"https:\\\/\\\/www.webdo.tn\\\/fr\\\/#\\\/schema\\\/logo\\\/image\\\/\",\"url\":\"https:\\\/\\\/www.webdo.tn\\\/fr\\\/wp-content\\\/uploads\\\/2025\\\/06\\\/Webdo-Tunisie_168377.jpg\",\"contentUrl\":\"https:\\\/\\\/www.webdo.tn\\\/fr\\\/wp-content\\\/uploads\\\/2025\\\/06\\\/Webdo-Tunisie_168377.jpg\",\"width\":301,\"height\":301,\"caption\":\"Webdo\"},\"image\":{\"@id\":\"https:\\\/\\\/www.webdo.tn\\\/fr\\\/#\\\/schema\\\/logo\\\/image\\\/\"},\"sameAs\":[\"https:\\\/\\\/www.facebook.com\\\/webdotn\",\"https:\\\/\\\/x.com\\\/webdo_tn\"],\"description\":\"Webdo est un m\u00e9dia num\u00e9rique tunisien fond\u00e9 en 2010, sp\u00e9cialis\u00e9 dans l\u2019actualit\u00e9 nationale et internationale, l\u2019\u00e9conomie, la soci\u00e9t\u00e9 et les analyses politiques. Le site s\u2019adresse \u00e0 un large public francophone et couvre l\u2019information tunisienne en temps r\u00e9el.\",\"email\":\"redac@webdo.tn\",\"legalName\":\"YNJ SARL\",\"foundingDate\":\"2010-09-06\",\"numberOfEmployees\":{\"@type\":\"QuantitativeValue\",\"minValue\":\"11\",\"maxValue\":\"50\"}},{\"@type\":\"Person\",\"@id\":\"https:\\\/\\\/www.webdo.tn\\\/fr\\\/#\\\/schema\\\/person\\\/2c4929cbf5a809e3bd38617c6ce150f6\",\"name\":\"MC\",\"image\":{\"@type\":\"ImageObject\",\"inLanguage\":\"fr-FR\",\"@id\":\"https:\\\/\\\/secure.gravatar.com\\\/avatar\\\/a545bbb6f84efdd5553dbbc2895e3ca8f1d12c5215e00a041c9670b54aa9b18a?s=96&d=mm&r=g\",\"url\":\"https:\\\/\\\/secure.gravatar.com\\\/avatar\\\/a545bbb6f84efdd5553dbbc2895e3ca8f1d12c5215e00a041c9670b54aa9b18a?s=96&d=mm&r=g\",\"contentUrl\":\"https:\\\/\\\/secure.gravatar.com\\\/avatar\\\/a545bbb6f84efdd5553dbbc2895e3ca8f1d12c5215e00a041c9670b54aa9b18a?s=96&d=mm&r=g\",\"caption\":\"MC\"},\"url\":\"https:\\\/\\\/www.webdo.tn\\\/fr\\\/actualite\\\/author\\\/mc\\\/\"}]}<\/script>\n<!-- \/ Yoast SEO Premium plugin. -->","yoast_head_json":{"title":"Tunisie : Suspension des cours apr\u00e8s des actes de violence dans deux coll\u00e8ges \u00e0 l\u2019Ariana","description":"Les cours ont \u00e9t\u00e9 suspendus ce vendredi 29 novembre 2024 dans les coll\u00e8ges Raoued 1 et Raoued 2, suite \u00e0 des actes de violence impliquant des \u00e9l\u00e8ves. Ces dernie...","canonical":"https:\/\/www.webdo.tn\/fr\/actualite\/divers\/tunisie-suspension-des-cours-apres-des-actes-de-violence-dans-deux-colleges-a-l-ariana\/218005\/","og_locale":"fr_FR","og_type":"article","og_title":"Tunisie : Suspension des cours apr\u00e8s des actes de violence dans deux coll\u00e8ges \u00e0 l\u2019Ariana","og_description":"Les cours ont \u00e9t\u00e9 suspendus ce vendredi 29 novembre 2024 dans les coll\u00e8ges Raoued 1 et Raoued 2, suite \u00e0 des actes de violence impliquant des \u00e9l\u00e8ves. Ces dernie...","og_url":"https:\/\/www.webdo.tn\/fr\/actualite\/divers\/tunisie-suspension-des-cours-apres-des-actes-de-violence-dans-deux-colleges-a-l-ariana\/218005\/","og_site_name":"webdo","article_publisher":"https:\/\/www.facebook.com\/webdotn","article_published_time":"2024-11-30T09:59:00+00:00","article_modified_time":"2025-05-20T21:46:06+00:00","og_image":[{"width":750,"height":400,"url":"https:\/\/www.webdo.tn\/fr\/wp-content\/uploads\/2025\/05\/b37b223ff1902f346cd4110cce9ee962-2.webp","type":"image\/webp"}],"author":"MC","twitter_card":"summary_large_image","twitter_creator":"@webdo_tn","twitter_site":"@webdo_tn","twitter_misc":{"\u00c9crit par":"MC","Dur\u00e9e de lecture estim\u00e9e":"1 minute"},"schema":{"@context":"https:\/\/schema.org","@graph":[{"@type":"NewsArticle","@id":"https:\/\/www.webdo.tn\/fr\/actualite\/divers\/tunisie-suspension-des-cours-apres-des-actes-de-violence-dans-deux-colleges-a-l-ariana\/218005\/#article","isPartOf":{"@id":"https:\/\/www.webdo.tn\/fr\/actualite\/divers\/tunisie-suspension-des-cours-apres-des-actes-de-violence-dans-deux-colleges-a-l-ariana\/218005\/"},"author":{"name":"MC","@id":"https:\/\/www.webdo.tn\/fr\/#\/schema\/person\/2c4929cbf5a809e3bd38617c6ce150f6"},"headline":"Tunisie : Suspension des cours apr\u00e8s des actes de violence dans deux coll\u00e8ges \u00e0 l\u2019Ariana","datePublished":"2024-11-30T09:59:00+00:00","dateModified":"2025-05-20T21:46:06+00:00","mainEntityOfPage":{"@id":"https:\/\/www.webdo.tn\/fr\/actualite\/divers\/tunisie-suspension-des-cours-apres-des-actes-de-violence-dans-deux-colleges-a-l-ariana\/218005\/"},"wordCount":307,"commentCount":0,"publisher":{"@id":"https:\/\/www.webdo.tn\/fr\/#organization"},"image":{"@id":"https:\/\/www.webdo.tn\/fr\/actualite\/divers\/tunisie-suspension-des-cours-apres-des-actes-de-violence-dans-deux-colleges-a-l-ariana\/218005\/#primaryimage"},"thumbnailUrl":"https:\/\/www.webdo.tn\/fr\/wp-content\/uploads\/2025\/05\/b37b223ff1902f346cd4110cce9ee962-2.webp","keywords":["ariana","cours","\u00e9ducation","enseignants","raoued","Tunisie","violence"],"articleSection":["Divers"],"inLanguage":"fr-FR"},{"@type":"WebPage","@id":"https:\/\/www.webdo.tn\/fr\/actualite\/divers\/tunisie-suspension-des-cours-apres-des-actes-de-violence-dans-deux-colleges-a-l-ariana\/218005\/","url":"https:\/\/www.webdo.tn\/fr\/actualite\/divers\/tunisie-suspension-des-cours-apres-des-actes-de-violence-dans-deux-colleges-a-l-ariana\/218005\/","name":"Tunisie : Suspension des cours apr\u00e8s des actes de violence dans deux coll\u00e8ges \u00e0 l\u2019Ariana","isPartOf":{"@id":"https:\/\/www.webdo.tn\/fr\/#website"},"primaryImageOfPage":{"@id":"https:\/\/www.webdo.tn\/fr\/actualite\/divers\/tunisie-suspension-des-cours-apres-des-actes-de-violence-dans-deux-colleges-a-l-ariana\/218005\/#primaryimage"},"image":{"@id":"https:\/\/www.webdo.tn\/fr\/actualite\/divers\/tunisie-suspension-des-cours-apres-des-actes-de-violence-dans-deux-colleges-a-l-ariana\/218005\/#primaryimage"},"thumbnailUrl":"https:\/\/www.webdo.tn\/fr\/wp-content\/uploads\/2025\/05\/b37b223ff1902f346cd4110cce9ee962-2.webp","datePublished":"2024-11-30T09:59:00+00:00","dateModified":"2025-05-20T21:46:06+00:00","description":"Les cours ont \u00e9t\u00e9 suspendus ce vendredi 29 novembre 2024 dans les coll\u00e8ges Raoued 1 et Raoued 2, suite \u00e0 des actes de violence impliquant des \u00e9l\u00e8ves. Ces dernie...","breadcrumb":{"@id":"https:\/\/www.webdo.tn\/fr\/actualite\/divers\/tunisie-suspension-des-cours-apres-des-actes-de-violence-dans-deux-colleges-a-l-ariana\/218005\/#breadcrumb"},"inLanguage":"fr-FR","potentialAction":[{"@type":"ReadAction","target":["https:\/\/www.webdo.tn\/fr\/actualite\/divers\/tunisie-suspension-des-cours-apres-des-actes-de-violence-dans-deux-colleges-a-l-ariana\/218005\/"]}]},{"@type":"ImageObject","inLanguage":"fr-FR","@id":"https:\/\/www.webdo.tn\/fr\/actualite\/divers\/tunisie-suspension-des-cours-apres-des-actes-de-violence-dans-deux-colleges-a-l-ariana\/218005\/#primaryimage","url":"https:\/\/www.webdo.tn\/fr\/wp-content\/uploads\/2025\/05\/b37b223ff1902f346cd4110cce9ee962-2.webp","contentUrl":"https:\/\/www.webdo.tn\/fr\/wp-content\/uploads\/2025\/05\/b37b223ff1902f346cd4110cce9ee962-2.webp","width":750,"height":400},{"@type":"BreadcrumbList","@id":"https:\/\/www.webdo.tn\/fr\/actualite\/divers\/tunisie-suspension-des-cours-apres-des-actes-de-violence-dans-deux-colleges-a-l-ariana\/218005\/#breadcrumb","itemListElement":[{"@type":"ListItem","position":1,"name":"Accueil","item":"https:\/\/www.webdo.tn\/fr\/"},{"@type":"ListItem","position":2,"name":"Tunisie : Suspension des cours apr\u00e8s des actes de violence dans deux coll\u00e8ges \u00e0 l\u2019Ariana"}]},{"@type":"WebSite","@id":"https:\/\/www.webdo.tn\/fr\/#website","url":"https:\/\/www.webdo.tn\/fr\/","name":"webdo","description":"Tunisie - News en Tunisie et \u00e0 l&#039;international sur Webdo.tn","publisher":{"@id":"https:\/\/www.webdo.tn\/fr\/#organization"},"potentialAction":[{"@type":"SearchAction","target":{"@type":"EntryPoint","urlTemplate":"https:\/\/www.webdo.tn\/fr\/?s={search_term_string}"},"query-input":{"@type":"PropertyValueSpecification","valueRequired":true,"valueName":"search_term_string"}}],"inLanguage":"fr-FR"},{"@type":"Organization","@id":"https:\/\/www.webdo.tn\/fr\/#organization","name":"Webdo","alternateName":"Webdo.tn","url":"https:\/\/www.webdo.tn\/fr\/","logo":{"@type":"ImageObject","inLanguage":"fr-FR","@id":"https:\/\/www.webdo.tn\/fr\/#\/schema\/logo\/image\/","url":"https:\/\/www.webdo.tn\/fr\/wp-content\/uploads\/2025\/06\/Webdo-Tunisie_168377.jpg","contentUrl":"https:\/\/www.webdo.tn\/fr\/wp-content\/uploads\/2025\/06\/Webdo-Tunisie_168377.jpg","width":301,"height":301,"caption":"Webdo"},"image":{"@id":"https:\/\/www.webdo.tn\/fr\/#\/schema\/logo\/image\/"},"sameAs":["https:\/\/www.facebook.com\/webdotn","https:\/\/x.com\/webdo_tn"],"description":"Webdo est un m\u00e9dia num\u00e9rique tunisien fond\u00e9 en 2010, sp\u00e9cialis\u00e9 dans l\u2019actualit\u00e9 nationale et internationale, l\u2019\u00e9conomie, la soci\u00e9t\u00e9 et les analyses politiques. Le site s\u2019adresse \u00e0 un large public francophone et couvre l\u2019information tunisienne en temps r\u00e9el.","email":"redac@webdo.tn","legalName":"YNJ SARL","foundingDate":"2010-09-06","numberOfEmployees":{"@type":"QuantitativeValue","minValue":"11","maxValue":"50"}},{"@type":"Person","@id":"https:\/\/www.webdo.tn\/fr\/#\/schema\/person\/2c4929cbf5a809e3bd38617c6ce150f6","name":"MC","image":{"@type":"ImageObject","inLanguage":"fr-FR","@id":"https:\/\/secure.gravatar.com\/avatar\/a545bbb6f84efdd5553dbbc2895e3ca8f1d12c5215e00a041c9670b54aa9b18a?s=96&d=mm&r=g","url":"https:\/\/secure.gravatar.com\/avatar\/a545bbb6f84efdd5553dbbc2895e3ca8f1d12c5215e00a041c9670b54aa9b18a?s=96&d=mm&r=g","contentUrl":"https:\/\/secure.gravatar.com\/avatar\/a545bbb6f84efdd5553dbbc2895e3ca8f1d12c5215e00a041c9670b54aa9b18a?s=96&d=mm&r=g","caption":"MC"},"url":"https:\/\/www.webdo.tn\/fr\/actualite\/author\/mc\/"}]}},"_links":{"self":[{"href":"https:\/\/www.webdo.tn\/fr\/wp-json\/wp\/v2\/posts\/218005","targetHints":{"allow":["GET"]}}],"collection":[{"href":"https:\/\/www.webdo.tn\/fr\/wp-json\/wp\/v2\/posts"}],"about":[{"href":"https:\/\/www.webdo.tn\/fr\/wp-json\/wp\/v2\/types\/post"}],"author":[{"embeddable":true,"href":"https:\/\/www.webdo.tn\/fr\/wp-json\/wp\/v2\/users\/3162"}],"replies":[{"embeddable":true,"href":"https:\/\/www.webdo.tn\/fr\/wp-json\/wp\/v2\/comments?post=218005"}],"version-history":[{"count":0,"href":"https:\/\/www.webdo.tn\/fr\/wp-json\/wp\/v2\/posts\/218005\/revisions"}],"wp:featuredmedia":[{"embeddable":true,"href":"https:\/\/www.webdo.tn\/fr\/wp-json\/wp\/v2\/media\/243736"}],"wp:attachment":[{"href":"https:\/\/www.webdo.tn\/fr\/wp-json\/wp\/v2\/media?parent=218005"}],"wp:term":[{"taxonomy":"category","embeddable":true,"href":"https:\/\/www.webdo.tn\/fr\/wp-json\/wp\/v2\/categories?post=218005"},{"taxonomy":"post_tag","embeddable":true,"href":"https:\/\/www.webdo.tn\/fr\/wp-json\/wp\/v2\/tags?post=218005"}],"curies":[{"name":"wp","href":"https:\/\/api.w.org\/{rel}","templated":true}]}}