{"id":217995,"date":"2024-11-29T19:21:00","date_gmt":"2024-11-29T19:21:00","guid":{"rendered":"https:\/\/www.webdo.tn\/fr\/blog\/2024\/11\/29\/tunisie-thameur-bdida-vise-par-une-enquete-de-la-justice-militaire\/"},"modified":"2025-05-21T09:01:40","modified_gmt":"2025-05-21T09:01:40","slug":"tunisie-thameur-bdida-vise-par-une-enquete-de-la-justice-militaire","status":"publish","type":"post","link":"https:\/\/www.webdo.tn\/fr\/actualite\/national\/tunisie-thameur-bdida-vise-par-une-enquete-de-la-justice-militaire\/217995\/","title":{"rendered":"Tunisie : Thameur Bdida vis\u00e9 par une enqu\u00eate de la justice militaire"},"content":{"rendered":"<p>Le procureur militaire de Sfax a ordonn\u00e9 l&rsquo;ouverture d&rsquo;une enqu\u00eate visant Thameur Bdida, un ancien agent p\u00e9nitentiaire vivant \u00e0 l&rsquo;\u00e9tranger, ainsi que d&rsquo;autres \u00e9ventuels complices.<\/p>\n<p>\t\t\t\t\t\t\t\t\tCe dernier est soup\u00e7onn\u00e9 d\u2019avoir enfreint plusieurs lois relatives \u00e0 la s\u00e9curit\u00e9 de l\u2019\u00c9tat et \u00e0 la d\u00e9fense nationale.<\/p>\n<p>Parmi les accusations figurent l\u2019usage de communications num\u00e9riques pour propager de fausses informations dans le but de porter atteinte \u00e0 la stabilit\u00e9 publique et de discr\u00e9diter un haut fonctionnaire. Les faits incluent \u00e9galement des \u00e9crits consid\u00e9r\u00e9s comme portant atteinte \u00e0 l\u2019int\u00e9grit\u00e9 territoriale du pays, des propos injurieux envers le pr\u00e9sident de la R\u00e9publique et des atteintes \u00e0 l\u2019honneur de l\u2019arm\u00e9e.<\/p>\n<p>Cette d\u00e9marche judiciaire fait suite \u00e0 une visite r\u00e9cente du pr\u00e9sident de la R\u00e9publique dans un h\u00f4pital militaire \u00e0 Bir Ali Ben Khalifa, dans le gouvernorat de Sfax. Cet \u00e9v\u00e9nement a mis en lumi\u00e8re des pr\u00e9occupations s\u00e9curitaires dans la r\u00e9gion, renfor\u00e7ant la d\u00e9termination des autorit\u00e9s \u00e0 lutter contre les menaces \u00e0 la souverainet\u00e9 nationale.<\/p>\n","protected":false},"excerpt":{"rendered":"<p>Enqu\u00eate militaire ouverte \u00e0 Sfax contre un ancien fonctionnaire accus\u00e9 de propagande num\u00e9rique et d&rsquo;atteinte \u00e0 la s\u00e9curit\u00e9 nationale.<\/p>\n","protected":false},"author":3166,"featured_media":243724,"comment_status":"open","ping_status":"open","sticky":false,"template":"","format":"standard","meta":{"footnotes":""},"categories":[44],"tags":[3859,4578,2608],"class_list":["post-217995","post","type-post","status-publish","format-standard","has-post-thumbnail","hentry","category-national","tag-justice-militaire","tag-thameur-bdida","tag-tunisie"],"yoast_head":"<!-- This site is optimized with the Yoast SEO Premium plugin v27.5 (Yoast SEO v27.5) - https:\/\/yoast.com\/product\/yoast-seo-premium-wordpress\/ -->\n<title>Tunisie : Thameur Bdida vis\u00e9 par une enqu\u00eate de la justice militaire<\/title>\n<meta name=\"description\" content=\"Enqu\u00eate militaire ouverte \u00e0 Sfax contre un ancien fonctionnaire accus\u00e9 de propagande num\u00e9rique et d&#039;atteinte \u00e0 la s\u00e9curit\u00e9 nationale.\" \/>\n<link rel=\"canonical\" href=\"https:\/\/www.webdo.tn\/fr\/actualite\/national\/tunisie-thameur-bdida-vise-par-une-enquete-de-la-justice-militaire\/217995\/\" \/>\n<meta property=\"og:locale\" content=\"fr_FR\" \/>\n<meta property=\"og:type\" content=\"article\" \/>\n<meta property=\"og:title\" content=\"Tunisie : Thameur Bdida vis\u00e9 par une enqu\u00eate de la justice militaire\" \/>\n<meta property=\"og:description\" content=\"Enqu\u00eate militaire ouverte \u00e0 Sfax contre un ancien fonctionnaire accus\u00e9 de propagande num\u00e9rique et d&#039;atteinte \u00e0 la s\u00e9curit\u00e9 nationale.\" \/>\n<meta property=\"og:url\" content=\"https:\/\/www.webdo.tn\/fr\/actualite\/national\/tunisie-thameur-bdida-vise-par-une-enquete-de-la-justice-militaire\/217995\/\" \/>\n<meta property=\"og:site_name\" content=\"webdo\" \/>\n<meta property=\"article:publisher\" content=\"https:\/\/www.facebook.com\/webdotn\" \/>\n<meta property=\"article:published_time\" content=\"2024-11-29T19:21:00+00:00\" \/>\n<meta property=\"article:modified_time\" content=\"2025-05-21T09:01:40+00:00\" \/>\n<meta property=\"og:image\" content=\"https:\/\/www.webdo.tn\/fr\/wp-content\/uploads\/2025\/05\/598a1cf1e133f49c41c7297be813d334-2.webp\" \/>\n\t<meta property=\"og:image:width\" content=\"750\" \/>\n\t<meta property=\"og:image:height\" content=\"400\" \/>\n\t<meta property=\"og:image:type\" content=\"image\/webp\" \/>\n<meta name=\"author\" content=\"AZ\" \/>\n<meta name=\"twitter:card\" content=\"summary_large_image\" \/>\n<meta name=\"twitter:creator\" content=\"@webdo_tn\" \/>\n<meta name=\"twitter:site\" content=\"@webdo_tn\" \/>\n<meta name=\"twitter:label1\" content=\"\u00c9crit par\" \/>\n\t<meta name=\"twitter:data1\" content=\"AZ\" \/>\n\t<meta name=\"twitter:label2\" content=\"Dur\u00e9e de lecture estim\u00e9e\" \/>\n\t<meta name=\"twitter:data2\" content=\"1 minute\" \/>\n<script type=\"application\/ld+json\" class=\"yoast-schema-graph\">{\"@context\":\"https:\\\/\\\/schema.org\",\"@graph\":[{\"@type\":\"NewsArticle\",\"@id\":\"https:\\\/\\\/www.webdo.tn\\\/fr\\\/actualite\\\/national\\\/tunisie-thameur-bdida-vise-par-une-enquete-de-la-justice-militaire\\\/217995\\\/#article\",\"isPartOf\":{\"@id\":\"https:\\\/\\\/www.webdo.tn\\\/fr\\\/actualite\\\/national\\\/tunisie-thameur-bdida-vise-par-une-enquete-de-la-justice-militaire\\\/217995\\\/\"},\"author\":{\"name\":\"AZ\",\"@id\":\"https:\\\/\\\/www.webdo.tn\\\/fr\\\/#\\\/schema\\\/person\\\/b8a41c04d93287d375510db360906b34\"},\"headline\":\"Tunisie : Thameur Bdida vis\u00e9 par une enqu\u00eate de la justice militaire\",\"datePublished\":\"2024-11-29T19:21:00+00:00\",\"dateModified\":\"2025-05-21T09:01:40+00:00\",\"mainEntityOfPage\":{\"@id\":\"https:\\\/\\\/www.webdo.tn\\\/fr\\\/actualite\\\/national\\\/tunisie-thameur-bdida-vise-par-une-enquete-de-la-justice-militaire\\\/217995\\\/\"},\"wordCount\":196,\"commentCount\":0,\"publisher\":{\"@id\":\"https:\\\/\\\/www.webdo.tn\\\/fr\\\/#organization\"},\"image\":{\"@id\":\"https:\\\/\\\/www.webdo.tn\\\/fr\\\/actualite\\\/national\\\/tunisie-thameur-bdida-vise-par-une-enquete-de-la-justice-militaire\\\/217995\\\/#primaryimage\"},\"thumbnailUrl\":\"https:\\\/\\\/www.webdo.tn\\\/fr\\\/wp-content\\\/uploads\\\/2025\\\/05\\\/598a1cf1e133f49c41c7297be813d334-2.webp\",\"keywords\":[\"justice militaire\",\"Thameur Bdida\",\"Tunisie\"],\"articleSection\":[\"National\"],\"inLanguage\":\"fr-FR\"},{\"@type\":\"WebPage\",\"@id\":\"https:\\\/\\\/www.webdo.tn\\\/fr\\\/actualite\\\/national\\\/tunisie-thameur-bdida-vise-par-une-enquete-de-la-justice-militaire\\\/217995\\\/\",\"url\":\"https:\\\/\\\/www.webdo.tn\\\/fr\\\/actualite\\\/national\\\/tunisie-thameur-bdida-vise-par-une-enquete-de-la-justice-militaire\\\/217995\\\/\",\"name\":\"Tunisie : Thameur Bdida vis\u00e9 par une enqu\u00eate de la justice militaire\",\"isPartOf\":{\"@id\":\"https:\\\/\\\/www.webdo.tn\\\/fr\\\/#website\"},\"primaryImageOfPage\":{\"@id\":\"https:\\\/\\\/www.webdo.tn\\\/fr\\\/actualite\\\/national\\\/tunisie-thameur-bdida-vise-par-une-enquete-de-la-justice-militaire\\\/217995\\\/#primaryimage\"},\"image\":{\"@id\":\"https:\\\/\\\/www.webdo.tn\\\/fr\\\/actualite\\\/national\\\/tunisie-thameur-bdida-vise-par-une-enquete-de-la-justice-militaire\\\/217995\\\/#primaryimage\"},\"thumbnailUrl\":\"https:\\\/\\\/www.webdo.tn\\\/fr\\\/wp-content\\\/uploads\\\/2025\\\/05\\\/598a1cf1e133f49c41c7297be813d334-2.webp\",\"datePublished\":\"2024-11-29T19:21:00+00:00\",\"dateModified\":\"2025-05-21T09:01:40+00:00\",\"description\":\"Enqu\u00eate militaire ouverte \u00e0 Sfax contre un ancien fonctionnaire accus\u00e9 de propagande num\u00e9rique et d'atteinte \u00e0 la s\u00e9curit\u00e9 nationale.\",\"breadcrumb\":{\"@id\":\"https:\\\/\\\/www.webdo.tn\\\/fr\\\/actualite\\\/national\\\/tunisie-thameur-bdida-vise-par-une-enquete-de-la-justice-militaire\\\/217995\\\/#breadcrumb\"},\"inLanguage\":\"fr-FR\",\"potentialAction\":[{\"@type\":\"ReadAction\",\"target\":[\"https:\\\/\\\/www.webdo.tn\\\/fr\\\/actualite\\\/national\\\/tunisie-thameur-bdida-vise-par-une-enquete-de-la-justice-militaire\\\/217995\\\/\"]}]},{\"@type\":\"ImageObject\",\"inLanguage\":\"fr-FR\",\"@id\":\"https:\\\/\\\/www.webdo.tn\\\/fr\\\/actualite\\\/national\\\/tunisie-thameur-bdida-vise-par-une-enquete-de-la-justice-militaire\\\/217995\\\/#primaryimage\",\"url\":\"https:\\\/\\\/www.webdo.tn\\\/fr\\\/wp-content\\\/uploads\\\/2025\\\/05\\\/598a1cf1e133f49c41c7297be813d334-2.webp\",\"contentUrl\":\"https:\\\/\\\/www.webdo.tn\\\/fr\\\/wp-content\\\/uploads\\\/2025\\\/05\\\/598a1cf1e133f49c41c7297be813d334-2.webp\",\"width\":750,\"height\":400},{\"@type\":\"BreadcrumbList\",\"@id\":\"https:\\\/\\\/www.webdo.tn\\\/fr\\\/actualite\\\/national\\\/tunisie-thameur-bdida-vise-par-une-enquete-de-la-justice-militaire\\\/217995\\\/#breadcrumb\",\"itemListElement\":[{\"@type\":\"ListItem\",\"position\":1,\"name\":\"Accueil\",\"item\":\"https:\\\/\\\/www.webdo.tn\\\/fr\\\/\"},{\"@type\":\"ListItem\",\"position\":2,\"name\":\"Tunisie : Thameur Bdida vis\u00e9 par une enqu\u00eate de la justice militaire\"}]},{\"@type\":\"WebSite\",\"@id\":\"https:\\\/\\\/www.webdo.tn\\\/fr\\\/#website\",\"url\":\"https:\\\/\\\/www.webdo.tn\\\/fr\\\/\",\"name\":\"webdo\",\"description\":\"Tunisie - News en Tunisie et \u00e0 l&#039;international sur Webdo.tn\",\"publisher\":{\"@id\":\"https:\\\/\\\/www.webdo.tn\\\/fr\\\/#organization\"},\"potentialAction\":[{\"@type\":\"SearchAction\",\"target\":{\"@type\":\"EntryPoint\",\"urlTemplate\":\"https:\\\/\\\/www.webdo.tn\\\/fr\\\/?s={search_term_string}\"},\"query-input\":{\"@type\":\"PropertyValueSpecification\",\"valueRequired\":true,\"valueName\":\"search_term_string\"}}],\"inLanguage\":\"fr-FR\"},{\"@type\":\"Organization\",\"@id\":\"https:\\\/\\\/www.webdo.tn\\\/fr\\\/#organization\",\"name\":\"Webdo\",\"alternateName\":\"Webdo.tn\",\"url\":\"https:\\\/\\\/www.webdo.tn\\\/fr\\\/\",\"logo\":{\"@type\":\"ImageObject\",\"inLanguage\":\"fr-FR\",\"@id\":\"https:\\\/\\\/www.webdo.tn\\\/fr\\\/#\\\/schema\\\/logo\\\/image\\\/\",\"url\":\"https:\\\/\\\/www.webdo.tn\\\/fr\\\/wp-content\\\/uploads\\\/2025\\\/06\\\/Webdo-Tunisie_168377.jpg\",\"contentUrl\":\"https:\\\/\\\/www.webdo.tn\\\/fr\\\/wp-content\\\/uploads\\\/2025\\\/06\\\/Webdo-Tunisie_168377.jpg\",\"width\":301,\"height\":301,\"caption\":\"Webdo\"},\"image\":{\"@id\":\"https:\\\/\\\/www.webdo.tn\\\/fr\\\/#\\\/schema\\\/logo\\\/image\\\/\"},\"sameAs\":[\"https:\\\/\\\/www.facebook.com\\\/webdotn\",\"https:\\\/\\\/x.com\\\/webdo_tn\"],\"description\":\"Webdo est un m\u00e9dia num\u00e9rique tunisien fond\u00e9 en 2010, sp\u00e9cialis\u00e9 dans l\u2019actualit\u00e9 nationale et internationale, l\u2019\u00e9conomie, la soci\u00e9t\u00e9 et les analyses politiques. Le site s\u2019adresse \u00e0 un large public francophone et couvre l\u2019information tunisienne en temps r\u00e9el.\",\"email\":\"redac@webdo.tn\",\"legalName\":\"YNJ SARL\",\"foundingDate\":\"2010-09-06\",\"numberOfEmployees\":{\"@type\":\"QuantitativeValue\",\"minValue\":\"11\",\"maxValue\":\"50\"}},{\"@type\":\"Person\",\"@id\":\"https:\\\/\\\/www.webdo.tn\\\/fr\\\/#\\\/schema\\\/person\\\/b8a41c04d93287d375510db360906b34\",\"name\":\"AZ\",\"image\":{\"@type\":\"ImageObject\",\"inLanguage\":\"fr-FR\",\"@id\":\"https:\\\/\\\/secure.gravatar.com\\\/avatar\\\/492b80bada79439de4201dce15cd41eece6c277cfdf1b53382073c79105c1f89?s=96&d=mm&r=g\",\"url\":\"https:\\\/\\\/secure.gravatar.com\\\/avatar\\\/492b80bada79439de4201dce15cd41eece6c277cfdf1b53382073c79105c1f89?s=96&d=mm&r=g\",\"contentUrl\":\"https:\\\/\\\/secure.gravatar.com\\\/avatar\\\/492b80bada79439de4201dce15cd41eece6c277cfdf1b53382073c79105c1f89?s=96&d=mm&r=g\",\"caption\":\"AZ\"},\"url\":\"https:\\\/\\\/www.webdo.tn\\\/fr\\\/actualite\\\/author\\\/az\\\/\"}]}<\/script>\n<!-- \/ Yoast SEO Premium plugin. -->","yoast_head_json":{"title":"Tunisie : Thameur Bdida vis\u00e9 par une enqu\u00eate de la justice militaire","description":"Enqu\u00eate militaire ouverte \u00e0 Sfax contre un ancien fonctionnaire accus\u00e9 de propagande num\u00e9rique et d'atteinte \u00e0 la s\u00e9curit\u00e9 nationale.","canonical":"https:\/\/www.webdo.tn\/fr\/actualite\/national\/tunisie-thameur-bdida-vise-par-une-enquete-de-la-justice-militaire\/217995\/","og_locale":"fr_FR","og_type":"article","og_title":"Tunisie : Thameur Bdida vis\u00e9 par une enqu\u00eate de la justice militaire","og_description":"Enqu\u00eate militaire ouverte \u00e0 Sfax contre un ancien fonctionnaire accus\u00e9 de propagande num\u00e9rique et d'atteinte \u00e0 la s\u00e9curit\u00e9 nationale.","og_url":"https:\/\/www.webdo.tn\/fr\/actualite\/national\/tunisie-thameur-bdida-vise-par-une-enquete-de-la-justice-militaire\/217995\/","og_site_name":"webdo","article_publisher":"https:\/\/www.facebook.com\/webdotn","article_published_time":"2024-11-29T19:21:00+00:00","article_modified_time":"2025-05-21T09:01:40+00:00","og_image":[{"width":750,"height":400,"url":"https:\/\/www.webdo.tn\/fr\/wp-content\/uploads\/2025\/05\/598a1cf1e133f49c41c7297be813d334-2.webp","type":"image\/webp"}],"author":"AZ","twitter_card":"summary_large_image","twitter_creator":"@webdo_tn","twitter_site":"@webdo_tn","twitter_misc":{"\u00c9crit par":"AZ","Dur\u00e9e de lecture estim\u00e9e":"1 minute"},"schema":{"@context":"https:\/\/schema.org","@graph":[{"@type":"NewsArticle","@id":"https:\/\/www.webdo.tn\/fr\/actualite\/national\/tunisie-thameur-bdida-vise-par-une-enquete-de-la-justice-militaire\/217995\/#article","isPartOf":{"@id":"https:\/\/www.webdo.tn\/fr\/actualite\/national\/tunisie-thameur-bdida-vise-par-une-enquete-de-la-justice-militaire\/217995\/"},"author":{"name":"AZ","@id":"https:\/\/www.webdo.tn\/fr\/#\/schema\/person\/b8a41c04d93287d375510db360906b34"},"headline":"Tunisie : Thameur Bdida vis\u00e9 par une enqu\u00eate de la justice militaire","datePublished":"2024-11-29T19:21:00+00:00","dateModified":"2025-05-21T09:01:40+00:00","mainEntityOfPage":{"@id":"https:\/\/www.webdo.tn\/fr\/actualite\/national\/tunisie-thameur-bdida-vise-par-une-enquete-de-la-justice-militaire\/217995\/"},"wordCount":196,"commentCount":0,"publisher":{"@id":"https:\/\/www.webdo.tn\/fr\/#organization"},"image":{"@id":"https:\/\/www.webdo.tn\/fr\/actualite\/national\/tunisie-thameur-bdida-vise-par-une-enquete-de-la-justice-militaire\/217995\/#primaryimage"},"thumbnailUrl":"https:\/\/www.webdo.tn\/fr\/wp-content\/uploads\/2025\/05\/598a1cf1e133f49c41c7297be813d334-2.webp","keywords":["justice militaire","Thameur Bdida","Tunisie"],"articleSection":["National"],"inLanguage":"fr-FR"},{"@type":"WebPage","@id":"https:\/\/www.webdo.tn\/fr\/actualite\/national\/tunisie-thameur-bdida-vise-par-une-enquete-de-la-justice-militaire\/217995\/","url":"https:\/\/www.webdo.tn\/fr\/actualite\/national\/tunisie-thameur-bdida-vise-par-une-enquete-de-la-justice-militaire\/217995\/","name":"Tunisie : Thameur Bdida vis\u00e9 par une enqu\u00eate de la justice militaire","isPartOf":{"@id":"https:\/\/www.webdo.tn\/fr\/#website"},"primaryImageOfPage":{"@id":"https:\/\/www.webdo.tn\/fr\/actualite\/national\/tunisie-thameur-bdida-vise-par-une-enquete-de-la-justice-militaire\/217995\/#primaryimage"},"image":{"@id":"https:\/\/www.webdo.tn\/fr\/actualite\/national\/tunisie-thameur-bdida-vise-par-une-enquete-de-la-justice-militaire\/217995\/#primaryimage"},"thumbnailUrl":"https:\/\/www.webdo.tn\/fr\/wp-content\/uploads\/2025\/05\/598a1cf1e133f49c41c7297be813d334-2.webp","datePublished":"2024-11-29T19:21:00+00:00","dateModified":"2025-05-21T09:01:40+00:00","description":"Enqu\u00eate militaire ouverte \u00e0 Sfax contre un ancien fonctionnaire accus\u00e9 de propagande num\u00e9rique et d'atteinte \u00e0 la s\u00e9curit\u00e9 nationale.","breadcrumb":{"@id":"https:\/\/www.webdo.tn\/fr\/actualite\/national\/tunisie-thameur-bdida-vise-par-une-enquete-de-la-justice-militaire\/217995\/#breadcrumb"},"inLanguage":"fr-FR","potentialAction":[{"@type":"ReadAction","target":["https:\/\/www.webdo.tn\/fr\/actualite\/national\/tunisie-thameur-bdida-vise-par-une-enquete-de-la-justice-militaire\/217995\/"]}]},{"@type":"ImageObject","inLanguage":"fr-FR","@id":"https:\/\/www.webdo.tn\/fr\/actualite\/national\/tunisie-thameur-bdida-vise-par-une-enquete-de-la-justice-militaire\/217995\/#primaryimage","url":"https:\/\/www.webdo.tn\/fr\/wp-content\/uploads\/2025\/05\/598a1cf1e133f49c41c7297be813d334-2.webp","contentUrl":"https:\/\/www.webdo.tn\/fr\/wp-content\/uploads\/2025\/05\/598a1cf1e133f49c41c7297be813d334-2.webp","width":750,"height":400},{"@type":"BreadcrumbList","@id":"https:\/\/www.webdo.tn\/fr\/actualite\/national\/tunisie-thameur-bdida-vise-par-une-enquete-de-la-justice-militaire\/217995\/#breadcrumb","itemListElement":[{"@type":"ListItem","position":1,"name":"Accueil","item":"https:\/\/www.webdo.tn\/fr\/"},{"@type":"ListItem","position":2,"name":"Tunisie : Thameur Bdida vis\u00e9 par une enqu\u00eate de la justice militaire"}]},{"@type":"WebSite","@id":"https:\/\/www.webdo.tn\/fr\/#website","url":"https:\/\/www.webdo.tn\/fr\/","name":"webdo","description":"Tunisie - News en Tunisie et \u00e0 l&#039;international sur Webdo.tn","publisher":{"@id":"https:\/\/www.webdo.tn\/fr\/#organization"},"potentialAction":[{"@type":"SearchAction","target":{"@type":"EntryPoint","urlTemplate":"https:\/\/www.webdo.tn\/fr\/?s={search_term_string}"},"query-input":{"@type":"PropertyValueSpecification","valueRequired":true,"valueName":"search_term_string"}}],"inLanguage":"fr-FR"},{"@type":"Organization","@id":"https:\/\/www.webdo.tn\/fr\/#organization","name":"Webdo","alternateName":"Webdo.tn","url":"https:\/\/www.webdo.tn\/fr\/","logo":{"@type":"ImageObject","inLanguage":"fr-FR","@id":"https:\/\/www.webdo.tn\/fr\/#\/schema\/logo\/image\/","url":"https:\/\/www.webdo.tn\/fr\/wp-content\/uploads\/2025\/06\/Webdo-Tunisie_168377.jpg","contentUrl":"https:\/\/www.webdo.tn\/fr\/wp-content\/uploads\/2025\/06\/Webdo-Tunisie_168377.jpg","width":301,"height":301,"caption":"Webdo"},"image":{"@id":"https:\/\/www.webdo.tn\/fr\/#\/schema\/logo\/image\/"},"sameAs":["https:\/\/www.facebook.com\/webdotn","https:\/\/x.com\/webdo_tn"],"description":"Webdo est un m\u00e9dia num\u00e9rique tunisien fond\u00e9 en 2010, sp\u00e9cialis\u00e9 dans l\u2019actualit\u00e9 nationale et internationale, l\u2019\u00e9conomie, la soci\u00e9t\u00e9 et les analyses politiques. Le site s\u2019adresse \u00e0 un large public francophone et couvre l\u2019information tunisienne en temps r\u00e9el.","email":"redac@webdo.tn","legalName":"YNJ SARL","foundingDate":"2010-09-06","numberOfEmployees":{"@type":"QuantitativeValue","minValue":"11","maxValue":"50"}},{"@type":"Person","@id":"https:\/\/www.webdo.tn\/fr\/#\/schema\/person\/b8a41c04d93287d375510db360906b34","name":"AZ","image":{"@type":"ImageObject","inLanguage":"fr-FR","@id":"https:\/\/secure.gravatar.com\/avatar\/492b80bada79439de4201dce15cd41eece6c277cfdf1b53382073c79105c1f89?s=96&d=mm&r=g","url":"https:\/\/secure.gravatar.com\/avatar\/492b80bada79439de4201dce15cd41eece6c277cfdf1b53382073c79105c1f89?s=96&d=mm&r=g","contentUrl":"https:\/\/secure.gravatar.com\/avatar\/492b80bada79439de4201dce15cd41eece6c277cfdf1b53382073c79105c1f89?s=96&d=mm&r=g","caption":"AZ"},"url":"https:\/\/www.webdo.tn\/fr\/actualite\/author\/az\/"}]}},"_links":{"self":[{"href":"https:\/\/www.webdo.tn\/fr\/wp-json\/wp\/v2\/posts\/217995","targetHints":{"allow":["GET"]}}],"collection":[{"href":"https:\/\/www.webdo.tn\/fr\/wp-json\/wp\/v2\/posts"}],"about":[{"href":"https:\/\/www.webdo.tn\/fr\/wp-json\/wp\/v2\/types\/post"}],"author":[{"embeddable":true,"href":"https:\/\/www.webdo.tn\/fr\/wp-json\/wp\/v2\/users\/3166"}],"replies":[{"embeddable":true,"href":"https:\/\/www.webdo.tn\/fr\/wp-json\/wp\/v2\/comments?post=217995"}],"version-history":[{"count":0,"href":"https:\/\/www.webdo.tn\/fr\/wp-json\/wp\/v2\/posts\/217995\/revisions"}],"wp:featuredmedia":[{"embeddable":true,"href":"https:\/\/www.webdo.tn\/fr\/wp-json\/wp\/v2\/media\/243724"}],"wp:attachment":[{"href":"https:\/\/www.webdo.tn\/fr\/wp-json\/wp\/v2\/media?parent=217995"}],"wp:term":[{"taxonomy":"category","embeddable":true,"href":"https:\/\/www.webdo.tn\/fr\/wp-json\/wp\/v2\/categories?post=217995"},{"taxonomy":"post_tag","embeddable":true,"href":"https:\/\/www.webdo.tn\/fr\/wp-json\/wp\/v2\/tags?post=217995"}],"curies":[{"name":"wp","href":"https:\/\/api.w.org\/{rel}","templated":true}]}}