{"id":217988,"date":"2024-11-29T13:18:00","date_gmt":"2024-11-29T13:18:00","guid":{"rendered":"https:\/\/www.webdo.tn\/fr\/blog\/75-des-medecins-a-l-etranger-souhaitent-revenir-en-tunisie-selon-ferjani\/217988\/"},"modified":"2025-05-20T22:22:00","modified_gmt":"2025-05-20T22:22:00","slug":"75-des-medecins-a-l-etranger-souhaitent-revenir-en-tunisie-selon-ferjani","status":"publish","type":"post","link":"https:\/\/www.webdo.tn\/fr\/actualite\/national\/75-des-medecins-a-l-etranger-souhaitent-revenir-en-tunisie-selon-ferjani\/217988\/","title":{"rendered":"78% des m\u00e9decins \u00e0 l\u2019\u00e9tranger souhaitent revenir en Tunisie, selon Ferjani"},"content":{"rendered":"<p>Le ministre de la Sant\u00e9, Mustapha Ferjani, a fait savoir ce vendredi 29 novembre 2024 en marge de sa supervision de l&rsquo;ouverture officielle du 28\u1d49 congr\u00e8s de l\u2019Association tunisienne de m\u00e9decine de r\u00e9animation, que le minist\u00e8re de la Sant\u00e9 entamera, \u00e0 l\u2019horizon 2025, la mise en \u0153uvre d\u2019un ensemble de mesures incitatives en faveur des m\u00e9decins.\u00a0<\/p>\n<p>\t\t\t\t\t\t\t\t\tCit\u00e9 par Mosa\u00efque FM, il a expliqu\u00e9 que ces mesures viseront \u00e0 encourager ceux qui souhaitent revenir en Tunisie apr\u00e8s des ann\u00e9es d\u2019\u00e9migration ou \u00e0 limiter l\u2019exode des m\u00e9decins.<\/p>\n<p>Ferjani a pr\u00e9cis\u00e9 que parmi ces mesures figurent la lev\u00e9e de plusieurs obstacles administratifs, l\u2019am\u00e9lioration des conditions de travail, et l\u2019attribution de priorit\u00e9s \u00e0 certains domaines sp\u00e9cialis\u00e9s, notamment la m\u00e9decine de r\u00e9animation et la chirurgie.<\/p>\n<p>Dans le m\u00eame contexte, il a soulign\u00e9 que 78\u00a0% des m\u00e9decins \u00e9migr\u00e9s souhaitent revenir en Tunisie, ce qui n\u00e9cessite des efforts pour les encourager et faciliter leur retour dans le cadre de la r\u00e9cup\u00e9ration des comp\u00e9tences nationales.<\/p>\n<p>Ferjani a \u00e9galement annonc\u00e9 l\u2019intention du minist\u00e8re de cr\u00e9er un h\u00f4pital virtuel dans le cadre d\u2019un partenariat public-public, afin de renforcer les p\u00f4les de sant\u00e9 dans plusieurs gouvernorats.\u00a0<\/p>\n<p>Ce projet exploitera les technologies modernes pour faciliter les services aux patients, en particulier pour les cas critiques.<\/p>\n","protected":false},"excerpt":{"rendered":"<p>Cit\u00e9 par Mosa\u00efque FM, il a expliqu\u00e9 que ces mesures viseront \u00e0 encourager ceux qui souhaitent revenir en Tunisie apr\u00e8s des ann\u00e9es d\u2019\u00e9migration ou \u00e0 limiter l\u2019ex&#8230;<\/p>\n","protected":false},"author":3163,"featured_media":291444,"comment_status":"open","ping_status":"closed","sticky":false,"template":"","format":"standard","meta":{"footnotes":""},"categories":[44],"tags":[2701,2608],"class_list":["post-217988","post","type-post","status-publish","format-standard","has-post-thumbnail","hentry","category-national","tag-medecins","tag-tunisie"],"yoast_head":"<!-- This site is optimized with the Yoast SEO Premium plugin v27.5 (Yoast SEO v27.5) - https:\/\/yoast.com\/product\/yoast-seo-premium-wordpress\/ -->\n<title>78% des m\u00e9decins \u00e0 l\u2019\u00e9tranger souhaitent revenir en Tunisie, selon Ferjani<\/title>\n<meta name=\"description\" content=\"Cit\u00e9 par Mosa\u00efque FM, il a expliqu\u00e9 que ces mesures viseront \u00e0 encourager ceux qui souhaitent revenir en Tunisie apr\u00e8s des ann\u00e9es d\u2019\u00e9migration ou \u00e0 limiter l\u2019ex...\" \/>\n<link rel=\"canonical\" href=\"https:\/\/www.webdo.tn\/fr\/actualite\/national\/75-des-medecins-a-l-etranger-souhaitent-revenir-en-tunisie-selon-ferjani\/217988\/\" \/>\n<meta property=\"og:locale\" content=\"fr_FR\" \/>\n<meta property=\"og:type\" content=\"article\" \/>\n<meta property=\"og:title\" content=\"78% des m\u00e9decins \u00e0 l\u2019\u00e9tranger souhaitent revenir en Tunisie, selon Ferjani\" \/>\n<meta property=\"og:description\" content=\"Cit\u00e9 par Mosa\u00efque FM, il a expliqu\u00e9 que ces mesures viseront \u00e0 encourager ceux qui souhaitent revenir en Tunisie apr\u00e8s des ann\u00e9es d\u2019\u00e9migration ou \u00e0 limiter l\u2019ex...\" \/>\n<meta property=\"og:url\" content=\"https:\/\/www.webdo.tn\/fr\/actualite\/national\/75-des-medecins-a-l-etranger-souhaitent-revenir-en-tunisie-selon-ferjani\/217988\/\" \/>\n<meta property=\"og:site_name\" content=\"webdo\" \/>\n<meta property=\"article:publisher\" content=\"https:\/\/www.facebook.com\/webdotn\" \/>\n<meta property=\"article:published_time\" content=\"2024-11-29T13:18:00+00:00\" \/>\n<meta property=\"article:modified_time\" content=\"2025-05-20T22:22:00+00:00\" \/>\n<meta property=\"og:image\" content=\"https:\/\/www.webdo.tn\/fr\/wp-content\/uploads\/2024\/11\/f3822ace30c2855f0a18c86109ac8530.webp\" \/>\n\t<meta property=\"og:image:width\" content=\"750\" \/>\n\t<meta property=\"og:image:height\" content=\"400\" \/>\n\t<meta property=\"og:image:type\" content=\"image\/webp\" \/>\n<meta name=\"author\" content=\"KJ\" \/>\n<meta name=\"twitter:card\" content=\"summary_large_image\" \/>\n<meta name=\"twitter:creator\" content=\"@webdo_tn\" \/>\n<meta name=\"twitter:site\" content=\"@webdo_tn\" \/>\n<meta name=\"twitter:label1\" content=\"\u00c9crit par\" \/>\n\t<meta name=\"twitter:data1\" content=\"KJ\" \/>\n\t<meta name=\"twitter:label2\" content=\"Dur\u00e9e de lecture estim\u00e9e\" \/>\n\t<meta name=\"twitter:data2\" content=\"1 minute\" \/>\n<script type=\"application\/ld+json\" class=\"yoast-schema-graph\">{\"@context\":\"https:\\\/\\\/schema.org\",\"@graph\":[{\"@type\":\"NewsArticle\",\"@id\":\"https:\\\/\\\/www.webdo.tn\\\/fr\\\/actualite\\\/national\\\/75-des-medecins-a-l-etranger-souhaitent-revenir-en-tunisie-selon-ferjani\\\/217988\\\/#article\",\"isPartOf\":{\"@id\":\"https:\\\/\\\/www.webdo.tn\\\/fr\\\/actualite\\\/national\\\/75-des-medecins-a-l-etranger-souhaitent-revenir-en-tunisie-selon-ferjani\\\/217988\\\/\"},\"author\":{\"name\":\"KJ\",\"@id\":\"https:\\\/\\\/www.webdo.tn\\\/fr\\\/#\\\/schema\\\/person\\\/82ca085b22037d285e1a3c4b65ba5f71\"},\"headline\":\"78% des m\u00e9decins \u00e0 l\u2019\u00e9tranger souhaitent revenir en Tunisie, selon Ferjani\",\"datePublished\":\"2024-11-29T13:18:00+00:00\",\"dateModified\":\"2025-05-20T22:22:00+00:00\",\"mainEntityOfPage\":{\"@id\":\"https:\\\/\\\/www.webdo.tn\\\/fr\\\/actualite\\\/national\\\/75-des-medecins-a-l-etranger-souhaitent-revenir-en-tunisie-selon-ferjani\\\/217988\\\/\"},\"wordCount\":243,\"commentCount\":0,\"publisher\":{\"@id\":\"https:\\\/\\\/www.webdo.tn\\\/fr\\\/#organization\"},\"image\":{\"@id\":\"https:\\\/\\\/www.webdo.tn\\\/fr\\\/actualite\\\/national\\\/75-des-medecins-a-l-etranger-souhaitent-revenir-en-tunisie-selon-ferjani\\\/217988\\\/#primaryimage\"},\"thumbnailUrl\":\"https:\\\/\\\/www.webdo.tn\\\/fr\\\/wp-content\\\/uploads\\\/2024\\\/11\\\/f3822ace30c2855f0a18c86109ac8530.webp\",\"keywords\":[\"m\u00e9decins\",\"Tunisie\"],\"articleSection\":[\"National\"],\"inLanguage\":\"fr-FR\"},{\"@type\":\"WebPage\",\"@id\":\"https:\\\/\\\/www.webdo.tn\\\/fr\\\/actualite\\\/national\\\/75-des-medecins-a-l-etranger-souhaitent-revenir-en-tunisie-selon-ferjani\\\/217988\\\/\",\"url\":\"https:\\\/\\\/www.webdo.tn\\\/fr\\\/actualite\\\/national\\\/75-des-medecins-a-l-etranger-souhaitent-revenir-en-tunisie-selon-ferjani\\\/217988\\\/\",\"name\":\"78% des m\u00e9decins \u00e0 l\u2019\u00e9tranger souhaitent revenir en Tunisie, selon Ferjani\",\"isPartOf\":{\"@id\":\"https:\\\/\\\/www.webdo.tn\\\/fr\\\/#website\"},\"primaryImageOfPage\":{\"@id\":\"https:\\\/\\\/www.webdo.tn\\\/fr\\\/actualite\\\/national\\\/75-des-medecins-a-l-etranger-souhaitent-revenir-en-tunisie-selon-ferjani\\\/217988\\\/#primaryimage\"},\"image\":{\"@id\":\"https:\\\/\\\/www.webdo.tn\\\/fr\\\/actualite\\\/national\\\/75-des-medecins-a-l-etranger-souhaitent-revenir-en-tunisie-selon-ferjani\\\/217988\\\/#primaryimage\"},\"thumbnailUrl\":\"https:\\\/\\\/www.webdo.tn\\\/fr\\\/wp-content\\\/uploads\\\/2024\\\/11\\\/f3822ace30c2855f0a18c86109ac8530.webp\",\"datePublished\":\"2024-11-29T13:18:00+00:00\",\"dateModified\":\"2025-05-20T22:22:00+00:00\",\"description\":\"Cit\u00e9 par Mosa\u00efque FM, il a expliqu\u00e9 que ces mesures viseront \u00e0 encourager ceux qui souhaitent revenir en Tunisie apr\u00e8s des ann\u00e9es d\u2019\u00e9migration ou \u00e0 limiter l\u2019ex...\",\"breadcrumb\":{\"@id\":\"https:\\\/\\\/www.webdo.tn\\\/fr\\\/actualite\\\/national\\\/75-des-medecins-a-l-etranger-souhaitent-revenir-en-tunisie-selon-ferjani\\\/217988\\\/#breadcrumb\"},\"inLanguage\":\"fr-FR\",\"potentialAction\":[{\"@type\":\"ReadAction\",\"target\":[\"https:\\\/\\\/www.webdo.tn\\\/fr\\\/actualite\\\/national\\\/75-des-medecins-a-l-etranger-souhaitent-revenir-en-tunisie-selon-ferjani\\\/217988\\\/\"]}]},{\"@type\":\"ImageObject\",\"inLanguage\":\"fr-FR\",\"@id\":\"https:\\\/\\\/www.webdo.tn\\\/fr\\\/actualite\\\/national\\\/75-des-medecins-a-l-etranger-souhaitent-revenir-en-tunisie-selon-ferjani\\\/217988\\\/#primaryimage\",\"url\":\"https:\\\/\\\/www.webdo.tn\\\/fr\\\/wp-content\\\/uploads\\\/2024\\\/11\\\/f3822ace30c2855f0a18c86109ac8530.webp\",\"contentUrl\":\"https:\\\/\\\/www.webdo.tn\\\/fr\\\/wp-content\\\/uploads\\\/2024\\\/11\\\/f3822ace30c2855f0a18c86109ac8530.webp\",\"width\":750,\"height\":400,\"caption\":\"78% des m\u00e9decins \u00e0 l\u2019\u00e9tranger souhaitent revenir en Tunisie, selon Ferjani\"},{\"@type\":\"BreadcrumbList\",\"@id\":\"https:\\\/\\\/www.webdo.tn\\\/fr\\\/actualite\\\/national\\\/75-des-medecins-a-l-etranger-souhaitent-revenir-en-tunisie-selon-ferjani\\\/217988\\\/#breadcrumb\",\"itemListElement\":[{\"@type\":\"ListItem\",\"position\":1,\"name\":\"Accueil\",\"item\":\"https:\\\/\\\/www.webdo.tn\\\/fr\\\/\"},{\"@type\":\"ListItem\",\"position\":2,\"name\":\"78% des m\u00e9decins \u00e0 l\u2019\u00e9tranger souhaitent revenir en Tunisie, selon Ferjani\"}]},{\"@type\":\"WebSite\",\"@id\":\"https:\\\/\\\/www.webdo.tn\\\/fr\\\/#website\",\"url\":\"https:\\\/\\\/www.webdo.tn\\\/fr\\\/\",\"name\":\"webdo\",\"description\":\"Tunisie - News en Tunisie et \u00e0 l&#039;international sur Webdo.tn\",\"publisher\":{\"@id\":\"https:\\\/\\\/www.webdo.tn\\\/fr\\\/#organization\"},\"potentialAction\":[{\"@type\":\"SearchAction\",\"target\":{\"@type\":\"EntryPoint\",\"urlTemplate\":\"https:\\\/\\\/www.webdo.tn\\\/fr\\\/?s={search_term_string}\"},\"query-input\":{\"@type\":\"PropertyValueSpecification\",\"valueRequired\":true,\"valueName\":\"search_term_string\"}}],\"inLanguage\":\"fr-FR\"},{\"@type\":\"Organization\",\"@id\":\"https:\\\/\\\/www.webdo.tn\\\/fr\\\/#organization\",\"name\":\"Webdo\",\"alternateName\":\"Webdo.tn\",\"url\":\"https:\\\/\\\/www.webdo.tn\\\/fr\\\/\",\"logo\":{\"@type\":\"ImageObject\",\"inLanguage\":\"fr-FR\",\"@id\":\"https:\\\/\\\/www.webdo.tn\\\/fr\\\/#\\\/schema\\\/logo\\\/image\\\/\",\"url\":\"https:\\\/\\\/www.webdo.tn\\\/fr\\\/wp-content\\\/uploads\\\/2025\\\/06\\\/Webdo-Tunisie_168377.jpg\",\"contentUrl\":\"https:\\\/\\\/www.webdo.tn\\\/fr\\\/wp-content\\\/uploads\\\/2025\\\/06\\\/Webdo-Tunisie_168377.jpg\",\"width\":301,\"height\":301,\"caption\":\"Webdo\"},\"image\":{\"@id\":\"https:\\\/\\\/www.webdo.tn\\\/fr\\\/#\\\/schema\\\/logo\\\/image\\\/\"},\"sameAs\":[\"https:\\\/\\\/www.facebook.com\\\/webdotn\",\"https:\\\/\\\/x.com\\\/webdo_tn\"],\"description\":\"Webdo est un m\u00e9dia num\u00e9rique tunisien fond\u00e9 en 2010, sp\u00e9cialis\u00e9 dans l\u2019actualit\u00e9 nationale et internationale, l\u2019\u00e9conomie, la soci\u00e9t\u00e9 et les analyses politiques. Le site s\u2019adresse \u00e0 un large public francophone et couvre l\u2019information tunisienne en temps r\u00e9el.\",\"email\":\"redac@webdo.tn\",\"legalName\":\"YNJ SARL\",\"foundingDate\":\"2010-09-06\",\"numberOfEmployees\":{\"@type\":\"QuantitativeValue\",\"minValue\":\"11\",\"maxValue\":\"50\"}},{\"@type\":\"Person\",\"@id\":\"https:\\\/\\\/www.webdo.tn\\\/fr\\\/#\\\/schema\\\/person\\\/82ca085b22037d285e1a3c4b65ba5f71\",\"name\":\"KJ\",\"image\":{\"@type\":\"ImageObject\",\"inLanguage\":\"fr-FR\",\"@id\":\"https:\\\/\\\/secure.gravatar.com\\\/avatar\\\/1a1320de1c1971c893f00068f760b4113d69504aa21273da17ee95650c5944fd?s=96&d=mm&r=g\",\"url\":\"https:\\\/\\\/secure.gravatar.com\\\/avatar\\\/1a1320de1c1971c893f00068f760b4113d69504aa21273da17ee95650c5944fd?s=96&d=mm&r=g\",\"contentUrl\":\"https:\\\/\\\/secure.gravatar.com\\\/avatar\\\/1a1320de1c1971c893f00068f760b4113d69504aa21273da17ee95650c5944fd?s=96&d=mm&r=g\",\"caption\":\"KJ\"},\"url\":\"https:\\\/\\\/www.webdo.tn\\\/fr\\\/actualite\\\/author\\\/kj\\\/\"}]}<\/script>\n<!-- \/ Yoast SEO Premium plugin. -->","yoast_head_json":{"title":"78% des m\u00e9decins \u00e0 l\u2019\u00e9tranger souhaitent revenir en Tunisie, selon Ferjani","description":"Cit\u00e9 par Mosa\u00efque FM, il a expliqu\u00e9 que ces mesures viseront \u00e0 encourager ceux qui souhaitent revenir en Tunisie apr\u00e8s des ann\u00e9es d\u2019\u00e9migration ou \u00e0 limiter l\u2019ex...","canonical":"https:\/\/www.webdo.tn\/fr\/actualite\/national\/75-des-medecins-a-l-etranger-souhaitent-revenir-en-tunisie-selon-ferjani\/217988\/","og_locale":"fr_FR","og_type":"article","og_title":"78% des m\u00e9decins \u00e0 l\u2019\u00e9tranger souhaitent revenir en Tunisie, selon Ferjani","og_description":"Cit\u00e9 par Mosa\u00efque FM, il a expliqu\u00e9 que ces mesures viseront \u00e0 encourager ceux qui souhaitent revenir en Tunisie apr\u00e8s des ann\u00e9es d\u2019\u00e9migration ou \u00e0 limiter l\u2019ex...","og_url":"https:\/\/www.webdo.tn\/fr\/actualite\/national\/75-des-medecins-a-l-etranger-souhaitent-revenir-en-tunisie-selon-ferjani\/217988\/","og_site_name":"webdo","article_publisher":"https:\/\/www.facebook.com\/webdotn","article_published_time":"2024-11-29T13:18:00+00:00","article_modified_time":"2025-05-20T22:22:00+00:00","og_image":[{"width":750,"height":400,"url":"https:\/\/www.webdo.tn\/fr\/wp-content\/uploads\/2024\/11\/f3822ace30c2855f0a18c86109ac8530.webp","type":"image\/webp"}],"author":"KJ","twitter_card":"summary_large_image","twitter_creator":"@webdo_tn","twitter_site":"@webdo_tn","twitter_misc":{"\u00c9crit par":"KJ","Dur\u00e9e de lecture estim\u00e9e":"1 minute"},"schema":{"@context":"https:\/\/schema.org","@graph":[{"@type":"NewsArticle","@id":"https:\/\/www.webdo.tn\/fr\/actualite\/national\/75-des-medecins-a-l-etranger-souhaitent-revenir-en-tunisie-selon-ferjani\/217988\/#article","isPartOf":{"@id":"https:\/\/www.webdo.tn\/fr\/actualite\/national\/75-des-medecins-a-l-etranger-souhaitent-revenir-en-tunisie-selon-ferjani\/217988\/"},"author":{"name":"KJ","@id":"https:\/\/www.webdo.tn\/fr\/#\/schema\/person\/82ca085b22037d285e1a3c4b65ba5f71"},"headline":"78% des m\u00e9decins \u00e0 l\u2019\u00e9tranger souhaitent revenir en Tunisie, selon Ferjani","datePublished":"2024-11-29T13:18:00+00:00","dateModified":"2025-05-20T22:22:00+00:00","mainEntityOfPage":{"@id":"https:\/\/www.webdo.tn\/fr\/actualite\/national\/75-des-medecins-a-l-etranger-souhaitent-revenir-en-tunisie-selon-ferjani\/217988\/"},"wordCount":243,"commentCount":0,"publisher":{"@id":"https:\/\/www.webdo.tn\/fr\/#organization"},"image":{"@id":"https:\/\/www.webdo.tn\/fr\/actualite\/national\/75-des-medecins-a-l-etranger-souhaitent-revenir-en-tunisie-selon-ferjani\/217988\/#primaryimage"},"thumbnailUrl":"https:\/\/www.webdo.tn\/fr\/wp-content\/uploads\/2024\/11\/f3822ace30c2855f0a18c86109ac8530.webp","keywords":["m\u00e9decins","Tunisie"],"articleSection":["National"],"inLanguage":"fr-FR"},{"@type":"WebPage","@id":"https:\/\/www.webdo.tn\/fr\/actualite\/national\/75-des-medecins-a-l-etranger-souhaitent-revenir-en-tunisie-selon-ferjani\/217988\/","url":"https:\/\/www.webdo.tn\/fr\/actualite\/national\/75-des-medecins-a-l-etranger-souhaitent-revenir-en-tunisie-selon-ferjani\/217988\/","name":"78% des m\u00e9decins \u00e0 l\u2019\u00e9tranger souhaitent revenir en Tunisie, selon Ferjani","isPartOf":{"@id":"https:\/\/www.webdo.tn\/fr\/#website"},"primaryImageOfPage":{"@id":"https:\/\/www.webdo.tn\/fr\/actualite\/national\/75-des-medecins-a-l-etranger-souhaitent-revenir-en-tunisie-selon-ferjani\/217988\/#primaryimage"},"image":{"@id":"https:\/\/www.webdo.tn\/fr\/actualite\/national\/75-des-medecins-a-l-etranger-souhaitent-revenir-en-tunisie-selon-ferjani\/217988\/#primaryimage"},"thumbnailUrl":"https:\/\/www.webdo.tn\/fr\/wp-content\/uploads\/2024\/11\/f3822ace30c2855f0a18c86109ac8530.webp","datePublished":"2024-11-29T13:18:00+00:00","dateModified":"2025-05-20T22:22:00+00:00","description":"Cit\u00e9 par Mosa\u00efque FM, il a expliqu\u00e9 que ces mesures viseront \u00e0 encourager ceux qui souhaitent revenir en Tunisie apr\u00e8s des ann\u00e9es d\u2019\u00e9migration ou \u00e0 limiter l\u2019ex...","breadcrumb":{"@id":"https:\/\/www.webdo.tn\/fr\/actualite\/national\/75-des-medecins-a-l-etranger-souhaitent-revenir-en-tunisie-selon-ferjani\/217988\/#breadcrumb"},"inLanguage":"fr-FR","potentialAction":[{"@type":"ReadAction","target":["https:\/\/www.webdo.tn\/fr\/actualite\/national\/75-des-medecins-a-l-etranger-souhaitent-revenir-en-tunisie-selon-ferjani\/217988\/"]}]},{"@type":"ImageObject","inLanguage":"fr-FR","@id":"https:\/\/www.webdo.tn\/fr\/actualite\/national\/75-des-medecins-a-l-etranger-souhaitent-revenir-en-tunisie-selon-ferjani\/217988\/#primaryimage","url":"https:\/\/www.webdo.tn\/fr\/wp-content\/uploads\/2024\/11\/f3822ace30c2855f0a18c86109ac8530.webp","contentUrl":"https:\/\/www.webdo.tn\/fr\/wp-content\/uploads\/2024\/11\/f3822ace30c2855f0a18c86109ac8530.webp","width":750,"height":400,"caption":"78% des m\u00e9decins \u00e0 l\u2019\u00e9tranger souhaitent revenir en Tunisie, selon Ferjani"},{"@type":"BreadcrumbList","@id":"https:\/\/www.webdo.tn\/fr\/actualite\/national\/75-des-medecins-a-l-etranger-souhaitent-revenir-en-tunisie-selon-ferjani\/217988\/#breadcrumb","itemListElement":[{"@type":"ListItem","position":1,"name":"Accueil","item":"https:\/\/www.webdo.tn\/fr\/"},{"@type":"ListItem","position":2,"name":"78% des m\u00e9decins \u00e0 l\u2019\u00e9tranger souhaitent revenir en Tunisie, selon Ferjani"}]},{"@type":"WebSite","@id":"https:\/\/www.webdo.tn\/fr\/#website","url":"https:\/\/www.webdo.tn\/fr\/","name":"webdo","description":"Tunisie - News en Tunisie et \u00e0 l&#039;international sur Webdo.tn","publisher":{"@id":"https:\/\/www.webdo.tn\/fr\/#organization"},"potentialAction":[{"@type":"SearchAction","target":{"@type":"EntryPoint","urlTemplate":"https:\/\/www.webdo.tn\/fr\/?s={search_term_string}"},"query-input":{"@type":"PropertyValueSpecification","valueRequired":true,"valueName":"search_term_string"}}],"inLanguage":"fr-FR"},{"@type":"Organization","@id":"https:\/\/www.webdo.tn\/fr\/#organization","name":"Webdo","alternateName":"Webdo.tn","url":"https:\/\/www.webdo.tn\/fr\/","logo":{"@type":"ImageObject","inLanguage":"fr-FR","@id":"https:\/\/www.webdo.tn\/fr\/#\/schema\/logo\/image\/","url":"https:\/\/www.webdo.tn\/fr\/wp-content\/uploads\/2025\/06\/Webdo-Tunisie_168377.jpg","contentUrl":"https:\/\/www.webdo.tn\/fr\/wp-content\/uploads\/2025\/06\/Webdo-Tunisie_168377.jpg","width":301,"height":301,"caption":"Webdo"},"image":{"@id":"https:\/\/www.webdo.tn\/fr\/#\/schema\/logo\/image\/"},"sameAs":["https:\/\/www.facebook.com\/webdotn","https:\/\/x.com\/webdo_tn"],"description":"Webdo est un m\u00e9dia num\u00e9rique tunisien fond\u00e9 en 2010, sp\u00e9cialis\u00e9 dans l\u2019actualit\u00e9 nationale et internationale, l\u2019\u00e9conomie, la soci\u00e9t\u00e9 et les analyses politiques. Le site s\u2019adresse \u00e0 un large public francophone et couvre l\u2019information tunisienne en temps r\u00e9el.","email":"redac@webdo.tn","legalName":"YNJ SARL","foundingDate":"2010-09-06","numberOfEmployees":{"@type":"QuantitativeValue","minValue":"11","maxValue":"50"}},{"@type":"Person","@id":"https:\/\/www.webdo.tn\/fr\/#\/schema\/person\/82ca085b22037d285e1a3c4b65ba5f71","name":"KJ","image":{"@type":"ImageObject","inLanguage":"fr-FR","@id":"https:\/\/secure.gravatar.com\/avatar\/1a1320de1c1971c893f00068f760b4113d69504aa21273da17ee95650c5944fd?s=96&d=mm&r=g","url":"https:\/\/secure.gravatar.com\/avatar\/1a1320de1c1971c893f00068f760b4113d69504aa21273da17ee95650c5944fd?s=96&d=mm&r=g","contentUrl":"https:\/\/secure.gravatar.com\/avatar\/1a1320de1c1971c893f00068f760b4113d69504aa21273da17ee95650c5944fd?s=96&d=mm&r=g","caption":"KJ"},"url":"https:\/\/www.webdo.tn\/fr\/actualite\/author\/kj\/"}]}},"_links":{"self":[{"href":"https:\/\/www.webdo.tn\/fr\/wp-json\/wp\/v2\/posts\/217988","targetHints":{"allow":["GET"]}}],"collection":[{"href":"https:\/\/www.webdo.tn\/fr\/wp-json\/wp\/v2\/posts"}],"about":[{"href":"https:\/\/www.webdo.tn\/fr\/wp-json\/wp\/v2\/types\/post"}],"author":[{"embeddable":true,"href":"https:\/\/www.webdo.tn\/fr\/wp-json\/wp\/v2\/users\/3163"}],"replies":[{"embeddable":true,"href":"https:\/\/www.webdo.tn\/fr\/wp-json\/wp\/v2\/comments?post=217988"}],"version-history":[{"count":0,"href":"https:\/\/www.webdo.tn\/fr\/wp-json\/wp\/v2\/posts\/217988\/revisions"}],"wp:featuredmedia":[{"embeddable":true,"href":"https:\/\/www.webdo.tn\/fr\/wp-json\/wp\/v2\/media\/291444"}],"wp:attachment":[{"href":"https:\/\/www.webdo.tn\/fr\/wp-json\/wp\/v2\/media?parent=217988"}],"wp:term":[{"taxonomy":"category","embeddable":true,"href":"https:\/\/www.webdo.tn\/fr\/wp-json\/wp\/v2\/categories?post=217988"},{"taxonomy":"post_tag","embeddable":true,"href":"https:\/\/www.webdo.tn\/fr\/wp-json\/wp\/v2\/tags?post=217988"}],"curies":[{"name":"wp","href":"https:\/\/api.w.org\/{rel}","templated":true}]}}