{"id":217985,"date":"2024-11-29T11:36:00","date_gmt":"2024-11-29T11:36:00","guid":{"rendered":"https:\/\/www.webdo.tn\/fr\/blog\/tunisie-plf-2025-le-parlement-adopte-un-article-en-faveur-des-tunisiens-residant-a-l-etranger\/217985\/"},"modified":"2025-05-20T22:15:20","modified_gmt":"2025-05-20T22:15:20","slug":"tunisie-plf-2025-le-parlement-adopte-un-article-en-faveur-des-tunisiens-residant-a-l-etranger","status":"publish","type":"post","link":"https:\/\/www.webdo.tn\/fr\/actualite\/national\/tunisie-plf-2025-le-parlement-adopte-un-article-en-faveur-des-tunisiens-residant-a-l-etranger\/217985\/","title":{"rendered":"Tunisie &#8211; PLF 2025 : Le Parlement adopte un article en faveur des Tunisiens r\u00e9sidant \u00e0 l&rsquo;\u00e9tranger"},"content":{"rendered":"<p>L\u2019Assembl\u00e9e des repr\u00e9sentants du peuple a vot\u00e9, hier jeudi 28 novembre 2024, en faveur de l\u2019article 66 du projet de loi de finances pour l\u2019ann\u00e9e 2025.<\/p>\n<p>\t\t\t\t\t\t\t\t\tCet article pr\u00e9voit la r\u00e9gularisation de la situation des camions, \u00e9quipements et mat\u00e9riels import\u00e9s ou acquis localement par les Tunisiens r\u00e9sidant \u00e0 l\u2019\u00e9tranger dans le cadre de la r\u00e9alisation ou de la participation \u00e0 des projets. L\u2019article a \u00e9t\u00e9 adopt\u00e9 \u00e0 la majorit\u00e9 des voix.<\/p>\n<p>Texte de l\u2019article 66 \u00a0<\/p>\n<p>1. R\u00e9gularisation des \u00e9quipements et des v\u00e9hicules :<br \/>\n\u00a0<br \/>\nIl est possible de r\u00e9gulariser la situation des \u00e9quipements, mat\u00e9riels, engins et camions import\u00e9s ou acquis localement dans le cadre de la r\u00e9alisation ou de la participation \u00e0 des projets par les Tunisiens r\u00e9sidant \u00e0 l\u2019\u00e9tranger, conform\u00e9ment \u00e0 la l\u00e9gislation en vigueur.<\/p>\n<p>Cette r\u00e9gularisation concerne les biens pour lesquels des d\u00e9clarations de cessation d&rsquo;activit\u00e9, de changement d&rsquo;activit\u00e9 d\u00e9clar\u00e9e ou d\u2019ajout d\u2019une autre activit\u00e9 ont \u00e9t\u00e9 d\u00e9pos\u00e9es aupr\u00e8s des services fiscaux comp\u00e9tents avant le 31 d\u00e9cembre 2024, moyennant le paiement de 10% : \u00a0<\/p>\n<p>\tDu montant des droits et taxes dus \u00e0 la date de r\u00e9gularisation, sur la base de la valeur et des taux en vigueur \u00e0 cette date.<br \/>\n\tDu montant des droits et taxes suspendus lors de l\u2019acquisition locale, en tenant compte des dispositions de l\u2019article 9 du Code de la taxe sur la valeur ajout\u00e9e (TVA). \u00a0<\/p>\n<p>Toutefois, le montant pay\u00e9 ne peut en aucun cas \u00eatre inf\u00e9rieur \u00e0 3 000 dinars par v\u00e9hicule. \u00a0<\/p>\n<p>2. Proc\u00e9dure et d\u00e9lais : \u00a0<\/p>\n<p>\tLes demandes de r\u00e9gularisation doivent \u00eatre d\u00e9pos\u00e9es avant la fin du mois d\u2019ao\u00fbt 2025.<br \/>\n\tLe processus de r\u00e9gularisation et le paiement des montants dus doivent \u00eatre finalis\u00e9s au plus tard le 30 septembre 2025. \u00a0<\/p>\n<p>3. Non-remboursement des montants d\u00e9j\u00e0 pay\u00e9s :<\/p>\n<p>Les montants pay\u00e9s au titre des v\u00e9hicules ayant fait l\u2019objet d\u2019une r\u00e9gularisation avant le 1er janvier 2025 ne peuvent pas \u00eatre rembours\u00e9s. \u00a0<\/p>\n<p>Cet article vise \u00e0 faciliter la r\u00e9gularisation des situations fiscales des biens utilis\u00e9s par les Tunisiens \u00e0 l\u2019\u00e9tranger dans leurs projets \u00e9conomiques, tout en offrant un cadre clair et des incitations financi\u00e8res pour renforcer leur contribution au d\u00e9veloppement national.<\/p>\n","protected":false},"excerpt":{"rendered":"<p>L\u2019Assembl\u00e9e des repr\u00e9sentants du peuple a vot\u00e9, hier jeudi 28 novembre 2024, en faveur de l\u2019article 66 du projet de loi de finances pour l\u2019ann\u00e9e 2025.  Cet arti&#8230;<\/p>\n","protected":false},"author":3162,"featured_media":291442,"comment_status":"open","ping_status":"closed","sticky":false,"template":"","format":"standard","meta":{"footnotes":""},"categories":[44],"tags":[10700,4773,2608],"class_list":["post-217985","post","type-post","status-publish","format-standard","has-post-thumbnail","hentry","category-national","tag-residant-a-letranger","tag-plf-2025","tag-tunisie"],"yoast_head":"<!-- This site is optimized with the Yoast SEO Premium plugin v27.5 (Yoast SEO v27.5) - https:\/\/yoast.com\/product\/yoast-seo-premium-wordpress\/ -->\n<title>Tunisie - PLF 2025 : Le Parlement adopte un article en faveur des Tunisiens r\u00e9sidant \u00e0 l&#039;\u00e9tranger<\/title>\n<meta name=\"description\" content=\"L\u2019Assembl\u00e9e des repr\u00e9sentants du peuple a vot\u00e9, hier jeudi 28 novembre 2024, en faveur de l\u2019article 66 du projet de loi de finances pour l\u2019ann\u00e9e 2025. Cet arti...\" \/>\n<link rel=\"canonical\" href=\"https:\/\/www.webdo.tn\/fr\/actualite\/national\/tunisie-plf-2025-le-parlement-adopte-un-article-en-faveur-des-tunisiens-residant-a-l-etranger\/217985\/\" \/>\n<meta property=\"og:locale\" content=\"fr_FR\" \/>\n<meta property=\"og:type\" content=\"article\" \/>\n<meta property=\"og:title\" content=\"Tunisie - PLF 2025 : Le Parlement adopte un article en faveur des Tunisiens r\u00e9sidant \u00e0 l&#039;\u00e9tranger\" \/>\n<meta property=\"og:description\" content=\"L\u2019Assembl\u00e9e des repr\u00e9sentants du peuple a vot\u00e9, hier jeudi 28 novembre 2024, en faveur de l\u2019article 66 du projet de loi de finances pour l\u2019ann\u00e9e 2025. Cet arti...\" \/>\n<meta property=\"og:url\" content=\"https:\/\/www.webdo.tn\/fr\/actualite\/national\/tunisie-plf-2025-le-parlement-adopte-un-article-en-faveur-des-tunisiens-residant-a-l-etranger\/217985\/\" \/>\n<meta property=\"og:site_name\" content=\"webdo\" \/>\n<meta property=\"article:publisher\" content=\"https:\/\/www.facebook.com\/webdotn\" \/>\n<meta property=\"article:published_time\" content=\"2024-11-29T11:36:00+00:00\" \/>\n<meta property=\"article:modified_time\" content=\"2025-05-20T22:15:20+00:00\" \/>\n<meta property=\"og:image\" content=\"https:\/\/www.webdo.tn\/fr\/wp-content\/uploads\/2024\/11\/0de7f3b5d504678b683a6ecacb0a1a6b.webp\" \/>\n\t<meta property=\"og:image:width\" content=\"750\" \/>\n\t<meta property=\"og:image:height\" content=\"400\" \/>\n\t<meta property=\"og:image:type\" content=\"image\/webp\" \/>\n<meta name=\"author\" content=\"MC\" \/>\n<meta name=\"twitter:card\" content=\"summary_large_image\" \/>\n<meta name=\"twitter:creator\" content=\"@webdo_tn\" \/>\n<meta name=\"twitter:site\" content=\"@webdo_tn\" \/>\n<meta name=\"twitter:label1\" content=\"\u00c9crit par\" \/>\n\t<meta name=\"twitter:data1\" content=\"MC\" \/>\n\t<meta name=\"twitter:label2\" content=\"Dur\u00e9e de lecture estim\u00e9e\" \/>\n\t<meta name=\"twitter:data2\" content=\"2 minutes\" \/>\n<script type=\"application\/ld+json\" class=\"yoast-schema-graph\">{\"@context\":\"https:\\\/\\\/schema.org\",\"@graph\":[{\"@type\":\"NewsArticle\",\"@id\":\"https:\\\/\\\/www.webdo.tn\\\/fr\\\/actualite\\\/national\\\/tunisie-plf-2025-le-parlement-adopte-un-article-en-faveur-des-tunisiens-residant-a-l-etranger\\\/217985\\\/#article\",\"isPartOf\":{\"@id\":\"https:\\\/\\\/www.webdo.tn\\\/fr\\\/actualite\\\/national\\\/tunisie-plf-2025-le-parlement-adopte-un-article-en-faveur-des-tunisiens-residant-a-l-etranger\\\/217985\\\/\"},\"author\":{\"name\":\"MC\",\"@id\":\"https:\\\/\\\/www.webdo.tn\\\/fr\\\/#\\\/schema\\\/person\\\/2c4929cbf5a809e3bd38617c6ce150f6\"},\"headline\":\"Tunisie &#8211; PLF 2025 : Le Parlement adopte un article en faveur des Tunisiens r\u00e9sidant \u00e0 l&rsquo;\u00e9tranger\",\"datePublished\":\"2024-11-29T11:36:00+00:00\",\"dateModified\":\"2025-05-20T22:15:20+00:00\",\"mainEntityOfPage\":{\"@id\":\"https:\\\/\\\/www.webdo.tn\\\/fr\\\/actualite\\\/national\\\/tunisie-plf-2025-le-parlement-adopte-un-article-en-faveur-des-tunisiens-residant-a-l-etranger\\\/217985\\\/\"},\"wordCount\":393,\"commentCount\":0,\"publisher\":{\"@id\":\"https:\\\/\\\/www.webdo.tn\\\/fr\\\/#organization\"},\"image\":{\"@id\":\"https:\\\/\\\/www.webdo.tn\\\/fr\\\/actualite\\\/national\\\/tunisie-plf-2025-le-parlement-adopte-un-article-en-faveur-des-tunisiens-residant-a-l-etranger\\\/217985\\\/#primaryimage\"},\"thumbnailUrl\":\"https:\\\/\\\/www.webdo.tn\\\/fr\\\/wp-content\\\/uploads\\\/2024\\\/11\\\/0de7f3b5d504678b683a6ecacb0a1a6b.webp\",\"keywords\":[\"\\\"r\u00e9sidant \u00e0 l'\u00e9tranger\\\"]\",\"PLF 2025\",\"Tunisie\"],\"articleSection\":[\"National\"],\"inLanguage\":\"fr-FR\"},{\"@type\":\"WebPage\",\"@id\":\"https:\\\/\\\/www.webdo.tn\\\/fr\\\/actualite\\\/national\\\/tunisie-plf-2025-le-parlement-adopte-un-article-en-faveur-des-tunisiens-residant-a-l-etranger\\\/217985\\\/\",\"url\":\"https:\\\/\\\/www.webdo.tn\\\/fr\\\/actualite\\\/national\\\/tunisie-plf-2025-le-parlement-adopte-un-article-en-faveur-des-tunisiens-residant-a-l-etranger\\\/217985\\\/\",\"name\":\"Tunisie - PLF 2025 : Le Parlement adopte un article en faveur des Tunisiens r\u00e9sidant \u00e0 l'\u00e9tranger\",\"isPartOf\":{\"@id\":\"https:\\\/\\\/www.webdo.tn\\\/fr\\\/#website\"},\"primaryImageOfPage\":{\"@id\":\"https:\\\/\\\/www.webdo.tn\\\/fr\\\/actualite\\\/national\\\/tunisie-plf-2025-le-parlement-adopte-un-article-en-faveur-des-tunisiens-residant-a-l-etranger\\\/217985\\\/#primaryimage\"},\"image\":{\"@id\":\"https:\\\/\\\/www.webdo.tn\\\/fr\\\/actualite\\\/national\\\/tunisie-plf-2025-le-parlement-adopte-un-article-en-faveur-des-tunisiens-residant-a-l-etranger\\\/217985\\\/#primaryimage\"},\"thumbnailUrl\":\"https:\\\/\\\/www.webdo.tn\\\/fr\\\/wp-content\\\/uploads\\\/2024\\\/11\\\/0de7f3b5d504678b683a6ecacb0a1a6b.webp\",\"datePublished\":\"2024-11-29T11:36:00+00:00\",\"dateModified\":\"2025-05-20T22:15:20+00:00\",\"description\":\"L\u2019Assembl\u00e9e des repr\u00e9sentants du peuple a vot\u00e9, hier jeudi 28 novembre 2024, en faveur de l\u2019article 66 du projet de loi de finances pour l\u2019ann\u00e9e 2025. Cet arti...\",\"breadcrumb\":{\"@id\":\"https:\\\/\\\/www.webdo.tn\\\/fr\\\/actualite\\\/national\\\/tunisie-plf-2025-le-parlement-adopte-un-article-en-faveur-des-tunisiens-residant-a-l-etranger\\\/217985\\\/#breadcrumb\"},\"inLanguage\":\"fr-FR\",\"potentialAction\":[{\"@type\":\"ReadAction\",\"target\":[\"https:\\\/\\\/www.webdo.tn\\\/fr\\\/actualite\\\/national\\\/tunisie-plf-2025-le-parlement-adopte-un-article-en-faveur-des-tunisiens-residant-a-l-etranger\\\/217985\\\/\"]}]},{\"@type\":\"ImageObject\",\"inLanguage\":\"fr-FR\",\"@id\":\"https:\\\/\\\/www.webdo.tn\\\/fr\\\/actualite\\\/national\\\/tunisie-plf-2025-le-parlement-adopte-un-article-en-faveur-des-tunisiens-residant-a-l-etranger\\\/217985\\\/#primaryimage\",\"url\":\"https:\\\/\\\/www.webdo.tn\\\/fr\\\/wp-content\\\/uploads\\\/2024\\\/11\\\/0de7f3b5d504678b683a6ecacb0a1a6b.webp\",\"contentUrl\":\"https:\\\/\\\/www.webdo.tn\\\/fr\\\/wp-content\\\/uploads\\\/2024\\\/11\\\/0de7f3b5d504678b683a6ecacb0a1a6b.webp\",\"width\":750,\"height\":400,\"caption\":\"Tunisie - PLF 2025 : Le Parlement adopte un article en faveur des Tunisiens r\u00e9sidant \u00e0 l'\u00e9tranger\"},{\"@type\":\"BreadcrumbList\",\"@id\":\"https:\\\/\\\/www.webdo.tn\\\/fr\\\/actualite\\\/national\\\/tunisie-plf-2025-le-parlement-adopte-un-article-en-faveur-des-tunisiens-residant-a-l-etranger\\\/217985\\\/#breadcrumb\",\"itemListElement\":[{\"@type\":\"ListItem\",\"position\":1,\"name\":\"Accueil\",\"item\":\"https:\\\/\\\/www.webdo.tn\\\/fr\\\/\"},{\"@type\":\"ListItem\",\"position\":2,\"name\":\"Tunisie &#8211; PLF 2025 : Le Parlement adopte un article en faveur des Tunisiens r\u00e9sidant \u00e0 l&rsquo;\u00e9tranger\"}]},{\"@type\":\"WebSite\",\"@id\":\"https:\\\/\\\/www.webdo.tn\\\/fr\\\/#website\",\"url\":\"https:\\\/\\\/www.webdo.tn\\\/fr\\\/\",\"name\":\"webdo\",\"description\":\"Tunisie - News en Tunisie et \u00e0 l&#039;international sur Webdo.tn\",\"publisher\":{\"@id\":\"https:\\\/\\\/www.webdo.tn\\\/fr\\\/#organization\"},\"potentialAction\":[{\"@type\":\"SearchAction\",\"target\":{\"@type\":\"EntryPoint\",\"urlTemplate\":\"https:\\\/\\\/www.webdo.tn\\\/fr\\\/?s={search_term_string}\"},\"query-input\":{\"@type\":\"PropertyValueSpecification\",\"valueRequired\":true,\"valueName\":\"search_term_string\"}}],\"inLanguage\":\"fr-FR\"},{\"@type\":\"Organization\",\"@id\":\"https:\\\/\\\/www.webdo.tn\\\/fr\\\/#organization\",\"name\":\"Webdo\",\"alternateName\":\"Webdo.tn\",\"url\":\"https:\\\/\\\/www.webdo.tn\\\/fr\\\/\",\"logo\":{\"@type\":\"ImageObject\",\"inLanguage\":\"fr-FR\",\"@id\":\"https:\\\/\\\/www.webdo.tn\\\/fr\\\/#\\\/schema\\\/logo\\\/image\\\/\",\"url\":\"https:\\\/\\\/www.webdo.tn\\\/fr\\\/wp-content\\\/uploads\\\/2025\\\/06\\\/Webdo-Tunisie_168377.jpg\",\"contentUrl\":\"https:\\\/\\\/www.webdo.tn\\\/fr\\\/wp-content\\\/uploads\\\/2025\\\/06\\\/Webdo-Tunisie_168377.jpg\",\"width\":301,\"height\":301,\"caption\":\"Webdo\"},\"image\":{\"@id\":\"https:\\\/\\\/www.webdo.tn\\\/fr\\\/#\\\/schema\\\/logo\\\/image\\\/\"},\"sameAs\":[\"https:\\\/\\\/www.facebook.com\\\/webdotn\",\"https:\\\/\\\/x.com\\\/webdo_tn\"],\"description\":\"Webdo est un m\u00e9dia num\u00e9rique tunisien fond\u00e9 en 2010, sp\u00e9cialis\u00e9 dans l\u2019actualit\u00e9 nationale et internationale, l\u2019\u00e9conomie, la soci\u00e9t\u00e9 et les analyses politiques. Le site s\u2019adresse \u00e0 un large public francophone et couvre l\u2019information tunisienne en temps r\u00e9el.\",\"email\":\"redac@webdo.tn\",\"legalName\":\"YNJ SARL\",\"foundingDate\":\"2010-09-06\",\"numberOfEmployees\":{\"@type\":\"QuantitativeValue\",\"minValue\":\"11\",\"maxValue\":\"50\"}},{\"@type\":\"Person\",\"@id\":\"https:\\\/\\\/www.webdo.tn\\\/fr\\\/#\\\/schema\\\/person\\\/2c4929cbf5a809e3bd38617c6ce150f6\",\"name\":\"MC\",\"image\":{\"@type\":\"ImageObject\",\"inLanguage\":\"fr-FR\",\"@id\":\"https:\\\/\\\/secure.gravatar.com\\\/avatar\\\/a545bbb6f84efdd5553dbbc2895e3ca8f1d12c5215e00a041c9670b54aa9b18a?s=96&d=mm&r=g\",\"url\":\"https:\\\/\\\/secure.gravatar.com\\\/avatar\\\/a545bbb6f84efdd5553dbbc2895e3ca8f1d12c5215e00a041c9670b54aa9b18a?s=96&d=mm&r=g\",\"contentUrl\":\"https:\\\/\\\/secure.gravatar.com\\\/avatar\\\/a545bbb6f84efdd5553dbbc2895e3ca8f1d12c5215e00a041c9670b54aa9b18a?s=96&d=mm&r=g\",\"caption\":\"MC\"},\"url\":\"https:\\\/\\\/www.webdo.tn\\\/fr\\\/actualite\\\/author\\\/mc\\\/\"}]}<\/script>\n<!-- \/ Yoast SEO Premium plugin. -->","yoast_head_json":{"title":"Tunisie - PLF 2025 : Le Parlement adopte un article en faveur des Tunisiens r\u00e9sidant \u00e0 l'\u00e9tranger","description":"L\u2019Assembl\u00e9e des repr\u00e9sentants du peuple a vot\u00e9, hier jeudi 28 novembre 2024, en faveur de l\u2019article 66 du projet de loi de finances pour l\u2019ann\u00e9e 2025. Cet arti...","canonical":"https:\/\/www.webdo.tn\/fr\/actualite\/national\/tunisie-plf-2025-le-parlement-adopte-un-article-en-faveur-des-tunisiens-residant-a-l-etranger\/217985\/","og_locale":"fr_FR","og_type":"article","og_title":"Tunisie - PLF 2025 : Le Parlement adopte un article en faveur des Tunisiens r\u00e9sidant \u00e0 l'\u00e9tranger","og_description":"L\u2019Assembl\u00e9e des repr\u00e9sentants du peuple a vot\u00e9, hier jeudi 28 novembre 2024, en faveur de l\u2019article 66 du projet de loi de finances pour l\u2019ann\u00e9e 2025. Cet arti...","og_url":"https:\/\/www.webdo.tn\/fr\/actualite\/national\/tunisie-plf-2025-le-parlement-adopte-un-article-en-faveur-des-tunisiens-residant-a-l-etranger\/217985\/","og_site_name":"webdo","article_publisher":"https:\/\/www.facebook.com\/webdotn","article_published_time":"2024-11-29T11:36:00+00:00","article_modified_time":"2025-05-20T22:15:20+00:00","og_image":[{"width":750,"height":400,"url":"https:\/\/www.webdo.tn\/fr\/wp-content\/uploads\/2024\/11\/0de7f3b5d504678b683a6ecacb0a1a6b.webp","type":"image\/webp"}],"author":"MC","twitter_card":"summary_large_image","twitter_creator":"@webdo_tn","twitter_site":"@webdo_tn","twitter_misc":{"\u00c9crit par":"MC","Dur\u00e9e de lecture estim\u00e9e":"2 minutes"},"schema":{"@context":"https:\/\/schema.org","@graph":[{"@type":"NewsArticle","@id":"https:\/\/www.webdo.tn\/fr\/actualite\/national\/tunisie-plf-2025-le-parlement-adopte-un-article-en-faveur-des-tunisiens-residant-a-l-etranger\/217985\/#article","isPartOf":{"@id":"https:\/\/www.webdo.tn\/fr\/actualite\/national\/tunisie-plf-2025-le-parlement-adopte-un-article-en-faveur-des-tunisiens-residant-a-l-etranger\/217985\/"},"author":{"name":"MC","@id":"https:\/\/www.webdo.tn\/fr\/#\/schema\/person\/2c4929cbf5a809e3bd38617c6ce150f6"},"headline":"Tunisie &#8211; PLF 2025 : Le Parlement adopte un article en faveur des Tunisiens r\u00e9sidant \u00e0 l&rsquo;\u00e9tranger","datePublished":"2024-11-29T11:36:00+00:00","dateModified":"2025-05-20T22:15:20+00:00","mainEntityOfPage":{"@id":"https:\/\/www.webdo.tn\/fr\/actualite\/national\/tunisie-plf-2025-le-parlement-adopte-un-article-en-faveur-des-tunisiens-residant-a-l-etranger\/217985\/"},"wordCount":393,"commentCount":0,"publisher":{"@id":"https:\/\/www.webdo.tn\/fr\/#organization"},"image":{"@id":"https:\/\/www.webdo.tn\/fr\/actualite\/national\/tunisie-plf-2025-le-parlement-adopte-un-article-en-faveur-des-tunisiens-residant-a-l-etranger\/217985\/#primaryimage"},"thumbnailUrl":"https:\/\/www.webdo.tn\/fr\/wp-content\/uploads\/2024\/11\/0de7f3b5d504678b683a6ecacb0a1a6b.webp","keywords":["\"r\u00e9sidant \u00e0 l'\u00e9tranger\"]","PLF 2025","Tunisie"],"articleSection":["National"],"inLanguage":"fr-FR"},{"@type":"WebPage","@id":"https:\/\/www.webdo.tn\/fr\/actualite\/national\/tunisie-plf-2025-le-parlement-adopte-un-article-en-faveur-des-tunisiens-residant-a-l-etranger\/217985\/","url":"https:\/\/www.webdo.tn\/fr\/actualite\/national\/tunisie-plf-2025-le-parlement-adopte-un-article-en-faveur-des-tunisiens-residant-a-l-etranger\/217985\/","name":"Tunisie - PLF 2025 : Le Parlement adopte un article en faveur des Tunisiens r\u00e9sidant \u00e0 l'\u00e9tranger","isPartOf":{"@id":"https:\/\/www.webdo.tn\/fr\/#website"},"primaryImageOfPage":{"@id":"https:\/\/www.webdo.tn\/fr\/actualite\/national\/tunisie-plf-2025-le-parlement-adopte-un-article-en-faveur-des-tunisiens-residant-a-l-etranger\/217985\/#primaryimage"},"image":{"@id":"https:\/\/www.webdo.tn\/fr\/actualite\/national\/tunisie-plf-2025-le-parlement-adopte-un-article-en-faveur-des-tunisiens-residant-a-l-etranger\/217985\/#primaryimage"},"thumbnailUrl":"https:\/\/www.webdo.tn\/fr\/wp-content\/uploads\/2024\/11\/0de7f3b5d504678b683a6ecacb0a1a6b.webp","datePublished":"2024-11-29T11:36:00+00:00","dateModified":"2025-05-20T22:15:20+00:00","description":"L\u2019Assembl\u00e9e des repr\u00e9sentants du peuple a vot\u00e9, hier jeudi 28 novembre 2024, en faveur de l\u2019article 66 du projet de loi de finances pour l\u2019ann\u00e9e 2025. Cet arti...","breadcrumb":{"@id":"https:\/\/www.webdo.tn\/fr\/actualite\/national\/tunisie-plf-2025-le-parlement-adopte-un-article-en-faveur-des-tunisiens-residant-a-l-etranger\/217985\/#breadcrumb"},"inLanguage":"fr-FR","potentialAction":[{"@type":"ReadAction","target":["https:\/\/www.webdo.tn\/fr\/actualite\/national\/tunisie-plf-2025-le-parlement-adopte-un-article-en-faveur-des-tunisiens-residant-a-l-etranger\/217985\/"]}]},{"@type":"ImageObject","inLanguage":"fr-FR","@id":"https:\/\/www.webdo.tn\/fr\/actualite\/national\/tunisie-plf-2025-le-parlement-adopte-un-article-en-faveur-des-tunisiens-residant-a-l-etranger\/217985\/#primaryimage","url":"https:\/\/www.webdo.tn\/fr\/wp-content\/uploads\/2024\/11\/0de7f3b5d504678b683a6ecacb0a1a6b.webp","contentUrl":"https:\/\/www.webdo.tn\/fr\/wp-content\/uploads\/2024\/11\/0de7f3b5d504678b683a6ecacb0a1a6b.webp","width":750,"height":400,"caption":"Tunisie - PLF 2025 : Le Parlement adopte un article en faveur des Tunisiens r\u00e9sidant \u00e0 l'\u00e9tranger"},{"@type":"BreadcrumbList","@id":"https:\/\/www.webdo.tn\/fr\/actualite\/national\/tunisie-plf-2025-le-parlement-adopte-un-article-en-faveur-des-tunisiens-residant-a-l-etranger\/217985\/#breadcrumb","itemListElement":[{"@type":"ListItem","position":1,"name":"Accueil","item":"https:\/\/www.webdo.tn\/fr\/"},{"@type":"ListItem","position":2,"name":"Tunisie &#8211; PLF 2025 : Le Parlement adopte un article en faveur des Tunisiens r\u00e9sidant \u00e0 l&rsquo;\u00e9tranger"}]},{"@type":"WebSite","@id":"https:\/\/www.webdo.tn\/fr\/#website","url":"https:\/\/www.webdo.tn\/fr\/","name":"webdo","description":"Tunisie - News en Tunisie et \u00e0 l&#039;international sur Webdo.tn","publisher":{"@id":"https:\/\/www.webdo.tn\/fr\/#organization"},"potentialAction":[{"@type":"SearchAction","target":{"@type":"EntryPoint","urlTemplate":"https:\/\/www.webdo.tn\/fr\/?s={search_term_string}"},"query-input":{"@type":"PropertyValueSpecification","valueRequired":true,"valueName":"search_term_string"}}],"inLanguage":"fr-FR"},{"@type":"Organization","@id":"https:\/\/www.webdo.tn\/fr\/#organization","name":"Webdo","alternateName":"Webdo.tn","url":"https:\/\/www.webdo.tn\/fr\/","logo":{"@type":"ImageObject","inLanguage":"fr-FR","@id":"https:\/\/www.webdo.tn\/fr\/#\/schema\/logo\/image\/","url":"https:\/\/www.webdo.tn\/fr\/wp-content\/uploads\/2025\/06\/Webdo-Tunisie_168377.jpg","contentUrl":"https:\/\/www.webdo.tn\/fr\/wp-content\/uploads\/2025\/06\/Webdo-Tunisie_168377.jpg","width":301,"height":301,"caption":"Webdo"},"image":{"@id":"https:\/\/www.webdo.tn\/fr\/#\/schema\/logo\/image\/"},"sameAs":["https:\/\/www.facebook.com\/webdotn","https:\/\/x.com\/webdo_tn"],"description":"Webdo est un m\u00e9dia num\u00e9rique tunisien fond\u00e9 en 2010, sp\u00e9cialis\u00e9 dans l\u2019actualit\u00e9 nationale et internationale, l\u2019\u00e9conomie, la soci\u00e9t\u00e9 et les analyses politiques. Le site s\u2019adresse \u00e0 un large public francophone et couvre l\u2019information tunisienne en temps r\u00e9el.","email":"redac@webdo.tn","legalName":"YNJ SARL","foundingDate":"2010-09-06","numberOfEmployees":{"@type":"QuantitativeValue","minValue":"11","maxValue":"50"}},{"@type":"Person","@id":"https:\/\/www.webdo.tn\/fr\/#\/schema\/person\/2c4929cbf5a809e3bd38617c6ce150f6","name":"MC","image":{"@type":"ImageObject","inLanguage":"fr-FR","@id":"https:\/\/secure.gravatar.com\/avatar\/a545bbb6f84efdd5553dbbc2895e3ca8f1d12c5215e00a041c9670b54aa9b18a?s=96&d=mm&r=g","url":"https:\/\/secure.gravatar.com\/avatar\/a545bbb6f84efdd5553dbbc2895e3ca8f1d12c5215e00a041c9670b54aa9b18a?s=96&d=mm&r=g","contentUrl":"https:\/\/secure.gravatar.com\/avatar\/a545bbb6f84efdd5553dbbc2895e3ca8f1d12c5215e00a041c9670b54aa9b18a?s=96&d=mm&r=g","caption":"MC"},"url":"https:\/\/www.webdo.tn\/fr\/actualite\/author\/mc\/"}]}},"_links":{"self":[{"href":"https:\/\/www.webdo.tn\/fr\/wp-json\/wp\/v2\/posts\/217985","targetHints":{"allow":["GET"]}}],"collection":[{"href":"https:\/\/www.webdo.tn\/fr\/wp-json\/wp\/v2\/posts"}],"about":[{"href":"https:\/\/www.webdo.tn\/fr\/wp-json\/wp\/v2\/types\/post"}],"author":[{"embeddable":true,"href":"https:\/\/www.webdo.tn\/fr\/wp-json\/wp\/v2\/users\/3162"}],"replies":[{"embeddable":true,"href":"https:\/\/www.webdo.tn\/fr\/wp-json\/wp\/v2\/comments?post=217985"}],"version-history":[{"count":0,"href":"https:\/\/www.webdo.tn\/fr\/wp-json\/wp\/v2\/posts\/217985\/revisions"}],"wp:featuredmedia":[{"embeddable":true,"href":"https:\/\/www.webdo.tn\/fr\/wp-json\/wp\/v2\/media\/291442"}],"wp:attachment":[{"href":"https:\/\/www.webdo.tn\/fr\/wp-json\/wp\/v2\/media?parent=217985"}],"wp:term":[{"taxonomy":"category","embeddable":true,"href":"https:\/\/www.webdo.tn\/fr\/wp-json\/wp\/v2\/categories?post=217985"},{"taxonomy":"post_tag","embeddable":true,"href":"https:\/\/www.webdo.tn\/fr\/wp-json\/wp\/v2\/tags?post=217985"}],"curies":[{"name":"wp","href":"https:\/\/api.w.org\/{rel}","templated":true}]}}