{"id":217972,"date":"2024-11-29T08:56:00","date_gmt":"2024-11-29T08:56:00","guid":{"rendered":"https:\/\/www.webdo.tn\/fr\/blog\/2024\/11\/29\/australie-les-reseaux-sociaux-bientot-interdits-aux-moins-de-16-ans\/"},"modified":"2025-05-17T20:18:47","modified_gmt":"2025-05-17T20:18:47","slug":"australie-les-reseaux-sociaux-bientot-interdits-aux-moins-de-16-ans","status":"publish","type":"post","link":"https:\/\/www.webdo.tn\/fr\/actualite\/international\/australie-les-reseaux-sociaux-bientot-interdits-aux-moins-de-16-ans\/217972\/","title":{"rendered":"Australie : Les r\u00e9seaux sociaux bient\u00f4t interdits aux moins de 16 ans"},"content":{"rendered":"<p>L\u2019Australie devient le premier pays au monde \u00e0 interdire les r\u00e9seaux sociaux aux moins de 16 ans. Cette loi, adopt\u00e9e jeudi par le S\u00e9nat australien apr\u00e8s un d\u00e9bat public intense, impose aux g\u00e9ants de la tech de prendre des mesures pour emp\u00eacher les mineurs d\u2019acc\u00e9der \u00e0 leurs plateformes, sous peine d\u2019amendes pouvant atteindre 50 millions de dollars australiens (environ 100 millions de dinars tunisiens). \u00a0<\/p>\n<p>\t\t\t\t\t\t\t\t\tLe Premier ministre Anthony Albanese a salu\u00e9 cette d\u00e9cision, affirmant : \u00ab Nous avons envoy\u00e9 un message clair aux parents : nous sommes \u00e0 vos c\u00f4t\u00e9s. \u00bb Il a soulign\u00e9 que les r\u00e9seaux sociaux pouvaient devenir des outils dangereux, favorisant le harc\u00e8lement, l\u2019anxi\u00e9t\u00e9 et les pr\u00e9dateurs en ligne. \u00a0<\/p>\n<p>Cette interdiction concerne Snapchat, TikTok, Facebook, Instagram, Reddit et X, mais la liste pourrait s\u2019\u00e9largir. Si elle a re\u00e7u le soutien de l\u2019opposition lib\u00e9rale, certains politiciens, comme la s\u00e9natrice australienne des Verts Sarah Hanson-Young, ont critiqu\u00e9 un processus l\u00e9gislatif pr\u00e9cipit\u00e9. Selon elle, cette mesure risque d\u2019isoler davantage les jeunes et de manquer son objectif de responsabilisation des entreprises. \u00a0<\/p>\n<p>Pour ses partisans, c\u2019est un tournant d\u00e9cisif pour contr\u00f4ler le pouvoir des g\u00e9ants technologiques et garantir la s\u00e9curit\u00e9 des enfants en ligne.<\/p>\n","protected":false},"excerpt":{"rendered":"<p>L\u2019Australie adopte une loi pionni\u00e8re interdisant les r\u00e9seaux sociaux aux moins de 16 ans. Snapchat, TikTok, Facebook, Instagram et autres sont concern\u00e9s, avec d&#8230;<\/p>\n","protected":false},"author":4779,"featured_media":243756,"comment_status":"open","ping_status":"open","sticky":false,"template":"","format":"standard","meta":{"footnotes":""},"categories":[2598],"tags":[4499,4897,2836],"class_list":["post-217972","post","type-post","status-publish","format-standard","has-post-thumbnail","hentry","category-international","tag-australie","tag-loi-sur-les-reseaux-sociaux","tag-reseaux-sociaux"],"yoast_head":"<!-- This site is optimized with the Yoast SEO Premium plugin v27.4 (Yoast SEO v27.5) - https:\/\/yoast.com\/product\/yoast-seo-premium-wordpress\/ -->\n<title>Australie : Les r\u00e9seaux sociaux bient\u00f4t interdits aux moins de 16 ans<\/title>\n<meta name=\"description\" content=\"L\u2019Australie adopte une loi pionni\u00e8re interdisant les r\u00e9seaux sociaux aux moins de 16 ans. Snapchat, TikTok, Facebook, Instagram et autres sont concern\u00e9s, avec d...\" \/>\n<link rel=\"canonical\" href=\"https:\/\/www.webdo.tn\/fr\/actualite\/international\/australie-les-reseaux-sociaux-bientot-interdits-aux-moins-de-16-ans\/217972\/\" \/>\n<meta property=\"og:locale\" content=\"fr_FR\" \/>\n<meta property=\"og:type\" content=\"article\" \/>\n<meta property=\"og:title\" content=\"Australie : Les r\u00e9seaux sociaux bient\u00f4t interdits aux moins de 16 ans\" \/>\n<meta property=\"og:description\" content=\"L\u2019Australie adopte une loi pionni\u00e8re interdisant les r\u00e9seaux sociaux aux moins de 16 ans. Snapchat, TikTok, Facebook, Instagram et autres sont concern\u00e9s, avec d...\" \/>\n<meta property=\"og:url\" content=\"https:\/\/www.webdo.tn\/fr\/actualite\/international\/australie-les-reseaux-sociaux-bientot-interdits-aux-moins-de-16-ans\/217972\/\" \/>\n<meta property=\"og:site_name\" content=\"webdo\" \/>\n<meta property=\"article:publisher\" content=\"https:\/\/www.facebook.com\/webdotn\" \/>\n<meta property=\"article:published_time\" content=\"2024-11-29T08:56:00+00:00\" \/>\n<meta property=\"article:modified_time\" content=\"2025-05-17T20:18:47+00:00\" \/>\n<meta property=\"og:image\" content=\"https:\/\/www.webdo.tn\/fr\/wp-content\/uploads\/2025\/05\/99b33a05dc184c71e1c67f5db8fa68f6-2.webp\" \/>\n\t<meta property=\"og:image:width\" content=\"750\" \/>\n\t<meta property=\"og:image:height\" content=\"400\" \/>\n\t<meta property=\"og:image:type\" content=\"image\/webp\" \/>\n<meta name=\"author\" content=\"Firas Ben Abdeltif\" \/>\n<meta name=\"twitter:card\" content=\"summary_large_image\" \/>\n<meta name=\"twitter:creator\" content=\"@webdo_tn\" \/>\n<meta name=\"twitter:site\" content=\"@webdo_tn\" \/>\n<meta name=\"twitter:label1\" content=\"\u00c9crit par\" \/>\n\t<meta name=\"twitter:data1\" content=\"Firas Ben Abdeltif\" \/>\n\t<meta name=\"twitter:label2\" content=\"Dur\u00e9e de lecture estim\u00e9e\" \/>\n\t<meta name=\"twitter:data2\" content=\"1 minute\" \/>\n<script type=\"application\/ld+json\" class=\"yoast-schema-graph\">{\"@context\":\"https:\\\/\\\/schema.org\",\"@graph\":[{\"@type\":\"NewsArticle\",\"@id\":\"https:\\\/\\\/www.webdo.tn\\\/fr\\\/actualite\\\/international\\\/australie-les-reseaux-sociaux-bientot-interdits-aux-moins-de-16-ans\\\/217972\\\/#article\",\"isPartOf\":{\"@id\":\"https:\\\/\\\/www.webdo.tn\\\/fr\\\/actualite\\\/international\\\/australie-les-reseaux-sociaux-bientot-interdits-aux-moins-de-16-ans\\\/217972\\\/\"},\"author\":{\"name\":\"Firas Ben Abdeltif\",\"@id\":\"https:\\\/\\\/www.webdo.tn\\\/fr\\\/#\\\/schema\\\/person\\\/19664196c9bfdcda126f3c27709f7d11\"},\"headline\":\"Australie : Les r\u00e9seaux sociaux bient\u00f4t interdits aux moins de 16 ans\",\"datePublished\":\"2024-11-29T08:56:00+00:00\",\"dateModified\":\"2025-05-17T20:18:47+00:00\",\"mainEntityOfPage\":{\"@id\":\"https:\\\/\\\/www.webdo.tn\\\/fr\\\/actualite\\\/international\\\/australie-les-reseaux-sociaux-bientot-interdits-aux-moins-de-16-ans\\\/217972\\\/\"},\"wordCount\":226,\"commentCount\":0,\"publisher\":{\"@id\":\"https:\\\/\\\/www.webdo.tn\\\/fr\\\/#organization\"},\"image\":{\"@id\":\"https:\\\/\\\/www.webdo.tn\\\/fr\\\/actualite\\\/international\\\/australie-les-reseaux-sociaux-bientot-interdits-aux-moins-de-16-ans\\\/217972\\\/#primaryimage\"},\"thumbnailUrl\":\"https:\\\/\\\/www.webdo.tn\\\/fr\\\/wp-content\\\/uploads\\\/2025\\\/05\\\/99b33a05dc184c71e1c67f5db8fa68f6-2.webp\",\"keywords\":[\"Australie\",\"Loi sur les r\u00e9seaux sociaux\",\"r\u00e9seaux sociaux\"],\"articleSection\":[\"International\"],\"inLanguage\":\"fr-FR\"},{\"@type\":\"WebPage\",\"@id\":\"https:\\\/\\\/www.webdo.tn\\\/fr\\\/actualite\\\/international\\\/australie-les-reseaux-sociaux-bientot-interdits-aux-moins-de-16-ans\\\/217972\\\/\",\"url\":\"https:\\\/\\\/www.webdo.tn\\\/fr\\\/actualite\\\/international\\\/australie-les-reseaux-sociaux-bientot-interdits-aux-moins-de-16-ans\\\/217972\\\/\",\"name\":\"Australie : Les r\u00e9seaux sociaux bient\u00f4t interdits aux moins de 16 ans\",\"isPartOf\":{\"@id\":\"https:\\\/\\\/www.webdo.tn\\\/fr\\\/#website\"},\"primaryImageOfPage\":{\"@id\":\"https:\\\/\\\/www.webdo.tn\\\/fr\\\/actualite\\\/international\\\/australie-les-reseaux-sociaux-bientot-interdits-aux-moins-de-16-ans\\\/217972\\\/#primaryimage\"},\"image\":{\"@id\":\"https:\\\/\\\/www.webdo.tn\\\/fr\\\/actualite\\\/international\\\/australie-les-reseaux-sociaux-bientot-interdits-aux-moins-de-16-ans\\\/217972\\\/#primaryimage\"},\"thumbnailUrl\":\"https:\\\/\\\/www.webdo.tn\\\/fr\\\/wp-content\\\/uploads\\\/2025\\\/05\\\/99b33a05dc184c71e1c67f5db8fa68f6-2.webp\",\"datePublished\":\"2024-11-29T08:56:00+00:00\",\"dateModified\":\"2025-05-17T20:18:47+00:00\",\"description\":\"L\u2019Australie adopte une loi pionni\u00e8re interdisant les r\u00e9seaux sociaux aux moins de 16 ans. Snapchat, TikTok, Facebook, Instagram et autres sont concern\u00e9s, avec d...\",\"breadcrumb\":{\"@id\":\"https:\\\/\\\/www.webdo.tn\\\/fr\\\/actualite\\\/international\\\/australie-les-reseaux-sociaux-bientot-interdits-aux-moins-de-16-ans\\\/217972\\\/#breadcrumb\"},\"inLanguage\":\"fr-FR\",\"potentialAction\":[{\"@type\":\"ReadAction\",\"target\":[\"https:\\\/\\\/www.webdo.tn\\\/fr\\\/actualite\\\/international\\\/australie-les-reseaux-sociaux-bientot-interdits-aux-moins-de-16-ans\\\/217972\\\/\"]}]},{\"@type\":\"ImageObject\",\"inLanguage\":\"fr-FR\",\"@id\":\"https:\\\/\\\/www.webdo.tn\\\/fr\\\/actualite\\\/international\\\/australie-les-reseaux-sociaux-bientot-interdits-aux-moins-de-16-ans\\\/217972\\\/#primaryimage\",\"url\":\"https:\\\/\\\/www.webdo.tn\\\/fr\\\/wp-content\\\/uploads\\\/2025\\\/05\\\/99b33a05dc184c71e1c67f5db8fa68f6-2.webp\",\"contentUrl\":\"https:\\\/\\\/www.webdo.tn\\\/fr\\\/wp-content\\\/uploads\\\/2025\\\/05\\\/99b33a05dc184c71e1c67f5db8fa68f6-2.webp\",\"width\":750,\"height\":400},{\"@type\":\"BreadcrumbList\",\"@id\":\"https:\\\/\\\/www.webdo.tn\\\/fr\\\/actualite\\\/international\\\/australie-les-reseaux-sociaux-bientot-interdits-aux-moins-de-16-ans\\\/217972\\\/#breadcrumb\",\"itemListElement\":[{\"@type\":\"ListItem\",\"position\":1,\"name\":\"Accueil\",\"item\":\"https:\\\/\\\/www.webdo.tn\\\/fr\\\/\"},{\"@type\":\"ListItem\",\"position\":2,\"name\":\"Australie : Les r\u00e9seaux sociaux bient\u00f4t interdits aux moins de 16 ans\"}]},{\"@type\":\"WebSite\",\"@id\":\"https:\\\/\\\/www.webdo.tn\\\/fr\\\/#website\",\"url\":\"https:\\\/\\\/www.webdo.tn\\\/fr\\\/\",\"name\":\"webdo\",\"description\":\"Tunisie - News en Tunisie et \u00e0 l&#039;international sur Webdo.tn\",\"publisher\":{\"@id\":\"https:\\\/\\\/www.webdo.tn\\\/fr\\\/#organization\"},\"potentialAction\":[{\"@type\":\"SearchAction\",\"target\":{\"@type\":\"EntryPoint\",\"urlTemplate\":\"https:\\\/\\\/www.webdo.tn\\\/fr\\\/?s={search_term_string}\"},\"query-input\":{\"@type\":\"PropertyValueSpecification\",\"valueRequired\":true,\"valueName\":\"search_term_string\"}}],\"inLanguage\":\"fr-FR\"},{\"@type\":\"Organization\",\"@id\":\"https:\\\/\\\/www.webdo.tn\\\/fr\\\/#organization\",\"name\":\"Webdo\",\"alternateName\":\"Webdo.tn\",\"url\":\"https:\\\/\\\/www.webdo.tn\\\/fr\\\/\",\"logo\":{\"@type\":\"ImageObject\",\"inLanguage\":\"fr-FR\",\"@id\":\"https:\\\/\\\/www.webdo.tn\\\/fr\\\/#\\\/schema\\\/logo\\\/image\\\/\",\"url\":\"https:\\\/\\\/www.webdo.tn\\\/fr\\\/wp-content\\\/uploads\\\/2025\\\/06\\\/Webdo-Tunisie_168377.jpg\",\"contentUrl\":\"https:\\\/\\\/www.webdo.tn\\\/fr\\\/wp-content\\\/uploads\\\/2025\\\/06\\\/Webdo-Tunisie_168377.jpg\",\"width\":301,\"height\":301,\"caption\":\"Webdo\"},\"image\":{\"@id\":\"https:\\\/\\\/www.webdo.tn\\\/fr\\\/#\\\/schema\\\/logo\\\/image\\\/\"},\"sameAs\":[\"https:\\\/\\\/www.facebook.com\\\/webdotn\",\"https:\\\/\\\/x.com\\\/webdo_tn\"],\"description\":\"Webdo est un m\u00e9dia num\u00e9rique tunisien fond\u00e9 en 2010, sp\u00e9cialis\u00e9 dans l\u2019actualit\u00e9 nationale et internationale, l\u2019\u00e9conomie, la soci\u00e9t\u00e9 et les analyses politiques. Le site s\u2019adresse \u00e0 un large public francophone et couvre l\u2019information tunisienne en temps r\u00e9el.\",\"email\":\"redac@webdo.tn\",\"legalName\":\"YNJ SARL\",\"foundingDate\":\"2010-09-06\",\"numberOfEmployees\":{\"@type\":\"QuantitativeValue\",\"minValue\":\"11\",\"maxValue\":\"50\"}},{\"@type\":\"Person\",\"@id\":\"https:\\\/\\\/www.webdo.tn\\\/fr\\\/#\\\/schema\\\/person\\\/19664196c9bfdcda126f3c27709f7d11\",\"name\":\"Firas Ben Abdeltif\",\"image\":{\"@type\":\"ImageObject\",\"inLanguage\":\"fr-FR\",\"@id\":\"https:\\\/\\\/secure.gravatar.com\\\/avatar\\\/161a347d40df098a084778c52ed133dbd85f14df003867067c5948081241ec55?s=96&d=mm&r=g\",\"url\":\"https:\\\/\\\/secure.gravatar.com\\\/avatar\\\/161a347d40df098a084778c52ed133dbd85f14df003867067c5948081241ec55?s=96&d=mm&r=g\",\"contentUrl\":\"https:\\\/\\\/secure.gravatar.com\\\/avatar\\\/161a347d40df098a084778c52ed133dbd85f14df003867067c5948081241ec55?s=96&d=mm&r=g\",\"caption\":\"Firas Ben Abdeltif\"},\"url\":\"https:\\\/\\\/www.webdo.tn\\\/fr\\\/actualite\\\/author\\\/firas-ben-abdeltif\\\/\"}]}<\/script>\n<!-- \/ Yoast SEO Premium plugin. -->","yoast_head_json":{"title":"Australie : Les r\u00e9seaux sociaux bient\u00f4t interdits aux moins de 16 ans","description":"L\u2019Australie adopte une loi pionni\u00e8re interdisant les r\u00e9seaux sociaux aux moins de 16 ans. Snapchat, TikTok, Facebook, Instagram et autres sont concern\u00e9s, avec d...","canonical":"https:\/\/www.webdo.tn\/fr\/actualite\/international\/australie-les-reseaux-sociaux-bientot-interdits-aux-moins-de-16-ans\/217972\/","og_locale":"fr_FR","og_type":"article","og_title":"Australie : Les r\u00e9seaux sociaux bient\u00f4t interdits aux moins de 16 ans","og_description":"L\u2019Australie adopte une loi pionni\u00e8re interdisant les r\u00e9seaux sociaux aux moins de 16 ans. Snapchat, TikTok, Facebook, Instagram et autres sont concern\u00e9s, avec d...","og_url":"https:\/\/www.webdo.tn\/fr\/actualite\/international\/australie-les-reseaux-sociaux-bientot-interdits-aux-moins-de-16-ans\/217972\/","og_site_name":"webdo","article_publisher":"https:\/\/www.facebook.com\/webdotn","article_published_time":"2024-11-29T08:56:00+00:00","article_modified_time":"2025-05-17T20:18:47+00:00","og_image":[{"width":750,"height":400,"url":"https:\/\/www.webdo.tn\/fr\/wp-content\/uploads\/2025\/05\/99b33a05dc184c71e1c67f5db8fa68f6-2.webp","type":"image\/webp"}],"author":"Firas Ben Abdeltif","twitter_card":"summary_large_image","twitter_creator":"@webdo_tn","twitter_site":"@webdo_tn","twitter_misc":{"\u00c9crit par":"Firas Ben Abdeltif","Dur\u00e9e de lecture estim\u00e9e":"1 minute"},"schema":{"@context":"https:\/\/schema.org","@graph":[{"@type":"NewsArticle","@id":"https:\/\/www.webdo.tn\/fr\/actualite\/international\/australie-les-reseaux-sociaux-bientot-interdits-aux-moins-de-16-ans\/217972\/#article","isPartOf":{"@id":"https:\/\/www.webdo.tn\/fr\/actualite\/international\/australie-les-reseaux-sociaux-bientot-interdits-aux-moins-de-16-ans\/217972\/"},"author":{"name":"Firas Ben Abdeltif","@id":"https:\/\/www.webdo.tn\/fr\/#\/schema\/person\/19664196c9bfdcda126f3c27709f7d11"},"headline":"Australie : Les r\u00e9seaux sociaux bient\u00f4t interdits aux moins de 16 ans","datePublished":"2024-11-29T08:56:00+00:00","dateModified":"2025-05-17T20:18:47+00:00","mainEntityOfPage":{"@id":"https:\/\/www.webdo.tn\/fr\/actualite\/international\/australie-les-reseaux-sociaux-bientot-interdits-aux-moins-de-16-ans\/217972\/"},"wordCount":226,"commentCount":0,"publisher":{"@id":"https:\/\/www.webdo.tn\/fr\/#organization"},"image":{"@id":"https:\/\/www.webdo.tn\/fr\/actualite\/international\/australie-les-reseaux-sociaux-bientot-interdits-aux-moins-de-16-ans\/217972\/#primaryimage"},"thumbnailUrl":"https:\/\/www.webdo.tn\/fr\/wp-content\/uploads\/2025\/05\/99b33a05dc184c71e1c67f5db8fa68f6-2.webp","keywords":["Australie","Loi sur les r\u00e9seaux sociaux","r\u00e9seaux sociaux"],"articleSection":["International"],"inLanguage":"fr-FR"},{"@type":"WebPage","@id":"https:\/\/www.webdo.tn\/fr\/actualite\/international\/australie-les-reseaux-sociaux-bientot-interdits-aux-moins-de-16-ans\/217972\/","url":"https:\/\/www.webdo.tn\/fr\/actualite\/international\/australie-les-reseaux-sociaux-bientot-interdits-aux-moins-de-16-ans\/217972\/","name":"Australie : Les r\u00e9seaux sociaux bient\u00f4t interdits aux moins de 16 ans","isPartOf":{"@id":"https:\/\/www.webdo.tn\/fr\/#website"},"primaryImageOfPage":{"@id":"https:\/\/www.webdo.tn\/fr\/actualite\/international\/australie-les-reseaux-sociaux-bientot-interdits-aux-moins-de-16-ans\/217972\/#primaryimage"},"image":{"@id":"https:\/\/www.webdo.tn\/fr\/actualite\/international\/australie-les-reseaux-sociaux-bientot-interdits-aux-moins-de-16-ans\/217972\/#primaryimage"},"thumbnailUrl":"https:\/\/www.webdo.tn\/fr\/wp-content\/uploads\/2025\/05\/99b33a05dc184c71e1c67f5db8fa68f6-2.webp","datePublished":"2024-11-29T08:56:00+00:00","dateModified":"2025-05-17T20:18:47+00:00","description":"L\u2019Australie adopte une loi pionni\u00e8re interdisant les r\u00e9seaux sociaux aux moins de 16 ans. Snapchat, TikTok, Facebook, Instagram et autres sont concern\u00e9s, avec d...","breadcrumb":{"@id":"https:\/\/www.webdo.tn\/fr\/actualite\/international\/australie-les-reseaux-sociaux-bientot-interdits-aux-moins-de-16-ans\/217972\/#breadcrumb"},"inLanguage":"fr-FR","potentialAction":[{"@type":"ReadAction","target":["https:\/\/www.webdo.tn\/fr\/actualite\/international\/australie-les-reseaux-sociaux-bientot-interdits-aux-moins-de-16-ans\/217972\/"]}]},{"@type":"ImageObject","inLanguage":"fr-FR","@id":"https:\/\/www.webdo.tn\/fr\/actualite\/international\/australie-les-reseaux-sociaux-bientot-interdits-aux-moins-de-16-ans\/217972\/#primaryimage","url":"https:\/\/www.webdo.tn\/fr\/wp-content\/uploads\/2025\/05\/99b33a05dc184c71e1c67f5db8fa68f6-2.webp","contentUrl":"https:\/\/www.webdo.tn\/fr\/wp-content\/uploads\/2025\/05\/99b33a05dc184c71e1c67f5db8fa68f6-2.webp","width":750,"height":400},{"@type":"BreadcrumbList","@id":"https:\/\/www.webdo.tn\/fr\/actualite\/international\/australie-les-reseaux-sociaux-bientot-interdits-aux-moins-de-16-ans\/217972\/#breadcrumb","itemListElement":[{"@type":"ListItem","position":1,"name":"Accueil","item":"https:\/\/www.webdo.tn\/fr\/"},{"@type":"ListItem","position":2,"name":"Australie : Les r\u00e9seaux sociaux bient\u00f4t interdits aux moins de 16 ans"}]},{"@type":"WebSite","@id":"https:\/\/www.webdo.tn\/fr\/#website","url":"https:\/\/www.webdo.tn\/fr\/","name":"webdo","description":"Tunisie - News en Tunisie et \u00e0 l&#039;international sur Webdo.tn","publisher":{"@id":"https:\/\/www.webdo.tn\/fr\/#organization"},"potentialAction":[{"@type":"SearchAction","target":{"@type":"EntryPoint","urlTemplate":"https:\/\/www.webdo.tn\/fr\/?s={search_term_string}"},"query-input":{"@type":"PropertyValueSpecification","valueRequired":true,"valueName":"search_term_string"}}],"inLanguage":"fr-FR"},{"@type":"Organization","@id":"https:\/\/www.webdo.tn\/fr\/#organization","name":"Webdo","alternateName":"Webdo.tn","url":"https:\/\/www.webdo.tn\/fr\/","logo":{"@type":"ImageObject","inLanguage":"fr-FR","@id":"https:\/\/www.webdo.tn\/fr\/#\/schema\/logo\/image\/","url":"https:\/\/www.webdo.tn\/fr\/wp-content\/uploads\/2025\/06\/Webdo-Tunisie_168377.jpg","contentUrl":"https:\/\/www.webdo.tn\/fr\/wp-content\/uploads\/2025\/06\/Webdo-Tunisie_168377.jpg","width":301,"height":301,"caption":"Webdo"},"image":{"@id":"https:\/\/www.webdo.tn\/fr\/#\/schema\/logo\/image\/"},"sameAs":["https:\/\/www.facebook.com\/webdotn","https:\/\/x.com\/webdo_tn"],"description":"Webdo est un m\u00e9dia num\u00e9rique tunisien fond\u00e9 en 2010, sp\u00e9cialis\u00e9 dans l\u2019actualit\u00e9 nationale et internationale, l\u2019\u00e9conomie, la soci\u00e9t\u00e9 et les analyses politiques. Le site s\u2019adresse \u00e0 un large public francophone et couvre l\u2019information tunisienne en temps r\u00e9el.","email":"redac@webdo.tn","legalName":"YNJ SARL","foundingDate":"2010-09-06","numberOfEmployees":{"@type":"QuantitativeValue","minValue":"11","maxValue":"50"}},{"@type":"Person","@id":"https:\/\/www.webdo.tn\/fr\/#\/schema\/person\/19664196c9bfdcda126f3c27709f7d11","name":"Firas Ben Abdeltif","image":{"@type":"ImageObject","inLanguage":"fr-FR","@id":"https:\/\/secure.gravatar.com\/avatar\/161a347d40df098a084778c52ed133dbd85f14df003867067c5948081241ec55?s=96&d=mm&r=g","url":"https:\/\/secure.gravatar.com\/avatar\/161a347d40df098a084778c52ed133dbd85f14df003867067c5948081241ec55?s=96&d=mm&r=g","contentUrl":"https:\/\/secure.gravatar.com\/avatar\/161a347d40df098a084778c52ed133dbd85f14df003867067c5948081241ec55?s=96&d=mm&r=g","caption":"Firas Ben Abdeltif"},"url":"https:\/\/www.webdo.tn\/fr\/actualite\/author\/firas-ben-abdeltif\/"}]}},"_links":{"self":[{"href":"https:\/\/www.webdo.tn\/fr\/wp-json\/wp\/v2\/posts\/217972","targetHints":{"allow":["GET"]}}],"collection":[{"href":"https:\/\/www.webdo.tn\/fr\/wp-json\/wp\/v2\/posts"}],"about":[{"href":"https:\/\/www.webdo.tn\/fr\/wp-json\/wp\/v2\/types\/post"}],"author":[{"embeddable":true,"href":"https:\/\/www.webdo.tn\/fr\/wp-json\/wp\/v2\/users\/4779"}],"replies":[{"embeddable":true,"href":"https:\/\/www.webdo.tn\/fr\/wp-json\/wp\/v2\/comments?post=217972"}],"version-history":[{"count":0,"href":"https:\/\/www.webdo.tn\/fr\/wp-json\/wp\/v2\/posts\/217972\/revisions"}],"wp:featuredmedia":[{"embeddable":true,"href":"https:\/\/www.webdo.tn\/fr\/wp-json\/wp\/v2\/media\/243756"}],"wp:attachment":[{"href":"https:\/\/www.webdo.tn\/fr\/wp-json\/wp\/v2\/media?parent=217972"}],"wp:term":[{"taxonomy":"category","embeddable":true,"href":"https:\/\/www.webdo.tn\/fr\/wp-json\/wp\/v2\/categories?post=217972"},{"taxonomy":"post_tag","embeddable":true,"href":"https:\/\/www.webdo.tn\/fr\/wp-json\/wp\/v2\/tags?post=217972"}],"curies":[{"name":"wp","href":"https:\/\/api.w.org\/{rel}","templated":true}]}}